{"id":12304,"date":"2021-04-12T23:57:14","date_gmt":"2021-04-12T22:57:14","guid":{"rendered":"https:\/\/radioljubuski.ba\/?p=12304"},"modified":"2021-04-12T23:57:16","modified_gmt":"2021-04-12T22:57:16","slug":"strahonja-o-pobjednickom-golu-hajduka-u-puli","status":"publish","type":"post","link":"https:\/\/radioljubuski.ba\/index.php\/2021\/04\/12\/strahonja-o-pobjednickom-golu-hajduka-u-puli\/","title":{"rendered":"Strahonja o pobjedni\u010dkom golu Hajduka u Puli"},"content":{"rendered":"\n<p><strong>Su\u0111enje na utakmici Istre 1961 i Hajduka u Puli, u kojoj su gosti slavili 1:0 golom Simi\u0107a (68), u emisiji Stadion komentirao je suda\u010dki ekspert Hrvatske televizije Marijo Strahonja.<\/strong><\/p>\n\n\n\n<p>Dosta se polemiziralo o golu Hajduka, kojem je prethodila situacija kad je lopta oti\u0161la u korner. Prekr\u0161aj na\u00a0<strong>Bosan\u010di\u0107u<\/strong>?<br><br>&#8211; Na temelju ovog vi\u0111enog inserta jasno je da je bio prekr\u0161aj, vidi se povla\u010denje, apsolutno, radi se o prekr\u0161aju. Do kornera uop\u0107e nije trebalo ni do\u0107i.<br><br>Iznena\u0111uje blaga reakcija igra\u010da Istre.<br><br>&#8211; O\u010dito je to mo\u017eda malo i obmanulo suce. Napominjem, u\u0161li smo u zavr\u0161nu fazu natjecanja i suci moraju biti koncentrirani i jako fokusirani. Svaka odluka je izuzetno va\u017ena. Svaka utakmica odlu\u010duje, svaka za ne\u0161to, za ostanak, za Europu, za prvaka.<br><br>Te\u0161ko je procijeniti je li odlu\u010duju\u0107i gol regularan.<br><br>&#8211; Te\u0161ko je u gu\u017evi procijeniti. Lopta doista jest pre\u0161la gol liniju. Sjajna reakcija pomo\u0107nog suca. Glavni sudac je sa zadr\u0161kom od dvije sekunde svirao gol. Apsolutno ispravno. Je li do\u0161lo igranja rukom ili ne? Te\u0161ko je re\u0107i. Definitivno dvojbena situacija. \u010cini se da je minimalno igra\u010d igrao loptu rukom. Te\u0161ko mi je procijeniti je li promijenila smjer ili nije. VAR soba, VAR tehnologija sigurno ima alate poput na\u0161ih gdje su mogli egzaktno uo\u010diti da li je to bilo jasno i o\u010digledno. Ukoliko je bilo jasno i o\u010digledno, i ukoliko je bilo te ruke, onda ruku treba kazniti. Znamo, u pravilima igre pi\u0161e ukoliko napada\u010d namjerno ili nenamjerno igra loptu rukom pa \u010dak i ako dodirne na ovakav na\u010din i pritom postigne pogodak on ili njegov suigra\u010d, treba dosuditi izravni slobodni udarac za obrambenu mom\u010dad, a znamo da je Istra imala jednu sli\u010dnu situaciju prije nepunih mjesec dana tako da sigurno je Istra u ovom trenutku nezadovoljna ovom odlukom.<\/p>\n\n\n\n<iframe loading=\"lazy\" src=\"https:\/\/www.facebook.com\/plugins\/video.php?height=476&#038;href=https%3A%2F%2Fwww.facebook.com%2FHRTsport%2Fvideos%2F148815740419251%2F&#038;show_text=false&#038;width=476\" width=\"476\" height=\"476\" style=\"border:none;overflow:hidden\" scrolling=\"no\" frameborder=\"0\" allowfullscreen=\"true\" allow=\"autoplay; clipboard-write; encrypted-media; picture-in-picture; web-share\" allowFullScreen=\"true\"><\/iframe>\n\n\n\n<p>Izvor:hrt.hr<\/p>\n","protected":false},"excerpt":{"rendered":"<p>Su\u0111enje na utakmici Istre 1961 i Hajduka u Puli, u kojoj su gosti slavili 1:0 golom Simi\u0107a (68), u emisiji Stadion komentirao je suda\u010dki ekspert Hrvatske televizije Marijo Strahonja. Dosta se polemiziralo o golu Hajduka, kojem je prethodila situacija kad je lopta oti\u0161la u korner. Prekr\u0161aj na\u00a0Bosan\u010di\u0107u? &#8211; Na temelju ovog vi\u0111enog inserta jasno je [&hellip;]<\/p>\n","protected":false},"author":2,"featured_media":12305,"comment_status":"closed","ping_status":"closed","sticky":false,"template":"","format":"standard","meta":{"h5ap_radio_sources":[],"footnotes":""},"categories":[1],"tags":[],"class_list":["post-12304","post","type-post","status-publish","format-standard","has-post-thumbnail","hentry","category-bihiregija"],"yoast_head":"<!-- This site is optimized with the Yoast SEO plugin v27.5 - https:\/\/yoast.com\/product\/yoast-seo-wordpress\/ -->\n<title>Strahonja o pobjedni\u010dkom golu Hajduka u Puli - RADIO LJUBU\u0160KI<\/title>\n<meta name=\"robots\" content=\"index, follow, max-snippet:-1, max-image-preview:large, max-video-preview:-1\" \/>\n<link rel=\"canonical\" href=\"https:\/\/radioljubuski.ba\/index.php\/2021\/04\/12\/strahonja-o-pobjednickom-golu-hajduka-u-puli\/\" \/>\n<meta property=\"og:locale\" content=\"hr_HR\" \/>\n<meta property=\"og:type\" content=\"article\" \/>\n<meta property=\"og:title\" content=\"Strahonja o pobjedni\u010dkom golu Hajduka u Puli - RADIO LJUBU\u0160KI\" \/>\n<meta property=\"og:description\" content=\"Su\u0111enje na utakmici Istre 1961 i Hajduka u Puli, u kojoj su gosti slavili 1:0 golom Simi\u0107a (68), u emisiji Stadion komentirao je suda\u010dki ekspert Hrvatske televizije Marijo Strahonja. Dosta se polemiziralo o golu Hajduka, kojem je prethodila situacija kad je lopta oti\u0161la u korner. Prekr\u0161aj na\u00a0Bosan\u010di\u0107u? &#8211; Na temelju ovog vi\u0111enog inserta jasno je [&hellip;]\" \/>\n<meta property=\"og:url\" content=\"https:\/\/radioljubuski.ba\/index.php\/2021\/04\/12\/strahonja-o-pobjednickom-golu-hajduka-u-puli\/\" \/>\n<meta property=\"og:site_name\" content=\"RADIO LJUBU\u0160KI\" \/>\n<meta property=\"article:publisher\" content=\"https:\/\/www.facebook.com\/Radiio-Ljubuski-1490835324566332\" \/>\n<meta property=\"article:published_time\" content=\"2021-04-12T22:57:14+00:00\" \/>\n<meta property=\"article:modified_time\" content=\"2021-04-12T22:57:16+00:00\" \/>\n<meta property=\"og:image\" content=\"https:\/\/radioljubuski.ba\/wp-content\/uploads\/2021\/04\/3333-2.png\" \/>\n\t<meta property=\"og:image:width\" content=\"646\" \/>\n\t<meta property=\"og:image:height\" content=\"362\" \/>\n\t<meta property=\"og:image:type\" content=\"image\/png\" \/>\n<meta name=\"author\" content=\"Radio Ljubu\u0161ki\" \/>\n<meta name=\"twitter:card\" content=\"summary_large_image\" \/>\n<meta name=\"twitter:creator\" content=\"@radioljubuski\" \/>\n<meta name=\"twitter:site\" content=\"@radioljubuski\" \/>\n<meta name=\"twitter:label1\" content=\"Napisao\/la\" \/>\n\t<meta name=\"twitter:data1\" content=\"Radio Ljubu\u0161ki\" \/>\n\t<meta name=\"twitter:label2\" content=\"Procijenjeno vrijeme \u010ditanja\" \/>\n\t<meta name=\"twitter:data2\" content=\"2 minute\" \/>\n<script type=\"application\/ld+json\" class=\"yoast-schema-graph\">{\"@context\":\"https:\\\/\\\/schema.org\",\"@graph\":[{\"@type\":\"Article\",\"@id\":\"https:\\\/\\\/radioljubuski.ba\\\/index.php\\\/2021\\\/04\\\/12\\\/strahonja-o-pobjednickom-golu-hajduka-u-puli\\\/#article\",\"isPartOf\":{\"@id\":\"https:\\\/\\\/radioljubuski.ba\\\/index.php\\\/2021\\\/04\\\/12\\\/strahonja-o-pobjednickom-golu-hajduka-u-puli\\\/\"},\"author\":{\"name\":\"Radio Ljubu\u0161ki\",\"@id\":\"https:\\\/\\\/radioljubuski.ba\\\/#\\\/schema\\\/person\\\/19fc700381a780f69665d7956c469e3b\"},\"headline\":\"Strahonja o pobjedni\u010dkom golu Hajduka u Puli\",\"datePublished\":\"2021-04-12T22:57:14+00:00\",\"dateModified\":\"2021-04-12T22:57:16+00:00\",\"mainEntityOfPage\":{\"@id\":\"https:\\\/\\\/radioljubuski.ba\\\/index.php\\\/2021\\\/04\\\/12\\\/strahonja-o-pobjednickom-golu-hajduka-u-puli\\\/\"},\"wordCount\":338,\"publisher\":{\"@id\":\"https:\\\/\\\/radioljubuski.ba\\\/#organization\"},\"image\":{\"@id\":\"https:\\\/\\\/radioljubuski.ba\\\/index.php\\\/2021\\\/04\\\/12\\\/strahonja-o-pobjednickom-golu-hajduka-u-puli\\\/#primaryimage\"},\"thumbnailUrl\":\"https:\\\/\\\/radioljubuski.ba\\\/wp-content\\\/uploads\\\/2021\\\/04\\\/3333-2.png\",\"articleSection\":[\"BIH i regija\"],\"inLanguage\":\"hr\"},{\"@type\":\"WebPage\",\"@id\":\"https:\\\/\\\/radioljubuski.ba\\\/index.php\\\/2021\\\/04\\\/12\\\/strahonja-o-pobjednickom-golu-hajduka-u-puli\\\/\",\"url\":\"https:\\\/\\\/radioljubuski.ba\\\/index.php\\\/2021\\\/04\\\/12\\\/strahonja-o-pobjednickom-golu-hajduka-u-puli\\\/\",\"name\":\"Strahonja o pobjedni\u010dkom golu Hajduka u Puli - RADIO LJUBU\u0160KI\",\"isPartOf\":{\"@id\":\"https:\\\/\\\/radioljubuski.ba\\\/#website\"},\"primaryImageOfPage\":{\"@id\":\"https:\\\/\\\/radioljubuski.ba\\\/index.php\\\/2021\\\/04\\\/12\\\/strahonja-o-pobjednickom-golu-hajduka-u-puli\\\/#primaryimage\"},\"image\":{\"@id\":\"https:\\\/\\\/radioljubuski.ba\\\/index.php\\\/2021\\\/04\\\/12\\\/strahonja-o-pobjednickom-golu-hajduka-u-puli\\\/#primaryimage\"},\"thumbnailUrl\":\"https:\\\/\\\/radioljubuski.ba\\\/wp-content\\\/uploads\\\/2021\\\/04\\\/3333-2.png\",\"datePublished\":\"2021-04-12T22:57:14+00:00\",\"dateModified\":\"2021-04-12T22:57:16+00:00\",\"breadcrumb\":{\"@id\":\"https:\\\/\\\/radioljubuski.ba\\\/index.php\\\/2021\\\/04\\\/12\\\/strahonja-o-pobjednickom-golu-hajduka-u-puli\\\/#breadcrumb\"},\"inLanguage\":\"hr\",\"potentialAction\":[{\"@type\":\"ReadAction\",\"target\":[\"https:\\\/\\\/radioljubuski.ba\\\/index.php\\\/2021\\\/04\\\/12\\\/strahonja-o-pobjednickom-golu-hajduka-u-puli\\\/\"]}]},{\"@type\":\"ImageObject\",\"inLanguage\":\"hr\",\"@id\":\"https:\\\/\\\/radioljubuski.ba\\\/index.php\\\/2021\\\/04\\\/12\\\/strahonja-o-pobjednickom-golu-hajduka-u-puli\\\/#primaryimage\",\"url\":\"https:\\\/\\\/radioljubuski.ba\\\/wp-content\\\/uploads\\\/2021\\\/04\\\/3333-2.png\",\"contentUrl\":\"https:\\\/\\\/radioljubuski.ba\\\/wp-content\\\/uploads\\\/2021\\\/04\\\/3333-2.png\",\"width\":646,\"height\":362},{\"@type\":\"BreadcrumbList\",\"@id\":\"https:\\\/\\\/radioljubuski.ba\\\/index.php\\\/2021\\\/04\\\/12\\\/strahonja-o-pobjednickom-golu-hajduka-u-puli\\\/#breadcrumb\",\"itemListElement\":[{\"@type\":\"ListItem\",\"position\":1,\"name\":\"Po\u010detna stranica\",\"item\":\"https:\\\/\\\/radioljubuski.ba\\\/\"},{\"@type\":\"ListItem\",\"position\":2,\"name\":\"Strahonja o pobjedni\u010dkom golu Hajduka u Puli\"}]},{\"@type\":\"WebSite\",\"@id\":\"https:\\\/\\\/radioljubuski.ba\\\/#website\",\"url\":\"https:\\\/\\\/radioljubuski.ba\\\/\",\"name\":\"Radio Ljubu\u0161ki\",\"description\":\"Sun\u010dana frekvencija Hercegovine\",\"publisher\":{\"@id\":\"https:\\\/\\\/radioljubuski.ba\\\/#organization\"},\"potentialAction\":[{\"@type\":\"SearchAction\",\"target\":{\"@type\":\"EntryPoint\",\"urlTemplate\":\"https:\\\/\\\/radioljubuski.ba\\\/?s={search_term_string}\"},\"query-input\":{\"@type\":\"PropertyValueSpecification\",\"valueRequired\":true,\"valueName\":\"search_term_string\"}}],\"inLanguage\":\"hr\"},{\"@type\":\"Organization\",\"@id\":\"https:\\\/\\\/radioljubuski.ba\\\/#organization\",\"name\":\"Radio Ljubu\u0161ki\",\"url\":\"https:\\\/\\\/radioljubuski.ba\\\/\",\"logo\":{\"@type\":\"ImageObject\",\"inLanguage\":\"hr\",\"@id\":\"https:\\\/\\\/radioljubuski.ba\\\/#\\\/schema\\\/logo\\\/image\\\/\",\"url\":\"https:\\\/\\\/radioljubuski.ba\\\/wp-content\\\/uploads\\\/2021\\\/02\\\/cropped-Radio_Ljubuski_logo1.jpg\",\"contentUrl\":\"https:\\\/\\\/radioljubuski.ba\\\/wp-content\\\/uploads\\\/2021\\\/02\\\/cropped-Radio_Ljubuski_logo1.jpg\",\"width\":512,\"height\":512,\"caption\":\"Radio Ljubu\u0161ki\"},\"image\":{\"@id\":\"https:\\\/\\\/radioljubuski.ba\\\/#\\\/schema\\\/logo\\\/image\\\/\"},\"sameAs\":[\"https:\\\/\\\/www.facebook.com\\\/Radiio-Ljubuski-1490835324566332\",\"https:\\\/\\\/x.com\\\/radioljubuski\",\"https:\\\/\\\/hr.linkedin.com\\\/company\\\/radio-ljubuski\",\"https:\\\/\\\/www.youtube.com\\\/channel\\\/UCHYaeO_n0Db3tjNGudGpXyw\"]},{\"@type\":\"Person\",\"@id\":\"https:\\\/\\\/radioljubuski.ba\\\/#\\\/schema\\\/person\\\/19fc700381a780f69665d7956c469e3b\",\"name\":\"Radio Ljubu\u0161ki\"}]}<\/script>\n<!-- \/ Yoast SEO plugin. -->","yoast_head_json":{"title":"Strahonja o pobjedni\u010dkom golu Hajduka u Puli - RADIO LJUBU\u0160KI","robots":{"index":"index","follow":"follow","max-snippet":"max-snippet:-1","max-image-preview":"max-image-preview:large","max-video-preview":"max-video-preview:-1"},"canonical":"https:\/\/radioljubuski.ba\/index.php\/2021\/04\/12\/strahonja-o-pobjednickom-golu-hajduka-u-puli\/","og_locale":"hr_HR","og_type":"article","og_title":"Strahonja o pobjedni\u010dkom golu Hajduka u Puli - RADIO LJUBU\u0160KI","og_description":"Su\u0111enje na utakmici Istre 1961 i Hajduka u Puli, u kojoj su gosti slavili 1:0 golom Simi\u0107a (68), u emisiji Stadion komentirao je suda\u010dki ekspert Hrvatske televizije Marijo Strahonja. Dosta se polemiziralo o golu Hajduka, kojem je prethodila situacija kad je lopta oti\u0161la u korner. Prekr\u0161aj na\u00a0Bosan\u010di\u0107u? &#8211; Na temelju ovog vi\u0111enog inserta jasno je [&hellip;]","og_url":"https:\/\/radioljubuski.ba\/index.php\/2021\/04\/12\/strahonja-o-pobjednickom-golu-hajduka-u-puli\/","og_site_name":"RADIO LJUBU\u0160KI","article_publisher":"https:\/\/www.facebook.com\/Radiio-Ljubuski-1490835324566332","article_published_time":"2021-04-12T22:57:14+00:00","article_modified_time":"2021-04-12T22:57:16+00:00","og_image":[{"width":646,"height":362,"url":"https:\/\/radioljubuski.ba\/wp-content\/uploads\/2021\/04\/3333-2.png","type":"image\/png"}],"author":"Radio Ljubu\u0161ki","twitter_card":"summary_large_image","twitter_creator":"@radioljubuski","twitter_site":"@radioljubuski","twitter_misc":{"Napisao\/la":"Radio Ljubu\u0161ki","Procijenjeno vrijeme \u010ditanja":"2 minute"},"schema":{"@context":"https:\/\/schema.org","@graph":[{"@type":"Article","@id":"https:\/\/radioljubuski.ba\/index.php\/2021\/04\/12\/strahonja-o-pobjednickom-golu-hajduka-u-puli\/#article","isPartOf":{"@id":"https:\/\/radioljubuski.ba\/index.php\/2021\/04\/12\/strahonja-o-pobjednickom-golu-hajduka-u-puli\/"},"author":{"name":"Radio Ljubu\u0161ki","@id":"https:\/\/radioljubuski.ba\/#\/schema\/person\/19fc700381a780f69665d7956c469e3b"},"headline":"Strahonja o pobjedni\u010dkom golu Hajduka u Puli","datePublished":"2021-04-12T22:57:14+00:00","dateModified":"2021-04-12T22:57:16+00:00","mainEntityOfPage":{"@id":"https:\/\/radioljubuski.ba\/index.php\/2021\/04\/12\/strahonja-o-pobjednickom-golu-hajduka-u-puli\/"},"wordCount":338,"publisher":{"@id":"https:\/\/radioljubuski.ba\/#organization"},"image":{"@id":"https:\/\/radioljubuski.ba\/index.php\/2021\/04\/12\/strahonja-o-pobjednickom-golu-hajduka-u-puli\/#primaryimage"},"thumbnailUrl":"https:\/\/radioljubuski.ba\/wp-content\/uploads\/2021\/04\/3333-2.png","articleSection":["BIH i regija"],"inLanguage":"hr"},{"@type":"WebPage","@id":"https:\/\/radioljubuski.ba\/index.php\/2021\/04\/12\/strahonja-o-pobjednickom-golu-hajduka-u-puli\/","url":"https:\/\/radioljubuski.ba\/index.php\/2021\/04\/12\/strahonja-o-pobjednickom-golu-hajduka-u-puli\/","name":"Strahonja o pobjedni\u010dkom golu Hajduka u Puli - RADIO LJUBU\u0160KI","isPartOf":{"@id":"https:\/\/radioljubuski.ba\/#website"},"primaryImageOfPage":{"@id":"https:\/\/radioljubuski.ba\/index.php\/2021\/04\/12\/strahonja-o-pobjednickom-golu-hajduka-u-puli\/#primaryimage"},"image":{"@id":"https:\/\/radioljubuski.ba\/index.php\/2021\/04\/12\/strahonja-o-pobjednickom-golu-hajduka-u-puli\/#primaryimage"},"thumbnailUrl":"https:\/\/radioljubuski.ba\/wp-content\/uploads\/2021\/04\/3333-2.png","datePublished":"2021-04-12T22:57:14+00:00","dateModified":"2021-04-12T22:57:16+00:00","breadcrumb":{"@id":"https:\/\/radioljubuski.ba\/index.php\/2021\/04\/12\/strahonja-o-pobjednickom-golu-hajduka-u-puli\/#breadcrumb"},"inLanguage":"hr","potentialAction":[{"@type":"ReadAction","target":["https:\/\/radioljubuski.ba\/index.php\/2021\/04\/12\/strahonja-o-pobjednickom-golu-hajduka-u-puli\/"]}]},{"@type":"ImageObject","inLanguage":"hr","@id":"https:\/\/radioljubuski.ba\/index.php\/2021\/04\/12\/strahonja-o-pobjednickom-golu-hajduka-u-puli\/#primaryimage","url":"https:\/\/radioljubuski.ba\/wp-content\/uploads\/2021\/04\/3333-2.png","contentUrl":"https:\/\/radioljubuski.ba\/wp-content\/uploads\/2021\/04\/3333-2.png","width":646,"height":362},{"@type":"BreadcrumbList","@id":"https:\/\/radioljubuski.ba\/index.php\/2021\/04\/12\/strahonja-o-pobjednickom-golu-hajduka-u-puli\/#breadcrumb","itemListElement":[{"@type":"ListItem","position":1,"name":"Po\u010detna stranica","item":"https:\/\/radioljubuski.ba\/"},{"@type":"ListItem","position":2,"name":"Strahonja o pobjedni\u010dkom golu Hajduka u Puli"}]},{"@type":"WebSite","@id":"https:\/\/radioljubuski.ba\/#website","url":"https:\/\/radioljubuski.ba\/","name":"Radio Ljubu\u0161ki","description":"Sun\u010dana frekvencija Hercegovine","publisher":{"@id":"https:\/\/radioljubuski.ba\/#organization"},"potentialAction":[{"@type":"SearchAction","target":{"@type":"EntryPoint","urlTemplate":"https:\/\/radioljubuski.ba\/?s={search_term_string}"},"query-input":{"@type":"PropertyValueSpecification","valueRequired":true,"valueName":"search_term_string"}}],"inLanguage":"hr"},{"@type":"Organization","@id":"https:\/\/radioljubuski.ba\/#organization","name":"Radio Ljubu\u0161ki","url":"https:\/\/radioljubuski.ba\/","logo":{"@type":"ImageObject","inLanguage":"hr","@id":"https:\/\/radioljubuski.ba\/#\/schema\/logo\/image\/","url":"https:\/\/radioljubuski.ba\/wp-content\/uploads\/2021\/02\/cropped-Radio_Ljubuski_logo1.jpg","contentUrl":"https:\/\/radioljubuski.ba\/wp-content\/uploads\/2021\/02\/cropped-Radio_Ljubuski_logo1.jpg","width":512,"height":512,"caption":"Radio Ljubu\u0161ki"},"image":{"@id":"https:\/\/radioljubuski.ba\/#\/schema\/logo\/image\/"},"sameAs":["https:\/\/www.facebook.com\/Radiio-Ljubuski-1490835324566332","https:\/\/x.com\/radioljubuski","https:\/\/hr.linkedin.com\/company\/radio-ljubuski","https:\/\/www.youtube.com\/channel\/UCHYaeO_n0Db3tjNGudGpXyw"]},{"@type":"Person","@id":"https:\/\/radioljubuski.ba\/#\/schema\/person\/19fc700381a780f69665d7956c469e3b","name":"Radio Ljubu\u0161ki"}]}},"_links":{"self":[{"href":"https:\/\/radioljubuski.ba\/index.php\/wp-json\/wp\/v2\/posts\/12304","targetHints":{"allow":["GET"]}}],"collection":[{"href":"https:\/\/radioljubuski.ba\/index.php\/wp-json\/wp\/v2\/posts"}],"about":[{"href":"https:\/\/radioljubuski.ba\/index.php\/wp-json\/wp\/v2\/types\/post"}],"author":[{"embeddable":true,"href":"https:\/\/radioljubuski.ba\/index.php\/wp-json\/wp\/v2\/users\/2"}],"replies":[{"embeddable":true,"href":"https:\/\/radioljubuski.ba\/index.php\/wp-json\/wp\/v2\/comments?post=12304"}],"version-history":[{"count":1,"href":"https:\/\/radioljubuski.ba\/index.php\/wp-json\/wp\/v2\/posts\/12304\/revisions"}],"predecessor-version":[{"id":12306,"href":"https:\/\/radioljubuski.ba\/index.php\/wp-json\/wp\/v2\/posts\/12304\/revisions\/12306"}],"wp:featuredmedia":[{"embeddable":true,"href":"https:\/\/radioljubuski.ba\/index.php\/wp-json\/wp\/v2\/media\/12305"}],"wp:attachment":[{"href":"https:\/\/radioljubuski.ba\/index.php\/wp-json\/wp\/v2\/media?parent=12304"}],"wp:term":[{"taxonomy":"category","embeddable":true,"href":"https:\/\/radioljubuski.ba\/index.php\/wp-json\/wp\/v2\/categories?post=12304"},{"taxonomy":"post_tag","embeddable":true,"href":"https:\/\/radioljubuski.ba\/index.php\/wp-json\/wp\/v2\/tags?post=12304"}],"curies":[{"name":"wp","href":"https:\/\/api.w.org\/{rel}","templated":true}]}}