{"id":12313,"date":"2021-04-13T00:02:24","date_gmt":"2021-04-12T23:02:24","guid":{"rendered":"https:\/\/radioljubuski.ba\/?p=12313"},"modified":"2021-04-13T00:02:24","modified_gmt":"2021-04-12T23:02:24","slug":"smijete-li-piti-andol-i-aspirin-nakon-cijepljenja-astrazenecom","status":"publish","type":"post","link":"https:\/\/radioljubuski.ba\/index.php\/2021\/04\/13\/smijete-li-piti-andol-i-aspirin-nakon-cijepljenja-astrazenecom\/","title":{"rendered":"Smijete li piti Andol i Aspirin nakon cijepljenja AstraZenecom?"},"content":{"rendered":"\n<p>Premda je pojava krvnih ugru\u0161aka kao nuspojava cijepljenja AstraZenecom jo\u0161 uvijek u kategoriji iznimno rijetkih te je po podacima EMA-e opisana u tek 222 slu\u010daja me\u0111u 34 milijuna cijepljenih ljudi i tako predstavlja tisu\u0107ama puta manji rizik od zaraze samim koronavirusom, u lije\u010dni\u010dkoj struci i javnosti intenzivno se raspravlja o prepisivanju Andola ili Aspirina nakon cijepljenja da bi se smanjila mogu\u0107nost tromboze.<\/p>\n\n\n\n<p>Slu\u017ebeni stru\u010dni naputci Hrvatskog zavoda za javno zdravstvo na ovu temu jo\u0161 uvijek ne postoje, kao ni preporuke, no poznato je da neki lije\u010dnici svojim pacijentima nakon cijepljenja savjetuju manje doze lijekova koji sadr\u017ee acetilsalicilnu kiselinu, dakle one iz \u2018obitelji\u2019 Andola ili Aspirina.<\/p>\n\n\n\n<p>Splitska lije\u010dnica Vedrana Burilovi\u0107, specijalistica transfuzijske medicine koja na Kardiokirurgiji KBC-a Split vodi ambulantu za poreme\u0107aje hemostaze i tromboze, za tportal ka\u017ee da ne vidi veliku \u0161tetu od takvog poteza.<\/p>\n\n\n\n<p>Ali, nagla\u0161ava, pod uvjetom da se osobe prethodno savjetuju s lije\u010dnicima, prije svega onima obiteljske medicine, koji poznaju njihovo zdravstveno stanje i eventualnu povijest bolesti.<\/p>\n\n\n\n<p>Maksimalno 100 miligrama jednom dnevno<\/p>\n\n\n\n<p>\u201cPacijentima koji nisu na kontinuiranoj antiagregatnoj ili koagulantnoj terapiji osobno preporu\u010dujem da od dana kada se cijepe uzmu Andol ili Aspirin na dvadesetak ili mjesec dana, jer eventualna \u0161teta od toga znatno je manja nego u situaciji kada nisu za\u0161ti\u0107eni\u201d, rekla je dr. Burilovi\u0107.<\/p>\n\n\n\n<p>Ovakav stav nipo\u0161to ne zna\u010di da se nakon cijepljenja ljudi trebaju nekontrolirano i neumjereno baciti na spomenute lijekove. Dapa\u010de: kao maksimalnu dozu ona preporu\u010duje 100 miligrama jednom dnevno, uz savjet lije\u010dnika i pod uvjetom da ne postoje stanja na koja bi to moglo utjecati, poput \u010dira na \u017eelucu. Dr. Burilovi\u0107 objasnila nam je svoju tezu koja, istina, u praksi jo\u0161 uvijek nije slu\u017ebena.<\/p>\n\n\n\n<p>Dakle krvni ugru\u0161ci nastaju tako \u0161to se o\u0161teti stijenka krvne \u017eile i aktiviraju se trombociti koji se tu \u2018lijepe\u2019, no ugru\u0161ak nije stabilan dok se ne aktiviraju faktori koagulacije.<\/p>\n\n\n\n<p>Osobe koje ve\u0107 imaju hiperagregabilno i hiperkoagulabilno stanje nalaze se pod terapijom i ve\u0107 su prakti\u010dki za\u0161ti\u0107ene od nuspojava cjepiva, no oni koji ne znaju da imaju problem ne\u0161to su izlo\u017eeniji. AstraZeneca je vektorsko cjepivo, poput onih na\u0161ih \u201cklasi\u010dnih\u201d, koje kod pojedinaca mo\u017ee izazvati slabiji oblik bolesti, a covid-19 je bolest koja o\u0161te\u0107uje upravo endotel, obja\u0161njava ova splitska lije\u010dnica.<\/p>\n\n\n\n<p>Ako imate \u010dir na \u017eelucu, oprez<\/p>\n\n\n\n<p>\u201cDakle ne vidim veliku \u0161tetu od dvadesetak ili trideset dana uzimanja Andola ili Aspirina, no pacijenti moraju znati jesu li ranije uzimali lijekove iz te skupine i jesu li imali kakve nuspojave ili alergije, a posebno oprezni moraju biti bolesnici s o\u0161te\u0107enim gastrointestinalnim sustavom, odnosno \u010dirom na \u017eelucu koji bi mogao prokrvariti. Postoje i ljudi koji iz drugih razloga imaju sni\u017een broj trombocita i koji tako\u0111er mogu prokrvariti. Stoga su lije\u010dnici, posebno oni obiteljske medicine, najkompetentniji za prosudbu\u201d, pojasnila je dr. Burilovi\u0107.<\/p>\n\n\n\n<p>Aspirinom ili Andolom mogao bi se sprije\u010diti prvi korak u stvaranju krvnih ugru\u0161aka ako ve\u0107 postoji opasnost da cjepivo AstraZenece izazove ve\u0107u imunolo\u0161ku reakciju i o\u0161teti endotel.<\/p>\n\n\n\n<p>\u201cAko neka osoba genetski ima poreme\u0107ene faktore koagulacije, u tom slu\u010daju ovi lijekovi naj\u010de\u0161\u0107e ionako nisu dovoljni, ve\u0107 slijedi terapija antikoagulansima\u201d, ka\u017ee dr. Burilovi\u0107.<\/p>\n\n\n\n<p>Njen zaklju\u010dak zapravo je jednostavan: ako je cijepljena osoba ve\u0107 ranije uzimala Aspirin ili Andol, ako ima normalnu krvnu sliku i broj trombocita te ukoliko ne boluje od drugih bolesti ili nema \u010dir na \u017eelucu \u2013 uz savjetovanje sa svojim lije\u010dnikom, mala doza ovih lijekova ne bi trebala \u0161koditi.<\/p>\n\n\n\n<p>U slu\u017ebenoj literaturi nema ovog stava, ali u praksi je itekako prisutan.<\/p>\n\n\n\n<p>Izvor:N1<\/p>\n","protected":false},"excerpt":{"rendered":"<p>Premda je pojava krvnih ugru\u0161aka kao nuspojava cijepljenja AstraZenecom jo\u0161 uvijek u kategoriji iznimno rijetkih te je po podacima EMA-e opisana u tek 222 slu\u010daja me\u0111u 34 milijuna cijepljenih ljudi i tako predstavlja tisu\u0107ama puta manji rizik od zaraze samim koronavirusom, u lije\u010dni\u010dkoj struci i javnosti intenzivno se raspravlja o prepisivanju Andola ili Aspirina nakon [&hellip;]<\/p>\n","protected":false},"author":2,"featured_media":12314,"comment_status":"closed","ping_status":"closed","sticky":false,"template":"","format":"standard","meta":{"h5ap_radio_sources":[],"footnotes":""},"categories":[1],"tags":[],"class_list":["post-12313","post","type-post","status-publish","format-standard","has-post-thumbnail","hentry","category-bihiregija"],"yoast_head":"<!-- This site is optimized with the Yoast SEO plugin v27.5 - https:\/\/yoast.com\/product\/yoast-seo-wordpress\/ -->\n<title>Smijete li piti Andol i Aspirin nakon cijepljenja AstraZenecom? - RADIO LJUBU\u0160KI<\/title>\n<meta name=\"robots\" content=\"index, follow, max-snippet:-1, max-image-preview:large, max-video-preview:-1\" \/>\n<link rel=\"canonical\" href=\"https:\/\/radioljubuski.ba\/index.php\/2021\/04\/13\/smijete-li-piti-andol-i-aspirin-nakon-cijepljenja-astrazenecom\/\" \/>\n<meta property=\"og:locale\" content=\"hr_HR\" \/>\n<meta property=\"og:type\" content=\"article\" \/>\n<meta property=\"og:title\" content=\"Smijete li piti Andol i Aspirin nakon cijepljenja AstraZenecom? - RADIO LJUBU\u0160KI\" \/>\n<meta property=\"og:description\" content=\"Premda je pojava krvnih ugru\u0161aka kao nuspojava cijepljenja AstraZenecom jo\u0161 uvijek u kategoriji iznimno rijetkih te je po podacima EMA-e opisana u tek 222 slu\u010daja me\u0111u 34 milijuna cijepljenih ljudi i tako predstavlja tisu\u0107ama puta manji rizik od zaraze samim koronavirusom, u lije\u010dni\u010dkoj struci i javnosti intenzivno se raspravlja o prepisivanju Andola ili Aspirina nakon [&hellip;]\" \/>\n<meta property=\"og:url\" content=\"https:\/\/radioljubuski.ba\/index.php\/2021\/04\/13\/smijete-li-piti-andol-i-aspirin-nakon-cijepljenja-astrazenecom\/\" \/>\n<meta property=\"og:site_name\" content=\"RADIO LJUBU\u0160KI\" \/>\n<meta property=\"article:publisher\" content=\"https:\/\/www.facebook.com\/Radiio-Ljubuski-1490835324566332\" \/>\n<meta property=\"article:published_time\" content=\"2021-04-12T23:02:24+00:00\" \/>\n<meta property=\"og:image\" content=\"https:\/\/radioljubuski.ba\/wp-content\/uploads\/2021\/04\/9-2021-04-12-17-15-38-astic1.jpg\" \/>\n\t<meta property=\"og:image:width\" content=\"1000\" \/>\n\t<meta property=\"og:image:height\" content=\"625\" \/>\n\t<meta property=\"og:image:type\" content=\"image\/jpeg\" \/>\n<meta name=\"author\" content=\"Radio Ljubu\u0161ki\" \/>\n<meta name=\"twitter:card\" content=\"summary_large_image\" \/>\n<meta name=\"twitter:creator\" content=\"@radioljubuski\" \/>\n<meta name=\"twitter:site\" content=\"@radioljubuski\" \/>\n<meta name=\"twitter:label1\" content=\"Napisao\/la\" \/>\n\t<meta name=\"twitter:data1\" content=\"Radio Ljubu\u0161ki\" \/>\n\t<meta name=\"twitter:label2\" content=\"Procijenjeno vrijeme \u010ditanja\" \/>\n\t<meta name=\"twitter:data2\" content=\"3 minute\" \/>\n<script type=\"application\/ld+json\" class=\"yoast-schema-graph\">{\"@context\":\"https:\\\/\\\/schema.org\",\"@graph\":[{\"@type\":\"Article\",\"@id\":\"https:\\\/\\\/radioljubuski.ba\\\/index.php\\\/2021\\\/04\\\/13\\\/smijete-li-piti-andol-i-aspirin-nakon-cijepljenja-astrazenecom\\\/#article\",\"isPartOf\":{\"@id\":\"https:\\\/\\\/radioljubuski.ba\\\/index.php\\\/2021\\\/04\\\/13\\\/smijete-li-piti-andol-i-aspirin-nakon-cijepljenja-astrazenecom\\\/\"},\"author\":{\"name\":\"Radio Ljubu\u0161ki\",\"@id\":\"https:\\\/\\\/radioljubuski.ba\\\/#\\\/schema\\\/person\\\/19fc700381a780f69665d7956c469e3b\"},\"headline\":\"Smijete li piti Andol i Aspirin nakon cijepljenja AstraZenecom?\",\"datePublished\":\"2021-04-12T23:02:24+00:00\",\"mainEntityOfPage\":{\"@id\":\"https:\\\/\\\/radioljubuski.ba\\\/index.php\\\/2021\\\/04\\\/13\\\/smijete-li-piti-andol-i-aspirin-nakon-cijepljenja-astrazenecom\\\/\"},\"wordCount\":624,\"publisher\":{\"@id\":\"https:\\\/\\\/radioljubuski.ba\\\/#organization\"},\"image\":{\"@id\":\"https:\\\/\\\/radioljubuski.ba\\\/index.php\\\/2021\\\/04\\\/13\\\/smijete-li-piti-andol-i-aspirin-nakon-cijepljenja-astrazenecom\\\/#primaryimage\"},\"thumbnailUrl\":\"https:\\\/\\\/radioljubuski.ba\\\/wp-content\\\/uploads\\\/2021\\\/04\\\/9-2021-04-12-17-15-38-astic1.jpg\",\"articleSection\":[\"BIH i regija\"],\"inLanguage\":\"hr\"},{\"@type\":\"WebPage\",\"@id\":\"https:\\\/\\\/radioljubuski.ba\\\/index.php\\\/2021\\\/04\\\/13\\\/smijete-li-piti-andol-i-aspirin-nakon-cijepljenja-astrazenecom\\\/\",\"url\":\"https:\\\/\\\/radioljubuski.ba\\\/index.php\\\/2021\\\/04\\\/13\\\/smijete-li-piti-andol-i-aspirin-nakon-cijepljenja-astrazenecom\\\/\",\"name\":\"Smijete li piti Andol i Aspirin nakon cijepljenja AstraZenecom? - RADIO LJUBU\u0160KI\",\"isPartOf\":{\"@id\":\"https:\\\/\\\/radioljubuski.ba\\\/#website\"},\"primaryImageOfPage\":{\"@id\":\"https:\\\/\\\/radioljubuski.ba\\\/index.php\\\/2021\\\/04\\\/13\\\/smijete-li-piti-andol-i-aspirin-nakon-cijepljenja-astrazenecom\\\/#primaryimage\"},\"image\":{\"@id\":\"https:\\\/\\\/radioljubuski.ba\\\/index.php\\\/2021\\\/04\\\/13\\\/smijete-li-piti-andol-i-aspirin-nakon-cijepljenja-astrazenecom\\\/#primaryimage\"},\"thumbnailUrl\":\"https:\\\/\\\/radioljubuski.ba\\\/wp-content\\\/uploads\\\/2021\\\/04\\\/9-2021-04-12-17-15-38-astic1.jpg\",\"datePublished\":\"2021-04-12T23:02:24+00:00\",\"breadcrumb\":{\"@id\":\"https:\\\/\\\/radioljubuski.ba\\\/index.php\\\/2021\\\/04\\\/13\\\/smijete-li-piti-andol-i-aspirin-nakon-cijepljenja-astrazenecom\\\/#breadcrumb\"},\"inLanguage\":\"hr\",\"potentialAction\":[{\"@type\":\"ReadAction\",\"target\":[\"https:\\\/\\\/radioljubuski.ba\\\/index.php\\\/2021\\\/04\\\/13\\\/smijete-li-piti-andol-i-aspirin-nakon-cijepljenja-astrazenecom\\\/\"]}]},{\"@type\":\"ImageObject\",\"inLanguage\":\"hr\",\"@id\":\"https:\\\/\\\/radioljubuski.ba\\\/index.php\\\/2021\\\/04\\\/13\\\/smijete-li-piti-andol-i-aspirin-nakon-cijepljenja-astrazenecom\\\/#primaryimage\",\"url\":\"https:\\\/\\\/radioljubuski.ba\\\/wp-content\\\/uploads\\\/2021\\\/04\\\/9-2021-04-12-17-15-38-astic1.jpg\",\"contentUrl\":\"https:\\\/\\\/radioljubuski.ba\\\/wp-content\\\/uploads\\\/2021\\\/04\\\/9-2021-04-12-17-15-38-astic1.jpg\",\"width\":1000,\"height\":625},{\"@type\":\"BreadcrumbList\",\"@id\":\"https:\\\/\\\/radioljubuski.ba\\\/index.php\\\/2021\\\/04\\\/13\\\/smijete-li-piti-andol-i-aspirin-nakon-cijepljenja-astrazenecom\\\/#breadcrumb\",\"itemListElement\":[{\"@type\":\"ListItem\",\"position\":1,\"name\":\"Po\u010detna stranica\",\"item\":\"https:\\\/\\\/radioljubuski.ba\\\/\"},{\"@type\":\"ListItem\",\"position\":2,\"name\":\"Smijete li piti Andol i Aspirin nakon cijepljenja AstraZenecom?\"}]},{\"@type\":\"WebSite\",\"@id\":\"https:\\\/\\\/radioljubuski.ba\\\/#website\",\"url\":\"https:\\\/\\\/radioljubuski.ba\\\/\",\"name\":\"Radio Ljubu\u0161ki\",\"description\":\"Sun\u010dana frekvencija Hercegovine\",\"publisher\":{\"@id\":\"https:\\\/\\\/radioljubuski.ba\\\/#organization\"},\"potentialAction\":[{\"@type\":\"SearchAction\",\"target\":{\"@type\":\"EntryPoint\",\"urlTemplate\":\"https:\\\/\\\/radioljubuski.ba\\\/?s={search_term_string}\"},\"query-input\":{\"@type\":\"PropertyValueSpecification\",\"valueRequired\":true,\"valueName\":\"search_term_string\"}}],\"inLanguage\":\"hr\"},{\"@type\":\"Organization\",\"@id\":\"https:\\\/\\\/radioljubuski.ba\\\/#organization\",\"name\":\"Radio Ljubu\u0161ki\",\"url\":\"https:\\\/\\\/radioljubuski.ba\\\/\",\"logo\":{\"@type\":\"ImageObject\",\"inLanguage\":\"hr\",\"@id\":\"https:\\\/\\\/radioljubuski.ba\\\/#\\\/schema\\\/logo\\\/image\\\/\",\"url\":\"https:\\\/\\\/radioljubuski.ba\\\/wp-content\\\/uploads\\\/2021\\\/02\\\/cropped-Radio_Ljubuski_logo1.jpg\",\"contentUrl\":\"https:\\\/\\\/radioljubuski.ba\\\/wp-content\\\/uploads\\\/2021\\\/02\\\/cropped-Radio_Ljubuski_logo1.jpg\",\"width\":512,\"height\":512,\"caption\":\"Radio Ljubu\u0161ki\"},\"image\":{\"@id\":\"https:\\\/\\\/radioljubuski.ba\\\/#\\\/schema\\\/logo\\\/image\\\/\"},\"sameAs\":[\"https:\\\/\\\/www.facebook.com\\\/Radiio-Ljubuski-1490835324566332\",\"https:\\\/\\\/x.com\\\/radioljubuski\",\"https:\\\/\\\/hr.linkedin.com\\\/company\\\/radio-ljubuski\",\"https:\\\/\\\/www.youtube.com\\\/channel\\\/UCHYaeO_n0Db3tjNGudGpXyw\"]},{\"@type\":\"Person\",\"@id\":\"https:\\\/\\\/radioljubuski.ba\\\/#\\\/schema\\\/person\\\/19fc700381a780f69665d7956c469e3b\",\"name\":\"Radio Ljubu\u0161ki\"}]}<\/script>\n<!-- \/ Yoast SEO plugin. -->","yoast_head_json":{"title":"Smijete li piti Andol i Aspirin nakon cijepljenja AstraZenecom? - RADIO LJUBU\u0160KI","robots":{"index":"index","follow":"follow","max-snippet":"max-snippet:-1","max-image-preview":"max-image-preview:large","max-video-preview":"max-video-preview:-1"},"canonical":"https:\/\/radioljubuski.ba\/index.php\/2021\/04\/13\/smijete-li-piti-andol-i-aspirin-nakon-cijepljenja-astrazenecom\/","og_locale":"hr_HR","og_type":"article","og_title":"Smijete li piti Andol i Aspirin nakon cijepljenja AstraZenecom? - RADIO LJUBU\u0160KI","og_description":"Premda je pojava krvnih ugru\u0161aka kao nuspojava cijepljenja AstraZenecom jo\u0161 uvijek u kategoriji iznimno rijetkih te je po podacima EMA-e opisana u tek 222 slu\u010daja me\u0111u 34 milijuna cijepljenih ljudi i tako predstavlja tisu\u0107ama puta manji rizik od zaraze samim koronavirusom, u lije\u010dni\u010dkoj struci i javnosti intenzivno se raspravlja o prepisivanju Andola ili Aspirina nakon [&hellip;]","og_url":"https:\/\/radioljubuski.ba\/index.php\/2021\/04\/13\/smijete-li-piti-andol-i-aspirin-nakon-cijepljenja-astrazenecom\/","og_site_name":"RADIO LJUBU\u0160KI","article_publisher":"https:\/\/www.facebook.com\/Radiio-Ljubuski-1490835324566332","article_published_time":"2021-04-12T23:02:24+00:00","og_image":[{"width":1000,"height":625,"url":"https:\/\/radioljubuski.ba\/wp-content\/uploads\/2021\/04\/9-2021-04-12-17-15-38-astic1.jpg","type":"image\/jpeg"}],"author":"Radio Ljubu\u0161ki","twitter_card":"summary_large_image","twitter_creator":"@radioljubuski","twitter_site":"@radioljubuski","twitter_misc":{"Napisao\/la":"Radio Ljubu\u0161ki","Procijenjeno vrijeme \u010ditanja":"3 minute"},"schema":{"@context":"https:\/\/schema.org","@graph":[{"@type":"Article","@id":"https:\/\/radioljubuski.ba\/index.php\/2021\/04\/13\/smijete-li-piti-andol-i-aspirin-nakon-cijepljenja-astrazenecom\/#article","isPartOf":{"@id":"https:\/\/radioljubuski.ba\/index.php\/2021\/04\/13\/smijete-li-piti-andol-i-aspirin-nakon-cijepljenja-astrazenecom\/"},"author":{"name":"Radio Ljubu\u0161ki","@id":"https:\/\/radioljubuski.ba\/#\/schema\/person\/19fc700381a780f69665d7956c469e3b"},"headline":"Smijete li piti Andol i Aspirin nakon cijepljenja AstraZenecom?","datePublished":"2021-04-12T23:02:24+00:00","mainEntityOfPage":{"@id":"https:\/\/radioljubuski.ba\/index.php\/2021\/04\/13\/smijete-li-piti-andol-i-aspirin-nakon-cijepljenja-astrazenecom\/"},"wordCount":624,"publisher":{"@id":"https:\/\/radioljubuski.ba\/#organization"},"image":{"@id":"https:\/\/radioljubuski.ba\/index.php\/2021\/04\/13\/smijete-li-piti-andol-i-aspirin-nakon-cijepljenja-astrazenecom\/#primaryimage"},"thumbnailUrl":"https:\/\/radioljubuski.ba\/wp-content\/uploads\/2021\/04\/9-2021-04-12-17-15-38-astic1.jpg","articleSection":["BIH i regija"],"inLanguage":"hr"},{"@type":"WebPage","@id":"https:\/\/radioljubuski.ba\/index.php\/2021\/04\/13\/smijete-li-piti-andol-i-aspirin-nakon-cijepljenja-astrazenecom\/","url":"https:\/\/radioljubuski.ba\/index.php\/2021\/04\/13\/smijete-li-piti-andol-i-aspirin-nakon-cijepljenja-astrazenecom\/","name":"Smijete li piti Andol i Aspirin nakon cijepljenja AstraZenecom? - RADIO LJUBU\u0160KI","isPartOf":{"@id":"https:\/\/radioljubuski.ba\/#website"},"primaryImageOfPage":{"@id":"https:\/\/radioljubuski.ba\/index.php\/2021\/04\/13\/smijete-li-piti-andol-i-aspirin-nakon-cijepljenja-astrazenecom\/#primaryimage"},"image":{"@id":"https:\/\/radioljubuski.ba\/index.php\/2021\/04\/13\/smijete-li-piti-andol-i-aspirin-nakon-cijepljenja-astrazenecom\/#primaryimage"},"thumbnailUrl":"https:\/\/radioljubuski.ba\/wp-content\/uploads\/2021\/04\/9-2021-04-12-17-15-38-astic1.jpg","datePublished":"2021-04-12T23:02:24+00:00","breadcrumb":{"@id":"https:\/\/radioljubuski.ba\/index.php\/2021\/04\/13\/smijete-li-piti-andol-i-aspirin-nakon-cijepljenja-astrazenecom\/#breadcrumb"},"inLanguage":"hr","potentialAction":[{"@type":"ReadAction","target":["https:\/\/radioljubuski.ba\/index.php\/2021\/04\/13\/smijete-li-piti-andol-i-aspirin-nakon-cijepljenja-astrazenecom\/"]}]},{"@type":"ImageObject","inLanguage":"hr","@id":"https:\/\/radioljubuski.ba\/index.php\/2021\/04\/13\/smijete-li-piti-andol-i-aspirin-nakon-cijepljenja-astrazenecom\/#primaryimage","url":"https:\/\/radioljubuski.ba\/wp-content\/uploads\/2021\/04\/9-2021-04-12-17-15-38-astic1.jpg","contentUrl":"https:\/\/radioljubuski.ba\/wp-content\/uploads\/2021\/04\/9-2021-04-12-17-15-38-astic1.jpg","width":1000,"height":625},{"@type":"BreadcrumbList","@id":"https:\/\/radioljubuski.ba\/index.php\/2021\/04\/13\/smijete-li-piti-andol-i-aspirin-nakon-cijepljenja-astrazenecom\/#breadcrumb","itemListElement":[{"@type":"ListItem","position":1,"name":"Po\u010detna stranica","item":"https:\/\/radioljubuski.ba\/"},{"@type":"ListItem","position":2,"name":"Smijete li piti Andol i Aspirin nakon cijepljenja AstraZenecom?"}]},{"@type":"WebSite","@id":"https:\/\/radioljubuski.ba\/#website","url":"https:\/\/radioljubuski.ba\/","name":"Radio Ljubu\u0161ki","description":"Sun\u010dana frekvencija Hercegovine","publisher":{"@id":"https:\/\/radioljubuski.ba\/#organization"},"potentialAction":[{"@type":"SearchAction","target":{"@type":"EntryPoint","urlTemplate":"https:\/\/radioljubuski.ba\/?s={search_term_string}"},"query-input":{"@type":"PropertyValueSpecification","valueRequired":true,"valueName":"search_term_string"}}],"inLanguage":"hr"},{"@type":"Organization","@id":"https:\/\/radioljubuski.ba\/#organization","name":"Radio Ljubu\u0161ki","url":"https:\/\/radioljubuski.ba\/","logo":{"@type":"ImageObject","inLanguage":"hr","@id":"https:\/\/radioljubuski.ba\/#\/schema\/logo\/image\/","url":"https:\/\/radioljubuski.ba\/wp-content\/uploads\/2021\/02\/cropped-Radio_Ljubuski_logo1.jpg","contentUrl":"https:\/\/radioljubuski.ba\/wp-content\/uploads\/2021\/02\/cropped-Radio_Ljubuski_logo1.jpg","width":512,"height":512,"caption":"Radio Ljubu\u0161ki"},"image":{"@id":"https:\/\/radioljubuski.ba\/#\/schema\/logo\/image\/"},"sameAs":["https:\/\/www.facebook.com\/Radiio-Ljubuski-1490835324566332","https:\/\/x.com\/radioljubuski","https:\/\/hr.linkedin.com\/company\/radio-ljubuski","https:\/\/www.youtube.com\/channel\/UCHYaeO_n0Db3tjNGudGpXyw"]},{"@type":"Person","@id":"https:\/\/radioljubuski.ba\/#\/schema\/person\/19fc700381a780f69665d7956c469e3b","name":"Radio Ljubu\u0161ki"}]}},"_links":{"self":[{"href":"https:\/\/radioljubuski.ba\/index.php\/wp-json\/wp\/v2\/posts\/12313","targetHints":{"allow":["GET"]}}],"collection":[{"href":"https:\/\/radioljubuski.ba\/index.php\/wp-json\/wp\/v2\/posts"}],"about":[{"href":"https:\/\/radioljubuski.ba\/index.php\/wp-json\/wp\/v2\/types\/post"}],"author":[{"embeddable":true,"href":"https:\/\/radioljubuski.ba\/index.php\/wp-json\/wp\/v2\/users\/2"}],"replies":[{"embeddable":true,"href":"https:\/\/radioljubuski.ba\/index.php\/wp-json\/wp\/v2\/comments?post=12313"}],"version-history":[{"count":1,"href":"https:\/\/radioljubuski.ba\/index.php\/wp-json\/wp\/v2\/posts\/12313\/revisions"}],"predecessor-version":[{"id":12315,"href":"https:\/\/radioljubuski.ba\/index.php\/wp-json\/wp\/v2\/posts\/12313\/revisions\/12315"}],"wp:featuredmedia":[{"embeddable":true,"href":"https:\/\/radioljubuski.ba\/index.php\/wp-json\/wp\/v2\/media\/12314"}],"wp:attachment":[{"href":"https:\/\/radioljubuski.ba\/index.php\/wp-json\/wp\/v2\/media?parent=12313"}],"wp:term":[{"taxonomy":"category","embeddable":true,"href":"https:\/\/radioljubuski.ba\/index.php\/wp-json\/wp\/v2\/categories?post=12313"},{"taxonomy":"post_tag","embeddable":true,"href":"https:\/\/radioljubuski.ba\/index.php\/wp-json\/wp\/v2\/tags?post=12313"}],"curies":[{"name":"wp","href":"https:\/\/api.w.org\/{rel}","templated":true}]}}