{"id":12352,"date":"2021-04-13T00:36:39","date_gmt":"2021-04-12T23:36:39","guid":{"rendered":"https:\/\/radioljubuski.ba\/?p=12352"},"modified":"2021-04-13T00:36:41","modified_gmt":"2021-04-12T23:36:41","slug":"od-1-svibnja-uvode-se-nove-eu-oznake-za-gume-evo-sto-se-mijenja","status":"publish","type":"post","link":"https:\/\/radioljubuski.ba\/index.php\/2021\/04\/13\/od-1-svibnja-uvode-se-nove-eu-oznake-za-gume-evo-sto-se-mijenja\/","title":{"rendered":"Od 1. svibnja uvode se nove EU oznake za gume, evo \u0161to se mijenja"},"content":{"rendered":"\n<p>EU oznaka za gume, uvedena u studenome 2012. kao obvezuju\u0107a naljepnica, pokazuje otpor kotrljanja (\u010dimbenik potro\u0161nje goriva), prianjanje na ki\u0161i i bu\u010dnost, a nova od svibnja 2021. je jasnija, interaktivnija i preglednija\u2026<\/p>\n\n\n\n<p>Gume, odnosno pneumatici najva\u017eniji su automobilski dio, jer se samo gumama, povr\u0161inom \u010detiri ljudska dlana, automobil dodiruje podloge (kolnika). Tako se omogu\u0107ava vo\u017enja po \u017eeljenoj putanji te osigurava upravljivost, stabilnost i ko\u010denje automobila. Sve \u0161to automobil mo\u017ee, a voza\u010d ho\u0107e, ostvaruje se putem guma.<\/p>\n\n\n\n<p>Koliko su automobilske gume va\u017ene, pokazuje tvrdnja da su va\u017enije \u010dak i od ko\u010dnica. Naime, ako otka\u017eu ko\u010dnice, a gume su dobre, voza\u010d itekako mo\u017ee djelovati, spa\u0161avati situaciju: zaobi\u0107i prepreku, skretanjem s ceste izbje\u0107i frontalni sudar, struganjem automobila o bo\u010dni zid izazvati ko\u010denje\u2026 A ako su ko\u010dnice ispravne, a gume lo\u0161e, voza\u010d je prakti\u010dki bespomo\u0107an.<\/p>\n\n\n\n<p>Gume imaju i ulogu prve opruge te prigu\u0161iva\u010da udara s podloge na automobil, \u0161to je izravno povezano sa stabilno\u0161\u0107u (le\u017eanjem) automobila, trajno\u0161\u0107u vitalnih sklopova, posebice podvozja (umanjuju dinami\u010dka optere\u0107enja i udare) te komforom voza\u010da i putnika tijekom vo\u017enje.<\/p>\n\n\n\n<p>Gume u vo\u017enji stvaraju otpor kotrljanja, koji izravno utje\u010du na vozne karakteristike automobila te potro\u0161nju goriva i buku, a istodobno se tro\u0161e. To je svojevrsno nu\u017eno zlo, jer stvara negativan rad (mehani\u010dke gubitke), kojim se pogor\u0161avaju performanse automobila i pove\u0107ava potro\u0161nja goriva. Otpor kotrljanja gume ne mo\u017ee se ukinuti, ali mo\u017ee umanjiti.<\/p>\n\n\n\n<p>Otpor kotrljanja \u010dini 10 do 30 posto otpora vo\u017enje, ovisno o brzini i nagibu kolnika, anga\u017eira toliko efektivne energije automobilskog motora te izravno utje\u010de na potro\u0161nju goriva. Zbog toga je svakom kupcu va\u017eno koliki otpor stvara automobilska guma. No, smanjenje otpora kotrljanja ima negativnu i opasnu nuspojavu \u2013 \u0161tetan i ne\u017eeljen utjecaj na prianjanje gume na kolnik, pogotovo sklizak.<\/p>\n\n\n\n<p>\u0160to je guma glatkija i tvr\u0111a, to stvara manji otpor kotrljanja, ali i lo\u0161ije prianja. Posebice na mokrom i skliskom kolniku. Zbog toga proizvo\u0111a\u010di guma imaju te\u017eak zadatak \u2013 \u201cspojiti nespojivo\u201d. Kombinacijom nose\u0107e konstrukcije pneumatika i geometrije gazne plohe te materijala gume trebaju osigurati da guma stvara mali otpor kotrljanja i dobro prianja na kolnik.<\/p>\n\n\n\n<p>Dakle, druga bitna, u osnovi najva\u017enija zna\u010dajka automobilske gume, je prianjanje, posebice na mokrom kolniku. Naime, na suhom svaka guma, vi\u0161e-manje, dobro prianja, a razlike me\u0111u razli\u010ditim izvedbama i kvalitetama guma puno su manje nego na mokroj cesti. Na mokroj, skliskoj cesti vidi se koja je guma dobra, a koja nije.<\/p>\n\n\n\n<p>Prianjanje na ki\u0161i, koje stvara otpornost na proklizavanje i skra\u0107uje zaustavni put, od iznimne je va\u017enosti za upravljivost i sigurnost vo\u017enje te je za ve\u0107inu voza\u010da, odnosno kupaca (i na\u0161a preporuka!) najva\u017enija zna\u010dajka automobilske gume.<\/p>\n\n\n\n<p>Tre\u0107a zna\u010dajka automobilske gume je bu\u010dnost u vo\u017enji, jer se pri kotrljanju gume vibracije i zvu\u010dni valovi, s kontaktne podloge, prenose u kabina te utje\u010du na komfor vo\u017enje. Bu\u010dnost gume \u0161tetno djeluje na okoli\u0161, pogotovo oko autocesta, jer progresivno raste s pove\u0107anjem brzine. No ona ne utje\u010de na vozne karakteristike i sigurnost, pa je pri odabiru gume ipak manje va\u017ena od prve dvije.<\/p>\n\n\n\n<p>U studenome 2012. EU zakonodavstvo propisalo je da svaka guma mora imati oznake koje pokazuju kakve karakteristike imaju automobilske gume po tim zna\u010dajkama (otpor kotrljanja, prianjanje na mokrom i bu\u010dnost).<\/p>\n\n\n\n<p>Otpor kotrljanja do sada se klasificirao u sedam kategorija (A, B, C, D, E, F, G) s tim da je to bilo razdvojeno u dva podru\u010dja, svako po tri gradacije \u2013 dobro (A, B, C) i lo\u0161e (E, F, G). D je bilo prazno podru\u010dje, svojevrsna tampon-zona. Bu\u010dnost se slikovito opisivala zvu\u010dnim valovima \u2013 jednim, dva i tri vala, uz kvantificiranje maksimalnog intenziteta buke, brojem decibela (dB)<\/p>\n\n\n\n<p>Nova EU-oznaka, obvezuju\u0107a naljepnica na svakoj automobilskoj gumi, odnosno klasifikacija, koja stupa na snagu 1. svibnja 2021. (na slici, desno \u2013 5\/2021), logi\u010dnija je i preglednija. Ocjene otpora kotrljanja i prianjanja na mokrom kolniku \u0161kolski su podijeljene u pet kategorija, s tim da je A najbolja. Kategorije A, C i E ozna\u010dene su bojama kao na semaforu \u2013 zeleno, \u017euto, crveno, a B i D su me\u0111uboje \u2013 svijetlo zelena i naran\u010dasta.<\/p>\n\n\n\n<p>Po novome, razine buke, od najmanje do najve\u0107e, ozna\u010dava se A, B i C, od najmanje do najve\u0107e. Nova EU-oznaka uvodi i razdvojenu klasifikaciju za gume za snijeg (simbol Triglava s pahuljicom) i led (\u0161iljak s ledom). Dodatne informacija na naljepnici gume je oznaka tipa, s brojem artikla, prilago\u0111ena standardnoj trgova\u010dkoj mre\u017ei, pi\u0161e&nbsp;<a href=\"https:\/\/autoportal.hr\/aktualno\/od-1-svibnja-2021-uvode-se-nove-oznake-za-gume-ovo-se-mijenja\/\" target=\"_blank\" rel=\"noreferrer noopener\">autoportal.<\/a><\/p>\n\n\n\n<p>Izvor:autoportal<\/p>\n","protected":false},"excerpt":{"rendered":"<p>EU oznaka za gume, uvedena u studenome 2012. kao obvezuju\u0107a naljepnica, pokazuje otpor kotrljanja (\u010dimbenik potro\u0161nje goriva), prianjanje na ki\u0161i i bu\u010dnost, a nova od svibnja 2021. je jasnija, interaktivnija i preglednija\u2026 Gume, odnosno pneumatici najva\u017eniji su automobilski dio, jer se samo gumama, povr\u0161inom \u010detiri ljudska dlana, automobil dodiruje podloge (kolnika). Tako se omogu\u0107ava vo\u017enja [&hellip;]<\/p>\n","protected":false},"author":2,"featured_media":12353,"comment_status":"closed","ping_status":"closed","sticky":false,"template":"","format":"standard","meta":{"h5ap_radio_sources":[],"footnotes":""},"categories":[1],"tags":[],"class_list":["post-12352","post","type-post","status-publish","format-standard","has-post-thumbnail","hentry","category-bihiregija"],"yoast_head":"<!-- This site is optimized with the Yoast SEO plugin v27.5 - https:\/\/yoast.com\/product\/yoast-seo-wordpress\/ -->\n<title>Od 1. svibnja uvode se nove EU oznake za gume, evo \u0161to se mijenja - RADIO LJUBU\u0160KI<\/title>\n<meta name=\"robots\" content=\"index, follow, max-snippet:-1, max-image-preview:large, max-video-preview:-1\" \/>\n<link rel=\"canonical\" href=\"https:\/\/radioljubuski.ba\/index.php\/2021\/04\/13\/od-1-svibnja-uvode-se-nove-eu-oznake-za-gume-evo-sto-se-mijenja\/\" \/>\n<meta property=\"og:locale\" content=\"hr_HR\" \/>\n<meta property=\"og:type\" content=\"article\" \/>\n<meta property=\"og:title\" content=\"Od 1. svibnja uvode se nove EU oznake za gume, evo \u0161to se mijenja - RADIO LJUBU\u0160KI\" \/>\n<meta property=\"og:description\" content=\"EU oznaka za gume, uvedena u studenome 2012. kao obvezuju\u0107a naljepnica, pokazuje otpor kotrljanja (\u010dimbenik potro\u0161nje goriva), prianjanje na ki\u0161i i bu\u010dnost, a nova od svibnja 2021. je jasnija, interaktivnija i preglednija\u2026 Gume, odnosno pneumatici najva\u017eniji su automobilski dio, jer se samo gumama, povr\u0161inom \u010detiri ljudska dlana, automobil dodiruje podloge (kolnika). Tako se omogu\u0107ava vo\u017enja [&hellip;]\" \/>\n<meta property=\"og:url\" content=\"https:\/\/radioljubuski.ba\/index.php\/2021\/04\/13\/od-1-svibnja-uvode-se-nove-eu-oznake-za-gume-evo-sto-se-mijenja\/\" \/>\n<meta property=\"og:site_name\" content=\"RADIO LJUBU\u0160KI\" \/>\n<meta property=\"article:publisher\" content=\"https:\/\/www.facebook.com\/Radiio-Ljubuski-1490835324566332\" \/>\n<meta property=\"article:published_time\" content=\"2021-04-12T23:36:39+00:00\" \/>\n<meta property=\"article:modified_time\" content=\"2021-04-12T23:36:41+00:00\" \/>\n<meta property=\"og:image\" content=\"https:\/\/radioljubuski.ba\/wp-content\/uploads\/2021\/04\/ZOvKnFcQ_ljetne_gume.jpg\" \/>\n\t<meta property=\"og:image:width\" content=\"1000\" \/>\n\t<meta property=\"og:image:height\" content=\"625\" \/>\n\t<meta property=\"og:image:type\" content=\"image\/jpeg\" \/>\n<meta name=\"author\" content=\"Radio Ljubu\u0161ki\" \/>\n<meta name=\"twitter:card\" content=\"summary_large_image\" \/>\n<meta name=\"twitter:creator\" content=\"@radioljubuski\" \/>\n<meta name=\"twitter:site\" content=\"@radioljubuski\" \/>\n<meta name=\"twitter:label1\" content=\"Napisao\/la\" \/>\n\t<meta name=\"twitter:data1\" content=\"Radio Ljubu\u0161ki\" \/>\n\t<meta name=\"twitter:label2\" content=\"Procijenjeno vrijeme \u010ditanja\" \/>\n\t<meta name=\"twitter:data2\" content=\"4 minute\" \/>\n<script type=\"application\/ld+json\" class=\"yoast-schema-graph\">{\"@context\":\"https:\\\/\\\/schema.org\",\"@graph\":[{\"@type\":\"Article\",\"@id\":\"https:\\\/\\\/radioljubuski.ba\\\/index.php\\\/2021\\\/04\\\/13\\\/od-1-svibnja-uvode-se-nove-eu-oznake-za-gume-evo-sto-se-mijenja\\\/#article\",\"isPartOf\":{\"@id\":\"https:\\\/\\\/radioljubuski.ba\\\/index.php\\\/2021\\\/04\\\/13\\\/od-1-svibnja-uvode-se-nove-eu-oznake-za-gume-evo-sto-se-mijenja\\\/\"},\"author\":{\"name\":\"Radio Ljubu\u0161ki\",\"@id\":\"https:\\\/\\\/radioljubuski.ba\\\/#\\\/schema\\\/person\\\/19fc700381a780f69665d7956c469e3b\"},\"headline\":\"Od 1. svibnja uvode se nove EU oznake za gume, evo \u0161to se mijenja\",\"datePublished\":\"2021-04-12T23:36:39+00:00\",\"dateModified\":\"2021-04-12T23:36:41+00:00\",\"mainEntityOfPage\":{\"@id\":\"https:\\\/\\\/radioljubuski.ba\\\/index.php\\\/2021\\\/04\\\/13\\\/od-1-svibnja-uvode-se-nove-eu-oznake-za-gume-evo-sto-se-mijenja\\\/\"},\"wordCount\":810,\"publisher\":{\"@id\":\"https:\\\/\\\/radioljubuski.ba\\\/#organization\"},\"image\":{\"@id\":\"https:\\\/\\\/radioljubuski.ba\\\/index.php\\\/2021\\\/04\\\/13\\\/od-1-svibnja-uvode-se-nove-eu-oznake-za-gume-evo-sto-se-mijenja\\\/#primaryimage\"},\"thumbnailUrl\":\"https:\\\/\\\/radioljubuski.ba\\\/wp-content\\\/uploads\\\/2021\\\/04\\\/ZOvKnFcQ_ljetne_gume.jpg\",\"articleSection\":[\"BIH i regija\"],\"inLanguage\":\"hr\"},{\"@type\":\"WebPage\",\"@id\":\"https:\\\/\\\/radioljubuski.ba\\\/index.php\\\/2021\\\/04\\\/13\\\/od-1-svibnja-uvode-se-nove-eu-oznake-za-gume-evo-sto-se-mijenja\\\/\",\"url\":\"https:\\\/\\\/radioljubuski.ba\\\/index.php\\\/2021\\\/04\\\/13\\\/od-1-svibnja-uvode-se-nove-eu-oznake-za-gume-evo-sto-se-mijenja\\\/\",\"name\":\"Od 1. svibnja uvode se nove EU oznake za gume, evo \u0161to se mijenja - RADIO LJUBU\u0160KI\",\"isPartOf\":{\"@id\":\"https:\\\/\\\/radioljubuski.ba\\\/#website\"},\"primaryImageOfPage\":{\"@id\":\"https:\\\/\\\/radioljubuski.ba\\\/index.php\\\/2021\\\/04\\\/13\\\/od-1-svibnja-uvode-se-nove-eu-oznake-za-gume-evo-sto-se-mijenja\\\/#primaryimage\"},\"image\":{\"@id\":\"https:\\\/\\\/radioljubuski.ba\\\/index.php\\\/2021\\\/04\\\/13\\\/od-1-svibnja-uvode-se-nove-eu-oznake-za-gume-evo-sto-se-mijenja\\\/#primaryimage\"},\"thumbnailUrl\":\"https:\\\/\\\/radioljubuski.ba\\\/wp-content\\\/uploads\\\/2021\\\/04\\\/ZOvKnFcQ_ljetne_gume.jpg\",\"datePublished\":\"2021-04-12T23:36:39+00:00\",\"dateModified\":\"2021-04-12T23:36:41+00:00\",\"breadcrumb\":{\"@id\":\"https:\\\/\\\/radioljubuski.ba\\\/index.php\\\/2021\\\/04\\\/13\\\/od-1-svibnja-uvode-se-nove-eu-oznake-za-gume-evo-sto-se-mijenja\\\/#breadcrumb\"},\"inLanguage\":\"hr\",\"potentialAction\":[{\"@type\":\"ReadAction\",\"target\":[\"https:\\\/\\\/radioljubuski.ba\\\/index.php\\\/2021\\\/04\\\/13\\\/od-1-svibnja-uvode-se-nove-eu-oznake-za-gume-evo-sto-se-mijenja\\\/\"]}]},{\"@type\":\"ImageObject\",\"inLanguage\":\"hr\",\"@id\":\"https:\\\/\\\/radioljubuski.ba\\\/index.php\\\/2021\\\/04\\\/13\\\/od-1-svibnja-uvode-se-nove-eu-oznake-za-gume-evo-sto-se-mijenja\\\/#primaryimage\",\"url\":\"https:\\\/\\\/radioljubuski.ba\\\/wp-content\\\/uploads\\\/2021\\\/04\\\/ZOvKnFcQ_ljetne_gume.jpg\",\"contentUrl\":\"https:\\\/\\\/radioljubuski.ba\\\/wp-content\\\/uploads\\\/2021\\\/04\\\/ZOvKnFcQ_ljetne_gume.jpg\",\"width\":1000,\"height\":625},{\"@type\":\"BreadcrumbList\",\"@id\":\"https:\\\/\\\/radioljubuski.ba\\\/index.php\\\/2021\\\/04\\\/13\\\/od-1-svibnja-uvode-se-nove-eu-oznake-za-gume-evo-sto-se-mijenja\\\/#breadcrumb\",\"itemListElement\":[{\"@type\":\"ListItem\",\"position\":1,\"name\":\"Po\u010detna stranica\",\"item\":\"https:\\\/\\\/radioljubuski.ba\\\/\"},{\"@type\":\"ListItem\",\"position\":2,\"name\":\"Od 1. svibnja uvode se nove EU oznake za gume, evo \u0161to se mijenja\"}]},{\"@type\":\"WebSite\",\"@id\":\"https:\\\/\\\/radioljubuski.ba\\\/#website\",\"url\":\"https:\\\/\\\/radioljubuski.ba\\\/\",\"name\":\"Radio Ljubu\u0161ki\",\"description\":\"Sun\u010dana frekvencija Hercegovine\",\"publisher\":{\"@id\":\"https:\\\/\\\/radioljubuski.ba\\\/#organization\"},\"potentialAction\":[{\"@type\":\"SearchAction\",\"target\":{\"@type\":\"EntryPoint\",\"urlTemplate\":\"https:\\\/\\\/radioljubuski.ba\\\/?s={search_term_string}\"},\"query-input\":{\"@type\":\"PropertyValueSpecification\",\"valueRequired\":true,\"valueName\":\"search_term_string\"}}],\"inLanguage\":\"hr\"},{\"@type\":\"Organization\",\"@id\":\"https:\\\/\\\/radioljubuski.ba\\\/#organization\",\"name\":\"Radio Ljubu\u0161ki\",\"url\":\"https:\\\/\\\/radioljubuski.ba\\\/\",\"logo\":{\"@type\":\"ImageObject\",\"inLanguage\":\"hr\",\"@id\":\"https:\\\/\\\/radioljubuski.ba\\\/#\\\/schema\\\/logo\\\/image\\\/\",\"url\":\"https:\\\/\\\/radioljubuski.ba\\\/wp-content\\\/uploads\\\/2021\\\/02\\\/cropped-Radio_Ljubuski_logo1.jpg\",\"contentUrl\":\"https:\\\/\\\/radioljubuski.ba\\\/wp-content\\\/uploads\\\/2021\\\/02\\\/cropped-Radio_Ljubuski_logo1.jpg\",\"width\":512,\"height\":512,\"caption\":\"Radio Ljubu\u0161ki\"},\"image\":{\"@id\":\"https:\\\/\\\/radioljubuski.ba\\\/#\\\/schema\\\/logo\\\/image\\\/\"},\"sameAs\":[\"https:\\\/\\\/www.facebook.com\\\/Radiio-Ljubuski-1490835324566332\",\"https:\\\/\\\/x.com\\\/radioljubuski\",\"https:\\\/\\\/hr.linkedin.com\\\/company\\\/radio-ljubuski\",\"https:\\\/\\\/www.youtube.com\\\/channel\\\/UCHYaeO_n0Db3tjNGudGpXyw\"]},{\"@type\":\"Person\",\"@id\":\"https:\\\/\\\/radioljubuski.ba\\\/#\\\/schema\\\/person\\\/19fc700381a780f69665d7956c469e3b\",\"name\":\"Radio Ljubu\u0161ki\"}]}<\/script>\n<!-- \/ Yoast SEO plugin. -->","yoast_head_json":{"title":"Od 1. svibnja uvode se nove EU oznake za gume, evo \u0161to se mijenja - RADIO LJUBU\u0160KI","robots":{"index":"index","follow":"follow","max-snippet":"max-snippet:-1","max-image-preview":"max-image-preview:large","max-video-preview":"max-video-preview:-1"},"canonical":"https:\/\/radioljubuski.ba\/index.php\/2021\/04\/13\/od-1-svibnja-uvode-se-nove-eu-oznake-za-gume-evo-sto-se-mijenja\/","og_locale":"hr_HR","og_type":"article","og_title":"Od 1. svibnja uvode se nove EU oznake za gume, evo \u0161to se mijenja - RADIO LJUBU\u0160KI","og_description":"EU oznaka za gume, uvedena u studenome 2012. kao obvezuju\u0107a naljepnica, pokazuje otpor kotrljanja (\u010dimbenik potro\u0161nje goriva), prianjanje na ki\u0161i i bu\u010dnost, a nova od svibnja 2021. je jasnija, interaktivnija i preglednija\u2026 Gume, odnosno pneumatici najva\u017eniji su automobilski dio, jer se samo gumama, povr\u0161inom \u010detiri ljudska dlana, automobil dodiruje podloge (kolnika). Tako se omogu\u0107ava vo\u017enja [&hellip;]","og_url":"https:\/\/radioljubuski.ba\/index.php\/2021\/04\/13\/od-1-svibnja-uvode-se-nove-eu-oznake-za-gume-evo-sto-se-mijenja\/","og_site_name":"RADIO LJUBU\u0160KI","article_publisher":"https:\/\/www.facebook.com\/Radiio-Ljubuski-1490835324566332","article_published_time":"2021-04-12T23:36:39+00:00","article_modified_time":"2021-04-12T23:36:41+00:00","og_image":[{"width":1000,"height":625,"url":"https:\/\/radioljubuski.ba\/wp-content\/uploads\/2021\/04\/ZOvKnFcQ_ljetne_gume.jpg","type":"image\/jpeg"}],"author":"Radio Ljubu\u0161ki","twitter_card":"summary_large_image","twitter_creator":"@radioljubuski","twitter_site":"@radioljubuski","twitter_misc":{"Napisao\/la":"Radio Ljubu\u0161ki","Procijenjeno vrijeme \u010ditanja":"4 minute"},"schema":{"@context":"https:\/\/schema.org","@graph":[{"@type":"Article","@id":"https:\/\/radioljubuski.ba\/index.php\/2021\/04\/13\/od-1-svibnja-uvode-se-nove-eu-oznake-za-gume-evo-sto-se-mijenja\/#article","isPartOf":{"@id":"https:\/\/radioljubuski.ba\/index.php\/2021\/04\/13\/od-1-svibnja-uvode-se-nove-eu-oznake-za-gume-evo-sto-se-mijenja\/"},"author":{"name":"Radio Ljubu\u0161ki","@id":"https:\/\/radioljubuski.ba\/#\/schema\/person\/19fc700381a780f69665d7956c469e3b"},"headline":"Od 1. svibnja uvode se nove EU oznake za gume, evo \u0161to se mijenja","datePublished":"2021-04-12T23:36:39+00:00","dateModified":"2021-04-12T23:36:41+00:00","mainEntityOfPage":{"@id":"https:\/\/radioljubuski.ba\/index.php\/2021\/04\/13\/od-1-svibnja-uvode-se-nove-eu-oznake-za-gume-evo-sto-se-mijenja\/"},"wordCount":810,"publisher":{"@id":"https:\/\/radioljubuski.ba\/#organization"},"image":{"@id":"https:\/\/radioljubuski.ba\/index.php\/2021\/04\/13\/od-1-svibnja-uvode-se-nove-eu-oznake-za-gume-evo-sto-se-mijenja\/#primaryimage"},"thumbnailUrl":"https:\/\/radioljubuski.ba\/wp-content\/uploads\/2021\/04\/ZOvKnFcQ_ljetne_gume.jpg","articleSection":["BIH i regija"],"inLanguage":"hr"},{"@type":"WebPage","@id":"https:\/\/radioljubuski.ba\/index.php\/2021\/04\/13\/od-1-svibnja-uvode-se-nove-eu-oznake-za-gume-evo-sto-se-mijenja\/","url":"https:\/\/radioljubuski.ba\/index.php\/2021\/04\/13\/od-1-svibnja-uvode-se-nove-eu-oznake-za-gume-evo-sto-se-mijenja\/","name":"Od 1. svibnja uvode se nove EU oznake za gume, evo \u0161to se mijenja - RADIO LJUBU\u0160KI","isPartOf":{"@id":"https:\/\/radioljubuski.ba\/#website"},"primaryImageOfPage":{"@id":"https:\/\/radioljubuski.ba\/index.php\/2021\/04\/13\/od-1-svibnja-uvode-se-nove-eu-oznake-za-gume-evo-sto-se-mijenja\/#primaryimage"},"image":{"@id":"https:\/\/radioljubuski.ba\/index.php\/2021\/04\/13\/od-1-svibnja-uvode-se-nove-eu-oznake-za-gume-evo-sto-se-mijenja\/#primaryimage"},"thumbnailUrl":"https:\/\/radioljubuski.ba\/wp-content\/uploads\/2021\/04\/ZOvKnFcQ_ljetne_gume.jpg","datePublished":"2021-04-12T23:36:39+00:00","dateModified":"2021-04-12T23:36:41+00:00","breadcrumb":{"@id":"https:\/\/radioljubuski.ba\/index.php\/2021\/04\/13\/od-1-svibnja-uvode-se-nove-eu-oznake-za-gume-evo-sto-se-mijenja\/#breadcrumb"},"inLanguage":"hr","potentialAction":[{"@type":"ReadAction","target":["https:\/\/radioljubuski.ba\/index.php\/2021\/04\/13\/od-1-svibnja-uvode-se-nove-eu-oznake-za-gume-evo-sto-se-mijenja\/"]}]},{"@type":"ImageObject","inLanguage":"hr","@id":"https:\/\/radioljubuski.ba\/index.php\/2021\/04\/13\/od-1-svibnja-uvode-se-nove-eu-oznake-za-gume-evo-sto-se-mijenja\/#primaryimage","url":"https:\/\/radioljubuski.ba\/wp-content\/uploads\/2021\/04\/ZOvKnFcQ_ljetne_gume.jpg","contentUrl":"https:\/\/radioljubuski.ba\/wp-content\/uploads\/2021\/04\/ZOvKnFcQ_ljetne_gume.jpg","width":1000,"height":625},{"@type":"BreadcrumbList","@id":"https:\/\/radioljubuski.ba\/index.php\/2021\/04\/13\/od-1-svibnja-uvode-se-nove-eu-oznake-za-gume-evo-sto-se-mijenja\/#breadcrumb","itemListElement":[{"@type":"ListItem","position":1,"name":"Po\u010detna stranica","item":"https:\/\/radioljubuski.ba\/"},{"@type":"ListItem","position":2,"name":"Od 1. svibnja uvode se nove EU oznake za gume, evo \u0161to se mijenja"}]},{"@type":"WebSite","@id":"https:\/\/radioljubuski.ba\/#website","url":"https:\/\/radioljubuski.ba\/","name":"Radio Ljubu\u0161ki","description":"Sun\u010dana frekvencija Hercegovine","publisher":{"@id":"https:\/\/radioljubuski.ba\/#organization"},"potentialAction":[{"@type":"SearchAction","target":{"@type":"EntryPoint","urlTemplate":"https:\/\/radioljubuski.ba\/?s={search_term_string}"},"query-input":{"@type":"PropertyValueSpecification","valueRequired":true,"valueName":"search_term_string"}}],"inLanguage":"hr"},{"@type":"Organization","@id":"https:\/\/radioljubuski.ba\/#organization","name":"Radio Ljubu\u0161ki","url":"https:\/\/radioljubuski.ba\/","logo":{"@type":"ImageObject","inLanguage":"hr","@id":"https:\/\/radioljubuski.ba\/#\/schema\/logo\/image\/","url":"https:\/\/radioljubuski.ba\/wp-content\/uploads\/2021\/02\/cropped-Radio_Ljubuski_logo1.jpg","contentUrl":"https:\/\/radioljubuski.ba\/wp-content\/uploads\/2021\/02\/cropped-Radio_Ljubuski_logo1.jpg","width":512,"height":512,"caption":"Radio Ljubu\u0161ki"},"image":{"@id":"https:\/\/radioljubuski.ba\/#\/schema\/logo\/image\/"},"sameAs":["https:\/\/www.facebook.com\/Radiio-Ljubuski-1490835324566332","https:\/\/x.com\/radioljubuski","https:\/\/hr.linkedin.com\/company\/radio-ljubuski","https:\/\/www.youtube.com\/channel\/UCHYaeO_n0Db3tjNGudGpXyw"]},{"@type":"Person","@id":"https:\/\/radioljubuski.ba\/#\/schema\/person\/19fc700381a780f69665d7956c469e3b","name":"Radio Ljubu\u0161ki"}]}},"_links":{"self":[{"href":"https:\/\/radioljubuski.ba\/index.php\/wp-json\/wp\/v2\/posts\/12352","targetHints":{"allow":["GET"]}}],"collection":[{"href":"https:\/\/radioljubuski.ba\/index.php\/wp-json\/wp\/v2\/posts"}],"about":[{"href":"https:\/\/radioljubuski.ba\/index.php\/wp-json\/wp\/v2\/types\/post"}],"author":[{"embeddable":true,"href":"https:\/\/radioljubuski.ba\/index.php\/wp-json\/wp\/v2\/users\/2"}],"replies":[{"embeddable":true,"href":"https:\/\/radioljubuski.ba\/index.php\/wp-json\/wp\/v2\/comments?post=12352"}],"version-history":[{"count":1,"href":"https:\/\/radioljubuski.ba\/index.php\/wp-json\/wp\/v2\/posts\/12352\/revisions"}],"predecessor-version":[{"id":12354,"href":"https:\/\/radioljubuski.ba\/index.php\/wp-json\/wp\/v2\/posts\/12352\/revisions\/12354"}],"wp:featuredmedia":[{"embeddable":true,"href":"https:\/\/radioljubuski.ba\/index.php\/wp-json\/wp\/v2\/media\/12353"}],"wp:attachment":[{"href":"https:\/\/radioljubuski.ba\/index.php\/wp-json\/wp\/v2\/media?parent=12352"}],"wp:term":[{"taxonomy":"category","embeddable":true,"href":"https:\/\/radioljubuski.ba\/index.php\/wp-json\/wp\/v2\/categories?post=12352"},{"taxonomy":"post_tag","embeddable":true,"href":"https:\/\/radioljubuski.ba\/index.php\/wp-json\/wp\/v2\/tags?post=12352"}],"curies":[{"name":"wp","href":"https:\/\/api.w.org\/{rel}","templated":true}]}}