{"id":12355,"date":"2021-04-13T00:38:18","date_gmt":"2021-04-12T23:38:18","guid":{"rendered":"https:\/\/radioljubuski.ba\/?p=12355"},"modified":"2021-04-13T00:38:19","modified_gmt":"2021-04-12T23:38:19","slug":"hrvatska-i-12-clanica-eu-a-usuglasile-turisticku-zelenu-putovnicu","status":"publish","type":"post","link":"https:\/\/radioljubuski.ba\/index.php\/2021\/04\/13\/hrvatska-i-12-clanica-eu-a-usuglasile-turisticku-zelenu-putovnicu\/","title":{"rendered":"Hrvatska i 12 \u010dlanica EU-a usuglasile turisti\u010dku &#8220;zelenu putovnicu&#8221;"},"content":{"rendered":"\n<p><strong>Hrvatska i dvanaest \u010dlanica Europske unije postigle su dogovor o kriterijima za izdavanje tzv. zelene putovnice koja bi u vrijeme pandemije olak\u0161ala protok turista, priop\u0107eno je u ponedjeljak u Be\u010du.<\/strong><\/p>\n\n\n\n<p>Na\u0161 je cilj zelenu putovnicu brzo i po mogu\u0107nosti u jedinstvenom obliku primijeniti na razini EU-a, rekla je austrijska ministrica turizma&nbsp;<strong>Elisabeth Koestinger<\/strong>&nbsp;(Austrijska narodna stranka \u00d6VP) u razgovoru za agenciju APA. Ona je rekla da je rije\u010d o pitanju opstanka za europski turizam.<\/p>\n\n\n\n<p>Hrvatska, Austrija, Cipar, Danska, Francuska, Njema\u010dka, Gr\u010dka, Italija, Malta, Portugal, Slovenija i \u0160panjolska su se jo\u0161 krajem o\u017eujka dogovorili o sedam kriterija za izdavanje zelene putovnice koja bi se trebala na\u0107i u primjeni najkasnije do po\u010detka lipnja.<br><br>Zelena putovnica preko QR koda odmah daje informaciju o tome je li nositelj cijepljen, testiran ili je prebolio koronavirus. Time je omogu\u0107ena jednostavna i prakti\u010dna primjena na podru\u010dju EU-a: od prijave za let u zra\u010dnoj luci do posjeta seoskoj gostionici, rekla je austrijska ministrica turizma.<br><br>Ona je naglasila da se u svakom slu\u010daju \u017eeli izbje\u0107i da se ta vrsta dokumenta tretira kao prisila na cijepljenje.<br><br>Osjetljivi zdravstveni podaci nositelja zelene putovnice bi isto tako ostajali u zemlji podrijetla i ne bi se pohranjivali centralno na razini EU-a. Daljnji cilj je i uskla\u0111ivanje primjene zelene putovnice s tre\u0107im zemljama.<br><br>Lista s kriterijima je, kako je re\u010deno, predana na kontrolu Europskoj komisiji koja bi u sljede\u0107im danima trebala donijeti odluku o primjeni.<\/p>\n\n\n\n<p>Izvor:hrt.hr<\/p>\n","protected":false},"excerpt":{"rendered":"<p>Hrvatska i dvanaest \u010dlanica Europske unije postigle su dogovor o kriterijima za izdavanje tzv. zelene putovnice koja bi u vrijeme pandemije olak\u0161ala protok turista, priop\u0107eno je u ponedjeljak u Be\u010du. Na\u0161 je cilj zelenu putovnicu brzo i po mogu\u0107nosti u jedinstvenom obliku primijeniti na razini EU-a, rekla je austrijska ministrica turizma&nbsp;Elisabeth Koestinger&nbsp;(Austrijska narodna stranka \u00d6VP) [&hellip;]<\/p>\n","protected":false},"author":2,"featured_media":12356,"comment_status":"closed","ping_status":"closed","sticky":false,"template":"","format":"standard","meta":{"h5ap_radio_sources":[],"footnotes":""},"categories":[1],"tags":[],"class_list":["post-12355","post","type-post","status-publish","format-standard","has-post-thumbnail","hentry","category-bihiregija"],"yoast_head":"<!-- This site is optimized with the Yoast SEO plugin v27.5 - https:\/\/yoast.com\/product\/yoast-seo-wordpress\/ -->\n<title>Hrvatska i 12 \u010dlanica EU-a usuglasile turisti\u010dku &quot;zelenu putovnicu&quot; - RADIO LJUBU\u0160KI<\/title>\n<meta name=\"robots\" content=\"index, follow, max-snippet:-1, max-image-preview:large, max-video-preview:-1\" \/>\n<link rel=\"canonical\" href=\"https:\/\/radioljubuski.ba\/index.php\/2021\/04\/13\/hrvatska-i-12-clanica-eu-a-usuglasile-turisticku-zelenu-putovnicu\/\" \/>\n<meta property=\"og:locale\" content=\"hr_HR\" \/>\n<meta property=\"og:type\" content=\"article\" \/>\n<meta property=\"og:title\" content=\"Hrvatska i 12 \u010dlanica EU-a usuglasile turisti\u010dku &quot;zelenu putovnicu&quot; - RADIO LJUBU\u0160KI\" \/>\n<meta property=\"og:description\" content=\"Hrvatska i dvanaest \u010dlanica Europske unije postigle su dogovor o kriterijima za izdavanje tzv. zelene putovnice koja bi u vrijeme pandemije olak\u0161ala protok turista, priop\u0107eno je u ponedjeljak u Be\u010du. Na\u0161 je cilj zelenu putovnicu brzo i po mogu\u0107nosti u jedinstvenom obliku primijeniti na razini EU-a, rekla je austrijska ministrica turizma&nbsp;Elisabeth Koestinger&nbsp;(Austrijska narodna stranka \u00d6VP) [&hellip;]\" \/>\n<meta property=\"og:url\" content=\"https:\/\/radioljubuski.ba\/index.php\/2021\/04\/13\/hrvatska-i-12-clanica-eu-a-usuglasile-turisticku-zelenu-putovnicu\/\" \/>\n<meta property=\"og:site_name\" content=\"RADIO LJUBU\u0160KI\" \/>\n<meta property=\"article:publisher\" content=\"https:\/\/www.facebook.com\/Radiio-Ljubuski-1490835324566332\" \/>\n<meta property=\"article:published_time\" content=\"2021-04-12T23:38:18+00:00\" \/>\n<meta property=\"article:modified_time\" content=\"2021-04-12T23:38:19+00:00\" \/>\n<meta property=\"og:image\" content=\"https:\/\/radioljubuski.ba\/wp-content\/uploads\/2021\/04\/6-13.png\" \/>\n\t<meta property=\"og:image:width\" content=\"645\" \/>\n\t<meta property=\"og:image:height\" content=\"359\" \/>\n\t<meta property=\"og:image:type\" content=\"image\/png\" \/>\n<meta name=\"author\" content=\"Radio Ljubu\u0161ki\" \/>\n<meta name=\"twitter:card\" content=\"summary_large_image\" \/>\n<meta name=\"twitter:creator\" content=\"@radioljubuski\" \/>\n<meta name=\"twitter:site\" content=\"@radioljubuski\" \/>\n<meta name=\"twitter:label1\" content=\"Napisao\/la\" \/>\n\t<meta name=\"twitter:data1\" content=\"Radio Ljubu\u0161ki\" \/>\n\t<meta name=\"twitter:label2\" content=\"Procijenjeno vrijeme \u010ditanja\" \/>\n\t<meta name=\"twitter:data2\" content=\"2 minute\" \/>\n<script type=\"application\/ld+json\" class=\"yoast-schema-graph\">{\"@context\":\"https:\\\/\\\/schema.org\",\"@graph\":[{\"@type\":\"Article\",\"@id\":\"https:\\\/\\\/radioljubuski.ba\\\/index.php\\\/2021\\\/04\\\/13\\\/hrvatska-i-12-clanica-eu-a-usuglasile-turisticku-zelenu-putovnicu\\\/#article\",\"isPartOf\":{\"@id\":\"https:\\\/\\\/radioljubuski.ba\\\/index.php\\\/2021\\\/04\\\/13\\\/hrvatska-i-12-clanica-eu-a-usuglasile-turisticku-zelenu-putovnicu\\\/\"},\"author\":{\"name\":\"Radio Ljubu\u0161ki\",\"@id\":\"https:\\\/\\\/radioljubuski.ba\\\/#\\\/schema\\\/person\\\/19fc700381a780f69665d7956c469e3b\"},\"headline\":\"Hrvatska i 12 \u010dlanica EU-a usuglasile turisti\u010dku &#8220;zelenu putovnicu&#8221;\",\"datePublished\":\"2021-04-12T23:38:18+00:00\",\"dateModified\":\"2021-04-12T23:38:19+00:00\",\"mainEntityOfPage\":{\"@id\":\"https:\\\/\\\/radioljubuski.ba\\\/index.php\\\/2021\\\/04\\\/13\\\/hrvatska-i-12-clanica-eu-a-usuglasile-turisticku-zelenu-putovnicu\\\/\"},\"wordCount\":264,\"publisher\":{\"@id\":\"https:\\\/\\\/radioljubuski.ba\\\/#organization\"},\"image\":{\"@id\":\"https:\\\/\\\/radioljubuski.ba\\\/index.php\\\/2021\\\/04\\\/13\\\/hrvatska-i-12-clanica-eu-a-usuglasile-turisticku-zelenu-putovnicu\\\/#primaryimage\"},\"thumbnailUrl\":\"https:\\\/\\\/radioljubuski.ba\\\/wp-content\\\/uploads\\\/2021\\\/04\\\/6-13.png\",\"articleSection\":[\"BIH i regija\"],\"inLanguage\":\"hr\"},{\"@type\":\"WebPage\",\"@id\":\"https:\\\/\\\/radioljubuski.ba\\\/index.php\\\/2021\\\/04\\\/13\\\/hrvatska-i-12-clanica-eu-a-usuglasile-turisticku-zelenu-putovnicu\\\/\",\"url\":\"https:\\\/\\\/radioljubuski.ba\\\/index.php\\\/2021\\\/04\\\/13\\\/hrvatska-i-12-clanica-eu-a-usuglasile-turisticku-zelenu-putovnicu\\\/\",\"name\":\"Hrvatska i 12 \u010dlanica EU-a usuglasile turisti\u010dku \\\"zelenu putovnicu\\\" - RADIO LJUBU\u0160KI\",\"isPartOf\":{\"@id\":\"https:\\\/\\\/radioljubuski.ba\\\/#website\"},\"primaryImageOfPage\":{\"@id\":\"https:\\\/\\\/radioljubuski.ba\\\/index.php\\\/2021\\\/04\\\/13\\\/hrvatska-i-12-clanica-eu-a-usuglasile-turisticku-zelenu-putovnicu\\\/#primaryimage\"},\"image\":{\"@id\":\"https:\\\/\\\/radioljubuski.ba\\\/index.php\\\/2021\\\/04\\\/13\\\/hrvatska-i-12-clanica-eu-a-usuglasile-turisticku-zelenu-putovnicu\\\/#primaryimage\"},\"thumbnailUrl\":\"https:\\\/\\\/radioljubuski.ba\\\/wp-content\\\/uploads\\\/2021\\\/04\\\/6-13.png\",\"datePublished\":\"2021-04-12T23:38:18+00:00\",\"dateModified\":\"2021-04-12T23:38:19+00:00\",\"breadcrumb\":{\"@id\":\"https:\\\/\\\/radioljubuski.ba\\\/index.php\\\/2021\\\/04\\\/13\\\/hrvatska-i-12-clanica-eu-a-usuglasile-turisticku-zelenu-putovnicu\\\/#breadcrumb\"},\"inLanguage\":\"hr\",\"potentialAction\":[{\"@type\":\"ReadAction\",\"target\":[\"https:\\\/\\\/radioljubuski.ba\\\/index.php\\\/2021\\\/04\\\/13\\\/hrvatska-i-12-clanica-eu-a-usuglasile-turisticku-zelenu-putovnicu\\\/\"]}]},{\"@type\":\"ImageObject\",\"inLanguage\":\"hr\",\"@id\":\"https:\\\/\\\/radioljubuski.ba\\\/index.php\\\/2021\\\/04\\\/13\\\/hrvatska-i-12-clanica-eu-a-usuglasile-turisticku-zelenu-putovnicu\\\/#primaryimage\",\"url\":\"https:\\\/\\\/radioljubuski.ba\\\/wp-content\\\/uploads\\\/2021\\\/04\\\/6-13.png\",\"contentUrl\":\"https:\\\/\\\/radioljubuski.ba\\\/wp-content\\\/uploads\\\/2021\\\/04\\\/6-13.png\",\"width\":645,\"height\":359},{\"@type\":\"BreadcrumbList\",\"@id\":\"https:\\\/\\\/radioljubuski.ba\\\/index.php\\\/2021\\\/04\\\/13\\\/hrvatska-i-12-clanica-eu-a-usuglasile-turisticku-zelenu-putovnicu\\\/#breadcrumb\",\"itemListElement\":[{\"@type\":\"ListItem\",\"position\":1,\"name\":\"Po\u010detna stranica\",\"item\":\"https:\\\/\\\/radioljubuski.ba\\\/\"},{\"@type\":\"ListItem\",\"position\":2,\"name\":\"Hrvatska i 12 \u010dlanica EU-a usuglasile turisti\u010dku &#8220;zelenu putovnicu&#8221;\"}]},{\"@type\":\"WebSite\",\"@id\":\"https:\\\/\\\/radioljubuski.ba\\\/#website\",\"url\":\"https:\\\/\\\/radioljubuski.ba\\\/\",\"name\":\"Radio Ljubu\u0161ki\",\"description\":\"Sun\u010dana frekvencija Hercegovine\",\"publisher\":{\"@id\":\"https:\\\/\\\/radioljubuski.ba\\\/#organization\"},\"potentialAction\":[{\"@type\":\"SearchAction\",\"target\":{\"@type\":\"EntryPoint\",\"urlTemplate\":\"https:\\\/\\\/radioljubuski.ba\\\/?s={search_term_string}\"},\"query-input\":{\"@type\":\"PropertyValueSpecification\",\"valueRequired\":true,\"valueName\":\"search_term_string\"}}],\"inLanguage\":\"hr\"},{\"@type\":\"Organization\",\"@id\":\"https:\\\/\\\/radioljubuski.ba\\\/#organization\",\"name\":\"Radio Ljubu\u0161ki\",\"url\":\"https:\\\/\\\/radioljubuski.ba\\\/\",\"logo\":{\"@type\":\"ImageObject\",\"inLanguage\":\"hr\",\"@id\":\"https:\\\/\\\/radioljubuski.ba\\\/#\\\/schema\\\/logo\\\/image\\\/\",\"url\":\"https:\\\/\\\/radioljubuski.ba\\\/wp-content\\\/uploads\\\/2021\\\/02\\\/cropped-Radio_Ljubuski_logo1.jpg\",\"contentUrl\":\"https:\\\/\\\/radioljubuski.ba\\\/wp-content\\\/uploads\\\/2021\\\/02\\\/cropped-Radio_Ljubuski_logo1.jpg\",\"width\":512,\"height\":512,\"caption\":\"Radio Ljubu\u0161ki\"},\"image\":{\"@id\":\"https:\\\/\\\/radioljubuski.ba\\\/#\\\/schema\\\/logo\\\/image\\\/\"},\"sameAs\":[\"https:\\\/\\\/www.facebook.com\\\/Radiio-Ljubuski-1490835324566332\",\"https:\\\/\\\/x.com\\\/radioljubuski\",\"https:\\\/\\\/hr.linkedin.com\\\/company\\\/radio-ljubuski\",\"https:\\\/\\\/www.youtube.com\\\/channel\\\/UCHYaeO_n0Db3tjNGudGpXyw\"]},{\"@type\":\"Person\",\"@id\":\"https:\\\/\\\/radioljubuski.ba\\\/#\\\/schema\\\/person\\\/19fc700381a780f69665d7956c469e3b\",\"name\":\"Radio Ljubu\u0161ki\"}]}<\/script>\n<!-- \/ Yoast SEO plugin. -->","yoast_head_json":{"title":"Hrvatska i 12 \u010dlanica EU-a usuglasile turisti\u010dku \"zelenu putovnicu\" - RADIO LJUBU\u0160KI","robots":{"index":"index","follow":"follow","max-snippet":"max-snippet:-1","max-image-preview":"max-image-preview:large","max-video-preview":"max-video-preview:-1"},"canonical":"https:\/\/radioljubuski.ba\/index.php\/2021\/04\/13\/hrvatska-i-12-clanica-eu-a-usuglasile-turisticku-zelenu-putovnicu\/","og_locale":"hr_HR","og_type":"article","og_title":"Hrvatska i 12 \u010dlanica EU-a usuglasile turisti\u010dku \"zelenu putovnicu\" - RADIO LJUBU\u0160KI","og_description":"Hrvatska i dvanaest \u010dlanica Europske unije postigle su dogovor o kriterijima za izdavanje tzv. zelene putovnice koja bi u vrijeme pandemije olak\u0161ala protok turista, priop\u0107eno je u ponedjeljak u Be\u010du. Na\u0161 je cilj zelenu putovnicu brzo i po mogu\u0107nosti u jedinstvenom obliku primijeniti na razini EU-a, rekla je austrijska ministrica turizma&nbsp;Elisabeth Koestinger&nbsp;(Austrijska narodna stranka \u00d6VP) [&hellip;]","og_url":"https:\/\/radioljubuski.ba\/index.php\/2021\/04\/13\/hrvatska-i-12-clanica-eu-a-usuglasile-turisticku-zelenu-putovnicu\/","og_site_name":"RADIO LJUBU\u0160KI","article_publisher":"https:\/\/www.facebook.com\/Radiio-Ljubuski-1490835324566332","article_published_time":"2021-04-12T23:38:18+00:00","article_modified_time":"2021-04-12T23:38:19+00:00","og_image":[{"width":645,"height":359,"url":"https:\/\/radioljubuski.ba\/wp-content\/uploads\/2021\/04\/6-13.png","type":"image\/png"}],"author":"Radio Ljubu\u0161ki","twitter_card":"summary_large_image","twitter_creator":"@radioljubuski","twitter_site":"@radioljubuski","twitter_misc":{"Napisao\/la":"Radio Ljubu\u0161ki","Procijenjeno vrijeme \u010ditanja":"2 minute"},"schema":{"@context":"https:\/\/schema.org","@graph":[{"@type":"Article","@id":"https:\/\/radioljubuski.ba\/index.php\/2021\/04\/13\/hrvatska-i-12-clanica-eu-a-usuglasile-turisticku-zelenu-putovnicu\/#article","isPartOf":{"@id":"https:\/\/radioljubuski.ba\/index.php\/2021\/04\/13\/hrvatska-i-12-clanica-eu-a-usuglasile-turisticku-zelenu-putovnicu\/"},"author":{"name":"Radio Ljubu\u0161ki","@id":"https:\/\/radioljubuski.ba\/#\/schema\/person\/19fc700381a780f69665d7956c469e3b"},"headline":"Hrvatska i 12 \u010dlanica EU-a usuglasile turisti\u010dku &#8220;zelenu putovnicu&#8221;","datePublished":"2021-04-12T23:38:18+00:00","dateModified":"2021-04-12T23:38:19+00:00","mainEntityOfPage":{"@id":"https:\/\/radioljubuski.ba\/index.php\/2021\/04\/13\/hrvatska-i-12-clanica-eu-a-usuglasile-turisticku-zelenu-putovnicu\/"},"wordCount":264,"publisher":{"@id":"https:\/\/radioljubuski.ba\/#organization"},"image":{"@id":"https:\/\/radioljubuski.ba\/index.php\/2021\/04\/13\/hrvatska-i-12-clanica-eu-a-usuglasile-turisticku-zelenu-putovnicu\/#primaryimage"},"thumbnailUrl":"https:\/\/radioljubuski.ba\/wp-content\/uploads\/2021\/04\/6-13.png","articleSection":["BIH i regija"],"inLanguage":"hr"},{"@type":"WebPage","@id":"https:\/\/radioljubuski.ba\/index.php\/2021\/04\/13\/hrvatska-i-12-clanica-eu-a-usuglasile-turisticku-zelenu-putovnicu\/","url":"https:\/\/radioljubuski.ba\/index.php\/2021\/04\/13\/hrvatska-i-12-clanica-eu-a-usuglasile-turisticku-zelenu-putovnicu\/","name":"Hrvatska i 12 \u010dlanica EU-a usuglasile turisti\u010dku \"zelenu putovnicu\" - RADIO LJUBU\u0160KI","isPartOf":{"@id":"https:\/\/radioljubuski.ba\/#website"},"primaryImageOfPage":{"@id":"https:\/\/radioljubuski.ba\/index.php\/2021\/04\/13\/hrvatska-i-12-clanica-eu-a-usuglasile-turisticku-zelenu-putovnicu\/#primaryimage"},"image":{"@id":"https:\/\/radioljubuski.ba\/index.php\/2021\/04\/13\/hrvatska-i-12-clanica-eu-a-usuglasile-turisticku-zelenu-putovnicu\/#primaryimage"},"thumbnailUrl":"https:\/\/radioljubuski.ba\/wp-content\/uploads\/2021\/04\/6-13.png","datePublished":"2021-04-12T23:38:18+00:00","dateModified":"2021-04-12T23:38:19+00:00","breadcrumb":{"@id":"https:\/\/radioljubuski.ba\/index.php\/2021\/04\/13\/hrvatska-i-12-clanica-eu-a-usuglasile-turisticku-zelenu-putovnicu\/#breadcrumb"},"inLanguage":"hr","potentialAction":[{"@type":"ReadAction","target":["https:\/\/radioljubuski.ba\/index.php\/2021\/04\/13\/hrvatska-i-12-clanica-eu-a-usuglasile-turisticku-zelenu-putovnicu\/"]}]},{"@type":"ImageObject","inLanguage":"hr","@id":"https:\/\/radioljubuski.ba\/index.php\/2021\/04\/13\/hrvatska-i-12-clanica-eu-a-usuglasile-turisticku-zelenu-putovnicu\/#primaryimage","url":"https:\/\/radioljubuski.ba\/wp-content\/uploads\/2021\/04\/6-13.png","contentUrl":"https:\/\/radioljubuski.ba\/wp-content\/uploads\/2021\/04\/6-13.png","width":645,"height":359},{"@type":"BreadcrumbList","@id":"https:\/\/radioljubuski.ba\/index.php\/2021\/04\/13\/hrvatska-i-12-clanica-eu-a-usuglasile-turisticku-zelenu-putovnicu\/#breadcrumb","itemListElement":[{"@type":"ListItem","position":1,"name":"Po\u010detna stranica","item":"https:\/\/radioljubuski.ba\/"},{"@type":"ListItem","position":2,"name":"Hrvatska i 12 \u010dlanica EU-a usuglasile turisti\u010dku &#8220;zelenu putovnicu&#8221;"}]},{"@type":"WebSite","@id":"https:\/\/radioljubuski.ba\/#website","url":"https:\/\/radioljubuski.ba\/","name":"Radio Ljubu\u0161ki","description":"Sun\u010dana frekvencija Hercegovine","publisher":{"@id":"https:\/\/radioljubuski.ba\/#organization"},"potentialAction":[{"@type":"SearchAction","target":{"@type":"EntryPoint","urlTemplate":"https:\/\/radioljubuski.ba\/?s={search_term_string}"},"query-input":{"@type":"PropertyValueSpecification","valueRequired":true,"valueName":"search_term_string"}}],"inLanguage":"hr"},{"@type":"Organization","@id":"https:\/\/radioljubuski.ba\/#organization","name":"Radio Ljubu\u0161ki","url":"https:\/\/radioljubuski.ba\/","logo":{"@type":"ImageObject","inLanguage":"hr","@id":"https:\/\/radioljubuski.ba\/#\/schema\/logo\/image\/","url":"https:\/\/radioljubuski.ba\/wp-content\/uploads\/2021\/02\/cropped-Radio_Ljubuski_logo1.jpg","contentUrl":"https:\/\/radioljubuski.ba\/wp-content\/uploads\/2021\/02\/cropped-Radio_Ljubuski_logo1.jpg","width":512,"height":512,"caption":"Radio Ljubu\u0161ki"},"image":{"@id":"https:\/\/radioljubuski.ba\/#\/schema\/logo\/image\/"},"sameAs":["https:\/\/www.facebook.com\/Radiio-Ljubuski-1490835324566332","https:\/\/x.com\/radioljubuski","https:\/\/hr.linkedin.com\/company\/radio-ljubuski","https:\/\/www.youtube.com\/channel\/UCHYaeO_n0Db3tjNGudGpXyw"]},{"@type":"Person","@id":"https:\/\/radioljubuski.ba\/#\/schema\/person\/19fc700381a780f69665d7956c469e3b","name":"Radio Ljubu\u0161ki"}]}},"_links":{"self":[{"href":"https:\/\/radioljubuski.ba\/index.php\/wp-json\/wp\/v2\/posts\/12355","targetHints":{"allow":["GET"]}}],"collection":[{"href":"https:\/\/radioljubuski.ba\/index.php\/wp-json\/wp\/v2\/posts"}],"about":[{"href":"https:\/\/radioljubuski.ba\/index.php\/wp-json\/wp\/v2\/types\/post"}],"author":[{"embeddable":true,"href":"https:\/\/radioljubuski.ba\/index.php\/wp-json\/wp\/v2\/users\/2"}],"replies":[{"embeddable":true,"href":"https:\/\/radioljubuski.ba\/index.php\/wp-json\/wp\/v2\/comments?post=12355"}],"version-history":[{"count":1,"href":"https:\/\/radioljubuski.ba\/index.php\/wp-json\/wp\/v2\/posts\/12355\/revisions"}],"predecessor-version":[{"id":12357,"href":"https:\/\/radioljubuski.ba\/index.php\/wp-json\/wp\/v2\/posts\/12355\/revisions\/12357"}],"wp:featuredmedia":[{"embeddable":true,"href":"https:\/\/radioljubuski.ba\/index.php\/wp-json\/wp\/v2\/media\/12356"}],"wp:attachment":[{"href":"https:\/\/radioljubuski.ba\/index.php\/wp-json\/wp\/v2\/media?parent=12355"}],"wp:term":[{"taxonomy":"category","embeddable":true,"href":"https:\/\/radioljubuski.ba\/index.php\/wp-json\/wp\/v2\/categories?post=12355"},{"taxonomy":"post_tag","embeddable":true,"href":"https:\/\/radioljubuski.ba\/index.php\/wp-json\/wp\/v2\/tags?post=12355"}],"curies":[{"name":"wp","href":"https:\/\/api.w.org\/{rel}","templated":true}]}}