{"id":123718,"date":"2022-03-21T10:04:53","date_gmt":"2022-03-21T09:04:53","guid":{"rendered":"https:\/\/radioljubuski.ba\/?p=123718"},"modified":"2022-03-21T11:17:34","modified_gmt":"2022-03-21T10:17:34","slug":"rukometna-konferencija-dala-odgovor-na-pitanje-koliki-su-budzeti-klubova-u-regiji","status":"publish","type":"post","link":"https:\/\/radioljubuski.ba\/index.php\/2022\/03\/21\/rukometna-konferencija-dala-odgovor-na-pitanje-koliki-su-budzeti-klubova-u-regiji\/","title":{"rendered":"Rukometna konferencija dala odgovor na pitanje: Koliki su prora\u010duni klubova u regiji?"},"content":{"rendered":"\n<p>Na konferenciji Handball Talks u organizaciji <strong><a href=\"https:\/\/www.balkan-handball.com\/projekti\/handballtalks-dao-odgovore-na-pitanje-koliki-su-budzeti-klubova-u-regionu\/?fbclid=IwAR1I8KN__-qYgw_TMN_Pw4I5V7EmuZ9pww86Vpbng5BWHzWWfEAaxUCuqos\">Balkan Handball<\/a><\/strong> gostovali su najbitnije osobe iz svijeta rukometa iz regije. <\/p>\n\n\n\n<p>Veliki govor odr\u017eao je Lino \u0106ervar, a na jednoj konferenciji&nbsp;govorilo se o bud\u017eetima klubova u regiji.<\/p>\n\n\n\n<p>Na konferenciji su gostovali <strong>Josip Ergovi\u0107<\/strong>, predsjednik <strong>Nexea<\/strong>, <strong>Zoran Sterjev<\/strong>, predsjednik <strong>Eurofarma Pelistera<\/strong>, te prva osoba rukometnog kluba iz <strong>Vojvodine<\/strong>&nbsp;Milan \u0110uki\u0107. Predsjednik Nexea, Josip Ergovi\u0107 izjavio kako je bud\u017eet kluba iz Na\u0161ica negdje oko&nbsp;1.700.000 eura.&nbsp;<\/p>\n\n\n\n<p>Bud\u017eet njihovih sljede\u0107ih protivnika u Europskoj ligi,&nbsp;Eurofarma iz Bitolja,&nbsp;je oko&nbsp;1.000.000 eura.<\/p>\n\n\n\n<p>Klub iz Vojvodine, za razliku od ova dva kluba, najvi\u0161e se financira putem gradskog novca. Predsjednik kluba Milan \u0110uki\u0107 izjavio je kako su oni daleko od bud\u017eeta od milijun eura godi\u0161nje.&nbsp;<\/p>\n\n\n\n<p>Cijelu konferenciju mo\u017eete pogledati <strong><a href=\"https:\/\/www.youtube.com\/watch?time_continue=4585&amp;v=hms2Vc1muTs&amp;feature=emb_logo\">OVDJE<\/a><\/strong><\/p>\n\n\n\n<p><strong>Izvor: RTL<\/strong><\/p>\n","protected":false},"excerpt":{"rendered":"<p>Na konferenciji Handball Talks u organizaciji Balkan Handball gostovali su najbitnije osobe iz svijeta rukometa iz regije. Veliki govor odr\u017eao je Lino \u0106ervar, a na jednoj konferenciji&nbsp;govorilo se o bud\u017eetima klubova u regiji. Na konferenciji su gostovali Josip Ergovi\u0107, predsjednik Nexea, Zoran Sterjev, predsjednik Eurofarma Pelistera, te prva osoba rukometnog kluba iz Vojvodine&nbsp;Milan \u0110uki\u0107. Predsjednik [&hellip;]<\/p>\n","protected":false},"author":2,"featured_media":123719,"comment_status":"closed","ping_status":"closed","sticky":false,"template":"","format":"standard","meta":{"h5ap_radio_sources":[],"footnotes":""},"categories":[7],"tags":[],"class_list":["post-123718","post","type-post","status-publish","format-standard","has-post-thumbnail","hentry","category-sport"],"yoast_head":"<!-- This site is optimized with the Yoast SEO plugin v27.4 - https:\/\/yoast.com\/product\/yoast-seo-wordpress\/ -->\n<title>Rukometna konferencija dala odgovor na pitanje: Koliki su prora\u010duni klubova u regiji? - RADIO LJUBU\u0160KI<\/title>\n<meta name=\"robots\" content=\"index, follow, max-snippet:-1, max-image-preview:large, max-video-preview:-1\" \/>\n<link rel=\"canonical\" href=\"https:\/\/radioljubuski.ba\/index.php\/2022\/03\/21\/rukometna-konferencija-dala-odgovor-na-pitanje-koliki-su-budzeti-klubova-u-regiji\/\" \/>\n<meta property=\"og:locale\" content=\"hr_HR\" \/>\n<meta property=\"og:type\" content=\"article\" \/>\n<meta property=\"og:title\" content=\"Rukometna konferencija dala odgovor na pitanje: Koliki su prora\u010duni klubova u regiji? - RADIO LJUBU\u0160KI\" \/>\n<meta property=\"og:description\" content=\"Na konferenciji Handball Talks u organizaciji Balkan Handball gostovali su najbitnije osobe iz svijeta rukometa iz regije. Veliki govor odr\u017eao je Lino \u0106ervar, a na jednoj konferenciji&nbsp;govorilo se o bud\u017eetima klubova u regiji. Na konferenciji su gostovali Josip Ergovi\u0107, predsjednik Nexea, Zoran Sterjev, predsjednik Eurofarma Pelistera, te prva osoba rukometnog kluba iz Vojvodine&nbsp;Milan \u0110uki\u0107. Predsjednik [&hellip;]\" \/>\n<meta property=\"og:url\" content=\"https:\/\/radioljubuski.ba\/index.php\/2022\/03\/21\/rukometna-konferencija-dala-odgovor-na-pitanje-koliki-su-budzeti-klubova-u-regiji\/\" \/>\n<meta property=\"og:site_name\" content=\"RADIO LJUBU\u0160KI\" \/>\n<meta property=\"article:publisher\" content=\"https:\/\/www.facebook.com\/Radiio-Ljubuski-1490835324566332\" \/>\n<meta property=\"article:published_time\" content=\"2022-03-21T09:04:53+00:00\" \/>\n<meta property=\"article:modified_time\" content=\"2022-03-21T10:17:34+00:00\" \/>\n<meta property=\"og:image\" content=\"https:\/\/radioljubuski.ba\/wp-content\/uploads\/2022\/03\/konferencija.jpg\" \/>\n\t<meta property=\"og:image:width\" content=\"966\" \/>\n\t<meta property=\"og:image:height\" content=\"493\" \/>\n\t<meta property=\"og:image:type\" content=\"image\/jpeg\" \/>\n<meta name=\"author\" content=\"Radio Ljubu\u0161ki\" \/>\n<meta name=\"twitter:card\" content=\"summary_large_image\" \/>\n<meta name=\"twitter:creator\" content=\"@radioljubuski\" \/>\n<meta name=\"twitter:site\" content=\"@radioljubuski\" \/>\n<meta name=\"twitter:label1\" content=\"Napisao\/la\" \/>\n\t<meta name=\"twitter:data1\" content=\"Radio Ljubu\u0161ki\" \/>\n\t<meta name=\"twitter:label2\" content=\"Procijenjeno vrijeme \u010ditanja\" \/>\n\t<meta name=\"twitter:data2\" content=\"1 minuta\" \/>\n<script type=\"application\/ld+json\" class=\"yoast-schema-graph\">{\"@context\":\"https:\\\/\\\/schema.org\",\"@graph\":[{\"@type\":\"Article\",\"@id\":\"https:\\\/\\\/radioljubuski.ba\\\/index.php\\\/2022\\\/03\\\/21\\\/rukometna-konferencija-dala-odgovor-na-pitanje-koliki-su-budzeti-klubova-u-regiji\\\/#article\",\"isPartOf\":{\"@id\":\"https:\\\/\\\/radioljubuski.ba\\\/index.php\\\/2022\\\/03\\\/21\\\/rukometna-konferencija-dala-odgovor-na-pitanje-koliki-su-budzeti-klubova-u-regiji\\\/\"},\"author\":{\"name\":\"Radio Ljubu\u0161ki\",\"@id\":\"https:\\\/\\\/radioljubuski.ba\\\/#\\\/schema\\\/person\\\/19fc700381a780f69665d7956c469e3b\"},\"headline\":\"Rukometna konferencija dala odgovor na pitanje: Koliki su prora\u010duni klubova u regiji?\",\"datePublished\":\"2022-03-21T09:04:53+00:00\",\"dateModified\":\"2022-03-21T10:17:34+00:00\",\"mainEntityOfPage\":{\"@id\":\"https:\\\/\\\/radioljubuski.ba\\\/index.php\\\/2022\\\/03\\\/21\\\/rukometna-konferencija-dala-odgovor-na-pitanje-koliki-su-budzeti-klubova-u-regiji\\\/\"},\"wordCount\":152,\"publisher\":{\"@id\":\"https:\\\/\\\/radioljubuski.ba\\\/#organization\"},\"image\":{\"@id\":\"https:\\\/\\\/radioljubuski.ba\\\/index.php\\\/2022\\\/03\\\/21\\\/rukometna-konferencija-dala-odgovor-na-pitanje-koliki-su-budzeti-klubova-u-regiji\\\/#primaryimage\"},\"thumbnailUrl\":\"https:\\\/\\\/radioljubuski.ba\\\/wp-content\\\/uploads\\\/2022\\\/03\\\/konferencija.jpg\",\"articleSection\":[\"\u0160port\"],\"inLanguage\":\"hr\"},{\"@type\":\"WebPage\",\"@id\":\"https:\\\/\\\/radioljubuski.ba\\\/index.php\\\/2022\\\/03\\\/21\\\/rukometna-konferencija-dala-odgovor-na-pitanje-koliki-su-budzeti-klubova-u-regiji\\\/\",\"url\":\"https:\\\/\\\/radioljubuski.ba\\\/index.php\\\/2022\\\/03\\\/21\\\/rukometna-konferencija-dala-odgovor-na-pitanje-koliki-su-budzeti-klubova-u-regiji\\\/\",\"name\":\"Rukometna konferencija dala odgovor na pitanje: Koliki su prora\u010duni klubova u regiji? - RADIO LJUBU\u0160KI\",\"isPartOf\":{\"@id\":\"https:\\\/\\\/radioljubuski.ba\\\/#website\"},\"primaryImageOfPage\":{\"@id\":\"https:\\\/\\\/radioljubuski.ba\\\/index.php\\\/2022\\\/03\\\/21\\\/rukometna-konferencija-dala-odgovor-na-pitanje-koliki-su-budzeti-klubova-u-regiji\\\/#primaryimage\"},\"image\":{\"@id\":\"https:\\\/\\\/radioljubuski.ba\\\/index.php\\\/2022\\\/03\\\/21\\\/rukometna-konferencija-dala-odgovor-na-pitanje-koliki-su-budzeti-klubova-u-regiji\\\/#primaryimage\"},\"thumbnailUrl\":\"https:\\\/\\\/radioljubuski.ba\\\/wp-content\\\/uploads\\\/2022\\\/03\\\/konferencija.jpg\",\"datePublished\":\"2022-03-21T09:04:53+00:00\",\"dateModified\":\"2022-03-21T10:17:34+00:00\",\"breadcrumb\":{\"@id\":\"https:\\\/\\\/radioljubuski.ba\\\/index.php\\\/2022\\\/03\\\/21\\\/rukometna-konferencija-dala-odgovor-na-pitanje-koliki-su-budzeti-klubova-u-regiji\\\/#breadcrumb\"},\"inLanguage\":\"hr\",\"potentialAction\":[{\"@type\":\"ReadAction\",\"target\":[\"https:\\\/\\\/radioljubuski.ba\\\/index.php\\\/2022\\\/03\\\/21\\\/rukometna-konferencija-dala-odgovor-na-pitanje-koliki-su-budzeti-klubova-u-regiji\\\/\"]}]},{\"@type\":\"ImageObject\",\"inLanguage\":\"hr\",\"@id\":\"https:\\\/\\\/radioljubuski.ba\\\/index.php\\\/2022\\\/03\\\/21\\\/rukometna-konferencija-dala-odgovor-na-pitanje-koliki-su-budzeti-klubova-u-regiji\\\/#primaryimage\",\"url\":\"https:\\\/\\\/radioljubuski.ba\\\/wp-content\\\/uploads\\\/2022\\\/03\\\/konferencija.jpg\",\"contentUrl\":\"https:\\\/\\\/radioljubuski.ba\\\/wp-content\\\/uploads\\\/2022\\\/03\\\/konferencija.jpg\",\"width\":966,\"height\":493},{\"@type\":\"BreadcrumbList\",\"@id\":\"https:\\\/\\\/radioljubuski.ba\\\/index.php\\\/2022\\\/03\\\/21\\\/rukometna-konferencija-dala-odgovor-na-pitanje-koliki-su-budzeti-klubova-u-regiji\\\/#breadcrumb\",\"itemListElement\":[{\"@type\":\"ListItem\",\"position\":1,\"name\":\"Po\u010detna stranica\",\"item\":\"https:\\\/\\\/radioljubuski.ba\\\/\"},{\"@type\":\"ListItem\",\"position\":2,\"name\":\"Rukometna konferencija dala odgovor na pitanje: Koliki su prora\u010duni klubova u regiji?\"}]},{\"@type\":\"WebSite\",\"@id\":\"https:\\\/\\\/radioljubuski.ba\\\/#website\",\"url\":\"https:\\\/\\\/radioljubuski.ba\\\/\",\"name\":\"Radio Ljubu\u0161ki\",\"description\":\"Sun\u010dana frekvencija Hercegovine\",\"publisher\":{\"@id\":\"https:\\\/\\\/radioljubuski.ba\\\/#organization\"},\"potentialAction\":[{\"@type\":\"SearchAction\",\"target\":{\"@type\":\"EntryPoint\",\"urlTemplate\":\"https:\\\/\\\/radioljubuski.ba\\\/?s={search_term_string}\"},\"query-input\":{\"@type\":\"PropertyValueSpecification\",\"valueRequired\":true,\"valueName\":\"search_term_string\"}}],\"inLanguage\":\"hr\"},{\"@type\":\"Organization\",\"@id\":\"https:\\\/\\\/radioljubuski.ba\\\/#organization\",\"name\":\"Radio Ljubu\u0161ki\",\"url\":\"https:\\\/\\\/radioljubuski.ba\\\/\",\"logo\":{\"@type\":\"ImageObject\",\"inLanguage\":\"hr\",\"@id\":\"https:\\\/\\\/radioljubuski.ba\\\/#\\\/schema\\\/logo\\\/image\\\/\",\"url\":\"https:\\\/\\\/radioljubuski.ba\\\/wp-content\\\/uploads\\\/2021\\\/02\\\/cropped-Radio_Ljubuski_logo1.jpg\",\"contentUrl\":\"https:\\\/\\\/radioljubuski.ba\\\/wp-content\\\/uploads\\\/2021\\\/02\\\/cropped-Radio_Ljubuski_logo1.jpg\",\"width\":512,\"height\":512,\"caption\":\"Radio Ljubu\u0161ki\"},\"image\":{\"@id\":\"https:\\\/\\\/radioljubuski.ba\\\/#\\\/schema\\\/logo\\\/image\\\/\"},\"sameAs\":[\"https:\\\/\\\/www.facebook.com\\\/Radiio-Ljubuski-1490835324566332\",\"https:\\\/\\\/x.com\\\/radioljubuski\",\"https:\\\/\\\/hr.linkedin.com\\\/company\\\/radio-ljubuski\",\"https:\\\/\\\/www.youtube.com\\\/channel\\\/UCHYaeO_n0Db3tjNGudGpXyw\"]},{\"@type\":\"Person\",\"@id\":\"https:\\\/\\\/radioljubuski.ba\\\/#\\\/schema\\\/person\\\/19fc700381a780f69665d7956c469e3b\",\"name\":\"Radio Ljubu\u0161ki\"}]}<\/script>\n<!-- \/ Yoast SEO plugin. -->","yoast_head_json":{"title":"Rukometna konferencija dala odgovor na pitanje: Koliki su prora\u010duni klubova u regiji? - RADIO LJUBU\u0160KI","robots":{"index":"index","follow":"follow","max-snippet":"max-snippet:-1","max-image-preview":"max-image-preview:large","max-video-preview":"max-video-preview:-1"},"canonical":"https:\/\/radioljubuski.ba\/index.php\/2022\/03\/21\/rukometna-konferencija-dala-odgovor-na-pitanje-koliki-su-budzeti-klubova-u-regiji\/","og_locale":"hr_HR","og_type":"article","og_title":"Rukometna konferencija dala odgovor na pitanje: Koliki su prora\u010duni klubova u regiji? - RADIO LJUBU\u0160KI","og_description":"Na konferenciji Handball Talks u organizaciji Balkan Handball gostovali su najbitnije osobe iz svijeta rukometa iz regije. Veliki govor odr\u017eao je Lino \u0106ervar, a na jednoj konferenciji&nbsp;govorilo se o bud\u017eetima klubova u regiji. Na konferenciji su gostovali Josip Ergovi\u0107, predsjednik Nexea, Zoran Sterjev, predsjednik Eurofarma Pelistera, te prva osoba rukometnog kluba iz Vojvodine&nbsp;Milan \u0110uki\u0107. Predsjednik [&hellip;]","og_url":"https:\/\/radioljubuski.ba\/index.php\/2022\/03\/21\/rukometna-konferencija-dala-odgovor-na-pitanje-koliki-su-budzeti-klubova-u-regiji\/","og_site_name":"RADIO LJUBU\u0160KI","article_publisher":"https:\/\/www.facebook.com\/Radiio-Ljubuski-1490835324566332","article_published_time":"2022-03-21T09:04:53+00:00","article_modified_time":"2022-03-21T10:17:34+00:00","og_image":[{"width":966,"height":493,"url":"https:\/\/radioljubuski.ba\/wp-content\/uploads\/2022\/03\/konferencija.jpg","type":"image\/jpeg"}],"author":"Radio Ljubu\u0161ki","twitter_card":"summary_large_image","twitter_creator":"@radioljubuski","twitter_site":"@radioljubuski","twitter_misc":{"Napisao\/la":"Radio Ljubu\u0161ki","Procijenjeno vrijeme \u010ditanja":"1 minuta"},"schema":{"@context":"https:\/\/schema.org","@graph":[{"@type":"Article","@id":"https:\/\/radioljubuski.ba\/index.php\/2022\/03\/21\/rukometna-konferencija-dala-odgovor-na-pitanje-koliki-su-budzeti-klubova-u-regiji\/#article","isPartOf":{"@id":"https:\/\/radioljubuski.ba\/index.php\/2022\/03\/21\/rukometna-konferencija-dala-odgovor-na-pitanje-koliki-su-budzeti-klubova-u-regiji\/"},"author":{"name":"Radio Ljubu\u0161ki","@id":"https:\/\/radioljubuski.ba\/#\/schema\/person\/19fc700381a780f69665d7956c469e3b"},"headline":"Rukometna konferencija dala odgovor na pitanje: Koliki su prora\u010duni klubova u regiji?","datePublished":"2022-03-21T09:04:53+00:00","dateModified":"2022-03-21T10:17:34+00:00","mainEntityOfPage":{"@id":"https:\/\/radioljubuski.ba\/index.php\/2022\/03\/21\/rukometna-konferencija-dala-odgovor-na-pitanje-koliki-su-budzeti-klubova-u-regiji\/"},"wordCount":152,"publisher":{"@id":"https:\/\/radioljubuski.ba\/#organization"},"image":{"@id":"https:\/\/radioljubuski.ba\/index.php\/2022\/03\/21\/rukometna-konferencija-dala-odgovor-na-pitanje-koliki-su-budzeti-klubova-u-regiji\/#primaryimage"},"thumbnailUrl":"https:\/\/radioljubuski.ba\/wp-content\/uploads\/2022\/03\/konferencija.jpg","articleSection":["\u0160port"],"inLanguage":"hr"},{"@type":"WebPage","@id":"https:\/\/radioljubuski.ba\/index.php\/2022\/03\/21\/rukometna-konferencija-dala-odgovor-na-pitanje-koliki-su-budzeti-klubova-u-regiji\/","url":"https:\/\/radioljubuski.ba\/index.php\/2022\/03\/21\/rukometna-konferencija-dala-odgovor-na-pitanje-koliki-su-budzeti-klubova-u-regiji\/","name":"Rukometna konferencija dala odgovor na pitanje: Koliki su prora\u010duni klubova u regiji? - RADIO LJUBU\u0160KI","isPartOf":{"@id":"https:\/\/radioljubuski.ba\/#website"},"primaryImageOfPage":{"@id":"https:\/\/radioljubuski.ba\/index.php\/2022\/03\/21\/rukometna-konferencija-dala-odgovor-na-pitanje-koliki-su-budzeti-klubova-u-regiji\/#primaryimage"},"image":{"@id":"https:\/\/radioljubuski.ba\/index.php\/2022\/03\/21\/rukometna-konferencija-dala-odgovor-na-pitanje-koliki-su-budzeti-klubova-u-regiji\/#primaryimage"},"thumbnailUrl":"https:\/\/radioljubuski.ba\/wp-content\/uploads\/2022\/03\/konferencija.jpg","datePublished":"2022-03-21T09:04:53+00:00","dateModified":"2022-03-21T10:17:34+00:00","breadcrumb":{"@id":"https:\/\/radioljubuski.ba\/index.php\/2022\/03\/21\/rukometna-konferencija-dala-odgovor-na-pitanje-koliki-su-budzeti-klubova-u-regiji\/#breadcrumb"},"inLanguage":"hr","potentialAction":[{"@type":"ReadAction","target":["https:\/\/radioljubuski.ba\/index.php\/2022\/03\/21\/rukometna-konferencija-dala-odgovor-na-pitanje-koliki-su-budzeti-klubova-u-regiji\/"]}]},{"@type":"ImageObject","inLanguage":"hr","@id":"https:\/\/radioljubuski.ba\/index.php\/2022\/03\/21\/rukometna-konferencija-dala-odgovor-na-pitanje-koliki-su-budzeti-klubova-u-regiji\/#primaryimage","url":"https:\/\/radioljubuski.ba\/wp-content\/uploads\/2022\/03\/konferencija.jpg","contentUrl":"https:\/\/radioljubuski.ba\/wp-content\/uploads\/2022\/03\/konferencija.jpg","width":966,"height":493},{"@type":"BreadcrumbList","@id":"https:\/\/radioljubuski.ba\/index.php\/2022\/03\/21\/rukometna-konferencija-dala-odgovor-na-pitanje-koliki-su-budzeti-klubova-u-regiji\/#breadcrumb","itemListElement":[{"@type":"ListItem","position":1,"name":"Po\u010detna stranica","item":"https:\/\/radioljubuski.ba\/"},{"@type":"ListItem","position":2,"name":"Rukometna konferencija dala odgovor na pitanje: Koliki su prora\u010duni klubova u regiji?"}]},{"@type":"WebSite","@id":"https:\/\/radioljubuski.ba\/#website","url":"https:\/\/radioljubuski.ba\/","name":"Radio Ljubu\u0161ki","description":"Sun\u010dana frekvencija Hercegovine","publisher":{"@id":"https:\/\/radioljubuski.ba\/#organization"},"potentialAction":[{"@type":"SearchAction","target":{"@type":"EntryPoint","urlTemplate":"https:\/\/radioljubuski.ba\/?s={search_term_string}"},"query-input":{"@type":"PropertyValueSpecification","valueRequired":true,"valueName":"search_term_string"}}],"inLanguage":"hr"},{"@type":"Organization","@id":"https:\/\/radioljubuski.ba\/#organization","name":"Radio Ljubu\u0161ki","url":"https:\/\/radioljubuski.ba\/","logo":{"@type":"ImageObject","inLanguage":"hr","@id":"https:\/\/radioljubuski.ba\/#\/schema\/logo\/image\/","url":"https:\/\/radioljubuski.ba\/wp-content\/uploads\/2021\/02\/cropped-Radio_Ljubuski_logo1.jpg","contentUrl":"https:\/\/radioljubuski.ba\/wp-content\/uploads\/2021\/02\/cropped-Radio_Ljubuski_logo1.jpg","width":512,"height":512,"caption":"Radio Ljubu\u0161ki"},"image":{"@id":"https:\/\/radioljubuski.ba\/#\/schema\/logo\/image\/"},"sameAs":["https:\/\/www.facebook.com\/Radiio-Ljubuski-1490835324566332","https:\/\/x.com\/radioljubuski","https:\/\/hr.linkedin.com\/company\/radio-ljubuski","https:\/\/www.youtube.com\/channel\/UCHYaeO_n0Db3tjNGudGpXyw"]},{"@type":"Person","@id":"https:\/\/radioljubuski.ba\/#\/schema\/person\/19fc700381a780f69665d7956c469e3b","name":"Radio Ljubu\u0161ki"}]}},"_links":{"self":[{"href":"https:\/\/radioljubuski.ba\/index.php\/wp-json\/wp\/v2\/posts\/123718","targetHints":{"allow":["GET"]}}],"collection":[{"href":"https:\/\/radioljubuski.ba\/index.php\/wp-json\/wp\/v2\/posts"}],"about":[{"href":"https:\/\/radioljubuski.ba\/index.php\/wp-json\/wp\/v2\/types\/post"}],"author":[{"embeddable":true,"href":"https:\/\/radioljubuski.ba\/index.php\/wp-json\/wp\/v2\/users\/2"}],"replies":[{"embeddable":true,"href":"https:\/\/radioljubuski.ba\/index.php\/wp-json\/wp\/v2\/comments?post=123718"}],"version-history":[{"count":2,"href":"https:\/\/radioljubuski.ba\/index.php\/wp-json\/wp\/v2\/posts\/123718\/revisions"}],"predecessor-version":[{"id":123738,"href":"https:\/\/radioljubuski.ba\/index.php\/wp-json\/wp\/v2\/posts\/123718\/revisions\/123738"}],"wp:featuredmedia":[{"embeddable":true,"href":"https:\/\/radioljubuski.ba\/index.php\/wp-json\/wp\/v2\/media\/123719"}],"wp:attachment":[{"href":"https:\/\/radioljubuski.ba\/index.php\/wp-json\/wp\/v2\/media?parent=123718"}],"wp:term":[{"taxonomy":"category","embeddable":true,"href":"https:\/\/radioljubuski.ba\/index.php\/wp-json\/wp\/v2\/categories?post=123718"},{"taxonomy":"post_tag","embeddable":true,"href":"https:\/\/radioljubuski.ba\/index.php\/wp-json\/wp\/v2\/tags?post=123718"}],"curies":[{"name":"wp","href":"https:\/\/api.w.org\/{rel}","templated":true}]}}