{"id":124271,"date":"2022-03-23T13:13:02","date_gmt":"2022-03-23T12:13:02","guid":{"rendered":"https:\/\/radioljubuski.ba\/?p=124271"},"modified":"2022-03-23T13:13:03","modified_gmt":"2022-03-23T12:13:03","slug":"grlic-radman-putin-je-ratni-zlocinac","status":"publish","type":"post","link":"https:\/\/radioljubuski.ba\/index.php\/2022\/03\/23\/grlic-radman-putin-je-ratni-zlocinac\/","title":{"rendered":"Grli\u0107 Radman: Putin je ratni zlo\u010dinac"},"content":{"rendered":"\n<p>Ministar vanjskih i europskih poslova Gordan Grli\u0107 Radman izjavio je u srijedu da je Vladimir Putin ratni zlo\u010dinac, ponadao se da \u201cruski autokratski re\u017eim\u201d ne\u0107e biti duga vijeka i ustvrdio da bi Hrvatska \u201cznala uzvratiti\u201d na ostvarivanje ruskih prijetnji.<\/p>\n\n\n\n<p>Hrvatski ministar vanjskih poslova kazao je u emisiji \u2018A sada Vlada\u2019 Hrvatskog radija da prijetnje ruskog veleposlanika u BiH Igora Karabuhova ne smatra realnim.<\/p>\n\n\n\n<p>Grli\u0107 Radman je ocijenio da je rije\u010d o obliku zastra\u0161ivanja, ali \u201ene vjeruje da veleposlanik govori u ime ne\u010dega \u0161to bi se stvarno moglo dogoditi\u201c.<\/p>\n\n\n\n<p>Karabuhov je prije neki dan upozorio da Moskva zadr\u017eava pravo reagirati na potencijalno \u010dlanstvo BiH u NATO savezu i zapitao novinara: \u201cOtkud vi znate da nemamo planove i protiv Hrvatske, Poljske, Bugarske kao \u010dlanice NATO-a?\u201c.<\/p>\n\n\n\n<p>U malo izglednom scenariju ostvarivanja prijetnji, Hrvatska \u201ebi znala uzvratiti\u201c sa svojim saveznicima, naglasio je Radman.<\/p>\n\n\n\n<p>\u201ePrijetnja veleposlanika nije prijetnja samo Hrvatskoj, nego i cijelom EU-u i kad bi se realizirala aktivirala bi \u010dlanak 5.\u201c NATO saveza u kojem stoji da napad na jednu \u010dlanicu predstavlja napad na cijeli savez, kazao je.<\/p>\n\n\n\n<p>To bi bio povod za novu eskalaciju sukoba, \u0161to nikome nije u interesu i ja sam siguran da \u0107e se to izbje\u0107i\u201c i prona\u0107i na\u010dini pregovora s ruskim predsjednikom Vladimirom Putinom.<\/p>\n\n\n\n<p>Radman je rekao da je Putin \u201eve\u0107 po\u010dinio ratne zlo\u010dine, ali se u ratu mora pregovarati\u201c. Putin \u201ene\u0107e imati izbora jer nije ostvario ono \u0161to je \u017eelio \u2013 pokoriti Ukrajinu\u201c.<\/p>\n\n\n\n<p><strong>Re\u017eim nije isto \u0161to i narod<\/strong><\/p>\n\n\n\n<p>Dva mjeseca nakon slu\u017ebenog posjeta Moskvi, gdje je ministar rekao da \u201edobri odnosi s Ukrajinom zaista ne isklju\u010duju dobre odnose s Rusijom\u201c, Grli\u0107 Radman je kazao kako je tada mislio na ruski narod.<\/p>\n\n\n\n<p>\u201eNe postoji znak jednakosti izme\u0111u re\u017eima i naroda. Narodi ostaju, politike se mijenjaju. Ja se nadam da ovaj autokratski re\u017eim ne\u0107e imati dugi vijek\u201c, naglasio je hrvatski \u0161ef diplomacije.<\/p>\n\n\n\n<p><br>&nbsp;Grli\u0107 Radman je rekao kako je Europska unija imala dvotra\u010dni pristup prema Rusiji, sa sankcijama, ali i otvorenim diplomatskim kanalom s Moskvom, te da je niz europskih ministara posje\u0107ivao Rusiju uo\u010di invazije kako bi se zalagali za deeskalaciju sukoba.<\/p>\n\n\n\n<p>\u0160ef diplomacije rekao je da je ukrajinski narod pokazao izuzetnu hrabrost i ljubav prema domovini, ba\u0161 poput Hrvatske prije 30 godina.<\/p>\n\n\n\n<p>\u201eNo mi tad nismo imali nikoga, bili smo sami, nismo imali oru\u017eje ni me\u0111unarodnu zajednicu\u201c iza sebe, rekao je.<\/p>\n\n\n\n<p>Ministar je kazao kako je u Ukrajini jo\u0161 pet hrvatskih dr\u017eavljana, a svi oni koji su htjeli napustiti dr\u017eavu oti\u0161li su.<\/p>\n\n\n\n<p>U Hrvatsku je pak stiglo vi\u0161e od devet tisu\u0107a Ukrajinaca, a taj broj se stalno mijenja.<\/p>\n\n\n\n<p>Izvor:pogled.ba<\/p>\n","protected":false},"excerpt":{"rendered":"<p>Ministar vanjskih i europskih poslova Gordan Grli\u0107 Radman izjavio je u srijedu da je Vladimir Putin ratni zlo\u010dinac, ponadao se da \u201cruski autokratski re\u017eim\u201d ne\u0107e biti duga vijeka i ustvrdio da bi Hrvatska \u201cznala uzvratiti\u201d na ostvarivanje ruskih prijetnji. Hrvatski ministar vanjskih poslova kazao je u emisiji \u2018A sada Vlada\u2019 Hrvatskog radija da prijetnje ruskog [&hellip;]<\/p>\n","protected":false},"author":2,"featured_media":5914,"comment_status":"closed","ping_status":"closed","sticky":false,"template":"","format":"standard","meta":{"h5ap_radio_sources":[],"footnotes":""},"categories":[1],"tags":[],"class_list":["post-124271","post","type-post","status-publish","format-standard","has-post-thumbnail","hentry","category-bihiregija"],"yoast_head":"<!-- This site is optimized with the Yoast SEO plugin v27.4 - https:\/\/yoast.com\/product\/yoast-seo-wordpress\/ -->\n<title>Grli\u0107 Radman: Putin je ratni zlo\u010dinac - RADIO LJUBU\u0160KI<\/title>\n<meta name=\"robots\" content=\"index, follow, max-snippet:-1, max-image-preview:large, max-video-preview:-1\" \/>\n<link rel=\"canonical\" href=\"https:\/\/radioljubuski.ba\/index.php\/2022\/03\/23\/grlic-radman-putin-je-ratni-zlocinac\/\" \/>\n<meta property=\"og:locale\" content=\"hr_HR\" \/>\n<meta property=\"og:type\" content=\"article\" \/>\n<meta property=\"og:title\" content=\"Grli\u0107 Radman: Putin je ratni zlo\u010dinac - RADIO LJUBU\u0160KI\" \/>\n<meta property=\"og:description\" content=\"Ministar vanjskih i europskih poslova Gordan Grli\u0107 Radman izjavio je u srijedu da je Vladimir Putin ratni zlo\u010dinac, ponadao se da \u201cruski autokratski re\u017eim\u201d ne\u0107e biti duga vijeka i ustvrdio da bi Hrvatska \u201cznala uzvratiti\u201d na ostvarivanje ruskih prijetnji. Hrvatski ministar vanjskih poslova kazao je u emisiji \u2018A sada Vlada\u2019 Hrvatskog radija da prijetnje ruskog [&hellip;]\" \/>\n<meta property=\"og:url\" content=\"https:\/\/radioljubuski.ba\/index.php\/2022\/03\/23\/grlic-radman-putin-je-ratni-zlocinac\/\" \/>\n<meta property=\"og:site_name\" content=\"RADIO LJUBU\u0160KI\" \/>\n<meta property=\"article:publisher\" content=\"https:\/\/www.facebook.com\/Radiio-Ljubuski-1490835324566332\" \/>\n<meta property=\"article:published_time\" content=\"2022-03-23T12:13:02+00:00\" \/>\n<meta property=\"article:modified_time\" content=\"2022-03-23T12:13:03+00:00\" \/>\n<meta property=\"og:image\" content=\"https:\/\/radioljubuski.ba\/wp-content\/uploads\/2021\/03\/grlic_radman_rtv_hb.png\" \/>\n\t<meta property=\"og:image:width\" content=\"840\" \/>\n\t<meta property=\"og:image:height\" content=\"470\" \/>\n\t<meta property=\"og:image:type\" content=\"image\/png\" \/>\n<meta name=\"author\" content=\"Radio Ljubu\u0161ki\" \/>\n<meta name=\"twitter:card\" content=\"summary_large_image\" \/>\n<meta name=\"twitter:creator\" content=\"@radioljubuski\" \/>\n<meta name=\"twitter:site\" content=\"@radioljubuski\" \/>\n<meta name=\"twitter:label1\" content=\"Napisao\/la\" \/>\n\t<meta name=\"twitter:data1\" content=\"Radio Ljubu\u0161ki\" \/>\n\t<meta name=\"twitter:label2\" content=\"Procijenjeno vrijeme \u010ditanja\" \/>\n\t<meta name=\"twitter:data2\" content=\"2 minute\" \/>\n<script type=\"application\/ld+json\" class=\"yoast-schema-graph\">{\"@context\":\"https:\\\/\\\/schema.org\",\"@graph\":[{\"@type\":\"Article\",\"@id\":\"https:\\\/\\\/radioljubuski.ba\\\/index.php\\\/2022\\\/03\\\/23\\\/grlic-radman-putin-je-ratni-zlocinac\\\/#article\",\"isPartOf\":{\"@id\":\"https:\\\/\\\/radioljubuski.ba\\\/index.php\\\/2022\\\/03\\\/23\\\/grlic-radman-putin-je-ratni-zlocinac\\\/\"},\"author\":{\"name\":\"Radio Ljubu\u0161ki\",\"@id\":\"https:\\\/\\\/radioljubuski.ba\\\/#\\\/schema\\\/person\\\/19fc700381a780f69665d7956c469e3b\"},\"headline\":\"Grli\u0107 Radman: Putin je ratni zlo\u010dinac\",\"datePublished\":\"2022-03-23T12:13:02+00:00\",\"dateModified\":\"2022-03-23T12:13:03+00:00\",\"mainEntityOfPage\":{\"@id\":\"https:\\\/\\\/radioljubuski.ba\\\/index.php\\\/2022\\\/03\\\/23\\\/grlic-radman-putin-je-ratni-zlocinac\\\/\"},\"wordCount\":457,\"publisher\":{\"@id\":\"https:\\\/\\\/radioljubuski.ba\\\/#organization\"},\"image\":{\"@id\":\"https:\\\/\\\/radioljubuski.ba\\\/index.php\\\/2022\\\/03\\\/23\\\/grlic-radman-putin-je-ratni-zlocinac\\\/#primaryimage\"},\"thumbnailUrl\":\"https:\\\/\\\/radioljubuski.ba\\\/wp-content\\\/uploads\\\/2021\\\/03\\\/grlic_radman_rtv_hb.png\",\"articleSection\":[\"BIH i regija\"],\"inLanguage\":\"hr\"},{\"@type\":\"WebPage\",\"@id\":\"https:\\\/\\\/radioljubuski.ba\\\/index.php\\\/2022\\\/03\\\/23\\\/grlic-radman-putin-je-ratni-zlocinac\\\/\",\"url\":\"https:\\\/\\\/radioljubuski.ba\\\/index.php\\\/2022\\\/03\\\/23\\\/grlic-radman-putin-je-ratni-zlocinac\\\/\",\"name\":\"Grli\u0107 Radman: Putin je ratni zlo\u010dinac - RADIO LJUBU\u0160KI\",\"isPartOf\":{\"@id\":\"https:\\\/\\\/radioljubuski.ba\\\/#website\"},\"primaryImageOfPage\":{\"@id\":\"https:\\\/\\\/radioljubuski.ba\\\/index.php\\\/2022\\\/03\\\/23\\\/grlic-radman-putin-je-ratni-zlocinac\\\/#primaryimage\"},\"image\":{\"@id\":\"https:\\\/\\\/radioljubuski.ba\\\/index.php\\\/2022\\\/03\\\/23\\\/grlic-radman-putin-je-ratni-zlocinac\\\/#primaryimage\"},\"thumbnailUrl\":\"https:\\\/\\\/radioljubuski.ba\\\/wp-content\\\/uploads\\\/2021\\\/03\\\/grlic_radman_rtv_hb.png\",\"datePublished\":\"2022-03-23T12:13:02+00:00\",\"dateModified\":\"2022-03-23T12:13:03+00:00\",\"breadcrumb\":{\"@id\":\"https:\\\/\\\/radioljubuski.ba\\\/index.php\\\/2022\\\/03\\\/23\\\/grlic-radman-putin-je-ratni-zlocinac\\\/#breadcrumb\"},\"inLanguage\":\"hr\",\"potentialAction\":[{\"@type\":\"ReadAction\",\"target\":[\"https:\\\/\\\/radioljubuski.ba\\\/index.php\\\/2022\\\/03\\\/23\\\/grlic-radman-putin-je-ratni-zlocinac\\\/\"]}]},{\"@type\":\"ImageObject\",\"inLanguage\":\"hr\",\"@id\":\"https:\\\/\\\/radioljubuski.ba\\\/index.php\\\/2022\\\/03\\\/23\\\/grlic-radman-putin-je-ratni-zlocinac\\\/#primaryimage\",\"url\":\"https:\\\/\\\/radioljubuski.ba\\\/wp-content\\\/uploads\\\/2021\\\/03\\\/grlic_radman_rtv_hb.png\",\"contentUrl\":\"https:\\\/\\\/radioljubuski.ba\\\/wp-content\\\/uploads\\\/2021\\\/03\\\/grlic_radman_rtv_hb.png\",\"width\":840,\"height\":470},{\"@type\":\"BreadcrumbList\",\"@id\":\"https:\\\/\\\/radioljubuski.ba\\\/index.php\\\/2022\\\/03\\\/23\\\/grlic-radman-putin-je-ratni-zlocinac\\\/#breadcrumb\",\"itemListElement\":[{\"@type\":\"ListItem\",\"position\":1,\"name\":\"Po\u010detna stranica\",\"item\":\"https:\\\/\\\/radioljubuski.ba\\\/\"},{\"@type\":\"ListItem\",\"position\":2,\"name\":\"Grli\u0107 Radman: Putin je ratni zlo\u010dinac\"}]},{\"@type\":\"WebSite\",\"@id\":\"https:\\\/\\\/radioljubuski.ba\\\/#website\",\"url\":\"https:\\\/\\\/radioljubuski.ba\\\/\",\"name\":\"Radio Ljubu\u0161ki\",\"description\":\"Sun\u010dana frekvencija Hercegovine\",\"publisher\":{\"@id\":\"https:\\\/\\\/radioljubuski.ba\\\/#organization\"},\"potentialAction\":[{\"@type\":\"SearchAction\",\"target\":{\"@type\":\"EntryPoint\",\"urlTemplate\":\"https:\\\/\\\/radioljubuski.ba\\\/?s={search_term_string}\"},\"query-input\":{\"@type\":\"PropertyValueSpecification\",\"valueRequired\":true,\"valueName\":\"search_term_string\"}}],\"inLanguage\":\"hr\"},{\"@type\":\"Organization\",\"@id\":\"https:\\\/\\\/radioljubuski.ba\\\/#organization\",\"name\":\"Radio Ljubu\u0161ki\",\"url\":\"https:\\\/\\\/radioljubuski.ba\\\/\",\"logo\":{\"@type\":\"ImageObject\",\"inLanguage\":\"hr\",\"@id\":\"https:\\\/\\\/radioljubuski.ba\\\/#\\\/schema\\\/logo\\\/image\\\/\",\"url\":\"https:\\\/\\\/radioljubuski.ba\\\/wp-content\\\/uploads\\\/2021\\\/02\\\/cropped-Radio_Ljubuski_logo1.jpg\",\"contentUrl\":\"https:\\\/\\\/radioljubuski.ba\\\/wp-content\\\/uploads\\\/2021\\\/02\\\/cropped-Radio_Ljubuski_logo1.jpg\",\"width\":512,\"height\":512,\"caption\":\"Radio Ljubu\u0161ki\"},\"image\":{\"@id\":\"https:\\\/\\\/radioljubuski.ba\\\/#\\\/schema\\\/logo\\\/image\\\/\"},\"sameAs\":[\"https:\\\/\\\/www.facebook.com\\\/Radiio-Ljubuski-1490835324566332\",\"https:\\\/\\\/x.com\\\/radioljubuski\",\"https:\\\/\\\/hr.linkedin.com\\\/company\\\/radio-ljubuski\",\"https:\\\/\\\/www.youtube.com\\\/channel\\\/UCHYaeO_n0Db3tjNGudGpXyw\"]},{\"@type\":\"Person\",\"@id\":\"https:\\\/\\\/radioljubuski.ba\\\/#\\\/schema\\\/person\\\/19fc700381a780f69665d7956c469e3b\",\"name\":\"Radio Ljubu\u0161ki\"}]}<\/script>\n<!-- \/ Yoast SEO plugin. -->","yoast_head_json":{"title":"Grli\u0107 Radman: Putin je ratni zlo\u010dinac - RADIO LJUBU\u0160KI","robots":{"index":"index","follow":"follow","max-snippet":"max-snippet:-1","max-image-preview":"max-image-preview:large","max-video-preview":"max-video-preview:-1"},"canonical":"https:\/\/radioljubuski.ba\/index.php\/2022\/03\/23\/grlic-radman-putin-je-ratni-zlocinac\/","og_locale":"hr_HR","og_type":"article","og_title":"Grli\u0107 Radman: Putin je ratni zlo\u010dinac - RADIO LJUBU\u0160KI","og_description":"Ministar vanjskih i europskih poslova Gordan Grli\u0107 Radman izjavio je u srijedu da je Vladimir Putin ratni zlo\u010dinac, ponadao se da \u201cruski autokratski re\u017eim\u201d ne\u0107e biti duga vijeka i ustvrdio da bi Hrvatska \u201cznala uzvratiti\u201d na ostvarivanje ruskih prijetnji. Hrvatski ministar vanjskih poslova kazao je u emisiji \u2018A sada Vlada\u2019 Hrvatskog radija da prijetnje ruskog [&hellip;]","og_url":"https:\/\/radioljubuski.ba\/index.php\/2022\/03\/23\/grlic-radman-putin-je-ratni-zlocinac\/","og_site_name":"RADIO LJUBU\u0160KI","article_publisher":"https:\/\/www.facebook.com\/Radiio-Ljubuski-1490835324566332","article_published_time":"2022-03-23T12:13:02+00:00","article_modified_time":"2022-03-23T12:13:03+00:00","og_image":[{"width":840,"height":470,"url":"https:\/\/radioljubuski.ba\/wp-content\/uploads\/2021\/03\/grlic_radman_rtv_hb.png","type":"image\/png"}],"author":"Radio Ljubu\u0161ki","twitter_card":"summary_large_image","twitter_creator":"@radioljubuski","twitter_site":"@radioljubuski","twitter_misc":{"Napisao\/la":"Radio Ljubu\u0161ki","Procijenjeno vrijeme \u010ditanja":"2 minute"},"schema":{"@context":"https:\/\/schema.org","@graph":[{"@type":"Article","@id":"https:\/\/radioljubuski.ba\/index.php\/2022\/03\/23\/grlic-radman-putin-je-ratni-zlocinac\/#article","isPartOf":{"@id":"https:\/\/radioljubuski.ba\/index.php\/2022\/03\/23\/grlic-radman-putin-je-ratni-zlocinac\/"},"author":{"name":"Radio Ljubu\u0161ki","@id":"https:\/\/radioljubuski.ba\/#\/schema\/person\/19fc700381a780f69665d7956c469e3b"},"headline":"Grli\u0107 Radman: Putin je ratni zlo\u010dinac","datePublished":"2022-03-23T12:13:02+00:00","dateModified":"2022-03-23T12:13:03+00:00","mainEntityOfPage":{"@id":"https:\/\/radioljubuski.ba\/index.php\/2022\/03\/23\/grlic-radman-putin-je-ratni-zlocinac\/"},"wordCount":457,"publisher":{"@id":"https:\/\/radioljubuski.ba\/#organization"},"image":{"@id":"https:\/\/radioljubuski.ba\/index.php\/2022\/03\/23\/grlic-radman-putin-je-ratni-zlocinac\/#primaryimage"},"thumbnailUrl":"https:\/\/radioljubuski.ba\/wp-content\/uploads\/2021\/03\/grlic_radman_rtv_hb.png","articleSection":["BIH i regija"],"inLanguage":"hr"},{"@type":"WebPage","@id":"https:\/\/radioljubuski.ba\/index.php\/2022\/03\/23\/grlic-radman-putin-je-ratni-zlocinac\/","url":"https:\/\/radioljubuski.ba\/index.php\/2022\/03\/23\/grlic-radman-putin-je-ratni-zlocinac\/","name":"Grli\u0107 Radman: Putin je ratni zlo\u010dinac - RADIO LJUBU\u0160KI","isPartOf":{"@id":"https:\/\/radioljubuski.ba\/#website"},"primaryImageOfPage":{"@id":"https:\/\/radioljubuski.ba\/index.php\/2022\/03\/23\/grlic-radman-putin-je-ratni-zlocinac\/#primaryimage"},"image":{"@id":"https:\/\/radioljubuski.ba\/index.php\/2022\/03\/23\/grlic-radman-putin-je-ratni-zlocinac\/#primaryimage"},"thumbnailUrl":"https:\/\/radioljubuski.ba\/wp-content\/uploads\/2021\/03\/grlic_radman_rtv_hb.png","datePublished":"2022-03-23T12:13:02+00:00","dateModified":"2022-03-23T12:13:03+00:00","breadcrumb":{"@id":"https:\/\/radioljubuski.ba\/index.php\/2022\/03\/23\/grlic-radman-putin-je-ratni-zlocinac\/#breadcrumb"},"inLanguage":"hr","potentialAction":[{"@type":"ReadAction","target":["https:\/\/radioljubuski.ba\/index.php\/2022\/03\/23\/grlic-radman-putin-je-ratni-zlocinac\/"]}]},{"@type":"ImageObject","inLanguage":"hr","@id":"https:\/\/radioljubuski.ba\/index.php\/2022\/03\/23\/grlic-radman-putin-je-ratni-zlocinac\/#primaryimage","url":"https:\/\/radioljubuski.ba\/wp-content\/uploads\/2021\/03\/grlic_radman_rtv_hb.png","contentUrl":"https:\/\/radioljubuski.ba\/wp-content\/uploads\/2021\/03\/grlic_radman_rtv_hb.png","width":840,"height":470},{"@type":"BreadcrumbList","@id":"https:\/\/radioljubuski.ba\/index.php\/2022\/03\/23\/grlic-radman-putin-je-ratni-zlocinac\/#breadcrumb","itemListElement":[{"@type":"ListItem","position":1,"name":"Po\u010detna stranica","item":"https:\/\/radioljubuski.ba\/"},{"@type":"ListItem","position":2,"name":"Grli\u0107 Radman: Putin je ratni zlo\u010dinac"}]},{"@type":"WebSite","@id":"https:\/\/radioljubuski.ba\/#website","url":"https:\/\/radioljubuski.ba\/","name":"Radio Ljubu\u0161ki","description":"Sun\u010dana frekvencija Hercegovine","publisher":{"@id":"https:\/\/radioljubuski.ba\/#organization"},"potentialAction":[{"@type":"SearchAction","target":{"@type":"EntryPoint","urlTemplate":"https:\/\/radioljubuski.ba\/?s={search_term_string}"},"query-input":{"@type":"PropertyValueSpecification","valueRequired":true,"valueName":"search_term_string"}}],"inLanguage":"hr"},{"@type":"Organization","@id":"https:\/\/radioljubuski.ba\/#organization","name":"Radio Ljubu\u0161ki","url":"https:\/\/radioljubuski.ba\/","logo":{"@type":"ImageObject","inLanguage":"hr","@id":"https:\/\/radioljubuski.ba\/#\/schema\/logo\/image\/","url":"https:\/\/radioljubuski.ba\/wp-content\/uploads\/2021\/02\/cropped-Radio_Ljubuski_logo1.jpg","contentUrl":"https:\/\/radioljubuski.ba\/wp-content\/uploads\/2021\/02\/cropped-Radio_Ljubuski_logo1.jpg","width":512,"height":512,"caption":"Radio Ljubu\u0161ki"},"image":{"@id":"https:\/\/radioljubuski.ba\/#\/schema\/logo\/image\/"},"sameAs":["https:\/\/www.facebook.com\/Radiio-Ljubuski-1490835324566332","https:\/\/x.com\/radioljubuski","https:\/\/hr.linkedin.com\/company\/radio-ljubuski","https:\/\/www.youtube.com\/channel\/UCHYaeO_n0Db3tjNGudGpXyw"]},{"@type":"Person","@id":"https:\/\/radioljubuski.ba\/#\/schema\/person\/19fc700381a780f69665d7956c469e3b","name":"Radio Ljubu\u0161ki"}]}},"_links":{"self":[{"href":"https:\/\/radioljubuski.ba\/index.php\/wp-json\/wp\/v2\/posts\/124271","targetHints":{"allow":["GET"]}}],"collection":[{"href":"https:\/\/radioljubuski.ba\/index.php\/wp-json\/wp\/v2\/posts"}],"about":[{"href":"https:\/\/radioljubuski.ba\/index.php\/wp-json\/wp\/v2\/types\/post"}],"author":[{"embeddable":true,"href":"https:\/\/radioljubuski.ba\/index.php\/wp-json\/wp\/v2\/users\/2"}],"replies":[{"embeddable":true,"href":"https:\/\/radioljubuski.ba\/index.php\/wp-json\/wp\/v2\/comments?post=124271"}],"version-history":[{"count":1,"href":"https:\/\/radioljubuski.ba\/index.php\/wp-json\/wp\/v2\/posts\/124271\/revisions"}],"predecessor-version":[{"id":124272,"href":"https:\/\/radioljubuski.ba\/index.php\/wp-json\/wp\/v2\/posts\/124271\/revisions\/124272"}],"wp:featuredmedia":[{"embeddable":true,"href":"https:\/\/radioljubuski.ba\/index.php\/wp-json\/wp\/v2\/media\/5914"}],"wp:attachment":[{"href":"https:\/\/radioljubuski.ba\/index.php\/wp-json\/wp\/v2\/media?parent=124271"}],"wp:term":[{"taxonomy":"category","embeddable":true,"href":"https:\/\/radioljubuski.ba\/index.php\/wp-json\/wp\/v2\/categories?post=124271"},{"taxonomy":"post_tag","embeddable":true,"href":"https:\/\/radioljubuski.ba\/index.php\/wp-json\/wp\/v2\/tags?post=124271"}],"curies":[{"name":"wp","href":"https:\/\/api.w.org\/{rel}","templated":true}]}}