{"id":124304,"date":"2022-03-23T14:50:54","date_gmt":"2022-03-23T13:50:54","guid":{"rendered":"https:\/\/radioljubuski.ba\/?p=124304"},"modified":"2022-03-23T14:50:56","modified_gmt":"2022-03-23T13:50:56","slug":"o-manevrima-helikoptera-u-sirokom-brijegu-oglasilo-se-ministarstvo-obrane","status":"publish","type":"post","link":"https:\/\/radioljubuski.ba\/index.php\/2022\/03\/23\/o-manevrima-helikoptera-u-sirokom-brijegu-oglasilo-se-ministarstvo-obrane\/","title":{"rendered":"O manevrima helikoptera u \u0160irokom Brijegu oglasilo se Ministarstvo obrane"},"content":{"rendered":"\n<h5 class=\"wp-block-heading\">Ministarstvo obrane BiH oglasilo se u srijedu ujutro povodom upita portala Jabuka.tv o djelovanju helikoptera u utorak na podru\u010dju \u0160irokoga Brijega.<\/h5>\n\n\n\n<p><em>Radilo je se o&nbsp;<strong>redovnom trena\u017enom letenju<\/strong>&nbsp;helikoptera Oru\u017eanih snaga BiH tipa&nbsp;<strong>UH1H<\/strong>, po vje\u017ebovnim mar\u0161utama sa slijetanjima. Helikopter je u sastavu&nbsp;<strong>2. helikopterske eskadrile<\/strong>&nbsp;Oru\u017eanih snaga BiH u Rajlovcu<\/em>, rekli su za portal<strong>&nbsp;Jabuka.tv<\/strong>&nbsp;iz Ministarstva obrane BiH.<\/p>\n\n\n\n<p>Nakon \u0161to nam se na niz telefonskih poziva tijekom utorka u Uredu za odnose s javno\u0161\u0107u MO BiH\u00a0<strong>nitko nije javljao<\/strong>, u poslijepodnevnim satima poslali smo upit e-mailom te smo odgovor iznad dobili u srijedu u 9:30 sati.<\/p>\n\n\n\n<p>No, Ministarstvo obrane smo nakon toga pitali je li praksa da helikopteri tijekom vje\u017ebi&nbsp;<strong>slije\u0107u na privatno zemlji\u0161te<\/strong>&nbsp;te je li praksa da se o vojnim vje\u017ebama<strong>&nbsp;obavijesti javnost<\/strong>, odgovor nismo dobili ni nekoliko sati nakon poslanog upita. Kada, i ako, dobijemo novi odgovor, objavit \u0107emo ga.<img loading=\"lazy\" decoding=\"async\" src=\"https:\/\/www.jabuka.tv\/wp-content\/uploads\/2022\/03\/helikopter-mokro.jpg\" alt=\"\" width=\"1000\" height=\"643\" srcset=\"https:\/\/www.jabuka.tv\/wp-content\/uploads\/2022\/03\/helikopter-mokro.jpg 1000w, https:\/\/www.jabuka.tv\/wp-content\/uploads\/2022\/03\/helikopter-mokro-300x193.jpg 300w, https:\/\/www.jabuka.tv\/wp-content\/uploads\/2022\/03\/helikopter-mokro-768x494.jpg 768w, https:\/\/www.jabuka.tv\/wp-content\/uploads\/2022\/03\/helikopter-mokro-810x521.jpg 810w\"><\/p>\n\n\n\n<p id=\"caption-attachment-534930\">Helikopter OS BiH sletio je na privatno zemlji\u0161te<\/p>\n\n\n\n<p>Podsje\u0107amo, u utorak oko podneva helikopter je&nbsp;<strong>nisko letio<\/strong>&nbsp;iznad ku\u0107a u naselju&nbsp;<strong>Brig<\/strong>&nbsp;te u selima&nbsp;<strong>Mokro<\/strong>&nbsp;i&nbsp;<strong>Tur\u010dinovi\u0107i<\/strong>&nbsp;da bi potom&nbsp;<strong>sletio na Mokarsko polje<\/strong>&nbsp;na privatno zemlji\u0161te. Takav manevar izazvao je<strong>&nbsp;uznemirenost kod mje\u0161tana<\/strong>.<\/p>\n\n\n\n<p>Helikopter je\u00a0<strong>ubrzo poletio<\/strong>\u00a0te napustio zra\u010dni prostor \u0160irokoga Brijega.<\/p>\n\n\n\n<iframe loading=\"lazy\" width=\"560\" height=\"315\" src=\"https:\/\/www.youtube.com\/embed\/h58-XY6BI0w\" title=\"YouTube video player\" frameborder=\"0\" allow=\"accelerometer; autoplay; clipboard-write; encrypted-media; gyroscope; picture-in-picture\" allowfullscreen><\/iframe>\n\n\n\n<p><strong>Izvor: Jabuka.tv<\/strong><\/p>\n","protected":false},"excerpt":{"rendered":"<p>Ministarstvo obrane BiH oglasilo se u srijedu ujutro povodom upita portala Jabuka.tv o djelovanju helikoptera u utorak na podru\u010dju \u0160irokoga Brijega. Radilo je se o&nbsp;redovnom trena\u017enom letenju&nbsp;helikoptera Oru\u017eanih snaga BiH tipa&nbsp;UH1H, po vje\u017ebovnim mar\u0161utama sa slijetanjima. Helikopter je u sastavu&nbsp;2. helikopterske eskadrile&nbsp;Oru\u017eanih snaga BiH u Rajlovcu, rekli su za portal&nbsp;Jabuka.tv&nbsp;iz Ministarstva obrane BiH. Nakon \u0161to [&hellip;]<\/p>\n","protected":false},"author":2,"featured_media":124305,"comment_status":"closed","ping_status":"closed","sticky":false,"template":"","format":"standard","meta":{"h5ap_radio_sources":[],"footnotes":""},"categories":[1],"tags":[],"class_list":["post-124304","post","type-post","status-publish","format-standard","has-post-thumbnail","hentry","category-bihiregija"],"yoast_head":"<!-- This site is optimized with the Yoast SEO plugin v27.4 - https:\/\/yoast.com\/product\/yoast-seo-wordpress\/ -->\n<title>O manevrima helikoptera u \u0160irokom Brijegu oglasilo se Ministarstvo obrane - RADIO LJUBU\u0160KI<\/title>\n<meta name=\"robots\" content=\"index, follow, max-snippet:-1, max-image-preview:large, max-video-preview:-1\" \/>\n<link rel=\"canonical\" href=\"https:\/\/radioljubuski.ba\/index.php\/2022\/03\/23\/o-manevrima-helikoptera-u-sirokom-brijegu-oglasilo-se-ministarstvo-obrane\/\" \/>\n<meta property=\"og:locale\" content=\"hr_HR\" \/>\n<meta property=\"og:type\" content=\"article\" \/>\n<meta property=\"og:title\" content=\"O manevrima helikoptera u \u0160irokom Brijegu oglasilo se Ministarstvo obrane - RADIO LJUBU\u0160KI\" \/>\n<meta property=\"og:description\" content=\"Ministarstvo obrane BiH oglasilo se u srijedu ujutro povodom upita portala Jabuka.tv o djelovanju helikoptera u utorak na podru\u010dju \u0160irokoga Brijega. Radilo je se o&nbsp;redovnom trena\u017enom letenju&nbsp;helikoptera Oru\u017eanih snaga BiH tipa&nbsp;UH1H, po vje\u017ebovnim mar\u0161utama sa slijetanjima. Helikopter je u sastavu&nbsp;2. helikopterske eskadrile&nbsp;Oru\u017eanih snaga BiH u Rajlovcu, rekli su za portal&nbsp;Jabuka.tv&nbsp;iz Ministarstva obrane BiH. Nakon \u0161to [&hellip;]\" \/>\n<meta property=\"og:url\" content=\"https:\/\/radioljubuski.ba\/index.php\/2022\/03\/23\/o-manevrima-helikoptera-u-sirokom-brijegu-oglasilo-se-ministarstvo-obrane\/\" \/>\n<meta property=\"og:site_name\" content=\"RADIO LJUBU\u0160KI\" \/>\n<meta property=\"article:publisher\" content=\"https:\/\/www.facebook.com\/Radiio-Ljubuski-1490835324566332\" \/>\n<meta property=\"article:published_time\" content=\"2022-03-23T13:50:54+00:00\" \/>\n<meta property=\"article:modified_time\" content=\"2022-03-23T13:50:56+00:00\" \/>\n<meta property=\"og:image\" content=\"https:\/\/radioljubuski.ba\/wp-content\/uploads\/2022\/03\/helikopteri.jpg\" \/>\n\t<meta property=\"og:image:width\" content=\"810\" \/>\n\t<meta property=\"og:image:height\" content=\"559\" \/>\n\t<meta property=\"og:image:type\" content=\"image\/jpeg\" \/>\n<meta name=\"author\" content=\"Radio Ljubu\u0161ki\" \/>\n<meta name=\"twitter:card\" content=\"summary_large_image\" \/>\n<meta name=\"twitter:creator\" content=\"@radioljubuski\" \/>\n<meta name=\"twitter:site\" content=\"@radioljubuski\" \/>\n<meta name=\"twitter:label1\" content=\"Napisao\/la\" \/>\n\t<meta name=\"twitter:data1\" content=\"Radio Ljubu\u0161ki\" \/>\n\t<meta name=\"twitter:label2\" content=\"Procijenjeno vrijeme \u010ditanja\" \/>\n\t<meta name=\"twitter:data2\" content=\"2 minute\" \/>\n<script type=\"application\/ld+json\" class=\"yoast-schema-graph\">{\"@context\":\"https:\\\/\\\/schema.org\",\"@graph\":[{\"@type\":\"Article\",\"@id\":\"https:\\\/\\\/radioljubuski.ba\\\/index.php\\\/2022\\\/03\\\/23\\\/o-manevrima-helikoptera-u-sirokom-brijegu-oglasilo-se-ministarstvo-obrane\\\/#article\",\"isPartOf\":{\"@id\":\"https:\\\/\\\/radioljubuski.ba\\\/index.php\\\/2022\\\/03\\\/23\\\/o-manevrima-helikoptera-u-sirokom-brijegu-oglasilo-se-ministarstvo-obrane\\\/\"},\"author\":{\"name\":\"Radio Ljubu\u0161ki\",\"@id\":\"https:\\\/\\\/radioljubuski.ba\\\/#\\\/schema\\\/person\\\/19fc700381a780f69665d7956c469e3b\"},\"headline\":\"O manevrima helikoptera u \u0160irokom Brijegu oglasilo se Ministarstvo obrane\",\"datePublished\":\"2022-03-23T13:50:54+00:00\",\"dateModified\":\"2022-03-23T13:50:56+00:00\",\"mainEntityOfPage\":{\"@id\":\"https:\\\/\\\/radioljubuski.ba\\\/index.php\\\/2022\\\/03\\\/23\\\/o-manevrima-helikoptera-u-sirokom-brijegu-oglasilo-se-ministarstvo-obrane\\\/\"},\"wordCount\":254,\"publisher\":{\"@id\":\"https:\\\/\\\/radioljubuski.ba\\\/#organization\"},\"image\":{\"@id\":\"https:\\\/\\\/radioljubuski.ba\\\/index.php\\\/2022\\\/03\\\/23\\\/o-manevrima-helikoptera-u-sirokom-brijegu-oglasilo-se-ministarstvo-obrane\\\/#primaryimage\"},\"thumbnailUrl\":\"https:\\\/\\\/radioljubuski.ba\\\/wp-content\\\/uploads\\\/2022\\\/03\\\/helikopteri.jpg\",\"articleSection\":[\"BIH i regija\"],\"inLanguage\":\"hr\"},{\"@type\":\"WebPage\",\"@id\":\"https:\\\/\\\/radioljubuski.ba\\\/index.php\\\/2022\\\/03\\\/23\\\/o-manevrima-helikoptera-u-sirokom-brijegu-oglasilo-se-ministarstvo-obrane\\\/\",\"url\":\"https:\\\/\\\/radioljubuski.ba\\\/index.php\\\/2022\\\/03\\\/23\\\/o-manevrima-helikoptera-u-sirokom-brijegu-oglasilo-se-ministarstvo-obrane\\\/\",\"name\":\"O manevrima helikoptera u \u0160irokom Brijegu oglasilo se Ministarstvo obrane - RADIO LJUBU\u0160KI\",\"isPartOf\":{\"@id\":\"https:\\\/\\\/radioljubuski.ba\\\/#website\"},\"primaryImageOfPage\":{\"@id\":\"https:\\\/\\\/radioljubuski.ba\\\/index.php\\\/2022\\\/03\\\/23\\\/o-manevrima-helikoptera-u-sirokom-brijegu-oglasilo-se-ministarstvo-obrane\\\/#primaryimage\"},\"image\":{\"@id\":\"https:\\\/\\\/radioljubuski.ba\\\/index.php\\\/2022\\\/03\\\/23\\\/o-manevrima-helikoptera-u-sirokom-brijegu-oglasilo-se-ministarstvo-obrane\\\/#primaryimage\"},\"thumbnailUrl\":\"https:\\\/\\\/radioljubuski.ba\\\/wp-content\\\/uploads\\\/2022\\\/03\\\/helikopteri.jpg\",\"datePublished\":\"2022-03-23T13:50:54+00:00\",\"dateModified\":\"2022-03-23T13:50:56+00:00\",\"breadcrumb\":{\"@id\":\"https:\\\/\\\/radioljubuski.ba\\\/index.php\\\/2022\\\/03\\\/23\\\/o-manevrima-helikoptera-u-sirokom-brijegu-oglasilo-se-ministarstvo-obrane\\\/#breadcrumb\"},\"inLanguage\":\"hr\",\"potentialAction\":[{\"@type\":\"ReadAction\",\"target\":[\"https:\\\/\\\/radioljubuski.ba\\\/index.php\\\/2022\\\/03\\\/23\\\/o-manevrima-helikoptera-u-sirokom-brijegu-oglasilo-se-ministarstvo-obrane\\\/\"]}]},{\"@type\":\"ImageObject\",\"inLanguage\":\"hr\",\"@id\":\"https:\\\/\\\/radioljubuski.ba\\\/index.php\\\/2022\\\/03\\\/23\\\/o-manevrima-helikoptera-u-sirokom-brijegu-oglasilo-se-ministarstvo-obrane\\\/#primaryimage\",\"url\":\"https:\\\/\\\/radioljubuski.ba\\\/wp-content\\\/uploads\\\/2022\\\/03\\\/helikopteri.jpg\",\"contentUrl\":\"https:\\\/\\\/radioljubuski.ba\\\/wp-content\\\/uploads\\\/2022\\\/03\\\/helikopteri.jpg\",\"width\":810,\"height\":559},{\"@type\":\"BreadcrumbList\",\"@id\":\"https:\\\/\\\/radioljubuski.ba\\\/index.php\\\/2022\\\/03\\\/23\\\/o-manevrima-helikoptera-u-sirokom-brijegu-oglasilo-se-ministarstvo-obrane\\\/#breadcrumb\",\"itemListElement\":[{\"@type\":\"ListItem\",\"position\":1,\"name\":\"Po\u010detna stranica\",\"item\":\"https:\\\/\\\/radioljubuski.ba\\\/\"},{\"@type\":\"ListItem\",\"position\":2,\"name\":\"O manevrima helikoptera u \u0160irokom Brijegu oglasilo se Ministarstvo obrane\"}]},{\"@type\":\"WebSite\",\"@id\":\"https:\\\/\\\/radioljubuski.ba\\\/#website\",\"url\":\"https:\\\/\\\/radioljubuski.ba\\\/\",\"name\":\"Radio Ljubu\u0161ki\",\"description\":\"Sun\u010dana frekvencija Hercegovine\",\"publisher\":{\"@id\":\"https:\\\/\\\/radioljubuski.ba\\\/#organization\"},\"potentialAction\":[{\"@type\":\"SearchAction\",\"target\":{\"@type\":\"EntryPoint\",\"urlTemplate\":\"https:\\\/\\\/radioljubuski.ba\\\/?s={search_term_string}\"},\"query-input\":{\"@type\":\"PropertyValueSpecification\",\"valueRequired\":true,\"valueName\":\"search_term_string\"}}],\"inLanguage\":\"hr\"},{\"@type\":\"Organization\",\"@id\":\"https:\\\/\\\/radioljubuski.ba\\\/#organization\",\"name\":\"Radio Ljubu\u0161ki\",\"url\":\"https:\\\/\\\/radioljubuski.ba\\\/\",\"logo\":{\"@type\":\"ImageObject\",\"inLanguage\":\"hr\",\"@id\":\"https:\\\/\\\/radioljubuski.ba\\\/#\\\/schema\\\/logo\\\/image\\\/\",\"url\":\"https:\\\/\\\/radioljubuski.ba\\\/wp-content\\\/uploads\\\/2021\\\/02\\\/cropped-Radio_Ljubuski_logo1.jpg\",\"contentUrl\":\"https:\\\/\\\/radioljubuski.ba\\\/wp-content\\\/uploads\\\/2021\\\/02\\\/cropped-Radio_Ljubuski_logo1.jpg\",\"width\":512,\"height\":512,\"caption\":\"Radio Ljubu\u0161ki\"},\"image\":{\"@id\":\"https:\\\/\\\/radioljubuski.ba\\\/#\\\/schema\\\/logo\\\/image\\\/\"},\"sameAs\":[\"https:\\\/\\\/www.facebook.com\\\/Radiio-Ljubuski-1490835324566332\",\"https:\\\/\\\/x.com\\\/radioljubuski\",\"https:\\\/\\\/hr.linkedin.com\\\/company\\\/radio-ljubuski\",\"https:\\\/\\\/www.youtube.com\\\/channel\\\/UCHYaeO_n0Db3tjNGudGpXyw\"]},{\"@type\":\"Person\",\"@id\":\"https:\\\/\\\/radioljubuski.ba\\\/#\\\/schema\\\/person\\\/19fc700381a780f69665d7956c469e3b\",\"name\":\"Radio Ljubu\u0161ki\"}]}<\/script>\n<!-- \/ Yoast SEO plugin. -->","yoast_head_json":{"title":"O manevrima helikoptera u \u0160irokom Brijegu oglasilo se Ministarstvo obrane - RADIO LJUBU\u0160KI","robots":{"index":"index","follow":"follow","max-snippet":"max-snippet:-1","max-image-preview":"max-image-preview:large","max-video-preview":"max-video-preview:-1"},"canonical":"https:\/\/radioljubuski.ba\/index.php\/2022\/03\/23\/o-manevrima-helikoptera-u-sirokom-brijegu-oglasilo-se-ministarstvo-obrane\/","og_locale":"hr_HR","og_type":"article","og_title":"O manevrima helikoptera u \u0160irokom Brijegu oglasilo se Ministarstvo obrane - RADIO LJUBU\u0160KI","og_description":"Ministarstvo obrane BiH oglasilo se u srijedu ujutro povodom upita portala Jabuka.tv o djelovanju helikoptera u utorak na podru\u010dju \u0160irokoga Brijega. Radilo je se o&nbsp;redovnom trena\u017enom letenju&nbsp;helikoptera Oru\u017eanih snaga BiH tipa&nbsp;UH1H, po vje\u017ebovnim mar\u0161utama sa slijetanjima. Helikopter je u sastavu&nbsp;2. helikopterske eskadrile&nbsp;Oru\u017eanih snaga BiH u Rajlovcu, rekli su za portal&nbsp;Jabuka.tv&nbsp;iz Ministarstva obrane BiH. Nakon \u0161to [&hellip;]","og_url":"https:\/\/radioljubuski.ba\/index.php\/2022\/03\/23\/o-manevrima-helikoptera-u-sirokom-brijegu-oglasilo-se-ministarstvo-obrane\/","og_site_name":"RADIO LJUBU\u0160KI","article_publisher":"https:\/\/www.facebook.com\/Radiio-Ljubuski-1490835324566332","article_published_time":"2022-03-23T13:50:54+00:00","article_modified_time":"2022-03-23T13:50:56+00:00","og_image":[{"width":810,"height":559,"url":"https:\/\/radioljubuski.ba\/wp-content\/uploads\/2022\/03\/helikopteri.jpg","type":"image\/jpeg"}],"author":"Radio Ljubu\u0161ki","twitter_card":"summary_large_image","twitter_creator":"@radioljubuski","twitter_site":"@radioljubuski","twitter_misc":{"Napisao\/la":"Radio Ljubu\u0161ki","Procijenjeno vrijeme \u010ditanja":"2 minute"},"schema":{"@context":"https:\/\/schema.org","@graph":[{"@type":"Article","@id":"https:\/\/radioljubuski.ba\/index.php\/2022\/03\/23\/o-manevrima-helikoptera-u-sirokom-brijegu-oglasilo-se-ministarstvo-obrane\/#article","isPartOf":{"@id":"https:\/\/radioljubuski.ba\/index.php\/2022\/03\/23\/o-manevrima-helikoptera-u-sirokom-brijegu-oglasilo-se-ministarstvo-obrane\/"},"author":{"name":"Radio Ljubu\u0161ki","@id":"https:\/\/radioljubuski.ba\/#\/schema\/person\/19fc700381a780f69665d7956c469e3b"},"headline":"O manevrima helikoptera u \u0160irokom Brijegu oglasilo se Ministarstvo obrane","datePublished":"2022-03-23T13:50:54+00:00","dateModified":"2022-03-23T13:50:56+00:00","mainEntityOfPage":{"@id":"https:\/\/radioljubuski.ba\/index.php\/2022\/03\/23\/o-manevrima-helikoptera-u-sirokom-brijegu-oglasilo-se-ministarstvo-obrane\/"},"wordCount":254,"publisher":{"@id":"https:\/\/radioljubuski.ba\/#organization"},"image":{"@id":"https:\/\/radioljubuski.ba\/index.php\/2022\/03\/23\/o-manevrima-helikoptera-u-sirokom-brijegu-oglasilo-se-ministarstvo-obrane\/#primaryimage"},"thumbnailUrl":"https:\/\/radioljubuski.ba\/wp-content\/uploads\/2022\/03\/helikopteri.jpg","articleSection":["BIH i regija"],"inLanguage":"hr"},{"@type":"WebPage","@id":"https:\/\/radioljubuski.ba\/index.php\/2022\/03\/23\/o-manevrima-helikoptera-u-sirokom-brijegu-oglasilo-se-ministarstvo-obrane\/","url":"https:\/\/radioljubuski.ba\/index.php\/2022\/03\/23\/o-manevrima-helikoptera-u-sirokom-brijegu-oglasilo-se-ministarstvo-obrane\/","name":"O manevrima helikoptera u \u0160irokom Brijegu oglasilo se Ministarstvo obrane - RADIO LJUBU\u0160KI","isPartOf":{"@id":"https:\/\/radioljubuski.ba\/#website"},"primaryImageOfPage":{"@id":"https:\/\/radioljubuski.ba\/index.php\/2022\/03\/23\/o-manevrima-helikoptera-u-sirokom-brijegu-oglasilo-se-ministarstvo-obrane\/#primaryimage"},"image":{"@id":"https:\/\/radioljubuski.ba\/index.php\/2022\/03\/23\/o-manevrima-helikoptera-u-sirokom-brijegu-oglasilo-se-ministarstvo-obrane\/#primaryimage"},"thumbnailUrl":"https:\/\/radioljubuski.ba\/wp-content\/uploads\/2022\/03\/helikopteri.jpg","datePublished":"2022-03-23T13:50:54+00:00","dateModified":"2022-03-23T13:50:56+00:00","breadcrumb":{"@id":"https:\/\/radioljubuski.ba\/index.php\/2022\/03\/23\/o-manevrima-helikoptera-u-sirokom-brijegu-oglasilo-se-ministarstvo-obrane\/#breadcrumb"},"inLanguage":"hr","potentialAction":[{"@type":"ReadAction","target":["https:\/\/radioljubuski.ba\/index.php\/2022\/03\/23\/o-manevrima-helikoptera-u-sirokom-brijegu-oglasilo-se-ministarstvo-obrane\/"]}]},{"@type":"ImageObject","inLanguage":"hr","@id":"https:\/\/radioljubuski.ba\/index.php\/2022\/03\/23\/o-manevrima-helikoptera-u-sirokom-brijegu-oglasilo-se-ministarstvo-obrane\/#primaryimage","url":"https:\/\/radioljubuski.ba\/wp-content\/uploads\/2022\/03\/helikopteri.jpg","contentUrl":"https:\/\/radioljubuski.ba\/wp-content\/uploads\/2022\/03\/helikopteri.jpg","width":810,"height":559},{"@type":"BreadcrumbList","@id":"https:\/\/radioljubuski.ba\/index.php\/2022\/03\/23\/o-manevrima-helikoptera-u-sirokom-brijegu-oglasilo-se-ministarstvo-obrane\/#breadcrumb","itemListElement":[{"@type":"ListItem","position":1,"name":"Po\u010detna stranica","item":"https:\/\/radioljubuski.ba\/"},{"@type":"ListItem","position":2,"name":"O manevrima helikoptera u \u0160irokom Brijegu oglasilo se Ministarstvo obrane"}]},{"@type":"WebSite","@id":"https:\/\/radioljubuski.ba\/#website","url":"https:\/\/radioljubuski.ba\/","name":"Radio Ljubu\u0161ki","description":"Sun\u010dana frekvencija Hercegovine","publisher":{"@id":"https:\/\/radioljubuski.ba\/#organization"},"potentialAction":[{"@type":"SearchAction","target":{"@type":"EntryPoint","urlTemplate":"https:\/\/radioljubuski.ba\/?s={search_term_string}"},"query-input":{"@type":"PropertyValueSpecification","valueRequired":true,"valueName":"search_term_string"}}],"inLanguage":"hr"},{"@type":"Organization","@id":"https:\/\/radioljubuski.ba\/#organization","name":"Radio Ljubu\u0161ki","url":"https:\/\/radioljubuski.ba\/","logo":{"@type":"ImageObject","inLanguage":"hr","@id":"https:\/\/radioljubuski.ba\/#\/schema\/logo\/image\/","url":"https:\/\/radioljubuski.ba\/wp-content\/uploads\/2021\/02\/cropped-Radio_Ljubuski_logo1.jpg","contentUrl":"https:\/\/radioljubuski.ba\/wp-content\/uploads\/2021\/02\/cropped-Radio_Ljubuski_logo1.jpg","width":512,"height":512,"caption":"Radio Ljubu\u0161ki"},"image":{"@id":"https:\/\/radioljubuski.ba\/#\/schema\/logo\/image\/"},"sameAs":["https:\/\/www.facebook.com\/Radiio-Ljubuski-1490835324566332","https:\/\/x.com\/radioljubuski","https:\/\/hr.linkedin.com\/company\/radio-ljubuski","https:\/\/www.youtube.com\/channel\/UCHYaeO_n0Db3tjNGudGpXyw"]},{"@type":"Person","@id":"https:\/\/radioljubuski.ba\/#\/schema\/person\/19fc700381a780f69665d7956c469e3b","name":"Radio Ljubu\u0161ki"}]}},"_links":{"self":[{"href":"https:\/\/radioljubuski.ba\/index.php\/wp-json\/wp\/v2\/posts\/124304","targetHints":{"allow":["GET"]}}],"collection":[{"href":"https:\/\/radioljubuski.ba\/index.php\/wp-json\/wp\/v2\/posts"}],"about":[{"href":"https:\/\/radioljubuski.ba\/index.php\/wp-json\/wp\/v2\/types\/post"}],"author":[{"embeddable":true,"href":"https:\/\/radioljubuski.ba\/index.php\/wp-json\/wp\/v2\/users\/2"}],"replies":[{"embeddable":true,"href":"https:\/\/radioljubuski.ba\/index.php\/wp-json\/wp\/v2\/comments?post=124304"}],"version-history":[{"count":1,"href":"https:\/\/radioljubuski.ba\/index.php\/wp-json\/wp\/v2\/posts\/124304\/revisions"}],"predecessor-version":[{"id":124306,"href":"https:\/\/radioljubuski.ba\/index.php\/wp-json\/wp\/v2\/posts\/124304\/revisions\/124306"}],"wp:featuredmedia":[{"embeddable":true,"href":"https:\/\/radioljubuski.ba\/index.php\/wp-json\/wp\/v2\/media\/124305"}],"wp:attachment":[{"href":"https:\/\/radioljubuski.ba\/index.php\/wp-json\/wp\/v2\/media?parent=124304"}],"wp:term":[{"taxonomy":"category","embeddable":true,"href":"https:\/\/radioljubuski.ba\/index.php\/wp-json\/wp\/v2\/categories?post=124304"},{"taxonomy":"post_tag","embeddable":true,"href":"https:\/\/radioljubuski.ba\/index.php\/wp-json\/wp\/v2\/tags?post=124304"}],"curies":[{"name":"wp","href":"https:\/\/api.w.org\/{rel}","templated":true}]}}