{"id":124364,"date":"2022-03-24T00:47:34","date_gmt":"2022-03-23T23:47:34","guid":{"rendered":"https:\/\/radioljubuski.ba\/?p=124364"},"modified":"2022-03-24T00:47:35","modified_gmt":"2022-03-23T23:47:35","slug":"ukrajinka-i-bosanac-se-spakirali-za-sat-i-dosli-u-bih-moju-kucu-jos-cuva-bog","status":"publish","type":"post","link":"https:\/\/radioljubuski.ba\/index.php\/2022\/03\/24\/ukrajinka-i-bosanac-se-spakirali-za-sat-i-dosli-u-bih-moju-kucu-jos-cuva-bog\/","title":{"rendered":"Ukrajinka i Bosanac se spakirali za sat i do\u0161li u BiH: \u201cMoju ku\u0107u jo\u0161 \u010duva Bog\u201d"},"content":{"rendered":"\n<p>Ukrajinka Olena i njezin suprug iz BiH Zehrid Vi\u0161\u0107a krajem velja\u010de su pobjegli od rata iz Ukrajine. Za njima su u me\u0111uvremenu do\u0161li i brojni \u010dlanovima Olenine obitelji, \u017eene, djeca, starci.<\/p>\n\n\n\n<p>Svi \u017eive u mjestu \u010cuni\u0161ta, 10-ak kilometara od Olova. Za sada \u017eele ostati ovdje no strahuju zbog dozvola, papira i procedura. Nadle\u017eni pak tvrde kako nitko iz Ukrajine tko potra\u017ei uto\u010di\u0161te ovdje ne\u0107e biti vra\u0107en, niti \u0107e biti protjeran. Ljudmila, kojoj \u0107e uskoro 80 godina ka\u017ee, kako se sje\u0107a da joj je majka govorila, u \u017eivotu je najstra\u0161niji rat. Uni\u0161tavanje, strah, smrt. Upravo je od rata pobjegla iz svoje zemlje. Umjesto eksplozija u Dnjipru, sada \u010duje \u017euborenje obli\u017enje rijeke Krivaje, dok dane provodi u mirnom mjestu nadomak Olova. No, suprug Anatolija i ona, mislima su ostali u svojoj zemlji, javlja N1.<\/p>\n\n\n\n<p>&nbsp;\u201cTamo mi je ostala k\u0107i i zet koji rade kao volonteri, a unuk koji ima 27 godina \u010deka mobilizaciju u ukrajinsku vojsku. U \u010detiri sata ujutro probudilo nas je pucanje. Sin je nazvao i rekao \u2013 mama spremajte se, rat je. Rat? Nismo vjerovali. Ne, nije rat. Zra\u010dna luka, skladi\u0161te u na\u0161em gradu su sru\u0161ili. Sada ru\u0161e Harkiv, Kijev, uni\u0161tavaju ukrajinske gradove, ostaje samo kamenje. Svako jutro ustajem rano, zovem k\u0107erku, pitam kako su, jer ih svaku no\u0107 granatiraju. Avioni, rakete. Moju ku\u0107u jo\u0161 \u010duva Bog, ali morali smo je napustiti, jer svaku minutu mogu napasti\u201d, rekla je Ljudmila. Kofere su spremili za sat vremena i do\u0161li u BiH. Ljudi su, ka\u017eu Ljudmila i Anatolij, bri\u017eni, suosje\u0107ajni, susjedi su dobre prema njima. Oni znaju, kako je to, pre\u017eivjeli su rat, ka\u017ee Ljudmila. Ovdje \u017eele ostati, dok rat ne zavr\u0161i. \u201cAli u Ukrajini je moje korijene, moje drvo, ja sam tamo srcem i mislima, iako mi se BiH jako svi\u0111a, BiH je jako dobra, meni nedostaje moja Ukrajina\u201d, govori Ljudmila.<\/p>\n\n\n\n<p>S njima ovdje borave jo\u0161 \u010dlanova obitelji, prete\u017eito \u017eene s djecom, koji su tako\u0111er pobjegli iz ukrajinskog pakla. Rije\u010d je o obiteljskoj ku\u0107i Zehrida Vi\u0161\u0107e. Dr\u017eavljanina BiH koji je o\u017eenio njihovu k\u0107erku Olenu, koja od institucija nije htjela tra\u017eiti azil, jer ka\u017ee \u201cja nisam izbjeglica, ovdje imam dom\u201d. \u201cSvi me pitaju \u0161to mi treba. Ni\u0161ta mi ovdje ne nedostaje. Ovdje narod zna, pro\u017eivjeli su to sve. Oni znaju \u0161to je to rat i svi poma\u017eu, stvarno osje\u0107am ljubav preko obi\u010dnog naroda.<\/p>\n\n\n\n<p>Najve\u0107i problem za nas je to \u0161to nemamo rje\u0161enje da \u017eivimo du\u017ee od 30 dana, da se nekako to rije\u0161i, mi ne tra\u017eimo da budemo izbjeglice, imamo gdje \u017eivjeti, imamo sve za sada, ali to je najve\u0107i problem sada\u201d, ka\u017ee Olena Vi\u0161\u0107a. Nakon granata, panike, bje\u017eanja, gu\u017evi, vi\u0161ednevnog putovanja ka BiH, slijedi rje\u0161avanje statusa.<\/p>\n\n\n\n<p>Olenin suprug Zehrid ka\u017ee, lako \u0107emo za na\u0161u obitelj, ali strahuje za ostale Ukrajince kojima je pru\u017eio uto\u010di\u0161te. \u201cZa dva dana idemo za Zenicu gdje su nam rekli prije 25 dana da se opet obratimo, da se prijavimo, da primimo neko rje\u0161enje, kako sam saznao oni to nisu prije mjesec mogli dati jer nisu imali nikakvih podataka \u0161to s nama da rade.<\/p>\n\n\n\n<p>To i jeste problem, \u0161to mi to ne bismo htjeli, ja ne bih \u017eelio da moja supruga bude izbjeglica i moj sin, imaju gdje \u017eivjeti. Meni \u0107e biti problem ovdje se zaposliti, sina u \u0161kolu sada ovdje upisati, i svi mi imamo neku nadu da \u0107e se to tamo zavr\u0161iti u na\u0161oj Ukrajini da bismo se mi mogli vratiti\u201d, govori Zehrid Vi\u0161\u0107a.<\/p>\n\n\n\n<p>Iz Ministarstva sigurnosti BiH za N1 su rekli kako je uz mogu\u0107nost tra\u017eenja azila, usugla\u0161ena i spremna i Odluka o privremenom boravku po osnovu humanitarnih razloga za dr\u017eavljane Ukrajine uskoro trebala biti usvojena na Vije\u0107u ministara.<\/p>\n\n\n\n<p>Izvor:N1<\/p>\n","protected":false},"excerpt":{"rendered":"<p>Ukrajinka Olena i njezin suprug iz BiH Zehrid Vi\u0161\u0107a krajem velja\u010de su pobjegli od rata iz Ukrajine. Za njima su u me\u0111uvremenu do\u0161li i brojni \u010dlanovima Olenine obitelji, \u017eene, djeca, starci. Svi \u017eive u mjestu \u010cuni\u0161ta, 10-ak kilometara od Olova. Za sada \u017eele ostati ovdje no strahuju zbog dozvola, papira i procedura. Nadle\u017eni pak tvrde [&hellip;]<\/p>\n","protected":false},"author":2,"featured_media":124365,"comment_status":"closed","ping_status":"closed","sticky":false,"template":"","format":"standard","meta":{"h5ap_radio_sources":[],"footnotes":""},"categories":[1],"tags":[],"class_list":["post-124364","post","type-post","status-publish","format-standard","has-post-thumbnail","hentry","category-bihiregija"],"yoast_head":"<!-- This site is optimized with the Yoast SEO plugin v27.4 - https:\/\/yoast.com\/product\/yoast-seo-wordpress\/ -->\n<title>Ukrajinka i Bosanac se spakirali za sat i do\u0161li u BiH: \u201cMoju ku\u0107u jo\u0161 \u010duva Bog\u201d - RADIO LJUBU\u0160KI<\/title>\n<meta name=\"robots\" content=\"index, follow, max-snippet:-1, max-image-preview:large, max-video-preview:-1\" \/>\n<link rel=\"canonical\" href=\"https:\/\/radioljubuski.ba\/index.php\/2022\/03\/24\/ukrajinka-i-bosanac-se-spakirali-za-sat-i-dosli-u-bih-moju-kucu-jos-cuva-bog\/\" \/>\n<meta property=\"og:locale\" content=\"hr_HR\" \/>\n<meta property=\"og:type\" content=\"article\" \/>\n<meta property=\"og:title\" content=\"Ukrajinka i Bosanac se spakirali za sat i do\u0161li u BiH: \u201cMoju ku\u0107u jo\u0161 \u010duva Bog\u201d - RADIO LJUBU\u0160KI\" \/>\n<meta property=\"og:description\" content=\"Ukrajinka Olena i njezin suprug iz BiH Zehrid Vi\u0161\u0107a krajem velja\u010de su pobjegli od rata iz Ukrajine. Za njima su u me\u0111uvremenu do\u0161li i brojni \u010dlanovima Olenine obitelji, \u017eene, djeca, starci. Svi \u017eive u mjestu \u010cuni\u0161ta, 10-ak kilometara od Olova. Za sada \u017eele ostati ovdje no strahuju zbog dozvola, papira i procedura. Nadle\u017eni pak tvrde [&hellip;]\" \/>\n<meta property=\"og:url\" content=\"https:\/\/radioljubuski.ba\/index.php\/2022\/03\/24\/ukrajinka-i-bosanac-se-spakirali-za-sat-i-dosli-u-bih-moju-kucu-jos-cuva-bog\/\" \/>\n<meta property=\"og:site_name\" content=\"RADIO LJUBU\u0160KI\" \/>\n<meta property=\"article:publisher\" content=\"https:\/\/www.facebook.com\/Radiio-Ljubuski-1490835324566332\" \/>\n<meta property=\"article:published_time\" content=\"2022-03-23T23:47:34+00:00\" \/>\n<meta property=\"article:modified_time\" content=\"2022-03-23T23:47:35+00:00\" \/>\n<meta property=\"og:image\" content=\"https:\/\/radioljubuski.ba\/wp-content\/uploads\/2022\/03\/3-2022-03-23-20-20-46-UKR-BIH.png\" \/>\n\t<meta property=\"og:image:width\" content=\"1000\" \/>\n\t<meta property=\"og:image:height\" content=\"625\" \/>\n\t<meta property=\"og:image:type\" content=\"image\/png\" \/>\n<meta name=\"author\" content=\"Radio Ljubu\u0161ki\" \/>\n<meta name=\"twitter:card\" content=\"summary_large_image\" \/>\n<meta name=\"twitter:creator\" content=\"@radioljubuski\" \/>\n<meta name=\"twitter:site\" content=\"@radioljubuski\" \/>\n<meta name=\"twitter:label1\" content=\"Napisao\/la\" \/>\n\t<meta name=\"twitter:data1\" content=\"Radio Ljubu\u0161ki\" \/>\n\t<meta name=\"twitter:label2\" content=\"Procijenjeno vrijeme \u010ditanja\" \/>\n\t<meta name=\"twitter:data2\" content=\"3 minute\" \/>\n<script type=\"application\/ld+json\" class=\"yoast-schema-graph\">{\"@context\":\"https:\\\/\\\/schema.org\",\"@graph\":[{\"@type\":\"Article\",\"@id\":\"https:\\\/\\\/radioljubuski.ba\\\/index.php\\\/2022\\\/03\\\/24\\\/ukrajinka-i-bosanac-se-spakirali-za-sat-i-dosli-u-bih-moju-kucu-jos-cuva-bog\\\/#article\",\"isPartOf\":{\"@id\":\"https:\\\/\\\/radioljubuski.ba\\\/index.php\\\/2022\\\/03\\\/24\\\/ukrajinka-i-bosanac-se-spakirali-za-sat-i-dosli-u-bih-moju-kucu-jos-cuva-bog\\\/\"},\"author\":{\"name\":\"Radio Ljubu\u0161ki\",\"@id\":\"https:\\\/\\\/radioljubuski.ba\\\/#\\\/schema\\\/person\\\/19fc700381a780f69665d7956c469e3b\"},\"headline\":\"Ukrajinka i Bosanac se spakirali za sat i do\u0161li u BiH: \u201cMoju ku\u0107u jo\u0161 \u010duva Bog\u201d\",\"datePublished\":\"2022-03-23T23:47:34+00:00\",\"dateModified\":\"2022-03-23T23:47:35+00:00\",\"mainEntityOfPage\":{\"@id\":\"https:\\\/\\\/radioljubuski.ba\\\/index.php\\\/2022\\\/03\\\/24\\\/ukrajinka-i-bosanac-se-spakirali-za-sat-i-dosli-u-bih-moju-kucu-jos-cuva-bog\\\/\"},\"wordCount\":685,\"publisher\":{\"@id\":\"https:\\\/\\\/radioljubuski.ba\\\/#organization\"},\"image\":{\"@id\":\"https:\\\/\\\/radioljubuski.ba\\\/index.php\\\/2022\\\/03\\\/24\\\/ukrajinka-i-bosanac-se-spakirali-za-sat-i-dosli-u-bih-moju-kucu-jos-cuva-bog\\\/#primaryimage\"},\"thumbnailUrl\":\"https:\\\/\\\/radioljubuski.ba\\\/wp-content\\\/uploads\\\/2022\\\/03\\\/3-2022-03-23-20-20-46-UKR-BIH.png\",\"articleSection\":[\"BIH i regija\"],\"inLanguage\":\"hr\"},{\"@type\":\"WebPage\",\"@id\":\"https:\\\/\\\/radioljubuski.ba\\\/index.php\\\/2022\\\/03\\\/24\\\/ukrajinka-i-bosanac-se-spakirali-za-sat-i-dosli-u-bih-moju-kucu-jos-cuva-bog\\\/\",\"url\":\"https:\\\/\\\/radioljubuski.ba\\\/index.php\\\/2022\\\/03\\\/24\\\/ukrajinka-i-bosanac-se-spakirali-za-sat-i-dosli-u-bih-moju-kucu-jos-cuva-bog\\\/\",\"name\":\"Ukrajinka i Bosanac se spakirali za sat i do\u0161li u BiH: \u201cMoju ku\u0107u jo\u0161 \u010duva Bog\u201d - RADIO LJUBU\u0160KI\",\"isPartOf\":{\"@id\":\"https:\\\/\\\/radioljubuski.ba\\\/#website\"},\"primaryImageOfPage\":{\"@id\":\"https:\\\/\\\/radioljubuski.ba\\\/index.php\\\/2022\\\/03\\\/24\\\/ukrajinka-i-bosanac-se-spakirali-za-sat-i-dosli-u-bih-moju-kucu-jos-cuva-bog\\\/#primaryimage\"},\"image\":{\"@id\":\"https:\\\/\\\/radioljubuski.ba\\\/index.php\\\/2022\\\/03\\\/24\\\/ukrajinka-i-bosanac-se-spakirali-za-sat-i-dosli-u-bih-moju-kucu-jos-cuva-bog\\\/#primaryimage\"},\"thumbnailUrl\":\"https:\\\/\\\/radioljubuski.ba\\\/wp-content\\\/uploads\\\/2022\\\/03\\\/3-2022-03-23-20-20-46-UKR-BIH.png\",\"datePublished\":\"2022-03-23T23:47:34+00:00\",\"dateModified\":\"2022-03-23T23:47:35+00:00\",\"breadcrumb\":{\"@id\":\"https:\\\/\\\/radioljubuski.ba\\\/index.php\\\/2022\\\/03\\\/24\\\/ukrajinka-i-bosanac-se-spakirali-za-sat-i-dosli-u-bih-moju-kucu-jos-cuva-bog\\\/#breadcrumb\"},\"inLanguage\":\"hr\",\"potentialAction\":[{\"@type\":\"ReadAction\",\"target\":[\"https:\\\/\\\/radioljubuski.ba\\\/index.php\\\/2022\\\/03\\\/24\\\/ukrajinka-i-bosanac-se-spakirali-za-sat-i-dosli-u-bih-moju-kucu-jos-cuva-bog\\\/\"]}]},{\"@type\":\"ImageObject\",\"inLanguage\":\"hr\",\"@id\":\"https:\\\/\\\/radioljubuski.ba\\\/index.php\\\/2022\\\/03\\\/24\\\/ukrajinka-i-bosanac-se-spakirali-za-sat-i-dosli-u-bih-moju-kucu-jos-cuva-bog\\\/#primaryimage\",\"url\":\"https:\\\/\\\/radioljubuski.ba\\\/wp-content\\\/uploads\\\/2022\\\/03\\\/3-2022-03-23-20-20-46-UKR-BIH.png\",\"contentUrl\":\"https:\\\/\\\/radioljubuski.ba\\\/wp-content\\\/uploads\\\/2022\\\/03\\\/3-2022-03-23-20-20-46-UKR-BIH.png\",\"width\":1000,\"height\":625},{\"@type\":\"BreadcrumbList\",\"@id\":\"https:\\\/\\\/radioljubuski.ba\\\/index.php\\\/2022\\\/03\\\/24\\\/ukrajinka-i-bosanac-se-spakirali-za-sat-i-dosli-u-bih-moju-kucu-jos-cuva-bog\\\/#breadcrumb\",\"itemListElement\":[{\"@type\":\"ListItem\",\"position\":1,\"name\":\"Po\u010detna stranica\",\"item\":\"https:\\\/\\\/radioljubuski.ba\\\/\"},{\"@type\":\"ListItem\",\"position\":2,\"name\":\"Ukrajinka i Bosanac se spakirali za sat i do\u0161li u BiH: \u201cMoju ku\u0107u jo\u0161 \u010duva Bog\u201d\"}]},{\"@type\":\"WebSite\",\"@id\":\"https:\\\/\\\/radioljubuski.ba\\\/#website\",\"url\":\"https:\\\/\\\/radioljubuski.ba\\\/\",\"name\":\"Radio Ljubu\u0161ki\",\"description\":\"Sun\u010dana frekvencija Hercegovine\",\"publisher\":{\"@id\":\"https:\\\/\\\/radioljubuski.ba\\\/#organization\"},\"potentialAction\":[{\"@type\":\"SearchAction\",\"target\":{\"@type\":\"EntryPoint\",\"urlTemplate\":\"https:\\\/\\\/radioljubuski.ba\\\/?s={search_term_string}\"},\"query-input\":{\"@type\":\"PropertyValueSpecification\",\"valueRequired\":true,\"valueName\":\"search_term_string\"}}],\"inLanguage\":\"hr\"},{\"@type\":\"Organization\",\"@id\":\"https:\\\/\\\/radioljubuski.ba\\\/#organization\",\"name\":\"Radio Ljubu\u0161ki\",\"url\":\"https:\\\/\\\/radioljubuski.ba\\\/\",\"logo\":{\"@type\":\"ImageObject\",\"inLanguage\":\"hr\",\"@id\":\"https:\\\/\\\/radioljubuski.ba\\\/#\\\/schema\\\/logo\\\/image\\\/\",\"url\":\"https:\\\/\\\/radioljubuski.ba\\\/wp-content\\\/uploads\\\/2021\\\/02\\\/cropped-Radio_Ljubuski_logo1.jpg\",\"contentUrl\":\"https:\\\/\\\/radioljubuski.ba\\\/wp-content\\\/uploads\\\/2021\\\/02\\\/cropped-Radio_Ljubuski_logo1.jpg\",\"width\":512,\"height\":512,\"caption\":\"Radio Ljubu\u0161ki\"},\"image\":{\"@id\":\"https:\\\/\\\/radioljubuski.ba\\\/#\\\/schema\\\/logo\\\/image\\\/\"},\"sameAs\":[\"https:\\\/\\\/www.facebook.com\\\/Radiio-Ljubuski-1490835324566332\",\"https:\\\/\\\/x.com\\\/radioljubuski\",\"https:\\\/\\\/hr.linkedin.com\\\/company\\\/radio-ljubuski\",\"https:\\\/\\\/www.youtube.com\\\/channel\\\/UCHYaeO_n0Db3tjNGudGpXyw\"]},{\"@type\":\"Person\",\"@id\":\"https:\\\/\\\/radioljubuski.ba\\\/#\\\/schema\\\/person\\\/19fc700381a780f69665d7956c469e3b\",\"name\":\"Radio Ljubu\u0161ki\"}]}<\/script>\n<!-- \/ Yoast SEO plugin. -->","yoast_head_json":{"title":"Ukrajinka i Bosanac se spakirali za sat i do\u0161li u BiH: \u201cMoju ku\u0107u jo\u0161 \u010duva Bog\u201d - RADIO LJUBU\u0160KI","robots":{"index":"index","follow":"follow","max-snippet":"max-snippet:-1","max-image-preview":"max-image-preview:large","max-video-preview":"max-video-preview:-1"},"canonical":"https:\/\/radioljubuski.ba\/index.php\/2022\/03\/24\/ukrajinka-i-bosanac-se-spakirali-za-sat-i-dosli-u-bih-moju-kucu-jos-cuva-bog\/","og_locale":"hr_HR","og_type":"article","og_title":"Ukrajinka i Bosanac se spakirali za sat i do\u0161li u BiH: \u201cMoju ku\u0107u jo\u0161 \u010duva Bog\u201d - RADIO LJUBU\u0160KI","og_description":"Ukrajinka Olena i njezin suprug iz BiH Zehrid Vi\u0161\u0107a krajem velja\u010de su pobjegli od rata iz Ukrajine. Za njima su u me\u0111uvremenu do\u0161li i brojni \u010dlanovima Olenine obitelji, \u017eene, djeca, starci. Svi \u017eive u mjestu \u010cuni\u0161ta, 10-ak kilometara od Olova. Za sada \u017eele ostati ovdje no strahuju zbog dozvola, papira i procedura. Nadle\u017eni pak tvrde [&hellip;]","og_url":"https:\/\/radioljubuski.ba\/index.php\/2022\/03\/24\/ukrajinka-i-bosanac-se-spakirali-za-sat-i-dosli-u-bih-moju-kucu-jos-cuva-bog\/","og_site_name":"RADIO LJUBU\u0160KI","article_publisher":"https:\/\/www.facebook.com\/Radiio-Ljubuski-1490835324566332","article_published_time":"2022-03-23T23:47:34+00:00","article_modified_time":"2022-03-23T23:47:35+00:00","og_image":[{"width":1000,"height":625,"url":"https:\/\/radioljubuski.ba\/wp-content\/uploads\/2022\/03\/3-2022-03-23-20-20-46-UKR-BIH.png","type":"image\/png"}],"author":"Radio Ljubu\u0161ki","twitter_card":"summary_large_image","twitter_creator":"@radioljubuski","twitter_site":"@radioljubuski","twitter_misc":{"Napisao\/la":"Radio Ljubu\u0161ki","Procijenjeno vrijeme \u010ditanja":"3 minute"},"schema":{"@context":"https:\/\/schema.org","@graph":[{"@type":"Article","@id":"https:\/\/radioljubuski.ba\/index.php\/2022\/03\/24\/ukrajinka-i-bosanac-se-spakirali-za-sat-i-dosli-u-bih-moju-kucu-jos-cuva-bog\/#article","isPartOf":{"@id":"https:\/\/radioljubuski.ba\/index.php\/2022\/03\/24\/ukrajinka-i-bosanac-se-spakirali-za-sat-i-dosli-u-bih-moju-kucu-jos-cuva-bog\/"},"author":{"name":"Radio Ljubu\u0161ki","@id":"https:\/\/radioljubuski.ba\/#\/schema\/person\/19fc700381a780f69665d7956c469e3b"},"headline":"Ukrajinka i Bosanac se spakirali za sat i do\u0161li u BiH: \u201cMoju ku\u0107u jo\u0161 \u010duva Bog\u201d","datePublished":"2022-03-23T23:47:34+00:00","dateModified":"2022-03-23T23:47:35+00:00","mainEntityOfPage":{"@id":"https:\/\/radioljubuski.ba\/index.php\/2022\/03\/24\/ukrajinka-i-bosanac-se-spakirali-za-sat-i-dosli-u-bih-moju-kucu-jos-cuva-bog\/"},"wordCount":685,"publisher":{"@id":"https:\/\/radioljubuski.ba\/#organization"},"image":{"@id":"https:\/\/radioljubuski.ba\/index.php\/2022\/03\/24\/ukrajinka-i-bosanac-se-spakirali-za-sat-i-dosli-u-bih-moju-kucu-jos-cuva-bog\/#primaryimage"},"thumbnailUrl":"https:\/\/radioljubuski.ba\/wp-content\/uploads\/2022\/03\/3-2022-03-23-20-20-46-UKR-BIH.png","articleSection":["BIH i regija"],"inLanguage":"hr"},{"@type":"WebPage","@id":"https:\/\/radioljubuski.ba\/index.php\/2022\/03\/24\/ukrajinka-i-bosanac-se-spakirali-za-sat-i-dosli-u-bih-moju-kucu-jos-cuva-bog\/","url":"https:\/\/radioljubuski.ba\/index.php\/2022\/03\/24\/ukrajinka-i-bosanac-se-spakirali-za-sat-i-dosli-u-bih-moju-kucu-jos-cuva-bog\/","name":"Ukrajinka i Bosanac se spakirali za sat i do\u0161li u BiH: \u201cMoju ku\u0107u jo\u0161 \u010duva Bog\u201d - RADIO LJUBU\u0160KI","isPartOf":{"@id":"https:\/\/radioljubuski.ba\/#website"},"primaryImageOfPage":{"@id":"https:\/\/radioljubuski.ba\/index.php\/2022\/03\/24\/ukrajinka-i-bosanac-se-spakirali-za-sat-i-dosli-u-bih-moju-kucu-jos-cuva-bog\/#primaryimage"},"image":{"@id":"https:\/\/radioljubuski.ba\/index.php\/2022\/03\/24\/ukrajinka-i-bosanac-se-spakirali-za-sat-i-dosli-u-bih-moju-kucu-jos-cuva-bog\/#primaryimage"},"thumbnailUrl":"https:\/\/radioljubuski.ba\/wp-content\/uploads\/2022\/03\/3-2022-03-23-20-20-46-UKR-BIH.png","datePublished":"2022-03-23T23:47:34+00:00","dateModified":"2022-03-23T23:47:35+00:00","breadcrumb":{"@id":"https:\/\/radioljubuski.ba\/index.php\/2022\/03\/24\/ukrajinka-i-bosanac-se-spakirali-za-sat-i-dosli-u-bih-moju-kucu-jos-cuva-bog\/#breadcrumb"},"inLanguage":"hr","potentialAction":[{"@type":"ReadAction","target":["https:\/\/radioljubuski.ba\/index.php\/2022\/03\/24\/ukrajinka-i-bosanac-se-spakirali-za-sat-i-dosli-u-bih-moju-kucu-jos-cuva-bog\/"]}]},{"@type":"ImageObject","inLanguage":"hr","@id":"https:\/\/radioljubuski.ba\/index.php\/2022\/03\/24\/ukrajinka-i-bosanac-se-spakirali-za-sat-i-dosli-u-bih-moju-kucu-jos-cuva-bog\/#primaryimage","url":"https:\/\/radioljubuski.ba\/wp-content\/uploads\/2022\/03\/3-2022-03-23-20-20-46-UKR-BIH.png","contentUrl":"https:\/\/radioljubuski.ba\/wp-content\/uploads\/2022\/03\/3-2022-03-23-20-20-46-UKR-BIH.png","width":1000,"height":625},{"@type":"BreadcrumbList","@id":"https:\/\/radioljubuski.ba\/index.php\/2022\/03\/24\/ukrajinka-i-bosanac-se-spakirali-za-sat-i-dosli-u-bih-moju-kucu-jos-cuva-bog\/#breadcrumb","itemListElement":[{"@type":"ListItem","position":1,"name":"Po\u010detna stranica","item":"https:\/\/radioljubuski.ba\/"},{"@type":"ListItem","position":2,"name":"Ukrajinka i Bosanac se spakirali za sat i do\u0161li u BiH: \u201cMoju ku\u0107u jo\u0161 \u010duva Bog\u201d"}]},{"@type":"WebSite","@id":"https:\/\/radioljubuski.ba\/#website","url":"https:\/\/radioljubuski.ba\/","name":"Radio Ljubu\u0161ki","description":"Sun\u010dana frekvencija Hercegovine","publisher":{"@id":"https:\/\/radioljubuski.ba\/#organization"},"potentialAction":[{"@type":"SearchAction","target":{"@type":"EntryPoint","urlTemplate":"https:\/\/radioljubuski.ba\/?s={search_term_string}"},"query-input":{"@type":"PropertyValueSpecification","valueRequired":true,"valueName":"search_term_string"}}],"inLanguage":"hr"},{"@type":"Organization","@id":"https:\/\/radioljubuski.ba\/#organization","name":"Radio Ljubu\u0161ki","url":"https:\/\/radioljubuski.ba\/","logo":{"@type":"ImageObject","inLanguage":"hr","@id":"https:\/\/radioljubuski.ba\/#\/schema\/logo\/image\/","url":"https:\/\/radioljubuski.ba\/wp-content\/uploads\/2021\/02\/cropped-Radio_Ljubuski_logo1.jpg","contentUrl":"https:\/\/radioljubuski.ba\/wp-content\/uploads\/2021\/02\/cropped-Radio_Ljubuski_logo1.jpg","width":512,"height":512,"caption":"Radio Ljubu\u0161ki"},"image":{"@id":"https:\/\/radioljubuski.ba\/#\/schema\/logo\/image\/"},"sameAs":["https:\/\/www.facebook.com\/Radiio-Ljubuski-1490835324566332","https:\/\/x.com\/radioljubuski","https:\/\/hr.linkedin.com\/company\/radio-ljubuski","https:\/\/www.youtube.com\/channel\/UCHYaeO_n0Db3tjNGudGpXyw"]},{"@type":"Person","@id":"https:\/\/radioljubuski.ba\/#\/schema\/person\/19fc700381a780f69665d7956c469e3b","name":"Radio Ljubu\u0161ki"}]}},"_links":{"self":[{"href":"https:\/\/radioljubuski.ba\/index.php\/wp-json\/wp\/v2\/posts\/124364","targetHints":{"allow":["GET"]}}],"collection":[{"href":"https:\/\/radioljubuski.ba\/index.php\/wp-json\/wp\/v2\/posts"}],"about":[{"href":"https:\/\/radioljubuski.ba\/index.php\/wp-json\/wp\/v2\/types\/post"}],"author":[{"embeddable":true,"href":"https:\/\/radioljubuski.ba\/index.php\/wp-json\/wp\/v2\/users\/2"}],"replies":[{"embeddable":true,"href":"https:\/\/radioljubuski.ba\/index.php\/wp-json\/wp\/v2\/comments?post=124364"}],"version-history":[{"count":1,"href":"https:\/\/radioljubuski.ba\/index.php\/wp-json\/wp\/v2\/posts\/124364\/revisions"}],"predecessor-version":[{"id":124366,"href":"https:\/\/radioljubuski.ba\/index.php\/wp-json\/wp\/v2\/posts\/124364\/revisions\/124366"}],"wp:featuredmedia":[{"embeddable":true,"href":"https:\/\/radioljubuski.ba\/index.php\/wp-json\/wp\/v2\/media\/124365"}],"wp:attachment":[{"href":"https:\/\/radioljubuski.ba\/index.php\/wp-json\/wp\/v2\/media?parent=124364"}],"wp:term":[{"taxonomy":"category","embeddable":true,"href":"https:\/\/radioljubuski.ba\/index.php\/wp-json\/wp\/v2\/categories?post=124364"},{"taxonomy":"post_tag","embeddable":true,"href":"https:\/\/radioljubuski.ba\/index.php\/wp-json\/wp\/v2\/tags?post=124364"}],"curies":[{"name":"wp","href":"https:\/\/api.w.org\/{rel}","templated":true}]}}