{"id":124374,"date":"2022-03-24T00:54:59","date_gmt":"2022-03-23T23:54:59","guid":{"rendered":"https:\/\/radioljubuski.ba\/?p=124374"},"modified":"2022-03-24T00:55:01","modified_gmt":"2022-03-23T23:55:01","slug":"poskupljenje-goriva-u-bih-ponovo-pokrenulo-konje-za-oranje-na-njivama","status":"publish","type":"post","link":"https:\/\/radioljubuski.ba\/index.php\/2022\/03\/24\/poskupljenje-goriva-u-bih-ponovo-pokrenulo-konje-za-oranje-na-njivama\/","title":{"rendered":"Poskupljenje goriva u BiH ponovo pokrenulo konje za oranje na njivama"},"content":{"rendered":"\n<p>Poskupljenje goriva u BiH kao i susjednim zemljama, ponovo je pokrenula konje za oranje na njivama.<\/p>\n\n\n\n<p>Sve se \u010de\u0161\u0107e vide konji na oranicama. Umjesto traktora Ibro Smaji\u0107 iz Viteza sa svojom kobilom Mrkom ore njivu na kojoj \u0107e zasaditi krumpir i druge prehrambene kulture.<\/p>\n\n\n\n<p>Ka\u017ee da sve \u010de\u0161\u0107e ljudi zovu da im ore njive i vrtove i to ga raduje. Me\u0111utim zbog svih drugih poskupljenja poskupilo je i oranje.<\/p>\n\n\n\n<p>Pogledajte pri\u010du kolege Sre\u0107ka Stipovi\u0107a:<\/p>\n\n\n\n<iframe loading=\"lazy\" title=\"Otkako je nafta poskupila Mrka ima posla preko glave\" width=\"640\" height=\"360\" src=\"https:\/\/www.youtube.com\/embed\/P5JAzj3YCOE?feature=oembed\" frameborder=\"0\" allow=\"accelerometer; autoplay; clipboard-write; encrypted-media; gyroscope; picture-in-picture; web-share\" referrerpolicy=\"strict-origin-when-cross-origin\" allowfullscreen><\/iframe>\n\n\n\n<p>Izvor:pogled.ba<\/p>\n","protected":false},"excerpt":{"rendered":"<p>Poskupljenje goriva u BiH kao i susjednim zemljama, ponovo je pokrenula konje za oranje na njivama. Sve se \u010de\u0161\u0107e vide konji na oranicama. Umjesto traktora Ibro Smaji\u0107 iz Viteza sa svojom kobilom Mrkom ore njivu na kojoj \u0107e zasaditi krumpir i druge prehrambene kulture. Ka\u017ee da sve \u010de\u0161\u0107e ljudi zovu da im ore njive i [&hellip;]<\/p>\n","protected":false},"author":2,"featured_media":124375,"comment_status":"closed","ping_status":"closed","sticky":false,"template":"","format":"standard","meta":{"h5ap_radio_sources":[],"footnotes":""},"categories":[1],"tags":[],"class_list":["post-124374","post","type-post","status-publish","format-standard","has-post-thumbnail","hentry","category-bihiregija"],"yoast_head":"<!-- This site is optimized with the Yoast SEO plugin v27.4 - https:\/\/yoast.com\/product\/yoast-seo-wordpress\/ -->\n<title>Poskupljenje goriva u BiH ponovo pokrenulo konje za oranje na njivama - RADIO LJUBU\u0160KI<\/title>\n<meta name=\"robots\" content=\"index, follow, max-snippet:-1, max-image-preview:large, max-video-preview:-1\" \/>\n<link rel=\"canonical\" href=\"https:\/\/radioljubuski.ba\/index.php\/2022\/03\/24\/poskupljenje-goriva-u-bih-ponovo-pokrenulo-konje-za-oranje-na-njivama\/\" \/>\n<meta property=\"og:locale\" content=\"hr_HR\" \/>\n<meta property=\"og:type\" content=\"article\" \/>\n<meta property=\"og:title\" content=\"Poskupljenje goriva u BiH ponovo pokrenulo konje za oranje na njivama - RADIO LJUBU\u0160KI\" \/>\n<meta property=\"og:description\" content=\"Poskupljenje goriva u BiH kao i susjednim zemljama, ponovo je pokrenula konje za oranje na njivama. Sve se \u010de\u0161\u0107e vide konji na oranicama. Umjesto traktora Ibro Smaji\u0107 iz Viteza sa svojom kobilom Mrkom ore njivu na kojoj \u0107e zasaditi krumpir i druge prehrambene kulture. Ka\u017ee da sve \u010de\u0161\u0107e ljudi zovu da im ore njive i [&hellip;]\" \/>\n<meta property=\"og:url\" content=\"https:\/\/radioljubuski.ba\/index.php\/2022\/03\/24\/poskupljenje-goriva-u-bih-ponovo-pokrenulo-konje-za-oranje-na-njivama\/\" \/>\n<meta property=\"og:site_name\" content=\"RADIO LJUBU\u0160KI\" \/>\n<meta property=\"article:publisher\" content=\"https:\/\/www.facebook.com\/Radiio-Ljubuski-1490835324566332\" \/>\n<meta property=\"article:published_time\" content=\"2022-03-23T23:54:59+00:00\" \/>\n<meta property=\"article:modified_time\" content=\"2022-03-23T23:55:01+00:00\" \/>\n<meta property=\"og:image\" content=\"https:\/\/radioljubuski.ba\/wp-content\/uploads\/2022\/03\/8-2022-03-23-13-35-37-ORANJE.jpg\" \/>\n\t<meta property=\"og:image:width\" content=\"1000\" \/>\n\t<meta property=\"og:image:height\" content=\"625\" \/>\n\t<meta property=\"og:image:type\" content=\"image\/jpeg\" \/>\n<meta name=\"author\" content=\"Radio Ljubu\u0161ki\" \/>\n<meta name=\"twitter:card\" content=\"summary_large_image\" \/>\n<meta name=\"twitter:creator\" content=\"@radioljubuski\" \/>\n<meta name=\"twitter:site\" content=\"@radioljubuski\" \/>\n<meta name=\"twitter:label1\" content=\"Napisao\/la\" \/>\n\t<meta name=\"twitter:data1\" content=\"Radio Ljubu\u0161ki\" \/>\n\t<meta name=\"twitter:label2\" content=\"Procijenjeno vrijeme \u010ditanja\" \/>\n\t<meta name=\"twitter:data2\" content=\"1 minuta\" \/>\n<script type=\"application\/ld+json\" class=\"yoast-schema-graph\">{\"@context\":\"https:\\\/\\\/schema.org\",\"@graph\":[{\"@type\":\"Article\",\"@id\":\"https:\\\/\\\/radioljubuski.ba\\\/index.php\\\/2022\\\/03\\\/24\\\/poskupljenje-goriva-u-bih-ponovo-pokrenulo-konje-za-oranje-na-njivama\\\/#article\",\"isPartOf\":{\"@id\":\"https:\\\/\\\/radioljubuski.ba\\\/index.php\\\/2022\\\/03\\\/24\\\/poskupljenje-goriva-u-bih-ponovo-pokrenulo-konje-za-oranje-na-njivama\\\/\"},\"author\":{\"name\":\"Radio Ljubu\u0161ki\",\"@id\":\"https:\\\/\\\/radioljubuski.ba\\\/#\\\/schema\\\/person\\\/19fc700381a780f69665d7956c469e3b\"},\"headline\":\"Poskupljenje goriva u BiH ponovo pokrenulo konje za oranje na njivama\",\"datePublished\":\"2022-03-23T23:54:59+00:00\",\"dateModified\":\"2022-03-23T23:55:01+00:00\",\"mainEntityOfPage\":{\"@id\":\"https:\\\/\\\/radioljubuski.ba\\\/index.php\\\/2022\\\/03\\\/24\\\/poskupljenje-goriva-u-bih-ponovo-pokrenulo-konje-za-oranje-na-njivama\\\/\"},\"wordCount\":104,\"publisher\":{\"@id\":\"https:\\\/\\\/radioljubuski.ba\\\/#organization\"},\"image\":{\"@id\":\"https:\\\/\\\/radioljubuski.ba\\\/index.php\\\/2022\\\/03\\\/24\\\/poskupljenje-goriva-u-bih-ponovo-pokrenulo-konje-za-oranje-na-njivama\\\/#primaryimage\"},\"thumbnailUrl\":\"https:\\\/\\\/radioljubuski.ba\\\/wp-content\\\/uploads\\\/2022\\\/03\\\/8-2022-03-23-13-35-37-ORANJE.jpg\",\"articleSection\":[\"BIH i regija\"],\"inLanguage\":\"hr\"},{\"@type\":\"WebPage\",\"@id\":\"https:\\\/\\\/radioljubuski.ba\\\/index.php\\\/2022\\\/03\\\/24\\\/poskupljenje-goriva-u-bih-ponovo-pokrenulo-konje-za-oranje-na-njivama\\\/\",\"url\":\"https:\\\/\\\/radioljubuski.ba\\\/index.php\\\/2022\\\/03\\\/24\\\/poskupljenje-goriva-u-bih-ponovo-pokrenulo-konje-za-oranje-na-njivama\\\/\",\"name\":\"Poskupljenje goriva u BiH ponovo pokrenulo konje za oranje na njivama - RADIO LJUBU\u0160KI\",\"isPartOf\":{\"@id\":\"https:\\\/\\\/radioljubuski.ba\\\/#website\"},\"primaryImageOfPage\":{\"@id\":\"https:\\\/\\\/radioljubuski.ba\\\/index.php\\\/2022\\\/03\\\/24\\\/poskupljenje-goriva-u-bih-ponovo-pokrenulo-konje-za-oranje-na-njivama\\\/#primaryimage\"},\"image\":{\"@id\":\"https:\\\/\\\/radioljubuski.ba\\\/index.php\\\/2022\\\/03\\\/24\\\/poskupljenje-goriva-u-bih-ponovo-pokrenulo-konje-za-oranje-na-njivama\\\/#primaryimage\"},\"thumbnailUrl\":\"https:\\\/\\\/radioljubuski.ba\\\/wp-content\\\/uploads\\\/2022\\\/03\\\/8-2022-03-23-13-35-37-ORANJE.jpg\",\"datePublished\":\"2022-03-23T23:54:59+00:00\",\"dateModified\":\"2022-03-23T23:55:01+00:00\",\"breadcrumb\":{\"@id\":\"https:\\\/\\\/radioljubuski.ba\\\/index.php\\\/2022\\\/03\\\/24\\\/poskupljenje-goriva-u-bih-ponovo-pokrenulo-konje-za-oranje-na-njivama\\\/#breadcrumb\"},\"inLanguage\":\"hr\",\"potentialAction\":[{\"@type\":\"ReadAction\",\"target\":[\"https:\\\/\\\/radioljubuski.ba\\\/index.php\\\/2022\\\/03\\\/24\\\/poskupljenje-goriva-u-bih-ponovo-pokrenulo-konje-za-oranje-na-njivama\\\/\"]}]},{\"@type\":\"ImageObject\",\"inLanguage\":\"hr\",\"@id\":\"https:\\\/\\\/radioljubuski.ba\\\/index.php\\\/2022\\\/03\\\/24\\\/poskupljenje-goriva-u-bih-ponovo-pokrenulo-konje-za-oranje-na-njivama\\\/#primaryimage\",\"url\":\"https:\\\/\\\/radioljubuski.ba\\\/wp-content\\\/uploads\\\/2022\\\/03\\\/8-2022-03-23-13-35-37-ORANJE.jpg\",\"contentUrl\":\"https:\\\/\\\/radioljubuski.ba\\\/wp-content\\\/uploads\\\/2022\\\/03\\\/8-2022-03-23-13-35-37-ORANJE.jpg\",\"width\":1000,\"height\":625},{\"@type\":\"BreadcrumbList\",\"@id\":\"https:\\\/\\\/radioljubuski.ba\\\/index.php\\\/2022\\\/03\\\/24\\\/poskupljenje-goriva-u-bih-ponovo-pokrenulo-konje-za-oranje-na-njivama\\\/#breadcrumb\",\"itemListElement\":[{\"@type\":\"ListItem\",\"position\":1,\"name\":\"Po\u010detna stranica\",\"item\":\"https:\\\/\\\/radioljubuski.ba\\\/\"},{\"@type\":\"ListItem\",\"position\":2,\"name\":\"Poskupljenje goriva u BiH ponovo pokrenulo konje za oranje na njivama\"}]},{\"@type\":\"WebSite\",\"@id\":\"https:\\\/\\\/radioljubuski.ba\\\/#website\",\"url\":\"https:\\\/\\\/radioljubuski.ba\\\/\",\"name\":\"Radio Ljubu\u0161ki\",\"description\":\"Sun\u010dana frekvencija Hercegovine\",\"publisher\":{\"@id\":\"https:\\\/\\\/radioljubuski.ba\\\/#organization\"},\"potentialAction\":[{\"@type\":\"SearchAction\",\"target\":{\"@type\":\"EntryPoint\",\"urlTemplate\":\"https:\\\/\\\/radioljubuski.ba\\\/?s={search_term_string}\"},\"query-input\":{\"@type\":\"PropertyValueSpecification\",\"valueRequired\":true,\"valueName\":\"search_term_string\"}}],\"inLanguage\":\"hr\"},{\"@type\":\"Organization\",\"@id\":\"https:\\\/\\\/radioljubuski.ba\\\/#organization\",\"name\":\"Radio Ljubu\u0161ki\",\"url\":\"https:\\\/\\\/radioljubuski.ba\\\/\",\"logo\":{\"@type\":\"ImageObject\",\"inLanguage\":\"hr\",\"@id\":\"https:\\\/\\\/radioljubuski.ba\\\/#\\\/schema\\\/logo\\\/image\\\/\",\"url\":\"https:\\\/\\\/radioljubuski.ba\\\/wp-content\\\/uploads\\\/2021\\\/02\\\/cropped-Radio_Ljubuski_logo1.jpg\",\"contentUrl\":\"https:\\\/\\\/radioljubuski.ba\\\/wp-content\\\/uploads\\\/2021\\\/02\\\/cropped-Radio_Ljubuski_logo1.jpg\",\"width\":512,\"height\":512,\"caption\":\"Radio Ljubu\u0161ki\"},\"image\":{\"@id\":\"https:\\\/\\\/radioljubuski.ba\\\/#\\\/schema\\\/logo\\\/image\\\/\"},\"sameAs\":[\"https:\\\/\\\/www.facebook.com\\\/Radiio-Ljubuski-1490835324566332\",\"https:\\\/\\\/x.com\\\/radioljubuski\",\"https:\\\/\\\/hr.linkedin.com\\\/company\\\/radio-ljubuski\",\"https:\\\/\\\/www.youtube.com\\\/channel\\\/UCHYaeO_n0Db3tjNGudGpXyw\"]},{\"@type\":\"Person\",\"@id\":\"https:\\\/\\\/radioljubuski.ba\\\/#\\\/schema\\\/person\\\/19fc700381a780f69665d7956c469e3b\",\"name\":\"Radio Ljubu\u0161ki\"}]}<\/script>\n<!-- \/ Yoast SEO plugin. -->","yoast_head_json":{"title":"Poskupljenje goriva u BiH ponovo pokrenulo konje za oranje na njivama - RADIO LJUBU\u0160KI","robots":{"index":"index","follow":"follow","max-snippet":"max-snippet:-1","max-image-preview":"max-image-preview:large","max-video-preview":"max-video-preview:-1"},"canonical":"https:\/\/radioljubuski.ba\/index.php\/2022\/03\/24\/poskupljenje-goriva-u-bih-ponovo-pokrenulo-konje-za-oranje-na-njivama\/","og_locale":"hr_HR","og_type":"article","og_title":"Poskupljenje goriva u BiH ponovo pokrenulo konje za oranje na njivama - RADIO LJUBU\u0160KI","og_description":"Poskupljenje goriva u BiH kao i susjednim zemljama, ponovo je pokrenula konje za oranje na njivama. Sve se \u010de\u0161\u0107e vide konji na oranicama. Umjesto traktora Ibro Smaji\u0107 iz Viteza sa svojom kobilom Mrkom ore njivu na kojoj \u0107e zasaditi krumpir i druge prehrambene kulture. Ka\u017ee da sve \u010de\u0161\u0107e ljudi zovu da im ore njive i [&hellip;]","og_url":"https:\/\/radioljubuski.ba\/index.php\/2022\/03\/24\/poskupljenje-goriva-u-bih-ponovo-pokrenulo-konje-za-oranje-na-njivama\/","og_site_name":"RADIO LJUBU\u0160KI","article_publisher":"https:\/\/www.facebook.com\/Radiio-Ljubuski-1490835324566332","article_published_time":"2022-03-23T23:54:59+00:00","article_modified_time":"2022-03-23T23:55:01+00:00","og_image":[{"width":1000,"height":625,"url":"https:\/\/radioljubuski.ba\/wp-content\/uploads\/2022\/03\/8-2022-03-23-13-35-37-ORANJE.jpg","type":"image\/jpeg"}],"author":"Radio Ljubu\u0161ki","twitter_card":"summary_large_image","twitter_creator":"@radioljubuski","twitter_site":"@radioljubuski","twitter_misc":{"Napisao\/la":"Radio Ljubu\u0161ki","Procijenjeno vrijeme \u010ditanja":"1 minuta"},"schema":{"@context":"https:\/\/schema.org","@graph":[{"@type":"Article","@id":"https:\/\/radioljubuski.ba\/index.php\/2022\/03\/24\/poskupljenje-goriva-u-bih-ponovo-pokrenulo-konje-za-oranje-na-njivama\/#article","isPartOf":{"@id":"https:\/\/radioljubuski.ba\/index.php\/2022\/03\/24\/poskupljenje-goriva-u-bih-ponovo-pokrenulo-konje-za-oranje-na-njivama\/"},"author":{"name":"Radio Ljubu\u0161ki","@id":"https:\/\/radioljubuski.ba\/#\/schema\/person\/19fc700381a780f69665d7956c469e3b"},"headline":"Poskupljenje goriva u BiH ponovo pokrenulo konje za oranje na njivama","datePublished":"2022-03-23T23:54:59+00:00","dateModified":"2022-03-23T23:55:01+00:00","mainEntityOfPage":{"@id":"https:\/\/radioljubuski.ba\/index.php\/2022\/03\/24\/poskupljenje-goriva-u-bih-ponovo-pokrenulo-konje-za-oranje-na-njivama\/"},"wordCount":104,"publisher":{"@id":"https:\/\/radioljubuski.ba\/#organization"},"image":{"@id":"https:\/\/radioljubuski.ba\/index.php\/2022\/03\/24\/poskupljenje-goriva-u-bih-ponovo-pokrenulo-konje-za-oranje-na-njivama\/#primaryimage"},"thumbnailUrl":"https:\/\/radioljubuski.ba\/wp-content\/uploads\/2022\/03\/8-2022-03-23-13-35-37-ORANJE.jpg","articleSection":["BIH i regija"],"inLanguage":"hr"},{"@type":"WebPage","@id":"https:\/\/radioljubuski.ba\/index.php\/2022\/03\/24\/poskupljenje-goriva-u-bih-ponovo-pokrenulo-konje-za-oranje-na-njivama\/","url":"https:\/\/radioljubuski.ba\/index.php\/2022\/03\/24\/poskupljenje-goriva-u-bih-ponovo-pokrenulo-konje-za-oranje-na-njivama\/","name":"Poskupljenje goriva u BiH ponovo pokrenulo konje za oranje na njivama - RADIO LJUBU\u0160KI","isPartOf":{"@id":"https:\/\/radioljubuski.ba\/#website"},"primaryImageOfPage":{"@id":"https:\/\/radioljubuski.ba\/index.php\/2022\/03\/24\/poskupljenje-goriva-u-bih-ponovo-pokrenulo-konje-za-oranje-na-njivama\/#primaryimage"},"image":{"@id":"https:\/\/radioljubuski.ba\/index.php\/2022\/03\/24\/poskupljenje-goriva-u-bih-ponovo-pokrenulo-konje-za-oranje-na-njivama\/#primaryimage"},"thumbnailUrl":"https:\/\/radioljubuski.ba\/wp-content\/uploads\/2022\/03\/8-2022-03-23-13-35-37-ORANJE.jpg","datePublished":"2022-03-23T23:54:59+00:00","dateModified":"2022-03-23T23:55:01+00:00","breadcrumb":{"@id":"https:\/\/radioljubuski.ba\/index.php\/2022\/03\/24\/poskupljenje-goriva-u-bih-ponovo-pokrenulo-konje-za-oranje-na-njivama\/#breadcrumb"},"inLanguage":"hr","potentialAction":[{"@type":"ReadAction","target":["https:\/\/radioljubuski.ba\/index.php\/2022\/03\/24\/poskupljenje-goriva-u-bih-ponovo-pokrenulo-konje-za-oranje-na-njivama\/"]}]},{"@type":"ImageObject","inLanguage":"hr","@id":"https:\/\/radioljubuski.ba\/index.php\/2022\/03\/24\/poskupljenje-goriva-u-bih-ponovo-pokrenulo-konje-za-oranje-na-njivama\/#primaryimage","url":"https:\/\/radioljubuski.ba\/wp-content\/uploads\/2022\/03\/8-2022-03-23-13-35-37-ORANJE.jpg","contentUrl":"https:\/\/radioljubuski.ba\/wp-content\/uploads\/2022\/03\/8-2022-03-23-13-35-37-ORANJE.jpg","width":1000,"height":625},{"@type":"BreadcrumbList","@id":"https:\/\/radioljubuski.ba\/index.php\/2022\/03\/24\/poskupljenje-goriva-u-bih-ponovo-pokrenulo-konje-za-oranje-na-njivama\/#breadcrumb","itemListElement":[{"@type":"ListItem","position":1,"name":"Po\u010detna stranica","item":"https:\/\/radioljubuski.ba\/"},{"@type":"ListItem","position":2,"name":"Poskupljenje goriva u BiH ponovo pokrenulo konje za oranje na njivama"}]},{"@type":"WebSite","@id":"https:\/\/radioljubuski.ba\/#website","url":"https:\/\/radioljubuski.ba\/","name":"Radio Ljubu\u0161ki","description":"Sun\u010dana frekvencija Hercegovine","publisher":{"@id":"https:\/\/radioljubuski.ba\/#organization"},"potentialAction":[{"@type":"SearchAction","target":{"@type":"EntryPoint","urlTemplate":"https:\/\/radioljubuski.ba\/?s={search_term_string}"},"query-input":{"@type":"PropertyValueSpecification","valueRequired":true,"valueName":"search_term_string"}}],"inLanguage":"hr"},{"@type":"Organization","@id":"https:\/\/radioljubuski.ba\/#organization","name":"Radio Ljubu\u0161ki","url":"https:\/\/radioljubuski.ba\/","logo":{"@type":"ImageObject","inLanguage":"hr","@id":"https:\/\/radioljubuski.ba\/#\/schema\/logo\/image\/","url":"https:\/\/radioljubuski.ba\/wp-content\/uploads\/2021\/02\/cropped-Radio_Ljubuski_logo1.jpg","contentUrl":"https:\/\/radioljubuski.ba\/wp-content\/uploads\/2021\/02\/cropped-Radio_Ljubuski_logo1.jpg","width":512,"height":512,"caption":"Radio Ljubu\u0161ki"},"image":{"@id":"https:\/\/radioljubuski.ba\/#\/schema\/logo\/image\/"},"sameAs":["https:\/\/www.facebook.com\/Radiio-Ljubuski-1490835324566332","https:\/\/x.com\/radioljubuski","https:\/\/hr.linkedin.com\/company\/radio-ljubuski","https:\/\/www.youtube.com\/channel\/UCHYaeO_n0Db3tjNGudGpXyw"]},{"@type":"Person","@id":"https:\/\/radioljubuski.ba\/#\/schema\/person\/19fc700381a780f69665d7956c469e3b","name":"Radio Ljubu\u0161ki"}]}},"_links":{"self":[{"href":"https:\/\/radioljubuski.ba\/index.php\/wp-json\/wp\/v2\/posts\/124374","targetHints":{"allow":["GET"]}}],"collection":[{"href":"https:\/\/radioljubuski.ba\/index.php\/wp-json\/wp\/v2\/posts"}],"about":[{"href":"https:\/\/radioljubuski.ba\/index.php\/wp-json\/wp\/v2\/types\/post"}],"author":[{"embeddable":true,"href":"https:\/\/radioljubuski.ba\/index.php\/wp-json\/wp\/v2\/users\/2"}],"replies":[{"embeddable":true,"href":"https:\/\/radioljubuski.ba\/index.php\/wp-json\/wp\/v2\/comments?post=124374"}],"version-history":[{"count":1,"href":"https:\/\/radioljubuski.ba\/index.php\/wp-json\/wp\/v2\/posts\/124374\/revisions"}],"predecessor-version":[{"id":124376,"href":"https:\/\/radioljubuski.ba\/index.php\/wp-json\/wp\/v2\/posts\/124374\/revisions\/124376"}],"wp:featuredmedia":[{"embeddable":true,"href":"https:\/\/radioljubuski.ba\/index.php\/wp-json\/wp\/v2\/media\/124375"}],"wp:attachment":[{"href":"https:\/\/radioljubuski.ba\/index.php\/wp-json\/wp\/v2\/media?parent=124374"}],"wp:term":[{"taxonomy":"category","embeddable":true,"href":"https:\/\/radioljubuski.ba\/index.php\/wp-json\/wp\/v2\/categories?post=124374"},{"taxonomy":"post_tag","embeddable":true,"href":"https:\/\/radioljubuski.ba\/index.php\/wp-json\/wp\/v2\/tags?post=124374"}],"curies":[{"name":"wp","href":"https:\/\/api.w.org\/{rel}","templated":true}]}}