{"id":124387,"date":"2022-03-24T01:01:10","date_gmt":"2022-03-24T00:01:10","guid":{"rendered":"https:\/\/radioljubuski.ba\/?p=124387"},"modified":"2022-03-24T01:01:11","modified_gmt":"2022-03-24T00:01:11","slug":"putin-najavio-veliku-promjenu-europa-ce-placati-plin-u-rubljama","status":"publish","type":"post","link":"https:\/\/radioljubuski.ba\/index.php\/2022\/03\/24\/putin-najavio-veliku-promjenu-europa-ce-placati-plin-u-rubljama\/","title":{"rendered":"Putin najavio veliku promjenu &#8211; Europa \u0107e pla\u0107ati plin u rubljama"},"content":{"rendered":"\n<p>Ruski predsjednik Vladimir Putin rekao je da \u0107e za isporuke pline &#8220;neprijateljskim zemljama&#8221; kao \u0161to su \u010dlanice Europske unije i SAD primati samo rusku valutu.<\/p>\n\n\n\n<p>&#8220;Nema smisla da isporu\u010dujemo na\u0161a dobra Europskoj uniji i Sjedinjenim Dr\u017eavama te isplatu primamo u dolarima, eurima i drugim valutama. Zbog toga sam odlu\u010dio uvesti set mjera kako bi \u0161to je prije mogu\u0107e prebacili isplate &#8211; po\u010dnimo s na\u0161im prirodnim plinom &#8211; koje primamo za isporuke u tzv. neprijateljske zemlje, u ruske rublje. To zna\u010di da \u0107emo odbijati koristiti kompromitirane valute u takvim transferima&#8221;, rekao je Vladimir Putin, a prenose prore\u017eimske RIA Novosti.<\/p>\n\n\n\n<p>Podsjetimo, njema\u010dki kancelar Olaf Scholz je danas rekao da bi prijedlozi za trenutni embargo na uvoz ruskih energenata bili odba\u010deni jer bi utjecaj toga na Europu &#8220;bio vrlo razoran i \u0161tetan&#8221;.<\/p>\n\n\n\n<p>Rekao je da je Njema\u010dka u procesu osamostaljivanja od ruskih izvora energije, ali da bi to, ako se napravi odjednom, gurnulo i Njema\u010dku i cijelu Europu u recesiju.<\/p>\n\n\n\n<p>Upozorio je da bi cijela industrija bila na rubu propasti i da postoje\u0107e antiruske sankcije ve\u0107 te\u0161ko poga\u0111aju njema\u010dke gra\u0111ane.<\/p>\n\n\n\n<p>Izvor:pogled.ba<\/p>\n","protected":false},"excerpt":{"rendered":"<p>Ruski predsjednik Vladimir Putin rekao je da \u0107e za isporuke pline &#8220;neprijateljskim zemljama&#8221; kao \u0161to su \u010dlanice Europske unije i SAD primati samo rusku valutu. &#8220;Nema smisla da isporu\u010dujemo na\u0161a dobra Europskoj uniji i Sjedinjenim Dr\u017eavama te isplatu primamo u dolarima, eurima i drugim valutama. Zbog toga sam odlu\u010dio uvesti set mjera kako bi \u0161to [&hellip;]<\/p>\n","protected":false},"author":2,"featured_media":74562,"comment_status":"closed","ping_status":"closed","sticky":false,"template":"","format":"standard","meta":{"h5ap_radio_sources":[],"footnotes":""},"categories":[1],"tags":[],"class_list":["post-124387","post","type-post","status-publish","format-standard","has-post-thumbnail","hentry","category-bihiregija"],"yoast_head":"<!-- This site is optimized with the Yoast SEO plugin v27.4 - https:\/\/yoast.com\/product\/yoast-seo-wordpress\/ -->\n<title>Putin najavio veliku promjenu - Europa \u0107e pla\u0107ati plin u rubljama - RADIO LJUBU\u0160KI<\/title>\n<meta name=\"robots\" content=\"index, follow, max-snippet:-1, max-image-preview:large, max-video-preview:-1\" \/>\n<link rel=\"canonical\" href=\"https:\/\/radioljubuski.ba\/index.php\/2022\/03\/24\/putin-najavio-veliku-promjenu-europa-ce-placati-plin-u-rubljama\/\" \/>\n<meta property=\"og:locale\" content=\"hr_HR\" \/>\n<meta property=\"og:type\" content=\"article\" \/>\n<meta property=\"og:title\" content=\"Putin najavio veliku promjenu - Europa \u0107e pla\u0107ati plin u rubljama - RADIO LJUBU\u0160KI\" \/>\n<meta property=\"og:description\" content=\"Ruski predsjednik Vladimir Putin rekao je da \u0107e za isporuke pline &#8220;neprijateljskim zemljama&#8221; kao \u0161to su \u010dlanice Europske unije i SAD primati samo rusku valutu. &#8220;Nema smisla da isporu\u010dujemo na\u0161a dobra Europskoj uniji i Sjedinjenim Dr\u017eavama te isplatu primamo u dolarima, eurima i drugim valutama. Zbog toga sam odlu\u010dio uvesti set mjera kako bi \u0161to [&hellip;]\" \/>\n<meta property=\"og:url\" content=\"https:\/\/radioljubuski.ba\/index.php\/2022\/03\/24\/putin-najavio-veliku-promjenu-europa-ce-placati-plin-u-rubljama\/\" \/>\n<meta property=\"og:site_name\" content=\"RADIO LJUBU\u0160KI\" \/>\n<meta property=\"article:publisher\" content=\"https:\/\/www.facebook.com\/Radiio-Ljubuski-1490835324566332\" \/>\n<meta property=\"article:published_time\" content=\"2022-03-24T00:01:10+00:00\" \/>\n<meta property=\"article:modified_time\" content=\"2022-03-24T00:01:11+00:00\" \/>\n<meta property=\"og:image\" content=\"https:\/\/radioljubuski.ba\/wp-content\/uploads\/2021\/10\/DrjBoPa2_putin.jpg\" \/>\n\t<meta property=\"og:image:width\" content=\"1000\" \/>\n\t<meta property=\"og:image:height\" content=\"625\" \/>\n\t<meta property=\"og:image:type\" content=\"image\/jpeg\" \/>\n<meta name=\"author\" content=\"Radio Ljubu\u0161ki\" \/>\n<meta name=\"twitter:card\" content=\"summary_large_image\" \/>\n<meta name=\"twitter:creator\" content=\"@radioljubuski\" \/>\n<meta name=\"twitter:site\" content=\"@radioljubuski\" \/>\n<meta name=\"twitter:label1\" content=\"Napisao\/la\" \/>\n\t<meta name=\"twitter:data1\" content=\"Radio Ljubu\u0161ki\" \/>\n\t<meta name=\"twitter:label2\" content=\"Procijenjeno vrijeme \u010ditanja\" \/>\n\t<meta name=\"twitter:data2\" content=\"1 minuta\" \/>\n<script type=\"application\/ld+json\" class=\"yoast-schema-graph\">{\"@context\":\"https:\\\/\\\/schema.org\",\"@graph\":[{\"@type\":\"Article\",\"@id\":\"https:\\\/\\\/radioljubuski.ba\\\/index.php\\\/2022\\\/03\\\/24\\\/putin-najavio-veliku-promjenu-europa-ce-placati-plin-u-rubljama\\\/#article\",\"isPartOf\":{\"@id\":\"https:\\\/\\\/radioljubuski.ba\\\/index.php\\\/2022\\\/03\\\/24\\\/putin-najavio-veliku-promjenu-europa-ce-placati-plin-u-rubljama\\\/\"},\"author\":{\"name\":\"Radio Ljubu\u0161ki\",\"@id\":\"https:\\\/\\\/radioljubuski.ba\\\/#\\\/schema\\\/person\\\/19fc700381a780f69665d7956c469e3b\"},\"headline\":\"Putin najavio veliku promjenu &#8211; Europa \u0107e pla\u0107ati plin u rubljama\",\"datePublished\":\"2022-03-24T00:01:10+00:00\",\"dateModified\":\"2022-03-24T00:01:11+00:00\",\"mainEntityOfPage\":{\"@id\":\"https:\\\/\\\/radioljubuski.ba\\\/index.php\\\/2022\\\/03\\\/24\\\/putin-najavio-veliku-promjenu-europa-ce-placati-plin-u-rubljama\\\/\"},\"wordCount\":210,\"publisher\":{\"@id\":\"https:\\\/\\\/radioljubuski.ba\\\/#organization\"},\"image\":{\"@id\":\"https:\\\/\\\/radioljubuski.ba\\\/index.php\\\/2022\\\/03\\\/24\\\/putin-najavio-veliku-promjenu-europa-ce-placati-plin-u-rubljama\\\/#primaryimage\"},\"thumbnailUrl\":\"https:\\\/\\\/radioljubuski.ba\\\/wp-content\\\/uploads\\\/2021\\\/10\\\/DrjBoPa2_putin.jpg\",\"articleSection\":[\"BIH i regija\"],\"inLanguage\":\"hr\"},{\"@type\":\"WebPage\",\"@id\":\"https:\\\/\\\/radioljubuski.ba\\\/index.php\\\/2022\\\/03\\\/24\\\/putin-najavio-veliku-promjenu-europa-ce-placati-plin-u-rubljama\\\/\",\"url\":\"https:\\\/\\\/radioljubuski.ba\\\/index.php\\\/2022\\\/03\\\/24\\\/putin-najavio-veliku-promjenu-europa-ce-placati-plin-u-rubljama\\\/\",\"name\":\"Putin najavio veliku promjenu - Europa \u0107e pla\u0107ati plin u rubljama - RADIO LJUBU\u0160KI\",\"isPartOf\":{\"@id\":\"https:\\\/\\\/radioljubuski.ba\\\/#website\"},\"primaryImageOfPage\":{\"@id\":\"https:\\\/\\\/radioljubuski.ba\\\/index.php\\\/2022\\\/03\\\/24\\\/putin-najavio-veliku-promjenu-europa-ce-placati-plin-u-rubljama\\\/#primaryimage\"},\"image\":{\"@id\":\"https:\\\/\\\/radioljubuski.ba\\\/index.php\\\/2022\\\/03\\\/24\\\/putin-najavio-veliku-promjenu-europa-ce-placati-plin-u-rubljama\\\/#primaryimage\"},\"thumbnailUrl\":\"https:\\\/\\\/radioljubuski.ba\\\/wp-content\\\/uploads\\\/2021\\\/10\\\/DrjBoPa2_putin.jpg\",\"datePublished\":\"2022-03-24T00:01:10+00:00\",\"dateModified\":\"2022-03-24T00:01:11+00:00\",\"breadcrumb\":{\"@id\":\"https:\\\/\\\/radioljubuski.ba\\\/index.php\\\/2022\\\/03\\\/24\\\/putin-najavio-veliku-promjenu-europa-ce-placati-plin-u-rubljama\\\/#breadcrumb\"},\"inLanguage\":\"hr\",\"potentialAction\":[{\"@type\":\"ReadAction\",\"target\":[\"https:\\\/\\\/radioljubuski.ba\\\/index.php\\\/2022\\\/03\\\/24\\\/putin-najavio-veliku-promjenu-europa-ce-placati-plin-u-rubljama\\\/\"]}]},{\"@type\":\"ImageObject\",\"inLanguage\":\"hr\",\"@id\":\"https:\\\/\\\/radioljubuski.ba\\\/index.php\\\/2022\\\/03\\\/24\\\/putin-najavio-veliku-promjenu-europa-ce-placati-plin-u-rubljama\\\/#primaryimage\",\"url\":\"https:\\\/\\\/radioljubuski.ba\\\/wp-content\\\/uploads\\\/2021\\\/10\\\/DrjBoPa2_putin.jpg\",\"contentUrl\":\"https:\\\/\\\/radioljubuski.ba\\\/wp-content\\\/uploads\\\/2021\\\/10\\\/DrjBoPa2_putin.jpg\",\"width\":1000,\"height\":625},{\"@type\":\"BreadcrumbList\",\"@id\":\"https:\\\/\\\/radioljubuski.ba\\\/index.php\\\/2022\\\/03\\\/24\\\/putin-najavio-veliku-promjenu-europa-ce-placati-plin-u-rubljama\\\/#breadcrumb\",\"itemListElement\":[{\"@type\":\"ListItem\",\"position\":1,\"name\":\"Po\u010detna stranica\",\"item\":\"https:\\\/\\\/radioljubuski.ba\\\/\"},{\"@type\":\"ListItem\",\"position\":2,\"name\":\"Putin najavio veliku promjenu &#8211; Europa \u0107e pla\u0107ati plin u rubljama\"}]},{\"@type\":\"WebSite\",\"@id\":\"https:\\\/\\\/radioljubuski.ba\\\/#website\",\"url\":\"https:\\\/\\\/radioljubuski.ba\\\/\",\"name\":\"Radio Ljubu\u0161ki\",\"description\":\"Sun\u010dana frekvencija Hercegovine\",\"publisher\":{\"@id\":\"https:\\\/\\\/radioljubuski.ba\\\/#organization\"},\"potentialAction\":[{\"@type\":\"SearchAction\",\"target\":{\"@type\":\"EntryPoint\",\"urlTemplate\":\"https:\\\/\\\/radioljubuski.ba\\\/?s={search_term_string}\"},\"query-input\":{\"@type\":\"PropertyValueSpecification\",\"valueRequired\":true,\"valueName\":\"search_term_string\"}}],\"inLanguage\":\"hr\"},{\"@type\":\"Organization\",\"@id\":\"https:\\\/\\\/radioljubuski.ba\\\/#organization\",\"name\":\"Radio Ljubu\u0161ki\",\"url\":\"https:\\\/\\\/radioljubuski.ba\\\/\",\"logo\":{\"@type\":\"ImageObject\",\"inLanguage\":\"hr\",\"@id\":\"https:\\\/\\\/radioljubuski.ba\\\/#\\\/schema\\\/logo\\\/image\\\/\",\"url\":\"https:\\\/\\\/radioljubuski.ba\\\/wp-content\\\/uploads\\\/2021\\\/02\\\/cropped-Radio_Ljubuski_logo1.jpg\",\"contentUrl\":\"https:\\\/\\\/radioljubuski.ba\\\/wp-content\\\/uploads\\\/2021\\\/02\\\/cropped-Radio_Ljubuski_logo1.jpg\",\"width\":512,\"height\":512,\"caption\":\"Radio Ljubu\u0161ki\"},\"image\":{\"@id\":\"https:\\\/\\\/radioljubuski.ba\\\/#\\\/schema\\\/logo\\\/image\\\/\"},\"sameAs\":[\"https:\\\/\\\/www.facebook.com\\\/Radiio-Ljubuski-1490835324566332\",\"https:\\\/\\\/x.com\\\/radioljubuski\",\"https:\\\/\\\/hr.linkedin.com\\\/company\\\/radio-ljubuski\",\"https:\\\/\\\/www.youtube.com\\\/channel\\\/UCHYaeO_n0Db3tjNGudGpXyw\"]},{\"@type\":\"Person\",\"@id\":\"https:\\\/\\\/radioljubuski.ba\\\/#\\\/schema\\\/person\\\/19fc700381a780f69665d7956c469e3b\",\"name\":\"Radio Ljubu\u0161ki\"}]}<\/script>\n<!-- \/ Yoast SEO plugin. -->","yoast_head_json":{"title":"Putin najavio veliku promjenu - Europa \u0107e pla\u0107ati plin u rubljama - RADIO LJUBU\u0160KI","robots":{"index":"index","follow":"follow","max-snippet":"max-snippet:-1","max-image-preview":"max-image-preview:large","max-video-preview":"max-video-preview:-1"},"canonical":"https:\/\/radioljubuski.ba\/index.php\/2022\/03\/24\/putin-najavio-veliku-promjenu-europa-ce-placati-plin-u-rubljama\/","og_locale":"hr_HR","og_type":"article","og_title":"Putin najavio veliku promjenu - Europa \u0107e pla\u0107ati plin u rubljama - RADIO LJUBU\u0160KI","og_description":"Ruski predsjednik Vladimir Putin rekao je da \u0107e za isporuke pline &#8220;neprijateljskim zemljama&#8221; kao \u0161to su \u010dlanice Europske unije i SAD primati samo rusku valutu. &#8220;Nema smisla da isporu\u010dujemo na\u0161a dobra Europskoj uniji i Sjedinjenim Dr\u017eavama te isplatu primamo u dolarima, eurima i drugim valutama. Zbog toga sam odlu\u010dio uvesti set mjera kako bi \u0161to [&hellip;]","og_url":"https:\/\/radioljubuski.ba\/index.php\/2022\/03\/24\/putin-najavio-veliku-promjenu-europa-ce-placati-plin-u-rubljama\/","og_site_name":"RADIO LJUBU\u0160KI","article_publisher":"https:\/\/www.facebook.com\/Radiio-Ljubuski-1490835324566332","article_published_time":"2022-03-24T00:01:10+00:00","article_modified_time":"2022-03-24T00:01:11+00:00","og_image":[{"width":1000,"height":625,"url":"https:\/\/radioljubuski.ba\/wp-content\/uploads\/2021\/10\/DrjBoPa2_putin.jpg","type":"image\/jpeg"}],"author":"Radio Ljubu\u0161ki","twitter_card":"summary_large_image","twitter_creator":"@radioljubuski","twitter_site":"@radioljubuski","twitter_misc":{"Napisao\/la":"Radio Ljubu\u0161ki","Procijenjeno vrijeme \u010ditanja":"1 minuta"},"schema":{"@context":"https:\/\/schema.org","@graph":[{"@type":"Article","@id":"https:\/\/radioljubuski.ba\/index.php\/2022\/03\/24\/putin-najavio-veliku-promjenu-europa-ce-placati-plin-u-rubljama\/#article","isPartOf":{"@id":"https:\/\/radioljubuski.ba\/index.php\/2022\/03\/24\/putin-najavio-veliku-promjenu-europa-ce-placati-plin-u-rubljama\/"},"author":{"name":"Radio Ljubu\u0161ki","@id":"https:\/\/radioljubuski.ba\/#\/schema\/person\/19fc700381a780f69665d7956c469e3b"},"headline":"Putin najavio veliku promjenu &#8211; Europa \u0107e pla\u0107ati plin u rubljama","datePublished":"2022-03-24T00:01:10+00:00","dateModified":"2022-03-24T00:01:11+00:00","mainEntityOfPage":{"@id":"https:\/\/radioljubuski.ba\/index.php\/2022\/03\/24\/putin-najavio-veliku-promjenu-europa-ce-placati-plin-u-rubljama\/"},"wordCount":210,"publisher":{"@id":"https:\/\/radioljubuski.ba\/#organization"},"image":{"@id":"https:\/\/radioljubuski.ba\/index.php\/2022\/03\/24\/putin-najavio-veliku-promjenu-europa-ce-placati-plin-u-rubljama\/#primaryimage"},"thumbnailUrl":"https:\/\/radioljubuski.ba\/wp-content\/uploads\/2021\/10\/DrjBoPa2_putin.jpg","articleSection":["BIH i regija"],"inLanguage":"hr"},{"@type":"WebPage","@id":"https:\/\/radioljubuski.ba\/index.php\/2022\/03\/24\/putin-najavio-veliku-promjenu-europa-ce-placati-plin-u-rubljama\/","url":"https:\/\/radioljubuski.ba\/index.php\/2022\/03\/24\/putin-najavio-veliku-promjenu-europa-ce-placati-plin-u-rubljama\/","name":"Putin najavio veliku promjenu - Europa \u0107e pla\u0107ati plin u rubljama - RADIO LJUBU\u0160KI","isPartOf":{"@id":"https:\/\/radioljubuski.ba\/#website"},"primaryImageOfPage":{"@id":"https:\/\/radioljubuski.ba\/index.php\/2022\/03\/24\/putin-najavio-veliku-promjenu-europa-ce-placati-plin-u-rubljama\/#primaryimage"},"image":{"@id":"https:\/\/radioljubuski.ba\/index.php\/2022\/03\/24\/putin-najavio-veliku-promjenu-europa-ce-placati-plin-u-rubljama\/#primaryimage"},"thumbnailUrl":"https:\/\/radioljubuski.ba\/wp-content\/uploads\/2021\/10\/DrjBoPa2_putin.jpg","datePublished":"2022-03-24T00:01:10+00:00","dateModified":"2022-03-24T00:01:11+00:00","breadcrumb":{"@id":"https:\/\/radioljubuski.ba\/index.php\/2022\/03\/24\/putin-najavio-veliku-promjenu-europa-ce-placati-plin-u-rubljama\/#breadcrumb"},"inLanguage":"hr","potentialAction":[{"@type":"ReadAction","target":["https:\/\/radioljubuski.ba\/index.php\/2022\/03\/24\/putin-najavio-veliku-promjenu-europa-ce-placati-plin-u-rubljama\/"]}]},{"@type":"ImageObject","inLanguage":"hr","@id":"https:\/\/radioljubuski.ba\/index.php\/2022\/03\/24\/putin-najavio-veliku-promjenu-europa-ce-placati-plin-u-rubljama\/#primaryimage","url":"https:\/\/radioljubuski.ba\/wp-content\/uploads\/2021\/10\/DrjBoPa2_putin.jpg","contentUrl":"https:\/\/radioljubuski.ba\/wp-content\/uploads\/2021\/10\/DrjBoPa2_putin.jpg","width":1000,"height":625},{"@type":"BreadcrumbList","@id":"https:\/\/radioljubuski.ba\/index.php\/2022\/03\/24\/putin-najavio-veliku-promjenu-europa-ce-placati-plin-u-rubljama\/#breadcrumb","itemListElement":[{"@type":"ListItem","position":1,"name":"Po\u010detna stranica","item":"https:\/\/radioljubuski.ba\/"},{"@type":"ListItem","position":2,"name":"Putin najavio veliku promjenu &#8211; Europa \u0107e pla\u0107ati plin u rubljama"}]},{"@type":"WebSite","@id":"https:\/\/radioljubuski.ba\/#website","url":"https:\/\/radioljubuski.ba\/","name":"Radio Ljubu\u0161ki","description":"Sun\u010dana frekvencija Hercegovine","publisher":{"@id":"https:\/\/radioljubuski.ba\/#organization"},"potentialAction":[{"@type":"SearchAction","target":{"@type":"EntryPoint","urlTemplate":"https:\/\/radioljubuski.ba\/?s={search_term_string}"},"query-input":{"@type":"PropertyValueSpecification","valueRequired":true,"valueName":"search_term_string"}}],"inLanguage":"hr"},{"@type":"Organization","@id":"https:\/\/radioljubuski.ba\/#organization","name":"Radio Ljubu\u0161ki","url":"https:\/\/radioljubuski.ba\/","logo":{"@type":"ImageObject","inLanguage":"hr","@id":"https:\/\/radioljubuski.ba\/#\/schema\/logo\/image\/","url":"https:\/\/radioljubuski.ba\/wp-content\/uploads\/2021\/02\/cropped-Radio_Ljubuski_logo1.jpg","contentUrl":"https:\/\/radioljubuski.ba\/wp-content\/uploads\/2021\/02\/cropped-Radio_Ljubuski_logo1.jpg","width":512,"height":512,"caption":"Radio Ljubu\u0161ki"},"image":{"@id":"https:\/\/radioljubuski.ba\/#\/schema\/logo\/image\/"},"sameAs":["https:\/\/www.facebook.com\/Radiio-Ljubuski-1490835324566332","https:\/\/x.com\/radioljubuski","https:\/\/hr.linkedin.com\/company\/radio-ljubuski","https:\/\/www.youtube.com\/channel\/UCHYaeO_n0Db3tjNGudGpXyw"]},{"@type":"Person","@id":"https:\/\/radioljubuski.ba\/#\/schema\/person\/19fc700381a780f69665d7956c469e3b","name":"Radio Ljubu\u0161ki"}]}},"_links":{"self":[{"href":"https:\/\/radioljubuski.ba\/index.php\/wp-json\/wp\/v2\/posts\/124387","targetHints":{"allow":["GET"]}}],"collection":[{"href":"https:\/\/radioljubuski.ba\/index.php\/wp-json\/wp\/v2\/posts"}],"about":[{"href":"https:\/\/radioljubuski.ba\/index.php\/wp-json\/wp\/v2\/types\/post"}],"author":[{"embeddable":true,"href":"https:\/\/radioljubuski.ba\/index.php\/wp-json\/wp\/v2\/users\/2"}],"replies":[{"embeddable":true,"href":"https:\/\/radioljubuski.ba\/index.php\/wp-json\/wp\/v2\/comments?post=124387"}],"version-history":[{"count":1,"href":"https:\/\/radioljubuski.ba\/index.php\/wp-json\/wp\/v2\/posts\/124387\/revisions"}],"predecessor-version":[{"id":124388,"href":"https:\/\/radioljubuski.ba\/index.php\/wp-json\/wp\/v2\/posts\/124387\/revisions\/124388"}],"wp:featuredmedia":[{"embeddable":true,"href":"https:\/\/radioljubuski.ba\/index.php\/wp-json\/wp\/v2\/media\/74562"}],"wp:attachment":[{"href":"https:\/\/radioljubuski.ba\/index.php\/wp-json\/wp\/v2\/media?parent=124387"}],"wp:term":[{"taxonomy":"category","embeddable":true,"href":"https:\/\/radioljubuski.ba\/index.php\/wp-json\/wp\/v2\/categories?post=124387"},{"taxonomy":"post_tag","embeddable":true,"href":"https:\/\/radioljubuski.ba\/index.php\/wp-json\/wp\/v2\/tags?post=124387"}],"curies":[{"name":"wp","href":"https:\/\/api.w.org\/{rel}","templated":true}]}}