{"id":124389,"date":"2022-03-24T01:02:07","date_gmt":"2022-03-24T00:02:07","guid":{"rendered":"https:\/\/radioljubuski.ba\/?p=124389"},"modified":"2022-03-24T01:02:08","modified_gmt":"2022-03-24T00:02:08","slug":"hrvatska-do-3-600-kuna-mjesecno-vlasnicima-smjestaja-za-izbjegle-iz-ukrajine","status":"publish","type":"post","link":"https:\/\/radioljubuski.ba\/index.php\/2022\/03\/24\/hrvatska-do-3-600-kuna-mjesecno-vlasnicima-smjestaja-za-izbjegle-iz-ukrajine\/","title":{"rendered":"Hrvatska: Do 3.600 kuna mjese\u010dno vlasnicima smje\u0161taja za izbjegle iz Ukrajine"},"content":{"rendered":"\n<p>Vlada je u srijedu donijela Odluku o financiranju tro\u0161kova stambenog zbrinjavanja raseljenih osoba iz Ukrajine u pojedina\u010dnom smje\u0161taju, po kojoj \u0107e dr\u017eava do najvi\u0161e 3600 kuna mjese\u010dno ispla\u0107ivati vlasnicima koji svoje nekretnine ustupe za smje\u0161taj izbjeglica.<\/p>\n\n\n\n<p>Vlada je na sjednici odlu\u010dila da \u0107e se tro\u0161kovi pla\u0107ati temeljem ugovora o najmu s MUP-om (Ravnateljstvom civilne za\u0161tite) koji \u0107e se sklapati na rok od \u0161est mjeseci, s mogu\u0107no\u0161\u0107u produ\u017eenja najvi\u0161e do godinu dana.<\/p>\n\n\n\n<p>Tro\u0161ak kori\u0161tenja stambene jedinice u pojedina\u010dnom smje\u0161taju podmirivat \u0107e se vlasniku jednom mjese\u010dno, a obuhva\u0107at \u0107e najam prostora i re\u017eije.<\/p>\n\n\n\n<p>Za samca tro\u0161ak \u0107e se podmirivati u iznosu od 50 kuna po danu, a za vi\u0161e osoba tako da \u0107e za prvog \u010dlana to biti 40 kuna, drugog \u010dlana 30, tre\u0107eg 20, a \u010detvrtog i svakog sljede\u0107eg \u010dlana po 10 kuna.<\/p>\n\n\n\n<p>Stambena jedinica treba imati minimalno 30 metara \u010detvornih povr\u0161ine stambenog prostora za jednu osobu, odnosno za svaku sljede\u0107u osobu iz ku\u0107anstva po pet metara \u010detvornih.<\/p>\n\n\n\n<p>Prostor mora imati kuhinju i kupaonicu sa sanitarnim \u010dvorom, treba biti opremljen potrebnim namje\u0161tajem i aparatima te imati svu potrebnu komunalnu infrastrukturu.<\/p>\n\n\n\n<p>Novac \u0107e se osigurati u dr\u017eavnom prora\u010dunu u glavi Ministarstva gospodarstva i odr\u017eivog razvoja, na poziciji Ravnateljstva za robne zalihe, naveo je potpredsjednik Vlade i ministar unutarnjih poslova Davor Bo\u017einovi\u0107.<\/p>\n\n\n\n<p>Za provedbu ove odluke Vlada je zadu\u017eila MUP i ministarstva gospodarstva i odr\u017eivog razvoja te rada, mirovinskog sustava, obitelji i socijalne politike, a Ravnateljstvo civilne za\u0161tite donijet \u0107e uputu za njezinu provedbu.<\/p>\n\n\n\n<p>MUP \u0107e na internetskim stranicama Ravnateljstva civilne za\u0161tite objaviti javni poziv za ustupanje stambenih jedinica za pojedina\u010dni smje\u0161taj na kori\u0161tenje raseljenim osobama iz Ukrajine.<\/p>\n\n\n\n<p>Izvor:pogled.ba<\/p>\n","protected":false},"excerpt":{"rendered":"<p>Vlada je u srijedu donijela Odluku o financiranju tro\u0161kova stambenog zbrinjavanja raseljenih osoba iz Ukrajine u pojedina\u010dnom smje\u0161taju, po kojoj \u0107e dr\u017eava do najvi\u0161e 3600 kuna mjese\u010dno ispla\u0107ivati vlasnicima koji svoje nekretnine ustupe za smje\u0161taj izbjeglica. Vlada je na sjednici odlu\u010dila da \u0107e se tro\u0161kovi pla\u0107ati temeljem ugovora o najmu s MUP-om (Ravnateljstvom civilne za\u0161tite) [&hellip;]<\/p>\n","protected":false},"author":2,"featured_media":123232,"comment_status":"closed","ping_status":"closed","sticky":false,"template":"","format":"standard","meta":{"h5ap_radio_sources":[],"footnotes":""},"categories":[1],"tags":[],"class_list":["post-124389","post","type-post","status-publish","format-standard","has-post-thumbnail","hentry","category-bihiregija"],"yoast_head":"<!-- This site is optimized with the Yoast SEO plugin v27.4 - https:\/\/yoast.com\/product\/yoast-seo-wordpress\/ -->\n<title>Hrvatska: Do 3.600 kuna mjese\u010dno vlasnicima smje\u0161taja za izbjegle iz Ukrajine - RADIO LJUBU\u0160KI<\/title>\n<meta name=\"robots\" content=\"index, follow, max-snippet:-1, max-image-preview:large, max-video-preview:-1\" \/>\n<link rel=\"canonical\" href=\"https:\/\/radioljubuski.ba\/index.php\/2022\/03\/24\/hrvatska-do-3-600-kuna-mjesecno-vlasnicima-smjestaja-za-izbjegle-iz-ukrajine\/\" \/>\n<meta property=\"og:locale\" content=\"hr_HR\" \/>\n<meta property=\"og:type\" content=\"article\" \/>\n<meta property=\"og:title\" content=\"Hrvatska: Do 3.600 kuna mjese\u010dno vlasnicima smje\u0161taja za izbjegle iz Ukrajine - RADIO LJUBU\u0160KI\" \/>\n<meta property=\"og:description\" content=\"Vlada je u srijedu donijela Odluku o financiranju tro\u0161kova stambenog zbrinjavanja raseljenih osoba iz Ukrajine u pojedina\u010dnom smje\u0161taju, po kojoj \u0107e dr\u017eava do najvi\u0161e 3600 kuna mjese\u010dno ispla\u0107ivati vlasnicima koji svoje nekretnine ustupe za smje\u0161taj izbjeglica. Vlada je na sjednici odlu\u010dila da \u0107e se tro\u0161kovi pla\u0107ati temeljem ugovora o najmu s MUP-om (Ravnateljstvom civilne za\u0161tite) [&hellip;]\" \/>\n<meta property=\"og:url\" content=\"https:\/\/radioljubuski.ba\/index.php\/2022\/03\/24\/hrvatska-do-3-600-kuna-mjesecno-vlasnicima-smjestaja-za-izbjegle-iz-ukrajine\/\" \/>\n<meta property=\"og:site_name\" content=\"RADIO LJUBU\u0160KI\" \/>\n<meta property=\"article:publisher\" content=\"https:\/\/www.facebook.com\/Radiio-Ljubuski-1490835324566332\" \/>\n<meta property=\"article:published_time\" content=\"2022-03-24T00:02:07+00:00\" \/>\n<meta property=\"article:modified_time\" content=\"2022-03-24T00:02:08+00:00\" \/>\n<meta property=\"og:image\" content=\"https:\/\/radioljubuski.ba\/wp-content\/uploads\/2022\/03\/7-2022-03-19-15-15-14-izbjeglice-polj-ukr.jpg\" \/>\n\t<meta property=\"og:image:width\" content=\"1000\" \/>\n\t<meta property=\"og:image:height\" content=\"625\" \/>\n\t<meta property=\"og:image:type\" content=\"image\/jpeg\" \/>\n<meta name=\"author\" content=\"Radio Ljubu\u0161ki\" \/>\n<meta name=\"twitter:card\" content=\"summary_large_image\" \/>\n<meta name=\"twitter:creator\" content=\"@radioljubuski\" \/>\n<meta name=\"twitter:site\" content=\"@radioljubuski\" \/>\n<meta name=\"twitter:label1\" content=\"Napisao\/la\" \/>\n\t<meta name=\"twitter:data1\" content=\"Radio Ljubu\u0161ki\" \/>\n\t<meta name=\"twitter:label2\" content=\"Procijenjeno vrijeme \u010ditanja\" \/>\n\t<meta name=\"twitter:data2\" content=\"2 minute\" \/>\n<script type=\"application\/ld+json\" class=\"yoast-schema-graph\">{\"@context\":\"https:\\\/\\\/schema.org\",\"@graph\":[{\"@type\":\"Article\",\"@id\":\"https:\\\/\\\/radioljubuski.ba\\\/index.php\\\/2022\\\/03\\\/24\\\/hrvatska-do-3-600-kuna-mjesecno-vlasnicima-smjestaja-za-izbjegle-iz-ukrajine\\\/#article\",\"isPartOf\":{\"@id\":\"https:\\\/\\\/radioljubuski.ba\\\/index.php\\\/2022\\\/03\\\/24\\\/hrvatska-do-3-600-kuna-mjesecno-vlasnicima-smjestaja-za-izbjegle-iz-ukrajine\\\/\"},\"author\":{\"name\":\"Radio Ljubu\u0161ki\",\"@id\":\"https:\\\/\\\/radioljubuski.ba\\\/#\\\/schema\\\/person\\\/19fc700381a780f69665d7956c469e3b\"},\"headline\":\"Hrvatska: Do 3.600 kuna mjese\u010dno vlasnicima smje\u0161taja za izbjegle iz Ukrajine\",\"datePublished\":\"2022-03-24T00:02:07+00:00\",\"dateModified\":\"2022-03-24T00:02:08+00:00\",\"mainEntityOfPage\":{\"@id\":\"https:\\\/\\\/radioljubuski.ba\\\/index.php\\\/2022\\\/03\\\/24\\\/hrvatska-do-3-600-kuna-mjesecno-vlasnicima-smjestaja-za-izbjegle-iz-ukrajine\\\/\"},\"wordCount\":315,\"publisher\":{\"@id\":\"https:\\\/\\\/radioljubuski.ba\\\/#organization\"},\"image\":{\"@id\":\"https:\\\/\\\/radioljubuski.ba\\\/index.php\\\/2022\\\/03\\\/24\\\/hrvatska-do-3-600-kuna-mjesecno-vlasnicima-smjestaja-za-izbjegle-iz-ukrajine\\\/#primaryimage\"},\"thumbnailUrl\":\"https:\\\/\\\/radioljubuski.ba\\\/wp-content\\\/uploads\\\/2022\\\/03\\\/7-2022-03-19-15-15-14-izbjeglice-polj-ukr.jpg\",\"articleSection\":[\"BIH i regija\"],\"inLanguage\":\"hr\"},{\"@type\":\"WebPage\",\"@id\":\"https:\\\/\\\/radioljubuski.ba\\\/index.php\\\/2022\\\/03\\\/24\\\/hrvatska-do-3-600-kuna-mjesecno-vlasnicima-smjestaja-za-izbjegle-iz-ukrajine\\\/\",\"url\":\"https:\\\/\\\/radioljubuski.ba\\\/index.php\\\/2022\\\/03\\\/24\\\/hrvatska-do-3-600-kuna-mjesecno-vlasnicima-smjestaja-za-izbjegle-iz-ukrajine\\\/\",\"name\":\"Hrvatska: Do 3.600 kuna mjese\u010dno vlasnicima smje\u0161taja za izbjegle iz Ukrajine - RADIO LJUBU\u0160KI\",\"isPartOf\":{\"@id\":\"https:\\\/\\\/radioljubuski.ba\\\/#website\"},\"primaryImageOfPage\":{\"@id\":\"https:\\\/\\\/radioljubuski.ba\\\/index.php\\\/2022\\\/03\\\/24\\\/hrvatska-do-3-600-kuna-mjesecno-vlasnicima-smjestaja-za-izbjegle-iz-ukrajine\\\/#primaryimage\"},\"image\":{\"@id\":\"https:\\\/\\\/radioljubuski.ba\\\/index.php\\\/2022\\\/03\\\/24\\\/hrvatska-do-3-600-kuna-mjesecno-vlasnicima-smjestaja-za-izbjegle-iz-ukrajine\\\/#primaryimage\"},\"thumbnailUrl\":\"https:\\\/\\\/radioljubuski.ba\\\/wp-content\\\/uploads\\\/2022\\\/03\\\/7-2022-03-19-15-15-14-izbjeglice-polj-ukr.jpg\",\"datePublished\":\"2022-03-24T00:02:07+00:00\",\"dateModified\":\"2022-03-24T00:02:08+00:00\",\"breadcrumb\":{\"@id\":\"https:\\\/\\\/radioljubuski.ba\\\/index.php\\\/2022\\\/03\\\/24\\\/hrvatska-do-3-600-kuna-mjesecno-vlasnicima-smjestaja-za-izbjegle-iz-ukrajine\\\/#breadcrumb\"},\"inLanguage\":\"hr\",\"potentialAction\":[{\"@type\":\"ReadAction\",\"target\":[\"https:\\\/\\\/radioljubuski.ba\\\/index.php\\\/2022\\\/03\\\/24\\\/hrvatska-do-3-600-kuna-mjesecno-vlasnicima-smjestaja-za-izbjegle-iz-ukrajine\\\/\"]}]},{\"@type\":\"ImageObject\",\"inLanguage\":\"hr\",\"@id\":\"https:\\\/\\\/radioljubuski.ba\\\/index.php\\\/2022\\\/03\\\/24\\\/hrvatska-do-3-600-kuna-mjesecno-vlasnicima-smjestaja-za-izbjegle-iz-ukrajine\\\/#primaryimage\",\"url\":\"https:\\\/\\\/radioljubuski.ba\\\/wp-content\\\/uploads\\\/2022\\\/03\\\/7-2022-03-19-15-15-14-izbjeglice-polj-ukr.jpg\",\"contentUrl\":\"https:\\\/\\\/radioljubuski.ba\\\/wp-content\\\/uploads\\\/2022\\\/03\\\/7-2022-03-19-15-15-14-izbjeglice-polj-ukr.jpg\",\"width\":1000,\"height\":625},{\"@type\":\"BreadcrumbList\",\"@id\":\"https:\\\/\\\/radioljubuski.ba\\\/index.php\\\/2022\\\/03\\\/24\\\/hrvatska-do-3-600-kuna-mjesecno-vlasnicima-smjestaja-za-izbjegle-iz-ukrajine\\\/#breadcrumb\",\"itemListElement\":[{\"@type\":\"ListItem\",\"position\":1,\"name\":\"Po\u010detna stranica\",\"item\":\"https:\\\/\\\/radioljubuski.ba\\\/\"},{\"@type\":\"ListItem\",\"position\":2,\"name\":\"Hrvatska: Do 3.600 kuna mjese\u010dno vlasnicima smje\u0161taja za izbjegle iz Ukrajine\"}]},{\"@type\":\"WebSite\",\"@id\":\"https:\\\/\\\/radioljubuski.ba\\\/#website\",\"url\":\"https:\\\/\\\/radioljubuski.ba\\\/\",\"name\":\"Radio Ljubu\u0161ki\",\"description\":\"Sun\u010dana frekvencija Hercegovine\",\"publisher\":{\"@id\":\"https:\\\/\\\/radioljubuski.ba\\\/#organization\"},\"potentialAction\":[{\"@type\":\"SearchAction\",\"target\":{\"@type\":\"EntryPoint\",\"urlTemplate\":\"https:\\\/\\\/radioljubuski.ba\\\/?s={search_term_string}\"},\"query-input\":{\"@type\":\"PropertyValueSpecification\",\"valueRequired\":true,\"valueName\":\"search_term_string\"}}],\"inLanguage\":\"hr\"},{\"@type\":\"Organization\",\"@id\":\"https:\\\/\\\/radioljubuski.ba\\\/#organization\",\"name\":\"Radio Ljubu\u0161ki\",\"url\":\"https:\\\/\\\/radioljubuski.ba\\\/\",\"logo\":{\"@type\":\"ImageObject\",\"inLanguage\":\"hr\",\"@id\":\"https:\\\/\\\/radioljubuski.ba\\\/#\\\/schema\\\/logo\\\/image\\\/\",\"url\":\"https:\\\/\\\/radioljubuski.ba\\\/wp-content\\\/uploads\\\/2021\\\/02\\\/cropped-Radio_Ljubuski_logo1.jpg\",\"contentUrl\":\"https:\\\/\\\/radioljubuski.ba\\\/wp-content\\\/uploads\\\/2021\\\/02\\\/cropped-Radio_Ljubuski_logo1.jpg\",\"width\":512,\"height\":512,\"caption\":\"Radio Ljubu\u0161ki\"},\"image\":{\"@id\":\"https:\\\/\\\/radioljubuski.ba\\\/#\\\/schema\\\/logo\\\/image\\\/\"},\"sameAs\":[\"https:\\\/\\\/www.facebook.com\\\/Radiio-Ljubuski-1490835324566332\",\"https:\\\/\\\/x.com\\\/radioljubuski\",\"https:\\\/\\\/hr.linkedin.com\\\/company\\\/radio-ljubuski\",\"https:\\\/\\\/www.youtube.com\\\/channel\\\/UCHYaeO_n0Db3tjNGudGpXyw\"]},{\"@type\":\"Person\",\"@id\":\"https:\\\/\\\/radioljubuski.ba\\\/#\\\/schema\\\/person\\\/19fc700381a780f69665d7956c469e3b\",\"name\":\"Radio Ljubu\u0161ki\"}]}<\/script>\n<!-- \/ Yoast SEO plugin. -->","yoast_head_json":{"title":"Hrvatska: Do 3.600 kuna mjese\u010dno vlasnicima smje\u0161taja za izbjegle iz Ukrajine - RADIO LJUBU\u0160KI","robots":{"index":"index","follow":"follow","max-snippet":"max-snippet:-1","max-image-preview":"max-image-preview:large","max-video-preview":"max-video-preview:-1"},"canonical":"https:\/\/radioljubuski.ba\/index.php\/2022\/03\/24\/hrvatska-do-3-600-kuna-mjesecno-vlasnicima-smjestaja-za-izbjegle-iz-ukrajine\/","og_locale":"hr_HR","og_type":"article","og_title":"Hrvatska: Do 3.600 kuna mjese\u010dno vlasnicima smje\u0161taja za izbjegle iz Ukrajine - RADIO LJUBU\u0160KI","og_description":"Vlada je u srijedu donijela Odluku o financiranju tro\u0161kova stambenog zbrinjavanja raseljenih osoba iz Ukrajine u pojedina\u010dnom smje\u0161taju, po kojoj \u0107e dr\u017eava do najvi\u0161e 3600 kuna mjese\u010dno ispla\u0107ivati vlasnicima koji svoje nekretnine ustupe za smje\u0161taj izbjeglica. Vlada je na sjednici odlu\u010dila da \u0107e se tro\u0161kovi pla\u0107ati temeljem ugovora o najmu s MUP-om (Ravnateljstvom civilne za\u0161tite) [&hellip;]","og_url":"https:\/\/radioljubuski.ba\/index.php\/2022\/03\/24\/hrvatska-do-3-600-kuna-mjesecno-vlasnicima-smjestaja-za-izbjegle-iz-ukrajine\/","og_site_name":"RADIO LJUBU\u0160KI","article_publisher":"https:\/\/www.facebook.com\/Radiio-Ljubuski-1490835324566332","article_published_time":"2022-03-24T00:02:07+00:00","article_modified_time":"2022-03-24T00:02:08+00:00","og_image":[{"width":1000,"height":625,"url":"https:\/\/radioljubuski.ba\/wp-content\/uploads\/2022\/03\/7-2022-03-19-15-15-14-izbjeglice-polj-ukr.jpg","type":"image\/jpeg"}],"author":"Radio Ljubu\u0161ki","twitter_card":"summary_large_image","twitter_creator":"@radioljubuski","twitter_site":"@radioljubuski","twitter_misc":{"Napisao\/la":"Radio Ljubu\u0161ki","Procijenjeno vrijeme \u010ditanja":"2 minute"},"schema":{"@context":"https:\/\/schema.org","@graph":[{"@type":"Article","@id":"https:\/\/radioljubuski.ba\/index.php\/2022\/03\/24\/hrvatska-do-3-600-kuna-mjesecno-vlasnicima-smjestaja-za-izbjegle-iz-ukrajine\/#article","isPartOf":{"@id":"https:\/\/radioljubuski.ba\/index.php\/2022\/03\/24\/hrvatska-do-3-600-kuna-mjesecno-vlasnicima-smjestaja-za-izbjegle-iz-ukrajine\/"},"author":{"name":"Radio Ljubu\u0161ki","@id":"https:\/\/radioljubuski.ba\/#\/schema\/person\/19fc700381a780f69665d7956c469e3b"},"headline":"Hrvatska: Do 3.600 kuna mjese\u010dno vlasnicima smje\u0161taja za izbjegle iz Ukrajine","datePublished":"2022-03-24T00:02:07+00:00","dateModified":"2022-03-24T00:02:08+00:00","mainEntityOfPage":{"@id":"https:\/\/radioljubuski.ba\/index.php\/2022\/03\/24\/hrvatska-do-3-600-kuna-mjesecno-vlasnicima-smjestaja-za-izbjegle-iz-ukrajine\/"},"wordCount":315,"publisher":{"@id":"https:\/\/radioljubuski.ba\/#organization"},"image":{"@id":"https:\/\/radioljubuski.ba\/index.php\/2022\/03\/24\/hrvatska-do-3-600-kuna-mjesecno-vlasnicima-smjestaja-za-izbjegle-iz-ukrajine\/#primaryimage"},"thumbnailUrl":"https:\/\/radioljubuski.ba\/wp-content\/uploads\/2022\/03\/7-2022-03-19-15-15-14-izbjeglice-polj-ukr.jpg","articleSection":["BIH i regija"],"inLanguage":"hr"},{"@type":"WebPage","@id":"https:\/\/radioljubuski.ba\/index.php\/2022\/03\/24\/hrvatska-do-3-600-kuna-mjesecno-vlasnicima-smjestaja-za-izbjegle-iz-ukrajine\/","url":"https:\/\/radioljubuski.ba\/index.php\/2022\/03\/24\/hrvatska-do-3-600-kuna-mjesecno-vlasnicima-smjestaja-za-izbjegle-iz-ukrajine\/","name":"Hrvatska: Do 3.600 kuna mjese\u010dno vlasnicima smje\u0161taja za izbjegle iz Ukrajine - RADIO LJUBU\u0160KI","isPartOf":{"@id":"https:\/\/radioljubuski.ba\/#website"},"primaryImageOfPage":{"@id":"https:\/\/radioljubuski.ba\/index.php\/2022\/03\/24\/hrvatska-do-3-600-kuna-mjesecno-vlasnicima-smjestaja-za-izbjegle-iz-ukrajine\/#primaryimage"},"image":{"@id":"https:\/\/radioljubuski.ba\/index.php\/2022\/03\/24\/hrvatska-do-3-600-kuna-mjesecno-vlasnicima-smjestaja-za-izbjegle-iz-ukrajine\/#primaryimage"},"thumbnailUrl":"https:\/\/radioljubuski.ba\/wp-content\/uploads\/2022\/03\/7-2022-03-19-15-15-14-izbjeglice-polj-ukr.jpg","datePublished":"2022-03-24T00:02:07+00:00","dateModified":"2022-03-24T00:02:08+00:00","breadcrumb":{"@id":"https:\/\/radioljubuski.ba\/index.php\/2022\/03\/24\/hrvatska-do-3-600-kuna-mjesecno-vlasnicima-smjestaja-za-izbjegle-iz-ukrajine\/#breadcrumb"},"inLanguage":"hr","potentialAction":[{"@type":"ReadAction","target":["https:\/\/radioljubuski.ba\/index.php\/2022\/03\/24\/hrvatska-do-3-600-kuna-mjesecno-vlasnicima-smjestaja-za-izbjegle-iz-ukrajine\/"]}]},{"@type":"ImageObject","inLanguage":"hr","@id":"https:\/\/radioljubuski.ba\/index.php\/2022\/03\/24\/hrvatska-do-3-600-kuna-mjesecno-vlasnicima-smjestaja-za-izbjegle-iz-ukrajine\/#primaryimage","url":"https:\/\/radioljubuski.ba\/wp-content\/uploads\/2022\/03\/7-2022-03-19-15-15-14-izbjeglice-polj-ukr.jpg","contentUrl":"https:\/\/radioljubuski.ba\/wp-content\/uploads\/2022\/03\/7-2022-03-19-15-15-14-izbjeglice-polj-ukr.jpg","width":1000,"height":625},{"@type":"BreadcrumbList","@id":"https:\/\/radioljubuski.ba\/index.php\/2022\/03\/24\/hrvatska-do-3-600-kuna-mjesecno-vlasnicima-smjestaja-za-izbjegle-iz-ukrajine\/#breadcrumb","itemListElement":[{"@type":"ListItem","position":1,"name":"Po\u010detna stranica","item":"https:\/\/radioljubuski.ba\/"},{"@type":"ListItem","position":2,"name":"Hrvatska: Do 3.600 kuna mjese\u010dno vlasnicima smje\u0161taja za izbjegle iz Ukrajine"}]},{"@type":"WebSite","@id":"https:\/\/radioljubuski.ba\/#website","url":"https:\/\/radioljubuski.ba\/","name":"Radio Ljubu\u0161ki","description":"Sun\u010dana frekvencija Hercegovine","publisher":{"@id":"https:\/\/radioljubuski.ba\/#organization"},"potentialAction":[{"@type":"SearchAction","target":{"@type":"EntryPoint","urlTemplate":"https:\/\/radioljubuski.ba\/?s={search_term_string}"},"query-input":{"@type":"PropertyValueSpecification","valueRequired":true,"valueName":"search_term_string"}}],"inLanguage":"hr"},{"@type":"Organization","@id":"https:\/\/radioljubuski.ba\/#organization","name":"Radio Ljubu\u0161ki","url":"https:\/\/radioljubuski.ba\/","logo":{"@type":"ImageObject","inLanguage":"hr","@id":"https:\/\/radioljubuski.ba\/#\/schema\/logo\/image\/","url":"https:\/\/radioljubuski.ba\/wp-content\/uploads\/2021\/02\/cropped-Radio_Ljubuski_logo1.jpg","contentUrl":"https:\/\/radioljubuski.ba\/wp-content\/uploads\/2021\/02\/cropped-Radio_Ljubuski_logo1.jpg","width":512,"height":512,"caption":"Radio Ljubu\u0161ki"},"image":{"@id":"https:\/\/radioljubuski.ba\/#\/schema\/logo\/image\/"},"sameAs":["https:\/\/www.facebook.com\/Radiio-Ljubuski-1490835324566332","https:\/\/x.com\/radioljubuski","https:\/\/hr.linkedin.com\/company\/radio-ljubuski","https:\/\/www.youtube.com\/channel\/UCHYaeO_n0Db3tjNGudGpXyw"]},{"@type":"Person","@id":"https:\/\/radioljubuski.ba\/#\/schema\/person\/19fc700381a780f69665d7956c469e3b","name":"Radio Ljubu\u0161ki"}]}},"_links":{"self":[{"href":"https:\/\/radioljubuski.ba\/index.php\/wp-json\/wp\/v2\/posts\/124389","targetHints":{"allow":["GET"]}}],"collection":[{"href":"https:\/\/radioljubuski.ba\/index.php\/wp-json\/wp\/v2\/posts"}],"about":[{"href":"https:\/\/radioljubuski.ba\/index.php\/wp-json\/wp\/v2\/types\/post"}],"author":[{"embeddable":true,"href":"https:\/\/radioljubuski.ba\/index.php\/wp-json\/wp\/v2\/users\/2"}],"replies":[{"embeddable":true,"href":"https:\/\/radioljubuski.ba\/index.php\/wp-json\/wp\/v2\/comments?post=124389"}],"version-history":[{"count":1,"href":"https:\/\/radioljubuski.ba\/index.php\/wp-json\/wp\/v2\/posts\/124389\/revisions"}],"predecessor-version":[{"id":124390,"href":"https:\/\/radioljubuski.ba\/index.php\/wp-json\/wp\/v2\/posts\/124389\/revisions\/124390"}],"wp:featuredmedia":[{"embeddable":true,"href":"https:\/\/radioljubuski.ba\/index.php\/wp-json\/wp\/v2\/media\/123232"}],"wp:attachment":[{"href":"https:\/\/radioljubuski.ba\/index.php\/wp-json\/wp\/v2\/media?parent=124389"}],"wp:term":[{"taxonomy":"category","embeddable":true,"href":"https:\/\/radioljubuski.ba\/index.php\/wp-json\/wp\/v2\/categories?post=124389"},{"taxonomy":"post_tag","embeddable":true,"href":"https:\/\/radioljubuski.ba\/index.php\/wp-json\/wp\/v2\/tags?post=124389"}],"curies":[{"name":"wp","href":"https:\/\/api.w.org\/{rel}","templated":true}]}}