{"id":124391,"date":"2022-03-24T01:03:07","date_gmt":"2022-03-24T00:03:07","guid":{"rendered":"https:\/\/radioljubuski.ba\/?p=124391"},"modified":"2022-03-24T01:03:08","modified_gmt":"2022-03-24T00:03:08","slug":"energetski-summit-u-neumu-vazno-je-da-bih-osigura-svoju-energetsku-sigurnost-i-nezavisnost","status":"publish","type":"post","link":"https:\/\/radioljubuski.ba\/index.php\/2022\/03\/24\/energetski-summit-u-neumu-vazno-je-da-bih-osigura-svoju-energetsku-sigurnost-i-nezavisnost\/","title":{"rendered":"Energetski summit u Neumu: Va\u017eno je da BiH osigura svoju energetsku sigurnost i nezavisnost"},"content":{"rendered":"\n<p>Slu\u017ebeni dio Energetskog summita u Bosni i Hercegovini 2022. po\u010deo je u srijedu u &nbsp;Neumu, a okupio je klju\u010dne doma\u0107e, regionalne i me\u0111unarodne aktere koji \u0107e razgovarati o prijeko potrebnoj reformi energetskog sektora i putu Bosne i Hercegovine u tranziciji ka \u010distoj energiji.<\/p>\n\n\n\n<p>Fokus rasprava \u0107e biti na napretku reformske agende, sigurnosti opskrbe prirodnim plinom i preduvjetima za pove\u0107anje potro\u0161nje, ulozi \u017eena u energetskom sektoru, te financijskim zahtjevima za pravednu tranziciju ka niskouglji\u010dnoj ekonomiji.<\/p>\n\n\n\n<p>Michael J. Murphy, veleposlanik SAD-a u BiH ocijenio je kako je od klju\u010dne va\u017enosti da BiH osigura svoju energetsku sigurnost i nezavisnost.<\/p>\n\n\n\n<p>Podjetio je kako su prije tri godine predstavnici vlasti u BiH, zajedno s predstavnicima me\u0111unarodne zajednice, potpisali zajedni\u010dku izjavu da \u0107e se pozabiviti najva\u017enijim problemima u energetskom sektoru u zemlji te da je BiH od tada postigla odre\u0111eni napredak, no i dalje nije rije\u0161ila neke od bitnih stvari.<\/p>\n\n\n\n<p>Po njegovim rije\u010dima, to uklju\u010duje neusvajanje dr\u017eavnog zakona vezanog za energetiku, \u0161to taocem dr\u017ei energetski sektor, gospodarstvo i ljude u BiH.<\/p>\n\n\n\n<p>Dalje smatra kako su BiH potrebne funkcionalne, efikasne dr\u017eavne institucije u kojima \u0107e se raditi s ciljem postizanja rezultata.<\/p>\n\n\n\n<p>&#8211; Davno je pro\u0161lo vrijeme da se krene na posao. BH lideri su se obavezali da preuzmu obaveze u globalnom procesu koje uklju\u010duju da se postigne napredak u tranziciji ka \u010distoj energiji, da pove\u0107aju energetsku efikasnost \u0161to bi dovelo do novih investicija i otvorilo nova radna mjesta. Ostalo je jo\u0161 puno posla u toj oblasti. SAD je ostao odlu\u010dan da da potporu bh. energetskom sektoru. Nadam se da \u0107e summit pokrenuti stvari koje su i suvi\u0161e dugo \u010dekale na pokretanje \u2013 rekao je ameri\u010dki veleposlanik.<\/p>\n\n\n\n<p>&#8211; Pro\u0161li smo veliki broj benzinskih crpki s cijenama goriva koje su porasle, a to nam jasno pokazuje va\u017enost ove teme danas. Vidjeli smo u posljednja tri tjedna kako je \u0161tetno biti ovisan o premalom broju razli\u010ditih izvora energenata i kako je va\u017ena energetska sigurnost \u2013 istaknuo je Johann Sattler, \u0161ef delegacije EU i specijalni predstavnik EU te naglasio va\u017enost priklju\u010divanju zelenoj tranziciji.<\/p>\n\n\n\n<p>Upravo u ovom trenutku cijeli svijet poku\u0161ava da smanji pretjeranu ovisnost o fosilnim gorivima, krajnje je vrijeme da se Balkan i BiH priklju\u010de tom vlaku ka zelenoj tranziciji, kazao je Sattler.&nbsp;<\/p>\n\n\n\n<p>U BiH se jo\u0161 uvijek preko 60 posto energije proizvodi iz &#8220;prljavih&#8221; izvora (ugljena..), oko 30 posto dolazi preko vodnih resursa, a samo dva posto od vjetra i solarnih elektrana, a BiH sigurno ima potencijal da to bolje iskoristi, dodao je.<\/p>\n\n\n\n<p>&#8211; Nama je potrebno, od doma\u0107ih vlasti, da postojano usvoje nacionalni plan za klimu i energetiku. Napravili smo napredak, ali potrebno je dalje raditi. Ono \u0161to mogu obe\u0107ati, ispred EU-a, da ostajemo uz BiH, a pro\u0161le godine usvojen je plan koji je osigurao sredstva od 9 milijardi eura, kojega se dio odnosi upravo na projekte energetske tranzicije \u2013 ocijenio je specijalni predstavnik EU-a.<\/p>\n\n\n\n<p>Federalni ministar energije, rudarstva i industrije Nermin D\u017eindi\u0107 naglasio je va\u017enost energetske tranzicije i izrade zakona kako bi ta tranzicija bila jo\u0161 bolja.<\/p>\n\n\n\n<p>&#8211; Mi smo pripremili set reformskih zakona, zakon o energiji, zakon o elektri\u010dnoj energiji, o energetskoj efikasnosti, o ju\u017enoj interkonekciji, i to su klju\u010dni zakoni kojima \u0107emo ispuniti ono \u0161to Europa od nas o\u010dekuje &#8211; kazao je ministar.<\/p>\n\n\n\n<p>Dodao je kako je dogovor da se na sjednicama Vlade usvaja po jedan zakon.<\/p>\n\n\n\n<p>&#8211; Nadamo da \u0107emo smo\u0107i snage da u dogovoru s dr\u017eavnim vlastima i vlastima u RS-u postignemo dogovor \u2013 ocijenio je D\u017eindi\u0107.<\/p>\n\n\n\n<p>Matthew Field, veleposlanik Velike Britanije naglasio je kako rast energenata i rast cijena pokazuje kako je energetski sektor osjetljiv na vanjske faktore i kako se mo\u017ee prije\u0107i na \u010distije i zelenije alternative te da BiH ima kapacitete koje mo\u017ee iskoristi.<\/p>\n\n\n\n<p>Smatra kako treba ulagati u njih i pove\u0107ati im upotrebu jer prelazak na vlastite i \u010distije alternative osigurao bi, kako ka\u017ee, \u010di\u0161\u0107i i kvalitetniji \u017eivot, te stabilnost i prosperitet stanovnika u BiH.<\/p>\n\n\n\n<p>S njim se slo\u017eila i Margaret Uebber, veleposlanica Savezne Republike Njema\u010dke koja je tako\u0111er ocijenila kako je te\u0161ko biti ovisan o samo jednom ili nekoliko snabdjeva\u010da energije.<\/p>\n\n\n\n<p>Isti\u010de kako je izazov za sve zemlje kako smanjiti ovisnost te se pobrinuti da potro\u0161a\u010di imaju sigurnost snabdijevanja energijom, a da cijene ne rastu.<\/p>\n\n\n\n<p>&#8211; U isto vrijeme ne smijemo dovoditi u rizik na\u0161e klimatske ciljeve, ne smijemo podrivati energetsku tranziciju, a koju ako ne provedemo ne\u0107emo ispuniti obvezu da zatopljavanje dr\u017eimo na po\u017eeljnoj razini, \u010dime dovodimo u opasnost cilj koji je usugla\u0161en na Pari\u0161koj konferenciji. Ono \u0161to nam je sada potrebno je su\u0161tinska transformacija na\u0161ih energetskih sustava, a jedini na\u010din da postignemo te ciljeve je zajedno, kao me\u0111unarodna zajednica \u2013 kazala je njema\u010dka veleposlanica.<\/p>\n\n\n\n<p>Tranzicija na obnovljive izvore energije, dodaje, te\u017eak je i kompleksan proces koji zahtijeva veliku politi\u010dku volju.<\/p>\n\n\n\n<p>&nbsp;Pouzdana proizvodnja i snabdijevanje energijom prema mi\u0161ljenjima vode\u0107ih stru\u010dnjaka bit \u0107e presudna u mnogim stvarima te \u0107e biti jedan od klju\u010dnih faktora za razvoj, sigurnost i suverenitet ekonomija, smatra predsjedavaju\u0107i Zastupni\u010dkog doma Parlamentarne skup\u0161tine Bosne i Hercegovine Denis Zvizdi\u0107.<\/p>\n\n\n\n<p>&nbsp;&#8211; \u0160to se ti\u010de BiH, imamo usvojenu strategiju, a namjera nam je da kreiramo pouzdan, efikasan, konkurentan i dugoro\u010dno odr\u017eiv energetski sustav, a koji bi i\u0161ao ka obnovljivim izvorima energije, jer imamo potencijale. Uz pomo\u0107 investitora i prijatelja iz inozemstva mo\u017eemo kreirati budu\u0107nost kojom bi krenuli u energetski razvoj, konkurentu i sigurnu te energetski suverenu BiH &#8211; ustvrdio je Zvizdi\u0107.<\/p>\n\n\n\n<p>Ingrid Macdonald, UN rezidentna koordinatorica govorila je o globalnoj klimatskoj krizi ocijeniv\u0161i pri tome kako su ljudi i okoli\u0161 u BiH sve vi\u0161e pogo\u0111eni tom klimatskom krizom \u0161to smo, kako ka\u017ee, vidjeli pro\u0161le godine s po\u017earima.<\/p>\n\n\n\n<p>Rje\u0161enje \u0107e, po njezinom mi\u0161ljenju, zahtijevati hitnu globalnu solidarnost, a na lokalnoj razini neophodno je hitno poduzeti korake da se krene naprijed.<\/p>\n\n\n\n<p>U\u010dinkovitije kori\u0161tenje energije i pravedna dru\u0161tveno odgovorna tranzicija ka \u010di\u0161\u0107im i zelenijim alternativama je od presudnog zna\u010daja, a pomo\u0107 gospodarstvu i ljudima koji prelaze s neobnovljivih izvora na obnovljive izvore energije mora biti u sredi\u0161tu nastojanja, ustvrdila je Macdonald.<\/p>\n\n\n\n<p>Dodala je kako je BiH ve\u0107 napravila zna\u010dajan napredak kada se usuglasila da smanji emisiju stakleni\u010dkih plinova za 33 posto do 2030. i 66 posto do 2050., u donosu na brojke iz 90-ih.&nbsp;<\/p>\n\n\n\n<p>&#8211; Ba\u0161 ovdje na summitu u Neumu iz 2019. godine najvi\u0161i politi\u010dki predstavnici iz BiH su se obvezali da \u0107e na lokalnoj razini izraditi i provesti zakoni kojima bi se postigli ciljevi energetske tranzicije. Sad je va\u017eno da imamo konkretne korake i konkretno zakonodavstvo &#8211; naglasila je.<\/p>\n\n\n\n<p>Summit, koji \u0107e trajati do petka, 25. o\u017eujka, provodi Ameri\u010dka agencija za me\u0111unarodni razvoj (USAID) kroz Projekt asistencije energetskom sektoru (USAID EPA), potom Razvojni program Ujedinjenih naroda (UNDP), EU Delegacija u Bosni i Hercegovini, Deutsche Gesellschaft f\u00fcr Internationale Zusammenarbeit (GIZ) uime njema\u010dke vlade i Britansko veleposlanstvo u Sarajevu.<\/p>\n\n\n\n<p>Izvor:pogled.ba<\/p>\n","protected":false},"excerpt":{"rendered":"<p>Slu\u017ebeni dio Energetskog summita u Bosni i Hercegovini 2022. po\u010deo je u srijedu u &nbsp;Neumu, a okupio je klju\u010dne doma\u0107e, regionalne i me\u0111unarodne aktere koji \u0107e razgovarati o prijeko potrebnoj reformi energetskog sektora i putu Bosne i Hercegovine u tranziciji ka \u010distoj energiji. Fokus rasprava \u0107e biti na napretku reformske agende, sigurnosti opskrbe prirodnim plinom [&hellip;]<\/p>\n","protected":false},"author":2,"featured_media":124392,"comment_status":"closed","ping_status":"closed","sticky":false,"template":"","format":"standard","meta":{"h5ap_radio_sources":[],"footnotes":""},"categories":[1],"tags":[],"class_list":["post-124391","post","type-post","status-publish","format-standard","has-post-thumbnail","hentry","category-bihiregija"],"yoast_head":"<!-- This site is optimized with the Yoast SEO plugin v27.4 - https:\/\/yoast.com\/product\/yoast-seo-wordpress\/ -->\n<title>Energetski summit u Neumu: Va\u017eno je da BiH osigura svoju energetsku sigurnost i nezavisnost - RADIO LJUBU\u0160KI<\/title>\n<meta name=\"robots\" content=\"index, follow, max-snippet:-1, max-image-preview:large, max-video-preview:-1\" \/>\n<link rel=\"canonical\" href=\"https:\/\/radioljubuski.ba\/index.php\/2022\/03\/24\/energetski-summit-u-neumu-vazno-je-da-bih-osigura-svoju-energetsku-sigurnost-i-nezavisnost\/\" \/>\n<meta property=\"og:locale\" content=\"hr_HR\" \/>\n<meta property=\"og:type\" content=\"article\" \/>\n<meta property=\"og:title\" content=\"Energetski summit u Neumu: Va\u017eno je da BiH osigura svoju energetsku sigurnost i nezavisnost - RADIO LJUBU\u0160KI\" \/>\n<meta property=\"og:description\" content=\"Slu\u017ebeni dio Energetskog summita u Bosni i Hercegovini 2022. po\u010deo je u srijedu u &nbsp;Neumu, a okupio je klju\u010dne doma\u0107e, regionalne i me\u0111unarodne aktere koji \u0107e razgovarati o prijeko potrebnoj reformi energetskog sektora i putu Bosne i Hercegovine u tranziciji ka \u010distoj energiji. Fokus rasprava \u0107e biti na napretku reformske agende, sigurnosti opskrbe prirodnim plinom [&hellip;]\" \/>\n<meta property=\"og:url\" content=\"https:\/\/radioljubuski.ba\/index.php\/2022\/03\/24\/energetski-summit-u-neumu-vazno-je-da-bih-osigura-svoju-energetsku-sigurnost-i-nezavisnost\/\" \/>\n<meta property=\"og:site_name\" content=\"RADIO LJUBU\u0160KI\" \/>\n<meta property=\"article:publisher\" content=\"https:\/\/www.facebook.com\/Radiio-Ljubuski-1490835324566332\" \/>\n<meta property=\"article:published_time\" content=\"2022-03-24T00:03:07+00:00\" \/>\n<meta property=\"article:modified_time\" content=\"2022-03-24T00:03:08+00:00\" \/>\n<meta property=\"og:image\" content=\"https:\/\/radioljubuski.ba\/wp-content\/uploads\/2022\/03\/8-2022-03-23-14-26-19-MURPHY.jpg\" \/>\n\t<meta property=\"og:image:width\" content=\"1000\" \/>\n\t<meta property=\"og:image:height\" content=\"625\" \/>\n\t<meta property=\"og:image:type\" content=\"image\/jpeg\" \/>\n<meta name=\"author\" content=\"Radio Ljubu\u0161ki\" \/>\n<meta name=\"twitter:card\" content=\"summary_large_image\" \/>\n<meta name=\"twitter:creator\" content=\"@radioljubuski\" \/>\n<meta name=\"twitter:site\" content=\"@radioljubuski\" \/>\n<meta name=\"twitter:label1\" content=\"Napisao\/la\" \/>\n\t<meta name=\"twitter:data1\" content=\"Radio Ljubu\u0161ki\" \/>\n\t<meta name=\"twitter:label2\" content=\"Procijenjeno vrijeme \u010ditanja\" \/>\n\t<meta name=\"twitter:data2\" content=\"5 minuta\" \/>\n<script type=\"application\/ld+json\" class=\"yoast-schema-graph\">{\"@context\":\"https:\\\/\\\/schema.org\",\"@graph\":[{\"@type\":\"Article\",\"@id\":\"https:\\\/\\\/radioljubuski.ba\\\/index.php\\\/2022\\\/03\\\/24\\\/energetski-summit-u-neumu-vazno-je-da-bih-osigura-svoju-energetsku-sigurnost-i-nezavisnost\\\/#article\",\"isPartOf\":{\"@id\":\"https:\\\/\\\/radioljubuski.ba\\\/index.php\\\/2022\\\/03\\\/24\\\/energetski-summit-u-neumu-vazno-je-da-bih-osigura-svoju-energetsku-sigurnost-i-nezavisnost\\\/\"},\"author\":{\"name\":\"Radio Ljubu\u0161ki\",\"@id\":\"https:\\\/\\\/radioljubuski.ba\\\/#\\\/schema\\\/person\\\/19fc700381a780f69665d7956c469e3b\"},\"headline\":\"Energetski summit u Neumu: Va\u017eno je da BiH osigura svoju energetsku sigurnost i nezavisnost\",\"datePublished\":\"2022-03-24T00:03:07+00:00\",\"dateModified\":\"2022-03-24T00:03:08+00:00\",\"mainEntityOfPage\":{\"@id\":\"https:\\\/\\\/radioljubuski.ba\\\/index.php\\\/2022\\\/03\\\/24\\\/energetski-summit-u-neumu-vazno-je-da-bih-osigura-svoju-energetsku-sigurnost-i-nezavisnost\\\/\"},\"wordCount\":1216,\"publisher\":{\"@id\":\"https:\\\/\\\/radioljubuski.ba\\\/#organization\"},\"image\":{\"@id\":\"https:\\\/\\\/radioljubuski.ba\\\/index.php\\\/2022\\\/03\\\/24\\\/energetski-summit-u-neumu-vazno-je-da-bih-osigura-svoju-energetsku-sigurnost-i-nezavisnost\\\/#primaryimage\"},\"thumbnailUrl\":\"https:\\\/\\\/radioljubuski.ba\\\/wp-content\\\/uploads\\\/2022\\\/03\\\/8-2022-03-23-14-26-19-MURPHY.jpg\",\"articleSection\":[\"BIH i regija\"],\"inLanguage\":\"hr\"},{\"@type\":\"WebPage\",\"@id\":\"https:\\\/\\\/radioljubuski.ba\\\/index.php\\\/2022\\\/03\\\/24\\\/energetski-summit-u-neumu-vazno-je-da-bih-osigura-svoju-energetsku-sigurnost-i-nezavisnost\\\/\",\"url\":\"https:\\\/\\\/radioljubuski.ba\\\/index.php\\\/2022\\\/03\\\/24\\\/energetski-summit-u-neumu-vazno-je-da-bih-osigura-svoju-energetsku-sigurnost-i-nezavisnost\\\/\",\"name\":\"Energetski summit u Neumu: Va\u017eno je da BiH osigura svoju energetsku sigurnost i nezavisnost - RADIO LJUBU\u0160KI\",\"isPartOf\":{\"@id\":\"https:\\\/\\\/radioljubuski.ba\\\/#website\"},\"primaryImageOfPage\":{\"@id\":\"https:\\\/\\\/radioljubuski.ba\\\/index.php\\\/2022\\\/03\\\/24\\\/energetski-summit-u-neumu-vazno-je-da-bih-osigura-svoju-energetsku-sigurnost-i-nezavisnost\\\/#primaryimage\"},\"image\":{\"@id\":\"https:\\\/\\\/radioljubuski.ba\\\/index.php\\\/2022\\\/03\\\/24\\\/energetski-summit-u-neumu-vazno-je-da-bih-osigura-svoju-energetsku-sigurnost-i-nezavisnost\\\/#primaryimage\"},\"thumbnailUrl\":\"https:\\\/\\\/radioljubuski.ba\\\/wp-content\\\/uploads\\\/2022\\\/03\\\/8-2022-03-23-14-26-19-MURPHY.jpg\",\"datePublished\":\"2022-03-24T00:03:07+00:00\",\"dateModified\":\"2022-03-24T00:03:08+00:00\",\"breadcrumb\":{\"@id\":\"https:\\\/\\\/radioljubuski.ba\\\/index.php\\\/2022\\\/03\\\/24\\\/energetski-summit-u-neumu-vazno-je-da-bih-osigura-svoju-energetsku-sigurnost-i-nezavisnost\\\/#breadcrumb\"},\"inLanguage\":\"hr\",\"potentialAction\":[{\"@type\":\"ReadAction\",\"target\":[\"https:\\\/\\\/radioljubuski.ba\\\/index.php\\\/2022\\\/03\\\/24\\\/energetski-summit-u-neumu-vazno-je-da-bih-osigura-svoju-energetsku-sigurnost-i-nezavisnost\\\/\"]}]},{\"@type\":\"ImageObject\",\"inLanguage\":\"hr\",\"@id\":\"https:\\\/\\\/radioljubuski.ba\\\/index.php\\\/2022\\\/03\\\/24\\\/energetski-summit-u-neumu-vazno-je-da-bih-osigura-svoju-energetsku-sigurnost-i-nezavisnost\\\/#primaryimage\",\"url\":\"https:\\\/\\\/radioljubuski.ba\\\/wp-content\\\/uploads\\\/2022\\\/03\\\/8-2022-03-23-14-26-19-MURPHY.jpg\",\"contentUrl\":\"https:\\\/\\\/radioljubuski.ba\\\/wp-content\\\/uploads\\\/2022\\\/03\\\/8-2022-03-23-14-26-19-MURPHY.jpg\",\"width\":1000,\"height\":625},{\"@type\":\"BreadcrumbList\",\"@id\":\"https:\\\/\\\/radioljubuski.ba\\\/index.php\\\/2022\\\/03\\\/24\\\/energetski-summit-u-neumu-vazno-je-da-bih-osigura-svoju-energetsku-sigurnost-i-nezavisnost\\\/#breadcrumb\",\"itemListElement\":[{\"@type\":\"ListItem\",\"position\":1,\"name\":\"Po\u010detna stranica\",\"item\":\"https:\\\/\\\/radioljubuski.ba\\\/\"},{\"@type\":\"ListItem\",\"position\":2,\"name\":\"Energetski summit u Neumu: Va\u017eno je da BiH osigura svoju energetsku sigurnost i nezavisnost\"}]},{\"@type\":\"WebSite\",\"@id\":\"https:\\\/\\\/radioljubuski.ba\\\/#website\",\"url\":\"https:\\\/\\\/radioljubuski.ba\\\/\",\"name\":\"Radio Ljubu\u0161ki\",\"description\":\"Sun\u010dana frekvencija Hercegovine\",\"publisher\":{\"@id\":\"https:\\\/\\\/radioljubuski.ba\\\/#organization\"},\"potentialAction\":[{\"@type\":\"SearchAction\",\"target\":{\"@type\":\"EntryPoint\",\"urlTemplate\":\"https:\\\/\\\/radioljubuski.ba\\\/?s={search_term_string}\"},\"query-input\":{\"@type\":\"PropertyValueSpecification\",\"valueRequired\":true,\"valueName\":\"search_term_string\"}}],\"inLanguage\":\"hr\"},{\"@type\":\"Organization\",\"@id\":\"https:\\\/\\\/radioljubuski.ba\\\/#organization\",\"name\":\"Radio Ljubu\u0161ki\",\"url\":\"https:\\\/\\\/radioljubuski.ba\\\/\",\"logo\":{\"@type\":\"ImageObject\",\"inLanguage\":\"hr\",\"@id\":\"https:\\\/\\\/radioljubuski.ba\\\/#\\\/schema\\\/logo\\\/image\\\/\",\"url\":\"https:\\\/\\\/radioljubuski.ba\\\/wp-content\\\/uploads\\\/2021\\\/02\\\/cropped-Radio_Ljubuski_logo1.jpg\",\"contentUrl\":\"https:\\\/\\\/radioljubuski.ba\\\/wp-content\\\/uploads\\\/2021\\\/02\\\/cropped-Radio_Ljubuski_logo1.jpg\",\"width\":512,\"height\":512,\"caption\":\"Radio Ljubu\u0161ki\"},\"image\":{\"@id\":\"https:\\\/\\\/radioljubuski.ba\\\/#\\\/schema\\\/logo\\\/image\\\/\"},\"sameAs\":[\"https:\\\/\\\/www.facebook.com\\\/Radiio-Ljubuski-1490835324566332\",\"https:\\\/\\\/x.com\\\/radioljubuski\",\"https:\\\/\\\/hr.linkedin.com\\\/company\\\/radio-ljubuski\",\"https:\\\/\\\/www.youtube.com\\\/channel\\\/UCHYaeO_n0Db3tjNGudGpXyw\"]},{\"@type\":\"Person\",\"@id\":\"https:\\\/\\\/radioljubuski.ba\\\/#\\\/schema\\\/person\\\/19fc700381a780f69665d7956c469e3b\",\"name\":\"Radio Ljubu\u0161ki\"}]}<\/script>\n<!-- \/ Yoast SEO plugin. -->","yoast_head_json":{"title":"Energetski summit u Neumu: Va\u017eno je da BiH osigura svoju energetsku sigurnost i nezavisnost - RADIO LJUBU\u0160KI","robots":{"index":"index","follow":"follow","max-snippet":"max-snippet:-1","max-image-preview":"max-image-preview:large","max-video-preview":"max-video-preview:-1"},"canonical":"https:\/\/radioljubuski.ba\/index.php\/2022\/03\/24\/energetski-summit-u-neumu-vazno-je-da-bih-osigura-svoju-energetsku-sigurnost-i-nezavisnost\/","og_locale":"hr_HR","og_type":"article","og_title":"Energetski summit u Neumu: Va\u017eno je da BiH osigura svoju energetsku sigurnost i nezavisnost - RADIO LJUBU\u0160KI","og_description":"Slu\u017ebeni dio Energetskog summita u Bosni i Hercegovini 2022. po\u010deo je u srijedu u &nbsp;Neumu, a okupio je klju\u010dne doma\u0107e, regionalne i me\u0111unarodne aktere koji \u0107e razgovarati o prijeko potrebnoj reformi energetskog sektora i putu Bosne i Hercegovine u tranziciji ka \u010distoj energiji. Fokus rasprava \u0107e biti na napretku reformske agende, sigurnosti opskrbe prirodnim plinom [&hellip;]","og_url":"https:\/\/radioljubuski.ba\/index.php\/2022\/03\/24\/energetski-summit-u-neumu-vazno-je-da-bih-osigura-svoju-energetsku-sigurnost-i-nezavisnost\/","og_site_name":"RADIO LJUBU\u0160KI","article_publisher":"https:\/\/www.facebook.com\/Radiio-Ljubuski-1490835324566332","article_published_time":"2022-03-24T00:03:07+00:00","article_modified_time":"2022-03-24T00:03:08+00:00","og_image":[{"width":1000,"height":625,"url":"https:\/\/radioljubuski.ba\/wp-content\/uploads\/2022\/03\/8-2022-03-23-14-26-19-MURPHY.jpg","type":"image\/jpeg"}],"author":"Radio Ljubu\u0161ki","twitter_card":"summary_large_image","twitter_creator":"@radioljubuski","twitter_site":"@radioljubuski","twitter_misc":{"Napisao\/la":"Radio Ljubu\u0161ki","Procijenjeno vrijeme \u010ditanja":"5 minuta"},"schema":{"@context":"https:\/\/schema.org","@graph":[{"@type":"Article","@id":"https:\/\/radioljubuski.ba\/index.php\/2022\/03\/24\/energetski-summit-u-neumu-vazno-je-da-bih-osigura-svoju-energetsku-sigurnost-i-nezavisnost\/#article","isPartOf":{"@id":"https:\/\/radioljubuski.ba\/index.php\/2022\/03\/24\/energetski-summit-u-neumu-vazno-je-da-bih-osigura-svoju-energetsku-sigurnost-i-nezavisnost\/"},"author":{"name":"Radio Ljubu\u0161ki","@id":"https:\/\/radioljubuski.ba\/#\/schema\/person\/19fc700381a780f69665d7956c469e3b"},"headline":"Energetski summit u Neumu: Va\u017eno je da BiH osigura svoju energetsku sigurnost i nezavisnost","datePublished":"2022-03-24T00:03:07+00:00","dateModified":"2022-03-24T00:03:08+00:00","mainEntityOfPage":{"@id":"https:\/\/radioljubuski.ba\/index.php\/2022\/03\/24\/energetski-summit-u-neumu-vazno-je-da-bih-osigura-svoju-energetsku-sigurnost-i-nezavisnost\/"},"wordCount":1216,"publisher":{"@id":"https:\/\/radioljubuski.ba\/#organization"},"image":{"@id":"https:\/\/radioljubuski.ba\/index.php\/2022\/03\/24\/energetski-summit-u-neumu-vazno-je-da-bih-osigura-svoju-energetsku-sigurnost-i-nezavisnost\/#primaryimage"},"thumbnailUrl":"https:\/\/radioljubuski.ba\/wp-content\/uploads\/2022\/03\/8-2022-03-23-14-26-19-MURPHY.jpg","articleSection":["BIH i regija"],"inLanguage":"hr"},{"@type":"WebPage","@id":"https:\/\/radioljubuski.ba\/index.php\/2022\/03\/24\/energetski-summit-u-neumu-vazno-je-da-bih-osigura-svoju-energetsku-sigurnost-i-nezavisnost\/","url":"https:\/\/radioljubuski.ba\/index.php\/2022\/03\/24\/energetski-summit-u-neumu-vazno-je-da-bih-osigura-svoju-energetsku-sigurnost-i-nezavisnost\/","name":"Energetski summit u Neumu: Va\u017eno je da BiH osigura svoju energetsku sigurnost i nezavisnost - RADIO LJUBU\u0160KI","isPartOf":{"@id":"https:\/\/radioljubuski.ba\/#website"},"primaryImageOfPage":{"@id":"https:\/\/radioljubuski.ba\/index.php\/2022\/03\/24\/energetski-summit-u-neumu-vazno-je-da-bih-osigura-svoju-energetsku-sigurnost-i-nezavisnost\/#primaryimage"},"image":{"@id":"https:\/\/radioljubuski.ba\/index.php\/2022\/03\/24\/energetski-summit-u-neumu-vazno-je-da-bih-osigura-svoju-energetsku-sigurnost-i-nezavisnost\/#primaryimage"},"thumbnailUrl":"https:\/\/radioljubuski.ba\/wp-content\/uploads\/2022\/03\/8-2022-03-23-14-26-19-MURPHY.jpg","datePublished":"2022-03-24T00:03:07+00:00","dateModified":"2022-03-24T00:03:08+00:00","breadcrumb":{"@id":"https:\/\/radioljubuski.ba\/index.php\/2022\/03\/24\/energetski-summit-u-neumu-vazno-je-da-bih-osigura-svoju-energetsku-sigurnost-i-nezavisnost\/#breadcrumb"},"inLanguage":"hr","potentialAction":[{"@type":"ReadAction","target":["https:\/\/radioljubuski.ba\/index.php\/2022\/03\/24\/energetski-summit-u-neumu-vazno-je-da-bih-osigura-svoju-energetsku-sigurnost-i-nezavisnost\/"]}]},{"@type":"ImageObject","inLanguage":"hr","@id":"https:\/\/radioljubuski.ba\/index.php\/2022\/03\/24\/energetski-summit-u-neumu-vazno-je-da-bih-osigura-svoju-energetsku-sigurnost-i-nezavisnost\/#primaryimage","url":"https:\/\/radioljubuski.ba\/wp-content\/uploads\/2022\/03\/8-2022-03-23-14-26-19-MURPHY.jpg","contentUrl":"https:\/\/radioljubuski.ba\/wp-content\/uploads\/2022\/03\/8-2022-03-23-14-26-19-MURPHY.jpg","width":1000,"height":625},{"@type":"BreadcrumbList","@id":"https:\/\/radioljubuski.ba\/index.php\/2022\/03\/24\/energetski-summit-u-neumu-vazno-je-da-bih-osigura-svoju-energetsku-sigurnost-i-nezavisnost\/#breadcrumb","itemListElement":[{"@type":"ListItem","position":1,"name":"Po\u010detna stranica","item":"https:\/\/radioljubuski.ba\/"},{"@type":"ListItem","position":2,"name":"Energetski summit u Neumu: Va\u017eno je da BiH osigura svoju energetsku sigurnost i nezavisnost"}]},{"@type":"WebSite","@id":"https:\/\/radioljubuski.ba\/#website","url":"https:\/\/radioljubuski.ba\/","name":"Radio Ljubu\u0161ki","description":"Sun\u010dana frekvencija Hercegovine","publisher":{"@id":"https:\/\/radioljubuski.ba\/#organization"},"potentialAction":[{"@type":"SearchAction","target":{"@type":"EntryPoint","urlTemplate":"https:\/\/radioljubuski.ba\/?s={search_term_string}"},"query-input":{"@type":"PropertyValueSpecification","valueRequired":true,"valueName":"search_term_string"}}],"inLanguage":"hr"},{"@type":"Organization","@id":"https:\/\/radioljubuski.ba\/#organization","name":"Radio Ljubu\u0161ki","url":"https:\/\/radioljubuski.ba\/","logo":{"@type":"ImageObject","inLanguage":"hr","@id":"https:\/\/radioljubuski.ba\/#\/schema\/logo\/image\/","url":"https:\/\/radioljubuski.ba\/wp-content\/uploads\/2021\/02\/cropped-Radio_Ljubuski_logo1.jpg","contentUrl":"https:\/\/radioljubuski.ba\/wp-content\/uploads\/2021\/02\/cropped-Radio_Ljubuski_logo1.jpg","width":512,"height":512,"caption":"Radio Ljubu\u0161ki"},"image":{"@id":"https:\/\/radioljubuski.ba\/#\/schema\/logo\/image\/"},"sameAs":["https:\/\/www.facebook.com\/Radiio-Ljubuski-1490835324566332","https:\/\/x.com\/radioljubuski","https:\/\/hr.linkedin.com\/company\/radio-ljubuski","https:\/\/www.youtube.com\/channel\/UCHYaeO_n0Db3tjNGudGpXyw"]},{"@type":"Person","@id":"https:\/\/radioljubuski.ba\/#\/schema\/person\/19fc700381a780f69665d7956c469e3b","name":"Radio Ljubu\u0161ki"}]}},"_links":{"self":[{"href":"https:\/\/radioljubuski.ba\/index.php\/wp-json\/wp\/v2\/posts\/124391","targetHints":{"allow":["GET"]}}],"collection":[{"href":"https:\/\/radioljubuski.ba\/index.php\/wp-json\/wp\/v2\/posts"}],"about":[{"href":"https:\/\/radioljubuski.ba\/index.php\/wp-json\/wp\/v2\/types\/post"}],"author":[{"embeddable":true,"href":"https:\/\/radioljubuski.ba\/index.php\/wp-json\/wp\/v2\/users\/2"}],"replies":[{"embeddable":true,"href":"https:\/\/radioljubuski.ba\/index.php\/wp-json\/wp\/v2\/comments?post=124391"}],"version-history":[{"count":1,"href":"https:\/\/radioljubuski.ba\/index.php\/wp-json\/wp\/v2\/posts\/124391\/revisions"}],"predecessor-version":[{"id":124393,"href":"https:\/\/radioljubuski.ba\/index.php\/wp-json\/wp\/v2\/posts\/124391\/revisions\/124393"}],"wp:featuredmedia":[{"embeddable":true,"href":"https:\/\/radioljubuski.ba\/index.php\/wp-json\/wp\/v2\/media\/124392"}],"wp:attachment":[{"href":"https:\/\/radioljubuski.ba\/index.php\/wp-json\/wp\/v2\/media?parent=124391"}],"wp:term":[{"taxonomy":"category","embeddable":true,"href":"https:\/\/radioljubuski.ba\/index.php\/wp-json\/wp\/v2\/categories?post=124391"},{"taxonomy":"post_tag","embeddable":true,"href":"https:\/\/radioljubuski.ba\/index.php\/wp-json\/wp\/v2\/tags?post=124391"}],"curies":[{"name":"wp","href":"https:\/\/api.w.org\/{rel}","templated":true}]}}