{"id":124406,"date":"2022-03-24T01:12:50","date_gmt":"2022-03-24T00:12:50","guid":{"rendered":"https:\/\/radioljubuski.ba\/?p=124406"},"modified":"2022-03-24T01:12:51","modified_gmt":"2022-03-24T00:12:51","slug":"covic-u-pismu-medunarodnim-duznosnicima-hrvate-se-zeli-svesti-na-status-nacionalne-manjine","status":"publish","type":"post","link":"https:\/\/radioljubuski.ba\/index.php\/2022\/03\/24\/covic-u-pismu-medunarodnim-duznosnicima-hrvate-se-zeli-svesti-na-status-nacionalne-manjine\/","title":{"rendered":"\u010covi\u0107 u pismu me\u0111unarodnim du\u017enosnicima: Hrvate se \u017eeli svesti na status nacionalne manjine"},"content":{"rendered":"\n<p>Predsjednik Hrvatskog narodnog sabora (HNS) Dragan \u010covi\u0107 uputio je pismo &nbsp;brojnim europskim du\u017enosnicima i \u010dlanovima Upravnog odbora Vije\u0107a za provedbu mira (PIC), u kojem ih informira o nedavnim pregovorima o izbornoj reformi i \u201epropu\u0161tenoj prilici da se cjelovitim dogovorom stabiliziraju me\u0111unacionalni odnosi u BiH\u201c.<\/p>\n\n\n\n<p>-\u0160tovi\u0161e, duboko sam uvjeren kako bi odr\u017eavanje legitimnih i pravi\u010dnih izbora ozna\u010dilo kraj duboke politi\u010dke krize u na\u0161oj domovini, osobito u Federaciji BiH. Dr\u017eim kako su rje\u0161enja koja smo predlagali, te strpljivo i predano usugla\u0161avali s drugim konstruktivnim akterima u proteklom razdoblju, ispunjavala najvi\u0161e me\u0111unarodne standarde i po\u0161tovala pravne okvire postavljene Daytonskim mirovnim sporazumom i Ustavom BiH, \u0161to su i potvrdili me\u0111unarodni pravni stru\u010dnjaci koji su nam pomagali u tom iscrpnom procesu. S tim u vezi, ponosan sam na sna\u017ean doprinos hrvatske strane u pregovorima, strane koja je ponudila desetak prijedloga i modela za postizanje klju\u010dnih ciljeva: implementaciju presuda Europskoga suda za ljudska prava i odluke Ustavnoga suda BiH. Neosporno smo dokazali kako je BiH dugoro\u010dno odr\u017eiva kao dr\u017eava u kojoj \u0107e se jednako po\u0161tovati kolektivna prava konstitutivnih naroda i ljudska prava pojedinaca, uz puno po\u0161tovanje Ustava i njegovih temeljnih na\u010dela, navodi \u010covi\u0107 u pismu.<\/p>\n\n\n\n<p>Pregovara\u010dki proces je na\u017ealost, dodaje, ogolio i druga\u010dije uloge i ciljeve pojedinih aktera. Hrvatska strana pokazala je, tvrdi on, stvarnu \u017eelju za postizanje bolnog kompromisa, stavljaju\u0107i zajedni\u010dki interes ispred nacionalnog interesa, a u ime stabilnosti na\u0161e domovine BiH.<\/p>\n\n\n\n<p>-S druge strane, nama svima dobro poznati klju\u010dni akteri svih ovih mjeseci djelovali su nekonstruktivno, protivili su se provedbi Politi\u010dkog sporazuma iz Mostara od 17. lipnja 2020. godine te su postavili neosnovane uvjete koji nemaju veze s implementacijom presuda ECHR-a i Ustavnoga suda BiH. Takvo je pona\u0161anje pro\u0161li tjedan u Sarajevu potvrdilo kako je jedina prepreka postizanju sporazuma, na koju smo upozoravali od samog po\u010detka ovog procesa, odsutnost politi\u010dke volje i \u017eelja za unitarizaciju Federacije BiH te, u kona\u010dnici, stvaranje bo\u0161nja\u010dke nacionalne dr\u017eave, isti\u010de \u010covi\u0107.<\/p>\n\n\n\n<p>Kako navodi, su\u0161tinski se neuspjeh u postizanju takvog dogovora dogodio onoga trenutka kada se provedbu odluka ECHR-a i Ustavnoga suda BiH poku\u0161alo iskoristiti za izmjenu Washingtonskog sporazuma i Daytonskog mirovnog sporazuma.<\/p>\n\n\n\n<p>-Naime, zahtjev za ograni\u010davanje ovlasti Doma naroda Parlamenta Federacije BiH, postavljen kao uvjet provedbe sudskih odluka koje se odnose na izborno zakonodavstvo, zna\u010dio bi ukidanje konstitutivnosti Hrvata u Federaciji BiH, odnosno ukidanje me\u0111unarodnih mirovnih sporazuma u BiH. Iako \u201efunkcioniranje Federacije BiH\u201c nije tema vezana za provedbu presuda ECHR-a i Ustavnog suda BiH, hrvatska strana pokazala je odgovornost i fleksibilnost kad je prihvatila razgovarati i o toj temi, koja nema veze s provedbom navedenih sudskih odluka, a u ime vi\u0161ih ciljeva zajedni\u010dke nam domovine. Prema tome, izra\u017eavamo duboku zabrinutost zbog toga \u0161to zahtjev Stranke demokratske akcije (SDA) za ukidanje zakonodavnih ovlasti Doma naroda Parlamenta Federacije BiH nije nai\u0161ao na osudu, nego na djelomi\u010dnu podr\u0161ku pojedinih aktera, pi\u0161e \u010covi\u0107.<\/p>\n\n\n\n<p>Tako\u0111er navodi da on kao predstavnik politika koje zagovara hrvatski narod, podcrtava kako ukidanje zakonodavnih ovlasti Doma naroda Parlamenta Federacije BiH, njegovo svo\u0111enje na ulogu za\u0161tite vitalnog nacionalnog interesa i izjedna\u010davanje tog doma s Vije\u0107em naroda Republike Srpske, predstavlja \u201egrubo kr\u0161enje Washingtonskog sporazuma i Daytonskog mirovnog sporazuma te ozbiljno ugro\u017eava mir u Bosni i Hercegovini\u201c, &nbsp;te apelira da se taj \u010din ni shvati olako.<\/p>\n\n\n\n<p>-Ne radi se, dakle, o legitimnom \u201emaksimalisti\u010dkom zahtjevu\u201c, kako \u010desto mo\u017eemo \u010duti, ve\u0107 o opasnom \u010dinu neprijateljstva prema hrvatskom konstitutivnom narodu, kojeg se \u017eeli svesti na status nacionalne manjine. Podsje\u0107amo kako su i pojedini bo\u0161nja\u010dki pregovara\u010di izrazili zabrinutost zbog takvog zahtjeva, \u0161to ukazuje na pogubnost sli\u010dnih malignih prijedloga za bo\u0161nja\u010dko-hrvatske odnose. Hrvatski konstitutivni narod zahtijeva i nastavit \u0107e zahtijevati da se njihova ustavna jednakopravnost u praksi po\u0161tuje kroz izbor legitimnih politi\u010dkih predstavnika i sudjelovanje u institucijama i procesima &nbsp;zajedni\u010dkog odlu\u010divanja. Ta o\u010dekivanja ne smiju biti shva\u0107ena kao privilegija, ve\u0107 kao osnovno nacionalno pravo koje vrijedi i za ostala dva konstitutivna naroda, navodi \u010covi\u0107 u pismu me\u0111unarodnim du\u017enosnicima.<\/p>\n\n\n\n<p>Dodaje i kako \u201eneustavan Izborni zakon i nezakonito imenovani \u010dlanovi Sredi\u0161njeg izbornog povjerenstva (SIP) ostavljaju mogu\u0107nost da se Hrvatima nametnu politi\u010dki predstavnici i uskrate demokratska, gra\u0111anska i ljudska prava\u201c. Isklju\u010divanje bilo kojeg naroda iz procesa zajedni\u010dkog upravljanja je, ka\u017ee \u010covi\u0107, opasan presedan te akt politi\u010dkog i institucionalnog nasilja.<\/p>\n\n\n\n<p>-Dr\u017eimo kako se, vi\u0161e nego ikad, Hrvatima \u0161alje jasna poruka da nisu po\u017eeljni u zajedni\u010dkoj nam domovini, Bosni i Hercegovini, uklju\u010duju\u0107i i u njezinim institucijama. Takva je poruka dobila institucionalnu legitimnost, zbog \u010dega se Hrvate pozvalo na za\u0161titu svojih egzistencijalnih potreba i nacionalnih interesa u drugim okvirima. &nbsp;Na kraju, dopustite mi da izrazim zabrinutost zbog \u010dinjenice da svjedo\u010dimo sve o\u010ditijim i otvorenim politikama koje su destruktivne i protivne Washingtonskom sporazumu i Daytonskom mirovnom sporazumu. Iste retrogradne agende vode nas do daljnje destabilizacije i produbljivanja krize u BiH. Hrvatski narodi sabor se na svome Izvanrednom zasjedanju obvezao kako \u0107e sve njegove \u010dlanice s krajnjom pa\u017enjom pratiti nastavak politi\u010dkih pregovora o izmjenama Izbornog zakona i ograni\u010denim ustavnim reformama \u2013 koje su sada neuspje\u0161no zavr\u0161ene. Isto tako, Hrvatski narodni sabor se obvezao da \u0107e, ako se i dalje nastavi s procesom dekonstituiranja hrvatskog naroda, pokrenuti sve pravne procedure i politi\u010dke korake za novu institucionalnu i teritorijalnu organizaciju BiH na na\u010delima federalizma i konsocijacijske demokracije, kojom \u0107e se osigurati potpuna ustavna jednakopravnost sva tri konstitutivna naroda u BiH u okvirima na\u0161e domovine Bosne i Hercegovine i njezinog Ustava, zaklju\u010duje u pismu Dragan \u010covi\u0107.<\/p>\n\n\n\n<p>Pismo je upu\u0107eno predsjednici Europske komisije Ursuli von der Leyen, visokom povjereniku EU za vanjsku i sigurnosnu politiku Josepu Borrellu, predsjedniku Europskog vije\u0107a Charlesu Michelu, predsjedniku Republike Hrvatske Zoranu Milanovi\u0107u, predsjedniku Vlade RH, Andreju Plenkovi\u0107u, predsjedniku Sabora RH, Gordanu Jandrokovi\u0107u, dopredsjednici Europskog parlamenta, &nbsp;Roberti Metsoli, &nbsp;predsjedatelju Vanjskopoliti\u010dkog odbora Europskog parlamenta Davidu McAllisteru, predsjedniku EPP-a Donaldu Tusku, predsjedatelju grupe EPP-a u Europskom parlamentu Manfredu Weberu, dopredsjedatelju grupe EPP, Paulu Rangelu, glavnoj tajnici OESS-a Helgi Schmid, posebnom izaslaniku EU za Zapadni Balkan Miroslavu Laj\u010daku, direktorici Europske slu\u017ebe za vanjske poslove Angelini Eichhorst te visokom predstavniku Christianu Schmidtu i veleposlanicima iz UO PIC-a. &nbsp;<\/p>\n\n\n\n<p>Izvor:pogled.ba<\/p>\n","protected":false},"excerpt":{"rendered":"<p>Predsjednik Hrvatskog narodnog sabora (HNS) Dragan \u010covi\u0107 uputio je pismo &nbsp;brojnim europskim du\u017enosnicima i \u010dlanovima Upravnog odbora Vije\u0107a za provedbu mira (PIC), u kojem ih informira o nedavnim pregovorima o izbornoj reformi i \u201epropu\u0161tenoj prilici da se cjelovitim dogovorom stabiliziraju me\u0111unacionalni odnosi u BiH\u201c. -\u0160tovi\u0161e, duboko sam uvjeren kako bi odr\u017eavanje legitimnih i pravi\u010dnih izbora [&hellip;]<\/p>\n","protected":false},"author":2,"featured_media":124407,"comment_status":"closed","ping_status":"closed","sticky":false,"template":"","format":"standard","meta":{"h5ap_radio_sources":[],"footnotes":""},"categories":[1],"tags":[],"class_list":["post-124406","post","type-post","status-publish","format-standard","has-post-thumbnail","hentry","category-bihiregija"],"yoast_head":"<!-- This site is optimized with the Yoast SEO plugin v27.4 - https:\/\/yoast.com\/product\/yoast-seo-wordpress\/ -->\n<title>\u010covi\u0107 u pismu me\u0111unarodnim du\u017enosnicima: Hrvate se \u017eeli svesti na status nacionalne manjine - RADIO LJUBU\u0160KI<\/title>\n<meta name=\"robots\" content=\"index, follow, max-snippet:-1, max-image-preview:large, max-video-preview:-1\" \/>\n<link rel=\"canonical\" href=\"https:\/\/radioljubuski.ba\/index.php\/2022\/03\/24\/covic-u-pismu-medunarodnim-duznosnicima-hrvate-se-zeli-svesti-na-status-nacionalne-manjine\/\" \/>\n<meta property=\"og:locale\" content=\"hr_HR\" \/>\n<meta property=\"og:type\" content=\"article\" \/>\n<meta property=\"og:title\" content=\"\u010covi\u0107 u pismu me\u0111unarodnim du\u017enosnicima: Hrvate se \u017eeli svesti na status nacionalne manjine - RADIO LJUBU\u0160KI\" \/>\n<meta property=\"og:description\" content=\"Predsjednik Hrvatskog narodnog sabora (HNS) Dragan \u010covi\u0107 uputio je pismo &nbsp;brojnim europskim du\u017enosnicima i \u010dlanovima Upravnog odbora Vije\u0107a za provedbu mira (PIC), u kojem ih informira o nedavnim pregovorima o izbornoj reformi i \u201epropu\u0161tenoj prilici da se cjelovitim dogovorom stabiliziraju me\u0111unacionalni odnosi u BiH\u201c. -\u0160tovi\u0161e, duboko sam uvjeren kako bi odr\u017eavanje legitimnih i pravi\u010dnih izbora [&hellip;]\" \/>\n<meta property=\"og:url\" content=\"https:\/\/radioljubuski.ba\/index.php\/2022\/03\/24\/covic-u-pismu-medunarodnim-duznosnicima-hrvate-se-zeli-svesti-na-status-nacionalne-manjine\/\" \/>\n<meta property=\"og:site_name\" content=\"RADIO LJUBU\u0160KI\" \/>\n<meta property=\"article:publisher\" content=\"https:\/\/www.facebook.com\/Radiio-Ljubuski-1490835324566332\" \/>\n<meta property=\"article:published_time\" content=\"2022-03-24T00:12:50+00:00\" \/>\n<meta property=\"article:modified_time\" content=\"2022-03-24T00:12:51+00:00\" \/>\n<meta property=\"og:image\" content=\"https:\/\/radioljubuski.ba\/wp-content\/uploads\/2022\/03\/covic-3.jpg\" \/>\n\t<meta property=\"og:image:width\" content=\"1000\" \/>\n\t<meta property=\"og:image:height\" content=\"625\" \/>\n\t<meta property=\"og:image:type\" content=\"image\/jpeg\" \/>\n<meta name=\"author\" content=\"Radio Ljubu\u0161ki\" \/>\n<meta name=\"twitter:card\" content=\"summary_large_image\" \/>\n<meta name=\"twitter:creator\" content=\"@radioljubuski\" \/>\n<meta name=\"twitter:site\" content=\"@radioljubuski\" \/>\n<meta name=\"twitter:label1\" content=\"Napisao\/la\" \/>\n\t<meta name=\"twitter:data1\" content=\"Radio Ljubu\u0161ki\" \/>\n\t<meta name=\"twitter:label2\" content=\"Procijenjeno vrijeme \u010ditanja\" \/>\n\t<meta name=\"twitter:data2\" content=\"5 minuta\" \/>\n<script type=\"application\/ld+json\" class=\"yoast-schema-graph\">{\"@context\":\"https:\\\/\\\/schema.org\",\"@graph\":[{\"@type\":\"Article\",\"@id\":\"https:\\\/\\\/radioljubuski.ba\\\/index.php\\\/2022\\\/03\\\/24\\\/covic-u-pismu-medunarodnim-duznosnicima-hrvate-se-zeli-svesti-na-status-nacionalne-manjine\\\/#article\",\"isPartOf\":{\"@id\":\"https:\\\/\\\/radioljubuski.ba\\\/index.php\\\/2022\\\/03\\\/24\\\/covic-u-pismu-medunarodnim-duznosnicima-hrvate-se-zeli-svesti-na-status-nacionalne-manjine\\\/\"},\"author\":{\"name\":\"Radio Ljubu\u0161ki\",\"@id\":\"https:\\\/\\\/radioljubuski.ba\\\/#\\\/schema\\\/person\\\/19fc700381a780f69665d7956c469e3b\"},\"headline\":\"\u010covi\u0107 u pismu me\u0111unarodnim du\u017enosnicima: Hrvate se \u017eeli svesti na status nacionalne manjine\",\"datePublished\":\"2022-03-24T00:12:50+00:00\",\"dateModified\":\"2022-03-24T00:12:51+00:00\",\"mainEntityOfPage\":{\"@id\":\"https:\\\/\\\/radioljubuski.ba\\\/index.php\\\/2022\\\/03\\\/24\\\/covic-u-pismu-medunarodnim-duznosnicima-hrvate-se-zeli-svesti-na-status-nacionalne-manjine\\\/\"},\"wordCount\":1104,\"publisher\":{\"@id\":\"https:\\\/\\\/radioljubuski.ba\\\/#organization\"},\"image\":{\"@id\":\"https:\\\/\\\/radioljubuski.ba\\\/index.php\\\/2022\\\/03\\\/24\\\/covic-u-pismu-medunarodnim-duznosnicima-hrvate-se-zeli-svesti-na-status-nacionalne-manjine\\\/#primaryimage\"},\"thumbnailUrl\":\"https:\\\/\\\/radioljubuski.ba\\\/wp-content\\\/uploads\\\/2022\\\/03\\\/covic-3.jpg\",\"articleSection\":[\"BIH i regija\"],\"inLanguage\":\"hr\"},{\"@type\":\"WebPage\",\"@id\":\"https:\\\/\\\/radioljubuski.ba\\\/index.php\\\/2022\\\/03\\\/24\\\/covic-u-pismu-medunarodnim-duznosnicima-hrvate-se-zeli-svesti-na-status-nacionalne-manjine\\\/\",\"url\":\"https:\\\/\\\/radioljubuski.ba\\\/index.php\\\/2022\\\/03\\\/24\\\/covic-u-pismu-medunarodnim-duznosnicima-hrvate-se-zeli-svesti-na-status-nacionalne-manjine\\\/\",\"name\":\"\u010covi\u0107 u pismu me\u0111unarodnim du\u017enosnicima: Hrvate se \u017eeli svesti na status nacionalne manjine - RADIO LJUBU\u0160KI\",\"isPartOf\":{\"@id\":\"https:\\\/\\\/radioljubuski.ba\\\/#website\"},\"primaryImageOfPage\":{\"@id\":\"https:\\\/\\\/radioljubuski.ba\\\/index.php\\\/2022\\\/03\\\/24\\\/covic-u-pismu-medunarodnim-duznosnicima-hrvate-se-zeli-svesti-na-status-nacionalne-manjine\\\/#primaryimage\"},\"image\":{\"@id\":\"https:\\\/\\\/radioljubuski.ba\\\/index.php\\\/2022\\\/03\\\/24\\\/covic-u-pismu-medunarodnim-duznosnicima-hrvate-se-zeli-svesti-na-status-nacionalne-manjine\\\/#primaryimage\"},\"thumbnailUrl\":\"https:\\\/\\\/radioljubuski.ba\\\/wp-content\\\/uploads\\\/2022\\\/03\\\/covic-3.jpg\",\"datePublished\":\"2022-03-24T00:12:50+00:00\",\"dateModified\":\"2022-03-24T00:12:51+00:00\",\"breadcrumb\":{\"@id\":\"https:\\\/\\\/radioljubuski.ba\\\/index.php\\\/2022\\\/03\\\/24\\\/covic-u-pismu-medunarodnim-duznosnicima-hrvate-se-zeli-svesti-na-status-nacionalne-manjine\\\/#breadcrumb\"},\"inLanguage\":\"hr\",\"potentialAction\":[{\"@type\":\"ReadAction\",\"target\":[\"https:\\\/\\\/radioljubuski.ba\\\/index.php\\\/2022\\\/03\\\/24\\\/covic-u-pismu-medunarodnim-duznosnicima-hrvate-se-zeli-svesti-na-status-nacionalne-manjine\\\/\"]}]},{\"@type\":\"ImageObject\",\"inLanguage\":\"hr\",\"@id\":\"https:\\\/\\\/radioljubuski.ba\\\/index.php\\\/2022\\\/03\\\/24\\\/covic-u-pismu-medunarodnim-duznosnicima-hrvate-se-zeli-svesti-na-status-nacionalne-manjine\\\/#primaryimage\",\"url\":\"https:\\\/\\\/radioljubuski.ba\\\/wp-content\\\/uploads\\\/2022\\\/03\\\/covic-3.jpg\",\"contentUrl\":\"https:\\\/\\\/radioljubuski.ba\\\/wp-content\\\/uploads\\\/2022\\\/03\\\/covic-3.jpg\",\"width\":1000,\"height\":625},{\"@type\":\"BreadcrumbList\",\"@id\":\"https:\\\/\\\/radioljubuski.ba\\\/index.php\\\/2022\\\/03\\\/24\\\/covic-u-pismu-medunarodnim-duznosnicima-hrvate-se-zeli-svesti-na-status-nacionalne-manjine\\\/#breadcrumb\",\"itemListElement\":[{\"@type\":\"ListItem\",\"position\":1,\"name\":\"Po\u010detna stranica\",\"item\":\"https:\\\/\\\/radioljubuski.ba\\\/\"},{\"@type\":\"ListItem\",\"position\":2,\"name\":\"\u010covi\u0107 u pismu me\u0111unarodnim du\u017enosnicima: Hrvate se \u017eeli svesti na status nacionalne manjine\"}]},{\"@type\":\"WebSite\",\"@id\":\"https:\\\/\\\/radioljubuski.ba\\\/#website\",\"url\":\"https:\\\/\\\/radioljubuski.ba\\\/\",\"name\":\"Radio Ljubu\u0161ki\",\"description\":\"Sun\u010dana frekvencija Hercegovine\",\"publisher\":{\"@id\":\"https:\\\/\\\/radioljubuski.ba\\\/#organization\"},\"potentialAction\":[{\"@type\":\"SearchAction\",\"target\":{\"@type\":\"EntryPoint\",\"urlTemplate\":\"https:\\\/\\\/radioljubuski.ba\\\/?s={search_term_string}\"},\"query-input\":{\"@type\":\"PropertyValueSpecification\",\"valueRequired\":true,\"valueName\":\"search_term_string\"}}],\"inLanguage\":\"hr\"},{\"@type\":\"Organization\",\"@id\":\"https:\\\/\\\/radioljubuski.ba\\\/#organization\",\"name\":\"Radio Ljubu\u0161ki\",\"url\":\"https:\\\/\\\/radioljubuski.ba\\\/\",\"logo\":{\"@type\":\"ImageObject\",\"inLanguage\":\"hr\",\"@id\":\"https:\\\/\\\/radioljubuski.ba\\\/#\\\/schema\\\/logo\\\/image\\\/\",\"url\":\"https:\\\/\\\/radioljubuski.ba\\\/wp-content\\\/uploads\\\/2021\\\/02\\\/cropped-Radio_Ljubuski_logo1.jpg\",\"contentUrl\":\"https:\\\/\\\/radioljubuski.ba\\\/wp-content\\\/uploads\\\/2021\\\/02\\\/cropped-Radio_Ljubuski_logo1.jpg\",\"width\":512,\"height\":512,\"caption\":\"Radio Ljubu\u0161ki\"},\"image\":{\"@id\":\"https:\\\/\\\/radioljubuski.ba\\\/#\\\/schema\\\/logo\\\/image\\\/\"},\"sameAs\":[\"https:\\\/\\\/www.facebook.com\\\/Radiio-Ljubuski-1490835324566332\",\"https:\\\/\\\/x.com\\\/radioljubuski\",\"https:\\\/\\\/hr.linkedin.com\\\/company\\\/radio-ljubuski\",\"https:\\\/\\\/www.youtube.com\\\/channel\\\/UCHYaeO_n0Db3tjNGudGpXyw\"]},{\"@type\":\"Person\",\"@id\":\"https:\\\/\\\/radioljubuski.ba\\\/#\\\/schema\\\/person\\\/19fc700381a780f69665d7956c469e3b\",\"name\":\"Radio Ljubu\u0161ki\"}]}<\/script>\n<!-- \/ Yoast SEO plugin. -->","yoast_head_json":{"title":"\u010covi\u0107 u pismu me\u0111unarodnim du\u017enosnicima: Hrvate se \u017eeli svesti na status nacionalne manjine - RADIO LJUBU\u0160KI","robots":{"index":"index","follow":"follow","max-snippet":"max-snippet:-1","max-image-preview":"max-image-preview:large","max-video-preview":"max-video-preview:-1"},"canonical":"https:\/\/radioljubuski.ba\/index.php\/2022\/03\/24\/covic-u-pismu-medunarodnim-duznosnicima-hrvate-se-zeli-svesti-na-status-nacionalne-manjine\/","og_locale":"hr_HR","og_type":"article","og_title":"\u010covi\u0107 u pismu me\u0111unarodnim du\u017enosnicima: Hrvate se \u017eeli svesti na status nacionalne manjine - RADIO LJUBU\u0160KI","og_description":"Predsjednik Hrvatskog narodnog sabora (HNS) Dragan \u010covi\u0107 uputio je pismo &nbsp;brojnim europskim du\u017enosnicima i \u010dlanovima Upravnog odbora Vije\u0107a za provedbu mira (PIC), u kojem ih informira o nedavnim pregovorima o izbornoj reformi i \u201epropu\u0161tenoj prilici da se cjelovitim dogovorom stabiliziraju me\u0111unacionalni odnosi u BiH\u201c. -\u0160tovi\u0161e, duboko sam uvjeren kako bi odr\u017eavanje legitimnih i pravi\u010dnih izbora [&hellip;]","og_url":"https:\/\/radioljubuski.ba\/index.php\/2022\/03\/24\/covic-u-pismu-medunarodnim-duznosnicima-hrvate-se-zeli-svesti-na-status-nacionalne-manjine\/","og_site_name":"RADIO LJUBU\u0160KI","article_publisher":"https:\/\/www.facebook.com\/Radiio-Ljubuski-1490835324566332","article_published_time":"2022-03-24T00:12:50+00:00","article_modified_time":"2022-03-24T00:12:51+00:00","og_image":[{"width":1000,"height":625,"url":"https:\/\/radioljubuski.ba\/wp-content\/uploads\/2022\/03\/covic-3.jpg","type":"image\/jpeg"}],"author":"Radio Ljubu\u0161ki","twitter_card":"summary_large_image","twitter_creator":"@radioljubuski","twitter_site":"@radioljubuski","twitter_misc":{"Napisao\/la":"Radio Ljubu\u0161ki","Procijenjeno vrijeme \u010ditanja":"5 minuta"},"schema":{"@context":"https:\/\/schema.org","@graph":[{"@type":"Article","@id":"https:\/\/radioljubuski.ba\/index.php\/2022\/03\/24\/covic-u-pismu-medunarodnim-duznosnicima-hrvate-se-zeli-svesti-na-status-nacionalne-manjine\/#article","isPartOf":{"@id":"https:\/\/radioljubuski.ba\/index.php\/2022\/03\/24\/covic-u-pismu-medunarodnim-duznosnicima-hrvate-se-zeli-svesti-na-status-nacionalne-manjine\/"},"author":{"name":"Radio Ljubu\u0161ki","@id":"https:\/\/radioljubuski.ba\/#\/schema\/person\/19fc700381a780f69665d7956c469e3b"},"headline":"\u010covi\u0107 u pismu me\u0111unarodnim du\u017enosnicima: Hrvate se \u017eeli svesti na status nacionalne manjine","datePublished":"2022-03-24T00:12:50+00:00","dateModified":"2022-03-24T00:12:51+00:00","mainEntityOfPage":{"@id":"https:\/\/radioljubuski.ba\/index.php\/2022\/03\/24\/covic-u-pismu-medunarodnim-duznosnicima-hrvate-se-zeli-svesti-na-status-nacionalne-manjine\/"},"wordCount":1104,"publisher":{"@id":"https:\/\/radioljubuski.ba\/#organization"},"image":{"@id":"https:\/\/radioljubuski.ba\/index.php\/2022\/03\/24\/covic-u-pismu-medunarodnim-duznosnicima-hrvate-se-zeli-svesti-na-status-nacionalne-manjine\/#primaryimage"},"thumbnailUrl":"https:\/\/radioljubuski.ba\/wp-content\/uploads\/2022\/03\/covic-3.jpg","articleSection":["BIH i regija"],"inLanguage":"hr"},{"@type":"WebPage","@id":"https:\/\/radioljubuski.ba\/index.php\/2022\/03\/24\/covic-u-pismu-medunarodnim-duznosnicima-hrvate-se-zeli-svesti-na-status-nacionalne-manjine\/","url":"https:\/\/radioljubuski.ba\/index.php\/2022\/03\/24\/covic-u-pismu-medunarodnim-duznosnicima-hrvate-se-zeli-svesti-na-status-nacionalne-manjine\/","name":"\u010covi\u0107 u pismu me\u0111unarodnim du\u017enosnicima: Hrvate se \u017eeli svesti na status nacionalne manjine - RADIO LJUBU\u0160KI","isPartOf":{"@id":"https:\/\/radioljubuski.ba\/#website"},"primaryImageOfPage":{"@id":"https:\/\/radioljubuski.ba\/index.php\/2022\/03\/24\/covic-u-pismu-medunarodnim-duznosnicima-hrvate-se-zeli-svesti-na-status-nacionalne-manjine\/#primaryimage"},"image":{"@id":"https:\/\/radioljubuski.ba\/index.php\/2022\/03\/24\/covic-u-pismu-medunarodnim-duznosnicima-hrvate-se-zeli-svesti-na-status-nacionalne-manjine\/#primaryimage"},"thumbnailUrl":"https:\/\/radioljubuski.ba\/wp-content\/uploads\/2022\/03\/covic-3.jpg","datePublished":"2022-03-24T00:12:50+00:00","dateModified":"2022-03-24T00:12:51+00:00","breadcrumb":{"@id":"https:\/\/radioljubuski.ba\/index.php\/2022\/03\/24\/covic-u-pismu-medunarodnim-duznosnicima-hrvate-se-zeli-svesti-na-status-nacionalne-manjine\/#breadcrumb"},"inLanguage":"hr","potentialAction":[{"@type":"ReadAction","target":["https:\/\/radioljubuski.ba\/index.php\/2022\/03\/24\/covic-u-pismu-medunarodnim-duznosnicima-hrvate-se-zeli-svesti-na-status-nacionalne-manjine\/"]}]},{"@type":"ImageObject","inLanguage":"hr","@id":"https:\/\/radioljubuski.ba\/index.php\/2022\/03\/24\/covic-u-pismu-medunarodnim-duznosnicima-hrvate-se-zeli-svesti-na-status-nacionalne-manjine\/#primaryimage","url":"https:\/\/radioljubuski.ba\/wp-content\/uploads\/2022\/03\/covic-3.jpg","contentUrl":"https:\/\/radioljubuski.ba\/wp-content\/uploads\/2022\/03\/covic-3.jpg","width":1000,"height":625},{"@type":"BreadcrumbList","@id":"https:\/\/radioljubuski.ba\/index.php\/2022\/03\/24\/covic-u-pismu-medunarodnim-duznosnicima-hrvate-se-zeli-svesti-na-status-nacionalne-manjine\/#breadcrumb","itemListElement":[{"@type":"ListItem","position":1,"name":"Po\u010detna stranica","item":"https:\/\/radioljubuski.ba\/"},{"@type":"ListItem","position":2,"name":"\u010covi\u0107 u pismu me\u0111unarodnim du\u017enosnicima: Hrvate se \u017eeli svesti na status nacionalne manjine"}]},{"@type":"WebSite","@id":"https:\/\/radioljubuski.ba\/#website","url":"https:\/\/radioljubuski.ba\/","name":"Radio Ljubu\u0161ki","description":"Sun\u010dana frekvencija Hercegovine","publisher":{"@id":"https:\/\/radioljubuski.ba\/#organization"},"potentialAction":[{"@type":"SearchAction","target":{"@type":"EntryPoint","urlTemplate":"https:\/\/radioljubuski.ba\/?s={search_term_string}"},"query-input":{"@type":"PropertyValueSpecification","valueRequired":true,"valueName":"search_term_string"}}],"inLanguage":"hr"},{"@type":"Organization","@id":"https:\/\/radioljubuski.ba\/#organization","name":"Radio Ljubu\u0161ki","url":"https:\/\/radioljubuski.ba\/","logo":{"@type":"ImageObject","inLanguage":"hr","@id":"https:\/\/radioljubuski.ba\/#\/schema\/logo\/image\/","url":"https:\/\/radioljubuski.ba\/wp-content\/uploads\/2021\/02\/cropped-Radio_Ljubuski_logo1.jpg","contentUrl":"https:\/\/radioljubuski.ba\/wp-content\/uploads\/2021\/02\/cropped-Radio_Ljubuski_logo1.jpg","width":512,"height":512,"caption":"Radio Ljubu\u0161ki"},"image":{"@id":"https:\/\/radioljubuski.ba\/#\/schema\/logo\/image\/"},"sameAs":["https:\/\/www.facebook.com\/Radiio-Ljubuski-1490835324566332","https:\/\/x.com\/radioljubuski","https:\/\/hr.linkedin.com\/company\/radio-ljubuski","https:\/\/www.youtube.com\/channel\/UCHYaeO_n0Db3tjNGudGpXyw"]},{"@type":"Person","@id":"https:\/\/radioljubuski.ba\/#\/schema\/person\/19fc700381a780f69665d7956c469e3b","name":"Radio Ljubu\u0161ki"}]}},"_links":{"self":[{"href":"https:\/\/radioljubuski.ba\/index.php\/wp-json\/wp\/v2\/posts\/124406","targetHints":{"allow":["GET"]}}],"collection":[{"href":"https:\/\/radioljubuski.ba\/index.php\/wp-json\/wp\/v2\/posts"}],"about":[{"href":"https:\/\/radioljubuski.ba\/index.php\/wp-json\/wp\/v2\/types\/post"}],"author":[{"embeddable":true,"href":"https:\/\/radioljubuski.ba\/index.php\/wp-json\/wp\/v2\/users\/2"}],"replies":[{"embeddable":true,"href":"https:\/\/radioljubuski.ba\/index.php\/wp-json\/wp\/v2\/comments?post=124406"}],"version-history":[{"count":1,"href":"https:\/\/radioljubuski.ba\/index.php\/wp-json\/wp\/v2\/posts\/124406\/revisions"}],"predecessor-version":[{"id":124408,"href":"https:\/\/radioljubuski.ba\/index.php\/wp-json\/wp\/v2\/posts\/124406\/revisions\/124408"}],"wp:featuredmedia":[{"embeddable":true,"href":"https:\/\/radioljubuski.ba\/index.php\/wp-json\/wp\/v2\/media\/124407"}],"wp:attachment":[{"href":"https:\/\/radioljubuski.ba\/index.php\/wp-json\/wp\/v2\/media?parent=124406"}],"wp:term":[{"taxonomy":"category","embeddable":true,"href":"https:\/\/radioljubuski.ba\/index.php\/wp-json\/wp\/v2\/categories?post=124406"},{"taxonomy":"post_tag","embeddable":true,"href":"https:\/\/radioljubuski.ba\/index.php\/wp-json\/wp\/v2\/tags?post=124406"}],"curies":[{"name":"wp","href":"https:\/\/api.w.org\/{rel}","templated":true}]}}