{"id":12484,"date":"2021-04-13T12:46:21","date_gmt":"2021-04-13T11:46:21","guid":{"rendered":"https:\/\/radioljubuski.ba\/?p=12484"},"modified":"2021-04-13T12:46:22","modified_gmt":"2021-04-13T11:46:22","slug":"koronavirus-u-bih-ponovno-veliki-broj-preminulih-skoro-1-000-novozarazenih","status":"publish","type":"post","link":"https:\/\/radioljubuski.ba\/index.php\/2021\/04\/13\/koronavirus-u-bih-ponovno-veliki-broj-preminulih-skoro-1-000-novozarazenih\/","title":{"rendered":"Koronavirus u BiH: Ponovno veliki broj preminulih, skoro 1.000 novozara\u017eenih"},"content":{"rendered":"\n<p>U posljednja 24 sata, u Bosni i Hercegovini registrirano je 966 slu\u010dajeva zaraze korona virusom. Preminula je 81 osoba, a 1.052 osobe se opravilo.<\/p>\n\n\n\n<p>Federacija BiH<\/p>\n\n\n\n<p>U protekla 24h, Zavodu za javno zdravstvo Federacije BiH prijavljena su 2 934 uzorka, od \u010dega su 572 pozitivna na SARS-CoV-2.<\/p>\n\n\n\n<p>Novi slu\u010dajevi registrirani su u svim \u017eupanijama u Federaciji BiH.<\/p>\n\n\n\n<p>Do sada je testirano ukupno 587 418 uzoraka, a SARS-CoV-2 je potvr\u0111en kod 122 028 osoba.<\/p>\n\n\n\n<p>Zaklju\u010dno sa dana\u0161njim danom, u Federaciji BiH izlije\u010deno je 99 067 pacijenata. U protekla 24h, oporavljeno je 879 pacijenata.<\/p>\n\n\n\n<p>Trenutno je aktivno 18 659 slu\u010dajeva pozitivnih na SARS-CoV-2.<\/p>\n\n\n\n<p>U protekla 24h, Zavodu za javno zdravstvo Federacije BiH prijavljena su 54 nova smrtna ishoda.<\/p>\n\n\n\n<p>S dana\u0161njim danom, broj smrtnih ishoda na podru\u010dju Federacije BiH je 4 302.<\/p>\n\n\n\n<p>Republika Srpska<\/p>\n\n\n\n<p>Od posljednjeg izvje\u0161taja o epidemiolo\u0161koj situaciji u Republici Srpskoj, u posljednja 24 sata, u Institutu za javno zdravstvo Republike Srpske, Univerzitetskom klini\u010dkom centru Republike Srpske, Univerzitetskoj bolnici u Fo\u010di i u bolnicama Sv. Vra\u010devi u Bijeljini i Sv. apostol Luka u Doboju izvr\u0161eno je testiranje 962 laboratorijskih uzorka, a novi virus korona (SARS-CoV-2) potvr\u0111en je kod 265 osoba.<\/p>\n\n\n\n<p>Radi se o 141 mu\u0161koj i 124 \u017eenske osobe, od kojih je 17 mla\u0111e, 140 srednje i 108 osoba starije \u017eivotne dobi.<\/p>\n\n\n\n<p>Prema mjestu prebivali\u0161ta, 90 osoba je iz Banjaluke, 35 iz Bijeljine, 27 iz Trebinja, 14 iz Gacka, po 12 iz Bile\u0107e i Zvornika, devet iz Fo\u010de, osam iz Lakta\u0161a, sedam iz Doboja, po pet iz Broda i Prnjavora, po \u010detiri iz Modri\u010de, \u010celinca i \u0160amca, po tri iz Pala i Prijedora, po dvije iz Dervente, Isto\u010dnog Novog Sarajeva, Kotor Varo\u0161a, Petrova, Rogatice i Tesli\u0107a i po jedna iz Isto\u010dne Ilid\u017ee, Lopara, Mili\u0107a, Mrkonji\u0107 Grada, Nevesinja, Srebrenice, Stanara, Trnova, Ugljevika, \u010cajni\u010da i \u0160ipova.<\/p>\n\n\n\n<p>U posljednja 24 sata, Institutu za javno zdravstvo Republike Srpske prijavljena su 24 smrtna slu\u010daja kod kojih je potvr\u0111eno prisustvo virusa korona. Radi se o osobama srednje i starije \u017eivotne dobi od kojih su \u010detiri osobe iz Banjaluke, Lakta\u0161a i Bijeljine, dvije iz Gradi\u0161ke i Gacka i po jedna iz Doboja, Fo\u010de, Prnjavora, Rogatice, Trebinja i Ribnika.<br>Do sada je u Republici Srpskoj potvr\u0111eno 57.963 slu\u010daja virusa korona, a preminulo je ukupno 3.018 osoba kod kojih je potvr\u0111en test na virus korona.<\/p>\n\n\n\n<p>U Republici Srpskoj, od novog virusa korona, do sada se oporavilo 39.971 osoba, a testirano je ukupno 245.256 osobe.<br>Ukupan broj hospitalizovanih u Republici Srpskoj je 1.375, u Univerzitetskom klini\u010dkom centru Republike Srpske 599, a u ostalim bolnicama 776. Na respiratoru je 108 osoba (52 u Univerzitetskom klini\u010dkom centru Republike Srpske, 56 u ostalim bolnicama).<\/p>\n\n\n\n<p>U Republici Srpskoj pod zdravstvenim nadzorom trenutno su 11.044 osobe, a nadzor je zavr\u0161en kod 165.163 osobe.<\/p>\n\n\n\n<p>Br\u010dko distrikt<\/p>\n\n\n\n<p>Danas je u Br\u010dko distriktu BiH registrirano 129 nova slu\u010daja zaraze virusom korona. Preminule su tri osobe.<\/p>\n\n\n\n<p>Izvor:pogled.ba<\/p>\n","protected":false},"excerpt":{"rendered":"<p>U posljednja 24 sata, u Bosni i Hercegovini registrirano je 966 slu\u010dajeva zaraze korona virusom. Preminula je 81 osoba, a 1.052 osobe se opravilo. Federacija BiH U protekla 24h, Zavodu za javno zdravstvo Federacije BiH prijavljena su 2 934 uzorka, od \u010dega su 572 pozitivna na SARS-CoV-2. Novi slu\u010dajevi registrirani su u svim \u017eupanijama u [&hellip;]<\/p>\n","protected":false},"author":2,"featured_media":12311,"comment_status":"closed","ping_status":"closed","sticky":false,"template":"","format":"standard","meta":{"h5ap_radio_sources":[],"footnotes":""},"categories":[1],"tags":[],"class_list":["post-12484","post","type-post","status-publish","format-standard","has-post-thumbnail","hentry","category-bihiregija"],"yoast_head":"<!-- This site is optimized with the Yoast SEO plugin v27.5 - https:\/\/yoast.com\/product\/yoast-seo-wordpress\/ -->\n<title>Koronavirus u BiH: Ponovno veliki broj preminulih, skoro 1.000 novozara\u017eenih - RADIO LJUBU\u0160KI<\/title>\n<meta name=\"robots\" content=\"index, follow, max-snippet:-1, max-image-preview:large, max-video-preview:-1\" \/>\n<link rel=\"canonical\" href=\"https:\/\/radioljubuski.ba\/index.php\/2021\/04\/13\/koronavirus-u-bih-ponovno-veliki-broj-preminulih-skoro-1-000-novozarazenih\/\" \/>\n<meta property=\"og:locale\" content=\"hr_HR\" \/>\n<meta property=\"og:type\" content=\"article\" \/>\n<meta property=\"og:title\" content=\"Koronavirus u BiH: Ponovno veliki broj preminulih, skoro 1.000 novozara\u017eenih - RADIO LJUBU\u0160KI\" \/>\n<meta property=\"og:description\" content=\"U posljednja 24 sata, u Bosni i Hercegovini registrirano je 966 slu\u010dajeva zaraze korona virusom. Preminula je 81 osoba, a 1.052 osobe se opravilo. Federacija BiH U protekla 24h, Zavodu za javno zdravstvo Federacije BiH prijavljena su 2 934 uzorka, od \u010dega su 572 pozitivna na SARS-CoV-2. Novi slu\u010dajevi registrirani su u svim \u017eupanijama u [&hellip;]\" \/>\n<meta property=\"og:url\" content=\"https:\/\/radioljubuski.ba\/index.php\/2021\/04\/13\/koronavirus-u-bih-ponovno-veliki-broj-preminulih-skoro-1-000-novozarazenih\/\" \/>\n<meta property=\"og:site_name\" content=\"RADIO LJUBU\u0160KI\" \/>\n<meta property=\"article:publisher\" content=\"https:\/\/www.facebook.com\/Radiio-Ljubuski-1490835324566332\" \/>\n<meta property=\"article:published_time\" content=\"2021-04-13T11:46:21+00:00\" \/>\n<meta property=\"article:modified_time\" content=\"2021-04-13T11:46:22+00:00\" \/>\n<meta property=\"og:image\" content=\"https:\/\/radioljubuski.ba\/wp-content\/uploads\/2021\/04\/tnaITHx8_maske_za_lice.jpg\" \/>\n\t<meta property=\"og:image:width\" content=\"1000\" \/>\n\t<meta property=\"og:image:height\" content=\"625\" \/>\n\t<meta property=\"og:image:type\" content=\"image\/jpeg\" \/>\n<meta name=\"author\" content=\"Radio Ljubu\u0161ki\" \/>\n<meta name=\"twitter:card\" content=\"summary_large_image\" \/>\n<meta name=\"twitter:creator\" content=\"@radioljubuski\" \/>\n<meta name=\"twitter:site\" content=\"@radioljubuski\" \/>\n<meta name=\"twitter:label1\" content=\"Napisao\/la\" \/>\n\t<meta name=\"twitter:data1\" content=\"Radio Ljubu\u0161ki\" \/>\n\t<meta name=\"twitter:label2\" content=\"Procijenjeno vrijeme \u010ditanja\" \/>\n\t<meta name=\"twitter:data2\" content=\"3 minute\" \/>\n<script type=\"application\/ld+json\" class=\"yoast-schema-graph\">{\"@context\":\"https:\\\/\\\/schema.org\",\"@graph\":[{\"@type\":\"Article\",\"@id\":\"https:\\\/\\\/radioljubuski.ba\\\/index.php\\\/2021\\\/04\\\/13\\\/koronavirus-u-bih-ponovno-veliki-broj-preminulih-skoro-1-000-novozarazenih\\\/#article\",\"isPartOf\":{\"@id\":\"https:\\\/\\\/radioljubuski.ba\\\/index.php\\\/2021\\\/04\\\/13\\\/koronavirus-u-bih-ponovno-veliki-broj-preminulih-skoro-1-000-novozarazenih\\\/\"},\"author\":{\"name\":\"Radio Ljubu\u0161ki\",\"@id\":\"https:\\\/\\\/radioljubuski.ba\\\/#\\\/schema\\\/person\\\/19fc700381a780f69665d7956c469e3b\"},\"headline\":\"Koronavirus u BiH: Ponovno veliki broj preminulih, skoro 1.000 novozara\u017eenih\",\"datePublished\":\"2021-04-13T11:46:21+00:00\",\"dateModified\":\"2021-04-13T11:46:22+00:00\",\"mainEntityOfPage\":{\"@id\":\"https:\\\/\\\/radioljubuski.ba\\\/index.php\\\/2021\\\/04\\\/13\\\/koronavirus-u-bih-ponovno-veliki-broj-preminulih-skoro-1-000-novozarazenih\\\/\"},\"wordCount\":476,\"publisher\":{\"@id\":\"https:\\\/\\\/radioljubuski.ba\\\/#organization\"},\"image\":{\"@id\":\"https:\\\/\\\/radioljubuski.ba\\\/index.php\\\/2021\\\/04\\\/13\\\/koronavirus-u-bih-ponovno-veliki-broj-preminulih-skoro-1-000-novozarazenih\\\/#primaryimage\"},\"thumbnailUrl\":\"https:\\\/\\\/radioljubuski.ba\\\/wp-content\\\/uploads\\\/2021\\\/04\\\/tnaITHx8_maske_za_lice.jpg\",\"articleSection\":[\"BIH i regija\"],\"inLanguage\":\"hr\"},{\"@type\":\"WebPage\",\"@id\":\"https:\\\/\\\/radioljubuski.ba\\\/index.php\\\/2021\\\/04\\\/13\\\/koronavirus-u-bih-ponovno-veliki-broj-preminulih-skoro-1-000-novozarazenih\\\/\",\"url\":\"https:\\\/\\\/radioljubuski.ba\\\/index.php\\\/2021\\\/04\\\/13\\\/koronavirus-u-bih-ponovno-veliki-broj-preminulih-skoro-1-000-novozarazenih\\\/\",\"name\":\"Koronavirus u BiH: Ponovno veliki broj preminulih, skoro 1.000 novozara\u017eenih - RADIO LJUBU\u0160KI\",\"isPartOf\":{\"@id\":\"https:\\\/\\\/radioljubuski.ba\\\/#website\"},\"primaryImageOfPage\":{\"@id\":\"https:\\\/\\\/radioljubuski.ba\\\/index.php\\\/2021\\\/04\\\/13\\\/koronavirus-u-bih-ponovno-veliki-broj-preminulih-skoro-1-000-novozarazenih\\\/#primaryimage\"},\"image\":{\"@id\":\"https:\\\/\\\/radioljubuski.ba\\\/index.php\\\/2021\\\/04\\\/13\\\/koronavirus-u-bih-ponovno-veliki-broj-preminulih-skoro-1-000-novozarazenih\\\/#primaryimage\"},\"thumbnailUrl\":\"https:\\\/\\\/radioljubuski.ba\\\/wp-content\\\/uploads\\\/2021\\\/04\\\/tnaITHx8_maske_za_lice.jpg\",\"datePublished\":\"2021-04-13T11:46:21+00:00\",\"dateModified\":\"2021-04-13T11:46:22+00:00\",\"breadcrumb\":{\"@id\":\"https:\\\/\\\/radioljubuski.ba\\\/index.php\\\/2021\\\/04\\\/13\\\/koronavirus-u-bih-ponovno-veliki-broj-preminulih-skoro-1-000-novozarazenih\\\/#breadcrumb\"},\"inLanguage\":\"hr\",\"potentialAction\":[{\"@type\":\"ReadAction\",\"target\":[\"https:\\\/\\\/radioljubuski.ba\\\/index.php\\\/2021\\\/04\\\/13\\\/koronavirus-u-bih-ponovno-veliki-broj-preminulih-skoro-1-000-novozarazenih\\\/\"]}]},{\"@type\":\"ImageObject\",\"inLanguage\":\"hr\",\"@id\":\"https:\\\/\\\/radioljubuski.ba\\\/index.php\\\/2021\\\/04\\\/13\\\/koronavirus-u-bih-ponovno-veliki-broj-preminulih-skoro-1-000-novozarazenih\\\/#primaryimage\",\"url\":\"https:\\\/\\\/radioljubuski.ba\\\/wp-content\\\/uploads\\\/2021\\\/04\\\/tnaITHx8_maske_za_lice.jpg\",\"contentUrl\":\"https:\\\/\\\/radioljubuski.ba\\\/wp-content\\\/uploads\\\/2021\\\/04\\\/tnaITHx8_maske_za_lice.jpg\",\"width\":1000,\"height\":625},{\"@type\":\"BreadcrumbList\",\"@id\":\"https:\\\/\\\/radioljubuski.ba\\\/index.php\\\/2021\\\/04\\\/13\\\/koronavirus-u-bih-ponovno-veliki-broj-preminulih-skoro-1-000-novozarazenih\\\/#breadcrumb\",\"itemListElement\":[{\"@type\":\"ListItem\",\"position\":1,\"name\":\"Po\u010detna stranica\",\"item\":\"https:\\\/\\\/radioljubuski.ba\\\/\"},{\"@type\":\"ListItem\",\"position\":2,\"name\":\"Koronavirus u BiH: Ponovno veliki broj preminulih, skoro 1.000 novozara\u017eenih\"}]},{\"@type\":\"WebSite\",\"@id\":\"https:\\\/\\\/radioljubuski.ba\\\/#website\",\"url\":\"https:\\\/\\\/radioljubuski.ba\\\/\",\"name\":\"Radio Ljubu\u0161ki\",\"description\":\"Sun\u010dana frekvencija Hercegovine\",\"publisher\":{\"@id\":\"https:\\\/\\\/radioljubuski.ba\\\/#organization\"},\"potentialAction\":[{\"@type\":\"SearchAction\",\"target\":{\"@type\":\"EntryPoint\",\"urlTemplate\":\"https:\\\/\\\/radioljubuski.ba\\\/?s={search_term_string}\"},\"query-input\":{\"@type\":\"PropertyValueSpecification\",\"valueRequired\":true,\"valueName\":\"search_term_string\"}}],\"inLanguage\":\"hr\"},{\"@type\":\"Organization\",\"@id\":\"https:\\\/\\\/radioljubuski.ba\\\/#organization\",\"name\":\"Radio Ljubu\u0161ki\",\"url\":\"https:\\\/\\\/radioljubuski.ba\\\/\",\"logo\":{\"@type\":\"ImageObject\",\"inLanguage\":\"hr\",\"@id\":\"https:\\\/\\\/radioljubuski.ba\\\/#\\\/schema\\\/logo\\\/image\\\/\",\"url\":\"https:\\\/\\\/radioljubuski.ba\\\/wp-content\\\/uploads\\\/2021\\\/02\\\/cropped-Radio_Ljubuski_logo1.jpg\",\"contentUrl\":\"https:\\\/\\\/radioljubuski.ba\\\/wp-content\\\/uploads\\\/2021\\\/02\\\/cropped-Radio_Ljubuski_logo1.jpg\",\"width\":512,\"height\":512,\"caption\":\"Radio Ljubu\u0161ki\"},\"image\":{\"@id\":\"https:\\\/\\\/radioljubuski.ba\\\/#\\\/schema\\\/logo\\\/image\\\/\"},\"sameAs\":[\"https:\\\/\\\/www.facebook.com\\\/Radiio-Ljubuski-1490835324566332\",\"https:\\\/\\\/x.com\\\/radioljubuski\",\"https:\\\/\\\/hr.linkedin.com\\\/company\\\/radio-ljubuski\",\"https:\\\/\\\/www.youtube.com\\\/channel\\\/UCHYaeO_n0Db3tjNGudGpXyw\"]},{\"@type\":\"Person\",\"@id\":\"https:\\\/\\\/radioljubuski.ba\\\/#\\\/schema\\\/person\\\/19fc700381a780f69665d7956c469e3b\",\"name\":\"Radio Ljubu\u0161ki\"}]}<\/script>\n<!-- \/ Yoast SEO plugin. -->","yoast_head_json":{"title":"Koronavirus u BiH: Ponovno veliki broj preminulih, skoro 1.000 novozara\u017eenih - RADIO LJUBU\u0160KI","robots":{"index":"index","follow":"follow","max-snippet":"max-snippet:-1","max-image-preview":"max-image-preview:large","max-video-preview":"max-video-preview:-1"},"canonical":"https:\/\/radioljubuski.ba\/index.php\/2021\/04\/13\/koronavirus-u-bih-ponovno-veliki-broj-preminulih-skoro-1-000-novozarazenih\/","og_locale":"hr_HR","og_type":"article","og_title":"Koronavirus u BiH: Ponovno veliki broj preminulih, skoro 1.000 novozara\u017eenih - RADIO LJUBU\u0160KI","og_description":"U posljednja 24 sata, u Bosni i Hercegovini registrirano je 966 slu\u010dajeva zaraze korona virusom. Preminula je 81 osoba, a 1.052 osobe se opravilo. Federacija BiH U protekla 24h, Zavodu za javno zdravstvo Federacije BiH prijavljena su 2 934 uzorka, od \u010dega su 572 pozitivna na SARS-CoV-2. Novi slu\u010dajevi registrirani su u svim \u017eupanijama u [&hellip;]","og_url":"https:\/\/radioljubuski.ba\/index.php\/2021\/04\/13\/koronavirus-u-bih-ponovno-veliki-broj-preminulih-skoro-1-000-novozarazenih\/","og_site_name":"RADIO LJUBU\u0160KI","article_publisher":"https:\/\/www.facebook.com\/Radiio-Ljubuski-1490835324566332","article_published_time":"2021-04-13T11:46:21+00:00","article_modified_time":"2021-04-13T11:46:22+00:00","og_image":[{"width":1000,"height":625,"url":"https:\/\/radioljubuski.ba\/wp-content\/uploads\/2021\/04\/tnaITHx8_maske_za_lice.jpg","type":"image\/jpeg"}],"author":"Radio Ljubu\u0161ki","twitter_card":"summary_large_image","twitter_creator":"@radioljubuski","twitter_site":"@radioljubuski","twitter_misc":{"Napisao\/la":"Radio Ljubu\u0161ki","Procijenjeno vrijeme \u010ditanja":"3 minute"},"schema":{"@context":"https:\/\/schema.org","@graph":[{"@type":"Article","@id":"https:\/\/radioljubuski.ba\/index.php\/2021\/04\/13\/koronavirus-u-bih-ponovno-veliki-broj-preminulih-skoro-1-000-novozarazenih\/#article","isPartOf":{"@id":"https:\/\/radioljubuski.ba\/index.php\/2021\/04\/13\/koronavirus-u-bih-ponovno-veliki-broj-preminulih-skoro-1-000-novozarazenih\/"},"author":{"name":"Radio Ljubu\u0161ki","@id":"https:\/\/radioljubuski.ba\/#\/schema\/person\/19fc700381a780f69665d7956c469e3b"},"headline":"Koronavirus u BiH: Ponovno veliki broj preminulih, skoro 1.000 novozara\u017eenih","datePublished":"2021-04-13T11:46:21+00:00","dateModified":"2021-04-13T11:46:22+00:00","mainEntityOfPage":{"@id":"https:\/\/radioljubuski.ba\/index.php\/2021\/04\/13\/koronavirus-u-bih-ponovno-veliki-broj-preminulih-skoro-1-000-novozarazenih\/"},"wordCount":476,"publisher":{"@id":"https:\/\/radioljubuski.ba\/#organization"},"image":{"@id":"https:\/\/radioljubuski.ba\/index.php\/2021\/04\/13\/koronavirus-u-bih-ponovno-veliki-broj-preminulih-skoro-1-000-novozarazenih\/#primaryimage"},"thumbnailUrl":"https:\/\/radioljubuski.ba\/wp-content\/uploads\/2021\/04\/tnaITHx8_maske_za_lice.jpg","articleSection":["BIH i regija"],"inLanguage":"hr"},{"@type":"WebPage","@id":"https:\/\/radioljubuski.ba\/index.php\/2021\/04\/13\/koronavirus-u-bih-ponovno-veliki-broj-preminulih-skoro-1-000-novozarazenih\/","url":"https:\/\/radioljubuski.ba\/index.php\/2021\/04\/13\/koronavirus-u-bih-ponovno-veliki-broj-preminulih-skoro-1-000-novozarazenih\/","name":"Koronavirus u BiH: Ponovno veliki broj preminulih, skoro 1.000 novozara\u017eenih - RADIO LJUBU\u0160KI","isPartOf":{"@id":"https:\/\/radioljubuski.ba\/#website"},"primaryImageOfPage":{"@id":"https:\/\/radioljubuski.ba\/index.php\/2021\/04\/13\/koronavirus-u-bih-ponovno-veliki-broj-preminulih-skoro-1-000-novozarazenih\/#primaryimage"},"image":{"@id":"https:\/\/radioljubuski.ba\/index.php\/2021\/04\/13\/koronavirus-u-bih-ponovno-veliki-broj-preminulih-skoro-1-000-novozarazenih\/#primaryimage"},"thumbnailUrl":"https:\/\/radioljubuski.ba\/wp-content\/uploads\/2021\/04\/tnaITHx8_maske_za_lice.jpg","datePublished":"2021-04-13T11:46:21+00:00","dateModified":"2021-04-13T11:46:22+00:00","breadcrumb":{"@id":"https:\/\/radioljubuski.ba\/index.php\/2021\/04\/13\/koronavirus-u-bih-ponovno-veliki-broj-preminulih-skoro-1-000-novozarazenih\/#breadcrumb"},"inLanguage":"hr","potentialAction":[{"@type":"ReadAction","target":["https:\/\/radioljubuski.ba\/index.php\/2021\/04\/13\/koronavirus-u-bih-ponovno-veliki-broj-preminulih-skoro-1-000-novozarazenih\/"]}]},{"@type":"ImageObject","inLanguage":"hr","@id":"https:\/\/radioljubuski.ba\/index.php\/2021\/04\/13\/koronavirus-u-bih-ponovno-veliki-broj-preminulih-skoro-1-000-novozarazenih\/#primaryimage","url":"https:\/\/radioljubuski.ba\/wp-content\/uploads\/2021\/04\/tnaITHx8_maske_za_lice.jpg","contentUrl":"https:\/\/radioljubuski.ba\/wp-content\/uploads\/2021\/04\/tnaITHx8_maske_za_lice.jpg","width":1000,"height":625},{"@type":"BreadcrumbList","@id":"https:\/\/radioljubuski.ba\/index.php\/2021\/04\/13\/koronavirus-u-bih-ponovno-veliki-broj-preminulih-skoro-1-000-novozarazenih\/#breadcrumb","itemListElement":[{"@type":"ListItem","position":1,"name":"Po\u010detna stranica","item":"https:\/\/radioljubuski.ba\/"},{"@type":"ListItem","position":2,"name":"Koronavirus u BiH: Ponovno veliki broj preminulih, skoro 1.000 novozara\u017eenih"}]},{"@type":"WebSite","@id":"https:\/\/radioljubuski.ba\/#website","url":"https:\/\/radioljubuski.ba\/","name":"Radio Ljubu\u0161ki","description":"Sun\u010dana frekvencija Hercegovine","publisher":{"@id":"https:\/\/radioljubuski.ba\/#organization"},"potentialAction":[{"@type":"SearchAction","target":{"@type":"EntryPoint","urlTemplate":"https:\/\/radioljubuski.ba\/?s={search_term_string}"},"query-input":{"@type":"PropertyValueSpecification","valueRequired":true,"valueName":"search_term_string"}}],"inLanguage":"hr"},{"@type":"Organization","@id":"https:\/\/radioljubuski.ba\/#organization","name":"Radio Ljubu\u0161ki","url":"https:\/\/radioljubuski.ba\/","logo":{"@type":"ImageObject","inLanguage":"hr","@id":"https:\/\/radioljubuski.ba\/#\/schema\/logo\/image\/","url":"https:\/\/radioljubuski.ba\/wp-content\/uploads\/2021\/02\/cropped-Radio_Ljubuski_logo1.jpg","contentUrl":"https:\/\/radioljubuski.ba\/wp-content\/uploads\/2021\/02\/cropped-Radio_Ljubuski_logo1.jpg","width":512,"height":512,"caption":"Radio Ljubu\u0161ki"},"image":{"@id":"https:\/\/radioljubuski.ba\/#\/schema\/logo\/image\/"},"sameAs":["https:\/\/www.facebook.com\/Radiio-Ljubuski-1490835324566332","https:\/\/x.com\/radioljubuski","https:\/\/hr.linkedin.com\/company\/radio-ljubuski","https:\/\/www.youtube.com\/channel\/UCHYaeO_n0Db3tjNGudGpXyw"]},{"@type":"Person","@id":"https:\/\/radioljubuski.ba\/#\/schema\/person\/19fc700381a780f69665d7956c469e3b","name":"Radio Ljubu\u0161ki"}]}},"_links":{"self":[{"href":"https:\/\/radioljubuski.ba\/index.php\/wp-json\/wp\/v2\/posts\/12484","targetHints":{"allow":["GET"]}}],"collection":[{"href":"https:\/\/radioljubuski.ba\/index.php\/wp-json\/wp\/v2\/posts"}],"about":[{"href":"https:\/\/radioljubuski.ba\/index.php\/wp-json\/wp\/v2\/types\/post"}],"author":[{"embeddable":true,"href":"https:\/\/radioljubuski.ba\/index.php\/wp-json\/wp\/v2\/users\/2"}],"replies":[{"embeddable":true,"href":"https:\/\/radioljubuski.ba\/index.php\/wp-json\/wp\/v2\/comments?post=12484"}],"version-history":[{"count":1,"href":"https:\/\/radioljubuski.ba\/index.php\/wp-json\/wp\/v2\/posts\/12484\/revisions"}],"predecessor-version":[{"id":12485,"href":"https:\/\/radioljubuski.ba\/index.php\/wp-json\/wp\/v2\/posts\/12484\/revisions\/12485"}],"wp:featuredmedia":[{"embeddable":true,"href":"https:\/\/radioljubuski.ba\/index.php\/wp-json\/wp\/v2\/media\/12311"}],"wp:attachment":[{"href":"https:\/\/radioljubuski.ba\/index.php\/wp-json\/wp\/v2\/media?parent=12484"}],"wp:term":[{"taxonomy":"category","embeddable":true,"href":"https:\/\/radioljubuski.ba\/index.php\/wp-json\/wp\/v2\/categories?post=12484"},{"taxonomy":"post_tag","embeddable":true,"href":"https:\/\/radioljubuski.ba\/index.php\/wp-json\/wp\/v2\/tags?post=12484"}],"curies":[{"name":"wp","href":"https:\/\/api.w.org\/{rel}","templated":true}]}}