{"id":124864,"date":"2022-03-25T00:16:29","date_gmt":"2022-03-24T23:16:29","guid":{"rendered":"https:\/\/radioljubuski.ba\/?p=124864"},"modified":"2022-03-25T00:16:30","modified_gmt":"2022-03-24T23:16:30","slug":"proizvodnja-povrca-mogla-bi-i-rasti-unatoc-svim-problemima","status":"publish","type":"post","link":"https:\/\/radioljubuski.ba\/index.php\/2022\/03\/25\/proizvodnja-povrca-mogla-bi-i-rasti-unatoc-svim-problemima\/","title":{"rendered":"Proizvodnja povr\u0107a mogla bi i rasti unato\u010d svim problemima"},"content":{"rendered":"\n<p>Te\u0161ke su godine za poljoprivrednike. Nakon pandemije koronavirusa u 2020., su\u0161e u 2021., ni 2022. za njih nije po\u010dela dobro, pi\u0161e Ve\u010dernji list BiH.<\/p>\n\n\n\n<p>Ulagati ili \u010duvati novac<\/p>\n\n\n\n<p>Uvod u sezonu bio je enormni rast cijena repromaterijala &#8211; mineralnih gnojiva, goriva pa rat u Europi\u2026, poljoprivrednike su doveli u situaciju da se preispituju &#8211; ulagati ili \u010duvati novac. Na to su se nadovezale i nepovoljne vremenske prilike, bura i su\u0161a, tako da je ulaz u sezonu vi\u0161e nego problemati\u010dan. Ivica Borovac, voditelj prodaje rasadnika Adria Hishtil iz Gabele kod \u010capljine, najve\u0107eg proizvo\u0111a\u010da presadnica povr\u0107a i jednogodi\u0161njeg vo\u0107a u regiji, ka\u017ee nam kako je pred njima situacija jako sli\u010dna lanjskoj.<\/p>\n\n\n\n<p>&#8211; Unato\u010d rastu cijena repromaterijala, tro\u0161kova svih vrsta, pogotovo sada goriva, ljudi su ipak ostali vjerni proizvodnji, odnosno prona\u0161li su na\u010dine da je isfinanciraju. Prvo su krenuli koristiti doma\u0107i stajnjak umjesto hidrokompleksa, odnosno mineralnih gnojiva, \u010dije su cijene porasle preko svih mjera. Ljudi su nekako prona\u0161li kombinaciju nakon salata, \u0161pinata i drugih roba da zasnuju novu proizvodnju. Mogu re\u0107i da je zasad isto kao u pro\u0161loj sezoni, \u010dak su ljudi uzeli vi\u0161e kalemljenih sadnica, odnosno pre\u0161li na nove tehnologije gdje mogu o\u010dekivati ve\u0107e prinose i dodatne benefite tako da ve\u0107i ulog mogu opravdati ve\u0107om dobiti ako sezona bude kako treba &#8211; ka\u017ee ing. Borovac.<\/p>\n\n\n\n<p>&#8211; Sezona kasni kako u vo\u0107u tako i u povr\u0107u. Imali smo situaciju da se u prvih 15 dana o\u017eujka preuzelo vrlo malo sadnica zbog jako niskih temperatura. Sadnice smo maksimalno \u010duvali u na\u0161im grijanim objektima, sada su ljudi krenuli sa sadnjom. Ne\u0161to je bilo i izmrzavanja, to smo poku\u0161ali iskompenzirati s ljudima, odnosno pomo\u0107i im. Mogu re\u0107i da su hercegova\u010dki poljoprivrednici tvrdi, ne daju se slomiti, i dalje rade i napreduju. Nekim ljudima je ostalo repromaterijala od pro\u0161log ljeta jer su imali informacije da \u0107e cijene svih repromaterijala strjelovito rasti tako da je dobar dio tih poljoprivrednika s nekim ljetnim novcem i urodom pripremio sustave za navodnjavanje, folije pa i odre\u0111eni dio mineralnih gnojiva kupio i ostavio na lagerima znaju\u0107i da \u0107e cijene rasti. Tako je isto i s pripremom zaliha goriva. No, op\u0107enito kad ne\u0161to do\u0111e ovako kao \u0161to je strjeloviti rast cijena, to ljude djelomice iznenadi. Po sada\u0161njoj slici, mogu re\u0107i da \u0107e Hercegovina, \u0161to se ti\u010de na\u0161ega dijela u koji imamo uvid, ako vrijeme poslu\u017ei, proizvesti istu, ako ne i ve\u0107u koli\u010dinu ovog prolje\u0107a u odnosu na pro\u0161lo. To je pokazatelj koji proizlazi iz prodaje sadnica iz na\u0161eg rasadnika &#8211; ka\u017ee. Prema cijenama na veletr\u017enici u Tasov\u010di\u0107ima, cijene poljoprivrednih proizvoda nisu utjecale na rast tro\u0161kova \u017eivota. &#8211; Trenuta\u010dni rat jo\u0161 uvijek ne utje\u010de na ove dijelove, odnosno utje\u010de na porast cijena nekih resursa, ali jo\u0161 uvijek ljudi nisu toliko u strahu ho\u0107e li prodati svoju robu. O\u010dekuju da, uz sve navedeno, ljudi moraju jesti, da \u0107e proizvodnja povr\u0107a biti dobra i da \u0107e povr\u0107e imati ve\u0107u cijenu &#8211; ka\u017ee.<\/p>\n\n\n\n<p>Isto i u PZ &#8220;Sunce&#8221;<\/p>\n\n\n\n<p>Od ing. Borovca, voditelja prodaje najve\u0107eg proizvo\u0111a\u010da presadnica povr\u0107a ne samo u BiH, \u010duli smo ohrabruju\u0107u vijest kako proizvodnja povr\u0107a u dolini Neretve, pa i \u0161ire u BiH, ne\u0107e pasti. Iste informacije sti\u017eu i od drugog proizvo\u0111a\u010da presadnica na \u010dapljinskom podru\u010dju PZ &#8220;Sunce&#8221; u Nerezima kod \u010capljine.<\/p>\n\n\n\n<p>Izvor:Vecernji.ba<\/p>\n","protected":false},"excerpt":{"rendered":"<p>Te\u0161ke su godine za poljoprivrednike. Nakon pandemije koronavirusa u 2020., su\u0161e u 2021., ni 2022. za njih nije po\u010dela dobro, pi\u0161e Ve\u010dernji list BiH. Ulagati ili \u010duvati novac Uvod u sezonu bio je enormni rast cijena repromaterijala &#8211; mineralnih gnojiva, goriva pa rat u Europi\u2026, poljoprivrednike su doveli u situaciju da se preispituju &#8211; ulagati [&hellip;]<\/p>\n","protected":false},"author":2,"featured_media":84980,"comment_status":"closed","ping_status":"closed","sticky":false,"template":"","format":"standard","meta":{"h5ap_radio_sources":[],"footnotes":""},"categories":[1],"tags":[],"class_list":["post-124864","post","type-post","status-publish","format-standard","has-post-thumbnail","hentry","category-bihiregija"],"yoast_head":"<!-- This site is optimized with the Yoast SEO plugin v27.4 - https:\/\/yoast.com\/product\/yoast-seo-wordpress\/ -->\n<title>Proizvodnja povr\u0107a mogla bi i rasti unato\u010d svim problemima - RADIO LJUBU\u0160KI<\/title>\n<meta name=\"robots\" content=\"index, follow, max-snippet:-1, max-image-preview:large, max-video-preview:-1\" \/>\n<link rel=\"canonical\" href=\"https:\/\/radioljubuski.ba\/index.php\/2022\/03\/25\/proizvodnja-povrca-mogla-bi-i-rasti-unatoc-svim-problemima\/\" \/>\n<meta property=\"og:locale\" content=\"hr_HR\" \/>\n<meta property=\"og:type\" content=\"article\" \/>\n<meta property=\"og:title\" content=\"Proizvodnja povr\u0107a mogla bi i rasti unato\u010d svim problemima - RADIO LJUBU\u0160KI\" \/>\n<meta property=\"og:description\" content=\"Te\u0161ke su godine za poljoprivrednike. Nakon pandemije koronavirusa u 2020., su\u0161e u 2021., ni 2022. za njih nije po\u010dela dobro, pi\u0161e Ve\u010dernji list BiH. Ulagati ili \u010duvati novac Uvod u sezonu bio je enormni rast cijena repromaterijala &#8211; mineralnih gnojiva, goriva pa rat u Europi\u2026, poljoprivrednike su doveli u situaciju da se preispituju &#8211; ulagati [&hellip;]\" \/>\n<meta property=\"og:url\" content=\"https:\/\/radioljubuski.ba\/index.php\/2022\/03\/25\/proizvodnja-povrca-mogla-bi-i-rasti-unatoc-svim-problemima\/\" \/>\n<meta property=\"og:site_name\" content=\"RADIO LJUBU\u0160KI\" \/>\n<meta property=\"article:publisher\" content=\"https:\/\/www.facebook.com\/Radiio-Ljubuski-1490835324566332\" \/>\n<meta property=\"article:published_time\" content=\"2022-03-24T23:16:29+00:00\" \/>\n<meta property=\"article:modified_time\" content=\"2022-03-24T23:16:30+00:00\" \/>\n<meta property=\"og:image\" content=\"https:\/\/radioljubuski.ba\/wp-content\/uploads\/2021\/11\/7-2021-04-11-17-39-10-hrana-povrce-3-283161-725x408-1.jpeg\" \/>\n\t<meta property=\"og:image:width\" content=\"1000\" \/>\n\t<meta property=\"og:image:height\" content=\"625\" \/>\n\t<meta property=\"og:image:type\" content=\"image\/jpeg\" \/>\n<meta name=\"author\" content=\"Radio Ljubu\u0161ki\" \/>\n<meta name=\"twitter:card\" content=\"summary_large_image\" \/>\n<meta name=\"twitter:creator\" content=\"@radioljubuski\" \/>\n<meta name=\"twitter:site\" content=\"@radioljubuski\" \/>\n<meta name=\"twitter:label1\" content=\"Napisao\/la\" \/>\n\t<meta name=\"twitter:data1\" content=\"Radio Ljubu\u0161ki\" \/>\n\t<meta name=\"twitter:label2\" content=\"Procijenjeno vrijeme \u010ditanja\" \/>\n\t<meta name=\"twitter:data2\" content=\"3 minute\" \/>\n<script type=\"application\/ld+json\" class=\"yoast-schema-graph\">{\"@context\":\"https:\\\/\\\/schema.org\",\"@graph\":[{\"@type\":\"Article\",\"@id\":\"https:\\\/\\\/radioljubuski.ba\\\/index.php\\\/2022\\\/03\\\/25\\\/proizvodnja-povrca-mogla-bi-i-rasti-unatoc-svim-problemima\\\/#article\",\"isPartOf\":{\"@id\":\"https:\\\/\\\/radioljubuski.ba\\\/index.php\\\/2022\\\/03\\\/25\\\/proizvodnja-povrca-mogla-bi-i-rasti-unatoc-svim-problemima\\\/\"},\"author\":{\"name\":\"Radio Ljubu\u0161ki\",\"@id\":\"https:\\\/\\\/radioljubuski.ba\\\/#\\\/schema\\\/person\\\/19fc700381a780f69665d7956c469e3b\"},\"headline\":\"Proizvodnja povr\u0107a mogla bi i rasti unato\u010d svim problemima\",\"datePublished\":\"2022-03-24T23:16:29+00:00\",\"dateModified\":\"2022-03-24T23:16:30+00:00\",\"mainEntityOfPage\":{\"@id\":\"https:\\\/\\\/radioljubuski.ba\\\/index.php\\\/2022\\\/03\\\/25\\\/proizvodnja-povrca-mogla-bi-i-rasti-unatoc-svim-problemima\\\/\"},\"wordCount\":617,\"publisher\":{\"@id\":\"https:\\\/\\\/radioljubuski.ba\\\/#organization\"},\"image\":{\"@id\":\"https:\\\/\\\/radioljubuski.ba\\\/index.php\\\/2022\\\/03\\\/25\\\/proizvodnja-povrca-mogla-bi-i-rasti-unatoc-svim-problemima\\\/#primaryimage\"},\"thumbnailUrl\":\"https:\\\/\\\/radioljubuski.ba\\\/wp-content\\\/uploads\\\/2021\\\/11\\\/7-2021-04-11-17-39-10-hrana-povrce-3-283161-725x408-1.jpeg\",\"articleSection\":[\"BIH i regija\"],\"inLanguage\":\"hr\"},{\"@type\":\"WebPage\",\"@id\":\"https:\\\/\\\/radioljubuski.ba\\\/index.php\\\/2022\\\/03\\\/25\\\/proizvodnja-povrca-mogla-bi-i-rasti-unatoc-svim-problemima\\\/\",\"url\":\"https:\\\/\\\/radioljubuski.ba\\\/index.php\\\/2022\\\/03\\\/25\\\/proizvodnja-povrca-mogla-bi-i-rasti-unatoc-svim-problemima\\\/\",\"name\":\"Proizvodnja povr\u0107a mogla bi i rasti unato\u010d svim problemima - RADIO LJUBU\u0160KI\",\"isPartOf\":{\"@id\":\"https:\\\/\\\/radioljubuski.ba\\\/#website\"},\"primaryImageOfPage\":{\"@id\":\"https:\\\/\\\/radioljubuski.ba\\\/index.php\\\/2022\\\/03\\\/25\\\/proizvodnja-povrca-mogla-bi-i-rasti-unatoc-svim-problemima\\\/#primaryimage\"},\"image\":{\"@id\":\"https:\\\/\\\/radioljubuski.ba\\\/index.php\\\/2022\\\/03\\\/25\\\/proizvodnja-povrca-mogla-bi-i-rasti-unatoc-svim-problemima\\\/#primaryimage\"},\"thumbnailUrl\":\"https:\\\/\\\/radioljubuski.ba\\\/wp-content\\\/uploads\\\/2021\\\/11\\\/7-2021-04-11-17-39-10-hrana-povrce-3-283161-725x408-1.jpeg\",\"datePublished\":\"2022-03-24T23:16:29+00:00\",\"dateModified\":\"2022-03-24T23:16:30+00:00\",\"breadcrumb\":{\"@id\":\"https:\\\/\\\/radioljubuski.ba\\\/index.php\\\/2022\\\/03\\\/25\\\/proizvodnja-povrca-mogla-bi-i-rasti-unatoc-svim-problemima\\\/#breadcrumb\"},\"inLanguage\":\"hr\",\"potentialAction\":[{\"@type\":\"ReadAction\",\"target\":[\"https:\\\/\\\/radioljubuski.ba\\\/index.php\\\/2022\\\/03\\\/25\\\/proizvodnja-povrca-mogla-bi-i-rasti-unatoc-svim-problemima\\\/\"]}]},{\"@type\":\"ImageObject\",\"inLanguage\":\"hr\",\"@id\":\"https:\\\/\\\/radioljubuski.ba\\\/index.php\\\/2022\\\/03\\\/25\\\/proizvodnja-povrca-mogla-bi-i-rasti-unatoc-svim-problemima\\\/#primaryimage\",\"url\":\"https:\\\/\\\/radioljubuski.ba\\\/wp-content\\\/uploads\\\/2021\\\/11\\\/7-2021-04-11-17-39-10-hrana-povrce-3-283161-725x408-1.jpeg\",\"contentUrl\":\"https:\\\/\\\/radioljubuski.ba\\\/wp-content\\\/uploads\\\/2021\\\/11\\\/7-2021-04-11-17-39-10-hrana-povrce-3-283161-725x408-1.jpeg\",\"width\":1000,\"height\":625},{\"@type\":\"BreadcrumbList\",\"@id\":\"https:\\\/\\\/radioljubuski.ba\\\/index.php\\\/2022\\\/03\\\/25\\\/proizvodnja-povrca-mogla-bi-i-rasti-unatoc-svim-problemima\\\/#breadcrumb\",\"itemListElement\":[{\"@type\":\"ListItem\",\"position\":1,\"name\":\"Po\u010detna stranica\",\"item\":\"https:\\\/\\\/radioljubuski.ba\\\/\"},{\"@type\":\"ListItem\",\"position\":2,\"name\":\"Proizvodnja povr\u0107a mogla bi i rasti unato\u010d svim problemima\"}]},{\"@type\":\"WebSite\",\"@id\":\"https:\\\/\\\/radioljubuski.ba\\\/#website\",\"url\":\"https:\\\/\\\/radioljubuski.ba\\\/\",\"name\":\"Radio Ljubu\u0161ki\",\"description\":\"Sun\u010dana frekvencija Hercegovine\",\"publisher\":{\"@id\":\"https:\\\/\\\/radioljubuski.ba\\\/#organization\"},\"potentialAction\":[{\"@type\":\"SearchAction\",\"target\":{\"@type\":\"EntryPoint\",\"urlTemplate\":\"https:\\\/\\\/radioljubuski.ba\\\/?s={search_term_string}\"},\"query-input\":{\"@type\":\"PropertyValueSpecification\",\"valueRequired\":true,\"valueName\":\"search_term_string\"}}],\"inLanguage\":\"hr\"},{\"@type\":\"Organization\",\"@id\":\"https:\\\/\\\/radioljubuski.ba\\\/#organization\",\"name\":\"Radio Ljubu\u0161ki\",\"url\":\"https:\\\/\\\/radioljubuski.ba\\\/\",\"logo\":{\"@type\":\"ImageObject\",\"inLanguage\":\"hr\",\"@id\":\"https:\\\/\\\/radioljubuski.ba\\\/#\\\/schema\\\/logo\\\/image\\\/\",\"url\":\"https:\\\/\\\/radioljubuski.ba\\\/wp-content\\\/uploads\\\/2021\\\/02\\\/cropped-Radio_Ljubuski_logo1.jpg\",\"contentUrl\":\"https:\\\/\\\/radioljubuski.ba\\\/wp-content\\\/uploads\\\/2021\\\/02\\\/cropped-Radio_Ljubuski_logo1.jpg\",\"width\":512,\"height\":512,\"caption\":\"Radio Ljubu\u0161ki\"},\"image\":{\"@id\":\"https:\\\/\\\/radioljubuski.ba\\\/#\\\/schema\\\/logo\\\/image\\\/\"},\"sameAs\":[\"https:\\\/\\\/www.facebook.com\\\/Radiio-Ljubuski-1490835324566332\",\"https:\\\/\\\/x.com\\\/radioljubuski\",\"https:\\\/\\\/hr.linkedin.com\\\/company\\\/radio-ljubuski\",\"https:\\\/\\\/www.youtube.com\\\/channel\\\/UCHYaeO_n0Db3tjNGudGpXyw\"]},{\"@type\":\"Person\",\"@id\":\"https:\\\/\\\/radioljubuski.ba\\\/#\\\/schema\\\/person\\\/19fc700381a780f69665d7956c469e3b\",\"name\":\"Radio Ljubu\u0161ki\"}]}<\/script>\n<!-- \/ Yoast SEO plugin. -->","yoast_head_json":{"title":"Proizvodnja povr\u0107a mogla bi i rasti unato\u010d svim problemima - RADIO LJUBU\u0160KI","robots":{"index":"index","follow":"follow","max-snippet":"max-snippet:-1","max-image-preview":"max-image-preview:large","max-video-preview":"max-video-preview:-1"},"canonical":"https:\/\/radioljubuski.ba\/index.php\/2022\/03\/25\/proizvodnja-povrca-mogla-bi-i-rasti-unatoc-svim-problemima\/","og_locale":"hr_HR","og_type":"article","og_title":"Proizvodnja povr\u0107a mogla bi i rasti unato\u010d svim problemima - RADIO LJUBU\u0160KI","og_description":"Te\u0161ke su godine za poljoprivrednike. Nakon pandemije koronavirusa u 2020., su\u0161e u 2021., ni 2022. za njih nije po\u010dela dobro, pi\u0161e Ve\u010dernji list BiH. Ulagati ili \u010duvati novac Uvod u sezonu bio je enormni rast cijena repromaterijala &#8211; mineralnih gnojiva, goriva pa rat u Europi\u2026, poljoprivrednike su doveli u situaciju da se preispituju &#8211; ulagati [&hellip;]","og_url":"https:\/\/radioljubuski.ba\/index.php\/2022\/03\/25\/proizvodnja-povrca-mogla-bi-i-rasti-unatoc-svim-problemima\/","og_site_name":"RADIO LJUBU\u0160KI","article_publisher":"https:\/\/www.facebook.com\/Radiio-Ljubuski-1490835324566332","article_published_time":"2022-03-24T23:16:29+00:00","article_modified_time":"2022-03-24T23:16:30+00:00","og_image":[{"width":1000,"height":625,"url":"https:\/\/radioljubuski.ba\/wp-content\/uploads\/2021\/11\/7-2021-04-11-17-39-10-hrana-povrce-3-283161-725x408-1.jpeg","type":"image\/jpeg"}],"author":"Radio Ljubu\u0161ki","twitter_card":"summary_large_image","twitter_creator":"@radioljubuski","twitter_site":"@radioljubuski","twitter_misc":{"Napisao\/la":"Radio Ljubu\u0161ki","Procijenjeno vrijeme \u010ditanja":"3 minute"},"schema":{"@context":"https:\/\/schema.org","@graph":[{"@type":"Article","@id":"https:\/\/radioljubuski.ba\/index.php\/2022\/03\/25\/proizvodnja-povrca-mogla-bi-i-rasti-unatoc-svim-problemima\/#article","isPartOf":{"@id":"https:\/\/radioljubuski.ba\/index.php\/2022\/03\/25\/proizvodnja-povrca-mogla-bi-i-rasti-unatoc-svim-problemima\/"},"author":{"name":"Radio Ljubu\u0161ki","@id":"https:\/\/radioljubuski.ba\/#\/schema\/person\/19fc700381a780f69665d7956c469e3b"},"headline":"Proizvodnja povr\u0107a mogla bi i rasti unato\u010d svim problemima","datePublished":"2022-03-24T23:16:29+00:00","dateModified":"2022-03-24T23:16:30+00:00","mainEntityOfPage":{"@id":"https:\/\/radioljubuski.ba\/index.php\/2022\/03\/25\/proizvodnja-povrca-mogla-bi-i-rasti-unatoc-svim-problemima\/"},"wordCount":617,"publisher":{"@id":"https:\/\/radioljubuski.ba\/#organization"},"image":{"@id":"https:\/\/radioljubuski.ba\/index.php\/2022\/03\/25\/proizvodnja-povrca-mogla-bi-i-rasti-unatoc-svim-problemima\/#primaryimage"},"thumbnailUrl":"https:\/\/radioljubuski.ba\/wp-content\/uploads\/2021\/11\/7-2021-04-11-17-39-10-hrana-povrce-3-283161-725x408-1.jpeg","articleSection":["BIH i regija"],"inLanguage":"hr"},{"@type":"WebPage","@id":"https:\/\/radioljubuski.ba\/index.php\/2022\/03\/25\/proizvodnja-povrca-mogla-bi-i-rasti-unatoc-svim-problemima\/","url":"https:\/\/radioljubuski.ba\/index.php\/2022\/03\/25\/proizvodnja-povrca-mogla-bi-i-rasti-unatoc-svim-problemima\/","name":"Proizvodnja povr\u0107a mogla bi i rasti unato\u010d svim problemima - RADIO LJUBU\u0160KI","isPartOf":{"@id":"https:\/\/radioljubuski.ba\/#website"},"primaryImageOfPage":{"@id":"https:\/\/radioljubuski.ba\/index.php\/2022\/03\/25\/proizvodnja-povrca-mogla-bi-i-rasti-unatoc-svim-problemima\/#primaryimage"},"image":{"@id":"https:\/\/radioljubuski.ba\/index.php\/2022\/03\/25\/proizvodnja-povrca-mogla-bi-i-rasti-unatoc-svim-problemima\/#primaryimage"},"thumbnailUrl":"https:\/\/radioljubuski.ba\/wp-content\/uploads\/2021\/11\/7-2021-04-11-17-39-10-hrana-povrce-3-283161-725x408-1.jpeg","datePublished":"2022-03-24T23:16:29+00:00","dateModified":"2022-03-24T23:16:30+00:00","breadcrumb":{"@id":"https:\/\/radioljubuski.ba\/index.php\/2022\/03\/25\/proizvodnja-povrca-mogla-bi-i-rasti-unatoc-svim-problemima\/#breadcrumb"},"inLanguage":"hr","potentialAction":[{"@type":"ReadAction","target":["https:\/\/radioljubuski.ba\/index.php\/2022\/03\/25\/proizvodnja-povrca-mogla-bi-i-rasti-unatoc-svim-problemima\/"]}]},{"@type":"ImageObject","inLanguage":"hr","@id":"https:\/\/radioljubuski.ba\/index.php\/2022\/03\/25\/proizvodnja-povrca-mogla-bi-i-rasti-unatoc-svim-problemima\/#primaryimage","url":"https:\/\/radioljubuski.ba\/wp-content\/uploads\/2021\/11\/7-2021-04-11-17-39-10-hrana-povrce-3-283161-725x408-1.jpeg","contentUrl":"https:\/\/radioljubuski.ba\/wp-content\/uploads\/2021\/11\/7-2021-04-11-17-39-10-hrana-povrce-3-283161-725x408-1.jpeg","width":1000,"height":625},{"@type":"BreadcrumbList","@id":"https:\/\/radioljubuski.ba\/index.php\/2022\/03\/25\/proizvodnja-povrca-mogla-bi-i-rasti-unatoc-svim-problemima\/#breadcrumb","itemListElement":[{"@type":"ListItem","position":1,"name":"Po\u010detna stranica","item":"https:\/\/radioljubuski.ba\/"},{"@type":"ListItem","position":2,"name":"Proizvodnja povr\u0107a mogla bi i rasti unato\u010d svim problemima"}]},{"@type":"WebSite","@id":"https:\/\/radioljubuski.ba\/#website","url":"https:\/\/radioljubuski.ba\/","name":"Radio Ljubu\u0161ki","description":"Sun\u010dana frekvencija Hercegovine","publisher":{"@id":"https:\/\/radioljubuski.ba\/#organization"},"potentialAction":[{"@type":"SearchAction","target":{"@type":"EntryPoint","urlTemplate":"https:\/\/radioljubuski.ba\/?s={search_term_string}"},"query-input":{"@type":"PropertyValueSpecification","valueRequired":true,"valueName":"search_term_string"}}],"inLanguage":"hr"},{"@type":"Organization","@id":"https:\/\/radioljubuski.ba\/#organization","name":"Radio Ljubu\u0161ki","url":"https:\/\/radioljubuski.ba\/","logo":{"@type":"ImageObject","inLanguage":"hr","@id":"https:\/\/radioljubuski.ba\/#\/schema\/logo\/image\/","url":"https:\/\/radioljubuski.ba\/wp-content\/uploads\/2021\/02\/cropped-Radio_Ljubuski_logo1.jpg","contentUrl":"https:\/\/radioljubuski.ba\/wp-content\/uploads\/2021\/02\/cropped-Radio_Ljubuski_logo1.jpg","width":512,"height":512,"caption":"Radio Ljubu\u0161ki"},"image":{"@id":"https:\/\/radioljubuski.ba\/#\/schema\/logo\/image\/"},"sameAs":["https:\/\/www.facebook.com\/Radiio-Ljubuski-1490835324566332","https:\/\/x.com\/radioljubuski","https:\/\/hr.linkedin.com\/company\/radio-ljubuski","https:\/\/www.youtube.com\/channel\/UCHYaeO_n0Db3tjNGudGpXyw"]},{"@type":"Person","@id":"https:\/\/radioljubuski.ba\/#\/schema\/person\/19fc700381a780f69665d7956c469e3b","name":"Radio Ljubu\u0161ki"}]}},"_links":{"self":[{"href":"https:\/\/radioljubuski.ba\/index.php\/wp-json\/wp\/v2\/posts\/124864","targetHints":{"allow":["GET"]}}],"collection":[{"href":"https:\/\/radioljubuski.ba\/index.php\/wp-json\/wp\/v2\/posts"}],"about":[{"href":"https:\/\/radioljubuski.ba\/index.php\/wp-json\/wp\/v2\/types\/post"}],"author":[{"embeddable":true,"href":"https:\/\/radioljubuski.ba\/index.php\/wp-json\/wp\/v2\/users\/2"}],"replies":[{"embeddable":true,"href":"https:\/\/radioljubuski.ba\/index.php\/wp-json\/wp\/v2\/comments?post=124864"}],"version-history":[{"count":1,"href":"https:\/\/radioljubuski.ba\/index.php\/wp-json\/wp\/v2\/posts\/124864\/revisions"}],"predecessor-version":[{"id":124865,"href":"https:\/\/radioljubuski.ba\/index.php\/wp-json\/wp\/v2\/posts\/124864\/revisions\/124865"}],"wp:featuredmedia":[{"embeddable":true,"href":"https:\/\/radioljubuski.ba\/index.php\/wp-json\/wp\/v2\/media\/84980"}],"wp:attachment":[{"href":"https:\/\/radioljubuski.ba\/index.php\/wp-json\/wp\/v2\/media?parent=124864"}],"wp:term":[{"taxonomy":"category","embeddable":true,"href":"https:\/\/radioljubuski.ba\/index.php\/wp-json\/wp\/v2\/categories?post=124864"},{"taxonomy":"post_tag","embeddable":true,"href":"https:\/\/radioljubuski.ba\/index.php\/wp-json\/wp\/v2\/tags?post=124864"}],"curies":[{"name":"wp","href":"https:\/\/api.w.org\/{rel}","templated":true}]}}