{"id":125078,"date":"2022-03-25T11:23:45","date_gmt":"2022-03-25T10:23:45","guid":{"rendered":"https:\/\/radioljubuski.ba\/?p=125078"},"modified":"2022-03-25T11:23:46","modified_gmt":"2022-03-25T10:23:46","slug":"novalic-najavio-kupovinu-protupozarnih-letjelica-ali-od-tog-obecanja-jos-uvijek-nista","status":"publish","type":"post","link":"https:\/\/radioljubuski.ba\/index.php\/2022\/03\/25\/novalic-najavio-kupovinu-protupozarnih-letjelica-ali-od-tog-obecanja-jos-uvijek-nista\/","title":{"rendered":"Novali\u0107 najavio kupovinu protupo\u017earnih letjelica, ali od tog obe\u0107anja jo\u0161 uvijek ni\u0161ta&#8230;"},"content":{"rendered":"\n<p>Fadil Novali\u0107, premijer Federacije BiH, objavio je na svom Facebook profilu u rujnu pro\u0161le godine da \u0107e Federalna vlada iz svog prora\u010duna izdvojiti sredstva za kupovinu par protupo\u017earnih letjelica.<\/p>\n\n\n\n<p>Sedam mjeseci poslije po\u017eari bukte \u0161irom Hercegovine, od Trebinja, Ljubinja, do Prozor-Rame, Konjica i Neuma.&nbsp;<\/p>\n\n\n\n<p>Dok u isto\u010dnom dijelu Hercegovine, koji pripada RS-u, ve\u0107i po\u017eari se gase iz helikoptera, u FBiH protupo\u017earnih letjelica nema.<\/p>\n\n\n\n<p>2012. Dom naroda donio je zaklju\u010dak da Vlada Federacije u narednom periodu planira nabavku odgovaraju\u0107ih sredstava za ga\u0161enje po\u017eara, a deset godina poslije u slu\u010daju velikih po\u017eara Federaciji iz zraka poma\u017eu helikopteri RS i Hrvatske.<\/p>\n\n\n\n<p>Novali\u0107 se ne izja\u0161njava o po\u017earima, nego se hvali sa, samo njemu vi\u0111enim, &#8220;uspjesima&#8221; Vlade FBiH, a kao argument koristi najve\u0107i bud\u017eet, koji je posljedica pove\u0107anja prihoda od indirektnog oporezivanja zbog inflacije ili pojednostavljeno re\u010deno: Prora\u010dun je najve\u0107i zato \u0161to sve pla\u0107amo skuplje nego prethodnih godina.<\/p>\n\n\n\n<p>Ju\u010der se odr\u017eala sjednica Vlade Federacije BiH, gdje me\u0111u 46 to\u010daka dnevnog reda se nije na\u0161la ni informacija o aktuelnim po\u017earima, a kamoli da su se poduzele neke konkretne ozbiljnije mjere na ga\u0161enju po\u017eara.<\/p>\n\n\n\n<p>Izvor:avaz.ba<\/p>\n","protected":false},"excerpt":{"rendered":"<p>Fadil Novali\u0107, premijer Federacije BiH, objavio je na svom Facebook profilu u rujnu pro\u0161le godine da \u0107e Federalna vlada iz svog prora\u010duna izdvojiti sredstva za kupovinu par protupo\u017earnih letjelica. Sedam mjeseci poslije po\u017eari bukte \u0161irom Hercegovine, od Trebinja, Ljubinja, do Prozor-Rame, Konjica i Neuma.&nbsp; Dok u isto\u010dnom dijelu Hercegovine, koji pripada RS-u, ve\u0107i po\u017eari se [&hellip;]<\/p>\n","protected":false},"author":2,"featured_media":122425,"comment_status":"closed","ping_status":"closed","sticky":false,"template":"","format":"standard","meta":{"h5ap_radio_sources":[],"footnotes":""},"categories":[1],"tags":[],"class_list":["post-125078","post","type-post","status-publish","format-standard","has-post-thumbnail","hentry","category-bihiregija"],"yoast_head":"<!-- This site is optimized with the Yoast SEO plugin v27.4 - https:\/\/yoast.com\/product\/yoast-seo-wordpress\/ -->\n<title>Novali\u0107 najavio kupovinu protupo\u017earnih letjelica, ali od tog obe\u0107anja jo\u0161 uvijek ni\u0161ta... - RADIO LJUBU\u0160KI<\/title>\n<meta name=\"robots\" content=\"index, follow, max-snippet:-1, max-image-preview:large, max-video-preview:-1\" \/>\n<link rel=\"canonical\" href=\"https:\/\/radioljubuski.ba\/index.php\/2022\/03\/25\/novalic-najavio-kupovinu-protupozarnih-letjelica-ali-od-tog-obecanja-jos-uvijek-nista\/\" \/>\n<meta property=\"og:locale\" content=\"hr_HR\" \/>\n<meta property=\"og:type\" content=\"article\" \/>\n<meta property=\"og:title\" content=\"Novali\u0107 najavio kupovinu protupo\u017earnih letjelica, ali od tog obe\u0107anja jo\u0161 uvijek ni\u0161ta... - RADIO LJUBU\u0160KI\" \/>\n<meta property=\"og:description\" content=\"Fadil Novali\u0107, premijer Federacije BiH, objavio je na svom Facebook profilu u rujnu pro\u0161le godine da \u0107e Federalna vlada iz svog prora\u010duna izdvojiti sredstva za kupovinu par protupo\u017earnih letjelica. Sedam mjeseci poslije po\u017eari bukte \u0161irom Hercegovine, od Trebinja, Ljubinja, do Prozor-Rame, Konjica i Neuma.&nbsp; Dok u isto\u010dnom dijelu Hercegovine, koji pripada RS-u, ve\u0107i po\u017eari se [&hellip;]\" \/>\n<meta property=\"og:url\" content=\"https:\/\/radioljubuski.ba\/index.php\/2022\/03\/25\/novalic-najavio-kupovinu-protupozarnih-letjelica-ali-od-tog-obecanja-jos-uvijek-nista\/\" \/>\n<meta property=\"og:site_name\" content=\"RADIO LJUBU\u0160KI\" \/>\n<meta property=\"article:publisher\" content=\"https:\/\/www.facebook.com\/Radiio-Ljubuski-1490835324566332\" \/>\n<meta property=\"article:published_time\" content=\"2022-03-25T10:23:45+00:00\" \/>\n<meta property=\"article:modified_time\" content=\"2022-03-25T10:23:46+00:00\" \/>\n<meta property=\"og:image\" content=\"https:\/\/radioljubuski.ba\/wp-content\/uploads\/2022\/03\/novalic.jpg\" \/>\n\t<meta property=\"og:image:width\" content=\"870\" \/>\n\t<meta property=\"og:image:height\" content=\"540\" \/>\n\t<meta property=\"og:image:type\" content=\"image\/jpeg\" \/>\n<meta name=\"author\" content=\"Radio Ljubu\u0161ki\" \/>\n<meta name=\"twitter:card\" content=\"summary_large_image\" \/>\n<meta name=\"twitter:creator\" content=\"@radioljubuski\" \/>\n<meta name=\"twitter:site\" content=\"@radioljubuski\" \/>\n<meta name=\"twitter:label1\" content=\"Napisao\/la\" \/>\n\t<meta name=\"twitter:data1\" content=\"Radio Ljubu\u0161ki\" \/>\n\t<meta name=\"twitter:label2\" content=\"Procijenjeno vrijeme \u010ditanja\" \/>\n\t<meta name=\"twitter:data2\" content=\"1 minuta\" \/>\n<script type=\"application\/ld+json\" class=\"yoast-schema-graph\">{\"@context\":\"https:\\\/\\\/schema.org\",\"@graph\":[{\"@type\":\"Article\",\"@id\":\"https:\\\/\\\/radioljubuski.ba\\\/index.php\\\/2022\\\/03\\\/25\\\/novalic-najavio-kupovinu-protupozarnih-letjelica-ali-od-tog-obecanja-jos-uvijek-nista\\\/#article\",\"isPartOf\":{\"@id\":\"https:\\\/\\\/radioljubuski.ba\\\/index.php\\\/2022\\\/03\\\/25\\\/novalic-najavio-kupovinu-protupozarnih-letjelica-ali-od-tog-obecanja-jos-uvijek-nista\\\/\"},\"author\":{\"name\":\"Radio Ljubu\u0161ki\",\"@id\":\"https:\\\/\\\/radioljubuski.ba\\\/#\\\/schema\\\/person\\\/19fc700381a780f69665d7956c469e3b\"},\"headline\":\"Novali\u0107 najavio kupovinu protupo\u017earnih letjelica, ali od tog obe\u0107anja jo\u0161 uvijek ni\u0161ta&#8230;\",\"datePublished\":\"2022-03-25T10:23:45+00:00\",\"dateModified\":\"2022-03-25T10:23:46+00:00\",\"mainEntityOfPage\":{\"@id\":\"https:\\\/\\\/radioljubuski.ba\\\/index.php\\\/2022\\\/03\\\/25\\\/novalic-najavio-kupovinu-protupozarnih-letjelica-ali-od-tog-obecanja-jos-uvijek-nista\\\/\"},\"wordCount\":228,\"publisher\":{\"@id\":\"https:\\\/\\\/radioljubuski.ba\\\/#organization\"},\"image\":{\"@id\":\"https:\\\/\\\/radioljubuski.ba\\\/index.php\\\/2022\\\/03\\\/25\\\/novalic-najavio-kupovinu-protupozarnih-letjelica-ali-od-tog-obecanja-jos-uvijek-nista\\\/#primaryimage\"},\"thumbnailUrl\":\"https:\\\/\\\/radioljubuski.ba\\\/wp-content\\\/uploads\\\/2022\\\/03\\\/novalic.jpg\",\"articleSection\":[\"BIH i regija\"],\"inLanguage\":\"hr\"},{\"@type\":\"WebPage\",\"@id\":\"https:\\\/\\\/radioljubuski.ba\\\/index.php\\\/2022\\\/03\\\/25\\\/novalic-najavio-kupovinu-protupozarnih-letjelica-ali-od-tog-obecanja-jos-uvijek-nista\\\/\",\"url\":\"https:\\\/\\\/radioljubuski.ba\\\/index.php\\\/2022\\\/03\\\/25\\\/novalic-najavio-kupovinu-protupozarnih-letjelica-ali-od-tog-obecanja-jos-uvijek-nista\\\/\",\"name\":\"Novali\u0107 najavio kupovinu protupo\u017earnih letjelica, ali od tog obe\u0107anja jo\u0161 uvijek ni\u0161ta... - RADIO LJUBU\u0160KI\",\"isPartOf\":{\"@id\":\"https:\\\/\\\/radioljubuski.ba\\\/#website\"},\"primaryImageOfPage\":{\"@id\":\"https:\\\/\\\/radioljubuski.ba\\\/index.php\\\/2022\\\/03\\\/25\\\/novalic-najavio-kupovinu-protupozarnih-letjelica-ali-od-tog-obecanja-jos-uvijek-nista\\\/#primaryimage\"},\"image\":{\"@id\":\"https:\\\/\\\/radioljubuski.ba\\\/index.php\\\/2022\\\/03\\\/25\\\/novalic-najavio-kupovinu-protupozarnih-letjelica-ali-od-tog-obecanja-jos-uvijek-nista\\\/#primaryimage\"},\"thumbnailUrl\":\"https:\\\/\\\/radioljubuski.ba\\\/wp-content\\\/uploads\\\/2022\\\/03\\\/novalic.jpg\",\"datePublished\":\"2022-03-25T10:23:45+00:00\",\"dateModified\":\"2022-03-25T10:23:46+00:00\",\"breadcrumb\":{\"@id\":\"https:\\\/\\\/radioljubuski.ba\\\/index.php\\\/2022\\\/03\\\/25\\\/novalic-najavio-kupovinu-protupozarnih-letjelica-ali-od-tog-obecanja-jos-uvijek-nista\\\/#breadcrumb\"},\"inLanguage\":\"hr\",\"potentialAction\":[{\"@type\":\"ReadAction\",\"target\":[\"https:\\\/\\\/radioljubuski.ba\\\/index.php\\\/2022\\\/03\\\/25\\\/novalic-najavio-kupovinu-protupozarnih-letjelica-ali-od-tog-obecanja-jos-uvijek-nista\\\/\"]}]},{\"@type\":\"ImageObject\",\"inLanguage\":\"hr\",\"@id\":\"https:\\\/\\\/radioljubuski.ba\\\/index.php\\\/2022\\\/03\\\/25\\\/novalic-najavio-kupovinu-protupozarnih-letjelica-ali-od-tog-obecanja-jos-uvijek-nista\\\/#primaryimage\",\"url\":\"https:\\\/\\\/radioljubuski.ba\\\/wp-content\\\/uploads\\\/2022\\\/03\\\/novalic.jpg\",\"contentUrl\":\"https:\\\/\\\/radioljubuski.ba\\\/wp-content\\\/uploads\\\/2022\\\/03\\\/novalic.jpg\",\"width\":870,\"height\":540},{\"@type\":\"BreadcrumbList\",\"@id\":\"https:\\\/\\\/radioljubuski.ba\\\/index.php\\\/2022\\\/03\\\/25\\\/novalic-najavio-kupovinu-protupozarnih-letjelica-ali-od-tog-obecanja-jos-uvijek-nista\\\/#breadcrumb\",\"itemListElement\":[{\"@type\":\"ListItem\",\"position\":1,\"name\":\"Po\u010detna stranica\",\"item\":\"https:\\\/\\\/radioljubuski.ba\\\/\"},{\"@type\":\"ListItem\",\"position\":2,\"name\":\"Novali\u0107 najavio kupovinu protupo\u017earnih letjelica, ali od tog obe\u0107anja jo\u0161 uvijek ni\u0161ta&#8230;\"}]},{\"@type\":\"WebSite\",\"@id\":\"https:\\\/\\\/radioljubuski.ba\\\/#website\",\"url\":\"https:\\\/\\\/radioljubuski.ba\\\/\",\"name\":\"Radio Ljubu\u0161ki\",\"description\":\"Sun\u010dana frekvencija Hercegovine\",\"publisher\":{\"@id\":\"https:\\\/\\\/radioljubuski.ba\\\/#organization\"},\"potentialAction\":[{\"@type\":\"SearchAction\",\"target\":{\"@type\":\"EntryPoint\",\"urlTemplate\":\"https:\\\/\\\/radioljubuski.ba\\\/?s={search_term_string}\"},\"query-input\":{\"@type\":\"PropertyValueSpecification\",\"valueRequired\":true,\"valueName\":\"search_term_string\"}}],\"inLanguage\":\"hr\"},{\"@type\":\"Organization\",\"@id\":\"https:\\\/\\\/radioljubuski.ba\\\/#organization\",\"name\":\"Radio Ljubu\u0161ki\",\"url\":\"https:\\\/\\\/radioljubuski.ba\\\/\",\"logo\":{\"@type\":\"ImageObject\",\"inLanguage\":\"hr\",\"@id\":\"https:\\\/\\\/radioljubuski.ba\\\/#\\\/schema\\\/logo\\\/image\\\/\",\"url\":\"https:\\\/\\\/radioljubuski.ba\\\/wp-content\\\/uploads\\\/2021\\\/02\\\/cropped-Radio_Ljubuski_logo1.jpg\",\"contentUrl\":\"https:\\\/\\\/radioljubuski.ba\\\/wp-content\\\/uploads\\\/2021\\\/02\\\/cropped-Radio_Ljubuski_logo1.jpg\",\"width\":512,\"height\":512,\"caption\":\"Radio Ljubu\u0161ki\"},\"image\":{\"@id\":\"https:\\\/\\\/radioljubuski.ba\\\/#\\\/schema\\\/logo\\\/image\\\/\"},\"sameAs\":[\"https:\\\/\\\/www.facebook.com\\\/Radiio-Ljubuski-1490835324566332\",\"https:\\\/\\\/x.com\\\/radioljubuski\",\"https:\\\/\\\/hr.linkedin.com\\\/company\\\/radio-ljubuski\",\"https:\\\/\\\/www.youtube.com\\\/channel\\\/UCHYaeO_n0Db3tjNGudGpXyw\"]},{\"@type\":\"Person\",\"@id\":\"https:\\\/\\\/radioljubuski.ba\\\/#\\\/schema\\\/person\\\/19fc700381a780f69665d7956c469e3b\",\"name\":\"Radio Ljubu\u0161ki\"}]}<\/script>\n<!-- \/ Yoast SEO plugin. -->","yoast_head_json":{"title":"Novali\u0107 najavio kupovinu protupo\u017earnih letjelica, ali od tog obe\u0107anja jo\u0161 uvijek ni\u0161ta... - RADIO LJUBU\u0160KI","robots":{"index":"index","follow":"follow","max-snippet":"max-snippet:-1","max-image-preview":"max-image-preview:large","max-video-preview":"max-video-preview:-1"},"canonical":"https:\/\/radioljubuski.ba\/index.php\/2022\/03\/25\/novalic-najavio-kupovinu-protupozarnih-letjelica-ali-od-tog-obecanja-jos-uvijek-nista\/","og_locale":"hr_HR","og_type":"article","og_title":"Novali\u0107 najavio kupovinu protupo\u017earnih letjelica, ali od tog obe\u0107anja jo\u0161 uvijek ni\u0161ta... - RADIO LJUBU\u0160KI","og_description":"Fadil Novali\u0107, premijer Federacije BiH, objavio je na svom Facebook profilu u rujnu pro\u0161le godine da \u0107e Federalna vlada iz svog prora\u010duna izdvojiti sredstva za kupovinu par protupo\u017earnih letjelica. Sedam mjeseci poslije po\u017eari bukte \u0161irom Hercegovine, od Trebinja, Ljubinja, do Prozor-Rame, Konjica i Neuma.&nbsp; Dok u isto\u010dnom dijelu Hercegovine, koji pripada RS-u, ve\u0107i po\u017eari se [&hellip;]","og_url":"https:\/\/radioljubuski.ba\/index.php\/2022\/03\/25\/novalic-najavio-kupovinu-protupozarnih-letjelica-ali-od-tog-obecanja-jos-uvijek-nista\/","og_site_name":"RADIO LJUBU\u0160KI","article_publisher":"https:\/\/www.facebook.com\/Radiio-Ljubuski-1490835324566332","article_published_time":"2022-03-25T10:23:45+00:00","article_modified_time":"2022-03-25T10:23:46+00:00","og_image":[{"width":870,"height":540,"url":"https:\/\/radioljubuski.ba\/wp-content\/uploads\/2022\/03\/novalic.jpg","type":"image\/jpeg"}],"author":"Radio Ljubu\u0161ki","twitter_card":"summary_large_image","twitter_creator":"@radioljubuski","twitter_site":"@radioljubuski","twitter_misc":{"Napisao\/la":"Radio Ljubu\u0161ki","Procijenjeno vrijeme \u010ditanja":"1 minuta"},"schema":{"@context":"https:\/\/schema.org","@graph":[{"@type":"Article","@id":"https:\/\/radioljubuski.ba\/index.php\/2022\/03\/25\/novalic-najavio-kupovinu-protupozarnih-letjelica-ali-od-tog-obecanja-jos-uvijek-nista\/#article","isPartOf":{"@id":"https:\/\/radioljubuski.ba\/index.php\/2022\/03\/25\/novalic-najavio-kupovinu-protupozarnih-letjelica-ali-od-tog-obecanja-jos-uvijek-nista\/"},"author":{"name":"Radio Ljubu\u0161ki","@id":"https:\/\/radioljubuski.ba\/#\/schema\/person\/19fc700381a780f69665d7956c469e3b"},"headline":"Novali\u0107 najavio kupovinu protupo\u017earnih letjelica, ali od tog obe\u0107anja jo\u0161 uvijek ni\u0161ta&#8230;","datePublished":"2022-03-25T10:23:45+00:00","dateModified":"2022-03-25T10:23:46+00:00","mainEntityOfPage":{"@id":"https:\/\/radioljubuski.ba\/index.php\/2022\/03\/25\/novalic-najavio-kupovinu-protupozarnih-letjelica-ali-od-tog-obecanja-jos-uvijek-nista\/"},"wordCount":228,"publisher":{"@id":"https:\/\/radioljubuski.ba\/#organization"},"image":{"@id":"https:\/\/radioljubuski.ba\/index.php\/2022\/03\/25\/novalic-najavio-kupovinu-protupozarnih-letjelica-ali-od-tog-obecanja-jos-uvijek-nista\/#primaryimage"},"thumbnailUrl":"https:\/\/radioljubuski.ba\/wp-content\/uploads\/2022\/03\/novalic.jpg","articleSection":["BIH i regija"],"inLanguage":"hr"},{"@type":"WebPage","@id":"https:\/\/radioljubuski.ba\/index.php\/2022\/03\/25\/novalic-najavio-kupovinu-protupozarnih-letjelica-ali-od-tog-obecanja-jos-uvijek-nista\/","url":"https:\/\/radioljubuski.ba\/index.php\/2022\/03\/25\/novalic-najavio-kupovinu-protupozarnih-letjelica-ali-od-tog-obecanja-jos-uvijek-nista\/","name":"Novali\u0107 najavio kupovinu protupo\u017earnih letjelica, ali od tog obe\u0107anja jo\u0161 uvijek ni\u0161ta... - RADIO LJUBU\u0160KI","isPartOf":{"@id":"https:\/\/radioljubuski.ba\/#website"},"primaryImageOfPage":{"@id":"https:\/\/radioljubuski.ba\/index.php\/2022\/03\/25\/novalic-najavio-kupovinu-protupozarnih-letjelica-ali-od-tog-obecanja-jos-uvijek-nista\/#primaryimage"},"image":{"@id":"https:\/\/radioljubuski.ba\/index.php\/2022\/03\/25\/novalic-najavio-kupovinu-protupozarnih-letjelica-ali-od-tog-obecanja-jos-uvijek-nista\/#primaryimage"},"thumbnailUrl":"https:\/\/radioljubuski.ba\/wp-content\/uploads\/2022\/03\/novalic.jpg","datePublished":"2022-03-25T10:23:45+00:00","dateModified":"2022-03-25T10:23:46+00:00","breadcrumb":{"@id":"https:\/\/radioljubuski.ba\/index.php\/2022\/03\/25\/novalic-najavio-kupovinu-protupozarnih-letjelica-ali-od-tog-obecanja-jos-uvijek-nista\/#breadcrumb"},"inLanguage":"hr","potentialAction":[{"@type":"ReadAction","target":["https:\/\/radioljubuski.ba\/index.php\/2022\/03\/25\/novalic-najavio-kupovinu-protupozarnih-letjelica-ali-od-tog-obecanja-jos-uvijek-nista\/"]}]},{"@type":"ImageObject","inLanguage":"hr","@id":"https:\/\/radioljubuski.ba\/index.php\/2022\/03\/25\/novalic-najavio-kupovinu-protupozarnih-letjelica-ali-od-tog-obecanja-jos-uvijek-nista\/#primaryimage","url":"https:\/\/radioljubuski.ba\/wp-content\/uploads\/2022\/03\/novalic.jpg","contentUrl":"https:\/\/radioljubuski.ba\/wp-content\/uploads\/2022\/03\/novalic.jpg","width":870,"height":540},{"@type":"BreadcrumbList","@id":"https:\/\/radioljubuski.ba\/index.php\/2022\/03\/25\/novalic-najavio-kupovinu-protupozarnih-letjelica-ali-od-tog-obecanja-jos-uvijek-nista\/#breadcrumb","itemListElement":[{"@type":"ListItem","position":1,"name":"Po\u010detna stranica","item":"https:\/\/radioljubuski.ba\/"},{"@type":"ListItem","position":2,"name":"Novali\u0107 najavio kupovinu protupo\u017earnih letjelica, ali od tog obe\u0107anja jo\u0161 uvijek ni\u0161ta&#8230;"}]},{"@type":"WebSite","@id":"https:\/\/radioljubuski.ba\/#website","url":"https:\/\/radioljubuski.ba\/","name":"Radio Ljubu\u0161ki","description":"Sun\u010dana frekvencija Hercegovine","publisher":{"@id":"https:\/\/radioljubuski.ba\/#organization"},"potentialAction":[{"@type":"SearchAction","target":{"@type":"EntryPoint","urlTemplate":"https:\/\/radioljubuski.ba\/?s={search_term_string}"},"query-input":{"@type":"PropertyValueSpecification","valueRequired":true,"valueName":"search_term_string"}}],"inLanguage":"hr"},{"@type":"Organization","@id":"https:\/\/radioljubuski.ba\/#organization","name":"Radio Ljubu\u0161ki","url":"https:\/\/radioljubuski.ba\/","logo":{"@type":"ImageObject","inLanguage":"hr","@id":"https:\/\/radioljubuski.ba\/#\/schema\/logo\/image\/","url":"https:\/\/radioljubuski.ba\/wp-content\/uploads\/2021\/02\/cropped-Radio_Ljubuski_logo1.jpg","contentUrl":"https:\/\/radioljubuski.ba\/wp-content\/uploads\/2021\/02\/cropped-Radio_Ljubuski_logo1.jpg","width":512,"height":512,"caption":"Radio Ljubu\u0161ki"},"image":{"@id":"https:\/\/radioljubuski.ba\/#\/schema\/logo\/image\/"},"sameAs":["https:\/\/www.facebook.com\/Radiio-Ljubuski-1490835324566332","https:\/\/x.com\/radioljubuski","https:\/\/hr.linkedin.com\/company\/radio-ljubuski","https:\/\/www.youtube.com\/channel\/UCHYaeO_n0Db3tjNGudGpXyw"]},{"@type":"Person","@id":"https:\/\/radioljubuski.ba\/#\/schema\/person\/19fc700381a780f69665d7956c469e3b","name":"Radio Ljubu\u0161ki"}]}},"_links":{"self":[{"href":"https:\/\/radioljubuski.ba\/index.php\/wp-json\/wp\/v2\/posts\/125078","targetHints":{"allow":["GET"]}}],"collection":[{"href":"https:\/\/radioljubuski.ba\/index.php\/wp-json\/wp\/v2\/posts"}],"about":[{"href":"https:\/\/radioljubuski.ba\/index.php\/wp-json\/wp\/v2\/types\/post"}],"author":[{"embeddable":true,"href":"https:\/\/radioljubuski.ba\/index.php\/wp-json\/wp\/v2\/users\/2"}],"replies":[{"embeddable":true,"href":"https:\/\/radioljubuski.ba\/index.php\/wp-json\/wp\/v2\/comments?post=125078"}],"version-history":[{"count":1,"href":"https:\/\/radioljubuski.ba\/index.php\/wp-json\/wp\/v2\/posts\/125078\/revisions"}],"predecessor-version":[{"id":125079,"href":"https:\/\/radioljubuski.ba\/index.php\/wp-json\/wp\/v2\/posts\/125078\/revisions\/125079"}],"wp:featuredmedia":[{"embeddable":true,"href":"https:\/\/radioljubuski.ba\/index.php\/wp-json\/wp\/v2\/media\/122425"}],"wp:attachment":[{"href":"https:\/\/radioljubuski.ba\/index.php\/wp-json\/wp\/v2\/media?parent=125078"}],"wp:term":[{"taxonomy":"category","embeddable":true,"href":"https:\/\/radioljubuski.ba\/index.php\/wp-json\/wp\/v2\/categories?post=125078"},{"taxonomy":"post_tag","embeddable":true,"href":"https:\/\/radioljubuski.ba\/index.php\/wp-json\/wp\/v2\/tags?post=125078"}],"curies":[{"name":"wp","href":"https:\/\/api.w.org\/{rel}","templated":true}]}}