{"id":125137,"date":"2022-03-25T14:42:30","date_gmt":"2022-03-25T13:42:30","guid":{"rendered":"https:\/\/radioljubuski.ba\/?p=125137"},"modified":"2022-03-27T00:59:19","modified_gmt":"2022-03-26T23:59:19","slug":"ljubuski-vremeplov-zgariste-nakon-pozara-u-duhanskoj-stanici-2005-godine","status":"publish","type":"post","link":"https:\/\/radioljubuski.ba\/index.php\/2022\/03\/25\/ljubuski-vremeplov-zgariste-nakon-pozara-u-duhanskoj-stanici-2005-godine\/","title":{"rendered":"Ljubu\u0161ki vremeplov: Zgari\u0161te nakon po\u017eara u Duhanskoj stanici 2005. godine"},"content":{"rendered":"\n<p>U Ljubu\u0161kom je nekada djelovala najve\u0107a otkupna Duhanska stanica na podru\u010dju BiH, no ona je danas ru\u0161evni kompleks koji \u010deka na neku novu namjenu.<\/p>\n\n\n\n<p>Uni\u0161tili su je brojni po\u017eari i dugo razdoblje nekori\u0161tenja.<\/p>\n\n\n\n<p>U dana\u0161njem Ljubu\u0161kom vremeplovu donosimo fotografije snimljene 1. o\u017eujka 2005. godine koje pokazuju zgari\u0161te nakon tada\u0161njeg po\u017eara u Duhanskoj.<\/p>\n\n\n\n<p>Ina\u010de, kompleks Duhanske stanice u gradu Ljubu\u0161kom gra\u0111en je od 1880. godine u vi\u0161e faza za potrebe prerade duhana, koja je u to doba pa sve do po\u010detka 80-tih godina 20. stolje\u0107a bila glavna gospodarska grana na podru\u010dju Ljubu\u0161koga, ali i cijele Hercegovine. &nbsp;O tome svjedo\u010de i ostale otkupne stanice u \u010capljini, \u0160irokom Brijegu, Grudama, \u010citluku, Trebinju i Stolcu. Na tada\u0161njoj ju\u017enoj periferiji grada Ljubu\u0161koga, na parceli trapezoidnog oblika, smje\u0161teno je 11 objekata. U austrougarskoj fazi izgra\u0111eno je pet paviljonskih zgrada \u2013 skladi\u0161ta za duhan, daljnju klasifikaciju i obradu, jedna upravna zgrada i jedna stambena zgrada s nekoliko stanova za smje\u0161taj \u010dinovnika. &nbsp;U periodu Kraljevine Jugoslavije izgra\u0111ene su jo\u0161 2 zgrade na sjevernom dijelu parcele, novo skladi\u0161te i zgrada za fermentaciju duhana.<\/p>\n\n\n\n<p>Skladi\u0161ne zgrade su 60-tih godina 20. stolje\u0107a povezane mostovima na razini prvog kata radi lak\u0161eg transporta duhana prema zgradi za fermentaciju. Upravo smje\u0161taj ovog kompleksa uzrokovao je razvoj podru\u010dja koje danas predstavlja centar op\u0107ine Ljubu\u0161ki.<\/p>\n\n\n\n<p>Visoka kvaliteta gra\u0111evina, stupanj ure\u0111enosti vanjskog prostora i veli\u010dina sklopa svjedo\u010de o zna\u010denju koji je kompleks imao. Cijeli kompleks Duhanske stanice prestao je s radom 1980. godine.<\/p>\n\n\n\n<p>Uslijedio je niz godina nekori\u0161tenja i neodr\u017eavanja, \u0161to je dovelo do prodora atmosferilija te, posljedi\u010dno, do propadanja pojedinih gra\u0111evnih elemenata zgrada (kao \u0161to su prozori, vrata i sli\u010dno) i do uru\u0161avanja gotovo svih drvenih konstruktivnih elemenata, zapisali su autori Ljilja Rup\u010di\u0107 i Hrvoje Bartulovi\u0107 u radu pod nazivom \u201eRazvoj duhanske stanice u Ljubu\u0161kom\u201c koji je objavljen u Zborniku radova Gra\u0111evinskog fakulteta Sveu\u010dili\u0161ta u Rijeci, 2021.<\/p>\n\n\n\n<iframe loading=\"lazy\" src=\"https:\/\/www.facebook.com\/plugins\/post.php?href=https%3A%2F%2Fwww.facebook.com%2Fpermalink.php%3Fstory_fbid%3D10160331386195101%26id%3D168112865100&amp;show_text=true&amp;width=500\" style=\"border:none;overflow:hidden\" scrolling=\"no\" allowfullscreen=\"true\" allow=\"autoplay; clipboard-write; encrypted-media; picture-in-picture; web-share\" width=\"500\" height=\"665\" frameborder=\"0\"><\/iframe>\n\n\n\n<p><strong>U rubrici \u201eLjubu\u0161ki vremeplov\u201c \u0107emo povremeno objavljivati stare fotografije iz arhive, uz kratka poja\u0161njenja istih.<\/strong><\/p>\n\n\n\n<p>Radio Ljubu\u0161ki<\/p>\n","protected":false},"excerpt":{"rendered":"<p>U Ljubu\u0161kom je nekada djelovala najve\u0107a otkupna Duhanska stanica na podru\u010dju BiH, no ona je danas ru\u0161evni kompleks koji \u010deka na neku novu namjenu. Uni\u0161tili su je brojni po\u017eari i dugo razdoblje nekori\u0161tenja. U dana\u0161njem Ljubu\u0161kom vremeplovu donosimo fotografije snimljene 1. o\u017eujka 2005. godine koje pokazuju zgari\u0161te nakon tada\u0161njeg po\u017eara u Duhanskoj. Ina\u010de, kompleks Duhanske [&hellip;]<\/p>\n","protected":false},"author":2,"featured_media":125143,"comment_status":"closed","ping_status":"closed","sticky":false,"template":"","format":"standard","meta":{"h5ap_radio_sources":[],"footnotes":""},"categories":[25],"tags":[],"class_list":["post-125137","post","type-post","status-publish","format-standard","has-post-thumbnail","hentry","category-ljubuski-vremeplov"],"yoast_head":"<!-- This site is optimized with the Yoast SEO plugin v27.4 - https:\/\/yoast.com\/product\/yoast-seo-wordpress\/ -->\n<title>Ljubu\u0161ki vremeplov: Zgari\u0161te nakon po\u017eara u Duhanskoj stanici 2005. godine - RADIO LJUBU\u0160KI<\/title>\n<meta name=\"robots\" content=\"index, follow, max-snippet:-1, max-image-preview:large, max-video-preview:-1\" \/>\n<link rel=\"canonical\" href=\"https:\/\/radioljubuski.ba\/index.php\/2022\/03\/25\/ljubuski-vremeplov-zgariste-nakon-pozara-u-duhanskoj-stanici-2005-godine\/\" \/>\n<meta property=\"og:locale\" content=\"hr_HR\" \/>\n<meta property=\"og:type\" content=\"article\" \/>\n<meta property=\"og:title\" content=\"Ljubu\u0161ki vremeplov: Zgari\u0161te nakon po\u017eara u Duhanskoj stanici 2005. godine - RADIO LJUBU\u0160KI\" \/>\n<meta property=\"og:description\" content=\"U Ljubu\u0161kom je nekada djelovala najve\u0107a otkupna Duhanska stanica na podru\u010dju BiH, no ona je danas ru\u0161evni kompleks koji \u010deka na neku novu namjenu. Uni\u0161tili su je brojni po\u017eari i dugo razdoblje nekori\u0161tenja. U dana\u0161njem Ljubu\u0161kom vremeplovu donosimo fotografije snimljene 1. o\u017eujka 2005. godine koje pokazuju zgari\u0161te nakon tada\u0161njeg po\u017eara u Duhanskoj. Ina\u010de, kompleks Duhanske [&hellip;]\" \/>\n<meta property=\"og:url\" content=\"https:\/\/radioljubuski.ba\/index.php\/2022\/03\/25\/ljubuski-vremeplov-zgariste-nakon-pozara-u-duhanskoj-stanici-2005-godine\/\" \/>\n<meta property=\"og:site_name\" content=\"RADIO LJUBU\u0160KI\" \/>\n<meta property=\"article:publisher\" content=\"https:\/\/www.facebook.com\/Radiio-Ljubuski-1490835324566332\" \/>\n<meta property=\"article:published_time\" content=\"2022-03-25T13:42:30+00:00\" \/>\n<meta property=\"article:modified_time\" content=\"2022-03-26T23:59:19+00:00\" \/>\n<meta property=\"og:image\" content=\"https:\/\/radioljubuski.ba\/wp-content\/uploads\/2022\/03\/277175736_10160331384780101_2044539383586434137_n.jpg\" \/>\n\t<meta property=\"og:image:width\" content=\"1969\" \/>\n\t<meta property=\"og:image:height\" content=\"1312\" \/>\n\t<meta property=\"og:image:type\" content=\"image\/jpeg\" \/>\n<meta name=\"author\" content=\"Radio Ljubu\u0161ki\" \/>\n<meta name=\"twitter:card\" content=\"summary_large_image\" \/>\n<meta name=\"twitter:creator\" content=\"@radioljubuski\" \/>\n<meta name=\"twitter:site\" content=\"@radioljubuski\" \/>\n<meta name=\"twitter:label1\" content=\"Napisao\/la\" \/>\n\t<meta name=\"twitter:data1\" content=\"Radio Ljubu\u0161ki\" \/>\n\t<meta name=\"twitter:label2\" content=\"Procijenjeno vrijeme \u010ditanja\" \/>\n\t<meta name=\"twitter:data2\" content=\"2 minute\" \/>\n<script type=\"application\/ld+json\" class=\"yoast-schema-graph\">{\"@context\":\"https:\\\/\\\/schema.org\",\"@graph\":[{\"@type\":\"Article\",\"@id\":\"https:\\\/\\\/radioljubuski.ba\\\/index.php\\\/2022\\\/03\\\/25\\\/ljubuski-vremeplov-zgariste-nakon-pozara-u-duhanskoj-stanici-2005-godine\\\/#article\",\"isPartOf\":{\"@id\":\"https:\\\/\\\/radioljubuski.ba\\\/index.php\\\/2022\\\/03\\\/25\\\/ljubuski-vremeplov-zgariste-nakon-pozara-u-duhanskoj-stanici-2005-godine\\\/\"},\"author\":{\"name\":\"Radio Ljubu\u0161ki\",\"@id\":\"https:\\\/\\\/radioljubuski.ba\\\/#\\\/schema\\\/person\\\/19fc700381a780f69665d7956c469e3b\"},\"headline\":\"Ljubu\u0161ki vremeplov: Zgari\u0161te nakon po\u017eara u Duhanskoj stanici 2005. godine\",\"datePublished\":\"2022-03-25T13:42:30+00:00\",\"dateModified\":\"2022-03-26T23:59:19+00:00\",\"mainEntityOfPage\":{\"@id\":\"https:\\\/\\\/radioljubuski.ba\\\/index.php\\\/2022\\\/03\\\/25\\\/ljubuski-vremeplov-zgariste-nakon-pozara-u-duhanskoj-stanici-2005-godine\\\/\"},\"wordCount\":379,\"publisher\":{\"@id\":\"https:\\\/\\\/radioljubuski.ba\\\/#organization\"},\"image\":{\"@id\":\"https:\\\/\\\/radioljubuski.ba\\\/index.php\\\/2022\\\/03\\\/25\\\/ljubuski-vremeplov-zgariste-nakon-pozara-u-duhanskoj-stanici-2005-godine\\\/#primaryimage\"},\"thumbnailUrl\":\"https:\\\/\\\/radioljubuski.ba\\\/wp-content\\\/uploads\\\/2022\\\/03\\\/277175736_10160331384780101_2044539383586434137_n.jpg\",\"articleSection\":[\"Ljubu\u0161ki vremeplov\"],\"inLanguage\":\"hr\"},{\"@type\":\"WebPage\",\"@id\":\"https:\\\/\\\/radioljubuski.ba\\\/index.php\\\/2022\\\/03\\\/25\\\/ljubuski-vremeplov-zgariste-nakon-pozara-u-duhanskoj-stanici-2005-godine\\\/\",\"url\":\"https:\\\/\\\/radioljubuski.ba\\\/index.php\\\/2022\\\/03\\\/25\\\/ljubuski-vremeplov-zgariste-nakon-pozara-u-duhanskoj-stanici-2005-godine\\\/\",\"name\":\"Ljubu\u0161ki vremeplov: Zgari\u0161te nakon po\u017eara u Duhanskoj stanici 2005. godine - RADIO LJUBU\u0160KI\",\"isPartOf\":{\"@id\":\"https:\\\/\\\/radioljubuski.ba\\\/#website\"},\"primaryImageOfPage\":{\"@id\":\"https:\\\/\\\/radioljubuski.ba\\\/index.php\\\/2022\\\/03\\\/25\\\/ljubuski-vremeplov-zgariste-nakon-pozara-u-duhanskoj-stanici-2005-godine\\\/#primaryimage\"},\"image\":{\"@id\":\"https:\\\/\\\/radioljubuski.ba\\\/index.php\\\/2022\\\/03\\\/25\\\/ljubuski-vremeplov-zgariste-nakon-pozara-u-duhanskoj-stanici-2005-godine\\\/#primaryimage\"},\"thumbnailUrl\":\"https:\\\/\\\/radioljubuski.ba\\\/wp-content\\\/uploads\\\/2022\\\/03\\\/277175736_10160331384780101_2044539383586434137_n.jpg\",\"datePublished\":\"2022-03-25T13:42:30+00:00\",\"dateModified\":\"2022-03-26T23:59:19+00:00\",\"breadcrumb\":{\"@id\":\"https:\\\/\\\/radioljubuski.ba\\\/index.php\\\/2022\\\/03\\\/25\\\/ljubuski-vremeplov-zgariste-nakon-pozara-u-duhanskoj-stanici-2005-godine\\\/#breadcrumb\"},\"inLanguage\":\"hr\",\"potentialAction\":[{\"@type\":\"ReadAction\",\"target\":[\"https:\\\/\\\/radioljubuski.ba\\\/index.php\\\/2022\\\/03\\\/25\\\/ljubuski-vremeplov-zgariste-nakon-pozara-u-duhanskoj-stanici-2005-godine\\\/\"]}]},{\"@type\":\"ImageObject\",\"inLanguage\":\"hr\",\"@id\":\"https:\\\/\\\/radioljubuski.ba\\\/index.php\\\/2022\\\/03\\\/25\\\/ljubuski-vremeplov-zgariste-nakon-pozara-u-duhanskoj-stanici-2005-godine\\\/#primaryimage\",\"url\":\"https:\\\/\\\/radioljubuski.ba\\\/wp-content\\\/uploads\\\/2022\\\/03\\\/277175736_10160331384780101_2044539383586434137_n.jpg\",\"contentUrl\":\"https:\\\/\\\/radioljubuski.ba\\\/wp-content\\\/uploads\\\/2022\\\/03\\\/277175736_10160331384780101_2044539383586434137_n.jpg\",\"width\":1969,\"height\":1312},{\"@type\":\"BreadcrumbList\",\"@id\":\"https:\\\/\\\/radioljubuski.ba\\\/index.php\\\/2022\\\/03\\\/25\\\/ljubuski-vremeplov-zgariste-nakon-pozara-u-duhanskoj-stanici-2005-godine\\\/#breadcrumb\",\"itemListElement\":[{\"@type\":\"ListItem\",\"position\":1,\"name\":\"Po\u010detna stranica\",\"item\":\"https:\\\/\\\/radioljubuski.ba\\\/\"},{\"@type\":\"ListItem\",\"position\":2,\"name\":\"Ljubu\u0161ki vremeplov: Zgari\u0161te nakon po\u017eara u Duhanskoj stanici 2005. godine\"}]},{\"@type\":\"WebSite\",\"@id\":\"https:\\\/\\\/radioljubuski.ba\\\/#website\",\"url\":\"https:\\\/\\\/radioljubuski.ba\\\/\",\"name\":\"Radio Ljubu\u0161ki\",\"description\":\"Sun\u010dana frekvencija Hercegovine\",\"publisher\":{\"@id\":\"https:\\\/\\\/radioljubuski.ba\\\/#organization\"},\"potentialAction\":[{\"@type\":\"SearchAction\",\"target\":{\"@type\":\"EntryPoint\",\"urlTemplate\":\"https:\\\/\\\/radioljubuski.ba\\\/?s={search_term_string}\"},\"query-input\":{\"@type\":\"PropertyValueSpecification\",\"valueRequired\":true,\"valueName\":\"search_term_string\"}}],\"inLanguage\":\"hr\"},{\"@type\":\"Organization\",\"@id\":\"https:\\\/\\\/radioljubuski.ba\\\/#organization\",\"name\":\"Radio Ljubu\u0161ki\",\"url\":\"https:\\\/\\\/radioljubuski.ba\\\/\",\"logo\":{\"@type\":\"ImageObject\",\"inLanguage\":\"hr\",\"@id\":\"https:\\\/\\\/radioljubuski.ba\\\/#\\\/schema\\\/logo\\\/image\\\/\",\"url\":\"https:\\\/\\\/radioljubuski.ba\\\/wp-content\\\/uploads\\\/2021\\\/02\\\/cropped-Radio_Ljubuski_logo1.jpg\",\"contentUrl\":\"https:\\\/\\\/radioljubuski.ba\\\/wp-content\\\/uploads\\\/2021\\\/02\\\/cropped-Radio_Ljubuski_logo1.jpg\",\"width\":512,\"height\":512,\"caption\":\"Radio Ljubu\u0161ki\"},\"image\":{\"@id\":\"https:\\\/\\\/radioljubuski.ba\\\/#\\\/schema\\\/logo\\\/image\\\/\"},\"sameAs\":[\"https:\\\/\\\/www.facebook.com\\\/Radiio-Ljubuski-1490835324566332\",\"https:\\\/\\\/x.com\\\/radioljubuski\",\"https:\\\/\\\/hr.linkedin.com\\\/company\\\/radio-ljubuski\",\"https:\\\/\\\/www.youtube.com\\\/channel\\\/UCHYaeO_n0Db3tjNGudGpXyw\"]},{\"@type\":\"Person\",\"@id\":\"https:\\\/\\\/radioljubuski.ba\\\/#\\\/schema\\\/person\\\/19fc700381a780f69665d7956c469e3b\",\"name\":\"Radio Ljubu\u0161ki\"}]}<\/script>\n<!-- \/ Yoast SEO plugin. -->","yoast_head_json":{"title":"Ljubu\u0161ki vremeplov: Zgari\u0161te nakon po\u017eara u Duhanskoj stanici 2005. godine - RADIO LJUBU\u0160KI","robots":{"index":"index","follow":"follow","max-snippet":"max-snippet:-1","max-image-preview":"max-image-preview:large","max-video-preview":"max-video-preview:-1"},"canonical":"https:\/\/radioljubuski.ba\/index.php\/2022\/03\/25\/ljubuski-vremeplov-zgariste-nakon-pozara-u-duhanskoj-stanici-2005-godine\/","og_locale":"hr_HR","og_type":"article","og_title":"Ljubu\u0161ki vremeplov: Zgari\u0161te nakon po\u017eara u Duhanskoj stanici 2005. godine - RADIO LJUBU\u0160KI","og_description":"U Ljubu\u0161kom je nekada djelovala najve\u0107a otkupna Duhanska stanica na podru\u010dju BiH, no ona je danas ru\u0161evni kompleks koji \u010deka na neku novu namjenu. Uni\u0161tili su je brojni po\u017eari i dugo razdoblje nekori\u0161tenja. U dana\u0161njem Ljubu\u0161kom vremeplovu donosimo fotografije snimljene 1. o\u017eujka 2005. godine koje pokazuju zgari\u0161te nakon tada\u0161njeg po\u017eara u Duhanskoj. Ina\u010de, kompleks Duhanske [&hellip;]","og_url":"https:\/\/radioljubuski.ba\/index.php\/2022\/03\/25\/ljubuski-vremeplov-zgariste-nakon-pozara-u-duhanskoj-stanici-2005-godine\/","og_site_name":"RADIO LJUBU\u0160KI","article_publisher":"https:\/\/www.facebook.com\/Radiio-Ljubuski-1490835324566332","article_published_time":"2022-03-25T13:42:30+00:00","article_modified_time":"2022-03-26T23:59:19+00:00","og_image":[{"width":1969,"height":1312,"url":"https:\/\/radioljubuski.ba\/wp-content\/uploads\/2022\/03\/277175736_10160331384780101_2044539383586434137_n.jpg","type":"image\/jpeg"}],"author":"Radio Ljubu\u0161ki","twitter_card":"summary_large_image","twitter_creator":"@radioljubuski","twitter_site":"@radioljubuski","twitter_misc":{"Napisao\/la":"Radio Ljubu\u0161ki","Procijenjeno vrijeme \u010ditanja":"2 minute"},"schema":{"@context":"https:\/\/schema.org","@graph":[{"@type":"Article","@id":"https:\/\/radioljubuski.ba\/index.php\/2022\/03\/25\/ljubuski-vremeplov-zgariste-nakon-pozara-u-duhanskoj-stanici-2005-godine\/#article","isPartOf":{"@id":"https:\/\/radioljubuski.ba\/index.php\/2022\/03\/25\/ljubuski-vremeplov-zgariste-nakon-pozara-u-duhanskoj-stanici-2005-godine\/"},"author":{"name":"Radio Ljubu\u0161ki","@id":"https:\/\/radioljubuski.ba\/#\/schema\/person\/19fc700381a780f69665d7956c469e3b"},"headline":"Ljubu\u0161ki vremeplov: Zgari\u0161te nakon po\u017eara u Duhanskoj stanici 2005. godine","datePublished":"2022-03-25T13:42:30+00:00","dateModified":"2022-03-26T23:59:19+00:00","mainEntityOfPage":{"@id":"https:\/\/radioljubuski.ba\/index.php\/2022\/03\/25\/ljubuski-vremeplov-zgariste-nakon-pozara-u-duhanskoj-stanici-2005-godine\/"},"wordCount":379,"publisher":{"@id":"https:\/\/radioljubuski.ba\/#organization"},"image":{"@id":"https:\/\/radioljubuski.ba\/index.php\/2022\/03\/25\/ljubuski-vremeplov-zgariste-nakon-pozara-u-duhanskoj-stanici-2005-godine\/#primaryimage"},"thumbnailUrl":"https:\/\/radioljubuski.ba\/wp-content\/uploads\/2022\/03\/277175736_10160331384780101_2044539383586434137_n.jpg","articleSection":["Ljubu\u0161ki vremeplov"],"inLanguage":"hr"},{"@type":"WebPage","@id":"https:\/\/radioljubuski.ba\/index.php\/2022\/03\/25\/ljubuski-vremeplov-zgariste-nakon-pozara-u-duhanskoj-stanici-2005-godine\/","url":"https:\/\/radioljubuski.ba\/index.php\/2022\/03\/25\/ljubuski-vremeplov-zgariste-nakon-pozara-u-duhanskoj-stanici-2005-godine\/","name":"Ljubu\u0161ki vremeplov: Zgari\u0161te nakon po\u017eara u Duhanskoj stanici 2005. godine - RADIO LJUBU\u0160KI","isPartOf":{"@id":"https:\/\/radioljubuski.ba\/#website"},"primaryImageOfPage":{"@id":"https:\/\/radioljubuski.ba\/index.php\/2022\/03\/25\/ljubuski-vremeplov-zgariste-nakon-pozara-u-duhanskoj-stanici-2005-godine\/#primaryimage"},"image":{"@id":"https:\/\/radioljubuski.ba\/index.php\/2022\/03\/25\/ljubuski-vremeplov-zgariste-nakon-pozara-u-duhanskoj-stanici-2005-godine\/#primaryimage"},"thumbnailUrl":"https:\/\/radioljubuski.ba\/wp-content\/uploads\/2022\/03\/277175736_10160331384780101_2044539383586434137_n.jpg","datePublished":"2022-03-25T13:42:30+00:00","dateModified":"2022-03-26T23:59:19+00:00","breadcrumb":{"@id":"https:\/\/radioljubuski.ba\/index.php\/2022\/03\/25\/ljubuski-vremeplov-zgariste-nakon-pozara-u-duhanskoj-stanici-2005-godine\/#breadcrumb"},"inLanguage":"hr","potentialAction":[{"@type":"ReadAction","target":["https:\/\/radioljubuski.ba\/index.php\/2022\/03\/25\/ljubuski-vremeplov-zgariste-nakon-pozara-u-duhanskoj-stanici-2005-godine\/"]}]},{"@type":"ImageObject","inLanguage":"hr","@id":"https:\/\/radioljubuski.ba\/index.php\/2022\/03\/25\/ljubuski-vremeplov-zgariste-nakon-pozara-u-duhanskoj-stanici-2005-godine\/#primaryimage","url":"https:\/\/radioljubuski.ba\/wp-content\/uploads\/2022\/03\/277175736_10160331384780101_2044539383586434137_n.jpg","contentUrl":"https:\/\/radioljubuski.ba\/wp-content\/uploads\/2022\/03\/277175736_10160331384780101_2044539383586434137_n.jpg","width":1969,"height":1312},{"@type":"BreadcrumbList","@id":"https:\/\/radioljubuski.ba\/index.php\/2022\/03\/25\/ljubuski-vremeplov-zgariste-nakon-pozara-u-duhanskoj-stanici-2005-godine\/#breadcrumb","itemListElement":[{"@type":"ListItem","position":1,"name":"Po\u010detna stranica","item":"https:\/\/radioljubuski.ba\/"},{"@type":"ListItem","position":2,"name":"Ljubu\u0161ki vremeplov: Zgari\u0161te nakon po\u017eara u Duhanskoj stanici 2005. godine"}]},{"@type":"WebSite","@id":"https:\/\/radioljubuski.ba\/#website","url":"https:\/\/radioljubuski.ba\/","name":"Radio Ljubu\u0161ki","description":"Sun\u010dana frekvencija Hercegovine","publisher":{"@id":"https:\/\/radioljubuski.ba\/#organization"},"potentialAction":[{"@type":"SearchAction","target":{"@type":"EntryPoint","urlTemplate":"https:\/\/radioljubuski.ba\/?s={search_term_string}"},"query-input":{"@type":"PropertyValueSpecification","valueRequired":true,"valueName":"search_term_string"}}],"inLanguage":"hr"},{"@type":"Organization","@id":"https:\/\/radioljubuski.ba\/#organization","name":"Radio Ljubu\u0161ki","url":"https:\/\/radioljubuski.ba\/","logo":{"@type":"ImageObject","inLanguage":"hr","@id":"https:\/\/radioljubuski.ba\/#\/schema\/logo\/image\/","url":"https:\/\/radioljubuski.ba\/wp-content\/uploads\/2021\/02\/cropped-Radio_Ljubuski_logo1.jpg","contentUrl":"https:\/\/radioljubuski.ba\/wp-content\/uploads\/2021\/02\/cropped-Radio_Ljubuski_logo1.jpg","width":512,"height":512,"caption":"Radio Ljubu\u0161ki"},"image":{"@id":"https:\/\/radioljubuski.ba\/#\/schema\/logo\/image\/"},"sameAs":["https:\/\/www.facebook.com\/Radiio-Ljubuski-1490835324566332","https:\/\/x.com\/radioljubuski","https:\/\/hr.linkedin.com\/company\/radio-ljubuski","https:\/\/www.youtube.com\/channel\/UCHYaeO_n0Db3tjNGudGpXyw"]},{"@type":"Person","@id":"https:\/\/radioljubuski.ba\/#\/schema\/person\/19fc700381a780f69665d7956c469e3b","name":"Radio Ljubu\u0161ki"}]}},"_links":{"self":[{"href":"https:\/\/radioljubuski.ba\/index.php\/wp-json\/wp\/v2\/posts\/125137","targetHints":{"allow":["GET"]}}],"collection":[{"href":"https:\/\/radioljubuski.ba\/index.php\/wp-json\/wp\/v2\/posts"}],"about":[{"href":"https:\/\/radioljubuski.ba\/index.php\/wp-json\/wp\/v2\/types\/post"}],"author":[{"embeddable":true,"href":"https:\/\/radioljubuski.ba\/index.php\/wp-json\/wp\/v2\/users\/2"}],"replies":[{"embeddable":true,"href":"https:\/\/radioljubuski.ba\/index.php\/wp-json\/wp\/v2\/comments?post=125137"}],"version-history":[{"count":2,"href":"https:\/\/radioljubuski.ba\/index.php\/wp-json\/wp\/v2\/posts\/125137\/revisions"}],"predecessor-version":[{"id":125180,"href":"https:\/\/radioljubuski.ba\/index.php\/wp-json\/wp\/v2\/posts\/125137\/revisions\/125180"}],"wp:featuredmedia":[{"embeddable":true,"href":"https:\/\/radioljubuski.ba\/index.php\/wp-json\/wp\/v2\/media\/125143"}],"wp:attachment":[{"href":"https:\/\/radioljubuski.ba\/index.php\/wp-json\/wp\/v2\/media?parent=125137"}],"wp:term":[{"taxonomy":"category","embeddable":true,"href":"https:\/\/radioljubuski.ba\/index.php\/wp-json\/wp\/v2\/categories?post=125137"},{"taxonomy":"post_tag","embeddable":true,"href":"https:\/\/radioljubuski.ba\/index.php\/wp-json\/wp\/v2\/tags?post=125137"}],"curies":[{"name":"wp","href":"https:\/\/api.w.org\/{rel}","templated":true}]}}