{"id":125173,"date":"2022-03-25T14:56:58","date_gmt":"2022-03-25T13:56:58","guid":{"rendered":"https:\/\/radioljubuski.ba\/?p=125173"},"modified":"2022-03-25T14:56:58","modified_gmt":"2022-03-25T13:56:58","slug":"klicko-za-n1-nikada-necemo-pokleknuti-ne-zelimo-zivjeti-pod-diktaturom","status":"publish","type":"post","link":"https:\/\/radioljubuski.ba\/index.php\/2022\/03\/25\/klicko-za-n1-nikada-necemo-pokleknuti-ne-zelimo-zivjeti-pod-diktaturom\/","title":{"rendered":"Kli\u010dko za N1: Nikada ne\u0107emo pokleknuti, ne \u017eelimo \u017eivjeti pod diktaturom"},"content":{"rendered":"\n<p>\u201cNije tajna da je Kijev glavna meta i ruske snage su prije \u010detiri tjedna imale plan okupirati Kijev, ali svi su se iznenadili koliko su Ukrajinci otporni, sna\u017eni, kako se ukrajinska vojska sna\u017eno boji. Uni\u0161tili smo planove agresora da uni\u0161ti Kijev. Na\u0161i su vojnici na sjeveru grada obranili glavni grad Ukrajine i svi su se iznenadili. Za\u0161to smo tako sna\u017eni? Jer se ruski agresori bore za novac, a mi se borimo za na\u0161u neovisnost, slobodu, mi branimo na\u0161u djece i na\u0161e obitelji. Imamo veliku motivaciju braniti budu\u0107nost na\u0161e djece\u201d, rekao je Kli\u010dko za <a href=\"https:\/\/hr.n1info.com\/vijesti\/uskoro-uzivo-pratite-ekskluzivni-intervju-vitalija-klicka-za-n1\/\">N1<\/a>.<\/p>\n\n\n\n<p>Kli\u010dko je nedavno rekao da \u0107e radije umrijeti nego di\u0107i ruke od Kijeva.<\/p>\n\n\n\n<p>\u201cDa, to je istina. Ruski vojnici nikada ne\u0107e u\u0107i u na\u0161 grad, mi smo veoma motivirani\u201d, kazao je.<\/p>\n\n\n\n<p>\u201cPrimjer \u2013 oti\u0161ao sam na mjesto gdje je uni\u0161tena stambena zgrada, tamo je bio jedan \u010dovjek. Ja sam mu rekao neka se evakuira, ostao je bez doma, besku\u0107nik. Predlo\u017eio sam mu da se evakuira na sigurno, no on je to odbio, rekao je da ne \u017eeli oti\u0107i i zamolio me da mu dam oru\u017eje jer \u017eeli obraniti svoj grad. Posjetio sam mnoga mjesta i imam slike ljudi koji nikada nisu mogli zamisliti da \u0107e uzeti oru\u017eje u ruke, to su ljudi iz mirnih profesija, lije\u010dnici, glazbenici, glumci koji su sada uzeli oru\u017eje u ruke i brane na\u0161 grad. U Ukrajini vlada veliki val domoljublja. \u017delim ponoviti \u2013 nikada ne\u0107emo pokleknuti, ne \u017eelimo \u017eivjeti pod diktaturom, \u017eelimo \u017eivjeti u slobodnoj zemlji, gdje se po\u0161tuju ljudska prava. I zato se ne \u017eelimo vratiti pod okrilje Sovjetskog Saveza. Vidimo svoju budu\u0107nost kao zemlje koja je dio europske obitelji. Ne branimo samo na\u0161 glavni grad i domovinu, branimo vrijednosti Europske unije\u201d, rekao je ukrajinski gradona\u010delnik.<\/p>\n\n\n\n<p>Je li o\u010dekivao ve\u0107u potporu Zapada?<br>Zahvalio je svima koji Ukrajini daju podupiru Ukrajinu, koji \u0161alju humanitarnu pomo\u0107, novac, koji primaju izbjeglice\u2026<\/p>\n\n\n\n<p>\u201cAli neki politi\u010dari privatno podupiru Ukrajinu, a s druge strane ne \u017eele prekinuti odnose s Rusijom. Ne zaboravite, nikad nemojte vjerovati Rusima. I drugo, treba zaustaviti sve poslovne odnose s Rusima jer tako dajete novac Rusiji koja ga zatim ula\u017ee u vojsku i onda vidimo ove stra\u0161ne slike iz Ukrajine\u201d, rekao je Kli\u010dko.<\/p>\n\n\n\n<p>Predsjednik Zelenski zamolio je ju\u010der ma\u0111arskog premijera Orbana da prestane kupovati ruski plin i naftu te da po\u0161alje oru\u017eje Ukrajini. Ma\u0111arska nije jedina u EU koja je odbila taj zahtjev.<\/p>\n\n\n\n<p>\u201cU ovoj situaciji morate sami donijeti odluku podupirete Ukrajinu koja se bori za slobodu i europske vrijednosti ili ste na strani agresora, na ruskoj strani. Sada je svijet crno-bijeli i morate odlu\u010diti ho\u0107ete li pomagati Rusima u njihovim ratnim naporima u ovom krvavom ratu protiv civila ili ste na strani demokratskog svijeta koji podupire Ukrajinu. Mi sada trebamo potporu i cijenimo podr\u0161ku svih na\u0161ih partnera i pravih prijatelja\u201d, rekao je.<\/p>\n\n\n\n<p>Izvor:N1<\/p>\n","protected":false},"excerpt":{"rendered":"<p>\u201cNije tajna da je Kijev glavna meta i ruske snage su prije \u010detiri tjedna imale plan okupirati Kijev, ali svi su se iznenadili koliko su Ukrajinci otporni, sna\u017eni, kako se ukrajinska vojska sna\u017eno boji. Uni\u0161tili smo planove agresora da uni\u0161ti Kijev. Na\u0161i su vojnici na sjeveru grada obranili glavni grad Ukrajine i svi su se [&hellip;]<\/p>\n","protected":false},"author":2,"featured_media":125174,"comment_status":"closed","ping_status":"closed","sticky":false,"template":"","format":"standard","meta":{"h5ap_radio_sources":[],"footnotes":""},"categories":[1],"tags":[],"class_list":["post-125173","post","type-post","status-publish","format-standard","has-post-thumbnail","hentry","category-bihiregija"],"yoast_head":"<!-- This site is optimized with the Yoast SEO plugin v27.4 - https:\/\/yoast.com\/product\/yoast-seo-wordpress\/ -->\n<title>Kli\u010dko za N1: Nikada ne\u0107emo pokleknuti, ne \u017eelimo \u017eivjeti pod diktaturom - RADIO LJUBU\u0160KI<\/title>\n<meta name=\"robots\" content=\"index, follow, max-snippet:-1, max-image-preview:large, max-video-preview:-1\" \/>\n<link rel=\"canonical\" href=\"https:\/\/radioljubuski.ba\/index.php\/2022\/03\/25\/klicko-za-n1-nikada-necemo-pokleknuti-ne-zelimo-zivjeti-pod-diktaturom\/\" \/>\n<meta property=\"og:locale\" content=\"hr_HR\" \/>\n<meta property=\"og:type\" content=\"article\" \/>\n<meta property=\"og:title\" content=\"Kli\u010dko za N1: Nikada ne\u0107emo pokleknuti, ne \u017eelimo \u017eivjeti pod diktaturom - RADIO LJUBU\u0160KI\" \/>\n<meta property=\"og:description\" content=\"\u201cNije tajna da je Kijev glavna meta i ruske snage su prije \u010detiri tjedna imale plan okupirati Kijev, ali svi su se iznenadili koliko su Ukrajinci otporni, sna\u017eni, kako se ukrajinska vojska sna\u017eno boji. Uni\u0161tili smo planove agresora da uni\u0161ti Kijev. Na\u0161i su vojnici na sjeveru grada obranili glavni grad Ukrajine i svi su se [&hellip;]\" \/>\n<meta property=\"og:url\" content=\"https:\/\/radioljubuski.ba\/index.php\/2022\/03\/25\/klicko-za-n1-nikada-necemo-pokleknuti-ne-zelimo-zivjeti-pod-diktaturom\/\" \/>\n<meta property=\"og:site_name\" content=\"RADIO LJUBU\u0160KI\" \/>\n<meta property=\"article:publisher\" content=\"https:\/\/www.facebook.com\/Radiio-Ljubuski-1490835324566332\" \/>\n<meta property=\"article:published_time\" content=\"2022-03-25T13:56:58+00:00\" \/>\n<meta property=\"og:image\" content=\"https:\/\/radioljubuski.ba\/wp-content\/uploads\/2022\/03\/2-2022-03-25-11-20-37-1648202703-vitalij-klicko-750x384-1.png\" \/>\n\t<meta property=\"og:image:width\" content=\"1000\" \/>\n\t<meta property=\"og:image:height\" content=\"625\" \/>\n\t<meta property=\"og:image:type\" content=\"image\/png\" \/>\n<meta name=\"author\" content=\"Radio Ljubu\u0161ki\" \/>\n<meta name=\"twitter:card\" content=\"summary_large_image\" \/>\n<meta name=\"twitter:creator\" content=\"@radioljubuski\" \/>\n<meta name=\"twitter:site\" content=\"@radioljubuski\" \/>\n<meta name=\"twitter:label1\" content=\"Napisao\/la\" \/>\n\t<meta name=\"twitter:data1\" content=\"Radio Ljubu\u0161ki\" \/>\n\t<meta name=\"twitter:label2\" content=\"Procijenjeno vrijeme \u010ditanja\" \/>\n\t<meta name=\"twitter:data2\" content=\"3 minute\" \/>\n<script type=\"application\/ld+json\" class=\"yoast-schema-graph\">{\"@context\":\"https:\\\/\\\/schema.org\",\"@graph\":[{\"@type\":\"Article\",\"@id\":\"https:\\\/\\\/radioljubuski.ba\\\/index.php\\\/2022\\\/03\\\/25\\\/klicko-za-n1-nikada-necemo-pokleknuti-ne-zelimo-zivjeti-pod-diktaturom\\\/#article\",\"isPartOf\":{\"@id\":\"https:\\\/\\\/radioljubuski.ba\\\/index.php\\\/2022\\\/03\\\/25\\\/klicko-za-n1-nikada-necemo-pokleknuti-ne-zelimo-zivjeti-pod-diktaturom\\\/\"},\"author\":{\"name\":\"Radio Ljubu\u0161ki\",\"@id\":\"https:\\\/\\\/radioljubuski.ba\\\/#\\\/schema\\\/person\\\/19fc700381a780f69665d7956c469e3b\"},\"headline\":\"Kli\u010dko za N1: Nikada ne\u0107emo pokleknuti, ne \u017eelimo \u017eivjeti pod diktaturom\",\"datePublished\":\"2022-03-25T13:56:58+00:00\",\"mainEntityOfPage\":{\"@id\":\"https:\\\/\\\/radioljubuski.ba\\\/index.php\\\/2022\\\/03\\\/25\\\/klicko-za-n1-nikada-necemo-pokleknuti-ne-zelimo-zivjeti-pod-diktaturom\\\/\"},\"wordCount\":519,\"publisher\":{\"@id\":\"https:\\\/\\\/radioljubuski.ba\\\/#organization\"},\"image\":{\"@id\":\"https:\\\/\\\/radioljubuski.ba\\\/index.php\\\/2022\\\/03\\\/25\\\/klicko-za-n1-nikada-necemo-pokleknuti-ne-zelimo-zivjeti-pod-diktaturom\\\/#primaryimage\"},\"thumbnailUrl\":\"https:\\\/\\\/radioljubuski.ba\\\/wp-content\\\/uploads\\\/2022\\\/03\\\/2-2022-03-25-11-20-37-1648202703-vitalij-klicko-750x384-1.png\",\"articleSection\":[\"BIH i regija\"],\"inLanguage\":\"hr\"},{\"@type\":\"WebPage\",\"@id\":\"https:\\\/\\\/radioljubuski.ba\\\/index.php\\\/2022\\\/03\\\/25\\\/klicko-za-n1-nikada-necemo-pokleknuti-ne-zelimo-zivjeti-pod-diktaturom\\\/\",\"url\":\"https:\\\/\\\/radioljubuski.ba\\\/index.php\\\/2022\\\/03\\\/25\\\/klicko-za-n1-nikada-necemo-pokleknuti-ne-zelimo-zivjeti-pod-diktaturom\\\/\",\"name\":\"Kli\u010dko za N1: Nikada ne\u0107emo pokleknuti, ne \u017eelimo \u017eivjeti pod diktaturom - RADIO LJUBU\u0160KI\",\"isPartOf\":{\"@id\":\"https:\\\/\\\/radioljubuski.ba\\\/#website\"},\"primaryImageOfPage\":{\"@id\":\"https:\\\/\\\/radioljubuski.ba\\\/index.php\\\/2022\\\/03\\\/25\\\/klicko-za-n1-nikada-necemo-pokleknuti-ne-zelimo-zivjeti-pod-diktaturom\\\/#primaryimage\"},\"image\":{\"@id\":\"https:\\\/\\\/radioljubuski.ba\\\/index.php\\\/2022\\\/03\\\/25\\\/klicko-za-n1-nikada-necemo-pokleknuti-ne-zelimo-zivjeti-pod-diktaturom\\\/#primaryimage\"},\"thumbnailUrl\":\"https:\\\/\\\/radioljubuski.ba\\\/wp-content\\\/uploads\\\/2022\\\/03\\\/2-2022-03-25-11-20-37-1648202703-vitalij-klicko-750x384-1.png\",\"datePublished\":\"2022-03-25T13:56:58+00:00\",\"breadcrumb\":{\"@id\":\"https:\\\/\\\/radioljubuski.ba\\\/index.php\\\/2022\\\/03\\\/25\\\/klicko-za-n1-nikada-necemo-pokleknuti-ne-zelimo-zivjeti-pod-diktaturom\\\/#breadcrumb\"},\"inLanguage\":\"hr\",\"potentialAction\":[{\"@type\":\"ReadAction\",\"target\":[\"https:\\\/\\\/radioljubuski.ba\\\/index.php\\\/2022\\\/03\\\/25\\\/klicko-za-n1-nikada-necemo-pokleknuti-ne-zelimo-zivjeti-pod-diktaturom\\\/\"]}]},{\"@type\":\"ImageObject\",\"inLanguage\":\"hr\",\"@id\":\"https:\\\/\\\/radioljubuski.ba\\\/index.php\\\/2022\\\/03\\\/25\\\/klicko-za-n1-nikada-necemo-pokleknuti-ne-zelimo-zivjeti-pod-diktaturom\\\/#primaryimage\",\"url\":\"https:\\\/\\\/radioljubuski.ba\\\/wp-content\\\/uploads\\\/2022\\\/03\\\/2-2022-03-25-11-20-37-1648202703-vitalij-klicko-750x384-1.png\",\"contentUrl\":\"https:\\\/\\\/radioljubuski.ba\\\/wp-content\\\/uploads\\\/2022\\\/03\\\/2-2022-03-25-11-20-37-1648202703-vitalij-klicko-750x384-1.png\",\"width\":1000,\"height\":625},{\"@type\":\"BreadcrumbList\",\"@id\":\"https:\\\/\\\/radioljubuski.ba\\\/index.php\\\/2022\\\/03\\\/25\\\/klicko-za-n1-nikada-necemo-pokleknuti-ne-zelimo-zivjeti-pod-diktaturom\\\/#breadcrumb\",\"itemListElement\":[{\"@type\":\"ListItem\",\"position\":1,\"name\":\"Po\u010detna stranica\",\"item\":\"https:\\\/\\\/radioljubuski.ba\\\/\"},{\"@type\":\"ListItem\",\"position\":2,\"name\":\"Kli\u010dko za N1: Nikada ne\u0107emo pokleknuti, ne \u017eelimo \u017eivjeti pod diktaturom\"}]},{\"@type\":\"WebSite\",\"@id\":\"https:\\\/\\\/radioljubuski.ba\\\/#website\",\"url\":\"https:\\\/\\\/radioljubuski.ba\\\/\",\"name\":\"Radio Ljubu\u0161ki\",\"description\":\"Sun\u010dana frekvencija Hercegovine\",\"publisher\":{\"@id\":\"https:\\\/\\\/radioljubuski.ba\\\/#organization\"},\"potentialAction\":[{\"@type\":\"SearchAction\",\"target\":{\"@type\":\"EntryPoint\",\"urlTemplate\":\"https:\\\/\\\/radioljubuski.ba\\\/?s={search_term_string}\"},\"query-input\":{\"@type\":\"PropertyValueSpecification\",\"valueRequired\":true,\"valueName\":\"search_term_string\"}}],\"inLanguage\":\"hr\"},{\"@type\":\"Organization\",\"@id\":\"https:\\\/\\\/radioljubuski.ba\\\/#organization\",\"name\":\"Radio Ljubu\u0161ki\",\"url\":\"https:\\\/\\\/radioljubuski.ba\\\/\",\"logo\":{\"@type\":\"ImageObject\",\"inLanguage\":\"hr\",\"@id\":\"https:\\\/\\\/radioljubuski.ba\\\/#\\\/schema\\\/logo\\\/image\\\/\",\"url\":\"https:\\\/\\\/radioljubuski.ba\\\/wp-content\\\/uploads\\\/2021\\\/02\\\/cropped-Radio_Ljubuski_logo1.jpg\",\"contentUrl\":\"https:\\\/\\\/radioljubuski.ba\\\/wp-content\\\/uploads\\\/2021\\\/02\\\/cropped-Radio_Ljubuski_logo1.jpg\",\"width\":512,\"height\":512,\"caption\":\"Radio Ljubu\u0161ki\"},\"image\":{\"@id\":\"https:\\\/\\\/radioljubuski.ba\\\/#\\\/schema\\\/logo\\\/image\\\/\"},\"sameAs\":[\"https:\\\/\\\/www.facebook.com\\\/Radiio-Ljubuski-1490835324566332\",\"https:\\\/\\\/x.com\\\/radioljubuski\",\"https:\\\/\\\/hr.linkedin.com\\\/company\\\/radio-ljubuski\",\"https:\\\/\\\/www.youtube.com\\\/channel\\\/UCHYaeO_n0Db3tjNGudGpXyw\"]},{\"@type\":\"Person\",\"@id\":\"https:\\\/\\\/radioljubuski.ba\\\/#\\\/schema\\\/person\\\/19fc700381a780f69665d7956c469e3b\",\"name\":\"Radio Ljubu\u0161ki\"}]}<\/script>\n<!-- \/ Yoast SEO plugin. -->","yoast_head_json":{"title":"Kli\u010dko za N1: Nikada ne\u0107emo pokleknuti, ne \u017eelimo \u017eivjeti pod diktaturom - RADIO LJUBU\u0160KI","robots":{"index":"index","follow":"follow","max-snippet":"max-snippet:-1","max-image-preview":"max-image-preview:large","max-video-preview":"max-video-preview:-1"},"canonical":"https:\/\/radioljubuski.ba\/index.php\/2022\/03\/25\/klicko-za-n1-nikada-necemo-pokleknuti-ne-zelimo-zivjeti-pod-diktaturom\/","og_locale":"hr_HR","og_type":"article","og_title":"Kli\u010dko za N1: Nikada ne\u0107emo pokleknuti, ne \u017eelimo \u017eivjeti pod diktaturom - RADIO LJUBU\u0160KI","og_description":"\u201cNije tajna da je Kijev glavna meta i ruske snage su prije \u010detiri tjedna imale plan okupirati Kijev, ali svi su se iznenadili koliko su Ukrajinci otporni, sna\u017eni, kako se ukrajinska vojska sna\u017eno boji. Uni\u0161tili smo planove agresora da uni\u0161ti Kijev. Na\u0161i su vojnici na sjeveru grada obranili glavni grad Ukrajine i svi su se [&hellip;]","og_url":"https:\/\/radioljubuski.ba\/index.php\/2022\/03\/25\/klicko-za-n1-nikada-necemo-pokleknuti-ne-zelimo-zivjeti-pod-diktaturom\/","og_site_name":"RADIO LJUBU\u0160KI","article_publisher":"https:\/\/www.facebook.com\/Radiio-Ljubuski-1490835324566332","article_published_time":"2022-03-25T13:56:58+00:00","og_image":[{"width":1000,"height":625,"url":"https:\/\/radioljubuski.ba\/wp-content\/uploads\/2022\/03\/2-2022-03-25-11-20-37-1648202703-vitalij-klicko-750x384-1.png","type":"image\/png"}],"author":"Radio Ljubu\u0161ki","twitter_card":"summary_large_image","twitter_creator":"@radioljubuski","twitter_site":"@radioljubuski","twitter_misc":{"Napisao\/la":"Radio Ljubu\u0161ki","Procijenjeno vrijeme \u010ditanja":"3 minute"},"schema":{"@context":"https:\/\/schema.org","@graph":[{"@type":"Article","@id":"https:\/\/radioljubuski.ba\/index.php\/2022\/03\/25\/klicko-za-n1-nikada-necemo-pokleknuti-ne-zelimo-zivjeti-pod-diktaturom\/#article","isPartOf":{"@id":"https:\/\/radioljubuski.ba\/index.php\/2022\/03\/25\/klicko-za-n1-nikada-necemo-pokleknuti-ne-zelimo-zivjeti-pod-diktaturom\/"},"author":{"name":"Radio Ljubu\u0161ki","@id":"https:\/\/radioljubuski.ba\/#\/schema\/person\/19fc700381a780f69665d7956c469e3b"},"headline":"Kli\u010dko za N1: Nikada ne\u0107emo pokleknuti, ne \u017eelimo \u017eivjeti pod diktaturom","datePublished":"2022-03-25T13:56:58+00:00","mainEntityOfPage":{"@id":"https:\/\/radioljubuski.ba\/index.php\/2022\/03\/25\/klicko-za-n1-nikada-necemo-pokleknuti-ne-zelimo-zivjeti-pod-diktaturom\/"},"wordCount":519,"publisher":{"@id":"https:\/\/radioljubuski.ba\/#organization"},"image":{"@id":"https:\/\/radioljubuski.ba\/index.php\/2022\/03\/25\/klicko-za-n1-nikada-necemo-pokleknuti-ne-zelimo-zivjeti-pod-diktaturom\/#primaryimage"},"thumbnailUrl":"https:\/\/radioljubuski.ba\/wp-content\/uploads\/2022\/03\/2-2022-03-25-11-20-37-1648202703-vitalij-klicko-750x384-1.png","articleSection":["BIH i regija"],"inLanguage":"hr"},{"@type":"WebPage","@id":"https:\/\/radioljubuski.ba\/index.php\/2022\/03\/25\/klicko-za-n1-nikada-necemo-pokleknuti-ne-zelimo-zivjeti-pod-diktaturom\/","url":"https:\/\/radioljubuski.ba\/index.php\/2022\/03\/25\/klicko-za-n1-nikada-necemo-pokleknuti-ne-zelimo-zivjeti-pod-diktaturom\/","name":"Kli\u010dko za N1: Nikada ne\u0107emo pokleknuti, ne \u017eelimo \u017eivjeti pod diktaturom - RADIO LJUBU\u0160KI","isPartOf":{"@id":"https:\/\/radioljubuski.ba\/#website"},"primaryImageOfPage":{"@id":"https:\/\/radioljubuski.ba\/index.php\/2022\/03\/25\/klicko-za-n1-nikada-necemo-pokleknuti-ne-zelimo-zivjeti-pod-diktaturom\/#primaryimage"},"image":{"@id":"https:\/\/radioljubuski.ba\/index.php\/2022\/03\/25\/klicko-za-n1-nikada-necemo-pokleknuti-ne-zelimo-zivjeti-pod-diktaturom\/#primaryimage"},"thumbnailUrl":"https:\/\/radioljubuski.ba\/wp-content\/uploads\/2022\/03\/2-2022-03-25-11-20-37-1648202703-vitalij-klicko-750x384-1.png","datePublished":"2022-03-25T13:56:58+00:00","breadcrumb":{"@id":"https:\/\/radioljubuski.ba\/index.php\/2022\/03\/25\/klicko-za-n1-nikada-necemo-pokleknuti-ne-zelimo-zivjeti-pod-diktaturom\/#breadcrumb"},"inLanguage":"hr","potentialAction":[{"@type":"ReadAction","target":["https:\/\/radioljubuski.ba\/index.php\/2022\/03\/25\/klicko-za-n1-nikada-necemo-pokleknuti-ne-zelimo-zivjeti-pod-diktaturom\/"]}]},{"@type":"ImageObject","inLanguage":"hr","@id":"https:\/\/radioljubuski.ba\/index.php\/2022\/03\/25\/klicko-za-n1-nikada-necemo-pokleknuti-ne-zelimo-zivjeti-pod-diktaturom\/#primaryimage","url":"https:\/\/radioljubuski.ba\/wp-content\/uploads\/2022\/03\/2-2022-03-25-11-20-37-1648202703-vitalij-klicko-750x384-1.png","contentUrl":"https:\/\/radioljubuski.ba\/wp-content\/uploads\/2022\/03\/2-2022-03-25-11-20-37-1648202703-vitalij-klicko-750x384-1.png","width":1000,"height":625},{"@type":"BreadcrumbList","@id":"https:\/\/radioljubuski.ba\/index.php\/2022\/03\/25\/klicko-za-n1-nikada-necemo-pokleknuti-ne-zelimo-zivjeti-pod-diktaturom\/#breadcrumb","itemListElement":[{"@type":"ListItem","position":1,"name":"Po\u010detna stranica","item":"https:\/\/radioljubuski.ba\/"},{"@type":"ListItem","position":2,"name":"Kli\u010dko za N1: Nikada ne\u0107emo pokleknuti, ne \u017eelimo \u017eivjeti pod diktaturom"}]},{"@type":"WebSite","@id":"https:\/\/radioljubuski.ba\/#website","url":"https:\/\/radioljubuski.ba\/","name":"Radio Ljubu\u0161ki","description":"Sun\u010dana frekvencija Hercegovine","publisher":{"@id":"https:\/\/radioljubuski.ba\/#organization"},"potentialAction":[{"@type":"SearchAction","target":{"@type":"EntryPoint","urlTemplate":"https:\/\/radioljubuski.ba\/?s={search_term_string}"},"query-input":{"@type":"PropertyValueSpecification","valueRequired":true,"valueName":"search_term_string"}}],"inLanguage":"hr"},{"@type":"Organization","@id":"https:\/\/radioljubuski.ba\/#organization","name":"Radio Ljubu\u0161ki","url":"https:\/\/radioljubuski.ba\/","logo":{"@type":"ImageObject","inLanguage":"hr","@id":"https:\/\/radioljubuski.ba\/#\/schema\/logo\/image\/","url":"https:\/\/radioljubuski.ba\/wp-content\/uploads\/2021\/02\/cropped-Radio_Ljubuski_logo1.jpg","contentUrl":"https:\/\/radioljubuski.ba\/wp-content\/uploads\/2021\/02\/cropped-Radio_Ljubuski_logo1.jpg","width":512,"height":512,"caption":"Radio Ljubu\u0161ki"},"image":{"@id":"https:\/\/radioljubuski.ba\/#\/schema\/logo\/image\/"},"sameAs":["https:\/\/www.facebook.com\/Radiio-Ljubuski-1490835324566332","https:\/\/x.com\/radioljubuski","https:\/\/hr.linkedin.com\/company\/radio-ljubuski","https:\/\/www.youtube.com\/channel\/UCHYaeO_n0Db3tjNGudGpXyw"]},{"@type":"Person","@id":"https:\/\/radioljubuski.ba\/#\/schema\/person\/19fc700381a780f69665d7956c469e3b","name":"Radio Ljubu\u0161ki"}]}},"_links":{"self":[{"href":"https:\/\/radioljubuski.ba\/index.php\/wp-json\/wp\/v2\/posts\/125173","targetHints":{"allow":["GET"]}}],"collection":[{"href":"https:\/\/radioljubuski.ba\/index.php\/wp-json\/wp\/v2\/posts"}],"about":[{"href":"https:\/\/radioljubuski.ba\/index.php\/wp-json\/wp\/v2\/types\/post"}],"author":[{"embeddable":true,"href":"https:\/\/radioljubuski.ba\/index.php\/wp-json\/wp\/v2\/users\/2"}],"replies":[{"embeddable":true,"href":"https:\/\/radioljubuski.ba\/index.php\/wp-json\/wp\/v2\/comments?post=125173"}],"version-history":[{"count":1,"href":"https:\/\/radioljubuski.ba\/index.php\/wp-json\/wp\/v2\/posts\/125173\/revisions"}],"predecessor-version":[{"id":125175,"href":"https:\/\/radioljubuski.ba\/index.php\/wp-json\/wp\/v2\/posts\/125173\/revisions\/125175"}],"wp:featuredmedia":[{"embeddable":true,"href":"https:\/\/radioljubuski.ba\/index.php\/wp-json\/wp\/v2\/media\/125174"}],"wp:attachment":[{"href":"https:\/\/radioljubuski.ba\/index.php\/wp-json\/wp\/v2\/media?parent=125173"}],"wp:term":[{"taxonomy":"category","embeddable":true,"href":"https:\/\/radioljubuski.ba\/index.php\/wp-json\/wp\/v2\/categories?post=125173"},{"taxonomy":"post_tag","embeddable":true,"href":"https:\/\/radioljubuski.ba\/index.php\/wp-json\/wp\/v2\/tags?post=125173"}],"curies":[{"name":"wp","href":"https:\/\/api.w.org\/{rel}","templated":true}]}}