{"id":125176,"date":"2022-03-25T14:57:58","date_gmt":"2022-03-25T13:57:58","guid":{"rendered":"https:\/\/radioljubuski.ba\/?p=125176"},"modified":"2022-03-25T14:57:59","modified_gmt":"2022-03-25T13:57:59","slug":"buducnost-europe-je-bez-sela-koja-nestaju","status":"publish","type":"post","link":"https:\/\/radioljubuski.ba\/index.php\/2022\/03\/25\/buducnost-europe-je-bez-sela-koja-nestaju\/","title":{"rendered":"\u201cBudu\u0107nost Europe\u201d je bez sela koja nestaju"},"content":{"rendered":"\n<p>Politi\u010dari uvjeravaju stanovnike Europske unije kako ih Konferencijom o budu\u0107nosti Europe \u017eele uklju\u010diti u dono\u0161enje odluka, no ne mare za one koji \u017eive u ruralnim krajevima.<\/p>\n\n\n\n<p>Europska komisija, Europski parlament i Vije\u0107e EU-a pozvali su 800 navodno nasumce odabranih gra\u0111ana da u Strasbourgu raspravljaju o raznim temama obe\u0107av\u0161i im da \u0107e njihove prijedloge uklju\u010diti u europske politike nakon lipnja.<\/p>\n\n\n\n<p>Iz \u0160panjolske su pozvali 51 gra\u0111anina od \u010dega \u010dak 21 iz glavnog grada Madrida. Ostali su tako\u0111er iz najve\u0107ih gradova poput Barcelone i Zaragoze.<\/p>\n\n\n\n<p>\u201cDo\u0111emo u Strasbourg gdje pri\u010daju o 5G komunikacijskoj mre\u017ei, a u mom selu nemamo ni 1G mre\u017eu. Jedva im se mogu javiti odavde\u201d, ka\u017ee Jes\u00fas Teruel u selu Puente de Genave na jugu \u0160panjolske. \u201cKada sam upitao ondje politi\u010dare kako mo\u017eemo pri\u010dati o 5G mre\u017ei kada ne postoji ni autobus do mog sela, nisu ni\u0161ta odgovorili\u201d, ka\u017ee za Hinu.<\/p>\n\n\n\n<p>U Puente de Genave \u017eivi 1.000 stanovnika, a 57-godi\u0161nji Jes\u00fas je jedan od mla\u0111ih. Svaki dan putuje automobilom u obli\u017enji grad Ja\u00e9n kako bi u lokalnoj \u0161koli kuhao djeci jer u njegovom selu gotovo da vi\u0161e i nema djece.<\/p>\n\n\n\n<p>\u201cKoristim lokalne namirnice kako bi se djeca hranila zdravo\u201d, ka\u017ee. \u201cUvjeravam vas da je okus hrane ovdje druga\u010diji od one u Strasbourgu\u201d, dodaje ponosno u tom selu okru\u017eenom nasadima maslina.<\/p>\n\n\n\n<p>Jes\u00fas \u0107e danas oti\u0107i iz Ja\u00e9na brzim vlakom u Madrid, od kuda \u0107e poletjeti prema Strasbourgu, kako bi u Europskom parlamentu sudjelovao u novoj raspravi s drugim gra\u0111anima i politi\u010darima.<\/p>\n\n\n\n<p>\u201cMalo sam nervozan jer nisam navikao govoriti u javnosti. Uz to pri\u010dam samo \u0161panjolski pa se ne osje\u0107am ugodno\u201d, priznaje.<\/p>\n\n\n\n<p>No taj Andalu\u017eanin ustrajan je u namjeri da ovaj vikend uka\u017ee dobropla\u0107enim europskim birokratima \u0161to doista mu\u010di stotine tisu\u0107a ljudi poput njega. Kao jedan od predstavnika svoje grupe govorit \u0107e na temu zdravlja, klimatskih promjena i okoli\u0161a.<\/p>\n\n\n\n<p>U uredu Europskog parlamenta u Madridu ne \u017eele re\u0107i za\u0161to su izabrali gotovo sve gra\u0111ane iz velikih gradova te za\u0161to se radi o mahom visokoobrazovanim ljudima, koji govore strane jezike te imaju me\u0111unarodnog iskustva.<\/p>\n\n\n\n<p>Glasnogovornik Dami\u00e1n Casta\u00f1o odbio je odgovoriti na upit.<\/p>\n\n\n\n<p>\u201cLokalni ured Europskog parlamenta u Madridu zapo\u0161ljava ljude koji ne razumiju svakodnevne probleme obi\u010dnih ljudi\u201d, ka\u017ee izvor iz tamo\u0161njeg ureda pod uvjetom anonimnosti. \u201cUzimaju dobrostoje\u0107e ljude, koji su studirali i \u017eivjeli u drugim dr\u017eavama EU-a te koji su isklju\u010divo zagovornici EU-a\u201d, dodaje.<\/p>\n\n\n\n<p>U \u0161panjolskoj novinskoj agenciji EFE, koja je primila od Europskog parlamenta novac za izvje\u0161tavanje o Konferenciji o budu\u0107nosti Europe, ka\u017eu kako je selekcija sudionika iz \u0160panjolske lo\u0161e provedena.<\/p>\n\n\n\n<p>\u201cNeprihvatljivo je da je toliko sudionika iz Madrida\u201d, napominje izvor iz te agencije sa sjedi\u0161tem u Madridu zamoliv\u0161i za anonimnost zbog novca koji je primljen od Europskog parlamenta.<\/p>\n\n\n\n<p>\u0160panjolska ima 47 milijuna stanovnika a u samom Madridu ih \u017eivi 3,2 milijuna.<\/p>\n\n\n\n<p>Zapadna pokrajina Extremadura, koja se nalazi uz granicu s Portugalom, poljoprivredni je kraj iz kojeg desetlje\u0107ima odlaze siroma\u0161ni ljudi u potrazi za poslom. No odande nitko ne dolazi raspravljati o budu\u0107nosti Europe. Iz sjeverne Castille-Le\u00f3n, gdje su napu\u0161tena sela bila glavna tema pro\u0161lomjese\u010dnih regionalnih izbora, tako\u0111er nitko ne sudjeluje.<\/p>\n\n\n\n<p>\u201cPoliti\u010dari su nas odavno napustili\u201d, ka\u017ee konobar u tamo\u0161njem selu Pajares de la Lamperana gdje \u017eivi 240 stanovnika. \u201cGledaju samo kako da njima bude dobro i kako postaviti svoje ljude na va\u017ena mjesta\u201d, dodaje.<\/p>\n\n\n\n<p>Pro\u0161li vikend je do\u0161lo izme\u0111u 150.000 i 400.000 poljoprivrednika na prosvjed u Madrid. Okupili su se pod parolom \u201cRuralni svijet se budi\u201d.<\/p>\n\n\n\n<p>\u201cNa konferenciji u Strasburgu nisam na\u017ealost sreo nikoga iz ruralnih krajeva\u201d, ka\u017ee Jes\u00fas Teruel.<\/p>\n\n\n\n<p>Sudionici iz Hrvatske su studenti i umirovljenici. Nema nikoga iz Slavonije, Like i dalmatinske zagore od kuda deseci tisu\u0107a emigriraju u inozemstvo.<\/p>\n\n\n\n<p>\u201cIz Ma\u0111arske sudjeluju uglavnom liberalni gra\u0111ani iz Budimpe\u0161te koji ne predstavljaju stvarnu sliku Ma\u0111arske\u201d, ka\u017ee ma\u0111arska novinarka Dora koja izvje\u0161tava o Konferenciji o budu\u0107nosti Europe. U Italiji su, pak, prezastupljeni gra\u0111ani iz Cosenze, dodaju talijanski novinari.<\/p>\n\n\n\n<p>J\u00e9sus Teruel nije siguran ho\u0107e li prijedlozi sudionika uop\u0107e zavr\u0161iti jednog dana u politikama Europske komisije, izvr\u0161nog tijela EU-a.<\/p>\n\n\n\n<p>\u201cTo ne ovisi o nama premda se ondje trudimo\u201d, ka\u017ee. \u201cAli dok god budem ondje ukazivat \u0107u na istinske probleme koji mu\u010de ljude, napose nas sa sela\u201d.<\/p>\n\n\n\n<p>Izvor:pogled.ba<\/p>\n","protected":false},"excerpt":{"rendered":"<p>Politi\u010dari uvjeravaju stanovnike Europske unije kako ih Konferencijom o budu\u0107nosti Europe \u017eele uklju\u010diti u dono\u0161enje odluka, no ne mare za one koji \u017eive u ruralnim krajevima. Europska komisija, Europski parlament i Vije\u0107e EU-a pozvali su 800 navodno nasumce odabranih gra\u0111ana da u Strasbourgu raspravljaju o raznim temama obe\u0107av\u0161i im da \u0107e njihove prijedloge uklju\u010diti u [&hellip;]<\/p>\n","protected":false},"author":2,"featured_media":125177,"comment_status":"closed","ping_status":"closed","sticky":false,"template":"","format":"standard","meta":{"h5ap_radio_sources":[],"footnotes":""},"categories":[1],"tags":[],"class_list":["post-125176","post","type-post","status-publish","format-standard","has-post-thumbnail","hentry","category-bihiregija"],"yoast_head":"<!-- This site is optimized with the Yoast SEO plugin v27.4 - https:\/\/yoast.com\/product\/yoast-seo-wordpress\/ -->\n<title>\u201cBudu\u0107nost Europe\u201d je bez sela koja nestaju - RADIO LJUBU\u0160KI<\/title>\n<meta name=\"robots\" content=\"index, follow, max-snippet:-1, max-image-preview:large, max-video-preview:-1\" \/>\n<link rel=\"canonical\" href=\"https:\/\/radioljubuski.ba\/index.php\/2022\/03\/25\/buducnost-europe-je-bez-sela-koja-nestaju\/\" \/>\n<meta property=\"og:locale\" content=\"hr_HR\" \/>\n<meta property=\"og:type\" content=\"article\" \/>\n<meta property=\"og:title\" content=\"\u201cBudu\u0107nost Europe\u201d je bez sela koja nestaju - RADIO LJUBU\u0160KI\" \/>\n<meta property=\"og:description\" content=\"Politi\u010dari uvjeravaju stanovnike Europske unije kako ih Konferencijom o budu\u0107nosti Europe \u017eele uklju\u010diti u dono\u0161enje odluka, no ne mare za one koji \u017eive u ruralnim krajevima. Europska komisija, Europski parlament i Vije\u0107e EU-a pozvali su 800 navodno nasumce odabranih gra\u0111ana da u Strasbourgu raspravljaju o raznim temama obe\u0107av\u0161i im da \u0107e njihove prijedloge uklju\u010diti u [&hellip;]\" \/>\n<meta property=\"og:url\" content=\"https:\/\/radioljubuski.ba\/index.php\/2022\/03\/25\/buducnost-europe-je-bez-sela-koja-nestaju\/\" \/>\n<meta property=\"og:site_name\" content=\"RADIO LJUBU\u0160KI\" \/>\n<meta property=\"article:publisher\" content=\"https:\/\/www.facebook.com\/Radiio-Ljubuski-1490835324566332\" \/>\n<meta property=\"article:published_time\" content=\"2022-03-25T13:57:58+00:00\" \/>\n<meta property=\"article:modified_time\" content=\"2022-03-25T13:57:59+00:00\" \/>\n<meta property=\"og:image\" content=\"https:\/\/radioljubuski.ba\/wp-content\/uploads\/2022\/03\/2-2022-03-25-11-25-34-1648201170-field-gd18a835fc_1920-750x422-1.jpg\" \/>\n\t<meta property=\"og:image:width\" content=\"1000\" \/>\n\t<meta property=\"og:image:height\" content=\"625\" \/>\n\t<meta property=\"og:image:type\" content=\"image\/jpeg\" \/>\n<meta name=\"author\" content=\"Radio Ljubu\u0161ki\" \/>\n<meta name=\"twitter:card\" content=\"summary_large_image\" \/>\n<meta name=\"twitter:creator\" content=\"@radioljubuski\" \/>\n<meta name=\"twitter:site\" content=\"@radioljubuski\" \/>\n<meta name=\"twitter:label1\" content=\"Napisao\/la\" \/>\n\t<meta name=\"twitter:data1\" content=\"Radio Ljubu\u0161ki\" \/>\n\t<meta name=\"twitter:label2\" content=\"Procijenjeno vrijeme \u010ditanja\" \/>\n\t<meta name=\"twitter:data2\" content=\"3 minute\" \/>\n<script type=\"application\/ld+json\" class=\"yoast-schema-graph\">{\"@context\":\"https:\\\/\\\/schema.org\",\"@graph\":[{\"@type\":\"Article\",\"@id\":\"https:\\\/\\\/radioljubuski.ba\\\/index.php\\\/2022\\\/03\\\/25\\\/buducnost-europe-je-bez-sela-koja-nestaju\\\/#article\",\"isPartOf\":{\"@id\":\"https:\\\/\\\/radioljubuski.ba\\\/index.php\\\/2022\\\/03\\\/25\\\/buducnost-europe-je-bez-sela-koja-nestaju\\\/\"},\"author\":{\"name\":\"Radio Ljubu\u0161ki\",\"@id\":\"https:\\\/\\\/radioljubuski.ba\\\/#\\\/schema\\\/person\\\/19fc700381a780f69665d7956c469e3b\"},\"headline\":\"\u201cBudu\u0107nost Europe\u201d je bez sela koja nestaju\",\"datePublished\":\"2022-03-25T13:57:58+00:00\",\"dateModified\":\"2022-03-25T13:57:59+00:00\",\"mainEntityOfPage\":{\"@id\":\"https:\\\/\\\/radioljubuski.ba\\\/index.php\\\/2022\\\/03\\\/25\\\/buducnost-europe-je-bez-sela-koja-nestaju\\\/\"},\"wordCount\":777,\"publisher\":{\"@id\":\"https:\\\/\\\/radioljubuski.ba\\\/#organization\"},\"image\":{\"@id\":\"https:\\\/\\\/radioljubuski.ba\\\/index.php\\\/2022\\\/03\\\/25\\\/buducnost-europe-je-bez-sela-koja-nestaju\\\/#primaryimage\"},\"thumbnailUrl\":\"https:\\\/\\\/radioljubuski.ba\\\/wp-content\\\/uploads\\\/2022\\\/03\\\/2-2022-03-25-11-25-34-1648201170-field-gd18a835fc_1920-750x422-1.jpg\",\"articleSection\":[\"BIH i regija\"],\"inLanguage\":\"hr\"},{\"@type\":\"WebPage\",\"@id\":\"https:\\\/\\\/radioljubuski.ba\\\/index.php\\\/2022\\\/03\\\/25\\\/buducnost-europe-je-bez-sela-koja-nestaju\\\/\",\"url\":\"https:\\\/\\\/radioljubuski.ba\\\/index.php\\\/2022\\\/03\\\/25\\\/buducnost-europe-je-bez-sela-koja-nestaju\\\/\",\"name\":\"\u201cBudu\u0107nost Europe\u201d je bez sela koja nestaju - RADIO LJUBU\u0160KI\",\"isPartOf\":{\"@id\":\"https:\\\/\\\/radioljubuski.ba\\\/#website\"},\"primaryImageOfPage\":{\"@id\":\"https:\\\/\\\/radioljubuski.ba\\\/index.php\\\/2022\\\/03\\\/25\\\/buducnost-europe-je-bez-sela-koja-nestaju\\\/#primaryimage\"},\"image\":{\"@id\":\"https:\\\/\\\/radioljubuski.ba\\\/index.php\\\/2022\\\/03\\\/25\\\/buducnost-europe-je-bez-sela-koja-nestaju\\\/#primaryimage\"},\"thumbnailUrl\":\"https:\\\/\\\/radioljubuski.ba\\\/wp-content\\\/uploads\\\/2022\\\/03\\\/2-2022-03-25-11-25-34-1648201170-field-gd18a835fc_1920-750x422-1.jpg\",\"datePublished\":\"2022-03-25T13:57:58+00:00\",\"dateModified\":\"2022-03-25T13:57:59+00:00\",\"breadcrumb\":{\"@id\":\"https:\\\/\\\/radioljubuski.ba\\\/index.php\\\/2022\\\/03\\\/25\\\/buducnost-europe-je-bez-sela-koja-nestaju\\\/#breadcrumb\"},\"inLanguage\":\"hr\",\"potentialAction\":[{\"@type\":\"ReadAction\",\"target\":[\"https:\\\/\\\/radioljubuski.ba\\\/index.php\\\/2022\\\/03\\\/25\\\/buducnost-europe-je-bez-sela-koja-nestaju\\\/\"]}]},{\"@type\":\"ImageObject\",\"inLanguage\":\"hr\",\"@id\":\"https:\\\/\\\/radioljubuski.ba\\\/index.php\\\/2022\\\/03\\\/25\\\/buducnost-europe-je-bez-sela-koja-nestaju\\\/#primaryimage\",\"url\":\"https:\\\/\\\/radioljubuski.ba\\\/wp-content\\\/uploads\\\/2022\\\/03\\\/2-2022-03-25-11-25-34-1648201170-field-gd18a835fc_1920-750x422-1.jpg\",\"contentUrl\":\"https:\\\/\\\/radioljubuski.ba\\\/wp-content\\\/uploads\\\/2022\\\/03\\\/2-2022-03-25-11-25-34-1648201170-field-gd18a835fc_1920-750x422-1.jpg\",\"width\":1000,\"height\":625},{\"@type\":\"BreadcrumbList\",\"@id\":\"https:\\\/\\\/radioljubuski.ba\\\/index.php\\\/2022\\\/03\\\/25\\\/buducnost-europe-je-bez-sela-koja-nestaju\\\/#breadcrumb\",\"itemListElement\":[{\"@type\":\"ListItem\",\"position\":1,\"name\":\"Po\u010detna stranica\",\"item\":\"https:\\\/\\\/radioljubuski.ba\\\/\"},{\"@type\":\"ListItem\",\"position\":2,\"name\":\"\u201cBudu\u0107nost Europe\u201d je bez sela koja nestaju\"}]},{\"@type\":\"WebSite\",\"@id\":\"https:\\\/\\\/radioljubuski.ba\\\/#website\",\"url\":\"https:\\\/\\\/radioljubuski.ba\\\/\",\"name\":\"Radio Ljubu\u0161ki\",\"description\":\"Sun\u010dana frekvencija Hercegovine\",\"publisher\":{\"@id\":\"https:\\\/\\\/radioljubuski.ba\\\/#organization\"},\"potentialAction\":[{\"@type\":\"SearchAction\",\"target\":{\"@type\":\"EntryPoint\",\"urlTemplate\":\"https:\\\/\\\/radioljubuski.ba\\\/?s={search_term_string}\"},\"query-input\":{\"@type\":\"PropertyValueSpecification\",\"valueRequired\":true,\"valueName\":\"search_term_string\"}}],\"inLanguage\":\"hr\"},{\"@type\":\"Organization\",\"@id\":\"https:\\\/\\\/radioljubuski.ba\\\/#organization\",\"name\":\"Radio Ljubu\u0161ki\",\"url\":\"https:\\\/\\\/radioljubuski.ba\\\/\",\"logo\":{\"@type\":\"ImageObject\",\"inLanguage\":\"hr\",\"@id\":\"https:\\\/\\\/radioljubuski.ba\\\/#\\\/schema\\\/logo\\\/image\\\/\",\"url\":\"https:\\\/\\\/radioljubuski.ba\\\/wp-content\\\/uploads\\\/2021\\\/02\\\/cropped-Radio_Ljubuski_logo1.jpg\",\"contentUrl\":\"https:\\\/\\\/radioljubuski.ba\\\/wp-content\\\/uploads\\\/2021\\\/02\\\/cropped-Radio_Ljubuski_logo1.jpg\",\"width\":512,\"height\":512,\"caption\":\"Radio Ljubu\u0161ki\"},\"image\":{\"@id\":\"https:\\\/\\\/radioljubuski.ba\\\/#\\\/schema\\\/logo\\\/image\\\/\"},\"sameAs\":[\"https:\\\/\\\/www.facebook.com\\\/Radiio-Ljubuski-1490835324566332\",\"https:\\\/\\\/x.com\\\/radioljubuski\",\"https:\\\/\\\/hr.linkedin.com\\\/company\\\/radio-ljubuski\",\"https:\\\/\\\/www.youtube.com\\\/channel\\\/UCHYaeO_n0Db3tjNGudGpXyw\"]},{\"@type\":\"Person\",\"@id\":\"https:\\\/\\\/radioljubuski.ba\\\/#\\\/schema\\\/person\\\/19fc700381a780f69665d7956c469e3b\",\"name\":\"Radio Ljubu\u0161ki\"}]}<\/script>\n<!-- \/ Yoast SEO plugin. -->","yoast_head_json":{"title":"\u201cBudu\u0107nost Europe\u201d je bez sela koja nestaju - RADIO LJUBU\u0160KI","robots":{"index":"index","follow":"follow","max-snippet":"max-snippet:-1","max-image-preview":"max-image-preview:large","max-video-preview":"max-video-preview:-1"},"canonical":"https:\/\/radioljubuski.ba\/index.php\/2022\/03\/25\/buducnost-europe-je-bez-sela-koja-nestaju\/","og_locale":"hr_HR","og_type":"article","og_title":"\u201cBudu\u0107nost Europe\u201d je bez sela koja nestaju - RADIO LJUBU\u0160KI","og_description":"Politi\u010dari uvjeravaju stanovnike Europske unije kako ih Konferencijom o budu\u0107nosti Europe \u017eele uklju\u010diti u dono\u0161enje odluka, no ne mare za one koji \u017eive u ruralnim krajevima. Europska komisija, Europski parlament i Vije\u0107e EU-a pozvali su 800 navodno nasumce odabranih gra\u0111ana da u Strasbourgu raspravljaju o raznim temama obe\u0107av\u0161i im da \u0107e njihove prijedloge uklju\u010diti u [&hellip;]","og_url":"https:\/\/radioljubuski.ba\/index.php\/2022\/03\/25\/buducnost-europe-je-bez-sela-koja-nestaju\/","og_site_name":"RADIO LJUBU\u0160KI","article_publisher":"https:\/\/www.facebook.com\/Radiio-Ljubuski-1490835324566332","article_published_time":"2022-03-25T13:57:58+00:00","article_modified_time":"2022-03-25T13:57:59+00:00","og_image":[{"width":1000,"height":625,"url":"https:\/\/radioljubuski.ba\/wp-content\/uploads\/2022\/03\/2-2022-03-25-11-25-34-1648201170-field-gd18a835fc_1920-750x422-1.jpg","type":"image\/jpeg"}],"author":"Radio Ljubu\u0161ki","twitter_card":"summary_large_image","twitter_creator":"@radioljubuski","twitter_site":"@radioljubuski","twitter_misc":{"Napisao\/la":"Radio Ljubu\u0161ki","Procijenjeno vrijeme \u010ditanja":"3 minute"},"schema":{"@context":"https:\/\/schema.org","@graph":[{"@type":"Article","@id":"https:\/\/radioljubuski.ba\/index.php\/2022\/03\/25\/buducnost-europe-je-bez-sela-koja-nestaju\/#article","isPartOf":{"@id":"https:\/\/radioljubuski.ba\/index.php\/2022\/03\/25\/buducnost-europe-je-bez-sela-koja-nestaju\/"},"author":{"name":"Radio Ljubu\u0161ki","@id":"https:\/\/radioljubuski.ba\/#\/schema\/person\/19fc700381a780f69665d7956c469e3b"},"headline":"\u201cBudu\u0107nost Europe\u201d je bez sela koja nestaju","datePublished":"2022-03-25T13:57:58+00:00","dateModified":"2022-03-25T13:57:59+00:00","mainEntityOfPage":{"@id":"https:\/\/radioljubuski.ba\/index.php\/2022\/03\/25\/buducnost-europe-je-bez-sela-koja-nestaju\/"},"wordCount":777,"publisher":{"@id":"https:\/\/radioljubuski.ba\/#organization"},"image":{"@id":"https:\/\/radioljubuski.ba\/index.php\/2022\/03\/25\/buducnost-europe-je-bez-sela-koja-nestaju\/#primaryimage"},"thumbnailUrl":"https:\/\/radioljubuski.ba\/wp-content\/uploads\/2022\/03\/2-2022-03-25-11-25-34-1648201170-field-gd18a835fc_1920-750x422-1.jpg","articleSection":["BIH i regija"],"inLanguage":"hr"},{"@type":"WebPage","@id":"https:\/\/radioljubuski.ba\/index.php\/2022\/03\/25\/buducnost-europe-je-bez-sela-koja-nestaju\/","url":"https:\/\/radioljubuski.ba\/index.php\/2022\/03\/25\/buducnost-europe-je-bez-sela-koja-nestaju\/","name":"\u201cBudu\u0107nost Europe\u201d je bez sela koja nestaju - RADIO LJUBU\u0160KI","isPartOf":{"@id":"https:\/\/radioljubuski.ba\/#website"},"primaryImageOfPage":{"@id":"https:\/\/radioljubuski.ba\/index.php\/2022\/03\/25\/buducnost-europe-je-bez-sela-koja-nestaju\/#primaryimage"},"image":{"@id":"https:\/\/radioljubuski.ba\/index.php\/2022\/03\/25\/buducnost-europe-je-bez-sela-koja-nestaju\/#primaryimage"},"thumbnailUrl":"https:\/\/radioljubuski.ba\/wp-content\/uploads\/2022\/03\/2-2022-03-25-11-25-34-1648201170-field-gd18a835fc_1920-750x422-1.jpg","datePublished":"2022-03-25T13:57:58+00:00","dateModified":"2022-03-25T13:57:59+00:00","breadcrumb":{"@id":"https:\/\/radioljubuski.ba\/index.php\/2022\/03\/25\/buducnost-europe-je-bez-sela-koja-nestaju\/#breadcrumb"},"inLanguage":"hr","potentialAction":[{"@type":"ReadAction","target":["https:\/\/radioljubuski.ba\/index.php\/2022\/03\/25\/buducnost-europe-je-bez-sela-koja-nestaju\/"]}]},{"@type":"ImageObject","inLanguage":"hr","@id":"https:\/\/radioljubuski.ba\/index.php\/2022\/03\/25\/buducnost-europe-je-bez-sela-koja-nestaju\/#primaryimage","url":"https:\/\/radioljubuski.ba\/wp-content\/uploads\/2022\/03\/2-2022-03-25-11-25-34-1648201170-field-gd18a835fc_1920-750x422-1.jpg","contentUrl":"https:\/\/radioljubuski.ba\/wp-content\/uploads\/2022\/03\/2-2022-03-25-11-25-34-1648201170-field-gd18a835fc_1920-750x422-1.jpg","width":1000,"height":625},{"@type":"BreadcrumbList","@id":"https:\/\/radioljubuski.ba\/index.php\/2022\/03\/25\/buducnost-europe-je-bez-sela-koja-nestaju\/#breadcrumb","itemListElement":[{"@type":"ListItem","position":1,"name":"Po\u010detna stranica","item":"https:\/\/radioljubuski.ba\/"},{"@type":"ListItem","position":2,"name":"\u201cBudu\u0107nost Europe\u201d je bez sela koja nestaju"}]},{"@type":"WebSite","@id":"https:\/\/radioljubuski.ba\/#website","url":"https:\/\/radioljubuski.ba\/","name":"Radio Ljubu\u0161ki","description":"Sun\u010dana frekvencija Hercegovine","publisher":{"@id":"https:\/\/radioljubuski.ba\/#organization"},"potentialAction":[{"@type":"SearchAction","target":{"@type":"EntryPoint","urlTemplate":"https:\/\/radioljubuski.ba\/?s={search_term_string}"},"query-input":{"@type":"PropertyValueSpecification","valueRequired":true,"valueName":"search_term_string"}}],"inLanguage":"hr"},{"@type":"Organization","@id":"https:\/\/radioljubuski.ba\/#organization","name":"Radio Ljubu\u0161ki","url":"https:\/\/radioljubuski.ba\/","logo":{"@type":"ImageObject","inLanguage":"hr","@id":"https:\/\/radioljubuski.ba\/#\/schema\/logo\/image\/","url":"https:\/\/radioljubuski.ba\/wp-content\/uploads\/2021\/02\/cropped-Radio_Ljubuski_logo1.jpg","contentUrl":"https:\/\/radioljubuski.ba\/wp-content\/uploads\/2021\/02\/cropped-Radio_Ljubuski_logo1.jpg","width":512,"height":512,"caption":"Radio Ljubu\u0161ki"},"image":{"@id":"https:\/\/radioljubuski.ba\/#\/schema\/logo\/image\/"},"sameAs":["https:\/\/www.facebook.com\/Radiio-Ljubuski-1490835324566332","https:\/\/x.com\/radioljubuski","https:\/\/hr.linkedin.com\/company\/radio-ljubuski","https:\/\/www.youtube.com\/channel\/UCHYaeO_n0Db3tjNGudGpXyw"]},{"@type":"Person","@id":"https:\/\/radioljubuski.ba\/#\/schema\/person\/19fc700381a780f69665d7956c469e3b","name":"Radio Ljubu\u0161ki"}]}},"_links":{"self":[{"href":"https:\/\/radioljubuski.ba\/index.php\/wp-json\/wp\/v2\/posts\/125176","targetHints":{"allow":["GET"]}}],"collection":[{"href":"https:\/\/radioljubuski.ba\/index.php\/wp-json\/wp\/v2\/posts"}],"about":[{"href":"https:\/\/radioljubuski.ba\/index.php\/wp-json\/wp\/v2\/types\/post"}],"author":[{"embeddable":true,"href":"https:\/\/radioljubuski.ba\/index.php\/wp-json\/wp\/v2\/users\/2"}],"replies":[{"embeddable":true,"href":"https:\/\/radioljubuski.ba\/index.php\/wp-json\/wp\/v2\/comments?post=125176"}],"version-history":[{"count":1,"href":"https:\/\/radioljubuski.ba\/index.php\/wp-json\/wp\/v2\/posts\/125176\/revisions"}],"predecessor-version":[{"id":125178,"href":"https:\/\/radioljubuski.ba\/index.php\/wp-json\/wp\/v2\/posts\/125176\/revisions\/125178"}],"wp:featuredmedia":[{"embeddable":true,"href":"https:\/\/radioljubuski.ba\/index.php\/wp-json\/wp\/v2\/media\/125177"}],"wp:attachment":[{"href":"https:\/\/radioljubuski.ba\/index.php\/wp-json\/wp\/v2\/media?parent=125176"}],"wp:term":[{"taxonomy":"category","embeddable":true,"href":"https:\/\/radioljubuski.ba\/index.php\/wp-json\/wp\/v2\/categories?post=125176"},{"taxonomy":"post_tag","embeddable":true,"href":"https:\/\/radioljubuski.ba\/index.php\/wp-json\/wp\/v2\/tags?post=125176"}],"curies":[{"name":"wp","href":"https:\/\/api.w.org\/{rel}","templated":true}]}}