{"id":125195,"date":"2022-03-25T18:35:45","date_gmt":"2022-03-25T17:35:45","guid":{"rendered":"https:\/\/radioljubuski.ba\/?p=125195"},"modified":"2022-03-25T18:35:48","modified_gmt":"2022-03-25T17:35:48","slug":"promasio-kljucni-penal-za-tursku-pa-odlucio-otici-u-mirovinu","status":"publish","type":"post","link":"https:\/\/radioljubuski.ba\/index.php\/2022\/03\/25\/promasio-kljucni-penal-za-tursku-pa-odlucio-otici-u-mirovinu\/","title":{"rendered":"Proma\u0161io klju\u010dni penal za Tursku, pa odlu\u010dio oti\u0107i u mirovinu"},"content":{"rendered":"\n<p><strong>Turska reprezentacija ju\u010der je upisala poraz protiv Portugala u utakmici koja je odlu\u010divala tko \u0107e u finale doigravanja za Svjetsko prvenstvo u Kataru krajem ove godine.&nbsp;<\/strong><\/p>\n\n\n\n<p>Turci su izgubili 3:1, ali rezultat je mogao biti potpuno druga\u010diji da je u 85. minuti&nbsp;<strong>Burak&nbsp;Yilmaz&nbsp;<\/strong>uspio realizirati kazneni udarac pri rezultatu 2:1 za Portugal. Na\u017ealost, Tur\u010din je poslao loptu iznad pre\u010dke te prokockao zadnju \u0161ansu svoje mom\u010dadi.&nbsp;<\/p>\n\n\n\n<p>Ovaj proma\u0161aj Yilmazu je te\u0161ko pao, Tur\u010dinu je ovo najte\u017ei trenutak u reprezentativnoj karijeri koju je zapo\u010deo jo\u0161 2006. godine:&nbsp;<\/p>\n\n\n\n<p>&#8211; Rekao sam sebi da je to siguran gol kada smo dobili penal. Po\u010deo sam razmi\u0161ljati o budu\u0107nosti. Razo\u010daran sam, \u017eao mi je. Sanjat \u0107u ovaj penal svake no\u0107i do kraja \u017eivota, rekao je emotivni napada\u010d francuskog Lillea.<\/p>\n\n\n\n<blockquote class=\"twitter-tweet\"><p lang=\"en\" dir=\"ltr\">Yilmaz misses from the spot, what a let off for Portugal! \ud83d\ude31 <a href=\"https:\/\/t.co\/nnqyqUEoIP\">pic.twitter.com\/nnqyqUEoIP<\/a><\/p>&mdash; ESPN FC (@ESPNFC) <a href=\"https:\/\/twitter.com\/ESPNFC\/status\/1507107621832204296?ref_src=twsrc%5Etfw\">March 24, 2022<\/a><\/blockquote> <script async src=\"https:\/\/platform.twitter.com\/widgets.js\" charset=\"utf-8\"><\/script>\n\n\n\n<p>Na kraju je objavio i kako odlazi u mirovinu kada su nastupi za reprezentaciju u pitanju:<\/p>\n\n\n\n<p>&#8211; Ne bih \u017eelio odustati nakon ovakve utakmice, ali mislim da nije u redu nastaviti. Hvala mojim trenerima. Moja odluka da prestanem nije emotivna. Ovu odluku donosim logi\u010dno. Vrijeme je za nove generacije, ako ba\u0161 bude potreba onda \u0107u pomo\u0107i. Moja odluka nije rezultat razo\u010daranja, niti zbog proma\u0161enog penala, rekao je Yilmaz.&nbsp;<\/p>\n\n\n\n<p>Skupio je 77 nastupa u nacionalnom dresu i postigao 31 pogodak, \u010dime je postao drugi najbolji strijelac u povijesti Turske, odmah iza legendarnog&nbsp;<strong>Hakana&nbsp;Sukura<\/strong>.<\/p>\n\n\n\n<p>Izvor:hrt.hr<\/p>\n","protected":false},"excerpt":{"rendered":"<p>Turska reprezentacija ju\u010der je upisala poraz protiv Portugala u utakmici koja je odlu\u010divala tko \u0107e u finale doigravanja za Svjetsko prvenstvo u Kataru krajem ove godine.&nbsp; Turci su izgubili 3:1, ali rezultat je mogao biti potpuno druga\u010diji da je u 85. minuti&nbsp;Burak&nbsp;Yilmaz&nbsp;uspio realizirati kazneni udarac pri rezultatu 2:1 za Portugal. Na\u017ealost, Tur\u010din je poslao loptu [&hellip;]<\/p>\n","protected":false},"author":2,"featured_media":0,"comment_status":"closed","ping_status":"closed","sticky":false,"template":"","format":"standard","meta":{"h5ap_radio_sources":[],"footnotes":""},"categories":[7],"tags":[],"class_list":["post-125195","post","type-post","status-publish","format-standard","hentry","category-sport"],"yoast_head":"<!-- This site is optimized with the Yoast SEO plugin v27.4 - https:\/\/yoast.com\/product\/yoast-seo-wordpress\/ -->\n<title>Proma\u0161io klju\u010dni penal za Tursku, pa odlu\u010dio oti\u0107i u mirovinu - RADIO LJUBU\u0160KI<\/title>\n<meta name=\"robots\" content=\"index, follow, max-snippet:-1, max-image-preview:large, max-video-preview:-1\" \/>\n<link rel=\"canonical\" href=\"https:\/\/radioljubuski.ba\/index.php\/2022\/03\/25\/promasio-kljucni-penal-za-tursku-pa-odlucio-otici-u-mirovinu\/\" \/>\n<meta property=\"og:locale\" content=\"hr_HR\" \/>\n<meta property=\"og:type\" content=\"article\" \/>\n<meta property=\"og:title\" content=\"Proma\u0161io klju\u010dni penal za Tursku, pa odlu\u010dio oti\u0107i u mirovinu - RADIO LJUBU\u0160KI\" \/>\n<meta property=\"og:description\" content=\"Turska reprezentacija ju\u010der je upisala poraz protiv Portugala u utakmici koja je odlu\u010divala tko \u0107e u finale doigravanja za Svjetsko prvenstvo u Kataru krajem ove godine.&nbsp; Turci su izgubili 3:1, ali rezultat je mogao biti potpuno druga\u010diji da je u 85. minuti&nbsp;Burak&nbsp;Yilmaz&nbsp;uspio realizirati kazneni udarac pri rezultatu 2:1 za Portugal. Na\u017ealost, Tur\u010din je poslao loptu [&hellip;]\" \/>\n<meta property=\"og:url\" content=\"https:\/\/radioljubuski.ba\/index.php\/2022\/03\/25\/promasio-kljucni-penal-za-tursku-pa-odlucio-otici-u-mirovinu\/\" \/>\n<meta property=\"og:site_name\" content=\"RADIO LJUBU\u0160KI\" \/>\n<meta property=\"article:publisher\" content=\"https:\/\/www.facebook.com\/Radiio-Ljubuski-1490835324566332\" \/>\n<meta property=\"article:published_time\" content=\"2022-03-25T17:35:45+00:00\" \/>\n<meta property=\"article:modified_time\" content=\"2022-03-25T17:35:48+00:00\" \/>\n<meta property=\"og:image\" content=\"https:\/\/radioljubuski.ba\/wp-content\/uploads\/2022\/03\/2022-03-24t215509z-1354317483-up1ei3o1ovwhs-rtrmadp-3-soccer-worldcup-por-tur-report-20220325094500.jpg\" \/>\n\t<meta property=\"og:image:width\" content=\"1240\" \/>\n\t<meta property=\"og:image:height\" content=\"845\" \/>\n\t<meta property=\"og:image:type\" content=\"image\/jpeg\" \/>\n<meta name=\"author\" content=\"Radio Ljubu\u0161ki\" \/>\n<meta name=\"twitter:card\" content=\"summary_large_image\" \/>\n<meta name=\"twitter:creator\" content=\"@radioljubuski\" \/>\n<meta name=\"twitter:site\" content=\"@radioljubuski\" \/>\n<meta name=\"twitter:label1\" content=\"Napisao\/la\" \/>\n\t<meta name=\"twitter:data1\" content=\"Radio Ljubu\u0161ki\" \/>\n\t<meta name=\"twitter:label2\" content=\"Procijenjeno vrijeme \u010ditanja\" \/>\n\t<meta name=\"twitter:data2\" content=\"2 minute\" \/>\n<script type=\"application\/ld+json\" class=\"yoast-schema-graph\">{\"@context\":\"https:\\\/\\\/schema.org\",\"@graph\":[{\"@type\":\"Article\",\"@id\":\"https:\\\/\\\/radioljubuski.ba\\\/index.php\\\/2022\\\/03\\\/25\\\/promasio-kljucni-penal-za-tursku-pa-odlucio-otici-u-mirovinu\\\/#article\",\"isPartOf\":{\"@id\":\"https:\\\/\\\/radioljubuski.ba\\\/index.php\\\/2022\\\/03\\\/25\\\/promasio-kljucni-penal-za-tursku-pa-odlucio-otici-u-mirovinu\\\/\"},\"author\":{\"name\":\"Radio Ljubu\u0161ki\",\"@id\":\"https:\\\/\\\/radioljubuski.ba\\\/#\\\/schema\\\/person\\\/19fc700381a780f69665d7956c469e3b\"},\"headline\":\"Proma\u0161io klju\u010dni penal za Tursku, pa odlu\u010dio oti\u0107i u mirovinu\",\"datePublished\":\"2022-03-25T17:35:45+00:00\",\"dateModified\":\"2022-03-25T17:35:48+00:00\",\"mainEntityOfPage\":{\"@id\":\"https:\\\/\\\/radioljubuski.ba\\\/index.php\\\/2022\\\/03\\\/25\\\/promasio-kljucni-penal-za-tursku-pa-odlucio-otici-u-mirovinu\\\/\"},\"wordCount\":278,\"publisher\":{\"@id\":\"https:\\\/\\\/radioljubuski.ba\\\/#organization\"},\"articleSection\":[\"\u0160port\"],\"inLanguage\":\"hr\"},{\"@type\":\"WebPage\",\"@id\":\"https:\\\/\\\/radioljubuski.ba\\\/index.php\\\/2022\\\/03\\\/25\\\/promasio-kljucni-penal-za-tursku-pa-odlucio-otici-u-mirovinu\\\/\",\"url\":\"https:\\\/\\\/radioljubuski.ba\\\/index.php\\\/2022\\\/03\\\/25\\\/promasio-kljucni-penal-za-tursku-pa-odlucio-otici-u-mirovinu\\\/\",\"name\":\"Proma\u0161io klju\u010dni penal za Tursku, pa odlu\u010dio oti\u0107i u mirovinu - RADIO LJUBU\u0160KI\",\"isPartOf\":{\"@id\":\"https:\\\/\\\/radioljubuski.ba\\\/#website\"},\"datePublished\":\"2022-03-25T17:35:45+00:00\",\"dateModified\":\"2022-03-25T17:35:48+00:00\",\"breadcrumb\":{\"@id\":\"https:\\\/\\\/radioljubuski.ba\\\/index.php\\\/2022\\\/03\\\/25\\\/promasio-kljucni-penal-za-tursku-pa-odlucio-otici-u-mirovinu\\\/#breadcrumb\"},\"inLanguage\":\"hr\",\"potentialAction\":[{\"@type\":\"ReadAction\",\"target\":[\"https:\\\/\\\/radioljubuski.ba\\\/index.php\\\/2022\\\/03\\\/25\\\/promasio-kljucni-penal-za-tursku-pa-odlucio-otici-u-mirovinu\\\/\"]}]},{\"@type\":\"BreadcrumbList\",\"@id\":\"https:\\\/\\\/radioljubuski.ba\\\/index.php\\\/2022\\\/03\\\/25\\\/promasio-kljucni-penal-za-tursku-pa-odlucio-otici-u-mirovinu\\\/#breadcrumb\",\"itemListElement\":[{\"@type\":\"ListItem\",\"position\":1,\"name\":\"Po\u010detna stranica\",\"item\":\"https:\\\/\\\/radioljubuski.ba\\\/\"},{\"@type\":\"ListItem\",\"position\":2,\"name\":\"Proma\u0161io klju\u010dni penal za Tursku, pa odlu\u010dio oti\u0107i u mirovinu\"}]},{\"@type\":\"WebSite\",\"@id\":\"https:\\\/\\\/radioljubuski.ba\\\/#website\",\"url\":\"https:\\\/\\\/radioljubuski.ba\\\/\",\"name\":\"Radio Ljubu\u0161ki\",\"description\":\"Sun\u010dana frekvencija Hercegovine\",\"publisher\":{\"@id\":\"https:\\\/\\\/radioljubuski.ba\\\/#organization\"},\"potentialAction\":[{\"@type\":\"SearchAction\",\"target\":{\"@type\":\"EntryPoint\",\"urlTemplate\":\"https:\\\/\\\/radioljubuski.ba\\\/?s={search_term_string}\"},\"query-input\":{\"@type\":\"PropertyValueSpecification\",\"valueRequired\":true,\"valueName\":\"search_term_string\"}}],\"inLanguage\":\"hr\"},{\"@type\":\"Organization\",\"@id\":\"https:\\\/\\\/radioljubuski.ba\\\/#organization\",\"name\":\"Radio Ljubu\u0161ki\",\"url\":\"https:\\\/\\\/radioljubuski.ba\\\/\",\"logo\":{\"@type\":\"ImageObject\",\"inLanguage\":\"hr\",\"@id\":\"https:\\\/\\\/radioljubuski.ba\\\/#\\\/schema\\\/logo\\\/image\\\/\",\"url\":\"https:\\\/\\\/radioljubuski.ba\\\/wp-content\\\/uploads\\\/2021\\\/02\\\/cropped-Radio_Ljubuski_logo1.jpg\",\"contentUrl\":\"https:\\\/\\\/radioljubuski.ba\\\/wp-content\\\/uploads\\\/2021\\\/02\\\/cropped-Radio_Ljubuski_logo1.jpg\",\"width\":512,\"height\":512,\"caption\":\"Radio Ljubu\u0161ki\"},\"image\":{\"@id\":\"https:\\\/\\\/radioljubuski.ba\\\/#\\\/schema\\\/logo\\\/image\\\/\"},\"sameAs\":[\"https:\\\/\\\/www.facebook.com\\\/Radiio-Ljubuski-1490835324566332\",\"https:\\\/\\\/x.com\\\/radioljubuski\",\"https:\\\/\\\/hr.linkedin.com\\\/company\\\/radio-ljubuski\",\"https:\\\/\\\/www.youtube.com\\\/channel\\\/UCHYaeO_n0Db3tjNGudGpXyw\"]},{\"@type\":\"Person\",\"@id\":\"https:\\\/\\\/radioljubuski.ba\\\/#\\\/schema\\\/person\\\/19fc700381a780f69665d7956c469e3b\",\"name\":\"Radio Ljubu\u0161ki\"}]}<\/script>\n<!-- \/ Yoast SEO plugin. -->","yoast_head_json":{"title":"Proma\u0161io klju\u010dni penal za Tursku, pa odlu\u010dio oti\u0107i u mirovinu - RADIO LJUBU\u0160KI","robots":{"index":"index","follow":"follow","max-snippet":"max-snippet:-1","max-image-preview":"max-image-preview:large","max-video-preview":"max-video-preview:-1"},"canonical":"https:\/\/radioljubuski.ba\/index.php\/2022\/03\/25\/promasio-kljucni-penal-za-tursku-pa-odlucio-otici-u-mirovinu\/","og_locale":"hr_HR","og_type":"article","og_title":"Proma\u0161io klju\u010dni penal za Tursku, pa odlu\u010dio oti\u0107i u mirovinu - RADIO LJUBU\u0160KI","og_description":"Turska reprezentacija ju\u010der je upisala poraz protiv Portugala u utakmici koja je odlu\u010divala tko \u0107e u finale doigravanja za Svjetsko prvenstvo u Kataru krajem ove godine.&nbsp; Turci su izgubili 3:1, ali rezultat je mogao biti potpuno druga\u010diji da je u 85. minuti&nbsp;Burak&nbsp;Yilmaz&nbsp;uspio realizirati kazneni udarac pri rezultatu 2:1 za Portugal. Na\u017ealost, Tur\u010din je poslao loptu [&hellip;]","og_url":"https:\/\/radioljubuski.ba\/index.php\/2022\/03\/25\/promasio-kljucni-penal-za-tursku-pa-odlucio-otici-u-mirovinu\/","og_site_name":"RADIO LJUBU\u0160KI","article_publisher":"https:\/\/www.facebook.com\/Radiio-Ljubuski-1490835324566332","article_published_time":"2022-03-25T17:35:45+00:00","article_modified_time":"2022-03-25T17:35:48+00:00","og_image":[{"width":1240,"height":845,"url":"https:\/\/radioljubuski.ba\/wp-content\/uploads\/2022\/03\/2022-03-24t215509z-1354317483-up1ei3o1ovwhs-rtrmadp-3-soccer-worldcup-por-tur-report-20220325094500.jpg","type":"image\/jpeg"}],"author":"Radio Ljubu\u0161ki","twitter_card":"summary_large_image","twitter_creator":"@radioljubuski","twitter_site":"@radioljubuski","twitter_misc":{"Napisao\/la":"Radio Ljubu\u0161ki","Procijenjeno vrijeme \u010ditanja":"2 minute"},"schema":{"@context":"https:\/\/schema.org","@graph":[{"@type":"Article","@id":"https:\/\/radioljubuski.ba\/index.php\/2022\/03\/25\/promasio-kljucni-penal-za-tursku-pa-odlucio-otici-u-mirovinu\/#article","isPartOf":{"@id":"https:\/\/radioljubuski.ba\/index.php\/2022\/03\/25\/promasio-kljucni-penal-za-tursku-pa-odlucio-otici-u-mirovinu\/"},"author":{"name":"Radio Ljubu\u0161ki","@id":"https:\/\/radioljubuski.ba\/#\/schema\/person\/19fc700381a780f69665d7956c469e3b"},"headline":"Proma\u0161io klju\u010dni penal za Tursku, pa odlu\u010dio oti\u0107i u mirovinu","datePublished":"2022-03-25T17:35:45+00:00","dateModified":"2022-03-25T17:35:48+00:00","mainEntityOfPage":{"@id":"https:\/\/radioljubuski.ba\/index.php\/2022\/03\/25\/promasio-kljucni-penal-za-tursku-pa-odlucio-otici-u-mirovinu\/"},"wordCount":278,"publisher":{"@id":"https:\/\/radioljubuski.ba\/#organization"},"articleSection":["\u0160port"],"inLanguage":"hr"},{"@type":"WebPage","@id":"https:\/\/radioljubuski.ba\/index.php\/2022\/03\/25\/promasio-kljucni-penal-za-tursku-pa-odlucio-otici-u-mirovinu\/","url":"https:\/\/radioljubuski.ba\/index.php\/2022\/03\/25\/promasio-kljucni-penal-za-tursku-pa-odlucio-otici-u-mirovinu\/","name":"Proma\u0161io klju\u010dni penal za Tursku, pa odlu\u010dio oti\u0107i u mirovinu - RADIO LJUBU\u0160KI","isPartOf":{"@id":"https:\/\/radioljubuski.ba\/#website"},"datePublished":"2022-03-25T17:35:45+00:00","dateModified":"2022-03-25T17:35:48+00:00","breadcrumb":{"@id":"https:\/\/radioljubuski.ba\/index.php\/2022\/03\/25\/promasio-kljucni-penal-za-tursku-pa-odlucio-otici-u-mirovinu\/#breadcrumb"},"inLanguage":"hr","potentialAction":[{"@type":"ReadAction","target":["https:\/\/radioljubuski.ba\/index.php\/2022\/03\/25\/promasio-kljucni-penal-za-tursku-pa-odlucio-otici-u-mirovinu\/"]}]},{"@type":"BreadcrumbList","@id":"https:\/\/radioljubuski.ba\/index.php\/2022\/03\/25\/promasio-kljucni-penal-za-tursku-pa-odlucio-otici-u-mirovinu\/#breadcrumb","itemListElement":[{"@type":"ListItem","position":1,"name":"Po\u010detna stranica","item":"https:\/\/radioljubuski.ba\/"},{"@type":"ListItem","position":2,"name":"Proma\u0161io klju\u010dni penal za Tursku, pa odlu\u010dio oti\u0107i u mirovinu"}]},{"@type":"WebSite","@id":"https:\/\/radioljubuski.ba\/#website","url":"https:\/\/radioljubuski.ba\/","name":"Radio Ljubu\u0161ki","description":"Sun\u010dana frekvencija Hercegovine","publisher":{"@id":"https:\/\/radioljubuski.ba\/#organization"},"potentialAction":[{"@type":"SearchAction","target":{"@type":"EntryPoint","urlTemplate":"https:\/\/radioljubuski.ba\/?s={search_term_string}"},"query-input":{"@type":"PropertyValueSpecification","valueRequired":true,"valueName":"search_term_string"}}],"inLanguage":"hr"},{"@type":"Organization","@id":"https:\/\/radioljubuski.ba\/#organization","name":"Radio Ljubu\u0161ki","url":"https:\/\/radioljubuski.ba\/","logo":{"@type":"ImageObject","inLanguage":"hr","@id":"https:\/\/radioljubuski.ba\/#\/schema\/logo\/image\/","url":"https:\/\/radioljubuski.ba\/wp-content\/uploads\/2021\/02\/cropped-Radio_Ljubuski_logo1.jpg","contentUrl":"https:\/\/radioljubuski.ba\/wp-content\/uploads\/2021\/02\/cropped-Radio_Ljubuski_logo1.jpg","width":512,"height":512,"caption":"Radio Ljubu\u0161ki"},"image":{"@id":"https:\/\/radioljubuski.ba\/#\/schema\/logo\/image\/"},"sameAs":["https:\/\/www.facebook.com\/Radiio-Ljubuski-1490835324566332","https:\/\/x.com\/radioljubuski","https:\/\/hr.linkedin.com\/company\/radio-ljubuski","https:\/\/www.youtube.com\/channel\/UCHYaeO_n0Db3tjNGudGpXyw"]},{"@type":"Person","@id":"https:\/\/radioljubuski.ba\/#\/schema\/person\/19fc700381a780f69665d7956c469e3b","name":"Radio Ljubu\u0161ki"}]}},"_links":{"self":[{"href":"https:\/\/radioljubuski.ba\/index.php\/wp-json\/wp\/v2\/posts\/125195","targetHints":{"allow":["GET"]}}],"collection":[{"href":"https:\/\/radioljubuski.ba\/index.php\/wp-json\/wp\/v2\/posts"}],"about":[{"href":"https:\/\/radioljubuski.ba\/index.php\/wp-json\/wp\/v2\/types\/post"}],"author":[{"embeddable":true,"href":"https:\/\/radioljubuski.ba\/index.php\/wp-json\/wp\/v2\/users\/2"}],"replies":[{"embeddable":true,"href":"https:\/\/radioljubuski.ba\/index.php\/wp-json\/wp\/v2\/comments?post=125195"}],"version-history":[{"count":1,"href":"https:\/\/radioljubuski.ba\/index.php\/wp-json\/wp\/v2\/posts\/125195\/revisions"}],"predecessor-version":[{"id":125197,"href":"https:\/\/radioljubuski.ba\/index.php\/wp-json\/wp\/v2\/posts\/125195\/revisions\/125197"}],"wp:attachment":[{"href":"https:\/\/radioljubuski.ba\/index.php\/wp-json\/wp\/v2\/media?parent=125195"}],"wp:term":[{"taxonomy":"category","embeddable":true,"href":"https:\/\/radioljubuski.ba\/index.php\/wp-json\/wp\/v2\/categories?post=125195"},{"taxonomy":"post_tag","embeddable":true,"href":"https:\/\/radioljubuski.ba\/index.php\/wp-json\/wp\/v2\/tags?post=125195"}],"curies":[{"name":"wp","href":"https:\/\/api.w.org\/{rel}","templated":true}]}}