{"id":125223,"date":"2022-03-25T18:56:51","date_gmt":"2022-03-25T17:56:51","guid":{"rendered":"https:\/\/radioljubuski.ba\/?p=125223"},"modified":"2022-03-25T18:56:53","modified_gmt":"2022-03-25T17:56:53","slug":"zupnik-fra-leko-htio-spasiti-kosnice-iz-pozara-ali-ga-srce-izdalo","status":"publish","type":"post","link":"https:\/\/radioljubuski.ba\/index.php\/2022\/03\/25\/zupnik-fra-leko-htio-spasiti-kosnice-iz-pozara-ali-ga-srce-izdalo\/","title":{"rendered":"\u017dupnik fra Leko htio spasiti ko\u0161nice iz po\u017eara, ali ga srce izdalo"},"content":{"rendered":"\n<p>Vijest da je fra Marinko Leko (79), \u017eupnik \u017eupe svetog Ivana Krstitelja iz Rakitna preminuo u \u010detvrtak u poslijepodnevnim satima rastu\u017eila je, ali i iznenadila njegove brojne prijatelje i poznanike u Posu\u0161ju, ali i cijeloj Hercegovini.<\/p>\n\n\n\n<figure class=\"wp-block-embed is-type-wp-embed is-provider-radio-ljubuski wp-block-embed-radio-ljubuski\"><div class=\"wp-block-embed__wrapper\">\n<blockquote class=\"wp-embedded-content\" data-secret=\"5JyBMQMMgw\"><a href=\"https:\/\/radioljubuski.ba\/index.php\/2022\/03\/25\/preminuo-fra-marinko-leko\/\">Preminuo fra Marinko Leko<\/a><\/blockquote><iframe loading=\"lazy\" class=\"wp-embedded-content\" sandbox=\"allow-scripts\" security=\"restricted\" style=\"position: absolute; clip: rect(1px, 1px, 1px, 1px);\" title=\"&#8220;Preminuo fra Marinko Leko&#8221; &#8212;   RADIO LJUBU\u0160KI\" src=\"https:\/\/radioljubuski.ba\/index.php\/2022\/03\/25\/preminuo-fra-marinko-leko\/embed\/#?secret=wvzRBOS1K5#?secret=5JyBMQMMgw\" data-secret=\"5JyBMQMMgw\" width=\"600\" height=\"338\" frameborder=\"0\" marginwidth=\"0\" marginheight=\"0\" scrolling=\"no\"><\/iframe>\n<\/div><\/figure>\n\n\n\n<p>Fra Marinka je \u0161ira javnost upoznala nakon tragedije u kojoj je u novogodi\u0161njoj no\u0107i prije godinu stradalo osmero mladih Posu\u0161aka, koje je on poznavao od malih nogu i od kojih se oprostio dirljivim govorom.<\/p>\n\n\n\n<p>Njegovo be\u017eivotno tijelo su prona\u0161li vatrogasci koji su stigli na intervenciju kada je u blizini crkve izbio po\u017ear i u kojem je izgorjelo \u0161est ko\u0161nica p\u010dela.<\/p>\n\n\n\n<p>Vatrogasci su odmah o tome obavijestili policiju, a nakon obavljenog uvi\u0111aja, po nalogu de\u017eurnog \u017eupanijskog tu\u017eitelja utvr\u0111eno je da je rije\u010d o prirodnoj smrti, odnosno, da je fra Marinko , najvjerojatnije, do\u017eivio sr\u010dani udar.<\/p>\n\n\n\n<p>On je , ina\u010de, slovio za vrsnog p\u010delara i, najvjerojatnije je krenuo spasiti ko\u0161nice koje su uni\u0161tene u po\u017earu.<\/p>\n\n\n\n<p>Sprovod fra Marinku, odnosno, sprovodni obred i ukop bit \u0107e obavljeni sutra u fratarskoj grobnici Marti\u0107a kri\u017e u Posu\u0161ju.<\/p>\n\n\n\n<figure class=\"wp-block-embed is-type-wp-embed is-provider-radio-ljubuski wp-block-embed-radio-ljubuski\"><div class=\"wp-block-embed__wrapper\">\n<blockquote class=\"wp-embedded-content\" data-secret=\"2EMiwPfgWw\"><a href=\"https:\/\/radioljubuski.ba\/index.php\/2022\/03\/25\/tragedija-nakon-pozara-na-kosnicama-u-rakitnu-pronaden-mrtav-muskarac\/\">Tragedija: Nakon po\u017eara na ko\u0161nicama u Rakitnu prona\u0111en mrtav mu\u0161karac<\/a><\/blockquote><iframe loading=\"lazy\" class=\"wp-embedded-content\" sandbox=\"allow-scripts\" security=\"restricted\" style=\"position: absolute; clip: rect(1px, 1px, 1px, 1px);\" title=\"&#8220;Tragedija: Nakon po\u017eara na ko\u0161nicama u Rakitnu prona\u0111en mrtav mu\u0161karac&#8221; &#8212;   RADIO LJUBU\u0160KI\" src=\"https:\/\/radioljubuski.ba\/index.php\/2022\/03\/25\/tragedija-nakon-pozara-na-kosnicama-u-rakitnu-pronaden-mrtav-muskarac\/embed\/#?secret=nZiUHQ5Oso#?secret=2EMiwPfgWw\" data-secret=\"2EMiwPfgWw\" width=\"600\" height=\"338\" frameborder=\"0\" marginwidth=\"0\" marginheight=\"0\" scrolling=\"no\"><\/iframe>\n<\/div><\/figure>\n\n\n\n<p>Izvor:avaz.ba<\/p>\n","protected":false},"excerpt":{"rendered":"<p>Vijest da je fra Marinko Leko (79), \u017eupnik \u017eupe svetog Ivana Krstitelja iz Rakitna preminuo u \u010detvrtak u poslijepodnevnim satima rastu\u017eila je, ali i iznenadila njegove brojne prijatelje i poznanike u Posu\u0161ju, ali i cijeloj Hercegovini. Fra Marinka je \u0161ira javnost upoznala nakon tragedije u kojoj je u novogodi\u0161njoj no\u0107i prije godinu stradalo osmero mladih [&hellip;]<\/p>\n","protected":false},"author":2,"featured_media":124855,"comment_status":"closed","ping_status":"closed","sticky":false,"template":"","format":"standard","meta":{"h5ap_radio_sources":[],"footnotes":""},"categories":[1],"tags":[],"class_list":["post-125223","post","type-post","status-publish","format-standard","has-post-thumbnail","hentry","category-bihiregija"],"yoast_head":"<!-- This site is optimized with the Yoast SEO plugin v27.4 - https:\/\/yoast.com\/product\/yoast-seo-wordpress\/ -->\n<title>\u017dupnik fra Leko htio spasiti ko\u0161nice iz po\u017eara, ali ga srce izdalo - RADIO LJUBU\u0160KI<\/title>\n<meta name=\"robots\" content=\"index, follow, max-snippet:-1, max-image-preview:large, max-video-preview:-1\" \/>\n<link rel=\"canonical\" href=\"https:\/\/radioljubuski.ba\/index.php\/2022\/03\/25\/zupnik-fra-leko-htio-spasiti-kosnice-iz-pozara-ali-ga-srce-izdalo\/\" \/>\n<meta property=\"og:locale\" content=\"hr_HR\" \/>\n<meta property=\"og:type\" content=\"article\" \/>\n<meta property=\"og:title\" content=\"\u017dupnik fra Leko htio spasiti ko\u0161nice iz po\u017eara, ali ga srce izdalo - RADIO LJUBU\u0160KI\" \/>\n<meta property=\"og:description\" content=\"Vijest da je fra Marinko Leko (79), \u017eupnik \u017eupe svetog Ivana Krstitelja iz Rakitna preminuo u \u010detvrtak u poslijepodnevnim satima rastu\u017eila je, ali i iznenadila njegove brojne prijatelje i poznanike u Posu\u0161ju, ali i cijeloj Hercegovini. Fra Marinka je \u0161ira javnost upoznala nakon tragedije u kojoj je u novogodi\u0161njoj no\u0107i prije godinu stradalo osmero mladih [&hellip;]\" \/>\n<meta property=\"og:url\" content=\"https:\/\/radioljubuski.ba\/index.php\/2022\/03\/25\/zupnik-fra-leko-htio-spasiti-kosnice-iz-pozara-ali-ga-srce-izdalo\/\" \/>\n<meta property=\"og:site_name\" content=\"RADIO LJUBU\u0160KI\" \/>\n<meta property=\"article:publisher\" content=\"https:\/\/www.facebook.com\/Radiio-Ljubuski-1490835324566332\" \/>\n<meta property=\"article:published_time\" content=\"2022-03-25T17:56:51+00:00\" \/>\n<meta property=\"article:modified_time\" content=\"2022-03-25T17:56:53+00:00\" \/>\n<meta property=\"og:image\" content=\"https:\/\/radioljubuski.ba\/wp-content\/uploads\/2022\/03\/7-2022-03-24-21-14-51-fra-marinko-leko.jpg\" \/>\n\t<meta property=\"og:image:width\" content=\"1000\" \/>\n\t<meta property=\"og:image:height\" content=\"625\" \/>\n\t<meta property=\"og:image:type\" content=\"image\/jpeg\" \/>\n<meta name=\"author\" content=\"Radio Ljubu\u0161ki\" \/>\n<meta name=\"twitter:card\" content=\"summary_large_image\" \/>\n<meta name=\"twitter:creator\" content=\"@radioljubuski\" \/>\n<meta name=\"twitter:site\" content=\"@radioljubuski\" \/>\n<meta name=\"twitter:label1\" content=\"Napisao\/la\" \/>\n\t<meta name=\"twitter:data1\" content=\"Radio Ljubu\u0161ki\" \/>\n\t<meta name=\"twitter:label2\" content=\"Procijenjeno vrijeme \u010ditanja\" \/>\n\t<meta name=\"twitter:data2\" content=\"1 minuta\" \/>\n<script type=\"application\/ld+json\" class=\"yoast-schema-graph\">{\"@context\":\"https:\\\/\\\/schema.org\",\"@graph\":[{\"@type\":\"Article\",\"@id\":\"https:\\\/\\\/radioljubuski.ba\\\/index.php\\\/2022\\\/03\\\/25\\\/zupnik-fra-leko-htio-spasiti-kosnice-iz-pozara-ali-ga-srce-izdalo\\\/#article\",\"isPartOf\":{\"@id\":\"https:\\\/\\\/radioljubuski.ba\\\/index.php\\\/2022\\\/03\\\/25\\\/zupnik-fra-leko-htio-spasiti-kosnice-iz-pozara-ali-ga-srce-izdalo\\\/\"},\"author\":{\"name\":\"Radio Ljubu\u0161ki\",\"@id\":\"https:\\\/\\\/radioljubuski.ba\\\/#\\\/schema\\\/person\\\/19fc700381a780f69665d7956c469e3b\"},\"headline\":\"\u017dupnik fra Leko htio spasiti ko\u0161nice iz po\u017eara, ali ga srce izdalo\",\"datePublished\":\"2022-03-25T17:56:51+00:00\",\"dateModified\":\"2022-03-25T17:56:53+00:00\",\"mainEntityOfPage\":{\"@id\":\"https:\\\/\\\/radioljubuski.ba\\\/index.php\\\/2022\\\/03\\\/25\\\/zupnik-fra-leko-htio-spasiti-kosnice-iz-pozara-ali-ga-srce-izdalo\\\/\"},\"wordCount\":217,\"publisher\":{\"@id\":\"https:\\\/\\\/radioljubuski.ba\\\/#organization\"},\"image\":{\"@id\":\"https:\\\/\\\/radioljubuski.ba\\\/index.php\\\/2022\\\/03\\\/25\\\/zupnik-fra-leko-htio-spasiti-kosnice-iz-pozara-ali-ga-srce-izdalo\\\/#primaryimage\"},\"thumbnailUrl\":\"https:\\\/\\\/radioljubuski.ba\\\/wp-content\\\/uploads\\\/2022\\\/03\\\/7-2022-03-24-21-14-51-fra-marinko-leko.jpg\",\"articleSection\":[\"BIH i regija\"],\"inLanguage\":\"hr\"},{\"@type\":\"WebPage\",\"@id\":\"https:\\\/\\\/radioljubuski.ba\\\/index.php\\\/2022\\\/03\\\/25\\\/zupnik-fra-leko-htio-spasiti-kosnice-iz-pozara-ali-ga-srce-izdalo\\\/\",\"url\":\"https:\\\/\\\/radioljubuski.ba\\\/index.php\\\/2022\\\/03\\\/25\\\/zupnik-fra-leko-htio-spasiti-kosnice-iz-pozara-ali-ga-srce-izdalo\\\/\",\"name\":\"\u017dupnik fra Leko htio spasiti ko\u0161nice iz po\u017eara, ali ga srce izdalo - RADIO LJUBU\u0160KI\",\"isPartOf\":{\"@id\":\"https:\\\/\\\/radioljubuski.ba\\\/#website\"},\"primaryImageOfPage\":{\"@id\":\"https:\\\/\\\/radioljubuski.ba\\\/index.php\\\/2022\\\/03\\\/25\\\/zupnik-fra-leko-htio-spasiti-kosnice-iz-pozara-ali-ga-srce-izdalo\\\/#primaryimage\"},\"image\":{\"@id\":\"https:\\\/\\\/radioljubuski.ba\\\/index.php\\\/2022\\\/03\\\/25\\\/zupnik-fra-leko-htio-spasiti-kosnice-iz-pozara-ali-ga-srce-izdalo\\\/#primaryimage\"},\"thumbnailUrl\":\"https:\\\/\\\/radioljubuski.ba\\\/wp-content\\\/uploads\\\/2022\\\/03\\\/7-2022-03-24-21-14-51-fra-marinko-leko.jpg\",\"datePublished\":\"2022-03-25T17:56:51+00:00\",\"dateModified\":\"2022-03-25T17:56:53+00:00\",\"breadcrumb\":{\"@id\":\"https:\\\/\\\/radioljubuski.ba\\\/index.php\\\/2022\\\/03\\\/25\\\/zupnik-fra-leko-htio-spasiti-kosnice-iz-pozara-ali-ga-srce-izdalo\\\/#breadcrumb\"},\"inLanguage\":\"hr\",\"potentialAction\":[{\"@type\":\"ReadAction\",\"target\":[\"https:\\\/\\\/radioljubuski.ba\\\/index.php\\\/2022\\\/03\\\/25\\\/zupnik-fra-leko-htio-spasiti-kosnice-iz-pozara-ali-ga-srce-izdalo\\\/\"]}]},{\"@type\":\"ImageObject\",\"inLanguage\":\"hr\",\"@id\":\"https:\\\/\\\/radioljubuski.ba\\\/index.php\\\/2022\\\/03\\\/25\\\/zupnik-fra-leko-htio-spasiti-kosnice-iz-pozara-ali-ga-srce-izdalo\\\/#primaryimage\",\"url\":\"https:\\\/\\\/radioljubuski.ba\\\/wp-content\\\/uploads\\\/2022\\\/03\\\/7-2022-03-24-21-14-51-fra-marinko-leko.jpg\",\"contentUrl\":\"https:\\\/\\\/radioljubuski.ba\\\/wp-content\\\/uploads\\\/2022\\\/03\\\/7-2022-03-24-21-14-51-fra-marinko-leko.jpg\",\"width\":1000,\"height\":625},{\"@type\":\"BreadcrumbList\",\"@id\":\"https:\\\/\\\/radioljubuski.ba\\\/index.php\\\/2022\\\/03\\\/25\\\/zupnik-fra-leko-htio-spasiti-kosnice-iz-pozara-ali-ga-srce-izdalo\\\/#breadcrumb\",\"itemListElement\":[{\"@type\":\"ListItem\",\"position\":1,\"name\":\"Po\u010detna stranica\",\"item\":\"https:\\\/\\\/radioljubuski.ba\\\/\"},{\"@type\":\"ListItem\",\"position\":2,\"name\":\"\u017dupnik fra Leko htio spasiti ko\u0161nice iz po\u017eara, ali ga srce izdalo\"}]},{\"@type\":\"WebSite\",\"@id\":\"https:\\\/\\\/radioljubuski.ba\\\/#website\",\"url\":\"https:\\\/\\\/radioljubuski.ba\\\/\",\"name\":\"Radio Ljubu\u0161ki\",\"description\":\"Sun\u010dana frekvencija Hercegovine\",\"publisher\":{\"@id\":\"https:\\\/\\\/radioljubuski.ba\\\/#organization\"},\"potentialAction\":[{\"@type\":\"SearchAction\",\"target\":{\"@type\":\"EntryPoint\",\"urlTemplate\":\"https:\\\/\\\/radioljubuski.ba\\\/?s={search_term_string}\"},\"query-input\":{\"@type\":\"PropertyValueSpecification\",\"valueRequired\":true,\"valueName\":\"search_term_string\"}}],\"inLanguage\":\"hr\"},{\"@type\":\"Organization\",\"@id\":\"https:\\\/\\\/radioljubuski.ba\\\/#organization\",\"name\":\"Radio Ljubu\u0161ki\",\"url\":\"https:\\\/\\\/radioljubuski.ba\\\/\",\"logo\":{\"@type\":\"ImageObject\",\"inLanguage\":\"hr\",\"@id\":\"https:\\\/\\\/radioljubuski.ba\\\/#\\\/schema\\\/logo\\\/image\\\/\",\"url\":\"https:\\\/\\\/radioljubuski.ba\\\/wp-content\\\/uploads\\\/2021\\\/02\\\/cropped-Radio_Ljubuski_logo1.jpg\",\"contentUrl\":\"https:\\\/\\\/radioljubuski.ba\\\/wp-content\\\/uploads\\\/2021\\\/02\\\/cropped-Radio_Ljubuski_logo1.jpg\",\"width\":512,\"height\":512,\"caption\":\"Radio Ljubu\u0161ki\"},\"image\":{\"@id\":\"https:\\\/\\\/radioljubuski.ba\\\/#\\\/schema\\\/logo\\\/image\\\/\"},\"sameAs\":[\"https:\\\/\\\/www.facebook.com\\\/Radiio-Ljubuski-1490835324566332\",\"https:\\\/\\\/x.com\\\/radioljubuski\",\"https:\\\/\\\/hr.linkedin.com\\\/company\\\/radio-ljubuski\",\"https:\\\/\\\/www.youtube.com\\\/channel\\\/UCHYaeO_n0Db3tjNGudGpXyw\"]},{\"@type\":\"Person\",\"@id\":\"https:\\\/\\\/radioljubuski.ba\\\/#\\\/schema\\\/person\\\/19fc700381a780f69665d7956c469e3b\",\"name\":\"Radio Ljubu\u0161ki\"}]}<\/script>\n<!-- \/ Yoast SEO plugin. -->","yoast_head_json":{"title":"\u017dupnik fra Leko htio spasiti ko\u0161nice iz po\u017eara, ali ga srce izdalo - RADIO LJUBU\u0160KI","robots":{"index":"index","follow":"follow","max-snippet":"max-snippet:-1","max-image-preview":"max-image-preview:large","max-video-preview":"max-video-preview:-1"},"canonical":"https:\/\/radioljubuski.ba\/index.php\/2022\/03\/25\/zupnik-fra-leko-htio-spasiti-kosnice-iz-pozara-ali-ga-srce-izdalo\/","og_locale":"hr_HR","og_type":"article","og_title":"\u017dupnik fra Leko htio spasiti ko\u0161nice iz po\u017eara, ali ga srce izdalo - RADIO LJUBU\u0160KI","og_description":"Vijest da je fra Marinko Leko (79), \u017eupnik \u017eupe svetog Ivana Krstitelja iz Rakitna preminuo u \u010detvrtak u poslijepodnevnim satima rastu\u017eila je, ali i iznenadila njegove brojne prijatelje i poznanike u Posu\u0161ju, ali i cijeloj Hercegovini. Fra Marinka je \u0161ira javnost upoznala nakon tragedije u kojoj je u novogodi\u0161njoj no\u0107i prije godinu stradalo osmero mladih [&hellip;]","og_url":"https:\/\/radioljubuski.ba\/index.php\/2022\/03\/25\/zupnik-fra-leko-htio-spasiti-kosnice-iz-pozara-ali-ga-srce-izdalo\/","og_site_name":"RADIO LJUBU\u0160KI","article_publisher":"https:\/\/www.facebook.com\/Radiio-Ljubuski-1490835324566332","article_published_time":"2022-03-25T17:56:51+00:00","article_modified_time":"2022-03-25T17:56:53+00:00","og_image":[{"width":1000,"height":625,"url":"https:\/\/radioljubuski.ba\/wp-content\/uploads\/2022\/03\/7-2022-03-24-21-14-51-fra-marinko-leko.jpg","type":"image\/jpeg"}],"author":"Radio Ljubu\u0161ki","twitter_card":"summary_large_image","twitter_creator":"@radioljubuski","twitter_site":"@radioljubuski","twitter_misc":{"Napisao\/la":"Radio Ljubu\u0161ki","Procijenjeno vrijeme \u010ditanja":"1 minuta"},"schema":{"@context":"https:\/\/schema.org","@graph":[{"@type":"Article","@id":"https:\/\/radioljubuski.ba\/index.php\/2022\/03\/25\/zupnik-fra-leko-htio-spasiti-kosnice-iz-pozara-ali-ga-srce-izdalo\/#article","isPartOf":{"@id":"https:\/\/radioljubuski.ba\/index.php\/2022\/03\/25\/zupnik-fra-leko-htio-spasiti-kosnice-iz-pozara-ali-ga-srce-izdalo\/"},"author":{"name":"Radio Ljubu\u0161ki","@id":"https:\/\/radioljubuski.ba\/#\/schema\/person\/19fc700381a780f69665d7956c469e3b"},"headline":"\u017dupnik fra Leko htio spasiti ko\u0161nice iz po\u017eara, ali ga srce izdalo","datePublished":"2022-03-25T17:56:51+00:00","dateModified":"2022-03-25T17:56:53+00:00","mainEntityOfPage":{"@id":"https:\/\/radioljubuski.ba\/index.php\/2022\/03\/25\/zupnik-fra-leko-htio-spasiti-kosnice-iz-pozara-ali-ga-srce-izdalo\/"},"wordCount":217,"publisher":{"@id":"https:\/\/radioljubuski.ba\/#organization"},"image":{"@id":"https:\/\/radioljubuski.ba\/index.php\/2022\/03\/25\/zupnik-fra-leko-htio-spasiti-kosnice-iz-pozara-ali-ga-srce-izdalo\/#primaryimage"},"thumbnailUrl":"https:\/\/radioljubuski.ba\/wp-content\/uploads\/2022\/03\/7-2022-03-24-21-14-51-fra-marinko-leko.jpg","articleSection":["BIH i regija"],"inLanguage":"hr"},{"@type":"WebPage","@id":"https:\/\/radioljubuski.ba\/index.php\/2022\/03\/25\/zupnik-fra-leko-htio-spasiti-kosnice-iz-pozara-ali-ga-srce-izdalo\/","url":"https:\/\/radioljubuski.ba\/index.php\/2022\/03\/25\/zupnik-fra-leko-htio-spasiti-kosnice-iz-pozara-ali-ga-srce-izdalo\/","name":"\u017dupnik fra Leko htio spasiti ko\u0161nice iz po\u017eara, ali ga srce izdalo - RADIO LJUBU\u0160KI","isPartOf":{"@id":"https:\/\/radioljubuski.ba\/#website"},"primaryImageOfPage":{"@id":"https:\/\/radioljubuski.ba\/index.php\/2022\/03\/25\/zupnik-fra-leko-htio-spasiti-kosnice-iz-pozara-ali-ga-srce-izdalo\/#primaryimage"},"image":{"@id":"https:\/\/radioljubuski.ba\/index.php\/2022\/03\/25\/zupnik-fra-leko-htio-spasiti-kosnice-iz-pozara-ali-ga-srce-izdalo\/#primaryimage"},"thumbnailUrl":"https:\/\/radioljubuski.ba\/wp-content\/uploads\/2022\/03\/7-2022-03-24-21-14-51-fra-marinko-leko.jpg","datePublished":"2022-03-25T17:56:51+00:00","dateModified":"2022-03-25T17:56:53+00:00","breadcrumb":{"@id":"https:\/\/radioljubuski.ba\/index.php\/2022\/03\/25\/zupnik-fra-leko-htio-spasiti-kosnice-iz-pozara-ali-ga-srce-izdalo\/#breadcrumb"},"inLanguage":"hr","potentialAction":[{"@type":"ReadAction","target":["https:\/\/radioljubuski.ba\/index.php\/2022\/03\/25\/zupnik-fra-leko-htio-spasiti-kosnice-iz-pozara-ali-ga-srce-izdalo\/"]}]},{"@type":"ImageObject","inLanguage":"hr","@id":"https:\/\/radioljubuski.ba\/index.php\/2022\/03\/25\/zupnik-fra-leko-htio-spasiti-kosnice-iz-pozara-ali-ga-srce-izdalo\/#primaryimage","url":"https:\/\/radioljubuski.ba\/wp-content\/uploads\/2022\/03\/7-2022-03-24-21-14-51-fra-marinko-leko.jpg","contentUrl":"https:\/\/radioljubuski.ba\/wp-content\/uploads\/2022\/03\/7-2022-03-24-21-14-51-fra-marinko-leko.jpg","width":1000,"height":625},{"@type":"BreadcrumbList","@id":"https:\/\/radioljubuski.ba\/index.php\/2022\/03\/25\/zupnik-fra-leko-htio-spasiti-kosnice-iz-pozara-ali-ga-srce-izdalo\/#breadcrumb","itemListElement":[{"@type":"ListItem","position":1,"name":"Po\u010detna stranica","item":"https:\/\/radioljubuski.ba\/"},{"@type":"ListItem","position":2,"name":"\u017dupnik fra Leko htio spasiti ko\u0161nice iz po\u017eara, ali ga srce izdalo"}]},{"@type":"WebSite","@id":"https:\/\/radioljubuski.ba\/#website","url":"https:\/\/radioljubuski.ba\/","name":"Radio Ljubu\u0161ki","description":"Sun\u010dana frekvencija Hercegovine","publisher":{"@id":"https:\/\/radioljubuski.ba\/#organization"},"potentialAction":[{"@type":"SearchAction","target":{"@type":"EntryPoint","urlTemplate":"https:\/\/radioljubuski.ba\/?s={search_term_string}"},"query-input":{"@type":"PropertyValueSpecification","valueRequired":true,"valueName":"search_term_string"}}],"inLanguage":"hr"},{"@type":"Organization","@id":"https:\/\/radioljubuski.ba\/#organization","name":"Radio Ljubu\u0161ki","url":"https:\/\/radioljubuski.ba\/","logo":{"@type":"ImageObject","inLanguage":"hr","@id":"https:\/\/radioljubuski.ba\/#\/schema\/logo\/image\/","url":"https:\/\/radioljubuski.ba\/wp-content\/uploads\/2021\/02\/cropped-Radio_Ljubuski_logo1.jpg","contentUrl":"https:\/\/radioljubuski.ba\/wp-content\/uploads\/2021\/02\/cropped-Radio_Ljubuski_logo1.jpg","width":512,"height":512,"caption":"Radio Ljubu\u0161ki"},"image":{"@id":"https:\/\/radioljubuski.ba\/#\/schema\/logo\/image\/"},"sameAs":["https:\/\/www.facebook.com\/Radiio-Ljubuski-1490835324566332","https:\/\/x.com\/radioljubuski","https:\/\/hr.linkedin.com\/company\/radio-ljubuski","https:\/\/www.youtube.com\/channel\/UCHYaeO_n0Db3tjNGudGpXyw"]},{"@type":"Person","@id":"https:\/\/radioljubuski.ba\/#\/schema\/person\/19fc700381a780f69665d7956c469e3b","name":"Radio Ljubu\u0161ki"}]}},"_links":{"self":[{"href":"https:\/\/radioljubuski.ba\/index.php\/wp-json\/wp\/v2\/posts\/125223","targetHints":{"allow":["GET"]}}],"collection":[{"href":"https:\/\/radioljubuski.ba\/index.php\/wp-json\/wp\/v2\/posts"}],"about":[{"href":"https:\/\/radioljubuski.ba\/index.php\/wp-json\/wp\/v2\/types\/post"}],"author":[{"embeddable":true,"href":"https:\/\/radioljubuski.ba\/index.php\/wp-json\/wp\/v2\/users\/2"}],"replies":[{"embeddable":true,"href":"https:\/\/radioljubuski.ba\/index.php\/wp-json\/wp\/v2\/comments?post=125223"}],"version-history":[{"count":1,"href":"https:\/\/radioljubuski.ba\/index.php\/wp-json\/wp\/v2\/posts\/125223\/revisions"}],"predecessor-version":[{"id":125224,"href":"https:\/\/radioljubuski.ba\/index.php\/wp-json\/wp\/v2\/posts\/125223\/revisions\/125224"}],"wp:featuredmedia":[{"embeddable":true,"href":"https:\/\/radioljubuski.ba\/index.php\/wp-json\/wp\/v2\/media\/124855"}],"wp:attachment":[{"href":"https:\/\/radioljubuski.ba\/index.php\/wp-json\/wp\/v2\/media?parent=125223"}],"wp:term":[{"taxonomy":"category","embeddable":true,"href":"https:\/\/radioljubuski.ba\/index.php\/wp-json\/wp\/v2\/categories?post=125223"},{"taxonomy":"post_tag","embeddable":true,"href":"https:\/\/radioljubuski.ba\/index.php\/wp-json\/wp\/v2\/tags?post=125223"}],"curies":[{"name":"wp","href":"https:\/\/api.w.org\/{rel}","templated":true}]}}