{"id":125731,"date":"2022-03-27T14:34:54","date_gmt":"2022-03-27T13:34:54","guid":{"rendered":"https:\/\/radioljubuski.ba\/?p=125731"},"modified":"2022-03-27T14:34:55","modified_gmt":"2022-03-27T13:34:55","slug":"hercegovina-u-plamenu-u-mostaru-gorila-kuca-u-capljini-se-spasavaju-plastenici-u-konjicu-pozar-na-minskom-podrucju","status":"publish","type":"post","link":"https:\/\/radioljubuski.ba\/index.php\/2022\/03\/27\/hercegovina-u-plamenu-u-mostaru-gorila-kuca-u-capljini-se-spasavaju-plastenici-u-konjicu-pozar-na-minskom-podrucju\/","title":{"rendered":"Hercegovina u plamenu: U Mostaru gorila ku\u0107a, u \u010capljini se spa\u0161avaju plastenici, u Konjicu po\u017ear na minskom podru\u010dju&#8230;"},"content":{"rendered":"\n<p>Po\u017eari danima haraju Hercegovinom, a vatrogasci i lokalno stanovni\u0161tvo su na izmaku snaga. Gore ku\u0107e, raslinje, \u0161ume&#8230;<\/p>\n\n\n\n<p>Pogledajte intervencije vatrogasaca HN\u017d-a u posljednja 24 sata:&nbsp;&nbsp;<\/p>\n\n\n\n<p><strong>Mostar<\/strong><br>Od 12:50 do 14:00 sati, gorilo nisko raslinje u Grabovici.<br>Od 12:56 do 19:30 sati, gorilo raslinje na Rui\u0161tu.<br>Od 13:21 do 13:50 sati, gorilo raslinje na Kozicama.<br>Od 13:52 do 16:00 sati, gorilo raslinje u Sretnicama.<br>Od 16:30 do 17:00 sati, gorilo raslinje na Putu za Opine.<br>Od 18:18 do 18:40 sati, gorila ku\u0107a na Balinovcu.<br>Od 22:40 do 23:05 sati, gorila tabla sa osigura\u010dima u Zaliku.<\/p>\n\n\n\n<p><br><strong>\u010capljina<\/strong><br>Od 09:00 do 09:30 sati, gorila trava i nisko raslinje u Nerezima.<br>Od 09:50 do 10:20 sati, gorila trava i sme\u0107e u Gabeli.<br>Od 12:45 do 13:20 sati, gorila trava i nisko raslinje u Strugama.<br>Od 13:00 do 13:50 sati, gorila trava i nisko raslinje u Gabeli.<\/p>\n\n\n\n<p>Od 13:00 do 14:00 sati, gorila trava i nisko raslinje na Gabela otoku.<br>Od 13:40 do 14:30 sati, gorilo sme\u0107e i nisko raslinje u Dretelju.<br>Od 14:20 do 15:45 sati, gorila trava i nisko raslinje u Gabeli.<br>Od 15:45 do 16:20 sati, spa\u0161ena dva plastenika u Gabeli.<br>Od 15:20 do 16:30 sati, gorile gume,trava i nisko raslinje u Tasov\u010di\u0107ima.<br>Od 19:10 do 20:15 sati, gorila trava i trska u Gabela Polju.<br>Od 19:40 do 20:30 sati, gorila trava i \u0161uma u \u0160urmancima (spa\u0161en plastenik).<br>Od 22:25 do 23:25 sati, gorila trava i nisko raslinje u Strugama.<\/p>\n\n\n\n<p><strong>Konjic<\/strong><br>Aktivan je po\u017ear na podru\u010dju sela Obri, ali gori samo na manjoj povr\u0161ini koja je minsko sumnjiva.<br>Aktivan je po\u017ear na podru\u010dju Bukovih glava, gdje gori bukova i borova \u0161uma.<br>Aktivan je po\u017ear na podru\u010dju Vrap\u010da, gdje gori \u0161uma i deponija sme\u0107a.<br>Aktivan je po\u017ear na podru\u010dju sela Spiljani (ve\u0107 nekoliko dana). Opo\u017earena ogromna povr\u0161ina pod borovom \u0161umom.<br>Od 10:26 do 11:30 sati, gorila trava i nisko rastinje u blizini sela Grabovci.<br>Od 17:40 do 18:15 sati, gorilo nisko rastinje na lokaciji Spiljanski most.<br>Od 19:10 do 20:00 sati, gorila trava i nisko raslinje u \u010celebi\u0107ima.<br>Od 19:25 do 19:55 sati, gorio dimnjak u ul. 4. muslimanske brigade.<br>Od 23:30 do 00:50 sati, gorio dimnjak u ul. Kolonija.<\/p>\n\n\n\n<p><strong>Prozor-Rama<\/strong><\/p>\n\n\n\n<p>Iz DVD Rama doznajemo da su na podru\u010dju op\u0107ine aktivna 2 po\u017eara i to: na podru\u010dju sela Blace prema Crnom vrhu i na podru\u010dju sela Kran\u010di\u0107i. Nije ugro\u017eeno stanovni\u0161tvo ni objekti.<\/p>\n\n\n\n<p>Izvor:pogled.ba<\/p>\n","protected":false},"excerpt":{"rendered":"<p>Po\u017eari danima haraju Hercegovinom, a vatrogasci i lokalno stanovni\u0161tvo su na izmaku snaga. Gore ku\u0107e, raslinje, \u0161ume&#8230; Pogledajte intervencije vatrogasaca HN\u017d-a u posljednja 24 sata:&nbsp;&nbsp; MostarOd 12:50 do 14:00 sati, gorilo nisko raslinje u Grabovici.Od 12:56 do 19:30 sati, gorilo raslinje na Rui\u0161tu.Od 13:21 do 13:50 sati, gorilo raslinje na Kozicama.Od 13:52 do 16:00 sati, [&hellip;]<\/p>\n","protected":false},"author":2,"featured_media":122875,"comment_status":"closed","ping_status":"closed","sticky":false,"template":"","format":"standard","meta":{"h5ap_radio_sources":[],"footnotes":""},"categories":[1],"tags":[],"class_list":["post-125731","post","type-post","status-publish","format-standard","has-post-thumbnail","hentry","category-bihiregija"],"yoast_head":"<!-- This site is optimized with the Yoast SEO plugin v27.4 - https:\/\/yoast.com\/product\/yoast-seo-wordpress\/ -->\n<title>Hercegovina u plamenu: U Mostaru gorila ku\u0107a, u \u010capljini se spa\u0161avaju plastenici, u Konjicu po\u017ear na minskom podru\u010dju... - RADIO LJUBU\u0160KI<\/title>\n<meta name=\"robots\" content=\"index, follow, max-snippet:-1, max-image-preview:large, max-video-preview:-1\" \/>\n<link rel=\"canonical\" href=\"https:\/\/radioljubuski.ba\/index.php\/2022\/03\/27\/hercegovina-u-plamenu-u-mostaru-gorila-kuca-u-capljini-se-spasavaju-plastenici-u-konjicu-pozar-na-minskom-podrucju\/\" \/>\n<meta property=\"og:locale\" content=\"hr_HR\" \/>\n<meta property=\"og:type\" content=\"article\" \/>\n<meta property=\"og:title\" content=\"Hercegovina u plamenu: U Mostaru gorila ku\u0107a, u \u010capljini se spa\u0161avaju plastenici, u Konjicu po\u017ear na minskom podru\u010dju... - RADIO LJUBU\u0160KI\" \/>\n<meta property=\"og:description\" content=\"Po\u017eari danima haraju Hercegovinom, a vatrogasci i lokalno stanovni\u0161tvo su na izmaku snaga. Gore ku\u0107e, raslinje, \u0161ume&#8230; Pogledajte intervencije vatrogasaca HN\u017d-a u posljednja 24 sata:&nbsp;&nbsp; MostarOd 12:50 do 14:00 sati, gorilo nisko raslinje u Grabovici.Od 12:56 do 19:30 sati, gorilo raslinje na Rui\u0161tu.Od 13:21 do 13:50 sati, gorilo raslinje na Kozicama.Od 13:52 do 16:00 sati, [&hellip;]\" \/>\n<meta property=\"og:url\" content=\"https:\/\/radioljubuski.ba\/index.php\/2022\/03\/27\/hercegovina-u-plamenu-u-mostaru-gorila-kuca-u-capljini-se-spasavaju-plastenici-u-konjicu-pozar-na-minskom-podrucju\/\" \/>\n<meta property=\"og:site_name\" content=\"RADIO LJUBU\u0160KI\" \/>\n<meta property=\"article:publisher\" content=\"https:\/\/www.facebook.com\/Radiio-Ljubuski-1490835324566332\" \/>\n<meta property=\"article:published_time\" content=\"2022-03-27T13:34:54+00:00\" \/>\n<meta property=\"article:modified_time\" content=\"2022-03-27T13:34:55+00:00\" \/>\n<meta property=\"og:image\" content=\"https:\/\/radioljubuski.ba\/wp-content\/uploads\/2022\/03\/8-2021-08-17-23-49-38-VATROGASCI-MOSTAR.jpg\" \/>\n\t<meta property=\"og:image:width\" content=\"1000\" \/>\n\t<meta property=\"og:image:height\" content=\"625\" \/>\n\t<meta property=\"og:image:type\" content=\"image\/jpeg\" \/>\n<meta name=\"author\" content=\"Radio Ljubu\u0161ki\" \/>\n<meta name=\"twitter:card\" content=\"summary_large_image\" \/>\n<meta name=\"twitter:creator\" content=\"@radioljubuski\" \/>\n<meta name=\"twitter:site\" content=\"@radioljubuski\" \/>\n<meta name=\"twitter:label1\" content=\"Napisao\/la\" \/>\n\t<meta name=\"twitter:data1\" content=\"Radio Ljubu\u0161ki\" \/>\n\t<meta name=\"twitter:label2\" content=\"Procijenjeno vrijeme \u010ditanja\" \/>\n\t<meta name=\"twitter:data2\" content=\"2 minute\" \/>\n<script type=\"application\/ld+json\" class=\"yoast-schema-graph\">{\"@context\":\"https:\\\/\\\/schema.org\",\"@graph\":[{\"@type\":\"Article\",\"@id\":\"https:\\\/\\\/radioljubuski.ba\\\/index.php\\\/2022\\\/03\\\/27\\\/hercegovina-u-plamenu-u-mostaru-gorila-kuca-u-capljini-se-spasavaju-plastenici-u-konjicu-pozar-na-minskom-podrucju\\\/#article\",\"isPartOf\":{\"@id\":\"https:\\\/\\\/radioljubuski.ba\\\/index.php\\\/2022\\\/03\\\/27\\\/hercegovina-u-plamenu-u-mostaru-gorila-kuca-u-capljini-se-spasavaju-plastenici-u-konjicu-pozar-na-minskom-podrucju\\\/\"},\"author\":{\"name\":\"Radio Ljubu\u0161ki\",\"@id\":\"https:\\\/\\\/radioljubuski.ba\\\/#\\\/schema\\\/person\\\/19fc700381a780f69665d7956c469e3b\"},\"headline\":\"Hercegovina u plamenu: U Mostaru gorila ku\u0107a, u \u010capljini se spa\u0161avaju plastenici, u Konjicu po\u017ear na minskom podru\u010dju&#8230;\",\"datePublished\":\"2022-03-27T13:34:54+00:00\",\"dateModified\":\"2022-03-27T13:34:55+00:00\",\"mainEntityOfPage\":{\"@id\":\"https:\\\/\\\/radioljubuski.ba\\\/index.php\\\/2022\\\/03\\\/27\\\/hercegovina-u-plamenu-u-mostaru-gorila-kuca-u-capljini-se-spasavaju-plastenici-u-konjicu-pozar-na-minskom-podrucju\\\/\"},\"wordCount\":402,\"publisher\":{\"@id\":\"https:\\\/\\\/radioljubuski.ba\\\/#organization\"},\"image\":{\"@id\":\"https:\\\/\\\/radioljubuski.ba\\\/index.php\\\/2022\\\/03\\\/27\\\/hercegovina-u-plamenu-u-mostaru-gorila-kuca-u-capljini-se-spasavaju-plastenici-u-konjicu-pozar-na-minskom-podrucju\\\/#primaryimage\"},\"thumbnailUrl\":\"https:\\\/\\\/radioljubuski.ba\\\/wp-content\\\/uploads\\\/2022\\\/03\\\/8-2021-08-17-23-49-38-VATROGASCI-MOSTAR.jpg\",\"articleSection\":[\"BIH i regija\"],\"inLanguage\":\"hr\"},{\"@type\":\"WebPage\",\"@id\":\"https:\\\/\\\/radioljubuski.ba\\\/index.php\\\/2022\\\/03\\\/27\\\/hercegovina-u-plamenu-u-mostaru-gorila-kuca-u-capljini-se-spasavaju-plastenici-u-konjicu-pozar-na-minskom-podrucju\\\/\",\"url\":\"https:\\\/\\\/radioljubuski.ba\\\/index.php\\\/2022\\\/03\\\/27\\\/hercegovina-u-plamenu-u-mostaru-gorila-kuca-u-capljini-se-spasavaju-plastenici-u-konjicu-pozar-na-minskom-podrucju\\\/\",\"name\":\"Hercegovina u plamenu: U Mostaru gorila ku\u0107a, u \u010capljini se spa\u0161avaju plastenici, u Konjicu po\u017ear na minskom podru\u010dju... - RADIO LJUBU\u0160KI\",\"isPartOf\":{\"@id\":\"https:\\\/\\\/radioljubuski.ba\\\/#website\"},\"primaryImageOfPage\":{\"@id\":\"https:\\\/\\\/radioljubuski.ba\\\/index.php\\\/2022\\\/03\\\/27\\\/hercegovina-u-plamenu-u-mostaru-gorila-kuca-u-capljini-se-spasavaju-plastenici-u-konjicu-pozar-na-minskom-podrucju\\\/#primaryimage\"},\"image\":{\"@id\":\"https:\\\/\\\/radioljubuski.ba\\\/index.php\\\/2022\\\/03\\\/27\\\/hercegovina-u-plamenu-u-mostaru-gorila-kuca-u-capljini-se-spasavaju-plastenici-u-konjicu-pozar-na-minskom-podrucju\\\/#primaryimage\"},\"thumbnailUrl\":\"https:\\\/\\\/radioljubuski.ba\\\/wp-content\\\/uploads\\\/2022\\\/03\\\/8-2021-08-17-23-49-38-VATROGASCI-MOSTAR.jpg\",\"datePublished\":\"2022-03-27T13:34:54+00:00\",\"dateModified\":\"2022-03-27T13:34:55+00:00\",\"breadcrumb\":{\"@id\":\"https:\\\/\\\/radioljubuski.ba\\\/index.php\\\/2022\\\/03\\\/27\\\/hercegovina-u-plamenu-u-mostaru-gorila-kuca-u-capljini-se-spasavaju-plastenici-u-konjicu-pozar-na-minskom-podrucju\\\/#breadcrumb\"},\"inLanguage\":\"hr\",\"potentialAction\":[{\"@type\":\"ReadAction\",\"target\":[\"https:\\\/\\\/radioljubuski.ba\\\/index.php\\\/2022\\\/03\\\/27\\\/hercegovina-u-plamenu-u-mostaru-gorila-kuca-u-capljini-se-spasavaju-plastenici-u-konjicu-pozar-na-minskom-podrucju\\\/\"]}]},{\"@type\":\"ImageObject\",\"inLanguage\":\"hr\",\"@id\":\"https:\\\/\\\/radioljubuski.ba\\\/index.php\\\/2022\\\/03\\\/27\\\/hercegovina-u-plamenu-u-mostaru-gorila-kuca-u-capljini-se-spasavaju-plastenici-u-konjicu-pozar-na-minskom-podrucju\\\/#primaryimage\",\"url\":\"https:\\\/\\\/radioljubuski.ba\\\/wp-content\\\/uploads\\\/2022\\\/03\\\/8-2021-08-17-23-49-38-VATROGASCI-MOSTAR.jpg\",\"contentUrl\":\"https:\\\/\\\/radioljubuski.ba\\\/wp-content\\\/uploads\\\/2022\\\/03\\\/8-2021-08-17-23-49-38-VATROGASCI-MOSTAR.jpg\",\"width\":1000,\"height\":625},{\"@type\":\"BreadcrumbList\",\"@id\":\"https:\\\/\\\/radioljubuski.ba\\\/index.php\\\/2022\\\/03\\\/27\\\/hercegovina-u-plamenu-u-mostaru-gorila-kuca-u-capljini-se-spasavaju-plastenici-u-konjicu-pozar-na-minskom-podrucju\\\/#breadcrumb\",\"itemListElement\":[{\"@type\":\"ListItem\",\"position\":1,\"name\":\"Po\u010detna stranica\",\"item\":\"https:\\\/\\\/radioljubuski.ba\\\/\"},{\"@type\":\"ListItem\",\"position\":2,\"name\":\"Hercegovina u plamenu: U Mostaru gorila ku\u0107a, u \u010capljini se spa\u0161avaju plastenici, u Konjicu po\u017ear na minskom podru\u010dju&#8230;\"}]},{\"@type\":\"WebSite\",\"@id\":\"https:\\\/\\\/radioljubuski.ba\\\/#website\",\"url\":\"https:\\\/\\\/radioljubuski.ba\\\/\",\"name\":\"Radio Ljubu\u0161ki\",\"description\":\"Sun\u010dana frekvencija Hercegovine\",\"publisher\":{\"@id\":\"https:\\\/\\\/radioljubuski.ba\\\/#organization\"},\"potentialAction\":[{\"@type\":\"SearchAction\",\"target\":{\"@type\":\"EntryPoint\",\"urlTemplate\":\"https:\\\/\\\/radioljubuski.ba\\\/?s={search_term_string}\"},\"query-input\":{\"@type\":\"PropertyValueSpecification\",\"valueRequired\":true,\"valueName\":\"search_term_string\"}}],\"inLanguage\":\"hr\"},{\"@type\":\"Organization\",\"@id\":\"https:\\\/\\\/radioljubuski.ba\\\/#organization\",\"name\":\"Radio Ljubu\u0161ki\",\"url\":\"https:\\\/\\\/radioljubuski.ba\\\/\",\"logo\":{\"@type\":\"ImageObject\",\"inLanguage\":\"hr\",\"@id\":\"https:\\\/\\\/radioljubuski.ba\\\/#\\\/schema\\\/logo\\\/image\\\/\",\"url\":\"https:\\\/\\\/radioljubuski.ba\\\/wp-content\\\/uploads\\\/2021\\\/02\\\/cropped-Radio_Ljubuski_logo1.jpg\",\"contentUrl\":\"https:\\\/\\\/radioljubuski.ba\\\/wp-content\\\/uploads\\\/2021\\\/02\\\/cropped-Radio_Ljubuski_logo1.jpg\",\"width\":512,\"height\":512,\"caption\":\"Radio Ljubu\u0161ki\"},\"image\":{\"@id\":\"https:\\\/\\\/radioljubuski.ba\\\/#\\\/schema\\\/logo\\\/image\\\/\"},\"sameAs\":[\"https:\\\/\\\/www.facebook.com\\\/Radiio-Ljubuski-1490835324566332\",\"https:\\\/\\\/x.com\\\/radioljubuski\",\"https:\\\/\\\/hr.linkedin.com\\\/company\\\/radio-ljubuski\",\"https:\\\/\\\/www.youtube.com\\\/channel\\\/UCHYaeO_n0Db3tjNGudGpXyw\"]},{\"@type\":\"Person\",\"@id\":\"https:\\\/\\\/radioljubuski.ba\\\/#\\\/schema\\\/person\\\/19fc700381a780f69665d7956c469e3b\",\"name\":\"Radio Ljubu\u0161ki\"}]}<\/script>\n<!-- \/ Yoast SEO plugin. -->","yoast_head_json":{"title":"Hercegovina u plamenu: U Mostaru gorila ku\u0107a, u \u010capljini se spa\u0161avaju plastenici, u Konjicu po\u017ear na minskom podru\u010dju... - RADIO LJUBU\u0160KI","robots":{"index":"index","follow":"follow","max-snippet":"max-snippet:-1","max-image-preview":"max-image-preview:large","max-video-preview":"max-video-preview:-1"},"canonical":"https:\/\/radioljubuski.ba\/index.php\/2022\/03\/27\/hercegovina-u-plamenu-u-mostaru-gorila-kuca-u-capljini-se-spasavaju-plastenici-u-konjicu-pozar-na-minskom-podrucju\/","og_locale":"hr_HR","og_type":"article","og_title":"Hercegovina u plamenu: U Mostaru gorila ku\u0107a, u \u010capljini se spa\u0161avaju plastenici, u Konjicu po\u017ear na minskom podru\u010dju... - RADIO LJUBU\u0160KI","og_description":"Po\u017eari danima haraju Hercegovinom, a vatrogasci i lokalno stanovni\u0161tvo su na izmaku snaga. Gore ku\u0107e, raslinje, \u0161ume&#8230; Pogledajte intervencije vatrogasaca HN\u017d-a u posljednja 24 sata:&nbsp;&nbsp; MostarOd 12:50 do 14:00 sati, gorilo nisko raslinje u Grabovici.Od 12:56 do 19:30 sati, gorilo raslinje na Rui\u0161tu.Od 13:21 do 13:50 sati, gorilo raslinje na Kozicama.Od 13:52 do 16:00 sati, [&hellip;]","og_url":"https:\/\/radioljubuski.ba\/index.php\/2022\/03\/27\/hercegovina-u-plamenu-u-mostaru-gorila-kuca-u-capljini-se-spasavaju-plastenici-u-konjicu-pozar-na-minskom-podrucju\/","og_site_name":"RADIO LJUBU\u0160KI","article_publisher":"https:\/\/www.facebook.com\/Radiio-Ljubuski-1490835324566332","article_published_time":"2022-03-27T13:34:54+00:00","article_modified_time":"2022-03-27T13:34:55+00:00","og_image":[{"width":1000,"height":625,"url":"https:\/\/radioljubuski.ba\/wp-content\/uploads\/2022\/03\/8-2021-08-17-23-49-38-VATROGASCI-MOSTAR.jpg","type":"image\/jpeg"}],"author":"Radio Ljubu\u0161ki","twitter_card":"summary_large_image","twitter_creator":"@radioljubuski","twitter_site":"@radioljubuski","twitter_misc":{"Napisao\/la":"Radio Ljubu\u0161ki","Procijenjeno vrijeme \u010ditanja":"2 minute"},"schema":{"@context":"https:\/\/schema.org","@graph":[{"@type":"Article","@id":"https:\/\/radioljubuski.ba\/index.php\/2022\/03\/27\/hercegovina-u-plamenu-u-mostaru-gorila-kuca-u-capljini-se-spasavaju-plastenici-u-konjicu-pozar-na-minskom-podrucju\/#article","isPartOf":{"@id":"https:\/\/radioljubuski.ba\/index.php\/2022\/03\/27\/hercegovina-u-plamenu-u-mostaru-gorila-kuca-u-capljini-se-spasavaju-plastenici-u-konjicu-pozar-na-minskom-podrucju\/"},"author":{"name":"Radio Ljubu\u0161ki","@id":"https:\/\/radioljubuski.ba\/#\/schema\/person\/19fc700381a780f69665d7956c469e3b"},"headline":"Hercegovina u plamenu: U Mostaru gorila ku\u0107a, u \u010capljini se spa\u0161avaju plastenici, u Konjicu po\u017ear na minskom podru\u010dju&#8230;","datePublished":"2022-03-27T13:34:54+00:00","dateModified":"2022-03-27T13:34:55+00:00","mainEntityOfPage":{"@id":"https:\/\/radioljubuski.ba\/index.php\/2022\/03\/27\/hercegovina-u-plamenu-u-mostaru-gorila-kuca-u-capljini-se-spasavaju-plastenici-u-konjicu-pozar-na-minskom-podrucju\/"},"wordCount":402,"publisher":{"@id":"https:\/\/radioljubuski.ba\/#organization"},"image":{"@id":"https:\/\/radioljubuski.ba\/index.php\/2022\/03\/27\/hercegovina-u-plamenu-u-mostaru-gorila-kuca-u-capljini-se-spasavaju-plastenici-u-konjicu-pozar-na-minskom-podrucju\/#primaryimage"},"thumbnailUrl":"https:\/\/radioljubuski.ba\/wp-content\/uploads\/2022\/03\/8-2021-08-17-23-49-38-VATROGASCI-MOSTAR.jpg","articleSection":["BIH i regija"],"inLanguage":"hr"},{"@type":"WebPage","@id":"https:\/\/radioljubuski.ba\/index.php\/2022\/03\/27\/hercegovina-u-plamenu-u-mostaru-gorila-kuca-u-capljini-se-spasavaju-plastenici-u-konjicu-pozar-na-minskom-podrucju\/","url":"https:\/\/radioljubuski.ba\/index.php\/2022\/03\/27\/hercegovina-u-plamenu-u-mostaru-gorila-kuca-u-capljini-se-spasavaju-plastenici-u-konjicu-pozar-na-minskom-podrucju\/","name":"Hercegovina u plamenu: U Mostaru gorila ku\u0107a, u \u010capljini se spa\u0161avaju plastenici, u Konjicu po\u017ear na minskom podru\u010dju... - RADIO LJUBU\u0160KI","isPartOf":{"@id":"https:\/\/radioljubuski.ba\/#website"},"primaryImageOfPage":{"@id":"https:\/\/radioljubuski.ba\/index.php\/2022\/03\/27\/hercegovina-u-plamenu-u-mostaru-gorila-kuca-u-capljini-se-spasavaju-plastenici-u-konjicu-pozar-na-minskom-podrucju\/#primaryimage"},"image":{"@id":"https:\/\/radioljubuski.ba\/index.php\/2022\/03\/27\/hercegovina-u-plamenu-u-mostaru-gorila-kuca-u-capljini-se-spasavaju-plastenici-u-konjicu-pozar-na-minskom-podrucju\/#primaryimage"},"thumbnailUrl":"https:\/\/radioljubuski.ba\/wp-content\/uploads\/2022\/03\/8-2021-08-17-23-49-38-VATROGASCI-MOSTAR.jpg","datePublished":"2022-03-27T13:34:54+00:00","dateModified":"2022-03-27T13:34:55+00:00","breadcrumb":{"@id":"https:\/\/radioljubuski.ba\/index.php\/2022\/03\/27\/hercegovina-u-plamenu-u-mostaru-gorila-kuca-u-capljini-se-spasavaju-plastenici-u-konjicu-pozar-na-minskom-podrucju\/#breadcrumb"},"inLanguage":"hr","potentialAction":[{"@type":"ReadAction","target":["https:\/\/radioljubuski.ba\/index.php\/2022\/03\/27\/hercegovina-u-plamenu-u-mostaru-gorila-kuca-u-capljini-se-spasavaju-plastenici-u-konjicu-pozar-na-minskom-podrucju\/"]}]},{"@type":"ImageObject","inLanguage":"hr","@id":"https:\/\/radioljubuski.ba\/index.php\/2022\/03\/27\/hercegovina-u-plamenu-u-mostaru-gorila-kuca-u-capljini-se-spasavaju-plastenici-u-konjicu-pozar-na-minskom-podrucju\/#primaryimage","url":"https:\/\/radioljubuski.ba\/wp-content\/uploads\/2022\/03\/8-2021-08-17-23-49-38-VATROGASCI-MOSTAR.jpg","contentUrl":"https:\/\/radioljubuski.ba\/wp-content\/uploads\/2022\/03\/8-2021-08-17-23-49-38-VATROGASCI-MOSTAR.jpg","width":1000,"height":625},{"@type":"BreadcrumbList","@id":"https:\/\/radioljubuski.ba\/index.php\/2022\/03\/27\/hercegovina-u-plamenu-u-mostaru-gorila-kuca-u-capljini-se-spasavaju-plastenici-u-konjicu-pozar-na-minskom-podrucju\/#breadcrumb","itemListElement":[{"@type":"ListItem","position":1,"name":"Po\u010detna stranica","item":"https:\/\/radioljubuski.ba\/"},{"@type":"ListItem","position":2,"name":"Hercegovina u plamenu: U Mostaru gorila ku\u0107a, u \u010capljini se spa\u0161avaju plastenici, u Konjicu po\u017ear na minskom podru\u010dju&#8230;"}]},{"@type":"WebSite","@id":"https:\/\/radioljubuski.ba\/#website","url":"https:\/\/radioljubuski.ba\/","name":"Radio Ljubu\u0161ki","description":"Sun\u010dana frekvencija Hercegovine","publisher":{"@id":"https:\/\/radioljubuski.ba\/#organization"},"potentialAction":[{"@type":"SearchAction","target":{"@type":"EntryPoint","urlTemplate":"https:\/\/radioljubuski.ba\/?s={search_term_string}"},"query-input":{"@type":"PropertyValueSpecification","valueRequired":true,"valueName":"search_term_string"}}],"inLanguage":"hr"},{"@type":"Organization","@id":"https:\/\/radioljubuski.ba\/#organization","name":"Radio Ljubu\u0161ki","url":"https:\/\/radioljubuski.ba\/","logo":{"@type":"ImageObject","inLanguage":"hr","@id":"https:\/\/radioljubuski.ba\/#\/schema\/logo\/image\/","url":"https:\/\/radioljubuski.ba\/wp-content\/uploads\/2021\/02\/cropped-Radio_Ljubuski_logo1.jpg","contentUrl":"https:\/\/radioljubuski.ba\/wp-content\/uploads\/2021\/02\/cropped-Radio_Ljubuski_logo1.jpg","width":512,"height":512,"caption":"Radio Ljubu\u0161ki"},"image":{"@id":"https:\/\/radioljubuski.ba\/#\/schema\/logo\/image\/"},"sameAs":["https:\/\/www.facebook.com\/Radiio-Ljubuski-1490835324566332","https:\/\/x.com\/radioljubuski","https:\/\/hr.linkedin.com\/company\/radio-ljubuski","https:\/\/www.youtube.com\/channel\/UCHYaeO_n0Db3tjNGudGpXyw"]},{"@type":"Person","@id":"https:\/\/radioljubuski.ba\/#\/schema\/person\/19fc700381a780f69665d7956c469e3b","name":"Radio Ljubu\u0161ki"}]}},"_links":{"self":[{"href":"https:\/\/radioljubuski.ba\/index.php\/wp-json\/wp\/v2\/posts\/125731","targetHints":{"allow":["GET"]}}],"collection":[{"href":"https:\/\/radioljubuski.ba\/index.php\/wp-json\/wp\/v2\/posts"}],"about":[{"href":"https:\/\/radioljubuski.ba\/index.php\/wp-json\/wp\/v2\/types\/post"}],"author":[{"embeddable":true,"href":"https:\/\/radioljubuski.ba\/index.php\/wp-json\/wp\/v2\/users\/2"}],"replies":[{"embeddable":true,"href":"https:\/\/radioljubuski.ba\/index.php\/wp-json\/wp\/v2\/comments?post=125731"}],"version-history":[{"count":1,"href":"https:\/\/radioljubuski.ba\/index.php\/wp-json\/wp\/v2\/posts\/125731\/revisions"}],"predecessor-version":[{"id":125732,"href":"https:\/\/radioljubuski.ba\/index.php\/wp-json\/wp\/v2\/posts\/125731\/revisions\/125732"}],"wp:featuredmedia":[{"embeddable":true,"href":"https:\/\/radioljubuski.ba\/index.php\/wp-json\/wp\/v2\/media\/122875"}],"wp:attachment":[{"href":"https:\/\/radioljubuski.ba\/index.php\/wp-json\/wp\/v2\/media?parent=125731"}],"wp:term":[{"taxonomy":"category","embeddable":true,"href":"https:\/\/radioljubuski.ba\/index.php\/wp-json\/wp\/v2\/categories?post=125731"},{"taxonomy":"post_tag","embeddable":true,"href":"https:\/\/radioljubuski.ba\/index.php\/wp-json\/wp\/v2\/tags?post=125731"}],"curies":[{"name":"wp","href":"https:\/\/api.w.org\/{rel}","templated":true}]}}