{"id":12626,"date":"2021-04-13T18:52:28","date_gmt":"2021-04-13T17:52:28","guid":{"rendered":"https:\/\/radioljubuski.ba\/?p=12626"},"modified":"2021-04-13T18:52:29","modified_gmt":"2021-04-13T17:52:29","slug":"kombiniranje-doza-koliko-je-mijesanje-cjepiva-ucinkovito","status":"publish","type":"post","link":"https:\/\/radioljubuski.ba\/index.php\/2021\/04\/13\/kombiniranje-doza-koliko-je-mijesanje-cjepiva-ucinkovito\/","title":{"rendered":"Kombiniranje doza: Koliko je mije\u0161anje cjepiva u\u010dinkovito?"},"content":{"rendered":"\n<p>Prva doza AstraZenece s drugom dozom Pfizerova cjepiva mogla bi dati bolju imunost, ali potrebna su klini\u010dka ispitivanja.<\/p>\n\n\n\n<p>\u0160to se vi\u0161e ljudi cijepi, \u0161to se vi\u0161e cjepiva registrira, to se \u010de\u0161\u0107e pokazuju nove mogu\u0107nosti za primjenu postoje\u0107ih cjepiva, kao i nova saznanja o njima. U samo proteklih nekoliko dana razvilo se u svjetskoj javnosti nekoliko rasprava o cjepivima. Kombiniranje cjepiva za Ve\u010dernji list komentirao je imunolog Zlatko Trobonja\u010da.<\/p>\n\n\n\n<p>Primjerice, ju\u010der se pojavila vijest da je jedan kineski stru\u010dnjak spomenuo mogu\u0107nost kombiniranja kineskih cjepiva, nije specificirao s kojima to\u010dno, kineskim ili stranim, no \u010dinjenica je da o kineskim cjepivima ne znamo dovoljno.<\/p>\n\n\n\n<p>\u0160tite od te\u0161kog oblika bolesti<\/p>\n\n\n\n<p>Iako vi\u0161e kineskih tvrtki radi na proizvodnji cjepiva, obi\u010dno pod kolokvijalnim nazivom \u201ckineska cjepiva\u201d mislimo na ona tvrtki Sinovac i Sinopharm. Radi se o cjepivima koja se po tehnologiji proizvodnje i metodi poticanja imunosti razlikuju od cjepiva tvrtki Pfizer, Moderna ili AstraZeneca.<\/p>\n\n\n\n<p>Naime, ove kineske tvrtke primjenjuju tehniku slabljenja (atenuacije) SARS-CoV-2 virusa adaptacijom rasta in vitro na tzv. vero stani\u010dnoj liniji dobivenoj od epitelnih stanica bubrega afri\u010dkog zelenog majmuna. Pri tome virus gubi mogu\u0107nost diobe i rasta u humanim stanicama, ali zadr\u017eava antigenska svojstva tipi\u010dna za originalni virus. Prema tome, ako je antigenski identi\u010dan originalnom, a ne mo\u017ee izazvati bolest, mo\u017ee se koristiti kao cjepivo.<\/p>\n\n\n\n<p>\u201cOvom i sli\u010dnim metodama dobivaju se i mnoga druga cjepiva u za\u0161titi ljudi od zaraznih bolesti. Deklarirana u\u010dinkovitost ovih kineskih cjepiva je oko 80%, \u0161to zna\u010di da se taj postotak cijepljenih ne bi trebao simptomatski razboljeti, no oba cjepiva pokazuju gotovo 100-postotnu za\u0161titu od te\u0161ke bolesti covid-19 i smrti.<\/p>\n\n\n\n<p>Dodu\u0161e, postotak za\u0161tite cjepivom Sinovac varira me\u0111u razli\u010ditim zemljama, po\u010dev\u0161i od Turske gdje je ona ve\u0107a od 80% do Brazila i Srbije gdje ima u\u010dinkovitost od oko 50%. Budu\u0107i da je tradicionalna tehnika pripreme cjepiva slabljenjem virusa ne\u0161to starija, skuplja i ne\u0161to slabije u\u010dinkovitosti, europske zemlje koriste cjepiva pripravljena tehnolo\u0161ki naprednijim metodama isporuke genetskog materijala SARS-CoV-2 virusa adenovirusnim ili liposomalnim nosa\u010dima\u201d, objasnio je dr. Trobonja\u010da.<\/p>\n\n\n\n<p>\u201cPostoje ideje kombinacije cjepiva, onih dvodoznih (Pfizer, Moderna, AstraZeneca, Sputnjik itd.) ili naknadnog docjepljivanja nakon primjene jednodoznog cjepiva (npr. J&amp;J) nekim drugim cjepivom. Ako razmatramo tu mogu\u0107nost na teoretskoj razini, to bi bilo mogu\u0107e budu\u0107i da sva ova cjepiva kodiraju za isti protein s malo razlika, odnosno sva vode u stvaranje proteina \u0161iljastog nastavka (S-protein) SARS-CoV-2 virusa, na koji se potom razvija imunosni odgovor stvaranjem antitijela i poticanjem limfocita T. Prema tome, ako induciramo imunosni odgovor S-proteinom jednog cjepiva, mo\u017eemo ga poja\u010dati S-proteinom proizvedenim djelovanjem drugog cjepiva. Dodatna za\u0161tita mogla bi se posti\u0107i kombinacijom adenovirusnih cjepiva s liposomalnim, no u kojoj mjeri, te\u0161ko je re\u0107i, odnosno te\u0161ko je predvidjeti koliko bi kombinacija razli\u010ditih cjepiva bila bolja od dvije doze istovrsnog. Ipak, \u010dini mi se da bi prva doza AstraZenecina adenovirusnog u kombinaciji s drugom dozom liposomalnog (Pfizer, Moderna) cjepiva mogla dati bolju imunost nego obje AZ doze. Time bi se izbjeglo imunosno djelovanje protiv samog adenovirusnog vektora koje je mogu\u0107e u drugoj dozi nakon senzibilizacije s prvom. No, kao u primjeni svakog drugog biolo\u0161kog pripravka na ljudima, potrebno je provesti odre\u0111ena klini\u010dka ispitivanja, da se utvrdi prvenstveno potpuna ne\u0161tetnost te korisnost takvog postupka\u201d, rekao je imunolog.<\/p>\n\n\n\n<p>Dobro pokrivaju britanski soj<\/p>\n\n\n\n<p>Ostaje pitanje novih sojeva koji \u201cnose\u201d ovaj tre\u0107i val, tko je na putu da \u201cpokrije\u201d i njih svojim cjepivom, rano su Moderna i Pfizer\/ BioNTech objavili da ubrzano rade na takvim rje\u0161enjima.<\/p>\n\n\n\n<p>\u201cNemam podatke za druge tvrtke, no mo\u017eemo sa sigurno\u0161\u0107u pretpostaviti da i drugi proizvo\u0111a\u010di intenzivno rade na pripremi modificiranih cjepiva, prilago\u0111enih novim sojevima. Naime, vidimo da se virus mijenja mutacijama i da nastaju sojevi na koje prethodno stvorena imunost ponekad slabo djeluje. Postoji mogu\u0107nost da \u0107e s vremenom nastati sojevi na koje postoje\u0107a imunost uop\u0107e ne\u0107e djelovati. Na sre\u0107u prilagodba cjepiva sada mo\u017ee i\u0107i vrlo brzo budu\u0107i da osnovna tehnologija, a to je primjena vektora, ostaje ista. Mijenja se samo genetski materijal koji \u0107e sada kodirati za nove, mutirane virusne proteine. Za sada sva cjepiva izuzetno dobro pokrivaju britanski soj, no ju\u017enoafri\u010dki i brazilski su puno slabije pokriveni iako bi i protiv njih cjepiva trebala \u0161tititi od te\u017eeg oblika covid-19 i smrti\u201d, ka\u017ee dr. Trobonja\u010da.<\/p>\n\n\n\n<p>Izvor:vecernji.ba<\/p>\n","protected":false},"excerpt":{"rendered":"<p>Prva doza AstraZenece s drugom dozom Pfizerova cjepiva mogla bi dati bolju imunost, ali potrebna su klini\u010dka ispitivanja. \u0160to se vi\u0161e ljudi cijepi, \u0161to se vi\u0161e cjepiva registrira, to se \u010de\u0161\u0107e pokazuju nove mogu\u0107nosti za primjenu postoje\u0107ih cjepiva, kao i nova saznanja o njima. U samo proteklih nekoliko dana razvilo se u svjetskoj javnosti nekoliko [&hellip;]<\/p>\n","protected":false},"author":2,"featured_media":3356,"comment_status":"closed","ping_status":"closed","sticky":false,"template":"","format":"standard","meta":{"h5ap_radio_sources":[],"footnotes":""},"categories":[1],"tags":[],"class_list":["post-12626","post","type-post","status-publish","format-standard","has-post-thumbnail","hentry","category-bihiregija"],"yoast_head":"<!-- This site is optimized with the Yoast SEO plugin v27.5 - https:\/\/yoast.com\/product\/yoast-seo-wordpress\/ -->\n<title>Kombiniranje doza: Koliko je mije\u0161anje cjepiva u\u010dinkovito? - RADIO LJUBU\u0160KI<\/title>\n<meta name=\"robots\" content=\"index, follow, max-snippet:-1, max-image-preview:large, max-video-preview:-1\" \/>\n<link rel=\"canonical\" href=\"https:\/\/radioljubuski.ba\/index.php\/2021\/04\/13\/kombiniranje-doza-koliko-je-mijesanje-cjepiva-ucinkovito\/\" \/>\n<meta property=\"og:locale\" content=\"hr_HR\" \/>\n<meta property=\"og:type\" content=\"article\" \/>\n<meta property=\"og:title\" content=\"Kombiniranje doza: Koliko je mije\u0161anje cjepiva u\u010dinkovito? - RADIO LJUBU\u0160KI\" \/>\n<meta property=\"og:description\" content=\"Prva doza AstraZenece s drugom dozom Pfizerova cjepiva mogla bi dati bolju imunost, ali potrebna su klini\u010dka ispitivanja. \u0160to se vi\u0161e ljudi cijepi, \u0161to se vi\u0161e cjepiva registrira, to se \u010de\u0161\u0107e pokazuju nove mogu\u0107nosti za primjenu postoje\u0107ih cjepiva, kao i nova saznanja o njima. U samo proteklih nekoliko dana razvilo se u svjetskoj javnosti nekoliko [&hellip;]\" \/>\n<meta property=\"og:url\" content=\"https:\/\/radioljubuski.ba\/index.php\/2021\/04\/13\/kombiniranje-doza-koliko-je-mijesanje-cjepiva-ucinkovito\/\" \/>\n<meta property=\"og:site_name\" content=\"RADIO LJUBU\u0160KI\" \/>\n<meta property=\"article:publisher\" content=\"https:\/\/www.facebook.com\/Radiio-Ljubuski-1490835324566332\" \/>\n<meta property=\"article:published_time\" content=\"2021-04-13T17:52:28+00:00\" \/>\n<meta property=\"article:modified_time\" content=\"2021-04-13T17:52:29+00:00\" \/>\n<meta property=\"og:image\" content=\"https:\/\/radioljubuski.ba\/wp-content\/uploads\/2021\/03\/pxl-060321-32064076-20210313064306.jpg\" \/>\n\t<meta property=\"og:image:width\" content=\"1600\" \/>\n\t<meta property=\"og:image:height\" content=\"1009\" \/>\n\t<meta property=\"og:image:type\" content=\"image\/jpeg\" \/>\n<meta name=\"author\" content=\"Radio Ljubu\u0161ki\" \/>\n<meta name=\"twitter:card\" content=\"summary_large_image\" \/>\n<meta name=\"twitter:creator\" content=\"@radioljubuski\" \/>\n<meta name=\"twitter:site\" content=\"@radioljubuski\" \/>\n<meta name=\"twitter:label1\" content=\"Napisao\/la\" \/>\n\t<meta name=\"twitter:data1\" content=\"Radio Ljubu\u0161ki\" \/>\n\t<meta name=\"twitter:label2\" content=\"Procijenjeno vrijeme \u010ditanja\" \/>\n\t<meta name=\"twitter:data2\" content=\"3 minute\" \/>\n<script type=\"application\/ld+json\" class=\"yoast-schema-graph\">{\"@context\":\"https:\\\/\\\/schema.org\",\"@graph\":[{\"@type\":\"Article\",\"@id\":\"https:\\\/\\\/radioljubuski.ba\\\/index.php\\\/2021\\\/04\\\/13\\\/kombiniranje-doza-koliko-je-mijesanje-cjepiva-ucinkovito\\\/#article\",\"isPartOf\":{\"@id\":\"https:\\\/\\\/radioljubuski.ba\\\/index.php\\\/2021\\\/04\\\/13\\\/kombiniranje-doza-koliko-je-mijesanje-cjepiva-ucinkovito\\\/\"},\"author\":{\"name\":\"Radio Ljubu\u0161ki\",\"@id\":\"https:\\\/\\\/radioljubuski.ba\\\/#\\\/schema\\\/person\\\/19fc700381a780f69665d7956c469e3b\"},\"headline\":\"Kombiniranje doza: Koliko je mije\u0161anje cjepiva u\u010dinkovito?\",\"datePublished\":\"2021-04-13T17:52:28+00:00\",\"dateModified\":\"2021-04-13T17:52:29+00:00\",\"mainEntityOfPage\":{\"@id\":\"https:\\\/\\\/radioljubuski.ba\\\/index.php\\\/2021\\\/04\\\/13\\\/kombiniranje-doza-koliko-je-mijesanje-cjepiva-ucinkovito\\\/\"},\"wordCount\":773,\"publisher\":{\"@id\":\"https:\\\/\\\/radioljubuski.ba\\\/#organization\"},\"image\":{\"@id\":\"https:\\\/\\\/radioljubuski.ba\\\/index.php\\\/2021\\\/04\\\/13\\\/kombiniranje-doza-koliko-je-mijesanje-cjepiva-ucinkovito\\\/#primaryimage\"},\"thumbnailUrl\":\"https:\\\/\\\/radioljubuski.ba\\\/wp-content\\\/uploads\\\/2021\\\/03\\\/pxl-060321-32064076-20210313064306.jpg\",\"articleSection\":[\"BIH i regija\"],\"inLanguage\":\"hr\"},{\"@type\":\"WebPage\",\"@id\":\"https:\\\/\\\/radioljubuski.ba\\\/index.php\\\/2021\\\/04\\\/13\\\/kombiniranje-doza-koliko-je-mijesanje-cjepiva-ucinkovito\\\/\",\"url\":\"https:\\\/\\\/radioljubuski.ba\\\/index.php\\\/2021\\\/04\\\/13\\\/kombiniranje-doza-koliko-je-mijesanje-cjepiva-ucinkovito\\\/\",\"name\":\"Kombiniranje doza: Koliko je mije\u0161anje cjepiva u\u010dinkovito? - RADIO LJUBU\u0160KI\",\"isPartOf\":{\"@id\":\"https:\\\/\\\/radioljubuski.ba\\\/#website\"},\"primaryImageOfPage\":{\"@id\":\"https:\\\/\\\/radioljubuski.ba\\\/index.php\\\/2021\\\/04\\\/13\\\/kombiniranje-doza-koliko-je-mijesanje-cjepiva-ucinkovito\\\/#primaryimage\"},\"image\":{\"@id\":\"https:\\\/\\\/radioljubuski.ba\\\/index.php\\\/2021\\\/04\\\/13\\\/kombiniranje-doza-koliko-je-mijesanje-cjepiva-ucinkovito\\\/#primaryimage\"},\"thumbnailUrl\":\"https:\\\/\\\/radioljubuski.ba\\\/wp-content\\\/uploads\\\/2021\\\/03\\\/pxl-060321-32064076-20210313064306.jpg\",\"datePublished\":\"2021-04-13T17:52:28+00:00\",\"dateModified\":\"2021-04-13T17:52:29+00:00\",\"breadcrumb\":{\"@id\":\"https:\\\/\\\/radioljubuski.ba\\\/index.php\\\/2021\\\/04\\\/13\\\/kombiniranje-doza-koliko-je-mijesanje-cjepiva-ucinkovito\\\/#breadcrumb\"},\"inLanguage\":\"hr\",\"potentialAction\":[{\"@type\":\"ReadAction\",\"target\":[\"https:\\\/\\\/radioljubuski.ba\\\/index.php\\\/2021\\\/04\\\/13\\\/kombiniranje-doza-koliko-je-mijesanje-cjepiva-ucinkovito\\\/\"]}]},{\"@type\":\"ImageObject\",\"inLanguage\":\"hr\",\"@id\":\"https:\\\/\\\/radioljubuski.ba\\\/index.php\\\/2021\\\/04\\\/13\\\/kombiniranje-doza-koliko-je-mijesanje-cjepiva-ucinkovito\\\/#primaryimage\",\"url\":\"https:\\\/\\\/radioljubuski.ba\\\/wp-content\\\/uploads\\\/2021\\\/03\\\/pxl-060321-32064076-20210313064306.jpg\",\"contentUrl\":\"https:\\\/\\\/radioljubuski.ba\\\/wp-content\\\/uploads\\\/2021\\\/03\\\/pxl-060321-32064076-20210313064306.jpg\",\"width\":1600,\"height\":1009,\"caption\":\"06.03.2021., Karlovac - U dvorani Ekonomsko turisticke skole u Karlovcu provodi se masovno cijepljenje gradjana protiv koronavirusa. U drugom krugu cijepit ce 630 gradjana s 360 doza Pfizerovog i 270 Astra Zeneca cijepivom. Photo: Kristina Stedul Fabac\\\/PIXSELL\"},{\"@type\":\"BreadcrumbList\",\"@id\":\"https:\\\/\\\/radioljubuski.ba\\\/index.php\\\/2021\\\/04\\\/13\\\/kombiniranje-doza-koliko-je-mijesanje-cjepiva-ucinkovito\\\/#breadcrumb\",\"itemListElement\":[{\"@type\":\"ListItem\",\"position\":1,\"name\":\"Po\u010detna stranica\",\"item\":\"https:\\\/\\\/radioljubuski.ba\\\/\"},{\"@type\":\"ListItem\",\"position\":2,\"name\":\"Kombiniranje doza: Koliko je mije\u0161anje cjepiva u\u010dinkovito?\"}]},{\"@type\":\"WebSite\",\"@id\":\"https:\\\/\\\/radioljubuski.ba\\\/#website\",\"url\":\"https:\\\/\\\/radioljubuski.ba\\\/\",\"name\":\"Radio Ljubu\u0161ki\",\"description\":\"Sun\u010dana frekvencija Hercegovine\",\"publisher\":{\"@id\":\"https:\\\/\\\/radioljubuski.ba\\\/#organization\"},\"potentialAction\":[{\"@type\":\"SearchAction\",\"target\":{\"@type\":\"EntryPoint\",\"urlTemplate\":\"https:\\\/\\\/radioljubuski.ba\\\/?s={search_term_string}\"},\"query-input\":{\"@type\":\"PropertyValueSpecification\",\"valueRequired\":true,\"valueName\":\"search_term_string\"}}],\"inLanguage\":\"hr\"},{\"@type\":\"Organization\",\"@id\":\"https:\\\/\\\/radioljubuski.ba\\\/#organization\",\"name\":\"Radio Ljubu\u0161ki\",\"url\":\"https:\\\/\\\/radioljubuski.ba\\\/\",\"logo\":{\"@type\":\"ImageObject\",\"inLanguage\":\"hr\",\"@id\":\"https:\\\/\\\/radioljubuski.ba\\\/#\\\/schema\\\/logo\\\/image\\\/\",\"url\":\"https:\\\/\\\/radioljubuski.ba\\\/wp-content\\\/uploads\\\/2021\\\/02\\\/cropped-Radio_Ljubuski_logo1.jpg\",\"contentUrl\":\"https:\\\/\\\/radioljubuski.ba\\\/wp-content\\\/uploads\\\/2021\\\/02\\\/cropped-Radio_Ljubuski_logo1.jpg\",\"width\":512,\"height\":512,\"caption\":\"Radio Ljubu\u0161ki\"},\"image\":{\"@id\":\"https:\\\/\\\/radioljubuski.ba\\\/#\\\/schema\\\/logo\\\/image\\\/\"},\"sameAs\":[\"https:\\\/\\\/www.facebook.com\\\/Radiio-Ljubuski-1490835324566332\",\"https:\\\/\\\/x.com\\\/radioljubuski\",\"https:\\\/\\\/hr.linkedin.com\\\/company\\\/radio-ljubuski\",\"https:\\\/\\\/www.youtube.com\\\/channel\\\/UCHYaeO_n0Db3tjNGudGpXyw\"]},{\"@type\":\"Person\",\"@id\":\"https:\\\/\\\/radioljubuski.ba\\\/#\\\/schema\\\/person\\\/19fc700381a780f69665d7956c469e3b\",\"name\":\"Radio Ljubu\u0161ki\"}]}<\/script>\n<!-- \/ Yoast SEO plugin. -->","yoast_head_json":{"title":"Kombiniranje doza: Koliko je mije\u0161anje cjepiva u\u010dinkovito? - RADIO LJUBU\u0160KI","robots":{"index":"index","follow":"follow","max-snippet":"max-snippet:-1","max-image-preview":"max-image-preview:large","max-video-preview":"max-video-preview:-1"},"canonical":"https:\/\/radioljubuski.ba\/index.php\/2021\/04\/13\/kombiniranje-doza-koliko-je-mijesanje-cjepiva-ucinkovito\/","og_locale":"hr_HR","og_type":"article","og_title":"Kombiniranje doza: Koliko je mije\u0161anje cjepiva u\u010dinkovito? - RADIO LJUBU\u0160KI","og_description":"Prva doza AstraZenece s drugom dozom Pfizerova cjepiva mogla bi dati bolju imunost, ali potrebna su klini\u010dka ispitivanja. \u0160to se vi\u0161e ljudi cijepi, \u0161to se vi\u0161e cjepiva registrira, to se \u010de\u0161\u0107e pokazuju nove mogu\u0107nosti za primjenu postoje\u0107ih cjepiva, kao i nova saznanja o njima. U samo proteklih nekoliko dana razvilo se u svjetskoj javnosti nekoliko [&hellip;]","og_url":"https:\/\/radioljubuski.ba\/index.php\/2021\/04\/13\/kombiniranje-doza-koliko-je-mijesanje-cjepiva-ucinkovito\/","og_site_name":"RADIO LJUBU\u0160KI","article_publisher":"https:\/\/www.facebook.com\/Radiio-Ljubuski-1490835324566332","article_published_time":"2021-04-13T17:52:28+00:00","article_modified_time":"2021-04-13T17:52:29+00:00","og_image":[{"width":1600,"height":1009,"url":"https:\/\/radioljubuski.ba\/wp-content\/uploads\/2021\/03\/pxl-060321-32064076-20210313064306.jpg","type":"image\/jpeg"}],"author":"Radio Ljubu\u0161ki","twitter_card":"summary_large_image","twitter_creator":"@radioljubuski","twitter_site":"@radioljubuski","twitter_misc":{"Napisao\/la":"Radio Ljubu\u0161ki","Procijenjeno vrijeme \u010ditanja":"3 minute"},"schema":{"@context":"https:\/\/schema.org","@graph":[{"@type":"Article","@id":"https:\/\/radioljubuski.ba\/index.php\/2021\/04\/13\/kombiniranje-doza-koliko-je-mijesanje-cjepiva-ucinkovito\/#article","isPartOf":{"@id":"https:\/\/radioljubuski.ba\/index.php\/2021\/04\/13\/kombiniranje-doza-koliko-je-mijesanje-cjepiva-ucinkovito\/"},"author":{"name":"Radio Ljubu\u0161ki","@id":"https:\/\/radioljubuski.ba\/#\/schema\/person\/19fc700381a780f69665d7956c469e3b"},"headline":"Kombiniranje doza: Koliko je mije\u0161anje cjepiva u\u010dinkovito?","datePublished":"2021-04-13T17:52:28+00:00","dateModified":"2021-04-13T17:52:29+00:00","mainEntityOfPage":{"@id":"https:\/\/radioljubuski.ba\/index.php\/2021\/04\/13\/kombiniranje-doza-koliko-je-mijesanje-cjepiva-ucinkovito\/"},"wordCount":773,"publisher":{"@id":"https:\/\/radioljubuski.ba\/#organization"},"image":{"@id":"https:\/\/radioljubuski.ba\/index.php\/2021\/04\/13\/kombiniranje-doza-koliko-je-mijesanje-cjepiva-ucinkovito\/#primaryimage"},"thumbnailUrl":"https:\/\/radioljubuski.ba\/wp-content\/uploads\/2021\/03\/pxl-060321-32064076-20210313064306.jpg","articleSection":["BIH i regija"],"inLanguage":"hr"},{"@type":"WebPage","@id":"https:\/\/radioljubuski.ba\/index.php\/2021\/04\/13\/kombiniranje-doza-koliko-je-mijesanje-cjepiva-ucinkovito\/","url":"https:\/\/radioljubuski.ba\/index.php\/2021\/04\/13\/kombiniranje-doza-koliko-je-mijesanje-cjepiva-ucinkovito\/","name":"Kombiniranje doza: Koliko je mije\u0161anje cjepiva u\u010dinkovito? - RADIO LJUBU\u0160KI","isPartOf":{"@id":"https:\/\/radioljubuski.ba\/#website"},"primaryImageOfPage":{"@id":"https:\/\/radioljubuski.ba\/index.php\/2021\/04\/13\/kombiniranje-doza-koliko-je-mijesanje-cjepiva-ucinkovito\/#primaryimage"},"image":{"@id":"https:\/\/radioljubuski.ba\/index.php\/2021\/04\/13\/kombiniranje-doza-koliko-je-mijesanje-cjepiva-ucinkovito\/#primaryimage"},"thumbnailUrl":"https:\/\/radioljubuski.ba\/wp-content\/uploads\/2021\/03\/pxl-060321-32064076-20210313064306.jpg","datePublished":"2021-04-13T17:52:28+00:00","dateModified":"2021-04-13T17:52:29+00:00","breadcrumb":{"@id":"https:\/\/radioljubuski.ba\/index.php\/2021\/04\/13\/kombiniranje-doza-koliko-je-mijesanje-cjepiva-ucinkovito\/#breadcrumb"},"inLanguage":"hr","potentialAction":[{"@type":"ReadAction","target":["https:\/\/radioljubuski.ba\/index.php\/2021\/04\/13\/kombiniranje-doza-koliko-je-mijesanje-cjepiva-ucinkovito\/"]}]},{"@type":"ImageObject","inLanguage":"hr","@id":"https:\/\/radioljubuski.ba\/index.php\/2021\/04\/13\/kombiniranje-doza-koliko-je-mijesanje-cjepiva-ucinkovito\/#primaryimage","url":"https:\/\/radioljubuski.ba\/wp-content\/uploads\/2021\/03\/pxl-060321-32064076-20210313064306.jpg","contentUrl":"https:\/\/radioljubuski.ba\/wp-content\/uploads\/2021\/03\/pxl-060321-32064076-20210313064306.jpg","width":1600,"height":1009,"caption":"06.03.2021., Karlovac - U dvorani Ekonomsko turisticke skole u Karlovcu provodi se masovno cijepljenje gradjana protiv koronavirusa. U drugom krugu cijepit ce 630 gradjana s 360 doza Pfizerovog i 270 Astra Zeneca cijepivom. Photo: Kristina Stedul Fabac\/PIXSELL"},{"@type":"BreadcrumbList","@id":"https:\/\/radioljubuski.ba\/index.php\/2021\/04\/13\/kombiniranje-doza-koliko-je-mijesanje-cjepiva-ucinkovito\/#breadcrumb","itemListElement":[{"@type":"ListItem","position":1,"name":"Po\u010detna stranica","item":"https:\/\/radioljubuski.ba\/"},{"@type":"ListItem","position":2,"name":"Kombiniranje doza: Koliko je mije\u0161anje cjepiva u\u010dinkovito?"}]},{"@type":"WebSite","@id":"https:\/\/radioljubuski.ba\/#website","url":"https:\/\/radioljubuski.ba\/","name":"Radio Ljubu\u0161ki","description":"Sun\u010dana frekvencija Hercegovine","publisher":{"@id":"https:\/\/radioljubuski.ba\/#organization"},"potentialAction":[{"@type":"SearchAction","target":{"@type":"EntryPoint","urlTemplate":"https:\/\/radioljubuski.ba\/?s={search_term_string}"},"query-input":{"@type":"PropertyValueSpecification","valueRequired":true,"valueName":"search_term_string"}}],"inLanguage":"hr"},{"@type":"Organization","@id":"https:\/\/radioljubuski.ba\/#organization","name":"Radio Ljubu\u0161ki","url":"https:\/\/radioljubuski.ba\/","logo":{"@type":"ImageObject","inLanguage":"hr","@id":"https:\/\/radioljubuski.ba\/#\/schema\/logo\/image\/","url":"https:\/\/radioljubuski.ba\/wp-content\/uploads\/2021\/02\/cropped-Radio_Ljubuski_logo1.jpg","contentUrl":"https:\/\/radioljubuski.ba\/wp-content\/uploads\/2021\/02\/cropped-Radio_Ljubuski_logo1.jpg","width":512,"height":512,"caption":"Radio Ljubu\u0161ki"},"image":{"@id":"https:\/\/radioljubuski.ba\/#\/schema\/logo\/image\/"},"sameAs":["https:\/\/www.facebook.com\/Radiio-Ljubuski-1490835324566332","https:\/\/x.com\/radioljubuski","https:\/\/hr.linkedin.com\/company\/radio-ljubuski","https:\/\/www.youtube.com\/channel\/UCHYaeO_n0Db3tjNGudGpXyw"]},{"@type":"Person","@id":"https:\/\/radioljubuski.ba\/#\/schema\/person\/19fc700381a780f69665d7956c469e3b","name":"Radio Ljubu\u0161ki"}]}},"_links":{"self":[{"href":"https:\/\/radioljubuski.ba\/index.php\/wp-json\/wp\/v2\/posts\/12626","targetHints":{"allow":["GET"]}}],"collection":[{"href":"https:\/\/radioljubuski.ba\/index.php\/wp-json\/wp\/v2\/posts"}],"about":[{"href":"https:\/\/radioljubuski.ba\/index.php\/wp-json\/wp\/v2\/types\/post"}],"author":[{"embeddable":true,"href":"https:\/\/radioljubuski.ba\/index.php\/wp-json\/wp\/v2\/users\/2"}],"replies":[{"embeddable":true,"href":"https:\/\/radioljubuski.ba\/index.php\/wp-json\/wp\/v2\/comments?post=12626"}],"version-history":[{"count":1,"href":"https:\/\/radioljubuski.ba\/index.php\/wp-json\/wp\/v2\/posts\/12626\/revisions"}],"predecessor-version":[{"id":12627,"href":"https:\/\/radioljubuski.ba\/index.php\/wp-json\/wp\/v2\/posts\/12626\/revisions\/12627"}],"wp:featuredmedia":[{"embeddable":true,"href":"https:\/\/radioljubuski.ba\/index.php\/wp-json\/wp\/v2\/media\/3356"}],"wp:attachment":[{"href":"https:\/\/radioljubuski.ba\/index.php\/wp-json\/wp\/v2\/media?parent=12626"}],"wp:term":[{"taxonomy":"category","embeddable":true,"href":"https:\/\/radioljubuski.ba\/index.php\/wp-json\/wp\/v2\/categories?post=12626"},{"taxonomy":"post_tag","embeddable":true,"href":"https:\/\/radioljubuski.ba\/index.php\/wp-json\/wp\/v2\/tags?post=12626"}],"curies":[{"name":"wp","href":"https:\/\/api.w.org\/{rel}","templated":true}]}}