{"id":126343,"date":"2022-03-29T11:09:02","date_gmt":"2022-03-29T10:09:02","guid":{"rendered":"https:\/\/radioljubuski.ba\/?p=126343"},"modified":"2022-03-29T11:09:02","modified_gmt":"2022-03-29T10:09:02","slug":"franjic-dobra-atmosfera-kljuc-je-svakog-uspjeha","status":"publish","type":"post","link":"https:\/\/radioljubuski.ba\/index.php\/2022\/03\/29\/franjic-dobra-atmosfera-kljuc-je-svakog-uspjeha\/","title":{"rendered":"Franji\u0107: Dobra atmosfera klju\u010d je svakog uspjeha"},"content":{"rendered":"\n<p>Mladi hrvatski nogometa\u0161i do 21 godine starosti u utorak \u0107e igrati protiv vr\u0161njaka iz Finske u kvalifikacijama za Euro 2023. Susret je najavio hrvatski brani\u010d <strong>Bartol Franji\u0107<\/strong>.<\/p>\n\n\n\n<p>Nakon \u0161to su upisali svih \u0161est pobjeda u uvodnih \u0161est utakmica, izabranici <strong>Igora Bi\u0161\u0107ana<\/strong> prije tri dana odigrali su 0:0 s Austrijom.<br><br>&#8211; Analizirali smo Austriju, bila je to tvrda, ratni\u010dka utakmica i na\u017ealost nismo postigli taj pogodak da si jo\u0161 vi\u0161e olak\u0161amo put prema Europskom prvenstvu. Dat \u0107emo sve od sebe da sada pobijedimo Finsku i \u0161irom si otvorimo vrata. Austrija sada mora pobijediti Norve\u0161ku i nadam se da \u0107e nam pobjedom olak\u0161ati posao, rekao je za <a href=\"https:\/\/hns-cff.hr\/news\/23911\/franjic-dobra-atmosfera-je-kljuc-svakog-uspjeha\/\" target=\"_blank\" rel=\"noreferrer noopener\">HNS<\/a> Bartol Franji\u0107.<br><br>Sada je na redu Finska, koju su Bi\u0161\u0107anovi izabranici svladali u drugom kolu na te\u0161kom gostovanju lani po\u010detkom rujna. Hrvatska je slavila golovima <strong>Luke Su\u010di\u0107a<\/strong> iz kaznenog udarca u 73. minuti te <strong>Marina Ljubi\u010di\u0107a<\/strong> koji je kona\u010dnih 2:0 postavio u 87. minuti.<br><br>&#8211; Propustio sam taj nastup, ali naravno da sam pratio utakmicu. Bili su lo\u0161i vremenski uvjeti, no sre\u0107om smo zabili dva gola i pobijedili. Ta nam je gostuju\u0107a pobjeda puno zna\u010dila i s velikom vjerom mo\u017eemo u\u0107i u susret s Finskom kod ku\u0107e, rekao je Franji\u0107.<\/p>\n\n\n\n<p>Hrvatski brani\u010d pri\u017eeljkuje dobru atmosferu u Vara\u017edinu.<br><br>&#8211; Dobra atmosfera je klju\u010d svakog uspjeha, odli\u010dna smo grupa igra\u010da, ginemo jedni za drugoga, igramo kao ekipa. To je pokazatelj ovakvog rezultata, dodaje Franji\u0107, kojega uspore\u0111uju s izbornikom Bi\u0161\u0107anom.<br><br>&#8211; Velika nam je \u010dast i privilegija raditi s takvim izbornikom, \u010dovjekom koji je imao takvu karijeru. Mo\u017eemo mnogo nau\u010diti od njega. Drago mi je da me se uspore\u0111uje s njim, ali preda mnom je jo\u0161 duga\u010dak put. Nadam se da \u0107u imati barem pribli\u017enu karijeru, moram raditi svaki dan pa \u0107e i to do\u0107i, korak po korak, zaklju\u010dio je Franji\u0107.<\/p>\n\n\n\n<p>Izvor:hrt.hr<\/p>\n","protected":false},"excerpt":{"rendered":"<p>Mladi hrvatski nogometa\u0161i do 21 godine starosti u utorak \u0107e igrati protiv vr\u0161njaka iz Finske u kvalifikacijama za Euro 2023. Susret je najavio hrvatski brani\u010d Bartol Franji\u0107. Nakon \u0161to su upisali svih \u0161est pobjeda u uvodnih \u0161est utakmica, izabranici Igora Bi\u0161\u0107ana prije tri dana odigrali su 0:0 s Austrijom. &#8211; Analizirali smo Austriju, bila je [&hellip;]<\/p>\n","protected":false},"author":2,"featured_media":126344,"comment_status":"closed","ping_status":"closed","sticky":false,"template":"","format":"standard","meta":{"h5ap_radio_sources":[],"footnotes":""},"categories":[7],"tags":[],"class_list":["post-126343","post","type-post","status-publish","format-standard","has-post-thumbnail","hentry","category-sport"],"yoast_head":"<!-- This site is optimized with the Yoast SEO plugin v27.5 - https:\/\/yoast.com\/product\/yoast-seo-wordpress\/ -->\n<title>Franji\u0107: Dobra atmosfera klju\u010d je svakog uspjeha - RADIO LJUBU\u0160KI<\/title>\n<meta name=\"robots\" content=\"index, follow, max-snippet:-1, max-image-preview:large, max-video-preview:-1\" \/>\n<link rel=\"canonical\" href=\"https:\/\/radioljubuski.ba\/index.php\/2022\/03\/29\/franjic-dobra-atmosfera-kljuc-je-svakog-uspjeha\/\" \/>\n<meta property=\"og:locale\" content=\"hr_HR\" \/>\n<meta property=\"og:type\" content=\"article\" \/>\n<meta property=\"og:title\" content=\"Franji\u0107: Dobra atmosfera klju\u010d je svakog uspjeha - RADIO LJUBU\u0160KI\" \/>\n<meta property=\"og:description\" content=\"Mladi hrvatski nogometa\u0161i do 21 godine starosti u utorak \u0107e igrati protiv vr\u0161njaka iz Finske u kvalifikacijama za Euro 2023. Susret je najavio hrvatski brani\u010d Bartol Franji\u0107. Nakon \u0161to su upisali svih \u0161est pobjeda u uvodnih \u0161est utakmica, izabranici Igora Bi\u0161\u0107ana prije tri dana odigrali su 0:0 s Austrijom. &#8211; Analizirali smo Austriju, bila je [&hellip;]\" \/>\n<meta property=\"og:url\" content=\"https:\/\/radioljubuski.ba\/index.php\/2022\/03\/29\/franjic-dobra-atmosfera-kljuc-je-svakog-uspjeha\/\" \/>\n<meta property=\"og:site_name\" content=\"RADIO LJUBU\u0160KI\" \/>\n<meta property=\"article:publisher\" content=\"https:\/\/www.facebook.com\/Radiio-Ljubuski-1490835324566332\" \/>\n<meta property=\"article:published_time\" content=\"2022-03-29T10:09:02+00:00\" \/>\n<meta property=\"og:image\" content=\"https:\/\/radioljubuski.ba\/wp-content\/uploads\/2022\/03\/PXL_250322_92687317-1-1024x681-1.jpg\" \/>\n\t<meta property=\"og:image:width\" content=\"1024\" \/>\n\t<meta property=\"og:image:height\" content=\"681\" \/>\n\t<meta property=\"og:image:type\" content=\"image\/jpeg\" \/>\n<meta name=\"author\" content=\"Radio Ljubu\u0161ki\" \/>\n<meta name=\"twitter:card\" content=\"summary_large_image\" \/>\n<meta name=\"twitter:creator\" content=\"@radioljubuski\" \/>\n<meta name=\"twitter:site\" content=\"@radioljubuski\" \/>\n<meta name=\"twitter:label1\" content=\"Napisao\/la\" \/>\n\t<meta name=\"twitter:data1\" content=\"Radio Ljubu\u0161ki\" \/>\n\t<meta name=\"twitter:label2\" content=\"Procijenjeno vrijeme \u010ditanja\" \/>\n\t<meta name=\"twitter:data2\" content=\"2 minute\" \/>\n<script type=\"application\/ld+json\" class=\"yoast-schema-graph\">{\"@context\":\"https:\\\/\\\/schema.org\",\"@graph\":[{\"@type\":\"Article\",\"@id\":\"https:\\\/\\\/radioljubuski.ba\\\/index.php\\\/2022\\\/03\\\/29\\\/franjic-dobra-atmosfera-kljuc-je-svakog-uspjeha\\\/#article\",\"isPartOf\":{\"@id\":\"https:\\\/\\\/radioljubuski.ba\\\/index.php\\\/2022\\\/03\\\/29\\\/franjic-dobra-atmosfera-kljuc-je-svakog-uspjeha\\\/\"},\"author\":{\"name\":\"Radio Ljubu\u0161ki\",\"@id\":\"https:\\\/\\\/radioljubuski.ba\\\/#\\\/schema\\\/person\\\/19fc700381a780f69665d7956c469e3b\"},\"headline\":\"Franji\u0107: Dobra atmosfera klju\u010d je svakog uspjeha\",\"datePublished\":\"2022-03-29T10:09:02+00:00\",\"mainEntityOfPage\":{\"@id\":\"https:\\\/\\\/radioljubuski.ba\\\/index.php\\\/2022\\\/03\\\/29\\\/franjic-dobra-atmosfera-kljuc-je-svakog-uspjeha\\\/\"},\"wordCount\":335,\"publisher\":{\"@id\":\"https:\\\/\\\/radioljubuski.ba\\\/#organization\"},\"image\":{\"@id\":\"https:\\\/\\\/radioljubuski.ba\\\/index.php\\\/2022\\\/03\\\/29\\\/franjic-dobra-atmosfera-kljuc-je-svakog-uspjeha\\\/#primaryimage\"},\"thumbnailUrl\":\"https:\\\/\\\/radioljubuski.ba\\\/wp-content\\\/uploads\\\/2022\\\/03\\\/PXL_250322_92687317-1-1024x681-1.jpg\",\"articleSection\":[\"\u0160port\"],\"inLanguage\":\"hr\"},{\"@type\":\"WebPage\",\"@id\":\"https:\\\/\\\/radioljubuski.ba\\\/index.php\\\/2022\\\/03\\\/29\\\/franjic-dobra-atmosfera-kljuc-je-svakog-uspjeha\\\/\",\"url\":\"https:\\\/\\\/radioljubuski.ba\\\/index.php\\\/2022\\\/03\\\/29\\\/franjic-dobra-atmosfera-kljuc-je-svakog-uspjeha\\\/\",\"name\":\"Franji\u0107: Dobra atmosfera klju\u010d je svakog uspjeha - RADIO LJUBU\u0160KI\",\"isPartOf\":{\"@id\":\"https:\\\/\\\/radioljubuski.ba\\\/#website\"},\"primaryImageOfPage\":{\"@id\":\"https:\\\/\\\/radioljubuski.ba\\\/index.php\\\/2022\\\/03\\\/29\\\/franjic-dobra-atmosfera-kljuc-je-svakog-uspjeha\\\/#primaryimage\"},\"image\":{\"@id\":\"https:\\\/\\\/radioljubuski.ba\\\/index.php\\\/2022\\\/03\\\/29\\\/franjic-dobra-atmosfera-kljuc-je-svakog-uspjeha\\\/#primaryimage\"},\"thumbnailUrl\":\"https:\\\/\\\/radioljubuski.ba\\\/wp-content\\\/uploads\\\/2022\\\/03\\\/PXL_250322_92687317-1-1024x681-1.jpg\",\"datePublished\":\"2022-03-29T10:09:02+00:00\",\"breadcrumb\":{\"@id\":\"https:\\\/\\\/radioljubuski.ba\\\/index.php\\\/2022\\\/03\\\/29\\\/franjic-dobra-atmosfera-kljuc-je-svakog-uspjeha\\\/#breadcrumb\"},\"inLanguage\":\"hr\",\"potentialAction\":[{\"@type\":\"ReadAction\",\"target\":[\"https:\\\/\\\/radioljubuski.ba\\\/index.php\\\/2022\\\/03\\\/29\\\/franjic-dobra-atmosfera-kljuc-je-svakog-uspjeha\\\/\"]}]},{\"@type\":\"ImageObject\",\"inLanguage\":\"hr\",\"@id\":\"https:\\\/\\\/radioljubuski.ba\\\/index.php\\\/2022\\\/03\\\/29\\\/franjic-dobra-atmosfera-kljuc-je-svakog-uspjeha\\\/#primaryimage\",\"url\":\"https:\\\/\\\/radioljubuski.ba\\\/wp-content\\\/uploads\\\/2022\\\/03\\\/PXL_250322_92687317-1-1024x681-1.jpg\",\"contentUrl\":\"https:\\\/\\\/radioljubuski.ba\\\/wp-content\\\/uploads\\\/2022\\\/03\\\/PXL_250322_92687317-1-1024x681-1.jpg\",\"width\":1024,\"height\":681},{\"@type\":\"BreadcrumbList\",\"@id\":\"https:\\\/\\\/radioljubuski.ba\\\/index.php\\\/2022\\\/03\\\/29\\\/franjic-dobra-atmosfera-kljuc-je-svakog-uspjeha\\\/#breadcrumb\",\"itemListElement\":[{\"@type\":\"ListItem\",\"position\":1,\"name\":\"Po\u010detna stranica\",\"item\":\"https:\\\/\\\/radioljubuski.ba\\\/\"},{\"@type\":\"ListItem\",\"position\":2,\"name\":\"Franji\u0107: Dobra atmosfera klju\u010d je svakog uspjeha\"}]},{\"@type\":\"WebSite\",\"@id\":\"https:\\\/\\\/radioljubuski.ba\\\/#website\",\"url\":\"https:\\\/\\\/radioljubuski.ba\\\/\",\"name\":\"Radio Ljubu\u0161ki\",\"description\":\"Sun\u010dana frekvencija Hercegovine\",\"publisher\":{\"@id\":\"https:\\\/\\\/radioljubuski.ba\\\/#organization\"},\"potentialAction\":[{\"@type\":\"SearchAction\",\"target\":{\"@type\":\"EntryPoint\",\"urlTemplate\":\"https:\\\/\\\/radioljubuski.ba\\\/?s={search_term_string}\"},\"query-input\":{\"@type\":\"PropertyValueSpecification\",\"valueRequired\":true,\"valueName\":\"search_term_string\"}}],\"inLanguage\":\"hr\"},{\"@type\":\"Organization\",\"@id\":\"https:\\\/\\\/radioljubuski.ba\\\/#organization\",\"name\":\"Radio Ljubu\u0161ki\",\"url\":\"https:\\\/\\\/radioljubuski.ba\\\/\",\"logo\":{\"@type\":\"ImageObject\",\"inLanguage\":\"hr\",\"@id\":\"https:\\\/\\\/radioljubuski.ba\\\/#\\\/schema\\\/logo\\\/image\\\/\",\"url\":\"https:\\\/\\\/radioljubuski.ba\\\/wp-content\\\/uploads\\\/2021\\\/02\\\/cropped-Radio_Ljubuski_logo1.jpg\",\"contentUrl\":\"https:\\\/\\\/radioljubuski.ba\\\/wp-content\\\/uploads\\\/2021\\\/02\\\/cropped-Radio_Ljubuski_logo1.jpg\",\"width\":512,\"height\":512,\"caption\":\"Radio Ljubu\u0161ki\"},\"image\":{\"@id\":\"https:\\\/\\\/radioljubuski.ba\\\/#\\\/schema\\\/logo\\\/image\\\/\"},\"sameAs\":[\"https:\\\/\\\/www.facebook.com\\\/Radiio-Ljubuski-1490835324566332\",\"https:\\\/\\\/x.com\\\/radioljubuski\",\"https:\\\/\\\/hr.linkedin.com\\\/company\\\/radio-ljubuski\",\"https:\\\/\\\/www.youtube.com\\\/channel\\\/UCHYaeO_n0Db3tjNGudGpXyw\"]},{\"@type\":\"Person\",\"@id\":\"https:\\\/\\\/radioljubuski.ba\\\/#\\\/schema\\\/person\\\/19fc700381a780f69665d7956c469e3b\",\"name\":\"Radio Ljubu\u0161ki\"}]}<\/script>\n<!-- \/ Yoast SEO plugin. -->","yoast_head_json":{"title":"Franji\u0107: Dobra atmosfera klju\u010d je svakog uspjeha - RADIO LJUBU\u0160KI","robots":{"index":"index","follow":"follow","max-snippet":"max-snippet:-1","max-image-preview":"max-image-preview:large","max-video-preview":"max-video-preview:-1"},"canonical":"https:\/\/radioljubuski.ba\/index.php\/2022\/03\/29\/franjic-dobra-atmosfera-kljuc-je-svakog-uspjeha\/","og_locale":"hr_HR","og_type":"article","og_title":"Franji\u0107: Dobra atmosfera klju\u010d je svakog uspjeha - RADIO LJUBU\u0160KI","og_description":"Mladi hrvatski nogometa\u0161i do 21 godine starosti u utorak \u0107e igrati protiv vr\u0161njaka iz Finske u kvalifikacijama za Euro 2023. Susret je najavio hrvatski brani\u010d Bartol Franji\u0107. Nakon \u0161to su upisali svih \u0161est pobjeda u uvodnih \u0161est utakmica, izabranici Igora Bi\u0161\u0107ana prije tri dana odigrali su 0:0 s Austrijom. &#8211; Analizirali smo Austriju, bila je [&hellip;]","og_url":"https:\/\/radioljubuski.ba\/index.php\/2022\/03\/29\/franjic-dobra-atmosfera-kljuc-je-svakog-uspjeha\/","og_site_name":"RADIO LJUBU\u0160KI","article_publisher":"https:\/\/www.facebook.com\/Radiio-Ljubuski-1490835324566332","article_published_time":"2022-03-29T10:09:02+00:00","og_image":[{"width":1024,"height":681,"url":"https:\/\/radioljubuski.ba\/wp-content\/uploads\/2022\/03\/PXL_250322_92687317-1-1024x681-1.jpg","type":"image\/jpeg"}],"author":"Radio Ljubu\u0161ki","twitter_card":"summary_large_image","twitter_creator":"@radioljubuski","twitter_site":"@radioljubuski","twitter_misc":{"Napisao\/la":"Radio Ljubu\u0161ki","Procijenjeno vrijeme \u010ditanja":"2 minute"},"schema":{"@context":"https:\/\/schema.org","@graph":[{"@type":"Article","@id":"https:\/\/radioljubuski.ba\/index.php\/2022\/03\/29\/franjic-dobra-atmosfera-kljuc-je-svakog-uspjeha\/#article","isPartOf":{"@id":"https:\/\/radioljubuski.ba\/index.php\/2022\/03\/29\/franjic-dobra-atmosfera-kljuc-je-svakog-uspjeha\/"},"author":{"name":"Radio Ljubu\u0161ki","@id":"https:\/\/radioljubuski.ba\/#\/schema\/person\/19fc700381a780f69665d7956c469e3b"},"headline":"Franji\u0107: Dobra atmosfera klju\u010d je svakog uspjeha","datePublished":"2022-03-29T10:09:02+00:00","mainEntityOfPage":{"@id":"https:\/\/radioljubuski.ba\/index.php\/2022\/03\/29\/franjic-dobra-atmosfera-kljuc-je-svakog-uspjeha\/"},"wordCount":335,"publisher":{"@id":"https:\/\/radioljubuski.ba\/#organization"},"image":{"@id":"https:\/\/radioljubuski.ba\/index.php\/2022\/03\/29\/franjic-dobra-atmosfera-kljuc-je-svakog-uspjeha\/#primaryimage"},"thumbnailUrl":"https:\/\/radioljubuski.ba\/wp-content\/uploads\/2022\/03\/PXL_250322_92687317-1-1024x681-1.jpg","articleSection":["\u0160port"],"inLanguage":"hr"},{"@type":"WebPage","@id":"https:\/\/radioljubuski.ba\/index.php\/2022\/03\/29\/franjic-dobra-atmosfera-kljuc-je-svakog-uspjeha\/","url":"https:\/\/radioljubuski.ba\/index.php\/2022\/03\/29\/franjic-dobra-atmosfera-kljuc-je-svakog-uspjeha\/","name":"Franji\u0107: Dobra atmosfera klju\u010d je svakog uspjeha - RADIO LJUBU\u0160KI","isPartOf":{"@id":"https:\/\/radioljubuski.ba\/#website"},"primaryImageOfPage":{"@id":"https:\/\/radioljubuski.ba\/index.php\/2022\/03\/29\/franjic-dobra-atmosfera-kljuc-je-svakog-uspjeha\/#primaryimage"},"image":{"@id":"https:\/\/radioljubuski.ba\/index.php\/2022\/03\/29\/franjic-dobra-atmosfera-kljuc-je-svakog-uspjeha\/#primaryimage"},"thumbnailUrl":"https:\/\/radioljubuski.ba\/wp-content\/uploads\/2022\/03\/PXL_250322_92687317-1-1024x681-1.jpg","datePublished":"2022-03-29T10:09:02+00:00","breadcrumb":{"@id":"https:\/\/radioljubuski.ba\/index.php\/2022\/03\/29\/franjic-dobra-atmosfera-kljuc-je-svakog-uspjeha\/#breadcrumb"},"inLanguage":"hr","potentialAction":[{"@type":"ReadAction","target":["https:\/\/radioljubuski.ba\/index.php\/2022\/03\/29\/franjic-dobra-atmosfera-kljuc-je-svakog-uspjeha\/"]}]},{"@type":"ImageObject","inLanguage":"hr","@id":"https:\/\/radioljubuski.ba\/index.php\/2022\/03\/29\/franjic-dobra-atmosfera-kljuc-je-svakog-uspjeha\/#primaryimage","url":"https:\/\/radioljubuski.ba\/wp-content\/uploads\/2022\/03\/PXL_250322_92687317-1-1024x681-1.jpg","contentUrl":"https:\/\/radioljubuski.ba\/wp-content\/uploads\/2022\/03\/PXL_250322_92687317-1-1024x681-1.jpg","width":1024,"height":681},{"@type":"BreadcrumbList","@id":"https:\/\/radioljubuski.ba\/index.php\/2022\/03\/29\/franjic-dobra-atmosfera-kljuc-je-svakog-uspjeha\/#breadcrumb","itemListElement":[{"@type":"ListItem","position":1,"name":"Po\u010detna stranica","item":"https:\/\/radioljubuski.ba\/"},{"@type":"ListItem","position":2,"name":"Franji\u0107: Dobra atmosfera klju\u010d je svakog uspjeha"}]},{"@type":"WebSite","@id":"https:\/\/radioljubuski.ba\/#website","url":"https:\/\/radioljubuski.ba\/","name":"Radio Ljubu\u0161ki","description":"Sun\u010dana frekvencija Hercegovine","publisher":{"@id":"https:\/\/radioljubuski.ba\/#organization"},"potentialAction":[{"@type":"SearchAction","target":{"@type":"EntryPoint","urlTemplate":"https:\/\/radioljubuski.ba\/?s={search_term_string}"},"query-input":{"@type":"PropertyValueSpecification","valueRequired":true,"valueName":"search_term_string"}}],"inLanguage":"hr"},{"@type":"Organization","@id":"https:\/\/radioljubuski.ba\/#organization","name":"Radio Ljubu\u0161ki","url":"https:\/\/radioljubuski.ba\/","logo":{"@type":"ImageObject","inLanguage":"hr","@id":"https:\/\/radioljubuski.ba\/#\/schema\/logo\/image\/","url":"https:\/\/radioljubuski.ba\/wp-content\/uploads\/2021\/02\/cropped-Radio_Ljubuski_logo1.jpg","contentUrl":"https:\/\/radioljubuski.ba\/wp-content\/uploads\/2021\/02\/cropped-Radio_Ljubuski_logo1.jpg","width":512,"height":512,"caption":"Radio Ljubu\u0161ki"},"image":{"@id":"https:\/\/radioljubuski.ba\/#\/schema\/logo\/image\/"},"sameAs":["https:\/\/www.facebook.com\/Radiio-Ljubuski-1490835324566332","https:\/\/x.com\/radioljubuski","https:\/\/hr.linkedin.com\/company\/radio-ljubuski","https:\/\/www.youtube.com\/channel\/UCHYaeO_n0Db3tjNGudGpXyw"]},{"@type":"Person","@id":"https:\/\/radioljubuski.ba\/#\/schema\/person\/19fc700381a780f69665d7956c469e3b","name":"Radio Ljubu\u0161ki"}]}},"_links":{"self":[{"href":"https:\/\/radioljubuski.ba\/index.php\/wp-json\/wp\/v2\/posts\/126343","targetHints":{"allow":["GET"]}}],"collection":[{"href":"https:\/\/radioljubuski.ba\/index.php\/wp-json\/wp\/v2\/posts"}],"about":[{"href":"https:\/\/radioljubuski.ba\/index.php\/wp-json\/wp\/v2\/types\/post"}],"author":[{"embeddable":true,"href":"https:\/\/radioljubuski.ba\/index.php\/wp-json\/wp\/v2\/users\/2"}],"replies":[{"embeddable":true,"href":"https:\/\/radioljubuski.ba\/index.php\/wp-json\/wp\/v2\/comments?post=126343"}],"version-history":[{"count":1,"href":"https:\/\/radioljubuski.ba\/index.php\/wp-json\/wp\/v2\/posts\/126343\/revisions"}],"predecessor-version":[{"id":126345,"href":"https:\/\/radioljubuski.ba\/index.php\/wp-json\/wp\/v2\/posts\/126343\/revisions\/126345"}],"wp:featuredmedia":[{"embeddable":true,"href":"https:\/\/radioljubuski.ba\/index.php\/wp-json\/wp\/v2\/media\/126344"}],"wp:attachment":[{"href":"https:\/\/radioljubuski.ba\/index.php\/wp-json\/wp\/v2\/media?parent=126343"}],"wp:term":[{"taxonomy":"category","embeddable":true,"href":"https:\/\/radioljubuski.ba\/index.php\/wp-json\/wp\/v2\/categories?post=126343"},{"taxonomy":"post_tag","embeddable":true,"href":"https:\/\/radioljubuski.ba\/index.php\/wp-json\/wp\/v2\/tags?post=126343"}],"curies":[{"name":"wp","href":"https:\/\/api.w.org\/{rel}","templated":true}]}}