{"id":126349,"date":"2022-03-29T11:13:18","date_gmt":"2022-03-29T10:13:18","guid":{"rendered":"https:\/\/radioljubuski.ba\/?p=126349"},"modified":"2022-03-29T11:13:19","modified_gmt":"2022-03-29T10:13:19","slug":"nasmijana-lica-na-posljednjem-treningu-uoci-bugarske","status":"publish","type":"post","link":"https:\/\/radioljubuski.ba\/index.php\/2022\/03\/29\/nasmijana-lica-na-posljednjem-treningu-uoci-bugarske\/","title":{"rendered":"Nasmijana lica na posljednjem treningu uo\u010di Bugarske"},"content":{"rendered":"\n<p>Hrvatska nogometna reprezentacija odradila je posljednji trening u Dohi uo\u010di sutra\u0161nje prijateljske utakmice protiv Bugarske.<\/p>\n\n\n\n<p>Dvoboj se igra na &#8220;Education City&#8221; stadionu od 17 sati. Dana\u0161nji trening hrvatski reprezentativci odradili su u odli\u010dnom raspolo\u017eenju, bilo je puno nasmijanih lica u Dohi i svi koji \u0107e sutra igrati htjet \u0107e se u najboljem svjetlu pokazati protiv Bugarske.<\/p>\n\n\n\n<figure class=\"wp-block-image\"><img decoding=\"async\" src=\"https:\/\/sport.hrt.hr\/_next\/image?url=https%3A%2F%2Fapi.hrt.hr%2Fmedia%2Fe8%2Fed%2F740x438-pxl-280322-92737441-20220328162757.jpg&amp;w=1280&amp;q=90\" alt=\"Trening u Dohi\"\/><\/figure>\n\n\n\n<p>Izbornik <strong>Zlatko Dali\u0107 <\/strong>najavio je promjene u sastavu u odnosu na onaj koji je igrao protiv Slovenije.<br><br>&#8211; \u017delimo odmoriti one igra\u010de koji su iznijeli teret prve utakmice i dati priliku ostalima koji su s nama u Dohi. Respektiramo protivnika, \u017eelimo dati svoj maksimum i pobijediti utakmicu, rekao je Dali\u0107.<br><br>\u017ddrijeb skupina SP-a odr\u017eat \u0107e se ve\u0107 1. travnja u Dohi uz prijenos na Drugom programu HTV-a, a samo prvenstvo bit \u0107e prvo koje je igrano zimi, od 21. studenog do 18. prosinca ove godine. Branitelj naslova je Francuska.<\/p>\n\n\n\n<p>Izvor:hrt.hr<\/p>\n","protected":false},"excerpt":{"rendered":"<p>Hrvatska nogometna reprezentacija odradila je posljednji trening u Dohi uo\u010di sutra\u0161nje prijateljske utakmice protiv Bugarske. Dvoboj se igra na &#8220;Education City&#8221; stadionu od 17 sati. Dana\u0161nji trening hrvatski reprezentativci odradili su u odli\u010dnom raspolo\u017eenju, bilo je puno nasmijanih lica u Dohi i svi koji \u0107e sutra igrati htjet \u0107e se u najboljem svjetlu pokazati protiv [&hellip;]<\/p>\n","protected":false},"author":2,"featured_media":126350,"comment_status":"closed","ping_status":"closed","sticky":false,"template":"","format":"standard","meta":{"h5ap_radio_sources":[],"footnotes":""},"categories":[7],"tags":[],"class_list":["post-126349","post","type-post","status-publish","format-standard","has-post-thumbnail","hentry","category-sport"],"yoast_head":"<!-- This site is optimized with the Yoast SEO plugin v27.5 - https:\/\/yoast.com\/product\/yoast-seo-wordpress\/ -->\n<title>Nasmijana lica na posljednjem treningu uo\u010di Bugarske - RADIO LJUBU\u0160KI<\/title>\n<meta name=\"robots\" content=\"index, follow, max-snippet:-1, max-image-preview:large, max-video-preview:-1\" \/>\n<link rel=\"canonical\" href=\"https:\/\/radioljubuski.ba\/index.php\/2022\/03\/29\/nasmijana-lica-na-posljednjem-treningu-uoci-bugarske\/\" \/>\n<meta property=\"og:locale\" content=\"hr_HR\" \/>\n<meta property=\"og:type\" content=\"article\" \/>\n<meta property=\"og:title\" content=\"Nasmijana lica na posljednjem treningu uo\u010di Bugarske - RADIO LJUBU\u0160KI\" \/>\n<meta property=\"og:description\" content=\"Hrvatska nogometna reprezentacija odradila je posljednji trening u Dohi uo\u010di sutra\u0161nje prijateljske utakmice protiv Bugarske. Dvoboj se igra na &#8220;Education City&#8221; stadionu od 17 sati. Dana\u0161nji trening hrvatski reprezentativci odradili su u odli\u010dnom raspolo\u017eenju, bilo je puno nasmijanih lica u Dohi i svi koji \u0107e sutra igrati htjet \u0107e se u najboljem svjetlu pokazati protiv [&hellip;]\" \/>\n<meta property=\"og:url\" content=\"https:\/\/radioljubuski.ba\/index.php\/2022\/03\/29\/nasmijana-lica-na-posljednjem-treningu-uoci-bugarske\/\" \/>\n<meta property=\"og:site_name\" content=\"RADIO LJUBU\u0160KI\" \/>\n<meta property=\"article:publisher\" content=\"https:\/\/www.facebook.com\/Radiio-Ljubuski-1490835324566332\" \/>\n<meta property=\"article:published_time\" content=\"2022-03-29T10:13:18+00:00\" \/>\n<meta property=\"article:modified_time\" content=\"2022-03-29T10:13:19+00:00\" \/>\n<meta property=\"og:image\" content=\"https:\/\/radioljubuski.ba\/wp-content\/uploads\/2022\/03\/740x438-pxl-280322-92737358-20220328162419.jpg\" \/>\n\t<meta property=\"og:image:width\" content=\"740\" \/>\n\t<meta property=\"og:image:height\" content=\"438\" \/>\n\t<meta property=\"og:image:type\" content=\"image\/jpeg\" \/>\n<meta name=\"author\" content=\"Radio Ljubu\u0161ki\" \/>\n<meta name=\"twitter:card\" content=\"summary_large_image\" \/>\n<meta name=\"twitter:creator\" content=\"@radioljubuski\" \/>\n<meta name=\"twitter:site\" content=\"@radioljubuski\" \/>\n<meta name=\"twitter:label1\" content=\"Napisao\/la\" \/>\n\t<meta name=\"twitter:data1\" content=\"Radio Ljubu\u0161ki\" \/>\n\t<meta name=\"twitter:label2\" content=\"Procijenjeno vrijeme \u010ditanja\" \/>\n\t<meta name=\"twitter:data2\" content=\"1 minuta\" \/>\n<script type=\"application\/ld+json\" class=\"yoast-schema-graph\">{\"@context\":\"https:\\\/\\\/schema.org\",\"@graph\":[{\"@type\":\"Article\",\"@id\":\"https:\\\/\\\/radioljubuski.ba\\\/index.php\\\/2022\\\/03\\\/29\\\/nasmijana-lica-na-posljednjem-treningu-uoci-bugarske\\\/#article\",\"isPartOf\":{\"@id\":\"https:\\\/\\\/radioljubuski.ba\\\/index.php\\\/2022\\\/03\\\/29\\\/nasmijana-lica-na-posljednjem-treningu-uoci-bugarske\\\/\"},\"author\":{\"name\":\"Radio Ljubu\u0161ki\",\"@id\":\"https:\\\/\\\/radioljubuski.ba\\\/#\\\/schema\\\/person\\\/19fc700381a780f69665d7956c469e3b\"},\"headline\":\"Nasmijana lica na posljednjem treningu uo\u010di Bugarske\",\"datePublished\":\"2022-03-29T10:13:18+00:00\",\"dateModified\":\"2022-03-29T10:13:19+00:00\",\"mainEntityOfPage\":{\"@id\":\"https:\\\/\\\/radioljubuski.ba\\\/index.php\\\/2022\\\/03\\\/29\\\/nasmijana-lica-na-posljednjem-treningu-uoci-bugarske\\\/\"},\"wordCount\":159,\"publisher\":{\"@id\":\"https:\\\/\\\/radioljubuski.ba\\\/#organization\"},\"image\":{\"@id\":\"https:\\\/\\\/radioljubuski.ba\\\/index.php\\\/2022\\\/03\\\/29\\\/nasmijana-lica-na-posljednjem-treningu-uoci-bugarske\\\/#primaryimage\"},\"thumbnailUrl\":\"https:\\\/\\\/radioljubuski.ba\\\/wp-content\\\/uploads\\\/2022\\\/03\\\/740x438-pxl-280322-92737358-20220328162419.jpg\",\"articleSection\":[\"\u0160port\"],\"inLanguage\":\"hr\"},{\"@type\":\"WebPage\",\"@id\":\"https:\\\/\\\/radioljubuski.ba\\\/index.php\\\/2022\\\/03\\\/29\\\/nasmijana-lica-na-posljednjem-treningu-uoci-bugarske\\\/\",\"url\":\"https:\\\/\\\/radioljubuski.ba\\\/index.php\\\/2022\\\/03\\\/29\\\/nasmijana-lica-na-posljednjem-treningu-uoci-bugarske\\\/\",\"name\":\"Nasmijana lica na posljednjem treningu uo\u010di Bugarske - RADIO LJUBU\u0160KI\",\"isPartOf\":{\"@id\":\"https:\\\/\\\/radioljubuski.ba\\\/#website\"},\"primaryImageOfPage\":{\"@id\":\"https:\\\/\\\/radioljubuski.ba\\\/index.php\\\/2022\\\/03\\\/29\\\/nasmijana-lica-na-posljednjem-treningu-uoci-bugarske\\\/#primaryimage\"},\"image\":{\"@id\":\"https:\\\/\\\/radioljubuski.ba\\\/index.php\\\/2022\\\/03\\\/29\\\/nasmijana-lica-na-posljednjem-treningu-uoci-bugarske\\\/#primaryimage\"},\"thumbnailUrl\":\"https:\\\/\\\/radioljubuski.ba\\\/wp-content\\\/uploads\\\/2022\\\/03\\\/740x438-pxl-280322-92737358-20220328162419.jpg\",\"datePublished\":\"2022-03-29T10:13:18+00:00\",\"dateModified\":\"2022-03-29T10:13:19+00:00\",\"breadcrumb\":{\"@id\":\"https:\\\/\\\/radioljubuski.ba\\\/index.php\\\/2022\\\/03\\\/29\\\/nasmijana-lica-na-posljednjem-treningu-uoci-bugarske\\\/#breadcrumb\"},\"inLanguage\":\"hr\",\"potentialAction\":[{\"@type\":\"ReadAction\",\"target\":[\"https:\\\/\\\/radioljubuski.ba\\\/index.php\\\/2022\\\/03\\\/29\\\/nasmijana-lica-na-posljednjem-treningu-uoci-bugarske\\\/\"]}]},{\"@type\":\"ImageObject\",\"inLanguage\":\"hr\",\"@id\":\"https:\\\/\\\/radioljubuski.ba\\\/index.php\\\/2022\\\/03\\\/29\\\/nasmijana-lica-na-posljednjem-treningu-uoci-bugarske\\\/#primaryimage\",\"url\":\"https:\\\/\\\/radioljubuski.ba\\\/wp-content\\\/uploads\\\/2022\\\/03\\\/740x438-pxl-280322-92737358-20220328162419.jpg\",\"contentUrl\":\"https:\\\/\\\/radioljubuski.ba\\\/wp-content\\\/uploads\\\/2022\\\/03\\\/740x438-pxl-280322-92737358-20220328162419.jpg\",\"width\":740,\"height\":438,\"caption\":\"28.03.2022., Katar, Doha - Hrvatska nogometna reprezentacija u sklopu priprema za nadolazece Svjetsko prvenstvo nastupa na turniru u Dohi. Trening Hrvatske nogometne reprezentacije. (28.03.2022., Katar, Doha - Hrvatska nogometna reprezentacija u sklop\"},{\"@type\":\"BreadcrumbList\",\"@id\":\"https:\\\/\\\/radioljubuski.ba\\\/index.php\\\/2022\\\/03\\\/29\\\/nasmijana-lica-na-posljednjem-treningu-uoci-bugarske\\\/#breadcrumb\",\"itemListElement\":[{\"@type\":\"ListItem\",\"position\":1,\"name\":\"Po\u010detna stranica\",\"item\":\"https:\\\/\\\/radioljubuski.ba\\\/\"},{\"@type\":\"ListItem\",\"position\":2,\"name\":\"Nasmijana lica na posljednjem treningu uo\u010di Bugarske\"}]},{\"@type\":\"WebSite\",\"@id\":\"https:\\\/\\\/radioljubuski.ba\\\/#website\",\"url\":\"https:\\\/\\\/radioljubuski.ba\\\/\",\"name\":\"Radio Ljubu\u0161ki\",\"description\":\"Sun\u010dana frekvencija Hercegovine\",\"publisher\":{\"@id\":\"https:\\\/\\\/radioljubuski.ba\\\/#organization\"},\"potentialAction\":[{\"@type\":\"SearchAction\",\"target\":{\"@type\":\"EntryPoint\",\"urlTemplate\":\"https:\\\/\\\/radioljubuski.ba\\\/?s={search_term_string}\"},\"query-input\":{\"@type\":\"PropertyValueSpecification\",\"valueRequired\":true,\"valueName\":\"search_term_string\"}}],\"inLanguage\":\"hr\"},{\"@type\":\"Organization\",\"@id\":\"https:\\\/\\\/radioljubuski.ba\\\/#organization\",\"name\":\"Radio Ljubu\u0161ki\",\"url\":\"https:\\\/\\\/radioljubuski.ba\\\/\",\"logo\":{\"@type\":\"ImageObject\",\"inLanguage\":\"hr\",\"@id\":\"https:\\\/\\\/radioljubuski.ba\\\/#\\\/schema\\\/logo\\\/image\\\/\",\"url\":\"https:\\\/\\\/radioljubuski.ba\\\/wp-content\\\/uploads\\\/2021\\\/02\\\/cropped-Radio_Ljubuski_logo1.jpg\",\"contentUrl\":\"https:\\\/\\\/radioljubuski.ba\\\/wp-content\\\/uploads\\\/2021\\\/02\\\/cropped-Radio_Ljubuski_logo1.jpg\",\"width\":512,\"height\":512,\"caption\":\"Radio Ljubu\u0161ki\"},\"image\":{\"@id\":\"https:\\\/\\\/radioljubuski.ba\\\/#\\\/schema\\\/logo\\\/image\\\/\"},\"sameAs\":[\"https:\\\/\\\/www.facebook.com\\\/Radiio-Ljubuski-1490835324566332\",\"https:\\\/\\\/x.com\\\/radioljubuski\",\"https:\\\/\\\/hr.linkedin.com\\\/company\\\/radio-ljubuski\",\"https:\\\/\\\/www.youtube.com\\\/channel\\\/UCHYaeO_n0Db3tjNGudGpXyw\"]},{\"@type\":\"Person\",\"@id\":\"https:\\\/\\\/radioljubuski.ba\\\/#\\\/schema\\\/person\\\/19fc700381a780f69665d7956c469e3b\",\"name\":\"Radio Ljubu\u0161ki\"}]}<\/script>\n<!-- \/ Yoast SEO plugin. -->","yoast_head_json":{"title":"Nasmijana lica na posljednjem treningu uo\u010di Bugarske - RADIO LJUBU\u0160KI","robots":{"index":"index","follow":"follow","max-snippet":"max-snippet:-1","max-image-preview":"max-image-preview:large","max-video-preview":"max-video-preview:-1"},"canonical":"https:\/\/radioljubuski.ba\/index.php\/2022\/03\/29\/nasmijana-lica-na-posljednjem-treningu-uoci-bugarske\/","og_locale":"hr_HR","og_type":"article","og_title":"Nasmijana lica na posljednjem treningu uo\u010di Bugarske - RADIO LJUBU\u0160KI","og_description":"Hrvatska nogometna reprezentacija odradila je posljednji trening u Dohi uo\u010di sutra\u0161nje prijateljske utakmice protiv Bugarske. Dvoboj se igra na &#8220;Education City&#8221; stadionu od 17 sati. Dana\u0161nji trening hrvatski reprezentativci odradili su u odli\u010dnom raspolo\u017eenju, bilo je puno nasmijanih lica u Dohi i svi koji \u0107e sutra igrati htjet \u0107e se u najboljem svjetlu pokazati protiv [&hellip;]","og_url":"https:\/\/radioljubuski.ba\/index.php\/2022\/03\/29\/nasmijana-lica-na-posljednjem-treningu-uoci-bugarske\/","og_site_name":"RADIO LJUBU\u0160KI","article_publisher":"https:\/\/www.facebook.com\/Radiio-Ljubuski-1490835324566332","article_published_time":"2022-03-29T10:13:18+00:00","article_modified_time":"2022-03-29T10:13:19+00:00","og_image":[{"width":740,"height":438,"url":"https:\/\/radioljubuski.ba\/wp-content\/uploads\/2022\/03\/740x438-pxl-280322-92737358-20220328162419.jpg","type":"image\/jpeg"}],"author":"Radio Ljubu\u0161ki","twitter_card":"summary_large_image","twitter_creator":"@radioljubuski","twitter_site":"@radioljubuski","twitter_misc":{"Napisao\/la":"Radio Ljubu\u0161ki","Procijenjeno vrijeme \u010ditanja":"1 minuta"},"schema":{"@context":"https:\/\/schema.org","@graph":[{"@type":"Article","@id":"https:\/\/radioljubuski.ba\/index.php\/2022\/03\/29\/nasmijana-lica-na-posljednjem-treningu-uoci-bugarske\/#article","isPartOf":{"@id":"https:\/\/radioljubuski.ba\/index.php\/2022\/03\/29\/nasmijana-lica-na-posljednjem-treningu-uoci-bugarske\/"},"author":{"name":"Radio Ljubu\u0161ki","@id":"https:\/\/radioljubuski.ba\/#\/schema\/person\/19fc700381a780f69665d7956c469e3b"},"headline":"Nasmijana lica na posljednjem treningu uo\u010di Bugarske","datePublished":"2022-03-29T10:13:18+00:00","dateModified":"2022-03-29T10:13:19+00:00","mainEntityOfPage":{"@id":"https:\/\/radioljubuski.ba\/index.php\/2022\/03\/29\/nasmijana-lica-na-posljednjem-treningu-uoci-bugarske\/"},"wordCount":159,"publisher":{"@id":"https:\/\/radioljubuski.ba\/#organization"},"image":{"@id":"https:\/\/radioljubuski.ba\/index.php\/2022\/03\/29\/nasmijana-lica-na-posljednjem-treningu-uoci-bugarske\/#primaryimage"},"thumbnailUrl":"https:\/\/radioljubuski.ba\/wp-content\/uploads\/2022\/03\/740x438-pxl-280322-92737358-20220328162419.jpg","articleSection":["\u0160port"],"inLanguage":"hr"},{"@type":"WebPage","@id":"https:\/\/radioljubuski.ba\/index.php\/2022\/03\/29\/nasmijana-lica-na-posljednjem-treningu-uoci-bugarske\/","url":"https:\/\/radioljubuski.ba\/index.php\/2022\/03\/29\/nasmijana-lica-na-posljednjem-treningu-uoci-bugarske\/","name":"Nasmijana lica na posljednjem treningu uo\u010di Bugarske - RADIO LJUBU\u0160KI","isPartOf":{"@id":"https:\/\/radioljubuski.ba\/#website"},"primaryImageOfPage":{"@id":"https:\/\/radioljubuski.ba\/index.php\/2022\/03\/29\/nasmijana-lica-na-posljednjem-treningu-uoci-bugarske\/#primaryimage"},"image":{"@id":"https:\/\/radioljubuski.ba\/index.php\/2022\/03\/29\/nasmijana-lica-na-posljednjem-treningu-uoci-bugarske\/#primaryimage"},"thumbnailUrl":"https:\/\/radioljubuski.ba\/wp-content\/uploads\/2022\/03\/740x438-pxl-280322-92737358-20220328162419.jpg","datePublished":"2022-03-29T10:13:18+00:00","dateModified":"2022-03-29T10:13:19+00:00","breadcrumb":{"@id":"https:\/\/radioljubuski.ba\/index.php\/2022\/03\/29\/nasmijana-lica-na-posljednjem-treningu-uoci-bugarske\/#breadcrumb"},"inLanguage":"hr","potentialAction":[{"@type":"ReadAction","target":["https:\/\/radioljubuski.ba\/index.php\/2022\/03\/29\/nasmijana-lica-na-posljednjem-treningu-uoci-bugarske\/"]}]},{"@type":"ImageObject","inLanguage":"hr","@id":"https:\/\/radioljubuski.ba\/index.php\/2022\/03\/29\/nasmijana-lica-na-posljednjem-treningu-uoci-bugarske\/#primaryimage","url":"https:\/\/radioljubuski.ba\/wp-content\/uploads\/2022\/03\/740x438-pxl-280322-92737358-20220328162419.jpg","contentUrl":"https:\/\/radioljubuski.ba\/wp-content\/uploads\/2022\/03\/740x438-pxl-280322-92737358-20220328162419.jpg","width":740,"height":438,"caption":"28.03.2022., Katar, Doha - Hrvatska nogometna reprezentacija u sklopu priprema za nadolazece Svjetsko prvenstvo nastupa na turniru u Dohi. Trening Hrvatske nogometne reprezentacije. (28.03.2022., Katar, Doha - Hrvatska nogometna reprezentacija u sklop"},{"@type":"BreadcrumbList","@id":"https:\/\/radioljubuski.ba\/index.php\/2022\/03\/29\/nasmijana-lica-na-posljednjem-treningu-uoci-bugarske\/#breadcrumb","itemListElement":[{"@type":"ListItem","position":1,"name":"Po\u010detna stranica","item":"https:\/\/radioljubuski.ba\/"},{"@type":"ListItem","position":2,"name":"Nasmijana lica na posljednjem treningu uo\u010di Bugarske"}]},{"@type":"WebSite","@id":"https:\/\/radioljubuski.ba\/#website","url":"https:\/\/radioljubuski.ba\/","name":"Radio Ljubu\u0161ki","description":"Sun\u010dana frekvencija Hercegovine","publisher":{"@id":"https:\/\/radioljubuski.ba\/#organization"},"potentialAction":[{"@type":"SearchAction","target":{"@type":"EntryPoint","urlTemplate":"https:\/\/radioljubuski.ba\/?s={search_term_string}"},"query-input":{"@type":"PropertyValueSpecification","valueRequired":true,"valueName":"search_term_string"}}],"inLanguage":"hr"},{"@type":"Organization","@id":"https:\/\/radioljubuski.ba\/#organization","name":"Radio Ljubu\u0161ki","url":"https:\/\/radioljubuski.ba\/","logo":{"@type":"ImageObject","inLanguage":"hr","@id":"https:\/\/radioljubuski.ba\/#\/schema\/logo\/image\/","url":"https:\/\/radioljubuski.ba\/wp-content\/uploads\/2021\/02\/cropped-Radio_Ljubuski_logo1.jpg","contentUrl":"https:\/\/radioljubuski.ba\/wp-content\/uploads\/2021\/02\/cropped-Radio_Ljubuski_logo1.jpg","width":512,"height":512,"caption":"Radio Ljubu\u0161ki"},"image":{"@id":"https:\/\/radioljubuski.ba\/#\/schema\/logo\/image\/"},"sameAs":["https:\/\/www.facebook.com\/Radiio-Ljubuski-1490835324566332","https:\/\/x.com\/radioljubuski","https:\/\/hr.linkedin.com\/company\/radio-ljubuski","https:\/\/www.youtube.com\/channel\/UCHYaeO_n0Db3tjNGudGpXyw"]},{"@type":"Person","@id":"https:\/\/radioljubuski.ba\/#\/schema\/person\/19fc700381a780f69665d7956c469e3b","name":"Radio Ljubu\u0161ki"}]}},"_links":{"self":[{"href":"https:\/\/radioljubuski.ba\/index.php\/wp-json\/wp\/v2\/posts\/126349","targetHints":{"allow":["GET"]}}],"collection":[{"href":"https:\/\/radioljubuski.ba\/index.php\/wp-json\/wp\/v2\/posts"}],"about":[{"href":"https:\/\/radioljubuski.ba\/index.php\/wp-json\/wp\/v2\/types\/post"}],"author":[{"embeddable":true,"href":"https:\/\/radioljubuski.ba\/index.php\/wp-json\/wp\/v2\/users\/2"}],"replies":[{"embeddable":true,"href":"https:\/\/radioljubuski.ba\/index.php\/wp-json\/wp\/v2\/comments?post=126349"}],"version-history":[{"count":1,"href":"https:\/\/radioljubuski.ba\/index.php\/wp-json\/wp\/v2\/posts\/126349\/revisions"}],"predecessor-version":[{"id":126351,"href":"https:\/\/radioljubuski.ba\/index.php\/wp-json\/wp\/v2\/posts\/126349\/revisions\/126351"}],"wp:featuredmedia":[{"embeddable":true,"href":"https:\/\/radioljubuski.ba\/index.php\/wp-json\/wp\/v2\/media\/126350"}],"wp:attachment":[{"href":"https:\/\/radioljubuski.ba\/index.php\/wp-json\/wp\/v2\/media?parent=126349"}],"wp:term":[{"taxonomy":"category","embeddable":true,"href":"https:\/\/radioljubuski.ba\/index.php\/wp-json\/wp\/v2\/categories?post=126349"},{"taxonomy":"post_tag","embeddable":true,"href":"https:\/\/radioljubuski.ba\/index.php\/wp-json\/wp\/v2\/tags?post=126349"}],"curies":[{"name":"wp","href":"https:\/\/api.w.org\/{rel}","templated":true}]}}