{"id":126360,"date":"2022-03-29T11:36:11","date_gmt":"2022-03-29T10:36:11","guid":{"rendered":"https:\/\/radioljubuski.ba\/?p=126360"},"modified":"2022-03-29T11:36:11","modified_gmt":"2022-03-29T10:36:11","slug":"grad-mostar-trazi-36-tisuca-mjesecno-za-najam-dackog-doma-vladi-to-nesto-malo-puno","status":"publish","type":"post","link":"https:\/\/radioljubuski.ba\/index.php\/2022\/03\/29\/grad-mostar-trazi-36-tisuca-mjesecno-za-najam-dackog-doma-vladi-to-nesto-malo-puno\/","title":{"rendered":"Grad Mostar tra\u017ei 36 tisu\u0107a mjese\u010dno za najam \u0110a\u010dkog doma, Vladi to ne\u0161to malo puno"},"content":{"rendered":"\n<p>Grad Mostar od Vlade HN\u017d-a tra\u017ei oko 36 tisu\u0107a maraka za najam \u0110a\u010dkog doma, no izgleda da im je to ipak malo puno, te \u0107e na tu temu biti odr\u017ean zajedni\u010dki sastanak. Kazano je to na dana\u0161njoj sjednici Gradskog vije\u0107a Mostara gdje je vije\u0107nik Adil \u0160uta pitao kada \u0107e gradona\u010delnik, u skladu sa sporazumom o izmirenju duga s Vladom HN\u017d poslati prijedlog sporazuma o pla\u0107anju zakupnine od 1.1 ove godine.<\/p>\n\n\n\n<p>\u201eMislimo da \u0107e to zna\u010dajno utjecati na pove\u0107anje prihoda Grada Mostara, a evo vidimo da imamo stalnu potrebu i da nam prora\u010dun nije adekvatno punjen\u201c, kazao je \u0160uta. Na pitanje je odgovorila glavna savjetnica gradona\u010delnika Radmila Komadina.<\/p>\n\n\n\n<p>\u201eEvo \u0161to se ti\u010de Adilovog pitanja vezanog kada \u0107e gradona\u010delnik poslati sporazum vezano za zakup poslovnih prostorija u \u0110a\u010dkom domu Vladi HN\u017d-a gradona\u010delnik je to ve\u0107 odradio. Mi smo poslali taj nacrt ugovora, u njemu stoji iznos mjese\u010dne zakupnine koja iznosi 35 tisu\u0107a maraka, odnosno oko 36 tisu\u0107a maraka,\u00a0<strong>oni su se ve\u0107 o\u010ditovali za taj dopis i rekli da im je to zaista velik iznos zakupnine, budu\u0107i da je to na godi\u0161njoj razini negdje oko 400 tisu\u0107a maraka, tako da su predlo\u017eili da se odr\u017ei jedan sastanak na tu temu, pa \u0107emo to ubrzo i u\u010diniti\u201c<\/strong>, kazala je Komadina.<\/p>\n\n\n\n<p>Vlada HN\u017d-a upravo po pitanju najma \u0110a\u010dkog doma Gradu duguje milijune. Podsjetimo, gradona\u010delnik Mostara Mario Kordi\u0107 i predsjednik Vlade Hercegova\u010dko-neretvanske \u017eupanije Nevenko Herceg potpisali su sporazum o na\u010dinu izvr\u0161enja obaveza HN\u017d-a prema Gradskoj upravi. <\/p>\n\n\n\n<p>Sporazumom koji su potpisali Kordi\u0107 i Herceg Grad Mostar je \u017eupaniji oprostio dug od 5,4 milijuna KM zateznih kamata po sudskim presudama, dok \u0107e preostali dug u iznosu od 7.778.080,47 KM usmjeriti za razvoj Zra\u010dne luke.<\/p>\n\n\n\n<p><strong>Izvor: Hercegovina.info<\/strong><\/p>\n","protected":false},"excerpt":{"rendered":"<p>Grad Mostar od Vlade HN\u017d-a tra\u017ei oko 36 tisu\u0107a maraka za najam \u0110a\u010dkog doma, no izgleda da im je to ipak malo puno, te \u0107e na tu temu biti odr\u017ean zajedni\u010dki sastanak. Kazano je to na dana\u0161njoj sjednici Gradskog vije\u0107a Mostara gdje je vije\u0107nik Adil \u0160uta pitao kada \u0107e gradona\u010delnik, u skladu sa sporazumom o [&hellip;]<\/p>\n","protected":false},"author":2,"featured_media":126361,"comment_status":"closed","ping_status":"closed","sticky":false,"template":"","format":"standard","meta":{"h5ap_radio_sources":[],"footnotes":""},"categories":[1],"tags":[],"class_list":["post-126360","post","type-post","status-publish","format-standard","has-post-thumbnail","hentry","category-bihiregija"],"yoast_head":"<!-- This site is optimized with the Yoast SEO plugin v27.5 - https:\/\/yoast.com\/product\/yoast-seo-wordpress\/ -->\n<title>Grad Mostar tra\u017ei 36 tisu\u0107a mjese\u010dno za najam \u0110a\u010dkog doma, Vladi to ne\u0161to malo puno - RADIO LJUBU\u0160KI<\/title>\n<meta name=\"robots\" content=\"index, follow, max-snippet:-1, max-image-preview:large, max-video-preview:-1\" \/>\n<link rel=\"canonical\" href=\"https:\/\/radioljubuski.ba\/index.php\/2022\/03\/29\/grad-mostar-trazi-36-tisuca-mjesecno-za-najam-dackog-doma-vladi-to-nesto-malo-puno\/\" \/>\n<meta property=\"og:locale\" content=\"hr_HR\" \/>\n<meta property=\"og:type\" content=\"article\" \/>\n<meta property=\"og:title\" content=\"Grad Mostar tra\u017ei 36 tisu\u0107a mjese\u010dno za najam \u0110a\u010dkog doma, Vladi to ne\u0161to malo puno - RADIO LJUBU\u0160KI\" \/>\n<meta property=\"og:description\" content=\"Grad Mostar od Vlade HN\u017d-a tra\u017ei oko 36 tisu\u0107a maraka za najam \u0110a\u010dkog doma, no izgleda da im je to ipak malo puno, te \u0107e na tu temu biti odr\u017ean zajedni\u010dki sastanak. Kazano je to na dana\u0161njoj sjednici Gradskog vije\u0107a Mostara gdje je vije\u0107nik Adil \u0160uta pitao kada \u0107e gradona\u010delnik, u skladu sa sporazumom o [&hellip;]\" \/>\n<meta property=\"og:url\" content=\"https:\/\/radioljubuski.ba\/index.php\/2022\/03\/29\/grad-mostar-trazi-36-tisuca-mjesecno-za-najam-dackog-doma-vladi-to-nesto-malo-puno\/\" \/>\n<meta property=\"og:site_name\" content=\"RADIO LJUBU\u0160KI\" \/>\n<meta property=\"article:publisher\" content=\"https:\/\/www.facebook.com\/Radiio-Ljubuski-1490835324566332\" \/>\n<meta property=\"article:published_time\" content=\"2022-03-29T10:36:11+00:00\" \/>\n<meta property=\"og:image\" content=\"https:\/\/radioljubuski.ba\/wp-content\/uploads\/2022\/03\/djacki-dom.jpg\" \/>\n\t<meta property=\"og:image:width\" content=\"1024\" \/>\n\t<meta property=\"og:image:height\" content=\"634\" \/>\n\t<meta property=\"og:image:type\" content=\"image\/jpeg\" \/>\n<meta name=\"author\" content=\"Radio Ljubu\u0161ki\" \/>\n<meta name=\"twitter:card\" content=\"summary_large_image\" \/>\n<meta name=\"twitter:creator\" content=\"@radioljubuski\" \/>\n<meta name=\"twitter:site\" content=\"@radioljubuski\" \/>\n<meta name=\"twitter:label1\" content=\"Napisao\/la\" \/>\n\t<meta name=\"twitter:data1\" content=\"Radio Ljubu\u0161ki\" \/>\n\t<meta name=\"twitter:label2\" content=\"Procijenjeno vrijeme \u010ditanja\" \/>\n\t<meta name=\"twitter:data2\" content=\"2 minute\" \/>\n<script type=\"application\/ld+json\" class=\"yoast-schema-graph\">{\"@context\":\"https:\\\/\\\/schema.org\",\"@graph\":[{\"@type\":\"Article\",\"@id\":\"https:\\\/\\\/radioljubuski.ba\\\/index.php\\\/2022\\\/03\\\/29\\\/grad-mostar-trazi-36-tisuca-mjesecno-za-najam-dackog-doma-vladi-to-nesto-malo-puno\\\/#article\",\"isPartOf\":{\"@id\":\"https:\\\/\\\/radioljubuski.ba\\\/index.php\\\/2022\\\/03\\\/29\\\/grad-mostar-trazi-36-tisuca-mjesecno-za-najam-dackog-doma-vladi-to-nesto-malo-puno\\\/\"},\"author\":{\"name\":\"Radio Ljubu\u0161ki\",\"@id\":\"https:\\\/\\\/radioljubuski.ba\\\/#\\\/schema\\\/person\\\/19fc700381a780f69665d7956c469e3b\"},\"headline\":\"Grad Mostar tra\u017ei 36 tisu\u0107a mjese\u010dno za najam \u0110a\u010dkog doma, Vladi to ne\u0161to malo puno\",\"datePublished\":\"2022-03-29T10:36:11+00:00\",\"mainEntityOfPage\":{\"@id\":\"https:\\\/\\\/radioljubuski.ba\\\/index.php\\\/2022\\\/03\\\/29\\\/grad-mostar-trazi-36-tisuca-mjesecno-za-najam-dackog-doma-vladi-to-nesto-malo-puno\\\/\"},\"wordCount\":330,\"publisher\":{\"@id\":\"https:\\\/\\\/radioljubuski.ba\\\/#organization\"},\"image\":{\"@id\":\"https:\\\/\\\/radioljubuski.ba\\\/index.php\\\/2022\\\/03\\\/29\\\/grad-mostar-trazi-36-tisuca-mjesecno-za-najam-dackog-doma-vladi-to-nesto-malo-puno\\\/#primaryimage\"},\"thumbnailUrl\":\"https:\\\/\\\/radioljubuski.ba\\\/wp-content\\\/uploads\\\/2022\\\/03\\\/djacki-dom.jpg\",\"articleSection\":[\"BIH i regija\"],\"inLanguage\":\"hr\"},{\"@type\":\"WebPage\",\"@id\":\"https:\\\/\\\/radioljubuski.ba\\\/index.php\\\/2022\\\/03\\\/29\\\/grad-mostar-trazi-36-tisuca-mjesecno-za-najam-dackog-doma-vladi-to-nesto-malo-puno\\\/\",\"url\":\"https:\\\/\\\/radioljubuski.ba\\\/index.php\\\/2022\\\/03\\\/29\\\/grad-mostar-trazi-36-tisuca-mjesecno-za-najam-dackog-doma-vladi-to-nesto-malo-puno\\\/\",\"name\":\"Grad Mostar tra\u017ei 36 tisu\u0107a mjese\u010dno za najam \u0110a\u010dkog doma, Vladi to ne\u0161to malo puno - RADIO LJUBU\u0160KI\",\"isPartOf\":{\"@id\":\"https:\\\/\\\/radioljubuski.ba\\\/#website\"},\"primaryImageOfPage\":{\"@id\":\"https:\\\/\\\/radioljubuski.ba\\\/index.php\\\/2022\\\/03\\\/29\\\/grad-mostar-trazi-36-tisuca-mjesecno-za-najam-dackog-doma-vladi-to-nesto-malo-puno\\\/#primaryimage\"},\"image\":{\"@id\":\"https:\\\/\\\/radioljubuski.ba\\\/index.php\\\/2022\\\/03\\\/29\\\/grad-mostar-trazi-36-tisuca-mjesecno-za-najam-dackog-doma-vladi-to-nesto-malo-puno\\\/#primaryimage\"},\"thumbnailUrl\":\"https:\\\/\\\/radioljubuski.ba\\\/wp-content\\\/uploads\\\/2022\\\/03\\\/djacki-dom.jpg\",\"datePublished\":\"2022-03-29T10:36:11+00:00\",\"breadcrumb\":{\"@id\":\"https:\\\/\\\/radioljubuski.ba\\\/index.php\\\/2022\\\/03\\\/29\\\/grad-mostar-trazi-36-tisuca-mjesecno-za-najam-dackog-doma-vladi-to-nesto-malo-puno\\\/#breadcrumb\"},\"inLanguage\":\"hr\",\"potentialAction\":[{\"@type\":\"ReadAction\",\"target\":[\"https:\\\/\\\/radioljubuski.ba\\\/index.php\\\/2022\\\/03\\\/29\\\/grad-mostar-trazi-36-tisuca-mjesecno-za-najam-dackog-doma-vladi-to-nesto-malo-puno\\\/\"]}]},{\"@type\":\"ImageObject\",\"inLanguage\":\"hr\",\"@id\":\"https:\\\/\\\/radioljubuski.ba\\\/index.php\\\/2022\\\/03\\\/29\\\/grad-mostar-trazi-36-tisuca-mjesecno-za-najam-dackog-doma-vladi-to-nesto-malo-puno\\\/#primaryimage\",\"url\":\"https:\\\/\\\/radioljubuski.ba\\\/wp-content\\\/uploads\\\/2022\\\/03\\\/djacki-dom.jpg\",\"contentUrl\":\"https:\\\/\\\/radioljubuski.ba\\\/wp-content\\\/uploads\\\/2022\\\/03\\\/djacki-dom.jpg\",\"width\":1024,\"height\":634},{\"@type\":\"BreadcrumbList\",\"@id\":\"https:\\\/\\\/radioljubuski.ba\\\/index.php\\\/2022\\\/03\\\/29\\\/grad-mostar-trazi-36-tisuca-mjesecno-za-najam-dackog-doma-vladi-to-nesto-malo-puno\\\/#breadcrumb\",\"itemListElement\":[{\"@type\":\"ListItem\",\"position\":1,\"name\":\"Po\u010detna stranica\",\"item\":\"https:\\\/\\\/radioljubuski.ba\\\/\"},{\"@type\":\"ListItem\",\"position\":2,\"name\":\"Grad Mostar tra\u017ei 36 tisu\u0107a mjese\u010dno za najam \u0110a\u010dkog doma, Vladi to ne\u0161to malo puno\"}]},{\"@type\":\"WebSite\",\"@id\":\"https:\\\/\\\/radioljubuski.ba\\\/#website\",\"url\":\"https:\\\/\\\/radioljubuski.ba\\\/\",\"name\":\"Radio Ljubu\u0161ki\",\"description\":\"Sun\u010dana frekvencija Hercegovine\",\"publisher\":{\"@id\":\"https:\\\/\\\/radioljubuski.ba\\\/#organization\"},\"potentialAction\":[{\"@type\":\"SearchAction\",\"target\":{\"@type\":\"EntryPoint\",\"urlTemplate\":\"https:\\\/\\\/radioljubuski.ba\\\/?s={search_term_string}\"},\"query-input\":{\"@type\":\"PropertyValueSpecification\",\"valueRequired\":true,\"valueName\":\"search_term_string\"}}],\"inLanguage\":\"hr\"},{\"@type\":\"Organization\",\"@id\":\"https:\\\/\\\/radioljubuski.ba\\\/#organization\",\"name\":\"Radio Ljubu\u0161ki\",\"url\":\"https:\\\/\\\/radioljubuski.ba\\\/\",\"logo\":{\"@type\":\"ImageObject\",\"inLanguage\":\"hr\",\"@id\":\"https:\\\/\\\/radioljubuski.ba\\\/#\\\/schema\\\/logo\\\/image\\\/\",\"url\":\"https:\\\/\\\/radioljubuski.ba\\\/wp-content\\\/uploads\\\/2021\\\/02\\\/cropped-Radio_Ljubuski_logo1.jpg\",\"contentUrl\":\"https:\\\/\\\/radioljubuski.ba\\\/wp-content\\\/uploads\\\/2021\\\/02\\\/cropped-Radio_Ljubuski_logo1.jpg\",\"width\":512,\"height\":512,\"caption\":\"Radio Ljubu\u0161ki\"},\"image\":{\"@id\":\"https:\\\/\\\/radioljubuski.ba\\\/#\\\/schema\\\/logo\\\/image\\\/\"},\"sameAs\":[\"https:\\\/\\\/www.facebook.com\\\/Radiio-Ljubuski-1490835324566332\",\"https:\\\/\\\/x.com\\\/radioljubuski\",\"https:\\\/\\\/hr.linkedin.com\\\/company\\\/radio-ljubuski\",\"https:\\\/\\\/www.youtube.com\\\/channel\\\/UCHYaeO_n0Db3tjNGudGpXyw\"]},{\"@type\":\"Person\",\"@id\":\"https:\\\/\\\/radioljubuski.ba\\\/#\\\/schema\\\/person\\\/19fc700381a780f69665d7956c469e3b\",\"name\":\"Radio Ljubu\u0161ki\"}]}<\/script>\n<!-- \/ Yoast SEO plugin. -->","yoast_head_json":{"title":"Grad Mostar tra\u017ei 36 tisu\u0107a mjese\u010dno za najam \u0110a\u010dkog doma, Vladi to ne\u0161to malo puno - RADIO LJUBU\u0160KI","robots":{"index":"index","follow":"follow","max-snippet":"max-snippet:-1","max-image-preview":"max-image-preview:large","max-video-preview":"max-video-preview:-1"},"canonical":"https:\/\/radioljubuski.ba\/index.php\/2022\/03\/29\/grad-mostar-trazi-36-tisuca-mjesecno-za-najam-dackog-doma-vladi-to-nesto-malo-puno\/","og_locale":"hr_HR","og_type":"article","og_title":"Grad Mostar tra\u017ei 36 tisu\u0107a mjese\u010dno za najam \u0110a\u010dkog doma, Vladi to ne\u0161to malo puno - RADIO LJUBU\u0160KI","og_description":"Grad Mostar od Vlade HN\u017d-a tra\u017ei oko 36 tisu\u0107a maraka za najam \u0110a\u010dkog doma, no izgleda da im je to ipak malo puno, te \u0107e na tu temu biti odr\u017ean zajedni\u010dki sastanak. Kazano je to na dana\u0161njoj sjednici Gradskog vije\u0107a Mostara gdje je vije\u0107nik Adil \u0160uta pitao kada \u0107e gradona\u010delnik, u skladu sa sporazumom o [&hellip;]","og_url":"https:\/\/radioljubuski.ba\/index.php\/2022\/03\/29\/grad-mostar-trazi-36-tisuca-mjesecno-za-najam-dackog-doma-vladi-to-nesto-malo-puno\/","og_site_name":"RADIO LJUBU\u0160KI","article_publisher":"https:\/\/www.facebook.com\/Radiio-Ljubuski-1490835324566332","article_published_time":"2022-03-29T10:36:11+00:00","og_image":[{"width":1024,"height":634,"url":"https:\/\/radioljubuski.ba\/wp-content\/uploads\/2022\/03\/djacki-dom.jpg","type":"image\/jpeg"}],"author":"Radio Ljubu\u0161ki","twitter_card":"summary_large_image","twitter_creator":"@radioljubuski","twitter_site":"@radioljubuski","twitter_misc":{"Napisao\/la":"Radio Ljubu\u0161ki","Procijenjeno vrijeme \u010ditanja":"2 minute"},"schema":{"@context":"https:\/\/schema.org","@graph":[{"@type":"Article","@id":"https:\/\/radioljubuski.ba\/index.php\/2022\/03\/29\/grad-mostar-trazi-36-tisuca-mjesecno-za-najam-dackog-doma-vladi-to-nesto-malo-puno\/#article","isPartOf":{"@id":"https:\/\/radioljubuski.ba\/index.php\/2022\/03\/29\/grad-mostar-trazi-36-tisuca-mjesecno-za-najam-dackog-doma-vladi-to-nesto-malo-puno\/"},"author":{"name":"Radio Ljubu\u0161ki","@id":"https:\/\/radioljubuski.ba\/#\/schema\/person\/19fc700381a780f69665d7956c469e3b"},"headline":"Grad Mostar tra\u017ei 36 tisu\u0107a mjese\u010dno za najam \u0110a\u010dkog doma, Vladi to ne\u0161to malo puno","datePublished":"2022-03-29T10:36:11+00:00","mainEntityOfPage":{"@id":"https:\/\/radioljubuski.ba\/index.php\/2022\/03\/29\/grad-mostar-trazi-36-tisuca-mjesecno-za-najam-dackog-doma-vladi-to-nesto-malo-puno\/"},"wordCount":330,"publisher":{"@id":"https:\/\/radioljubuski.ba\/#organization"},"image":{"@id":"https:\/\/radioljubuski.ba\/index.php\/2022\/03\/29\/grad-mostar-trazi-36-tisuca-mjesecno-za-najam-dackog-doma-vladi-to-nesto-malo-puno\/#primaryimage"},"thumbnailUrl":"https:\/\/radioljubuski.ba\/wp-content\/uploads\/2022\/03\/djacki-dom.jpg","articleSection":["BIH i regija"],"inLanguage":"hr"},{"@type":"WebPage","@id":"https:\/\/radioljubuski.ba\/index.php\/2022\/03\/29\/grad-mostar-trazi-36-tisuca-mjesecno-za-najam-dackog-doma-vladi-to-nesto-malo-puno\/","url":"https:\/\/radioljubuski.ba\/index.php\/2022\/03\/29\/grad-mostar-trazi-36-tisuca-mjesecno-za-najam-dackog-doma-vladi-to-nesto-malo-puno\/","name":"Grad Mostar tra\u017ei 36 tisu\u0107a mjese\u010dno za najam \u0110a\u010dkog doma, Vladi to ne\u0161to malo puno - RADIO LJUBU\u0160KI","isPartOf":{"@id":"https:\/\/radioljubuski.ba\/#website"},"primaryImageOfPage":{"@id":"https:\/\/radioljubuski.ba\/index.php\/2022\/03\/29\/grad-mostar-trazi-36-tisuca-mjesecno-za-najam-dackog-doma-vladi-to-nesto-malo-puno\/#primaryimage"},"image":{"@id":"https:\/\/radioljubuski.ba\/index.php\/2022\/03\/29\/grad-mostar-trazi-36-tisuca-mjesecno-za-najam-dackog-doma-vladi-to-nesto-malo-puno\/#primaryimage"},"thumbnailUrl":"https:\/\/radioljubuski.ba\/wp-content\/uploads\/2022\/03\/djacki-dom.jpg","datePublished":"2022-03-29T10:36:11+00:00","breadcrumb":{"@id":"https:\/\/radioljubuski.ba\/index.php\/2022\/03\/29\/grad-mostar-trazi-36-tisuca-mjesecno-za-najam-dackog-doma-vladi-to-nesto-malo-puno\/#breadcrumb"},"inLanguage":"hr","potentialAction":[{"@type":"ReadAction","target":["https:\/\/radioljubuski.ba\/index.php\/2022\/03\/29\/grad-mostar-trazi-36-tisuca-mjesecno-za-najam-dackog-doma-vladi-to-nesto-malo-puno\/"]}]},{"@type":"ImageObject","inLanguage":"hr","@id":"https:\/\/radioljubuski.ba\/index.php\/2022\/03\/29\/grad-mostar-trazi-36-tisuca-mjesecno-za-najam-dackog-doma-vladi-to-nesto-malo-puno\/#primaryimage","url":"https:\/\/radioljubuski.ba\/wp-content\/uploads\/2022\/03\/djacki-dom.jpg","contentUrl":"https:\/\/radioljubuski.ba\/wp-content\/uploads\/2022\/03\/djacki-dom.jpg","width":1024,"height":634},{"@type":"BreadcrumbList","@id":"https:\/\/radioljubuski.ba\/index.php\/2022\/03\/29\/grad-mostar-trazi-36-tisuca-mjesecno-za-najam-dackog-doma-vladi-to-nesto-malo-puno\/#breadcrumb","itemListElement":[{"@type":"ListItem","position":1,"name":"Po\u010detna stranica","item":"https:\/\/radioljubuski.ba\/"},{"@type":"ListItem","position":2,"name":"Grad Mostar tra\u017ei 36 tisu\u0107a mjese\u010dno za najam \u0110a\u010dkog doma, Vladi to ne\u0161to malo puno"}]},{"@type":"WebSite","@id":"https:\/\/radioljubuski.ba\/#website","url":"https:\/\/radioljubuski.ba\/","name":"Radio Ljubu\u0161ki","description":"Sun\u010dana frekvencija Hercegovine","publisher":{"@id":"https:\/\/radioljubuski.ba\/#organization"},"potentialAction":[{"@type":"SearchAction","target":{"@type":"EntryPoint","urlTemplate":"https:\/\/radioljubuski.ba\/?s={search_term_string}"},"query-input":{"@type":"PropertyValueSpecification","valueRequired":true,"valueName":"search_term_string"}}],"inLanguage":"hr"},{"@type":"Organization","@id":"https:\/\/radioljubuski.ba\/#organization","name":"Radio Ljubu\u0161ki","url":"https:\/\/radioljubuski.ba\/","logo":{"@type":"ImageObject","inLanguage":"hr","@id":"https:\/\/radioljubuski.ba\/#\/schema\/logo\/image\/","url":"https:\/\/radioljubuski.ba\/wp-content\/uploads\/2021\/02\/cropped-Radio_Ljubuski_logo1.jpg","contentUrl":"https:\/\/radioljubuski.ba\/wp-content\/uploads\/2021\/02\/cropped-Radio_Ljubuski_logo1.jpg","width":512,"height":512,"caption":"Radio Ljubu\u0161ki"},"image":{"@id":"https:\/\/radioljubuski.ba\/#\/schema\/logo\/image\/"},"sameAs":["https:\/\/www.facebook.com\/Radiio-Ljubuski-1490835324566332","https:\/\/x.com\/radioljubuski","https:\/\/hr.linkedin.com\/company\/radio-ljubuski","https:\/\/www.youtube.com\/channel\/UCHYaeO_n0Db3tjNGudGpXyw"]},{"@type":"Person","@id":"https:\/\/radioljubuski.ba\/#\/schema\/person\/19fc700381a780f69665d7956c469e3b","name":"Radio Ljubu\u0161ki"}]}},"_links":{"self":[{"href":"https:\/\/radioljubuski.ba\/index.php\/wp-json\/wp\/v2\/posts\/126360","targetHints":{"allow":["GET"]}}],"collection":[{"href":"https:\/\/radioljubuski.ba\/index.php\/wp-json\/wp\/v2\/posts"}],"about":[{"href":"https:\/\/radioljubuski.ba\/index.php\/wp-json\/wp\/v2\/types\/post"}],"author":[{"embeddable":true,"href":"https:\/\/radioljubuski.ba\/index.php\/wp-json\/wp\/v2\/users\/2"}],"replies":[{"embeddable":true,"href":"https:\/\/radioljubuski.ba\/index.php\/wp-json\/wp\/v2\/comments?post=126360"}],"version-history":[{"count":1,"href":"https:\/\/radioljubuski.ba\/index.php\/wp-json\/wp\/v2\/posts\/126360\/revisions"}],"predecessor-version":[{"id":126362,"href":"https:\/\/radioljubuski.ba\/index.php\/wp-json\/wp\/v2\/posts\/126360\/revisions\/126362"}],"wp:featuredmedia":[{"embeddable":true,"href":"https:\/\/radioljubuski.ba\/index.php\/wp-json\/wp\/v2\/media\/126361"}],"wp:attachment":[{"href":"https:\/\/radioljubuski.ba\/index.php\/wp-json\/wp\/v2\/media?parent=126360"}],"wp:term":[{"taxonomy":"category","embeddable":true,"href":"https:\/\/radioljubuski.ba\/index.php\/wp-json\/wp\/v2\/categories?post=126360"},{"taxonomy":"post_tag","embeddable":true,"href":"https:\/\/radioljubuski.ba\/index.php\/wp-json\/wp\/v2\/tags?post=126360"}],"curies":[{"name":"wp","href":"https:\/\/api.w.org\/{rel}","templated":true}]}}