{"id":126403,"date":"2022-03-29T14:11:16","date_gmt":"2022-03-29T13:11:16","guid":{"rendered":"https:\/\/radioljubuski.ba\/?p=126403"},"modified":"2022-03-29T14:11:17","modified_gmt":"2022-03-29T13:11:17","slug":"grubesa-zbog-potplacenosti-ocigledan-pad-kvalitete-rada-strucnih-skupina","status":"publish","type":"post","link":"https:\/\/radioljubuski.ba\/index.php\/2022\/03\/29\/grubesa-zbog-potplacenosti-ocigledan-pad-kvalitete-rada-strucnih-skupina\/","title":{"rendered":"Grube\u0161a: Zbog potpla\u0107enosti o\u010digledan pad kvalitete rada stru\u010dnih skupina"},"content":{"rendered":"\n<p>Izmjene Zakona o pla\u0107ama u institucijama BiH, kojima je ograni\u010den iznos naknade za rad u stru\u010dnim povjerenstvima, rezultirale su velikim problemima u radu dr\u017eavne administracije, pi\u0161e Ve\u010dernji list BiH.<\/p>\n\n\n\n<p>Koje su posljedice<\/p>\n\n\n\n<p>Ministar pravosu\u0111a BiH Josip Grube\u0161a upozorava da se pre\u010desto pose\u017ee za populisti\u010dkim mjerama, a da se uop\u0107e ne sagledaju sve njihove posljedice. U tomu prednja\u010di oporba, ali zbog odnosa kakvi su u BiH, \u010desto se i dio formalno vladaju\u0107e koalicije priklju\u010duje takvim inicijativama. S druge strane, odluke koje predla\u017ee i donosi vlast \u010desto se kritiziraju po automatizmu, bez doprinosa njihovu popravljanju ili promjeni.<\/p>\n\n\n\n<p>&#8211; Veliki problem je u tome \u0161to se sve \u0161to predlo\u017ei vladaju\u0107a koalicija a priori i bez valjanih argumenata ocijeni kao zlonamjerno, pogre\u0161no ili lo\u0161e ura\u0111eno. Pri svakom propisu koji se uradi, pa i usvoji, dinami\u010dni dru\u0161tveni procesi nedugo zatim uvjetuju korekcije i kvalitativna pobolj\u0161anja, jednostavno se mijenjaju okolnosti, ljudi, odnosi. Razumijem da uloga oporbe u demokratskom kontekstu predstavlja korektiv vladaju\u0107oj grupaciji, da pronalazi i upu\u0107uje na njihove propuste i da od toga pravi pri\u010du o njihovoj nesposobnosti. Me\u0111utim, ovaj demokratski mehanizam kod nas je izgubio svoj esencijalni oblik tako \u0161to se deformirao u kvazidemokratski i populisti\u010dki oblik, pa je tako etablirano pravilo bez iznimke, da se unaprijed i bez zadr\u0161ke vjeruje u &#8220;pogre\u0161nost&#8221; vladaju\u0107e kolacije bez obzira na realno stanje stvari i bilo kakve detaljne provjere &#8211; isti\u010de Grube\u0161a.<\/p>\n\n\n\n<p>Kvaliteta rada<\/p>\n\n\n\n<p>To\u010dnost ovakve tvrdnje mo\u017ee se, dodaje, najbolje sagledati i provjeriti izbornim rezultatima kao najispravnijem mjerilu uspje\u0161nosti i kvalitete rada.<\/p>\n\n\n\n<p>&#8211; Ako to imamo u vidu, onda neka mi netko objasni kako dobivamo izbore ako smo iz godine u godinu tako lo\u0161i kako to prikazuje oporba. Mislim da treba realno pristupati ocjeni na\u0161eg rada koji je transparentan i podlo\u017ean sudu javnosti te kritici oporbe, a prestati od svega \u0161to uradimo praviti senzacionalisti\u010dke pri\u010de i dezavuirati javnost &#8211; navodi on. Kao primjer populisti\u010dkog pona\u0161anja u bosanskohercegova\u010dkoj politici navodi ve\u0107 spomenute izmjene Zakona o pla\u0107ama u institucijama BiH.<\/p>\n\n\n\n<p>&#8211; Jedna u nizu kvazidemokratskih oporbenih aktivnosti jest inicijativa za izmjenu Zakona o pla\u0107ama u institucijama BiH, kojom je ograni\u010den iznos naknade za rad u stru\u010dnim povjerenstvima, a koju je iz populisti\u010dkih razloga podr\u017eao i jedan dio vladaju\u0107e koalicije. Naravno, po ustaljenom obi\u010daju, poslije usvajanja teksta nitko se nije pozabavio analizama koliko je i je li uop\u0107e do\u0161lo do u\u0161teda u prora\u010dunu. Uvjeren sam da nije, nego je samo po dobro poznatom neuspje\u0161nom modelu uravnilovke prethodnog sustava do\u0161lo do preraspodjele istih sredstava na bezbrojne korisnike, bez obzira na profesionalne kvalitete i stru\u010dnu osposobljenost &#8211; ka\u017ee Grube\u0161a.<\/p>\n\n\n\n<p>Epilog takvog jednog populisti\u010dkog pothvata je, isti\u010de on, o\u010digledan pad kvalitete rada stru\u010dnih skupina jer se zbog nemogu\u0107nosti odgovaraju\u0107e naknade za rad i doprinos ne mogu anga\u017eirati osobe istaknutih profesionalnih i stru\u010dnih kvaliteta.<\/p>\n\n\n\n<p>&#8211; Jedino ispravno rje\u0161enje je da se svim dru\u0161tvenim procesima pristupa s osobitom pozorno\u0161\u0107u i jasno definiranim ciljevima te uz uporabu profesionalnih i stru\u010dnih resursa izgra\u0111ivati cjelokupno dru\u0161tvo u svim njegovim segmentima. U takvom pristupu po\u017eeljan je i dobrodo\u0161ao korektivni pristup oporbe, a ne populisti\u010dki pristup koji je sada na sceni &#8211; zaklju\u010duje ministar pravosu\u0111a BiH.<\/p>\n\n\n\n<p>Izvor:vecernji.ba<\/p>\n","protected":false},"excerpt":{"rendered":"<p>Izmjene Zakona o pla\u0107ama u institucijama BiH, kojima je ograni\u010den iznos naknade za rad u stru\u010dnim povjerenstvima, rezultirale su velikim problemima u radu dr\u017eavne administracije, pi\u0161e Ve\u010dernji list BiH. Koje su posljedice Ministar pravosu\u0111a BiH Josip Grube\u0161a upozorava da se pre\u010desto pose\u017ee za populisti\u010dkim mjerama, a da se uop\u0107e ne sagledaju sve njihove posljedice. U [&hellip;]<\/p>\n","protected":false},"author":2,"featured_media":45234,"comment_status":"closed","ping_status":"closed","sticky":false,"template":"","format":"standard","meta":{"h5ap_radio_sources":[],"footnotes":""},"categories":[1],"tags":[],"class_list":["post-126403","post","type-post","status-publish","format-standard","has-post-thumbnail","hentry","category-bihiregija"],"yoast_head":"<!-- This site is optimized with the Yoast SEO plugin v27.5 - https:\/\/yoast.com\/product\/yoast-seo-wordpress\/ -->\n<title>Grube\u0161a: Zbog potpla\u0107enosti o\u010digledan pad kvalitete rada stru\u010dnih skupina - RADIO LJUBU\u0160KI<\/title>\n<meta name=\"robots\" content=\"index, follow, max-snippet:-1, max-image-preview:large, max-video-preview:-1\" \/>\n<link rel=\"canonical\" href=\"https:\/\/radioljubuski.ba\/index.php\/2022\/03\/29\/grubesa-zbog-potplacenosti-ocigledan-pad-kvalitete-rada-strucnih-skupina\/\" \/>\n<meta property=\"og:locale\" content=\"hr_HR\" \/>\n<meta property=\"og:type\" content=\"article\" \/>\n<meta property=\"og:title\" content=\"Grube\u0161a: Zbog potpla\u0107enosti o\u010digledan pad kvalitete rada stru\u010dnih skupina - RADIO LJUBU\u0160KI\" \/>\n<meta property=\"og:description\" content=\"Izmjene Zakona o pla\u0107ama u institucijama BiH, kojima je ograni\u010den iznos naknade za rad u stru\u010dnim povjerenstvima, rezultirale su velikim problemima u radu dr\u017eavne administracije, pi\u0161e Ve\u010dernji list BiH. Koje su posljedice Ministar pravosu\u0111a BiH Josip Grube\u0161a upozorava da se pre\u010desto pose\u017ee za populisti\u010dkim mjerama, a da se uop\u0107e ne sagledaju sve njihove posljedice. U [&hellip;]\" \/>\n<meta property=\"og:url\" content=\"https:\/\/radioljubuski.ba\/index.php\/2022\/03\/29\/grubesa-zbog-potplacenosti-ocigledan-pad-kvalitete-rada-strucnih-skupina\/\" \/>\n<meta property=\"og:site_name\" content=\"RADIO LJUBU\u0160KI\" \/>\n<meta property=\"article:publisher\" content=\"https:\/\/www.facebook.com\/Radiio-Ljubuski-1490835324566332\" \/>\n<meta property=\"article:published_time\" content=\"2022-03-29T13:11:16+00:00\" \/>\n<meta property=\"article:modified_time\" content=\"2022-03-29T13:11:17+00:00\" \/>\n<meta property=\"og:image\" content=\"https:\/\/radioljubuski.ba\/wp-content\/uploads\/2021\/07\/twGDE5Ac_grubesa.jpg\" \/>\n\t<meta property=\"og:image:width\" content=\"1000\" \/>\n\t<meta property=\"og:image:height\" content=\"625\" \/>\n\t<meta property=\"og:image:type\" content=\"image\/jpeg\" \/>\n<meta name=\"author\" content=\"Radio Ljubu\u0161ki\" \/>\n<meta name=\"twitter:card\" content=\"summary_large_image\" \/>\n<meta name=\"twitter:creator\" content=\"@radioljubuski\" \/>\n<meta name=\"twitter:site\" content=\"@radioljubuski\" \/>\n<meta name=\"twitter:label1\" content=\"Napisao\/la\" \/>\n\t<meta name=\"twitter:data1\" content=\"Radio Ljubu\u0161ki\" \/>\n\t<meta name=\"twitter:label2\" content=\"Procijenjeno vrijeme \u010ditanja\" \/>\n\t<meta name=\"twitter:data2\" content=\"3 minute\" \/>\n<script type=\"application\/ld+json\" class=\"yoast-schema-graph\">{\"@context\":\"https:\\\/\\\/schema.org\",\"@graph\":[{\"@type\":\"Article\",\"@id\":\"https:\\\/\\\/radioljubuski.ba\\\/index.php\\\/2022\\\/03\\\/29\\\/grubesa-zbog-potplacenosti-ocigledan-pad-kvalitete-rada-strucnih-skupina\\\/#article\",\"isPartOf\":{\"@id\":\"https:\\\/\\\/radioljubuski.ba\\\/index.php\\\/2022\\\/03\\\/29\\\/grubesa-zbog-potplacenosti-ocigledan-pad-kvalitete-rada-strucnih-skupina\\\/\"},\"author\":{\"name\":\"Radio Ljubu\u0161ki\",\"@id\":\"https:\\\/\\\/radioljubuski.ba\\\/#\\\/schema\\\/person\\\/19fc700381a780f69665d7956c469e3b\"},\"headline\":\"Grube\u0161a: Zbog potpla\u0107enosti o\u010digledan pad kvalitete rada stru\u010dnih skupina\",\"datePublished\":\"2022-03-29T13:11:16+00:00\",\"dateModified\":\"2022-03-29T13:11:17+00:00\",\"mainEntityOfPage\":{\"@id\":\"https:\\\/\\\/radioljubuski.ba\\\/index.php\\\/2022\\\/03\\\/29\\\/grubesa-zbog-potplacenosti-ocigledan-pad-kvalitete-rada-strucnih-skupina\\\/\"},\"wordCount\":604,\"publisher\":{\"@id\":\"https:\\\/\\\/radioljubuski.ba\\\/#organization\"},\"image\":{\"@id\":\"https:\\\/\\\/radioljubuski.ba\\\/index.php\\\/2022\\\/03\\\/29\\\/grubesa-zbog-potplacenosti-ocigledan-pad-kvalitete-rada-strucnih-skupina\\\/#primaryimage\"},\"thumbnailUrl\":\"https:\\\/\\\/radioljubuski.ba\\\/wp-content\\\/uploads\\\/2021\\\/07\\\/twGDE5Ac_grubesa.jpg\",\"articleSection\":[\"BIH i regija\"],\"inLanguage\":\"hr\"},{\"@type\":\"WebPage\",\"@id\":\"https:\\\/\\\/radioljubuski.ba\\\/index.php\\\/2022\\\/03\\\/29\\\/grubesa-zbog-potplacenosti-ocigledan-pad-kvalitete-rada-strucnih-skupina\\\/\",\"url\":\"https:\\\/\\\/radioljubuski.ba\\\/index.php\\\/2022\\\/03\\\/29\\\/grubesa-zbog-potplacenosti-ocigledan-pad-kvalitete-rada-strucnih-skupina\\\/\",\"name\":\"Grube\u0161a: Zbog potpla\u0107enosti o\u010digledan pad kvalitete rada stru\u010dnih skupina - RADIO LJUBU\u0160KI\",\"isPartOf\":{\"@id\":\"https:\\\/\\\/radioljubuski.ba\\\/#website\"},\"primaryImageOfPage\":{\"@id\":\"https:\\\/\\\/radioljubuski.ba\\\/index.php\\\/2022\\\/03\\\/29\\\/grubesa-zbog-potplacenosti-ocigledan-pad-kvalitete-rada-strucnih-skupina\\\/#primaryimage\"},\"image\":{\"@id\":\"https:\\\/\\\/radioljubuski.ba\\\/index.php\\\/2022\\\/03\\\/29\\\/grubesa-zbog-potplacenosti-ocigledan-pad-kvalitete-rada-strucnih-skupina\\\/#primaryimage\"},\"thumbnailUrl\":\"https:\\\/\\\/radioljubuski.ba\\\/wp-content\\\/uploads\\\/2021\\\/07\\\/twGDE5Ac_grubesa.jpg\",\"datePublished\":\"2022-03-29T13:11:16+00:00\",\"dateModified\":\"2022-03-29T13:11:17+00:00\",\"breadcrumb\":{\"@id\":\"https:\\\/\\\/radioljubuski.ba\\\/index.php\\\/2022\\\/03\\\/29\\\/grubesa-zbog-potplacenosti-ocigledan-pad-kvalitete-rada-strucnih-skupina\\\/#breadcrumb\"},\"inLanguage\":\"hr\",\"potentialAction\":[{\"@type\":\"ReadAction\",\"target\":[\"https:\\\/\\\/radioljubuski.ba\\\/index.php\\\/2022\\\/03\\\/29\\\/grubesa-zbog-potplacenosti-ocigledan-pad-kvalitete-rada-strucnih-skupina\\\/\"]}]},{\"@type\":\"ImageObject\",\"inLanguage\":\"hr\",\"@id\":\"https:\\\/\\\/radioljubuski.ba\\\/index.php\\\/2022\\\/03\\\/29\\\/grubesa-zbog-potplacenosti-ocigledan-pad-kvalitete-rada-strucnih-skupina\\\/#primaryimage\",\"url\":\"https:\\\/\\\/radioljubuski.ba\\\/wp-content\\\/uploads\\\/2021\\\/07\\\/twGDE5Ac_grubesa.jpg\",\"contentUrl\":\"https:\\\/\\\/radioljubuski.ba\\\/wp-content\\\/uploads\\\/2021\\\/07\\\/twGDE5Ac_grubesa.jpg\",\"width\":1000,\"height\":625},{\"@type\":\"BreadcrumbList\",\"@id\":\"https:\\\/\\\/radioljubuski.ba\\\/index.php\\\/2022\\\/03\\\/29\\\/grubesa-zbog-potplacenosti-ocigledan-pad-kvalitete-rada-strucnih-skupina\\\/#breadcrumb\",\"itemListElement\":[{\"@type\":\"ListItem\",\"position\":1,\"name\":\"Po\u010detna stranica\",\"item\":\"https:\\\/\\\/radioljubuski.ba\\\/\"},{\"@type\":\"ListItem\",\"position\":2,\"name\":\"Grube\u0161a: Zbog potpla\u0107enosti o\u010digledan pad kvalitete rada stru\u010dnih skupina\"}]},{\"@type\":\"WebSite\",\"@id\":\"https:\\\/\\\/radioljubuski.ba\\\/#website\",\"url\":\"https:\\\/\\\/radioljubuski.ba\\\/\",\"name\":\"Radio Ljubu\u0161ki\",\"description\":\"Sun\u010dana frekvencija Hercegovine\",\"publisher\":{\"@id\":\"https:\\\/\\\/radioljubuski.ba\\\/#organization\"},\"potentialAction\":[{\"@type\":\"SearchAction\",\"target\":{\"@type\":\"EntryPoint\",\"urlTemplate\":\"https:\\\/\\\/radioljubuski.ba\\\/?s={search_term_string}\"},\"query-input\":{\"@type\":\"PropertyValueSpecification\",\"valueRequired\":true,\"valueName\":\"search_term_string\"}}],\"inLanguage\":\"hr\"},{\"@type\":\"Organization\",\"@id\":\"https:\\\/\\\/radioljubuski.ba\\\/#organization\",\"name\":\"Radio Ljubu\u0161ki\",\"url\":\"https:\\\/\\\/radioljubuski.ba\\\/\",\"logo\":{\"@type\":\"ImageObject\",\"inLanguage\":\"hr\",\"@id\":\"https:\\\/\\\/radioljubuski.ba\\\/#\\\/schema\\\/logo\\\/image\\\/\",\"url\":\"https:\\\/\\\/radioljubuski.ba\\\/wp-content\\\/uploads\\\/2021\\\/02\\\/cropped-Radio_Ljubuski_logo1.jpg\",\"contentUrl\":\"https:\\\/\\\/radioljubuski.ba\\\/wp-content\\\/uploads\\\/2021\\\/02\\\/cropped-Radio_Ljubuski_logo1.jpg\",\"width\":512,\"height\":512,\"caption\":\"Radio Ljubu\u0161ki\"},\"image\":{\"@id\":\"https:\\\/\\\/radioljubuski.ba\\\/#\\\/schema\\\/logo\\\/image\\\/\"},\"sameAs\":[\"https:\\\/\\\/www.facebook.com\\\/Radiio-Ljubuski-1490835324566332\",\"https:\\\/\\\/x.com\\\/radioljubuski\",\"https:\\\/\\\/hr.linkedin.com\\\/company\\\/radio-ljubuski\",\"https:\\\/\\\/www.youtube.com\\\/channel\\\/UCHYaeO_n0Db3tjNGudGpXyw\"]},{\"@type\":\"Person\",\"@id\":\"https:\\\/\\\/radioljubuski.ba\\\/#\\\/schema\\\/person\\\/19fc700381a780f69665d7956c469e3b\",\"name\":\"Radio Ljubu\u0161ki\"}]}<\/script>\n<!-- \/ Yoast SEO plugin. -->","yoast_head_json":{"title":"Grube\u0161a: Zbog potpla\u0107enosti o\u010digledan pad kvalitete rada stru\u010dnih skupina - RADIO LJUBU\u0160KI","robots":{"index":"index","follow":"follow","max-snippet":"max-snippet:-1","max-image-preview":"max-image-preview:large","max-video-preview":"max-video-preview:-1"},"canonical":"https:\/\/radioljubuski.ba\/index.php\/2022\/03\/29\/grubesa-zbog-potplacenosti-ocigledan-pad-kvalitete-rada-strucnih-skupina\/","og_locale":"hr_HR","og_type":"article","og_title":"Grube\u0161a: Zbog potpla\u0107enosti o\u010digledan pad kvalitete rada stru\u010dnih skupina - RADIO LJUBU\u0160KI","og_description":"Izmjene Zakona o pla\u0107ama u institucijama BiH, kojima je ograni\u010den iznos naknade za rad u stru\u010dnim povjerenstvima, rezultirale su velikim problemima u radu dr\u017eavne administracije, pi\u0161e Ve\u010dernji list BiH. Koje su posljedice Ministar pravosu\u0111a BiH Josip Grube\u0161a upozorava da se pre\u010desto pose\u017ee za populisti\u010dkim mjerama, a da se uop\u0107e ne sagledaju sve njihove posljedice. U [&hellip;]","og_url":"https:\/\/radioljubuski.ba\/index.php\/2022\/03\/29\/grubesa-zbog-potplacenosti-ocigledan-pad-kvalitete-rada-strucnih-skupina\/","og_site_name":"RADIO LJUBU\u0160KI","article_publisher":"https:\/\/www.facebook.com\/Radiio-Ljubuski-1490835324566332","article_published_time":"2022-03-29T13:11:16+00:00","article_modified_time":"2022-03-29T13:11:17+00:00","og_image":[{"width":1000,"height":625,"url":"https:\/\/radioljubuski.ba\/wp-content\/uploads\/2021\/07\/twGDE5Ac_grubesa.jpg","type":"image\/jpeg"}],"author":"Radio Ljubu\u0161ki","twitter_card":"summary_large_image","twitter_creator":"@radioljubuski","twitter_site":"@radioljubuski","twitter_misc":{"Napisao\/la":"Radio Ljubu\u0161ki","Procijenjeno vrijeme \u010ditanja":"3 minute"},"schema":{"@context":"https:\/\/schema.org","@graph":[{"@type":"Article","@id":"https:\/\/radioljubuski.ba\/index.php\/2022\/03\/29\/grubesa-zbog-potplacenosti-ocigledan-pad-kvalitete-rada-strucnih-skupina\/#article","isPartOf":{"@id":"https:\/\/radioljubuski.ba\/index.php\/2022\/03\/29\/grubesa-zbog-potplacenosti-ocigledan-pad-kvalitete-rada-strucnih-skupina\/"},"author":{"name":"Radio Ljubu\u0161ki","@id":"https:\/\/radioljubuski.ba\/#\/schema\/person\/19fc700381a780f69665d7956c469e3b"},"headline":"Grube\u0161a: Zbog potpla\u0107enosti o\u010digledan pad kvalitete rada stru\u010dnih skupina","datePublished":"2022-03-29T13:11:16+00:00","dateModified":"2022-03-29T13:11:17+00:00","mainEntityOfPage":{"@id":"https:\/\/radioljubuski.ba\/index.php\/2022\/03\/29\/grubesa-zbog-potplacenosti-ocigledan-pad-kvalitete-rada-strucnih-skupina\/"},"wordCount":604,"publisher":{"@id":"https:\/\/radioljubuski.ba\/#organization"},"image":{"@id":"https:\/\/radioljubuski.ba\/index.php\/2022\/03\/29\/grubesa-zbog-potplacenosti-ocigledan-pad-kvalitete-rada-strucnih-skupina\/#primaryimage"},"thumbnailUrl":"https:\/\/radioljubuski.ba\/wp-content\/uploads\/2021\/07\/twGDE5Ac_grubesa.jpg","articleSection":["BIH i regija"],"inLanguage":"hr"},{"@type":"WebPage","@id":"https:\/\/radioljubuski.ba\/index.php\/2022\/03\/29\/grubesa-zbog-potplacenosti-ocigledan-pad-kvalitete-rada-strucnih-skupina\/","url":"https:\/\/radioljubuski.ba\/index.php\/2022\/03\/29\/grubesa-zbog-potplacenosti-ocigledan-pad-kvalitete-rada-strucnih-skupina\/","name":"Grube\u0161a: Zbog potpla\u0107enosti o\u010digledan pad kvalitete rada stru\u010dnih skupina - RADIO LJUBU\u0160KI","isPartOf":{"@id":"https:\/\/radioljubuski.ba\/#website"},"primaryImageOfPage":{"@id":"https:\/\/radioljubuski.ba\/index.php\/2022\/03\/29\/grubesa-zbog-potplacenosti-ocigledan-pad-kvalitete-rada-strucnih-skupina\/#primaryimage"},"image":{"@id":"https:\/\/radioljubuski.ba\/index.php\/2022\/03\/29\/grubesa-zbog-potplacenosti-ocigledan-pad-kvalitete-rada-strucnih-skupina\/#primaryimage"},"thumbnailUrl":"https:\/\/radioljubuski.ba\/wp-content\/uploads\/2021\/07\/twGDE5Ac_grubesa.jpg","datePublished":"2022-03-29T13:11:16+00:00","dateModified":"2022-03-29T13:11:17+00:00","breadcrumb":{"@id":"https:\/\/radioljubuski.ba\/index.php\/2022\/03\/29\/grubesa-zbog-potplacenosti-ocigledan-pad-kvalitete-rada-strucnih-skupina\/#breadcrumb"},"inLanguage":"hr","potentialAction":[{"@type":"ReadAction","target":["https:\/\/radioljubuski.ba\/index.php\/2022\/03\/29\/grubesa-zbog-potplacenosti-ocigledan-pad-kvalitete-rada-strucnih-skupina\/"]}]},{"@type":"ImageObject","inLanguage":"hr","@id":"https:\/\/radioljubuski.ba\/index.php\/2022\/03\/29\/grubesa-zbog-potplacenosti-ocigledan-pad-kvalitete-rada-strucnih-skupina\/#primaryimage","url":"https:\/\/radioljubuski.ba\/wp-content\/uploads\/2021\/07\/twGDE5Ac_grubesa.jpg","contentUrl":"https:\/\/radioljubuski.ba\/wp-content\/uploads\/2021\/07\/twGDE5Ac_grubesa.jpg","width":1000,"height":625},{"@type":"BreadcrumbList","@id":"https:\/\/radioljubuski.ba\/index.php\/2022\/03\/29\/grubesa-zbog-potplacenosti-ocigledan-pad-kvalitete-rada-strucnih-skupina\/#breadcrumb","itemListElement":[{"@type":"ListItem","position":1,"name":"Po\u010detna stranica","item":"https:\/\/radioljubuski.ba\/"},{"@type":"ListItem","position":2,"name":"Grube\u0161a: Zbog potpla\u0107enosti o\u010digledan pad kvalitete rada stru\u010dnih skupina"}]},{"@type":"WebSite","@id":"https:\/\/radioljubuski.ba\/#website","url":"https:\/\/radioljubuski.ba\/","name":"Radio Ljubu\u0161ki","description":"Sun\u010dana frekvencija Hercegovine","publisher":{"@id":"https:\/\/radioljubuski.ba\/#organization"},"potentialAction":[{"@type":"SearchAction","target":{"@type":"EntryPoint","urlTemplate":"https:\/\/radioljubuski.ba\/?s={search_term_string}"},"query-input":{"@type":"PropertyValueSpecification","valueRequired":true,"valueName":"search_term_string"}}],"inLanguage":"hr"},{"@type":"Organization","@id":"https:\/\/radioljubuski.ba\/#organization","name":"Radio Ljubu\u0161ki","url":"https:\/\/radioljubuski.ba\/","logo":{"@type":"ImageObject","inLanguage":"hr","@id":"https:\/\/radioljubuski.ba\/#\/schema\/logo\/image\/","url":"https:\/\/radioljubuski.ba\/wp-content\/uploads\/2021\/02\/cropped-Radio_Ljubuski_logo1.jpg","contentUrl":"https:\/\/radioljubuski.ba\/wp-content\/uploads\/2021\/02\/cropped-Radio_Ljubuski_logo1.jpg","width":512,"height":512,"caption":"Radio Ljubu\u0161ki"},"image":{"@id":"https:\/\/radioljubuski.ba\/#\/schema\/logo\/image\/"},"sameAs":["https:\/\/www.facebook.com\/Radiio-Ljubuski-1490835324566332","https:\/\/x.com\/radioljubuski","https:\/\/hr.linkedin.com\/company\/radio-ljubuski","https:\/\/www.youtube.com\/channel\/UCHYaeO_n0Db3tjNGudGpXyw"]},{"@type":"Person","@id":"https:\/\/radioljubuski.ba\/#\/schema\/person\/19fc700381a780f69665d7956c469e3b","name":"Radio Ljubu\u0161ki"}]}},"_links":{"self":[{"href":"https:\/\/radioljubuski.ba\/index.php\/wp-json\/wp\/v2\/posts\/126403","targetHints":{"allow":["GET"]}}],"collection":[{"href":"https:\/\/radioljubuski.ba\/index.php\/wp-json\/wp\/v2\/posts"}],"about":[{"href":"https:\/\/radioljubuski.ba\/index.php\/wp-json\/wp\/v2\/types\/post"}],"author":[{"embeddable":true,"href":"https:\/\/radioljubuski.ba\/index.php\/wp-json\/wp\/v2\/users\/2"}],"replies":[{"embeddable":true,"href":"https:\/\/radioljubuski.ba\/index.php\/wp-json\/wp\/v2\/comments?post=126403"}],"version-history":[{"count":1,"href":"https:\/\/radioljubuski.ba\/index.php\/wp-json\/wp\/v2\/posts\/126403\/revisions"}],"predecessor-version":[{"id":126404,"href":"https:\/\/radioljubuski.ba\/index.php\/wp-json\/wp\/v2\/posts\/126403\/revisions\/126404"}],"wp:featuredmedia":[{"embeddable":true,"href":"https:\/\/radioljubuski.ba\/index.php\/wp-json\/wp\/v2\/media\/45234"}],"wp:attachment":[{"href":"https:\/\/radioljubuski.ba\/index.php\/wp-json\/wp\/v2\/media?parent=126403"}],"wp:term":[{"taxonomy":"category","embeddable":true,"href":"https:\/\/radioljubuski.ba\/index.php\/wp-json\/wp\/v2\/categories?post=126403"},{"taxonomy":"post_tag","embeddable":true,"href":"https:\/\/radioljubuski.ba\/index.php\/wp-json\/wp\/v2\/tags?post=126403"}],"curies":[{"name":"wp","href":"https:\/\/api.w.org\/{rel}","templated":true}]}}