{"id":126446,"date":"2022-03-29T14:30:23","date_gmt":"2022-03-29T13:30:23","guid":{"rendered":"https:\/\/radioljubuski.ba\/?p=126446"},"modified":"2022-03-29T14:30:25","modified_gmt":"2022-03-29T13:30:25","slug":"grad-balta-priprema-mjesto-za-bih-zastavu-u-znak-zahvalnosti","status":"publish","type":"post","link":"https:\/\/radioljubuski.ba\/index.php\/2022\/03\/29\/grad-balta-priprema-mjesto-za-bih-zastavu-u-znak-zahvalnosti\/","title":{"rendered":"Grad Balta priprema mjesto za BIH zastavu u znak zahvalnosti"},"content":{"rendered":"\n<p>Gradona\u010delnik grada Mostara Mario Kordi\u0107 organizirao je neformalno dru\u017eenje sa ukrajinskim izbjeglicama a koje se nalaze u Mostaru i Me\u0111ugorju. Rije\u010d je o ukrajinskom \u017eenskom odbojka\u0161kom klubu Balta koji je smje\u0161ten u Studentskom centru Mostar, tro\u010dlanoj obitelji koja se nalazi u privatnom smje\u0161taju u Mostaru te dvije obitelji koje su smje\u0161tene u Me\u0111ugorju.<\/p>\n\n\n\n<p>U opu\u0161tenoj atmosferi, gradona\u010delnik je imao priliku \u010duti vi\u0161e o situaciji u Ukrajini i njihovim obiteljima te potrebama ovih izbjeglica koje su u Mostar i Me\u0111ugorje stigle prije 20tak dana.<\/p>\n\n\n\n<p>Varvara Koltsova ispred odbojka\u0161kog kluba Balta zahvalila se gradona\u010delniku na susretu i ukazala na vrhunske uvijete koje im je pru\u017eio Studentski centar Mostar i Studentski odbojka\u0161ki klub Mostar gdje imaju priliku trenirati i nastaviti sa svojim \u017eivotima koliko je to mogu\u0107e.<\/p>\n\n\n\n<p>-Impresionirana sam otvoreno\u0161\u0107u i jednostavno\u0161\u0107u gradona\u010delnika Mostara. Imali smo dosta vremena za razgovor tijekom dana\u0161njeg dru\u017eenja, razgovarali smo o situaciji u na\u0161oj zemlji a gradona\u010delnik je pokazao duboko razumijevanje i suosje\u0107anje &#8211; kazala je za Pogled.ba Varvara Koltsova te dodala:<\/p>\n\n\n\n<p>-Razgovarali smo i o na\u0161em odbojka\u0161kom klubu, sportskim uspjesima na\u0161eg grada. Gradona\u010delnik Mostara uvjerava nas da \u0107emo nakon rata osvojiti prvenstvo Ukrajine, jer sada imamo priliku trenirati sa djevojkama iz Mostara. Hvala na tome Studentskom centru Mostar i<br>predsjedniku Odbojka\u0161kog kluba Mostar.<\/p>\n\n\n\n<p>Koltsova tako\u0111er isti\u010de kako \u0107e njezina Balta iskazati zahvalnost Mostaru i Bosni i Hercegovini.<\/p>\n\n\n\n<p>-Kada rat zavr\u0161i i moja zemlja pobijedi, svakako \u0107emo pozvati izaslanstvo grada Mostara i Studentskog centra u na\u0161 ukrajinski grad. Balta ima 15 gradova istomi\u0161ljenika, \u010diji su \u010delnici s nama potpisali ugovor o prijateljstvu, podr\u0161ci i razmjeni iskustava. Zastave Poljske, Moldavije, Slova\u010dke i Gruzije krase aleju pod ukrajinskim nebom. U Balti je ve\u0107 pripremljeno mjesto za zastavu Bosne i Hercegovine koja \u0107e mahati u znak duboke zahvalnosti za pomo\u0107 u te\u0161kom razdoblju rata u Ukrajini. Nadam se da \u0107e ga u mirno vrijeme podi\u0107i gradona\u010delnik Mostara &#8211; zaklju\u010dila je Varvara.<\/p>\n\n\n\n<p>Gradona\u010delnik Mario Kordi\u0107 kazao je kako je te\u0161ko slu\u0161ati neda\u0107e koje su zadesile ove obitelji, gledati djecu bez o\u010deva danas tu i zato svatko treba dati svoj doprinos i pomo\u0107i ovim obiteljima da se osje\u0107aju dobrodo\u0161lo.<\/p>\n\n\n\n<p>-Drago mi je da sam imao priliku pobli\u017ee upoznati jedan dio ukrajinskih izbjeglica koje se nalaze na na\u0161im prostorima, njihove pri\u010de su tu\u017ene, ali pomo\u0107 koju su im pru\u017eili u Studentskom centru Mostar i Me\u0111ugorju na ponos je svima nama. Kao grad u\u010dinit \u0107emo sve da se osje\u0107aju sigurno i dobrodo\u0161lo. Hvala Varvari na ovoj divnoj gesti koju njihov grad pokazuje u znak zahvalnosti i i\u0161\u010dekujem dan kada<br>\u0107emo imati priliku u miru zajedno podignuti zastavu BIH u Balti -poru\u010dio je gradona\u010delnik Kordi\u0107.<\/p>\n\n\n\n<p>Izvor:pogled.ba<\/p>\n","protected":false},"excerpt":{"rendered":"<p>Gradona\u010delnik grada Mostara Mario Kordi\u0107 organizirao je neformalno dru\u017eenje sa ukrajinskim izbjeglicama a koje se nalaze u Mostaru i Me\u0111ugorju. Rije\u010d je o ukrajinskom \u017eenskom odbojka\u0161kom klubu Balta koji je smje\u0161ten u Studentskom centru Mostar, tro\u010dlanoj obitelji koja se nalazi u privatnom smje\u0161taju u Mostaru te dvije obitelji koje su smje\u0161tene u Me\u0111ugorju. U opu\u0161tenoj [&hellip;]<\/p>\n","protected":false},"author":2,"featured_media":126447,"comment_status":"closed","ping_status":"closed","sticky":false,"template":"","format":"standard","meta":{"h5ap_radio_sources":[],"footnotes":""},"categories":[1],"tags":[],"class_list":["post-126446","post","type-post","status-publish","format-standard","has-post-thumbnail","hentry","category-bihiregija"],"yoast_head":"<!-- This site is optimized with the Yoast SEO plugin v27.5 - https:\/\/yoast.com\/product\/yoast-seo-wordpress\/ -->\n<title>Grad Balta priprema mjesto za BIH zastavu u znak zahvalnosti - RADIO LJUBU\u0160KI<\/title>\n<meta name=\"robots\" content=\"index, follow, max-snippet:-1, max-image-preview:large, max-video-preview:-1\" \/>\n<link rel=\"canonical\" href=\"https:\/\/radioljubuski.ba\/index.php\/2022\/03\/29\/grad-balta-priprema-mjesto-za-bih-zastavu-u-znak-zahvalnosti\/\" \/>\n<meta property=\"og:locale\" content=\"hr_HR\" \/>\n<meta property=\"og:type\" content=\"article\" \/>\n<meta property=\"og:title\" content=\"Grad Balta priprema mjesto za BIH zastavu u znak zahvalnosti - RADIO LJUBU\u0160KI\" \/>\n<meta property=\"og:description\" content=\"Gradona\u010delnik grada Mostara Mario Kordi\u0107 organizirao je neformalno dru\u017eenje sa ukrajinskim izbjeglicama a koje se nalaze u Mostaru i Me\u0111ugorju. Rije\u010d je o ukrajinskom \u017eenskom odbojka\u0161kom klubu Balta koji je smje\u0161ten u Studentskom centru Mostar, tro\u010dlanoj obitelji koja se nalazi u privatnom smje\u0161taju u Mostaru te dvije obitelji koje su smje\u0161tene u Me\u0111ugorju. U opu\u0161tenoj [&hellip;]\" \/>\n<meta property=\"og:url\" content=\"https:\/\/radioljubuski.ba\/index.php\/2022\/03\/29\/grad-balta-priprema-mjesto-za-bih-zastavu-u-znak-zahvalnosti\/\" \/>\n<meta property=\"og:site_name\" content=\"RADIO LJUBU\u0160KI\" \/>\n<meta property=\"article:publisher\" content=\"https:\/\/www.facebook.com\/Radiio-Ljubuski-1490835324566332\" \/>\n<meta property=\"article:published_time\" content=\"2022-03-29T13:30:23+00:00\" \/>\n<meta property=\"article:modified_time\" content=\"2022-03-29T13:30:25+00:00\" \/>\n<meta property=\"og:image\" content=\"https:\/\/radioljubuski.ba\/wp-content\/uploads\/2022\/03\/2-2022-03-29-10-45-25-gradonacelnik-i-izbjeglice.jpg\" \/>\n\t<meta property=\"og:image:width\" content=\"1000\" \/>\n\t<meta property=\"og:image:height\" content=\"625\" \/>\n\t<meta property=\"og:image:type\" content=\"image\/jpeg\" \/>\n<meta name=\"author\" content=\"Radio Ljubu\u0161ki\" \/>\n<meta name=\"twitter:card\" content=\"summary_large_image\" \/>\n<meta name=\"twitter:creator\" content=\"@radioljubuski\" \/>\n<meta name=\"twitter:site\" content=\"@radioljubuski\" \/>\n<meta name=\"twitter:label1\" content=\"Napisao\/la\" \/>\n\t<meta name=\"twitter:data1\" content=\"Radio Ljubu\u0161ki\" \/>\n\t<meta name=\"twitter:label2\" content=\"Procijenjeno vrijeme \u010ditanja\" \/>\n\t<meta name=\"twitter:data2\" content=\"2 minute\" \/>\n<script type=\"application\/ld+json\" class=\"yoast-schema-graph\">{\"@context\":\"https:\\\/\\\/schema.org\",\"@graph\":[{\"@type\":\"Article\",\"@id\":\"https:\\\/\\\/radioljubuski.ba\\\/index.php\\\/2022\\\/03\\\/29\\\/grad-balta-priprema-mjesto-za-bih-zastavu-u-znak-zahvalnosti\\\/#article\",\"isPartOf\":{\"@id\":\"https:\\\/\\\/radioljubuski.ba\\\/index.php\\\/2022\\\/03\\\/29\\\/grad-balta-priprema-mjesto-za-bih-zastavu-u-znak-zahvalnosti\\\/\"},\"author\":{\"name\":\"Radio Ljubu\u0161ki\",\"@id\":\"https:\\\/\\\/radioljubuski.ba\\\/#\\\/schema\\\/person\\\/19fc700381a780f69665d7956c469e3b\"},\"headline\":\"Grad Balta priprema mjesto za BIH zastavu u znak zahvalnosti\",\"datePublished\":\"2022-03-29T13:30:23+00:00\",\"dateModified\":\"2022-03-29T13:30:25+00:00\",\"mainEntityOfPage\":{\"@id\":\"https:\\\/\\\/radioljubuski.ba\\\/index.php\\\/2022\\\/03\\\/29\\\/grad-balta-priprema-mjesto-za-bih-zastavu-u-znak-zahvalnosti\\\/\"},\"wordCount\":502,\"publisher\":{\"@id\":\"https:\\\/\\\/radioljubuski.ba\\\/#organization\"},\"image\":{\"@id\":\"https:\\\/\\\/radioljubuski.ba\\\/index.php\\\/2022\\\/03\\\/29\\\/grad-balta-priprema-mjesto-za-bih-zastavu-u-znak-zahvalnosti\\\/#primaryimage\"},\"thumbnailUrl\":\"https:\\\/\\\/radioljubuski.ba\\\/wp-content\\\/uploads\\\/2022\\\/03\\\/2-2022-03-29-10-45-25-gradonacelnik-i-izbjeglice.jpg\",\"articleSection\":[\"BIH i regija\"],\"inLanguage\":\"hr\"},{\"@type\":\"WebPage\",\"@id\":\"https:\\\/\\\/radioljubuski.ba\\\/index.php\\\/2022\\\/03\\\/29\\\/grad-balta-priprema-mjesto-za-bih-zastavu-u-znak-zahvalnosti\\\/\",\"url\":\"https:\\\/\\\/radioljubuski.ba\\\/index.php\\\/2022\\\/03\\\/29\\\/grad-balta-priprema-mjesto-za-bih-zastavu-u-znak-zahvalnosti\\\/\",\"name\":\"Grad Balta priprema mjesto za BIH zastavu u znak zahvalnosti - RADIO LJUBU\u0160KI\",\"isPartOf\":{\"@id\":\"https:\\\/\\\/radioljubuski.ba\\\/#website\"},\"primaryImageOfPage\":{\"@id\":\"https:\\\/\\\/radioljubuski.ba\\\/index.php\\\/2022\\\/03\\\/29\\\/grad-balta-priprema-mjesto-za-bih-zastavu-u-znak-zahvalnosti\\\/#primaryimage\"},\"image\":{\"@id\":\"https:\\\/\\\/radioljubuski.ba\\\/index.php\\\/2022\\\/03\\\/29\\\/grad-balta-priprema-mjesto-za-bih-zastavu-u-znak-zahvalnosti\\\/#primaryimage\"},\"thumbnailUrl\":\"https:\\\/\\\/radioljubuski.ba\\\/wp-content\\\/uploads\\\/2022\\\/03\\\/2-2022-03-29-10-45-25-gradonacelnik-i-izbjeglice.jpg\",\"datePublished\":\"2022-03-29T13:30:23+00:00\",\"dateModified\":\"2022-03-29T13:30:25+00:00\",\"breadcrumb\":{\"@id\":\"https:\\\/\\\/radioljubuski.ba\\\/index.php\\\/2022\\\/03\\\/29\\\/grad-balta-priprema-mjesto-za-bih-zastavu-u-znak-zahvalnosti\\\/#breadcrumb\"},\"inLanguage\":\"hr\",\"potentialAction\":[{\"@type\":\"ReadAction\",\"target\":[\"https:\\\/\\\/radioljubuski.ba\\\/index.php\\\/2022\\\/03\\\/29\\\/grad-balta-priprema-mjesto-za-bih-zastavu-u-znak-zahvalnosti\\\/\"]}]},{\"@type\":\"ImageObject\",\"inLanguage\":\"hr\",\"@id\":\"https:\\\/\\\/radioljubuski.ba\\\/index.php\\\/2022\\\/03\\\/29\\\/grad-balta-priprema-mjesto-za-bih-zastavu-u-znak-zahvalnosti\\\/#primaryimage\",\"url\":\"https:\\\/\\\/radioljubuski.ba\\\/wp-content\\\/uploads\\\/2022\\\/03\\\/2-2022-03-29-10-45-25-gradonacelnik-i-izbjeglice.jpg\",\"contentUrl\":\"https:\\\/\\\/radioljubuski.ba\\\/wp-content\\\/uploads\\\/2022\\\/03\\\/2-2022-03-29-10-45-25-gradonacelnik-i-izbjeglice.jpg\",\"width\":1000,\"height\":625},{\"@type\":\"BreadcrumbList\",\"@id\":\"https:\\\/\\\/radioljubuski.ba\\\/index.php\\\/2022\\\/03\\\/29\\\/grad-balta-priprema-mjesto-za-bih-zastavu-u-znak-zahvalnosti\\\/#breadcrumb\",\"itemListElement\":[{\"@type\":\"ListItem\",\"position\":1,\"name\":\"Po\u010detna stranica\",\"item\":\"https:\\\/\\\/radioljubuski.ba\\\/\"},{\"@type\":\"ListItem\",\"position\":2,\"name\":\"Grad Balta priprema mjesto za BIH zastavu u znak zahvalnosti\"}]},{\"@type\":\"WebSite\",\"@id\":\"https:\\\/\\\/radioljubuski.ba\\\/#website\",\"url\":\"https:\\\/\\\/radioljubuski.ba\\\/\",\"name\":\"Radio Ljubu\u0161ki\",\"description\":\"Sun\u010dana frekvencija Hercegovine\",\"publisher\":{\"@id\":\"https:\\\/\\\/radioljubuski.ba\\\/#organization\"},\"potentialAction\":[{\"@type\":\"SearchAction\",\"target\":{\"@type\":\"EntryPoint\",\"urlTemplate\":\"https:\\\/\\\/radioljubuski.ba\\\/?s={search_term_string}\"},\"query-input\":{\"@type\":\"PropertyValueSpecification\",\"valueRequired\":true,\"valueName\":\"search_term_string\"}}],\"inLanguage\":\"hr\"},{\"@type\":\"Organization\",\"@id\":\"https:\\\/\\\/radioljubuski.ba\\\/#organization\",\"name\":\"Radio Ljubu\u0161ki\",\"url\":\"https:\\\/\\\/radioljubuski.ba\\\/\",\"logo\":{\"@type\":\"ImageObject\",\"inLanguage\":\"hr\",\"@id\":\"https:\\\/\\\/radioljubuski.ba\\\/#\\\/schema\\\/logo\\\/image\\\/\",\"url\":\"https:\\\/\\\/radioljubuski.ba\\\/wp-content\\\/uploads\\\/2021\\\/02\\\/cropped-Radio_Ljubuski_logo1.jpg\",\"contentUrl\":\"https:\\\/\\\/radioljubuski.ba\\\/wp-content\\\/uploads\\\/2021\\\/02\\\/cropped-Radio_Ljubuski_logo1.jpg\",\"width\":512,\"height\":512,\"caption\":\"Radio Ljubu\u0161ki\"},\"image\":{\"@id\":\"https:\\\/\\\/radioljubuski.ba\\\/#\\\/schema\\\/logo\\\/image\\\/\"},\"sameAs\":[\"https:\\\/\\\/www.facebook.com\\\/Radiio-Ljubuski-1490835324566332\",\"https:\\\/\\\/x.com\\\/radioljubuski\",\"https:\\\/\\\/hr.linkedin.com\\\/company\\\/radio-ljubuski\",\"https:\\\/\\\/www.youtube.com\\\/channel\\\/UCHYaeO_n0Db3tjNGudGpXyw\"]},{\"@type\":\"Person\",\"@id\":\"https:\\\/\\\/radioljubuski.ba\\\/#\\\/schema\\\/person\\\/19fc700381a780f69665d7956c469e3b\",\"name\":\"Radio Ljubu\u0161ki\"}]}<\/script>\n<!-- \/ Yoast SEO plugin. -->","yoast_head_json":{"title":"Grad Balta priprema mjesto za BIH zastavu u znak zahvalnosti - RADIO LJUBU\u0160KI","robots":{"index":"index","follow":"follow","max-snippet":"max-snippet:-1","max-image-preview":"max-image-preview:large","max-video-preview":"max-video-preview:-1"},"canonical":"https:\/\/radioljubuski.ba\/index.php\/2022\/03\/29\/grad-balta-priprema-mjesto-za-bih-zastavu-u-znak-zahvalnosti\/","og_locale":"hr_HR","og_type":"article","og_title":"Grad Balta priprema mjesto za BIH zastavu u znak zahvalnosti - RADIO LJUBU\u0160KI","og_description":"Gradona\u010delnik grada Mostara Mario Kordi\u0107 organizirao je neformalno dru\u017eenje sa ukrajinskim izbjeglicama a koje se nalaze u Mostaru i Me\u0111ugorju. Rije\u010d je o ukrajinskom \u017eenskom odbojka\u0161kom klubu Balta koji je smje\u0161ten u Studentskom centru Mostar, tro\u010dlanoj obitelji koja se nalazi u privatnom smje\u0161taju u Mostaru te dvije obitelji koje su smje\u0161tene u Me\u0111ugorju. U opu\u0161tenoj [&hellip;]","og_url":"https:\/\/radioljubuski.ba\/index.php\/2022\/03\/29\/grad-balta-priprema-mjesto-za-bih-zastavu-u-znak-zahvalnosti\/","og_site_name":"RADIO LJUBU\u0160KI","article_publisher":"https:\/\/www.facebook.com\/Radiio-Ljubuski-1490835324566332","article_published_time":"2022-03-29T13:30:23+00:00","article_modified_time":"2022-03-29T13:30:25+00:00","og_image":[{"width":1000,"height":625,"url":"https:\/\/radioljubuski.ba\/wp-content\/uploads\/2022\/03\/2-2022-03-29-10-45-25-gradonacelnik-i-izbjeglice.jpg","type":"image\/jpeg"}],"author":"Radio Ljubu\u0161ki","twitter_card":"summary_large_image","twitter_creator":"@radioljubuski","twitter_site":"@radioljubuski","twitter_misc":{"Napisao\/la":"Radio Ljubu\u0161ki","Procijenjeno vrijeme \u010ditanja":"2 minute"},"schema":{"@context":"https:\/\/schema.org","@graph":[{"@type":"Article","@id":"https:\/\/radioljubuski.ba\/index.php\/2022\/03\/29\/grad-balta-priprema-mjesto-za-bih-zastavu-u-znak-zahvalnosti\/#article","isPartOf":{"@id":"https:\/\/radioljubuski.ba\/index.php\/2022\/03\/29\/grad-balta-priprema-mjesto-za-bih-zastavu-u-znak-zahvalnosti\/"},"author":{"name":"Radio Ljubu\u0161ki","@id":"https:\/\/radioljubuski.ba\/#\/schema\/person\/19fc700381a780f69665d7956c469e3b"},"headline":"Grad Balta priprema mjesto za BIH zastavu u znak zahvalnosti","datePublished":"2022-03-29T13:30:23+00:00","dateModified":"2022-03-29T13:30:25+00:00","mainEntityOfPage":{"@id":"https:\/\/radioljubuski.ba\/index.php\/2022\/03\/29\/grad-balta-priprema-mjesto-za-bih-zastavu-u-znak-zahvalnosti\/"},"wordCount":502,"publisher":{"@id":"https:\/\/radioljubuski.ba\/#organization"},"image":{"@id":"https:\/\/radioljubuski.ba\/index.php\/2022\/03\/29\/grad-balta-priprema-mjesto-za-bih-zastavu-u-znak-zahvalnosti\/#primaryimage"},"thumbnailUrl":"https:\/\/radioljubuski.ba\/wp-content\/uploads\/2022\/03\/2-2022-03-29-10-45-25-gradonacelnik-i-izbjeglice.jpg","articleSection":["BIH i regija"],"inLanguage":"hr"},{"@type":"WebPage","@id":"https:\/\/radioljubuski.ba\/index.php\/2022\/03\/29\/grad-balta-priprema-mjesto-za-bih-zastavu-u-znak-zahvalnosti\/","url":"https:\/\/radioljubuski.ba\/index.php\/2022\/03\/29\/grad-balta-priprema-mjesto-za-bih-zastavu-u-znak-zahvalnosti\/","name":"Grad Balta priprema mjesto za BIH zastavu u znak zahvalnosti - RADIO LJUBU\u0160KI","isPartOf":{"@id":"https:\/\/radioljubuski.ba\/#website"},"primaryImageOfPage":{"@id":"https:\/\/radioljubuski.ba\/index.php\/2022\/03\/29\/grad-balta-priprema-mjesto-za-bih-zastavu-u-znak-zahvalnosti\/#primaryimage"},"image":{"@id":"https:\/\/radioljubuski.ba\/index.php\/2022\/03\/29\/grad-balta-priprema-mjesto-za-bih-zastavu-u-znak-zahvalnosti\/#primaryimage"},"thumbnailUrl":"https:\/\/radioljubuski.ba\/wp-content\/uploads\/2022\/03\/2-2022-03-29-10-45-25-gradonacelnik-i-izbjeglice.jpg","datePublished":"2022-03-29T13:30:23+00:00","dateModified":"2022-03-29T13:30:25+00:00","breadcrumb":{"@id":"https:\/\/radioljubuski.ba\/index.php\/2022\/03\/29\/grad-balta-priprema-mjesto-za-bih-zastavu-u-znak-zahvalnosti\/#breadcrumb"},"inLanguage":"hr","potentialAction":[{"@type":"ReadAction","target":["https:\/\/radioljubuski.ba\/index.php\/2022\/03\/29\/grad-balta-priprema-mjesto-za-bih-zastavu-u-znak-zahvalnosti\/"]}]},{"@type":"ImageObject","inLanguage":"hr","@id":"https:\/\/radioljubuski.ba\/index.php\/2022\/03\/29\/grad-balta-priprema-mjesto-za-bih-zastavu-u-znak-zahvalnosti\/#primaryimage","url":"https:\/\/radioljubuski.ba\/wp-content\/uploads\/2022\/03\/2-2022-03-29-10-45-25-gradonacelnik-i-izbjeglice.jpg","contentUrl":"https:\/\/radioljubuski.ba\/wp-content\/uploads\/2022\/03\/2-2022-03-29-10-45-25-gradonacelnik-i-izbjeglice.jpg","width":1000,"height":625},{"@type":"BreadcrumbList","@id":"https:\/\/radioljubuski.ba\/index.php\/2022\/03\/29\/grad-balta-priprema-mjesto-za-bih-zastavu-u-znak-zahvalnosti\/#breadcrumb","itemListElement":[{"@type":"ListItem","position":1,"name":"Po\u010detna stranica","item":"https:\/\/radioljubuski.ba\/"},{"@type":"ListItem","position":2,"name":"Grad Balta priprema mjesto za BIH zastavu u znak zahvalnosti"}]},{"@type":"WebSite","@id":"https:\/\/radioljubuski.ba\/#website","url":"https:\/\/radioljubuski.ba\/","name":"Radio Ljubu\u0161ki","description":"Sun\u010dana frekvencija Hercegovine","publisher":{"@id":"https:\/\/radioljubuski.ba\/#organization"},"potentialAction":[{"@type":"SearchAction","target":{"@type":"EntryPoint","urlTemplate":"https:\/\/radioljubuski.ba\/?s={search_term_string}"},"query-input":{"@type":"PropertyValueSpecification","valueRequired":true,"valueName":"search_term_string"}}],"inLanguage":"hr"},{"@type":"Organization","@id":"https:\/\/radioljubuski.ba\/#organization","name":"Radio Ljubu\u0161ki","url":"https:\/\/radioljubuski.ba\/","logo":{"@type":"ImageObject","inLanguage":"hr","@id":"https:\/\/radioljubuski.ba\/#\/schema\/logo\/image\/","url":"https:\/\/radioljubuski.ba\/wp-content\/uploads\/2021\/02\/cropped-Radio_Ljubuski_logo1.jpg","contentUrl":"https:\/\/radioljubuski.ba\/wp-content\/uploads\/2021\/02\/cropped-Radio_Ljubuski_logo1.jpg","width":512,"height":512,"caption":"Radio Ljubu\u0161ki"},"image":{"@id":"https:\/\/radioljubuski.ba\/#\/schema\/logo\/image\/"},"sameAs":["https:\/\/www.facebook.com\/Radiio-Ljubuski-1490835324566332","https:\/\/x.com\/radioljubuski","https:\/\/hr.linkedin.com\/company\/radio-ljubuski","https:\/\/www.youtube.com\/channel\/UCHYaeO_n0Db3tjNGudGpXyw"]},{"@type":"Person","@id":"https:\/\/radioljubuski.ba\/#\/schema\/person\/19fc700381a780f69665d7956c469e3b","name":"Radio Ljubu\u0161ki"}]}},"_links":{"self":[{"href":"https:\/\/radioljubuski.ba\/index.php\/wp-json\/wp\/v2\/posts\/126446","targetHints":{"allow":["GET"]}}],"collection":[{"href":"https:\/\/radioljubuski.ba\/index.php\/wp-json\/wp\/v2\/posts"}],"about":[{"href":"https:\/\/radioljubuski.ba\/index.php\/wp-json\/wp\/v2\/types\/post"}],"author":[{"embeddable":true,"href":"https:\/\/radioljubuski.ba\/index.php\/wp-json\/wp\/v2\/users\/2"}],"replies":[{"embeddable":true,"href":"https:\/\/radioljubuski.ba\/index.php\/wp-json\/wp\/v2\/comments?post=126446"}],"version-history":[{"count":1,"href":"https:\/\/radioljubuski.ba\/index.php\/wp-json\/wp\/v2\/posts\/126446\/revisions"}],"predecessor-version":[{"id":126448,"href":"https:\/\/radioljubuski.ba\/index.php\/wp-json\/wp\/v2\/posts\/126446\/revisions\/126448"}],"wp:featuredmedia":[{"embeddable":true,"href":"https:\/\/radioljubuski.ba\/index.php\/wp-json\/wp\/v2\/media\/126447"}],"wp:attachment":[{"href":"https:\/\/radioljubuski.ba\/index.php\/wp-json\/wp\/v2\/media?parent=126446"}],"wp:term":[{"taxonomy":"category","embeddable":true,"href":"https:\/\/radioljubuski.ba\/index.php\/wp-json\/wp\/v2\/categories?post=126446"},{"taxonomy":"post_tag","embeddable":true,"href":"https:\/\/radioljubuski.ba\/index.php\/wp-json\/wp\/v2\/tags?post=126446"}],"curies":[{"name":"wp","href":"https:\/\/api.w.org\/{rel}","templated":true}]}}