{"id":12653,"date":"2021-04-13T21:18:55","date_gmt":"2021-04-13T20:18:55","guid":{"rendered":"https:\/\/radioljubuski.ba\/?p=12653"},"modified":"2021-04-14T12:11:38","modified_gmt":"2021-04-14T11:11:38","slug":"preminuo-skromni-covjek-velikog-srca-frano-kovac-baric","status":"publish","type":"post","link":"https:\/\/radioljubuski.ba\/index.php\/2021\/04\/13\/preminuo-skromni-covjek-velikog-srca-frano-kovac-baric\/","title":{"rendered":"Preminuo skromni \u010dovjek velikog srca \u2013 Frano Kova\u010d Bari\u0107"},"content":{"rendered":"\n<p>Dobri \u010dovjek Posu\u0161ja, Frano Kova\u010d-Bari\u0107 preminuo je danas u Posu\u0161ju u svojoj 85 godini \u017eivota.<\/p>\n\n\n\n<p>Frano je svima u Posu\u0161ju najpoznatiji po svom pedesetogodi\u0161njem, slobodno mo\u017eemo kazati humanitarnom radu na organizaciji pogreba, koje je radio bez ikakvih naknada.<\/p>\n\n\n\n<p>Za njega su ljudskost i dobrota mjereni time koliko si \u010dovjeku pomogao kada mu je te\u0161ko. Upravo zato, op\u0107ina Posu\u0161je mu je 2018. Godine dodjelila javno priznanje Zahvalnicu op\u0107ine Posu\u0161je, upravo da njegovo ime ostane trajno upisano i priznato kao ime maloga, obi\u010dnoga \u010dovjeka koji je nesebi\u010dno pomagao ljudima u te\u0161kim trenucima.<\/p>\n\n\n\n<p>Tijekom \u017eivota organizirao je 4600 sprovoda, a o njemu je snimljen dokumentarni film \u201dPo\u010divali u miru Bo\u017ejem\u201d, prenosi&nbsp;<a href=\"http:\/\/www.radioposusje.ba\/content\/preminuo-skromni-%C4%8Dovjek-velikog-srca-%E2%80%93-frano-kova%C4%8D-bari%C4%87\">RadioPosu\u0161je.ba<\/a>.<\/p>\n\n\n\n<p>Izvor:radioposusje.ba<\/p>\n","protected":false},"excerpt":{"rendered":"<p>Dobri \u010dovjek Posu\u0161ja, Frano Kova\u010d-Bari\u0107 preminuo je danas u Posu\u0161ju u svojoj 85 godini \u017eivota. Frano je svima u Posu\u0161ju najpoznatiji po svom pedesetogodi\u0161njem, slobodno mo\u017eemo kazati humanitarnom radu na organizaciji pogreba, koje je radio bez ikakvih naknada. Za njega su ljudskost i dobrota mjereni time koliko si \u010dovjeku pomogao kada mu je te\u0161ko. Upravo [&hellip;]<\/p>\n","protected":false},"author":2,"featured_media":12654,"comment_status":"closed","ping_status":"closed","sticky":false,"template":"","format":"standard","meta":{"h5ap_radio_sources":[],"footnotes":""},"categories":[1],"tags":[],"class_list":["post-12653","post","type-post","status-publish","format-standard","has-post-thumbnail","hentry","category-bihiregija"],"yoast_head":"<!-- This site is optimized with the Yoast SEO plugin v27.4 - https:\/\/yoast.com\/product\/yoast-seo-wordpress\/ -->\n<title>Preminuo skromni \u010dovjek velikog srca \u2013 Frano Kova\u010d Bari\u0107 - RADIO LJUBU\u0160KI<\/title>\n<meta name=\"robots\" content=\"index, follow, max-snippet:-1, max-image-preview:large, max-video-preview:-1\" \/>\n<link rel=\"canonical\" href=\"https:\/\/radioljubuski.ba\/index.php\/2021\/04\/13\/preminuo-skromni-covjek-velikog-srca-frano-kovac-baric\/\" \/>\n<meta property=\"og:locale\" content=\"hr_HR\" \/>\n<meta property=\"og:type\" content=\"article\" \/>\n<meta property=\"og:title\" content=\"Preminuo skromni \u010dovjek velikog srca \u2013 Frano Kova\u010d Bari\u0107 - RADIO LJUBU\u0160KI\" \/>\n<meta property=\"og:description\" content=\"Dobri \u010dovjek Posu\u0161ja, Frano Kova\u010d-Bari\u0107 preminuo je danas u Posu\u0161ju u svojoj 85 godini \u017eivota. Frano je svima u Posu\u0161ju najpoznatiji po svom pedesetogodi\u0161njem, slobodno mo\u017eemo kazati humanitarnom radu na organizaciji pogreba, koje je radio bez ikakvih naknada. Za njega su ljudskost i dobrota mjereni time koliko si \u010dovjeku pomogao kada mu je te\u0161ko. Upravo [&hellip;]\" \/>\n<meta property=\"og:url\" content=\"https:\/\/radioljubuski.ba\/index.php\/2021\/04\/13\/preminuo-skromni-covjek-velikog-srca-frano-kovac-baric\/\" \/>\n<meta property=\"og:site_name\" content=\"RADIO LJUBU\u0160KI\" \/>\n<meta property=\"article:publisher\" content=\"https:\/\/www.facebook.com\/Radiio-Ljubuski-1490835324566332\" \/>\n<meta property=\"article:published_time\" content=\"2021-04-13T20:18:55+00:00\" \/>\n<meta property=\"article:modified_time\" content=\"2021-04-14T11:11:38+00:00\" \/>\n<meta property=\"og:image\" content=\"https:\/\/radioljubuski.ba\/wp-content\/uploads\/2021\/04\/8-2021-04-13-22-02-39-frano.jpg\" \/>\n\t<meta property=\"og:image:width\" content=\"1000\" \/>\n\t<meta property=\"og:image:height\" content=\"625\" \/>\n\t<meta property=\"og:image:type\" content=\"image\/jpeg\" \/>\n<meta name=\"author\" content=\"Radio Ljubu\u0161ki\" \/>\n<meta name=\"twitter:card\" content=\"summary_large_image\" \/>\n<meta name=\"twitter:creator\" content=\"@radioljubuski\" \/>\n<meta name=\"twitter:site\" content=\"@radioljubuski\" \/>\n<meta name=\"twitter:label1\" content=\"Napisao\/la\" \/>\n\t<meta name=\"twitter:data1\" content=\"Radio Ljubu\u0161ki\" \/>\n\t<meta name=\"twitter:label2\" content=\"Procijenjeno vrijeme \u010ditanja\" \/>\n\t<meta name=\"twitter:data2\" content=\"1 minuta\" \/>\n<script type=\"application\/ld+json\" class=\"yoast-schema-graph\">{\"@context\":\"https:\\\/\\\/schema.org\",\"@graph\":[{\"@type\":\"Article\",\"@id\":\"https:\\\/\\\/radioljubuski.ba\\\/index.php\\\/2021\\\/04\\\/13\\\/preminuo-skromni-covjek-velikog-srca-frano-kovac-baric\\\/#article\",\"isPartOf\":{\"@id\":\"https:\\\/\\\/radioljubuski.ba\\\/index.php\\\/2021\\\/04\\\/13\\\/preminuo-skromni-covjek-velikog-srca-frano-kovac-baric\\\/\"},\"author\":{\"name\":\"Radio Ljubu\u0161ki\",\"@id\":\"https:\\\/\\\/radioljubuski.ba\\\/#\\\/schema\\\/person\\\/19fc700381a780f69665d7956c469e3b\"},\"headline\":\"Preminuo skromni \u010dovjek velikog srca \u2013 Frano Kova\u010d Bari\u0107\",\"datePublished\":\"2021-04-13T20:18:55+00:00\",\"dateModified\":\"2021-04-14T11:11:38+00:00\",\"mainEntityOfPage\":{\"@id\":\"https:\\\/\\\/radioljubuski.ba\\\/index.php\\\/2021\\\/04\\\/13\\\/preminuo-skromni-covjek-velikog-srca-frano-kovac-baric\\\/\"},\"wordCount\":136,\"publisher\":{\"@id\":\"https:\\\/\\\/radioljubuski.ba\\\/#organization\"},\"image\":{\"@id\":\"https:\\\/\\\/radioljubuski.ba\\\/index.php\\\/2021\\\/04\\\/13\\\/preminuo-skromni-covjek-velikog-srca-frano-kovac-baric\\\/#primaryimage\"},\"thumbnailUrl\":\"https:\\\/\\\/radioljubuski.ba\\\/wp-content\\\/uploads\\\/2021\\\/04\\\/8-2021-04-13-22-02-39-frano.jpg\",\"articleSection\":[\"BIH i regija\"],\"inLanguage\":\"hr\"},{\"@type\":\"WebPage\",\"@id\":\"https:\\\/\\\/radioljubuski.ba\\\/index.php\\\/2021\\\/04\\\/13\\\/preminuo-skromni-covjek-velikog-srca-frano-kovac-baric\\\/\",\"url\":\"https:\\\/\\\/radioljubuski.ba\\\/index.php\\\/2021\\\/04\\\/13\\\/preminuo-skromni-covjek-velikog-srca-frano-kovac-baric\\\/\",\"name\":\"Preminuo skromni \u010dovjek velikog srca \u2013 Frano Kova\u010d Bari\u0107 - RADIO LJUBU\u0160KI\",\"isPartOf\":{\"@id\":\"https:\\\/\\\/radioljubuski.ba\\\/#website\"},\"primaryImageOfPage\":{\"@id\":\"https:\\\/\\\/radioljubuski.ba\\\/index.php\\\/2021\\\/04\\\/13\\\/preminuo-skromni-covjek-velikog-srca-frano-kovac-baric\\\/#primaryimage\"},\"image\":{\"@id\":\"https:\\\/\\\/radioljubuski.ba\\\/index.php\\\/2021\\\/04\\\/13\\\/preminuo-skromni-covjek-velikog-srca-frano-kovac-baric\\\/#primaryimage\"},\"thumbnailUrl\":\"https:\\\/\\\/radioljubuski.ba\\\/wp-content\\\/uploads\\\/2021\\\/04\\\/8-2021-04-13-22-02-39-frano.jpg\",\"datePublished\":\"2021-04-13T20:18:55+00:00\",\"dateModified\":\"2021-04-14T11:11:38+00:00\",\"breadcrumb\":{\"@id\":\"https:\\\/\\\/radioljubuski.ba\\\/index.php\\\/2021\\\/04\\\/13\\\/preminuo-skromni-covjek-velikog-srca-frano-kovac-baric\\\/#breadcrumb\"},\"inLanguage\":\"hr\",\"potentialAction\":[{\"@type\":\"ReadAction\",\"target\":[\"https:\\\/\\\/radioljubuski.ba\\\/index.php\\\/2021\\\/04\\\/13\\\/preminuo-skromni-covjek-velikog-srca-frano-kovac-baric\\\/\"]}]},{\"@type\":\"ImageObject\",\"inLanguage\":\"hr\",\"@id\":\"https:\\\/\\\/radioljubuski.ba\\\/index.php\\\/2021\\\/04\\\/13\\\/preminuo-skromni-covjek-velikog-srca-frano-kovac-baric\\\/#primaryimage\",\"url\":\"https:\\\/\\\/radioljubuski.ba\\\/wp-content\\\/uploads\\\/2021\\\/04\\\/8-2021-04-13-22-02-39-frano.jpg\",\"contentUrl\":\"https:\\\/\\\/radioljubuski.ba\\\/wp-content\\\/uploads\\\/2021\\\/04\\\/8-2021-04-13-22-02-39-frano.jpg\",\"width\":1000,\"height\":625},{\"@type\":\"BreadcrumbList\",\"@id\":\"https:\\\/\\\/radioljubuski.ba\\\/index.php\\\/2021\\\/04\\\/13\\\/preminuo-skromni-covjek-velikog-srca-frano-kovac-baric\\\/#breadcrumb\",\"itemListElement\":[{\"@type\":\"ListItem\",\"position\":1,\"name\":\"Po\u010detna stranica\",\"item\":\"https:\\\/\\\/radioljubuski.ba\\\/\"},{\"@type\":\"ListItem\",\"position\":2,\"name\":\"Preminuo skromni \u010dovjek velikog srca \u2013 Frano Kova\u010d Bari\u0107\"}]},{\"@type\":\"WebSite\",\"@id\":\"https:\\\/\\\/radioljubuski.ba\\\/#website\",\"url\":\"https:\\\/\\\/radioljubuski.ba\\\/\",\"name\":\"Radio Ljubu\u0161ki\",\"description\":\"Sun\u010dana frekvencija Hercegovine\",\"publisher\":{\"@id\":\"https:\\\/\\\/radioljubuski.ba\\\/#organization\"},\"potentialAction\":[{\"@type\":\"SearchAction\",\"target\":{\"@type\":\"EntryPoint\",\"urlTemplate\":\"https:\\\/\\\/radioljubuski.ba\\\/?s={search_term_string}\"},\"query-input\":{\"@type\":\"PropertyValueSpecification\",\"valueRequired\":true,\"valueName\":\"search_term_string\"}}],\"inLanguage\":\"hr\"},{\"@type\":\"Organization\",\"@id\":\"https:\\\/\\\/radioljubuski.ba\\\/#organization\",\"name\":\"Radio Ljubu\u0161ki\",\"url\":\"https:\\\/\\\/radioljubuski.ba\\\/\",\"logo\":{\"@type\":\"ImageObject\",\"inLanguage\":\"hr\",\"@id\":\"https:\\\/\\\/radioljubuski.ba\\\/#\\\/schema\\\/logo\\\/image\\\/\",\"url\":\"https:\\\/\\\/radioljubuski.ba\\\/wp-content\\\/uploads\\\/2021\\\/02\\\/cropped-Radio_Ljubuski_logo1.jpg\",\"contentUrl\":\"https:\\\/\\\/radioljubuski.ba\\\/wp-content\\\/uploads\\\/2021\\\/02\\\/cropped-Radio_Ljubuski_logo1.jpg\",\"width\":512,\"height\":512,\"caption\":\"Radio Ljubu\u0161ki\"},\"image\":{\"@id\":\"https:\\\/\\\/radioljubuski.ba\\\/#\\\/schema\\\/logo\\\/image\\\/\"},\"sameAs\":[\"https:\\\/\\\/www.facebook.com\\\/Radiio-Ljubuski-1490835324566332\",\"https:\\\/\\\/x.com\\\/radioljubuski\",\"https:\\\/\\\/hr.linkedin.com\\\/company\\\/radio-ljubuski\",\"https:\\\/\\\/www.youtube.com\\\/channel\\\/UCHYaeO_n0Db3tjNGudGpXyw\"]},{\"@type\":\"Person\",\"@id\":\"https:\\\/\\\/radioljubuski.ba\\\/#\\\/schema\\\/person\\\/19fc700381a780f69665d7956c469e3b\",\"name\":\"Radio Ljubu\u0161ki\"}]}<\/script>\n<!-- \/ Yoast SEO plugin. -->","yoast_head_json":{"title":"Preminuo skromni \u010dovjek velikog srca \u2013 Frano Kova\u010d Bari\u0107 - RADIO LJUBU\u0160KI","robots":{"index":"index","follow":"follow","max-snippet":"max-snippet:-1","max-image-preview":"max-image-preview:large","max-video-preview":"max-video-preview:-1"},"canonical":"https:\/\/radioljubuski.ba\/index.php\/2021\/04\/13\/preminuo-skromni-covjek-velikog-srca-frano-kovac-baric\/","og_locale":"hr_HR","og_type":"article","og_title":"Preminuo skromni \u010dovjek velikog srca \u2013 Frano Kova\u010d Bari\u0107 - RADIO LJUBU\u0160KI","og_description":"Dobri \u010dovjek Posu\u0161ja, Frano Kova\u010d-Bari\u0107 preminuo je danas u Posu\u0161ju u svojoj 85 godini \u017eivota. Frano je svima u Posu\u0161ju najpoznatiji po svom pedesetogodi\u0161njem, slobodno mo\u017eemo kazati humanitarnom radu na organizaciji pogreba, koje je radio bez ikakvih naknada. Za njega su ljudskost i dobrota mjereni time koliko si \u010dovjeku pomogao kada mu je te\u0161ko. Upravo [&hellip;]","og_url":"https:\/\/radioljubuski.ba\/index.php\/2021\/04\/13\/preminuo-skromni-covjek-velikog-srca-frano-kovac-baric\/","og_site_name":"RADIO LJUBU\u0160KI","article_publisher":"https:\/\/www.facebook.com\/Radiio-Ljubuski-1490835324566332","article_published_time":"2021-04-13T20:18:55+00:00","article_modified_time":"2021-04-14T11:11:38+00:00","og_image":[{"width":1000,"height":625,"url":"https:\/\/radioljubuski.ba\/wp-content\/uploads\/2021\/04\/8-2021-04-13-22-02-39-frano.jpg","type":"image\/jpeg"}],"author":"Radio Ljubu\u0161ki","twitter_card":"summary_large_image","twitter_creator":"@radioljubuski","twitter_site":"@radioljubuski","twitter_misc":{"Napisao\/la":"Radio Ljubu\u0161ki","Procijenjeno vrijeme \u010ditanja":"1 minuta"},"schema":{"@context":"https:\/\/schema.org","@graph":[{"@type":"Article","@id":"https:\/\/radioljubuski.ba\/index.php\/2021\/04\/13\/preminuo-skromni-covjek-velikog-srca-frano-kovac-baric\/#article","isPartOf":{"@id":"https:\/\/radioljubuski.ba\/index.php\/2021\/04\/13\/preminuo-skromni-covjek-velikog-srca-frano-kovac-baric\/"},"author":{"name":"Radio Ljubu\u0161ki","@id":"https:\/\/radioljubuski.ba\/#\/schema\/person\/19fc700381a780f69665d7956c469e3b"},"headline":"Preminuo skromni \u010dovjek velikog srca \u2013 Frano Kova\u010d Bari\u0107","datePublished":"2021-04-13T20:18:55+00:00","dateModified":"2021-04-14T11:11:38+00:00","mainEntityOfPage":{"@id":"https:\/\/radioljubuski.ba\/index.php\/2021\/04\/13\/preminuo-skromni-covjek-velikog-srca-frano-kovac-baric\/"},"wordCount":136,"publisher":{"@id":"https:\/\/radioljubuski.ba\/#organization"},"image":{"@id":"https:\/\/radioljubuski.ba\/index.php\/2021\/04\/13\/preminuo-skromni-covjek-velikog-srca-frano-kovac-baric\/#primaryimage"},"thumbnailUrl":"https:\/\/radioljubuski.ba\/wp-content\/uploads\/2021\/04\/8-2021-04-13-22-02-39-frano.jpg","articleSection":["BIH i regija"],"inLanguage":"hr"},{"@type":"WebPage","@id":"https:\/\/radioljubuski.ba\/index.php\/2021\/04\/13\/preminuo-skromni-covjek-velikog-srca-frano-kovac-baric\/","url":"https:\/\/radioljubuski.ba\/index.php\/2021\/04\/13\/preminuo-skromni-covjek-velikog-srca-frano-kovac-baric\/","name":"Preminuo skromni \u010dovjek velikog srca \u2013 Frano Kova\u010d Bari\u0107 - RADIO LJUBU\u0160KI","isPartOf":{"@id":"https:\/\/radioljubuski.ba\/#website"},"primaryImageOfPage":{"@id":"https:\/\/radioljubuski.ba\/index.php\/2021\/04\/13\/preminuo-skromni-covjek-velikog-srca-frano-kovac-baric\/#primaryimage"},"image":{"@id":"https:\/\/radioljubuski.ba\/index.php\/2021\/04\/13\/preminuo-skromni-covjek-velikog-srca-frano-kovac-baric\/#primaryimage"},"thumbnailUrl":"https:\/\/radioljubuski.ba\/wp-content\/uploads\/2021\/04\/8-2021-04-13-22-02-39-frano.jpg","datePublished":"2021-04-13T20:18:55+00:00","dateModified":"2021-04-14T11:11:38+00:00","breadcrumb":{"@id":"https:\/\/radioljubuski.ba\/index.php\/2021\/04\/13\/preminuo-skromni-covjek-velikog-srca-frano-kovac-baric\/#breadcrumb"},"inLanguage":"hr","potentialAction":[{"@type":"ReadAction","target":["https:\/\/radioljubuski.ba\/index.php\/2021\/04\/13\/preminuo-skromni-covjek-velikog-srca-frano-kovac-baric\/"]}]},{"@type":"ImageObject","inLanguage":"hr","@id":"https:\/\/radioljubuski.ba\/index.php\/2021\/04\/13\/preminuo-skromni-covjek-velikog-srca-frano-kovac-baric\/#primaryimage","url":"https:\/\/radioljubuski.ba\/wp-content\/uploads\/2021\/04\/8-2021-04-13-22-02-39-frano.jpg","contentUrl":"https:\/\/radioljubuski.ba\/wp-content\/uploads\/2021\/04\/8-2021-04-13-22-02-39-frano.jpg","width":1000,"height":625},{"@type":"BreadcrumbList","@id":"https:\/\/radioljubuski.ba\/index.php\/2021\/04\/13\/preminuo-skromni-covjek-velikog-srca-frano-kovac-baric\/#breadcrumb","itemListElement":[{"@type":"ListItem","position":1,"name":"Po\u010detna stranica","item":"https:\/\/radioljubuski.ba\/"},{"@type":"ListItem","position":2,"name":"Preminuo skromni \u010dovjek velikog srca \u2013 Frano Kova\u010d Bari\u0107"}]},{"@type":"WebSite","@id":"https:\/\/radioljubuski.ba\/#website","url":"https:\/\/radioljubuski.ba\/","name":"Radio Ljubu\u0161ki","description":"Sun\u010dana frekvencija Hercegovine","publisher":{"@id":"https:\/\/radioljubuski.ba\/#organization"},"potentialAction":[{"@type":"SearchAction","target":{"@type":"EntryPoint","urlTemplate":"https:\/\/radioljubuski.ba\/?s={search_term_string}"},"query-input":{"@type":"PropertyValueSpecification","valueRequired":true,"valueName":"search_term_string"}}],"inLanguage":"hr"},{"@type":"Organization","@id":"https:\/\/radioljubuski.ba\/#organization","name":"Radio Ljubu\u0161ki","url":"https:\/\/radioljubuski.ba\/","logo":{"@type":"ImageObject","inLanguage":"hr","@id":"https:\/\/radioljubuski.ba\/#\/schema\/logo\/image\/","url":"https:\/\/radioljubuski.ba\/wp-content\/uploads\/2021\/02\/cropped-Radio_Ljubuski_logo1.jpg","contentUrl":"https:\/\/radioljubuski.ba\/wp-content\/uploads\/2021\/02\/cropped-Radio_Ljubuski_logo1.jpg","width":512,"height":512,"caption":"Radio Ljubu\u0161ki"},"image":{"@id":"https:\/\/radioljubuski.ba\/#\/schema\/logo\/image\/"},"sameAs":["https:\/\/www.facebook.com\/Radiio-Ljubuski-1490835324566332","https:\/\/x.com\/radioljubuski","https:\/\/hr.linkedin.com\/company\/radio-ljubuski","https:\/\/www.youtube.com\/channel\/UCHYaeO_n0Db3tjNGudGpXyw"]},{"@type":"Person","@id":"https:\/\/radioljubuski.ba\/#\/schema\/person\/19fc700381a780f69665d7956c469e3b","name":"Radio Ljubu\u0161ki"}]}},"_links":{"self":[{"href":"https:\/\/radioljubuski.ba\/index.php\/wp-json\/wp\/v2\/posts\/12653","targetHints":{"allow":["GET"]}}],"collection":[{"href":"https:\/\/radioljubuski.ba\/index.php\/wp-json\/wp\/v2\/posts"}],"about":[{"href":"https:\/\/radioljubuski.ba\/index.php\/wp-json\/wp\/v2\/types\/post"}],"author":[{"embeddable":true,"href":"https:\/\/radioljubuski.ba\/index.php\/wp-json\/wp\/v2\/users\/2"}],"replies":[{"embeddable":true,"href":"https:\/\/radioljubuski.ba\/index.php\/wp-json\/wp\/v2\/comments?post=12653"}],"version-history":[{"count":1,"href":"https:\/\/radioljubuski.ba\/index.php\/wp-json\/wp\/v2\/posts\/12653\/revisions"}],"predecessor-version":[{"id":12655,"href":"https:\/\/radioljubuski.ba\/index.php\/wp-json\/wp\/v2\/posts\/12653\/revisions\/12655"}],"wp:featuredmedia":[{"embeddable":true,"href":"https:\/\/radioljubuski.ba\/index.php\/wp-json\/wp\/v2\/media\/12654"}],"wp:attachment":[{"href":"https:\/\/radioljubuski.ba\/index.php\/wp-json\/wp\/v2\/media?parent=12653"}],"wp:term":[{"taxonomy":"category","embeddable":true,"href":"https:\/\/radioljubuski.ba\/index.php\/wp-json\/wp\/v2\/categories?post=12653"},{"taxonomy":"post_tag","embeddable":true,"href":"https:\/\/radioljubuski.ba\/index.php\/wp-json\/wp\/v2\/tags?post=12653"}],"curies":[{"name":"wp","href":"https:\/\/api.w.org\/{rel}","templated":true}]}}