{"id":126539,"date":"2022-03-29T21:50:11","date_gmt":"2022-03-29T20:50:11","guid":{"rendered":"https:\/\/radioljubuski.ba\/?p=126539"},"modified":"2022-03-29T21:50:13","modified_gmt":"2022-03-29T20:50:13","slug":"mladi-branic-dinama-na-meti-lazija","status":"publish","type":"post","link":"https:\/\/radioljubuski.ba\/index.php\/2022\/03\/29\/mladi-branic-dinama-na-meti-lazija\/","title":{"rendered":"Mladi brani\u010d Dinama na meti Lazija"},"content":{"rendered":"\n<p><strong>Prema pisanju talijanskih medija, mladi brani\u010d Dinama i \u010dlan U-21 reprezentacije Josip \u0160utalo velika je ljetna \u017eelja Lazija.<\/strong><\/p>\n\n\n\n<p>Standardni stoper trenuta\u010dno vode\u0107e mom\u010dadi hrvatskog prvenstva jedan je od najboljih igra\u010da Modrih ove sezone te mu cijena na tr\u017ei\u0161tu sve vi\u0161e raste.<br><br>Pro\u0161le godine bio je odli\u010dan u dresu Istre 1961 te mu je Dinamo odlu\u010dio dati priliku i povu\u0107i ga s posudbe. Odigrao je 28 puta za Dinamo, a nedavno je potpisao i produljenje ugovora.<\/p>\n\n\n\n<blockquote class=\"twitter-tweet\"><p lang=\"en\" dir=\"ltr\">LSN reports Igli Tare is interested in Dinamo Zagreb&#39;s 22y old centre back Josip <a href=\"https:\/\/twitter.com\/hashtag\/Sutalo?src=hash&amp;ref_src=twsrc%5Etfw\">#Sutalo<\/a>. <a href=\"https:\/\/twitter.com\/hashtag\/Lazio?src=hash&amp;ref_src=twsrc%5Etfw\">#Lazio<\/a> <a href=\"https:\/\/t.co\/zMndsfMyID\">pic.twitter.com\/zMndsfMyID<\/a><\/p>&mdash; LazioLand (@Lazio_Land) <a href=\"https:\/\/twitter.com\/Lazio_Land\/status\/1508539644832534530?ref_src=twsrc%5Etfw\">March 28, 2022<\/a><\/blockquote> <script async src=\"https:\/\/platform.twitter.com\/widgets.js\" charset=\"utf-8\"><\/script>\n\n\n\n<p>Lazio je spreman platiti za njega oko sedam milijuna eura, a Talijani pi\u0161u kako su me\u0111u zainteresiranim klubovima i Atalanta te Arsenal.<br><br>La Gazzetta navodi da se rimski klub treba poja\u010dati u obrambenoj liniji u sljede\u0107em prijelaznom roku, a fizi\u010dki jak, brzi, ali i mladi igra\u010d kao \u0161to je \u0160utalo odli\u010dno bi se uklopio u njihove planove.<\/p>\n\n\n\n<p>Izvor:hrt.hr<\/p>\n","protected":false},"excerpt":{"rendered":"<p>Prema pisanju talijanskih medija, mladi brani\u010d Dinama i \u010dlan U-21 reprezentacije Josip \u0160utalo velika je ljetna \u017eelja Lazija. Standardni stoper trenuta\u010dno vode\u0107e mom\u010dadi hrvatskog prvenstva jedan je od najboljih igra\u010da Modrih ove sezone te mu cijena na tr\u017ei\u0161tu sve vi\u0161e raste. Pro\u0161le godine bio je odli\u010dan u dresu Istre 1961 te mu je Dinamo odlu\u010dio [&hellip;]<\/p>\n","protected":false},"author":2,"featured_media":85833,"comment_status":"closed","ping_status":"closed","sticky":false,"template":"","format":"standard","meta":{"h5ap_radio_sources":[],"footnotes":""},"categories":[7],"tags":[],"class_list":["post-126539","post","type-post","status-publish","format-standard","has-post-thumbnail","hentry","category-sport"],"yoast_head":"<!-- This site is optimized with the Yoast SEO plugin v27.5 - https:\/\/yoast.com\/product\/yoast-seo-wordpress\/ -->\n<title>Mladi brani\u010d Dinama na meti Lazija - RADIO LJUBU\u0160KI<\/title>\n<meta name=\"robots\" content=\"index, follow, max-snippet:-1, max-image-preview:large, max-video-preview:-1\" \/>\n<link rel=\"canonical\" href=\"https:\/\/radioljubuski.ba\/index.php\/2022\/03\/29\/mladi-branic-dinama-na-meti-lazija\/\" \/>\n<meta property=\"og:locale\" content=\"hr_HR\" \/>\n<meta property=\"og:type\" content=\"article\" \/>\n<meta property=\"og:title\" content=\"Mladi brani\u010d Dinama na meti Lazija - RADIO LJUBU\u0160KI\" \/>\n<meta property=\"og:description\" content=\"Prema pisanju talijanskih medija, mladi brani\u010d Dinama i \u010dlan U-21 reprezentacije Josip \u0160utalo velika je ljetna \u017eelja Lazija. Standardni stoper trenuta\u010dno vode\u0107e mom\u010dadi hrvatskog prvenstva jedan je od najboljih igra\u010da Modrih ove sezone te mu cijena na tr\u017ei\u0161tu sve vi\u0161e raste. Pro\u0161le godine bio je odli\u010dan u dresu Istre 1961 te mu je Dinamo odlu\u010dio [&hellip;]\" \/>\n<meta property=\"og:url\" content=\"https:\/\/radioljubuski.ba\/index.php\/2022\/03\/29\/mladi-branic-dinama-na-meti-lazija\/\" \/>\n<meta property=\"og:site_name\" content=\"RADIO LJUBU\u0160KI\" \/>\n<meta property=\"article:publisher\" content=\"https:\/\/www.facebook.com\/Radiio-Ljubuski-1490835324566332\" \/>\n<meta property=\"article:published_time\" content=\"2022-03-29T20:50:11+00:00\" \/>\n<meta property=\"article:modified_time\" content=\"2022-03-29T20:50:13+00:00\" \/>\n<meta property=\"og:image\" content=\"https:\/\/radioljubuski.ba\/wp-content\/uploads\/2021\/11\/2-2021-11-06-13-26-18-sutalo.jpg\" \/>\n\t<meta property=\"og:image:width\" content=\"1000\" \/>\n\t<meta property=\"og:image:height\" content=\"625\" \/>\n\t<meta property=\"og:image:type\" content=\"image\/jpeg\" \/>\n<meta name=\"author\" content=\"Radio Ljubu\u0161ki\" \/>\n<meta name=\"twitter:card\" content=\"summary_large_image\" \/>\n<meta name=\"twitter:creator\" content=\"@radioljubuski\" \/>\n<meta name=\"twitter:site\" content=\"@radioljubuski\" \/>\n<meta name=\"twitter:label1\" content=\"Napisao\/la\" \/>\n\t<meta name=\"twitter:data1\" content=\"Radio Ljubu\u0161ki\" \/>\n\t<meta name=\"twitter:label2\" content=\"Procijenjeno vrijeme \u010ditanja\" \/>\n\t<meta name=\"twitter:data2\" content=\"1 minuta\" \/>\n<script type=\"application\/ld+json\" class=\"yoast-schema-graph\">{\"@context\":\"https:\\\/\\\/schema.org\",\"@graph\":[{\"@type\":\"Article\",\"@id\":\"https:\\\/\\\/radioljubuski.ba\\\/index.php\\\/2022\\\/03\\\/29\\\/mladi-branic-dinama-na-meti-lazija\\\/#article\",\"isPartOf\":{\"@id\":\"https:\\\/\\\/radioljubuski.ba\\\/index.php\\\/2022\\\/03\\\/29\\\/mladi-branic-dinama-na-meti-lazija\\\/\"},\"author\":{\"name\":\"Radio Ljubu\u0161ki\",\"@id\":\"https:\\\/\\\/radioljubuski.ba\\\/#\\\/schema\\\/person\\\/19fc700381a780f69665d7956c469e3b\"},\"headline\":\"Mladi brani\u010d Dinama na meti Lazija\",\"datePublished\":\"2022-03-29T20:50:11+00:00\",\"dateModified\":\"2022-03-29T20:50:13+00:00\",\"mainEntityOfPage\":{\"@id\":\"https:\\\/\\\/radioljubuski.ba\\\/index.php\\\/2022\\\/03\\\/29\\\/mladi-branic-dinama-na-meti-lazija\\\/\"},\"wordCount\":182,\"publisher\":{\"@id\":\"https:\\\/\\\/radioljubuski.ba\\\/#organization\"},\"image\":{\"@id\":\"https:\\\/\\\/radioljubuski.ba\\\/index.php\\\/2022\\\/03\\\/29\\\/mladi-branic-dinama-na-meti-lazija\\\/#primaryimage\"},\"thumbnailUrl\":\"https:\\\/\\\/radioljubuski.ba\\\/wp-content\\\/uploads\\\/2021\\\/11\\\/2-2021-11-06-13-26-18-sutalo.jpg\",\"articleSection\":[\"\u0160port\"],\"inLanguage\":\"hr\"},{\"@type\":\"WebPage\",\"@id\":\"https:\\\/\\\/radioljubuski.ba\\\/index.php\\\/2022\\\/03\\\/29\\\/mladi-branic-dinama-na-meti-lazija\\\/\",\"url\":\"https:\\\/\\\/radioljubuski.ba\\\/index.php\\\/2022\\\/03\\\/29\\\/mladi-branic-dinama-na-meti-lazija\\\/\",\"name\":\"Mladi brani\u010d Dinama na meti Lazija - RADIO LJUBU\u0160KI\",\"isPartOf\":{\"@id\":\"https:\\\/\\\/radioljubuski.ba\\\/#website\"},\"primaryImageOfPage\":{\"@id\":\"https:\\\/\\\/radioljubuski.ba\\\/index.php\\\/2022\\\/03\\\/29\\\/mladi-branic-dinama-na-meti-lazija\\\/#primaryimage\"},\"image\":{\"@id\":\"https:\\\/\\\/radioljubuski.ba\\\/index.php\\\/2022\\\/03\\\/29\\\/mladi-branic-dinama-na-meti-lazija\\\/#primaryimage\"},\"thumbnailUrl\":\"https:\\\/\\\/radioljubuski.ba\\\/wp-content\\\/uploads\\\/2021\\\/11\\\/2-2021-11-06-13-26-18-sutalo.jpg\",\"datePublished\":\"2022-03-29T20:50:11+00:00\",\"dateModified\":\"2022-03-29T20:50:13+00:00\",\"breadcrumb\":{\"@id\":\"https:\\\/\\\/radioljubuski.ba\\\/index.php\\\/2022\\\/03\\\/29\\\/mladi-branic-dinama-na-meti-lazija\\\/#breadcrumb\"},\"inLanguage\":\"hr\",\"potentialAction\":[{\"@type\":\"ReadAction\",\"target\":[\"https:\\\/\\\/radioljubuski.ba\\\/index.php\\\/2022\\\/03\\\/29\\\/mladi-branic-dinama-na-meti-lazija\\\/\"]}]},{\"@type\":\"ImageObject\",\"inLanguage\":\"hr\",\"@id\":\"https:\\\/\\\/radioljubuski.ba\\\/index.php\\\/2022\\\/03\\\/29\\\/mladi-branic-dinama-na-meti-lazija\\\/#primaryimage\",\"url\":\"https:\\\/\\\/radioljubuski.ba\\\/wp-content\\\/uploads\\\/2021\\\/11\\\/2-2021-11-06-13-26-18-sutalo.jpg\",\"contentUrl\":\"https:\\\/\\\/radioljubuski.ba\\\/wp-content\\\/uploads\\\/2021\\\/11\\\/2-2021-11-06-13-26-18-sutalo.jpg\",\"width\":1000,\"height\":625},{\"@type\":\"BreadcrumbList\",\"@id\":\"https:\\\/\\\/radioljubuski.ba\\\/index.php\\\/2022\\\/03\\\/29\\\/mladi-branic-dinama-na-meti-lazija\\\/#breadcrumb\",\"itemListElement\":[{\"@type\":\"ListItem\",\"position\":1,\"name\":\"Po\u010detna stranica\",\"item\":\"https:\\\/\\\/radioljubuski.ba\\\/\"},{\"@type\":\"ListItem\",\"position\":2,\"name\":\"Mladi brani\u010d Dinama na meti Lazija\"}]},{\"@type\":\"WebSite\",\"@id\":\"https:\\\/\\\/radioljubuski.ba\\\/#website\",\"url\":\"https:\\\/\\\/radioljubuski.ba\\\/\",\"name\":\"Radio Ljubu\u0161ki\",\"description\":\"Sun\u010dana frekvencija Hercegovine\",\"publisher\":{\"@id\":\"https:\\\/\\\/radioljubuski.ba\\\/#organization\"},\"potentialAction\":[{\"@type\":\"SearchAction\",\"target\":{\"@type\":\"EntryPoint\",\"urlTemplate\":\"https:\\\/\\\/radioljubuski.ba\\\/?s={search_term_string}\"},\"query-input\":{\"@type\":\"PropertyValueSpecification\",\"valueRequired\":true,\"valueName\":\"search_term_string\"}}],\"inLanguage\":\"hr\"},{\"@type\":\"Organization\",\"@id\":\"https:\\\/\\\/radioljubuski.ba\\\/#organization\",\"name\":\"Radio Ljubu\u0161ki\",\"url\":\"https:\\\/\\\/radioljubuski.ba\\\/\",\"logo\":{\"@type\":\"ImageObject\",\"inLanguage\":\"hr\",\"@id\":\"https:\\\/\\\/radioljubuski.ba\\\/#\\\/schema\\\/logo\\\/image\\\/\",\"url\":\"https:\\\/\\\/radioljubuski.ba\\\/wp-content\\\/uploads\\\/2021\\\/02\\\/cropped-Radio_Ljubuski_logo1.jpg\",\"contentUrl\":\"https:\\\/\\\/radioljubuski.ba\\\/wp-content\\\/uploads\\\/2021\\\/02\\\/cropped-Radio_Ljubuski_logo1.jpg\",\"width\":512,\"height\":512,\"caption\":\"Radio Ljubu\u0161ki\"},\"image\":{\"@id\":\"https:\\\/\\\/radioljubuski.ba\\\/#\\\/schema\\\/logo\\\/image\\\/\"},\"sameAs\":[\"https:\\\/\\\/www.facebook.com\\\/Radiio-Ljubuski-1490835324566332\",\"https:\\\/\\\/x.com\\\/radioljubuski\",\"https:\\\/\\\/hr.linkedin.com\\\/company\\\/radio-ljubuski\",\"https:\\\/\\\/www.youtube.com\\\/channel\\\/UCHYaeO_n0Db3tjNGudGpXyw\"]},{\"@type\":\"Person\",\"@id\":\"https:\\\/\\\/radioljubuski.ba\\\/#\\\/schema\\\/person\\\/19fc700381a780f69665d7956c469e3b\",\"name\":\"Radio Ljubu\u0161ki\"}]}<\/script>\n<!-- \/ Yoast SEO plugin. -->","yoast_head_json":{"title":"Mladi brani\u010d Dinama na meti Lazija - RADIO LJUBU\u0160KI","robots":{"index":"index","follow":"follow","max-snippet":"max-snippet:-1","max-image-preview":"max-image-preview:large","max-video-preview":"max-video-preview:-1"},"canonical":"https:\/\/radioljubuski.ba\/index.php\/2022\/03\/29\/mladi-branic-dinama-na-meti-lazija\/","og_locale":"hr_HR","og_type":"article","og_title":"Mladi brani\u010d Dinama na meti Lazija - RADIO LJUBU\u0160KI","og_description":"Prema pisanju talijanskih medija, mladi brani\u010d Dinama i \u010dlan U-21 reprezentacije Josip \u0160utalo velika je ljetna \u017eelja Lazija. Standardni stoper trenuta\u010dno vode\u0107e mom\u010dadi hrvatskog prvenstva jedan je od najboljih igra\u010da Modrih ove sezone te mu cijena na tr\u017ei\u0161tu sve vi\u0161e raste. Pro\u0161le godine bio je odli\u010dan u dresu Istre 1961 te mu je Dinamo odlu\u010dio [&hellip;]","og_url":"https:\/\/radioljubuski.ba\/index.php\/2022\/03\/29\/mladi-branic-dinama-na-meti-lazija\/","og_site_name":"RADIO LJUBU\u0160KI","article_publisher":"https:\/\/www.facebook.com\/Radiio-Ljubuski-1490835324566332","article_published_time":"2022-03-29T20:50:11+00:00","article_modified_time":"2022-03-29T20:50:13+00:00","og_image":[{"width":1000,"height":625,"url":"https:\/\/radioljubuski.ba\/wp-content\/uploads\/2021\/11\/2-2021-11-06-13-26-18-sutalo.jpg","type":"image\/jpeg"}],"author":"Radio Ljubu\u0161ki","twitter_card":"summary_large_image","twitter_creator":"@radioljubuski","twitter_site":"@radioljubuski","twitter_misc":{"Napisao\/la":"Radio Ljubu\u0161ki","Procijenjeno vrijeme \u010ditanja":"1 minuta"},"schema":{"@context":"https:\/\/schema.org","@graph":[{"@type":"Article","@id":"https:\/\/radioljubuski.ba\/index.php\/2022\/03\/29\/mladi-branic-dinama-na-meti-lazija\/#article","isPartOf":{"@id":"https:\/\/radioljubuski.ba\/index.php\/2022\/03\/29\/mladi-branic-dinama-na-meti-lazija\/"},"author":{"name":"Radio Ljubu\u0161ki","@id":"https:\/\/radioljubuski.ba\/#\/schema\/person\/19fc700381a780f69665d7956c469e3b"},"headline":"Mladi brani\u010d Dinama na meti Lazija","datePublished":"2022-03-29T20:50:11+00:00","dateModified":"2022-03-29T20:50:13+00:00","mainEntityOfPage":{"@id":"https:\/\/radioljubuski.ba\/index.php\/2022\/03\/29\/mladi-branic-dinama-na-meti-lazija\/"},"wordCount":182,"publisher":{"@id":"https:\/\/radioljubuski.ba\/#organization"},"image":{"@id":"https:\/\/radioljubuski.ba\/index.php\/2022\/03\/29\/mladi-branic-dinama-na-meti-lazija\/#primaryimage"},"thumbnailUrl":"https:\/\/radioljubuski.ba\/wp-content\/uploads\/2021\/11\/2-2021-11-06-13-26-18-sutalo.jpg","articleSection":["\u0160port"],"inLanguage":"hr"},{"@type":"WebPage","@id":"https:\/\/radioljubuski.ba\/index.php\/2022\/03\/29\/mladi-branic-dinama-na-meti-lazija\/","url":"https:\/\/radioljubuski.ba\/index.php\/2022\/03\/29\/mladi-branic-dinama-na-meti-lazija\/","name":"Mladi brani\u010d Dinama na meti Lazija - RADIO LJUBU\u0160KI","isPartOf":{"@id":"https:\/\/radioljubuski.ba\/#website"},"primaryImageOfPage":{"@id":"https:\/\/radioljubuski.ba\/index.php\/2022\/03\/29\/mladi-branic-dinama-na-meti-lazija\/#primaryimage"},"image":{"@id":"https:\/\/radioljubuski.ba\/index.php\/2022\/03\/29\/mladi-branic-dinama-na-meti-lazija\/#primaryimage"},"thumbnailUrl":"https:\/\/radioljubuski.ba\/wp-content\/uploads\/2021\/11\/2-2021-11-06-13-26-18-sutalo.jpg","datePublished":"2022-03-29T20:50:11+00:00","dateModified":"2022-03-29T20:50:13+00:00","breadcrumb":{"@id":"https:\/\/radioljubuski.ba\/index.php\/2022\/03\/29\/mladi-branic-dinama-na-meti-lazija\/#breadcrumb"},"inLanguage":"hr","potentialAction":[{"@type":"ReadAction","target":["https:\/\/radioljubuski.ba\/index.php\/2022\/03\/29\/mladi-branic-dinama-na-meti-lazija\/"]}]},{"@type":"ImageObject","inLanguage":"hr","@id":"https:\/\/radioljubuski.ba\/index.php\/2022\/03\/29\/mladi-branic-dinama-na-meti-lazija\/#primaryimage","url":"https:\/\/radioljubuski.ba\/wp-content\/uploads\/2021\/11\/2-2021-11-06-13-26-18-sutalo.jpg","contentUrl":"https:\/\/radioljubuski.ba\/wp-content\/uploads\/2021\/11\/2-2021-11-06-13-26-18-sutalo.jpg","width":1000,"height":625},{"@type":"BreadcrumbList","@id":"https:\/\/radioljubuski.ba\/index.php\/2022\/03\/29\/mladi-branic-dinama-na-meti-lazija\/#breadcrumb","itemListElement":[{"@type":"ListItem","position":1,"name":"Po\u010detna stranica","item":"https:\/\/radioljubuski.ba\/"},{"@type":"ListItem","position":2,"name":"Mladi brani\u010d Dinama na meti Lazija"}]},{"@type":"WebSite","@id":"https:\/\/radioljubuski.ba\/#website","url":"https:\/\/radioljubuski.ba\/","name":"Radio Ljubu\u0161ki","description":"Sun\u010dana frekvencija Hercegovine","publisher":{"@id":"https:\/\/radioljubuski.ba\/#organization"},"potentialAction":[{"@type":"SearchAction","target":{"@type":"EntryPoint","urlTemplate":"https:\/\/radioljubuski.ba\/?s={search_term_string}"},"query-input":{"@type":"PropertyValueSpecification","valueRequired":true,"valueName":"search_term_string"}}],"inLanguage":"hr"},{"@type":"Organization","@id":"https:\/\/radioljubuski.ba\/#organization","name":"Radio Ljubu\u0161ki","url":"https:\/\/radioljubuski.ba\/","logo":{"@type":"ImageObject","inLanguage":"hr","@id":"https:\/\/radioljubuski.ba\/#\/schema\/logo\/image\/","url":"https:\/\/radioljubuski.ba\/wp-content\/uploads\/2021\/02\/cropped-Radio_Ljubuski_logo1.jpg","contentUrl":"https:\/\/radioljubuski.ba\/wp-content\/uploads\/2021\/02\/cropped-Radio_Ljubuski_logo1.jpg","width":512,"height":512,"caption":"Radio Ljubu\u0161ki"},"image":{"@id":"https:\/\/radioljubuski.ba\/#\/schema\/logo\/image\/"},"sameAs":["https:\/\/www.facebook.com\/Radiio-Ljubuski-1490835324566332","https:\/\/x.com\/radioljubuski","https:\/\/hr.linkedin.com\/company\/radio-ljubuski","https:\/\/www.youtube.com\/channel\/UCHYaeO_n0Db3tjNGudGpXyw"]},{"@type":"Person","@id":"https:\/\/radioljubuski.ba\/#\/schema\/person\/19fc700381a780f69665d7956c469e3b","name":"Radio Ljubu\u0161ki"}]}},"_links":{"self":[{"href":"https:\/\/radioljubuski.ba\/index.php\/wp-json\/wp\/v2\/posts\/126539","targetHints":{"allow":["GET"]}}],"collection":[{"href":"https:\/\/radioljubuski.ba\/index.php\/wp-json\/wp\/v2\/posts"}],"about":[{"href":"https:\/\/radioljubuski.ba\/index.php\/wp-json\/wp\/v2\/types\/post"}],"author":[{"embeddable":true,"href":"https:\/\/radioljubuski.ba\/index.php\/wp-json\/wp\/v2\/users\/2"}],"replies":[{"embeddable":true,"href":"https:\/\/radioljubuski.ba\/index.php\/wp-json\/wp\/v2\/comments?post=126539"}],"version-history":[{"count":1,"href":"https:\/\/radioljubuski.ba\/index.php\/wp-json\/wp\/v2\/posts\/126539\/revisions"}],"predecessor-version":[{"id":126540,"href":"https:\/\/radioljubuski.ba\/index.php\/wp-json\/wp\/v2\/posts\/126539\/revisions\/126540"}],"wp:featuredmedia":[{"embeddable":true,"href":"https:\/\/radioljubuski.ba\/index.php\/wp-json\/wp\/v2\/media\/85833"}],"wp:attachment":[{"href":"https:\/\/radioljubuski.ba\/index.php\/wp-json\/wp\/v2\/media?parent=126539"}],"wp:term":[{"taxonomy":"category","embeddable":true,"href":"https:\/\/radioljubuski.ba\/index.php\/wp-json\/wp\/v2\/categories?post=126539"},{"taxonomy":"post_tag","embeddable":true,"href":"https:\/\/radioljubuski.ba\/index.php\/wp-json\/wp\/v2\/tags?post=126539"}],"curies":[{"name":"wp","href":"https:\/\/api.w.org\/{rel}","templated":true}]}}