{"id":126544,"date":"2022-03-29T21:54:31","date_gmt":"2022-03-29T20:54:31","guid":{"rendered":"https:\/\/radioljubuski.ba\/?p=126544"},"modified":"2022-03-29T21:54:32","modified_gmt":"2022-03-29T20:54:32","slug":"dalic-zadovoljan-nakon-pobjede-a-na-zdrijebu-ne-zeli-francusku","status":"publish","type":"post","link":"https:\/\/radioljubuski.ba\/index.php\/2022\/03\/29\/dalic-zadovoljan-nakon-pobjede-a-na-zdrijebu-ne-zeli-francusku\/","title":{"rendered":"Dali\u0107 zadovoljan nakon pobjede, a na \u017edrijebu ne \u017eeli Francusku"},"content":{"rendered":"\n<p><strong>Zlatko Dali\u0107, izbornik hrvatske nogometne reprezentacije, izrazio je zadovoljstvo sa svime \u0161to je mom\u010dad napravila na turniru kojem je doma\u0107in bio Katar.<\/strong><\/p>\n\n\n\n<p>Podsjetimo kako je Hrvatska u prvom ogledu remizirala protiv Slovenije (1-1), dok je ovog utorka gubila protiv Bugarske, ali na kraju okrenula i pobijedila 2-1.<\/p>\n\n\n\n<figure class=\"wp-block-embed is-type-wp-embed is-provider-radio-ljubuski wp-block-embed-radio-ljubuski\"><div class=\"wp-block-embed__wrapper\">\n<blockquote class=\"wp-embedded-content\" data-secret=\"1CBah92hTc\"><a href=\"https:\/\/radioljubuski.ba\/index.php\/2022\/03\/29\/hrvatska-na-krilima-kramarica-nakon-preokreta-svladala-bugarsku\/\">Hrvatska na krilima Kramari\u0107a nakon preokreta svladala Bugarsku<\/a><\/blockquote><iframe loading=\"lazy\" class=\"wp-embedded-content\" sandbox=\"allow-scripts\" security=\"restricted\" style=\"position: absolute; clip: rect(1px, 1px, 1px, 1px);\" title=\"&#8220;Hrvatska na krilima Kramari\u0107a nakon preokreta svladala Bugarsku&#8221; &#8212;   RADIO LJUBU\u0160KI\" src=\"https:\/\/radioljubuski.ba\/index.php\/2022\/03\/29\/hrvatska-na-krilima-kramarica-nakon-preokreta-svladala-bugarsku\/embed\/#?secret=S12ytpriYf#?secret=1CBah92hTc\" data-secret=\"1CBah92hTc\" width=\"600\" height=\"338\" frameborder=\"0\" marginwidth=\"0\" marginheight=\"0\" scrolling=\"no\"><\/iframe>\n<\/div><\/figure>\n\n\n\n<p>&#8211; Bilo je ovo lijepih sedam, osam dana. Lijepa atmosfera i zadovoljan sam sa svime. Na kraju se dogodila ova, stvarno te\u0161ko ostvarena pobjeda, ali je pobjeda. I zato sam prezadovoljan. Vjerujem da se i de\u010dki tako osje\u0107aju. Sada nam slijedi analiza svega \u0161to smo ovdje napravili. Stvorili smo novo zajedni\u0161tvo, lijepo smo se dru\u017eili i sada kre\u0107e ona prava borba. Za po\u010detak \u0107e to biti utakmice u Ligi nacija tijekom lipnja, komentirao je Dali\u0107 nakon pobjede protiv Bugarske.<br><br>&#8211; Svi su igra\u010di dobili \u0161ansu i, ponavljam, sada \u0107emo analizirati kako je sve to izgledalo. \u017dao mi je \u0161to smo morali u ovoj utakmici protiv Bugarske mijenjati\u00a0<strong>\u0160kori\u0107a\u00a0<\/strong>i\u00a0<strong>Vidu\u00a0<\/strong>zbog ozljeda, ali stvarno nemam nikakve zamjerke. Sustav 3-5-2? Pokazali smo da mo\u017eemo to odigrati. Takav sustav bi mogli primjenjivati u utakmicama protiv ja\u010dih suparnika kada se moramo malo vi\u0161e zatvoriti. No, imamo fantasti\u010dan vezni red i ne odustajemo od na\u0161eg 4-3-3 sustava.<br><br>O skora\u0161njem \u017edrijebu skupina za Svjetsko prvenstvo izbornik Dali\u0107 je dodao:<br><br>&#8211; Na\u0161 je cilj, naravno, pro\u0107i skupinu pa tko god nam do\u0111e u skupinu. Nekako bih volio izbje\u0107i tu Francusku iz prve jakosne skupine jer nam ona stalno stoji iznad glave. Iz tre\u0107e i \u010detvrte jakosne skupine mo\u017eda bi bilo dobro izbje\u0107i europske mom\u010dadi, a dobiti nekoga iz Afrike ili Azije, zavr\u0161io je izbornik hrvatskih nogometa\u0161a.<\/p>\n\n\n\n<figure class=\"wp-block-embed is-type-wp-embed is-provider-radio-ljubuski wp-block-embed-radio-ljubuski\"><div class=\"wp-block-embed__wrapper\">\n<blockquote class=\"wp-embedded-content\" data-secret=\"f7zXDjjXTF\"><a href=\"https:\/\/radioljubuski.ba\/index.php\/2022\/03\/29\/kovacic-odigrali-smo-dobru-utakmicu-uz-par-gresaka\/\">Kova\u010di\u0107: Odigrali smo dobru utakmicu uz par gre\u0161aka<\/a><\/blockquote><iframe loading=\"lazy\" class=\"wp-embedded-content\" sandbox=\"allow-scripts\" security=\"restricted\" style=\"position: absolute; clip: rect(1px, 1px, 1px, 1px);\" title=\"&#8220;Kova\u010di\u0107: Odigrali smo dobru utakmicu uz par gre\u0161aka&#8221; &#8212;   RADIO LJUBU\u0160KI\" src=\"https:\/\/radioljubuski.ba\/index.php\/2022\/03\/29\/kovacic-odigrali-smo-dobru-utakmicu-uz-par-gresaka\/embed\/#?secret=S7ocO4zbKT#?secret=f7zXDjjXTF\" data-secret=\"f7zXDjjXTF\" width=\"600\" height=\"338\" frameborder=\"0\" marginwidth=\"0\" marginheight=\"0\" scrolling=\"no\"><\/iframe>\n<\/div><\/figure>\n\n\n\n<p>Izvor:hrt.hr<\/p>\n","protected":false},"excerpt":{"rendered":"<p>Zlatko Dali\u0107, izbornik hrvatske nogometne reprezentacije, izrazio je zadovoljstvo sa svime \u0161to je mom\u010dad napravila na turniru kojem je doma\u0107in bio Katar. Podsjetimo kako je Hrvatska u prvom ogledu remizirala protiv Slovenije (1-1), dok je ovog utorka gubila protiv Bugarske, ali na kraju okrenula i pobijedila 2-1. &#8211; Bilo je ovo lijepih sedam, osam dana. [&hellip;]<\/p>\n","protected":false},"author":2,"featured_media":126545,"comment_status":"closed","ping_status":"closed","sticky":false,"template":"","format":"standard","meta":{"h5ap_radio_sources":[],"footnotes":""},"categories":[7],"tags":[],"class_list":["post-126544","post","type-post","status-publish","format-standard","has-post-thumbnail","hentry","category-sport"],"yoast_head":"<!-- This site is optimized with the Yoast SEO plugin v27.5 - https:\/\/yoast.com\/product\/yoast-seo-wordpress\/ -->\n<title>Dali\u0107 zadovoljan nakon pobjede, a na \u017edrijebu ne \u017eeli Francusku - RADIO LJUBU\u0160KI<\/title>\n<meta name=\"robots\" content=\"index, follow, max-snippet:-1, max-image-preview:large, max-video-preview:-1\" \/>\n<link rel=\"canonical\" href=\"https:\/\/radioljubuski.ba\/index.php\/2022\/03\/29\/dalic-zadovoljan-nakon-pobjede-a-na-zdrijebu-ne-zeli-francusku\/\" \/>\n<meta property=\"og:locale\" content=\"hr_HR\" \/>\n<meta property=\"og:type\" content=\"article\" \/>\n<meta property=\"og:title\" content=\"Dali\u0107 zadovoljan nakon pobjede, a na \u017edrijebu ne \u017eeli Francusku - RADIO LJUBU\u0160KI\" \/>\n<meta property=\"og:description\" content=\"Zlatko Dali\u0107, izbornik hrvatske nogometne reprezentacije, izrazio je zadovoljstvo sa svime \u0161to je mom\u010dad napravila na turniru kojem je doma\u0107in bio Katar. Podsjetimo kako je Hrvatska u prvom ogledu remizirala protiv Slovenije (1-1), dok je ovog utorka gubila protiv Bugarske, ali na kraju okrenula i pobijedila 2-1. &#8211; Bilo je ovo lijepih sedam, osam dana. [&hellip;]\" \/>\n<meta property=\"og:url\" content=\"https:\/\/radioljubuski.ba\/index.php\/2022\/03\/29\/dalic-zadovoljan-nakon-pobjede-a-na-zdrijebu-ne-zeli-francusku\/\" \/>\n<meta property=\"og:site_name\" content=\"RADIO LJUBU\u0160KI\" \/>\n<meta property=\"article:publisher\" content=\"https:\/\/www.facebook.com\/Radiio-Ljubuski-1490835324566332\" \/>\n<meta property=\"article:published_time\" content=\"2022-03-29T20:54:31+00:00\" \/>\n<meta property=\"article:modified_time\" content=\"2022-03-29T20:54:32+00:00\" \/>\n<meta property=\"og:image\" content=\"https:\/\/radioljubuski.ba\/wp-content\/uploads\/2022\/03\/pxl-290322-92747565-20220329163815.jpg\" \/>\n\t<meta property=\"og:image:width\" content=\"1600\" \/>\n\t<meta property=\"og:image:height\" content=\"1067\" \/>\n\t<meta property=\"og:image:type\" content=\"image\/jpeg\" \/>\n<meta name=\"author\" content=\"Radio Ljubu\u0161ki\" \/>\n<meta name=\"twitter:card\" content=\"summary_large_image\" \/>\n<meta name=\"twitter:creator\" content=\"@radioljubuski\" \/>\n<meta name=\"twitter:site\" content=\"@radioljubuski\" \/>\n<meta name=\"twitter:label1\" content=\"Napisao\/la\" \/>\n\t<meta name=\"twitter:data1\" content=\"Radio Ljubu\u0161ki\" \/>\n\t<meta name=\"twitter:label2\" content=\"Procijenjeno vrijeme \u010ditanja\" \/>\n\t<meta name=\"twitter:data2\" content=\"2 minute\" \/>\n<script type=\"application\/ld+json\" class=\"yoast-schema-graph\">{\"@context\":\"https:\\\/\\\/schema.org\",\"@graph\":[{\"@type\":\"Article\",\"@id\":\"https:\\\/\\\/radioljubuski.ba\\\/index.php\\\/2022\\\/03\\\/29\\\/dalic-zadovoljan-nakon-pobjede-a-na-zdrijebu-ne-zeli-francusku\\\/#article\",\"isPartOf\":{\"@id\":\"https:\\\/\\\/radioljubuski.ba\\\/index.php\\\/2022\\\/03\\\/29\\\/dalic-zadovoljan-nakon-pobjede-a-na-zdrijebu-ne-zeli-francusku\\\/\"},\"author\":{\"name\":\"Radio Ljubu\u0161ki\",\"@id\":\"https:\\\/\\\/radioljubuski.ba\\\/#\\\/schema\\\/person\\\/19fc700381a780f69665d7956c469e3b\"},\"headline\":\"Dali\u0107 zadovoljan nakon pobjede, a na \u017edrijebu ne \u017eeli Francusku\",\"datePublished\":\"2022-03-29T20:54:31+00:00\",\"dateModified\":\"2022-03-29T20:54:32+00:00\",\"mainEntityOfPage\":{\"@id\":\"https:\\\/\\\/radioljubuski.ba\\\/index.php\\\/2022\\\/03\\\/29\\\/dalic-zadovoljan-nakon-pobjede-a-na-zdrijebu-ne-zeli-francusku\\\/\"},\"wordCount\":320,\"publisher\":{\"@id\":\"https:\\\/\\\/radioljubuski.ba\\\/#organization\"},\"image\":{\"@id\":\"https:\\\/\\\/radioljubuski.ba\\\/index.php\\\/2022\\\/03\\\/29\\\/dalic-zadovoljan-nakon-pobjede-a-na-zdrijebu-ne-zeli-francusku\\\/#primaryimage\"},\"thumbnailUrl\":\"https:\\\/\\\/radioljubuski.ba\\\/wp-content\\\/uploads\\\/2022\\\/03\\\/pxl-290322-92747565-20220329163815.jpg\",\"articleSection\":[\"\u0160port\"],\"inLanguage\":\"hr\"},{\"@type\":\"WebPage\",\"@id\":\"https:\\\/\\\/radioljubuski.ba\\\/index.php\\\/2022\\\/03\\\/29\\\/dalic-zadovoljan-nakon-pobjede-a-na-zdrijebu-ne-zeli-francusku\\\/\",\"url\":\"https:\\\/\\\/radioljubuski.ba\\\/index.php\\\/2022\\\/03\\\/29\\\/dalic-zadovoljan-nakon-pobjede-a-na-zdrijebu-ne-zeli-francusku\\\/\",\"name\":\"Dali\u0107 zadovoljan nakon pobjede, a na \u017edrijebu ne \u017eeli Francusku - RADIO LJUBU\u0160KI\",\"isPartOf\":{\"@id\":\"https:\\\/\\\/radioljubuski.ba\\\/#website\"},\"primaryImageOfPage\":{\"@id\":\"https:\\\/\\\/radioljubuski.ba\\\/index.php\\\/2022\\\/03\\\/29\\\/dalic-zadovoljan-nakon-pobjede-a-na-zdrijebu-ne-zeli-francusku\\\/#primaryimage\"},\"image\":{\"@id\":\"https:\\\/\\\/radioljubuski.ba\\\/index.php\\\/2022\\\/03\\\/29\\\/dalic-zadovoljan-nakon-pobjede-a-na-zdrijebu-ne-zeli-francusku\\\/#primaryimage\"},\"thumbnailUrl\":\"https:\\\/\\\/radioljubuski.ba\\\/wp-content\\\/uploads\\\/2022\\\/03\\\/pxl-290322-92747565-20220329163815.jpg\",\"datePublished\":\"2022-03-29T20:54:31+00:00\",\"dateModified\":\"2022-03-29T20:54:32+00:00\",\"breadcrumb\":{\"@id\":\"https:\\\/\\\/radioljubuski.ba\\\/index.php\\\/2022\\\/03\\\/29\\\/dalic-zadovoljan-nakon-pobjede-a-na-zdrijebu-ne-zeli-francusku\\\/#breadcrumb\"},\"inLanguage\":\"hr\",\"potentialAction\":[{\"@type\":\"ReadAction\",\"target\":[\"https:\\\/\\\/radioljubuski.ba\\\/index.php\\\/2022\\\/03\\\/29\\\/dalic-zadovoljan-nakon-pobjede-a-na-zdrijebu-ne-zeli-francusku\\\/\"]}]},{\"@type\":\"ImageObject\",\"inLanguage\":\"hr\",\"@id\":\"https:\\\/\\\/radioljubuski.ba\\\/index.php\\\/2022\\\/03\\\/29\\\/dalic-zadovoljan-nakon-pobjede-a-na-zdrijebu-ne-zeli-francusku\\\/#primaryimage\",\"url\":\"https:\\\/\\\/radioljubuski.ba\\\/wp-content\\\/uploads\\\/2022\\\/03\\\/pxl-290322-92747565-20220329163815.jpg\",\"contentUrl\":\"https:\\\/\\\/radioljubuski.ba\\\/wp-content\\\/uploads\\\/2022\\\/03\\\/pxl-290322-92747565-20220329163815.jpg\",\"width\":1600,\"height\":1067,\"caption\":\"29.03.2022., Katar, Doha - Prijateljski turnir na kojem nastupaju Katar, Bugarska, Slovenija i Hrvatska priprema je za nadolazece Svjetsko prvenstvo. Prijateljska nogometna utakmica na stadionu Education City, Hrvatska - Bugarska. Zlatko Dalic, Ivica Olic, Vedran Corluka Photo: Igor Kralj\\\/PIXSELL\"},{\"@type\":\"BreadcrumbList\",\"@id\":\"https:\\\/\\\/radioljubuski.ba\\\/index.php\\\/2022\\\/03\\\/29\\\/dalic-zadovoljan-nakon-pobjede-a-na-zdrijebu-ne-zeli-francusku\\\/#breadcrumb\",\"itemListElement\":[{\"@type\":\"ListItem\",\"position\":1,\"name\":\"Po\u010detna stranica\",\"item\":\"https:\\\/\\\/radioljubuski.ba\\\/\"},{\"@type\":\"ListItem\",\"position\":2,\"name\":\"Dali\u0107 zadovoljan nakon pobjede, a na \u017edrijebu ne \u017eeli Francusku\"}]},{\"@type\":\"WebSite\",\"@id\":\"https:\\\/\\\/radioljubuski.ba\\\/#website\",\"url\":\"https:\\\/\\\/radioljubuski.ba\\\/\",\"name\":\"Radio Ljubu\u0161ki\",\"description\":\"Sun\u010dana frekvencija Hercegovine\",\"publisher\":{\"@id\":\"https:\\\/\\\/radioljubuski.ba\\\/#organization\"},\"potentialAction\":[{\"@type\":\"SearchAction\",\"target\":{\"@type\":\"EntryPoint\",\"urlTemplate\":\"https:\\\/\\\/radioljubuski.ba\\\/?s={search_term_string}\"},\"query-input\":{\"@type\":\"PropertyValueSpecification\",\"valueRequired\":true,\"valueName\":\"search_term_string\"}}],\"inLanguage\":\"hr\"},{\"@type\":\"Organization\",\"@id\":\"https:\\\/\\\/radioljubuski.ba\\\/#organization\",\"name\":\"Radio Ljubu\u0161ki\",\"url\":\"https:\\\/\\\/radioljubuski.ba\\\/\",\"logo\":{\"@type\":\"ImageObject\",\"inLanguage\":\"hr\",\"@id\":\"https:\\\/\\\/radioljubuski.ba\\\/#\\\/schema\\\/logo\\\/image\\\/\",\"url\":\"https:\\\/\\\/radioljubuski.ba\\\/wp-content\\\/uploads\\\/2021\\\/02\\\/cropped-Radio_Ljubuski_logo1.jpg\",\"contentUrl\":\"https:\\\/\\\/radioljubuski.ba\\\/wp-content\\\/uploads\\\/2021\\\/02\\\/cropped-Radio_Ljubuski_logo1.jpg\",\"width\":512,\"height\":512,\"caption\":\"Radio Ljubu\u0161ki\"},\"image\":{\"@id\":\"https:\\\/\\\/radioljubuski.ba\\\/#\\\/schema\\\/logo\\\/image\\\/\"},\"sameAs\":[\"https:\\\/\\\/www.facebook.com\\\/Radiio-Ljubuski-1490835324566332\",\"https:\\\/\\\/x.com\\\/radioljubuski\",\"https:\\\/\\\/hr.linkedin.com\\\/company\\\/radio-ljubuski\",\"https:\\\/\\\/www.youtube.com\\\/channel\\\/UCHYaeO_n0Db3tjNGudGpXyw\"]},{\"@type\":\"Person\",\"@id\":\"https:\\\/\\\/radioljubuski.ba\\\/#\\\/schema\\\/person\\\/19fc700381a780f69665d7956c469e3b\",\"name\":\"Radio Ljubu\u0161ki\"}]}<\/script>\n<!-- \/ Yoast SEO plugin. -->","yoast_head_json":{"title":"Dali\u0107 zadovoljan nakon pobjede, a na \u017edrijebu ne \u017eeli Francusku - RADIO LJUBU\u0160KI","robots":{"index":"index","follow":"follow","max-snippet":"max-snippet:-1","max-image-preview":"max-image-preview:large","max-video-preview":"max-video-preview:-1"},"canonical":"https:\/\/radioljubuski.ba\/index.php\/2022\/03\/29\/dalic-zadovoljan-nakon-pobjede-a-na-zdrijebu-ne-zeli-francusku\/","og_locale":"hr_HR","og_type":"article","og_title":"Dali\u0107 zadovoljan nakon pobjede, a na \u017edrijebu ne \u017eeli Francusku - RADIO LJUBU\u0160KI","og_description":"Zlatko Dali\u0107, izbornik hrvatske nogometne reprezentacije, izrazio je zadovoljstvo sa svime \u0161to je mom\u010dad napravila na turniru kojem je doma\u0107in bio Katar. Podsjetimo kako je Hrvatska u prvom ogledu remizirala protiv Slovenije (1-1), dok je ovog utorka gubila protiv Bugarske, ali na kraju okrenula i pobijedila 2-1. &#8211; Bilo je ovo lijepih sedam, osam dana. [&hellip;]","og_url":"https:\/\/radioljubuski.ba\/index.php\/2022\/03\/29\/dalic-zadovoljan-nakon-pobjede-a-na-zdrijebu-ne-zeli-francusku\/","og_site_name":"RADIO LJUBU\u0160KI","article_publisher":"https:\/\/www.facebook.com\/Radiio-Ljubuski-1490835324566332","article_published_time":"2022-03-29T20:54:31+00:00","article_modified_time":"2022-03-29T20:54:32+00:00","og_image":[{"width":1600,"height":1067,"url":"https:\/\/radioljubuski.ba\/wp-content\/uploads\/2022\/03\/pxl-290322-92747565-20220329163815.jpg","type":"image\/jpeg"}],"author":"Radio Ljubu\u0161ki","twitter_card":"summary_large_image","twitter_creator":"@radioljubuski","twitter_site":"@radioljubuski","twitter_misc":{"Napisao\/la":"Radio Ljubu\u0161ki","Procijenjeno vrijeme \u010ditanja":"2 minute"},"schema":{"@context":"https:\/\/schema.org","@graph":[{"@type":"Article","@id":"https:\/\/radioljubuski.ba\/index.php\/2022\/03\/29\/dalic-zadovoljan-nakon-pobjede-a-na-zdrijebu-ne-zeli-francusku\/#article","isPartOf":{"@id":"https:\/\/radioljubuski.ba\/index.php\/2022\/03\/29\/dalic-zadovoljan-nakon-pobjede-a-na-zdrijebu-ne-zeli-francusku\/"},"author":{"name":"Radio Ljubu\u0161ki","@id":"https:\/\/radioljubuski.ba\/#\/schema\/person\/19fc700381a780f69665d7956c469e3b"},"headline":"Dali\u0107 zadovoljan nakon pobjede, a na \u017edrijebu ne \u017eeli Francusku","datePublished":"2022-03-29T20:54:31+00:00","dateModified":"2022-03-29T20:54:32+00:00","mainEntityOfPage":{"@id":"https:\/\/radioljubuski.ba\/index.php\/2022\/03\/29\/dalic-zadovoljan-nakon-pobjede-a-na-zdrijebu-ne-zeli-francusku\/"},"wordCount":320,"publisher":{"@id":"https:\/\/radioljubuski.ba\/#organization"},"image":{"@id":"https:\/\/radioljubuski.ba\/index.php\/2022\/03\/29\/dalic-zadovoljan-nakon-pobjede-a-na-zdrijebu-ne-zeli-francusku\/#primaryimage"},"thumbnailUrl":"https:\/\/radioljubuski.ba\/wp-content\/uploads\/2022\/03\/pxl-290322-92747565-20220329163815.jpg","articleSection":["\u0160port"],"inLanguage":"hr"},{"@type":"WebPage","@id":"https:\/\/radioljubuski.ba\/index.php\/2022\/03\/29\/dalic-zadovoljan-nakon-pobjede-a-na-zdrijebu-ne-zeli-francusku\/","url":"https:\/\/radioljubuski.ba\/index.php\/2022\/03\/29\/dalic-zadovoljan-nakon-pobjede-a-na-zdrijebu-ne-zeli-francusku\/","name":"Dali\u0107 zadovoljan nakon pobjede, a na \u017edrijebu ne \u017eeli Francusku - RADIO LJUBU\u0160KI","isPartOf":{"@id":"https:\/\/radioljubuski.ba\/#website"},"primaryImageOfPage":{"@id":"https:\/\/radioljubuski.ba\/index.php\/2022\/03\/29\/dalic-zadovoljan-nakon-pobjede-a-na-zdrijebu-ne-zeli-francusku\/#primaryimage"},"image":{"@id":"https:\/\/radioljubuski.ba\/index.php\/2022\/03\/29\/dalic-zadovoljan-nakon-pobjede-a-na-zdrijebu-ne-zeli-francusku\/#primaryimage"},"thumbnailUrl":"https:\/\/radioljubuski.ba\/wp-content\/uploads\/2022\/03\/pxl-290322-92747565-20220329163815.jpg","datePublished":"2022-03-29T20:54:31+00:00","dateModified":"2022-03-29T20:54:32+00:00","breadcrumb":{"@id":"https:\/\/radioljubuski.ba\/index.php\/2022\/03\/29\/dalic-zadovoljan-nakon-pobjede-a-na-zdrijebu-ne-zeli-francusku\/#breadcrumb"},"inLanguage":"hr","potentialAction":[{"@type":"ReadAction","target":["https:\/\/radioljubuski.ba\/index.php\/2022\/03\/29\/dalic-zadovoljan-nakon-pobjede-a-na-zdrijebu-ne-zeli-francusku\/"]}]},{"@type":"ImageObject","inLanguage":"hr","@id":"https:\/\/radioljubuski.ba\/index.php\/2022\/03\/29\/dalic-zadovoljan-nakon-pobjede-a-na-zdrijebu-ne-zeli-francusku\/#primaryimage","url":"https:\/\/radioljubuski.ba\/wp-content\/uploads\/2022\/03\/pxl-290322-92747565-20220329163815.jpg","contentUrl":"https:\/\/radioljubuski.ba\/wp-content\/uploads\/2022\/03\/pxl-290322-92747565-20220329163815.jpg","width":1600,"height":1067,"caption":"29.03.2022., Katar, Doha - Prijateljski turnir na kojem nastupaju Katar, Bugarska, Slovenija i Hrvatska priprema je za nadolazece Svjetsko prvenstvo. Prijateljska nogometna utakmica na stadionu Education City, Hrvatska - Bugarska. Zlatko Dalic, Ivica Olic, Vedran Corluka Photo: Igor Kralj\/PIXSELL"},{"@type":"BreadcrumbList","@id":"https:\/\/radioljubuski.ba\/index.php\/2022\/03\/29\/dalic-zadovoljan-nakon-pobjede-a-na-zdrijebu-ne-zeli-francusku\/#breadcrumb","itemListElement":[{"@type":"ListItem","position":1,"name":"Po\u010detna stranica","item":"https:\/\/radioljubuski.ba\/"},{"@type":"ListItem","position":2,"name":"Dali\u0107 zadovoljan nakon pobjede, a na \u017edrijebu ne \u017eeli Francusku"}]},{"@type":"WebSite","@id":"https:\/\/radioljubuski.ba\/#website","url":"https:\/\/radioljubuski.ba\/","name":"Radio Ljubu\u0161ki","description":"Sun\u010dana frekvencija Hercegovine","publisher":{"@id":"https:\/\/radioljubuski.ba\/#organization"},"potentialAction":[{"@type":"SearchAction","target":{"@type":"EntryPoint","urlTemplate":"https:\/\/radioljubuski.ba\/?s={search_term_string}"},"query-input":{"@type":"PropertyValueSpecification","valueRequired":true,"valueName":"search_term_string"}}],"inLanguage":"hr"},{"@type":"Organization","@id":"https:\/\/radioljubuski.ba\/#organization","name":"Radio Ljubu\u0161ki","url":"https:\/\/radioljubuski.ba\/","logo":{"@type":"ImageObject","inLanguage":"hr","@id":"https:\/\/radioljubuski.ba\/#\/schema\/logo\/image\/","url":"https:\/\/radioljubuski.ba\/wp-content\/uploads\/2021\/02\/cropped-Radio_Ljubuski_logo1.jpg","contentUrl":"https:\/\/radioljubuski.ba\/wp-content\/uploads\/2021\/02\/cropped-Radio_Ljubuski_logo1.jpg","width":512,"height":512,"caption":"Radio Ljubu\u0161ki"},"image":{"@id":"https:\/\/radioljubuski.ba\/#\/schema\/logo\/image\/"},"sameAs":["https:\/\/www.facebook.com\/Radiio-Ljubuski-1490835324566332","https:\/\/x.com\/radioljubuski","https:\/\/hr.linkedin.com\/company\/radio-ljubuski","https:\/\/www.youtube.com\/channel\/UCHYaeO_n0Db3tjNGudGpXyw"]},{"@type":"Person","@id":"https:\/\/radioljubuski.ba\/#\/schema\/person\/19fc700381a780f69665d7956c469e3b","name":"Radio Ljubu\u0161ki"}]}},"_links":{"self":[{"href":"https:\/\/radioljubuski.ba\/index.php\/wp-json\/wp\/v2\/posts\/126544","targetHints":{"allow":["GET"]}}],"collection":[{"href":"https:\/\/radioljubuski.ba\/index.php\/wp-json\/wp\/v2\/posts"}],"about":[{"href":"https:\/\/radioljubuski.ba\/index.php\/wp-json\/wp\/v2\/types\/post"}],"author":[{"embeddable":true,"href":"https:\/\/radioljubuski.ba\/index.php\/wp-json\/wp\/v2\/users\/2"}],"replies":[{"embeddable":true,"href":"https:\/\/radioljubuski.ba\/index.php\/wp-json\/wp\/v2\/comments?post=126544"}],"version-history":[{"count":1,"href":"https:\/\/radioljubuski.ba\/index.php\/wp-json\/wp\/v2\/posts\/126544\/revisions"}],"predecessor-version":[{"id":126546,"href":"https:\/\/radioljubuski.ba\/index.php\/wp-json\/wp\/v2\/posts\/126544\/revisions\/126546"}],"wp:featuredmedia":[{"embeddable":true,"href":"https:\/\/radioljubuski.ba\/index.php\/wp-json\/wp\/v2\/media\/126545"}],"wp:attachment":[{"href":"https:\/\/radioljubuski.ba\/index.php\/wp-json\/wp\/v2\/media?parent=126544"}],"wp:term":[{"taxonomy":"category","embeddable":true,"href":"https:\/\/radioljubuski.ba\/index.php\/wp-json\/wp\/v2\/categories?post=126544"},{"taxonomy":"post_tag","embeddable":true,"href":"https:\/\/radioljubuski.ba\/index.php\/wp-json\/wp\/v2\/tags?post=126544"}],"curies":[{"name":"wp","href":"https:\/\/api.w.org\/{rel}","templated":true}]}}