{"id":126966,"date":"2022-03-30T14:21:26","date_gmt":"2022-03-30T13:21:26","guid":{"rendered":"https:\/\/radioljubuski.ba\/?p=126966"},"modified":"2022-03-30T14:21:27","modified_gmt":"2022-03-30T13:21:27","slug":"radnici-napustaju-bih-i-porucuju-ovo-je-drzava-iz-koje-treba-odmah-otici-bez-ikakvog-razmisljanja","status":"publish","type":"post","link":"https:\/\/radioljubuski.ba\/index.php\/2022\/03\/30\/radnici-napustaju-bih-i-porucuju-ovo-je-drzava-iz-koje-treba-odmah-otici-bez-ikakvog-razmisljanja\/","title":{"rendered":"Radnici napu\u0161taju BiH i poru\u010duju: \u201cOvo je dr\u017eava iz koje treba odmah oti\u0107i, bez ikakvog razmi\u0161ljanja&#8221;"},"content":{"rendered":"\n<p>Slovenske kompanije tra\u017ee radnu snagu u BiH, zbog deficita na lokalnom tr\u017ei\u0161tu rada. Kriti\u010dari ka\u017eu da se bh. vlasti tako &#8220;rje\u0161avaju nezaposlenih&#8221;. Pro\u0161le godine je dnevno u Sloveniju odlazilo i do 50 radnika.<\/p>\n\n\n\n<p>\u201eImamo puno posla, nemamo radnika\u201d, moto je, koji zvu\u010di kao vapaj predstavnika slovenskih kompanija, koje su ovih dana do\u0161le tra\u017eiti radnike u Bosni i Hercegovini. Tra\u017ee se uglavnom zidari, mesari, tokari, bravari, vodoinstalateri, fizi\u010dki radnici u proizvodnji. To je ono \u010dega BiH ima, jer su kako ka\u017eu, prema istra\u017eivanjima koja su radili, ovaj prostor vidjeli kao najbolji za to.<\/p>\n\n\n\n<p>\u201eImamo pote\u0161ko\u0107a, nemamo radnika a imamo puno posla. Ovdje ih ima i zato smo tu\u201d, ka\u017ee Ale\u0161 Zalkoar iz kompanije \u201eIskra\u201d, koja ve\u0107 ima iskustva sa radnicima iz BiH.<\/p>\n\n\n\n<p>\u201eMi ve\u0107 imamo radnike iz BiH, neki imaju kvalifikacije, neki se nau\u010de kod nas. Jezik nam je blizak , lako je za poslovanje. Mi im nudimo sve benefite kao \u0161to mi imamo, od 13. pla\u0107e, nagrada i svega ostalog\u201d, ka\u017ee Zalokar.<\/p>\n\n\n\n<p><strong>Bijeg zbog sistema<\/strong><\/p>\n\n\n\n<p><br>Neven Petrovi\u0107 iz Banja Luke, trenutno tra\u017ei bilo kakav posao. Na Sajam zapo\u0161ljavanja, koji se ovih dana odr\u017eava u Banja Luci i Sarajevu, do\u0161ao je prvenstveno da potra\u017ei, kako ka\u017ee, \u201ebijeg od BiH\u201d. Onda sve ostalo.<\/p>\n\n\n\n<p>\u201eDo\u0161ao sam da vidim ponude, ve\u0107 sam na\u0161ao par kontakata, pa \u0107emo da vidimo. Bje\u017eim iz dr\u017eave! To je razlog. Ovo je dr\u017eava iz koje treba odmah oti\u0107i, bez ikakvog razmi\u0161ljanja. Svim ljudima predla\u017eem da \u0161to prije bje\u017ee odavde\u201d, ka\u017ee Petrovi\u0107, koji o\u010dekuje nekoliko ponuda od firmi iz Slovenije, kako bi \u0161to prije oti\u0161ao.<\/p>\n\n\n\n<p>U \u201ebijegu radnika iz BiH\u201d, poma\u017ee i dr\u017eavna Agencija za rad i zapo\u0161ljavanje, koja zajedno sa predstavnicima kompanija iz inozemstva, organizira ovakve i sli\u010dne sajmove u zemlji. Ni vlast, ni poslovna zajednica, ne vide ni\u0161ta lo\u0161e u tome. U su\u0161tini, radi se o legalnim poslovima, samo je pitanje da li vlast ima bilo kakvu za\u0161titu za odljev radno sposobnog stanovni\u0161tva.<\/p>\n\n\n\n<p>Ovo je pora\u017eavaju\u0107e za na\u0161e gospodarstvo. Organiziranje ovakvih doga\u0111aja, posebno kada nam nedostaje radnika, je vi\u0161e nego katastrofa. Posebno jer to organiziraju dr\u017eavne institucije. Kome obrazujemo kadrove ako \u0107e nam na ovakav na\u010din `otimati` radnike\u201c, pita Vladimir Blagojevi\u0107, iz Privredne komore Republike Srpske.<\/p>\n\n\n\n<p>Sa\u0161a Trivi\u0107, iz Udru\u017eenja poslodavaca RS, ina\u010de vlasnik i osniva\u010d banjalu\u010dke kompanije \u201eKrajina klas\u201d i lanca pekara u BiH, upozorava da \u0107e radno sposobno stanovni\u0161tvo oti\u0107i iz BiH, sa ili bez podr\u0161ke neke agencije. Zabrinjavaju\u0107e je ka\u017ee, da problem vi\u0161e nije ni visina pla\u0107e.<\/p>\n\n\n\n<p><strong>Poslodavci peru ruke<\/strong><\/p>\n\n\n\n<p>\u201eOsnovna primjedba ljudi koji danas odlaze, je sistem. Ne\u0107e da mu djeca idu u ovakvu \u0161kolu, da se lije\u010de u ovakvoj bolnici, da imaju ovakve politi\u010dare. Mi nemamo drugog na\u010dina nego da to vlastima govorimo, ali o\u010digledno da u dru\u017eavi nitko ne poduzima ni\u0161ta po tom pitanju\u201c, ka\u017ee Trivi\u0107, uz opasku, da sada vi\u0161e nije na poslodavcima, koji se prilago\u0111avaju, ve\u0107 na sistemu.<\/p>\n\n\n\n<p>Samo u pro\u0161loj godini, Agencija za zapo\u0161ljavanje BiH, izdala je 18 tisu\u0107a radnih dozvola za Sloveniju, \u0161to je duplo vi\u0161e u odnosu na prethodnu godinu. Gotovo tisu\u0107u i pol radnika mjese\u010dno je, prema tim podacima oti\u0161lo u Sloveniju, \u0161to je 50 dnevno.<\/p>\n\n\n\n<p><strong>Pla\u0107a za knap<\/strong><\/p>\n\n\n\n<p>Radnike u Sloveniji tra\u017ee svi: od mesne i gra\u0111evinske industrije do IT sektora. &nbsp;Neki od njih ve\u0107 imaju radnike iz zemalja zapadnog Balkana, \u010dijim radom su zadovoljni.<\/p>\n\n\n\n<p>\u201eZa radnika u proizvodnji, sa tri smjene, pla\u0107a je oko 1000 eura. Sa \u010detiri smjene, oko 1100. Nudimo ugovor na godinu dana i stabilno poduze\u0107e, koje ne\u0107e sutra prekinuti radni odnos sa vama\u201d, ka\u017ee Danijel Peja\u0161inovi\u0107, menad\u017eer komapnije Trelleborga iz Kranja, koja je prije nekoliko godina postala ve\u0107inski vlasnik kompanije \u201eSava\u201d.<\/p>\n\n\n\n<p>Oni koji su oti\u0161li prije nekoliko godina, ka\u017eu da se nisu pokajali. Me\u0111u njima je \u017deljko Vu\u010di\u0107, koji je na sli\u010dnom sajmu u Banja Luci dogovorio posao u kompaniji za obradu mesa od divlja\u010di \u201eNimrod\u201c, iz \u0160kofja Loke.<\/p>\n\n\n\n<p>\u201ePrije tri godine sam do\u0161ao ovdje na sajam, dogovorio sve i oti\u0161ao tamo kod njih. Zadovoljan sam svim uvjetima. Prije toga sam radio u mesnim industrijama ovdje, gdje su pla\u0107e kasnile i po nekoliko mjeseci, doprinosi nisu bili regulirani. Sada su bolji uvjeti rada vi\u0161estruko\u201c, pri\u010da \u017deljko, \u010diji poslodavac u \u0161ali ka\u017ee, da na\u017ealost mladi ljudi vole samo da jedu meso, ali ne i da ga obra\u0111uju.<\/p>\n\n\n\n<p>Zbog sve lo\u0161ije ekonomske situacije i polit\u010dkog sistema, koji posljednjih 30 godina crpi \u017eivotnu energiju gra\u0111anima BiH, ovakav scenarij&nbsp; je realan. Urednik poslovnog portala Capital, Sini\u0161a Vukeli\u0107, ka\u017ee da se zbog toga stanovni\u0161tvo, odlu\u010duje da bude prva generacija onih koji \u0107e pomo\u0107i svojoj djeci u nekom drugom, ure\u0111enom sistemu.<\/p>\n\n\n\n<p>Apsurd da Agencija za zapo\u0161ljavanje poma\u017ee u zapo\u0161ljavanju na\u0161ih ljudi u inozemstvu, govori koliko je zapravo politi\u010darima motiv da se rije\u0161i nezaposlenih. Ali ne na\u010din da ih zaposle, ve\u0107 da oni odu iz ove dr\u017eave. Jer takvi ljudi su ljuti, gladni i uglavnom ne glasaju za postoje\u0107u vlast. Samo prave probleme i oni taj problem \u017eele da zavr\u0161e, tako \u0161to \u0107e ih pustiti preko granice\u201c, ka\u017ee Vukeli\u0107.<\/p>\n\n\n\n<p>Odljev radno sposobnog stanovni\u0161tva ogroman je problem, ne samo u BiH, ve\u0107 i u zemljama cijele regije. U takvim uvjetima, u praksi se ve\u0107 osje\u0107a nesta\u0161ica radne snage u proizvodnim procesima, gdje se radnici uvoze iz zemalja Bliskog istoka, koji ve\u0107 mjesecima rade u BiH u gra\u0111evinskom sektoru. Tako\u0111er, gotovo je nemogu\u0107e odmah prona\u0107i molera, zidara, vodoinstalatera ili druge majstore tog profila, jer je obim posla prevelik za postoje\u0107i broj radnika, zbog \u010dega je u zadnje dvije godine, cijena svih ovih usluga vi\u0161estruko pove\u0107ana.<\/p>\n\n\n\n<p>Zato dio poslodavaca, uo\u010di dana\u0161nje manifestacije izbora najuspje\u0161nijih u privredi u RS, ironi\u010dno poru\u010duje vlastima da \u0107e, ukoliko se ovaj trend nastavi, uskoro nagrade uru\u010divati slovenskim poslodavcima pi\u0161e <a href=\"https:\/\/www.dw.com\/bs\/slovenci-do%C5%A1li-po-jo%C5%A1-radnika-iz-bih\/a-61299824\" target=\"_blank\" rel=\"noreferrer noopener\">DW<\/a>.<\/p>\n\n\n\n<p>Izvor:DW<\/p>\n","protected":false},"excerpt":{"rendered":"<p>Slovenske kompanije tra\u017ee radnu snagu u BiH, zbog deficita na lokalnom tr\u017ei\u0161tu rada. Kriti\u010dari ka\u017eu da se bh. vlasti tako &#8220;rje\u0161avaju nezaposlenih&#8221;. Pro\u0161le godine je dnevno u Sloveniju odlazilo i do 50 radnika. \u201eImamo puno posla, nemamo radnika\u201d, moto je, koji zvu\u010di kao vapaj predstavnika slovenskih kompanija, koje su ovih dana do\u0161le tra\u017eiti radnike u [&hellip;]<\/p>\n","protected":false},"author":2,"featured_media":58236,"comment_status":"closed","ping_status":"closed","sticky":false,"template":"","format":"standard","meta":{"h5ap_radio_sources":[],"footnotes":""},"categories":[1],"tags":[],"class_list":["post-126966","post","type-post","status-publish","format-standard","has-post-thumbnail","hentry","category-bihiregija"],"yoast_head":"<!-- This site is optimized with the Yoast SEO plugin v27.5 - https:\/\/yoast.com\/product\/yoast-seo-wordpress\/ -->\n<title>Radnici napu\u0161taju BiH i poru\u010duju: \u201cOvo je dr\u017eava iz koje treba odmah oti\u0107i, bez ikakvog razmi\u0161ljanja&quot; - RADIO LJUBU\u0160KI<\/title>\n<meta name=\"robots\" content=\"index, follow, max-snippet:-1, max-image-preview:large, max-video-preview:-1\" \/>\n<link rel=\"canonical\" href=\"https:\/\/radioljubuski.ba\/index.php\/2022\/03\/30\/radnici-napustaju-bih-i-porucuju-ovo-je-drzava-iz-koje-treba-odmah-otici-bez-ikakvog-razmisljanja\/\" \/>\n<meta property=\"og:locale\" content=\"hr_HR\" \/>\n<meta property=\"og:type\" content=\"article\" \/>\n<meta property=\"og:title\" content=\"Radnici napu\u0161taju BiH i poru\u010duju: \u201cOvo je dr\u017eava iz koje treba odmah oti\u0107i, bez ikakvog razmi\u0161ljanja&quot; - RADIO LJUBU\u0160KI\" \/>\n<meta property=\"og:description\" content=\"Slovenske kompanije tra\u017ee radnu snagu u BiH, zbog deficita na lokalnom tr\u017ei\u0161tu rada. Kriti\u010dari ka\u017eu da se bh. vlasti tako &#8220;rje\u0161avaju nezaposlenih&#8221;. Pro\u0161le godine je dnevno u Sloveniju odlazilo i do 50 radnika. \u201eImamo puno posla, nemamo radnika\u201d, moto je, koji zvu\u010di kao vapaj predstavnika slovenskih kompanija, koje su ovih dana do\u0161le tra\u017eiti radnike u [&hellip;]\" \/>\n<meta property=\"og:url\" content=\"https:\/\/radioljubuski.ba\/index.php\/2022\/03\/30\/radnici-napustaju-bih-i-porucuju-ovo-je-drzava-iz-koje-treba-odmah-otici-bez-ikakvog-razmisljanja\/\" \/>\n<meta property=\"og:site_name\" content=\"RADIO LJUBU\u0160KI\" \/>\n<meta property=\"article:publisher\" content=\"https:\/\/www.facebook.com\/Radiio-Ljubuski-1490835324566332\" \/>\n<meta property=\"article:published_time\" content=\"2022-03-30T13:21:26+00:00\" \/>\n<meta property=\"article:modified_time\" content=\"2022-03-30T13:21:27+00:00\" \/>\n<meta property=\"og:image\" content=\"https:\/\/radioljubuski.ba\/wp-content\/uploads\/2021\/08\/IbHu3Edq_radnici.jpg\" \/>\n\t<meta property=\"og:image:width\" content=\"1000\" \/>\n\t<meta property=\"og:image:height\" content=\"625\" \/>\n\t<meta property=\"og:image:type\" content=\"image\/jpeg\" \/>\n<meta name=\"author\" content=\"Radio Ljubu\u0161ki\" \/>\n<meta name=\"twitter:card\" content=\"summary_large_image\" \/>\n<meta name=\"twitter:creator\" content=\"@radioljubuski\" \/>\n<meta name=\"twitter:site\" content=\"@radioljubuski\" \/>\n<meta name=\"twitter:label1\" content=\"Napisao\/la\" \/>\n\t<meta name=\"twitter:data1\" content=\"Radio Ljubu\u0161ki\" \/>\n\t<meta name=\"twitter:label2\" content=\"Procijenjeno vrijeme \u010ditanja\" \/>\n\t<meta name=\"twitter:data2\" content=\"5 minuta\" \/>\n<script type=\"application\/ld+json\" class=\"yoast-schema-graph\">{\"@context\":\"https:\\\/\\\/schema.org\",\"@graph\":[{\"@type\":\"Article\",\"@id\":\"https:\\\/\\\/radioljubuski.ba\\\/index.php\\\/2022\\\/03\\\/30\\\/radnici-napustaju-bih-i-porucuju-ovo-je-drzava-iz-koje-treba-odmah-otici-bez-ikakvog-razmisljanja\\\/#article\",\"isPartOf\":{\"@id\":\"https:\\\/\\\/radioljubuski.ba\\\/index.php\\\/2022\\\/03\\\/30\\\/radnici-napustaju-bih-i-porucuju-ovo-je-drzava-iz-koje-treba-odmah-otici-bez-ikakvog-razmisljanja\\\/\"},\"author\":{\"name\":\"Radio Ljubu\u0161ki\",\"@id\":\"https:\\\/\\\/radioljubuski.ba\\\/#\\\/schema\\\/person\\\/19fc700381a780f69665d7956c469e3b\"},\"headline\":\"Radnici napu\u0161taju BiH i poru\u010duju: \u201cOvo je dr\u017eava iz koje treba odmah oti\u0107i, bez ikakvog razmi\u0161ljanja&#8221;\",\"datePublished\":\"2022-03-30T13:21:26+00:00\",\"dateModified\":\"2022-03-30T13:21:27+00:00\",\"mainEntityOfPage\":{\"@id\":\"https:\\\/\\\/radioljubuski.ba\\\/index.php\\\/2022\\\/03\\\/30\\\/radnici-napustaju-bih-i-porucuju-ovo-je-drzava-iz-koje-treba-odmah-otici-bez-ikakvog-razmisljanja\\\/\"},\"wordCount\":1085,\"publisher\":{\"@id\":\"https:\\\/\\\/radioljubuski.ba\\\/#organization\"},\"image\":{\"@id\":\"https:\\\/\\\/radioljubuski.ba\\\/index.php\\\/2022\\\/03\\\/30\\\/radnici-napustaju-bih-i-porucuju-ovo-je-drzava-iz-koje-treba-odmah-otici-bez-ikakvog-razmisljanja\\\/#primaryimage\"},\"thumbnailUrl\":\"https:\\\/\\\/radioljubuski.ba\\\/wp-content\\\/uploads\\\/2021\\\/08\\\/IbHu3Edq_radnici.jpg\",\"articleSection\":[\"BIH i regija\"],\"inLanguage\":\"hr\"},{\"@type\":\"WebPage\",\"@id\":\"https:\\\/\\\/radioljubuski.ba\\\/index.php\\\/2022\\\/03\\\/30\\\/radnici-napustaju-bih-i-porucuju-ovo-je-drzava-iz-koje-treba-odmah-otici-bez-ikakvog-razmisljanja\\\/\",\"url\":\"https:\\\/\\\/radioljubuski.ba\\\/index.php\\\/2022\\\/03\\\/30\\\/radnici-napustaju-bih-i-porucuju-ovo-je-drzava-iz-koje-treba-odmah-otici-bez-ikakvog-razmisljanja\\\/\",\"name\":\"Radnici napu\u0161taju BiH i poru\u010duju: \u201cOvo je dr\u017eava iz koje treba odmah oti\u0107i, bez ikakvog razmi\u0161ljanja\\\" - RADIO LJUBU\u0160KI\",\"isPartOf\":{\"@id\":\"https:\\\/\\\/radioljubuski.ba\\\/#website\"},\"primaryImageOfPage\":{\"@id\":\"https:\\\/\\\/radioljubuski.ba\\\/index.php\\\/2022\\\/03\\\/30\\\/radnici-napustaju-bih-i-porucuju-ovo-je-drzava-iz-koje-treba-odmah-otici-bez-ikakvog-razmisljanja\\\/#primaryimage\"},\"image\":{\"@id\":\"https:\\\/\\\/radioljubuski.ba\\\/index.php\\\/2022\\\/03\\\/30\\\/radnici-napustaju-bih-i-porucuju-ovo-je-drzava-iz-koje-treba-odmah-otici-bez-ikakvog-razmisljanja\\\/#primaryimage\"},\"thumbnailUrl\":\"https:\\\/\\\/radioljubuski.ba\\\/wp-content\\\/uploads\\\/2021\\\/08\\\/IbHu3Edq_radnici.jpg\",\"datePublished\":\"2022-03-30T13:21:26+00:00\",\"dateModified\":\"2022-03-30T13:21:27+00:00\",\"breadcrumb\":{\"@id\":\"https:\\\/\\\/radioljubuski.ba\\\/index.php\\\/2022\\\/03\\\/30\\\/radnici-napustaju-bih-i-porucuju-ovo-je-drzava-iz-koje-treba-odmah-otici-bez-ikakvog-razmisljanja\\\/#breadcrumb\"},\"inLanguage\":\"hr\",\"potentialAction\":[{\"@type\":\"ReadAction\",\"target\":[\"https:\\\/\\\/radioljubuski.ba\\\/index.php\\\/2022\\\/03\\\/30\\\/radnici-napustaju-bih-i-porucuju-ovo-je-drzava-iz-koje-treba-odmah-otici-bez-ikakvog-razmisljanja\\\/\"]}]},{\"@type\":\"ImageObject\",\"inLanguage\":\"hr\",\"@id\":\"https:\\\/\\\/radioljubuski.ba\\\/index.php\\\/2022\\\/03\\\/30\\\/radnici-napustaju-bih-i-porucuju-ovo-je-drzava-iz-koje-treba-odmah-otici-bez-ikakvog-razmisljanja\\\/#primaryimage\",\"url\":\"https:\\\/\\\/radioljubuski.ba\\\/wp-content\\\/uploads\\\/2021\\\/08\\\/IbHu3Edq_radnici.jpg\",\"contentUrl\":\"https:\\\/\\\/radioljubuski.ba\\\/wp-content\\\/uploads\\\/2021\\\/08\\\/IbHu3Edq_radnici.jpg\",\"width\":1000,\"height\":625},{\"@type\":\"BreadcrumbList\",\"@id\":\"https:\\\/\\\/radioljubuski.ba\\\/index.php\\\/2022\\\/03\\\/30\\\/radnici-napustaju-bih-i-porucuju-ovo-je-drzava-iz-koje-treba-odmah-otici-bez-ikakvog-razmisljanja\\\/#breadcrumb\",\"itemListElement\":[{\"@type\":\"ListItem\",\"position\":1,\"name\":\"Po\u010detna stranica\",\"item\":\"https:\\\/\\\/radioljubuski.ba\\\/\"},{\"@type\":\"ListItem\",\"position\":2,\"name\":\"Radnici napu\u0161taju BiH i poru\u010duju: \u201cOvo je dr\u017eava iz koje treba odmah oti\u0107i, bez ikakvog razmi\u0161ljanja&#8221;\"}]},{\"@type\":\"WebSite\",\"@id\":\"https:\\\/\\\/radioljubuski.ba\\\/#website\",\"url\":\"https:\\\/\\\/radioljubuski.ba\\\/\",\"name\":\"Radio Ljubu\u0161ki\",\"description\":\"Sun\u010dana frekvencija Hercegovine\",\"publisher\":{\"@id\":\"https:\\\/\\\/radioljubuski.ba\\\/#organization\"},\"potentialAction\":[{\"@type\":\"SearchAction\",\"target\":{\"@type\":\"EntryPoint\",\"urlTemplate\":\"https:\\\/\\\/radioljubuski.ba\\\/?s={search_term_string}\"},\"query-input\":{\"@type\":\"PropertyValueSpecification\",\"valueRequired\":true,\"valueName\":\"search_term_string\"}}],\"inLanguage\":\"hr\"},{\"@type\":\"Organization\",\"@id\":\"https:\\\/\\\/radioljubuski.ba\\\/#organization\",\"name\":\"Radio Ljubu\u0161ki\",\"url\":\"https:\\\/\\\/radioljubuski.ba\\\/\",\"logo\":{\"@type\":\"ImageObject\",\"inLanguage\":\"hr\",\"@id\":\"https:\\\/\\\/radioljubuski.ba\\\/#\\\/schema\\\/logo\\\/image\\\/\",\"url\":\"https:\\\/\\\/radioljubuski.ba\\\/wp-content\\\/uploads\\\/2021\\\/02\\\/cropped-Radio_Ljubuski_logo1.jpg\",\"contentUrl\":\"https:\\\/\\\/radioljubuski.ba\\\/wp-content\\\/uploads\\\/2021\\\/02\\\/cropped-Radio_Ljubuski_logo1.jpg\",\"width\":512,\"height\":512,\"caption\":\"Radio Ljubu\u0161ki\"},\"image\":{\"@id\":\"https:\\\/\\\/radioljubuski.ba\\\/#\\\/schema\\\/logo\\\/image\\\/\"},\"sameAs\":[\"https:\\\/\\\/www.facebook.com\\\/Radiio-Ljubuski-1490835324566332\",\"https:\\\/\\\/x.com\\\/radioljubuski\",\"https:\\\/\\\/hr.linkedin.com\\\/company\\\/radio-ljubuski\",\"https:\\\/\\\/www.youtube.com\\\/channel\\\/UCHYaeO_n0Db3tjNGudGpXyw\"]},{\"@type\":\"Person\",\"@id\":\"https:\\\/\\\/radioljubuski.ba\\\/#\\\/schema\\\/person\\\/19fc700381a780f69665d7956c469e3b\",\"name\":\"Radio Ljubu\u0161ki\"}]}<\/script>\n<!-- \/ Yoast SEO plugin. -->","yoast_head_json":{"title":"Radnici napu\u0161taju BiH i poru\u010duju: \u201cOvo je dr\u017eava iz koje treba odmah oti\u0107i, bez ikakvog razmi\u0161ljanja\" - RADIO LJUBU\u0160KI","robots":{"index":"index","follow":"follow","max-snippet":"max-snippet:-1","max-image-preview":"max-image-preview:large","max-video-preview":"max-video-preview:-1"},"canonical":"https:\/\/radioljubuski.ba\/index.php\/2022\/03\/30\/radnici-napustaju-bih-i-porucuju-ovo-je-drzava-iz-koje-treba-odmah-otici-bez-ikakvog-razmisljanja\/","og_locale":"hr_HR","og_type":"article","og_title":"Radnici napu\u0161taju BiH i poru\u010duju: \u201cOvo je dr\u017eava iz koje treba odmah oti\u0107i, bez ikakvog razmi\u0161ljanja\" - RADIO LJUBU\u0160KI","og_description":"Slovenske kompanije tra\u017ee radnu snagu u BiH, zbog deficita na lokalnom tr\u017ei\u0161tu rada. Kriti\u010dari ka\u017eu da se bh. vlasti tako &#8220;rje\u0161avaju nezaposlenih&#8221;. Pro\u0161le godine je dnevno u Sloveniju odlazilo i do 50 radnika. \u201eImamo puno posla, nemamo radnika\u201d, moto je, koji zvu\u010di kao vapaj predstavnika slovenskih kompanija, koje su ovih dana do\u0161le tra\u017eiti radnike u [&hellip;]","og_url":"https:\/\/radioljubuski.ba\/index.php\/2022\/03\/30\/radnici-napustaju-bih-i-porucuju-ovo-je-drzava-iz-koje-treba-odmah-otici-bez-ikakvog-razmisljanja\/","og_site_name":"RADIO LJUBU\u0160KI","article_publisher":"https:\/\/www.facebook.com\/Radiio-Ljubuski-1490835324566332","article_published_time":"2022-03-30T13:21:26+00:00","article_modified_time":"2022-03-30T13:21:27+00:00","og_image":[{"width":1000,"height":625,"url":"https:\/\/radioljubuski.ba\/wp-content\/uploads\/2021\/08\/IbHu3Edq_radnici.jpg","type":"image\/jpeg"}],"author":"Radio Ljubu\u0161ki","twitter_card":"summary_large_image","twitter_creator":"@radioljubuski","twitter_site":"@radioljubuski","twitter_misc":{"Napisao\/la":"Radio Ljubu\u0161ki","Procijenjeno vrijeme \u010ditanja":"5 minuta"},"schema":{"@context":"https:\/\/schema.org","@graph":[{"@type":"Article","@id":"https:\/\/radioljubuski.ba\/index.php\/2022\/03\/30\/radnici-napustaju-bih-i-porucuju-ovo-je-drzava-iz-koje-treba-odmah-otici-bez-ikakvog-razmisljanja\/#article","isPartOf":{"@id":"https:\/\/radioljubuski.ba\/index.php\/2022\/03\/30\/radnici-napustaju-bih-i-porucuju-ovo-je-drzava-iz-koje-treba-odmah-otici-bez-ikakvog-razmisljanja\/"},"author":{"name":"Radio Ljubu\u0161ki","@id":"https:\/\/radioljubuski.ba\/#\/schema\/person\/19fc700381a780f69665d7956c469e3b"},"headline":"Radnici napu\u0161taju BiH i poru\u010duju: \u201cOvo je dr\u017eava iz koje treba odmah oti\u0107i, bez ikakvog razmi\u0161ljanja&#8221;","datePublished":"2022-03-30T13:21:26+00:00","dateModified":"2022-03-30T13:21:27+00:00","mainEntityOfPage":{"@id":"https:\/\/radioljubuski.ba\/index.php\/2022\/03\/30\/radnici-napustaju-bih-i-porucuju-ovo-je-drzava-iz-koje-treba-odmah-otici-bez-ikakvog-razmisljanja\/"},"wordCount":1085,"publisher":{"@id":"https:\/\/radioljubuski.ba\/#organization"},"image":{"@id":"https:\/\/radioljubuski.ba\/index.php\/2022\/03\/30\/radnici-napustaju-bih-i-porucuju-ovo-je-drzava-iz-koje-treba-odmah-otici-bez-ikakvog-razmisljanja\/#primaryimage"},"thumbnailUrl":"https:\/\/radioljubuski.ba\/wp-content\/uploads\/2021\/08\/IbHu3Edq_radnici.jpg","articleSection":["BIH i regija"],"inLanguage":"hr"},{"@type":"WebPage","@id":"https:\/\/radioljubuski.ba\/index.php\/2022\/03\/30\/radnici-napustaju-bih-i-porucuju-ovo-je-drzava-iz-koje-treba-odmah-otici-bez-ikakvog-razmisljanja\/","url":"https:\/\/radioljubuski.ba\/index.php\/2022\/03\/30\/radnici-napustaju-bih-i-porucuju-ovo-je-drzava-iz-koje-treba-odmah-otici-bez-ikakvog-razmisljanja\/","name":"Radnici napu\u0161taju BiH i poru\u010duju: \u201cOvo je dr\u017eava iz koje treba odmah oti\u0107i, bez ikakvog razmi\u0161ljanja\" - RADIO LJUBU\u0160KI","isPartOf":{"@id":"https:\/\/radioljubuski.ba\/#website"},"primaryImageOfPage":{"@id":"https:\/\/radioljubuski.ba\/index.php\/2022\/03\/30\/radnici-napustaju-bih-i-porucuju-ovo-je-drzava-iz-koje-treba-odmah-otici-bez-ikakvog-razmisljanja\/#primaryimage"},"image":{"@id":"https:\/\/radioljubuski.ba\/index.php\/2022\/03\/30\/radnici-napustaju-bih-i-porucuju-ovo-je-drzava-iz-koje-treba-odmah-otici-bez-ikakvog-razmisljanja\/#primaryimage"},"thumbnailUrl":"https:\/\/radioljubuski.ba\/wp-content\/uploads\/2021\/08\/IbHu3Edq_radnici.jpg","datePublished":"2022-03-30T13:21:26+00:00","dateModified":"2022-03-30T13:21:27+00:00","breadcrumb":{"@id":"https:\/\/radioljubuski.ba\/index.php\/2022\/03\/30\/radnici-napustaju-bih-i-porucuju-ovo-je-drzava-iz-koje-treba-odmah-otici-bez-ikakvog-razmisljanja\/#breadcrumb"},"inLanguage":"hr","potentialAction":[{"@type":"ReadAction","target":["https:\/\/radioljubuski.ba\/index.php\/2022\/03\/30\/radnici-napustaju-bih-i-porucuju-ovo-je-drzava-iz-koje-treba-odmah-otici-bez-ikakvog-razmisljanja\/"]}]},{"@type":"ImageObject","inLanguage":"hr","@id":"https:\/\/radioljubuski.ba\/index.php\/2022\/03\/30\/radnici-napustaju-bih-i-porucuju-ovo-je-drzava-iz-koje-treba-odmah-otici-bez-ikakvog-razmisljanja\/#primaryimage","url":"https:\/\/radioljubuski.ba\/wp-content\/uploads\/2021\/08\/IbHu3Edq_radnici.jpg","contentUrl":"https:\/\/radioljubuski.ba\/wp-content\/uploads\/2021\/08\/IbHu3Edq_radnici.jpg","width":1000,"height":625},{"@type":"BreadcrumbList","@id":"https:\/\/radioljubuski.ba\/index.php\/2022\/03\/30\/radnici-napustaju-bih-i-porucuju-ovo-je-drzava-iz-koje-treba-odmah-otici-bez-ikakvog-razmisljanja\/#breadcrumb","itemListElement":[{"@type":"ListItem","position":1,"name":"Po\u010detna stranica","item":"https:\/\/radioljubuski.ba\/"},{"@type":"ListItem","position":2,"name":"Radnici napu\u0161taju BiH i poru\u010duju: \u201cOvo je dr\u017eava iz koje treba odmah oti\u0107i, bez ikakvog razmi\u0161ljanja&#8221;"}]},{"@type":"WebSite","@id":"https:\/\/radioljubuski.ba\/#website","url":"https:\/\/radioljubuski.ba\/","name":"Radio Ljubu\u0161ki","description":"Sun\u010dana frekvencija Hercegovine","publisher":{"@id":"https:\/\/radioljubuski.ba\/#organization"},"potentialAction":[{"@type":"SearchAction","target":{"@type":"EntryPoint","urlTemplate":"https:\/\/radioljubuski.ba\/?s={search_term_string}"},"query-input":{"@type":"PropertyValueSpecification","valueRequired":true,"valueName":"search_term_string"}}],"inLanguage":"hr"},{"@type":"Organization","@id":"https:\/\/radioljubuski.ba\/#organization","name":"Radio Ljubu\u0161ki","url":"https:\/\/radioljubuski.ba\/","logo":{"@type":"ImageObject","inLanguage":"hr","@id":"https:\/\/radioljubuski.ba\/#\/schema\/logo\/image\/","url":"https:\/\/radioljubuski.ba\/wp-content\/uploads\/2021\/02\/cropped-Radio_Ljubuski_logo1.jpg","contentUrl":"https:\/\/radioljubuski.ba\/wp-content\/uploads\/2021\/02\/cropped-Radio_Ljubuski_logo1.jpg","width":512,"height":512,"caption":"Radio Ljubu\u0161ki"},"image":{"@id":"https:\/\/radioljubuski.ba\/#\/schema\/logo\/image\/"},"sameAs":["https:\/\/www.facebook.com\/Radiio-Ljubuski-1490835324566332","https:\/\/x.com\/radioljubuski","https:\/\/hr.linkedin.com\/company\/radio-ljubuski","https:\/\/www.youtube.com\/channel\/UCHYaeO_n0Db3tjNGudGpXyw"]},{"@type":"Person","@id":"https:\/\/radioljubuski.ba\/#\/schema\/person\/19fc700381a780f69665d7956c469e3b","name":"Radio Ljubu\u0161ki"}]}},"_links":{"self":[{"href":"https:\/\/radioljubuski.ba\/index.php\/wp-json\/wp\/v2\/posts\/126966","targetHints":{"allow":["GET"]}}],"collection":[{"href":"https:\/\/radioljubuski.ba\/index.php\/wp-json\/wp\/v2\/posts"}],"about":[{"href":"https:\/\/radioljubuski.ba\/index.php\/wp-json\/wp\/v2\/types\/post"}],"author":[{"embeddable":true,"href":"https:\/\/radioljubuski.ba\/index.php\/wp-json\/wp\/v2\/users\/2"}],"replies":[{"embeddable":true,"href":"https:\/\/radioljubuski.ba\/index.php\/wp-json\/wp\/v2\/comments?post=126966"}],"version-history":[{"count":1,"href":"https:\/\/radioljubuski.ba\/index.php\/wp-json\/wp\/v2\/posts\/126966\/revisions"}],"predecessor-version":[{"id":126967,"href":"https:\/\/radioljubuski.ba\/index.php\/wp-json\/wp\/v2\/posts\/126966\/revisions\/126967"}],"wp:featuredmedia":[{"embeddable":true,"href":"https:\/\/radioljubuski.ba\/index.php\/wp-json\/wp\/v2\/media\/58236"}],"wp:attachment":[{"href":"https:\/\/radioljubuski.ba\/index.php\/wp-json\/wp\/v2\/media?parent=126966"}],"wp:term":[{"taxonomy":"category","embeddable":true,"href":"https:\/\/radioljubuski.ba\/index.php\/wp-json\/wp\/v2\/categories?post=126966"},{"taxonomy":"post_tag","embeddable":true,"href":"https:\/\/radioljubuski.ba\/index.php\/wp-json\/wp\/v2\/tags?post=126966"}],"curies":[{"name":"wp","href":"https:\/\/api.w.org\/{rel}","templated":true}]}}