{"id":1271,"date":"2021-03-04T23:29:07","date_gmt":"2021-03-04T23:29:07","guid":{"rendered":"https:\/\/radioljubuski.ba\/?p=1271"},"modified":"2021-03-04T23:29:08","modified_gmt":"2021-03-04T23:29:08","slug":"zlata-durdevic-kandidatkinja-zorana-milanovica-za-predsjednicu-vrhovnog-suda","status":"publish","type":"post","link":"https:\/\/radioljubuski.ba\/index.php\/2021\/03\/04\/zlata-durdevic-kandidatkinja-zorana-milanovica-za-predsjednicu-vrhovnog-suda\/","title":{"rendered":"Zlata \u0110ur\u0111evi\u0107 &#8211; kandidatkinja Zorana Milanovi\u0107a za predsjednicu Vrhovnog suda?"},"content":{"rendered":"\n<p><strong>Otkako je predsjednik Zoran Milanovi\u0107 najavio da \u0107e predlo\u017eiti svog kandidata za \u010delno mjesto Vrhovnog suda, naga\u0111anja o mogu\u0107im imenima ne prestaju &#8211; ba\u0161 kao ni rasprava o tome ima li predsjednik pravo predlagati kandidate&#8230; Ili kandidatkinje.&nbsp;<\/strong><\/p>\n\n\n\n<p>Je li sveu\u010dili\u0161na profesorica&nbsp;<strong>Zlata \u0110ur\u0111evi\u0107&nbsp;<\/strong>&#8211; kandidatkinja Zorana Milanovi\u0107a za predsjednika Vrhovnog suda? Na Pantov\u010daku to zasad ne \u017eele potvrditi. No na ju\u010dera\u0161njem sastanku vladaju\u0107e koalicije \u0161ef Reformista upravo je nju spomenuo kao Milanovi\u0107ev izbor.<br><br>&#8211; Nazvao sam ga i on je rekao \u0161to namjerava i koga misli kandidirati i ja sam takvu informaciju prenio kolegama i posebno premijeru odnosno predsjedniku HDZ-a, rekao je<strong>&nbsp;Radimir \u010ca\u010di\u0107<\/strong>, predsjednik Narodne stranke &#8211; Reformisti.<br><br>Profesorica Zlata \u0110ur\u0111evi\u0107, koja na zagreba\u010dkom Pravnom fakultetu predvodi Katedru za kazneno procesno pravo, danas se nije odazvala na na\u0161e pozive. No, nedavno je jasno govorila za\u0161to gra\u0111ani ne vjeruju u doma\u0107e pravosu\u0111e.<br><br>&#8211; U ocjeni kaznenih postupaka protiv politi\u010dara i mo\u0107nih osoba protiv ministara i predsjednika Vlade, tu se procjenjuje neovisnost sudstva i tu nastaje percepcija javnosti koje \u0107e procijenjivati da li na\u0161e pravosu\u0111e radi, rekla je \u0110ur\u0111evi\u0107, 21. sije\u010dnja 2021.<br><br>No i sam izbor za predsjednika Vrhovnog suda na\u0161ao se u svojevrsnoj slijepoj ulici. Troje kanidata koji su se javili na javni poziv DSV-a &#8211; ne \u017eeli potvrditi predsjednik Republike. Milanovi\u0107 smatra da ima ustavno pravo i bez natje\u010daja osobno predlo\u017eiti kandidata s \u010dim se, \u010dini se, ne sla\u017eu u HDZ-u.<br><br>&#8211; O profesorici \u0110ur\u0111evi\u0107 svoj komentar dat \u0107u kada ona bude kandidat koji se javi na javni poziv i kada se ispo\u0161tuje procedura koja je utvr\u0111ena zakonom o sudovima. O\u010dekujem i od Ustavnog suda da u \u0161to kra\u0107em roku ocijeni ustavnost zakona o sudovima sa ustavom, rekao je&nbsp;<strong>Ivan Malenica,<\/strong>&nbsp;ministar pravosu\u0111a i uprave.<\/p>\n\n\n\n<p>Predsjednikova biv\u0161a stranka, SDP, ka\u017ee &#8211; sve je \u010disto. Ustav propisuje da predsjednik predla\u017ee, a Sabor bira pa javni natje\u010daj ne treba ponoviti.<br><br>&#8211; Mislim da je Zlata \u0110ur\u0111evi\u0107 osoba koja bi to mogla raditi upravo na onaj na\u010din na koji bih ja \u017eelio da se budu\u0107i predsjednik ili predsjednica pona\u0161a. Sve najbolje, rekao je&nbsp;<strong>Pe\u0111a Grbin<\/strong>, predsjednik SDP-a.<br><br>U Domovinskom pokretu smatraju da smo se na\u0161li u poziciji koja nikome ne treba pa pozivaju sve strane da po\u0161tuju Ustav i zakone.<br><br>&#8211; Kako se to zapetljalo, tako \u0107e se i raspetljati. A tko \u0107e raspisati znamo po zakonu tko je to, a to \u0107emo vidjeti u narednim danima, rekla je<strong>&nbsp;Vesna Vu\u010demilovi\u0107<\/strong>, Domovinski pokret.<br><br>U Mostu vjeruju da je cijela pri\u010da tek dimna zavjesa uo\u010di sastanka Milanovi\u0107a i Plenkovi\u0107a koji \u0107e dogovoriti ime predsjednika suda.<br><br>&#8211; Ovo Vam je samo jedna \u0161ahovska partija u kojoj svatko povla\u010di poteze kako bi bio u boljoj situaciji kada sjednu za stol, smatra Nikola Grmoja, MOST.<br><br>Kako \u0107e se raspetljati postoje\u0107a pat-pozicija zasad je te\u0161ko prognozirati. Sigurno je samo da aktualnom predsjedniku Vrhovnog suda<strong>&nbsp;\u0110uri Sessi<\/strong>&nbsp;&#8211; mandat istje\u010de 14. srpnja.<\/p>\n\n\n\n<p>Izvor:hrt.hr<\/p>\n","protected":false},"excerpt":{"rendered":"<p>Otkako je predsjednik Zoran Milanovi\u0107 najavio da \u0107e predlo\u017eiti svog kandidata za \u010delno mjesto Vrhovnog suda, naga\u0111anja o mogu\u0107im imenima ne prestaju &#8211; ba\u0161 kao ni rasprava o tome ima li predsjednik pravo predlagati kandidate&#8230; Ili kandidatkinje.&nbsp; Je li sveu\u010dili\u0161na profesorica&nbsp;Zlata \u0110ur\u0111evi\u0107&nbsp;&#8211; kandidatkinja Zorana Milanovi\u0107a za predsjednika Vrhovnog suda? Na Pantov\u010daku to zasad ne \u017eele [&hellip;]<\/p>\n","protected":false},"author":2,"featured_media":1272,"comment_status":"closed","ping_status":"closed","sticky":false,"template":"","format":"standard","meta":{"h5ap_radio_sources":[],"footnotes":""},"categories":[1],"tags":[],"class_list":["post-1271","post","type-post","status-publish","format-standard","has-post-thumbnail","hentry","category-bihiregija"],"yoast_head":"<!-- This site is optimized with the Yoast SEO plugin v27.5 - https:\/\/yoast.com\/product\/yoast-seo-wordpress\/ -->\n<title>Zlata \u0110ur\u0111evi\u0107 - kandidatkinja Zorana Milanovi\u0107a za predsjednicu Vrhovnog suda? - RADIO LJUBU\u0160KI<\/title>\n<meta name=\"robots\" content=\"index, follow, max-snippet:-1, max-image-preview:large, max-video-preview:-1\" \/>\n<link rel=\"canonical\" href=\"https:\/\/radioljubuski.ba\/index.php\/2021\/03\/04\/zlata-durdevic-kandidatkinja-zorana-milanovica-za-predsjednicu-vrhovnog-suda\/\" \/>\n<meta property=\"og:locale\" content=\"hr_HR\" \/>\n<meta property=\"og:type\" content=\"article\" \/>\n<meta property=\"og:title\" content=\"Zlata \u0110ur\u0111evi\u0107 - kandidatkinja Zorana Milanovi\u0107a za predsjednicu Vrhovnog suda? - RADIO LJUBU\u0160KI\" \/>\n<meta property=\"og:description\" content=\"Otkako je predsjednik Zoran Milanovi\u0107 najavio da \u0107e predlo\u017eiti svog kandidata za \u010delno mjesto Vrhovnog suda, naga\u0111anja o mogu\u0107im imenima ne prestaju &#8211; ba\u0161 kao ni rasprava o tome ima li predsjednik pravo predlagati kandidate&#8230; Ili kandidatkinje.&nbsp; Je li sveu\u010dili\u0161na profesorica&nbsp;Zlata \u0110ur\u0111evi\u0107&nbsp;&#8211; kandidatkinja Zorana Milanovi\u0107a za predsjednika Vrhovnog suda? Na Pantov\u010daku to zasad ne \u017eele [&hellip;]\" \/>\n<meta property=\"og:url\" content=\"https:\/\/radioljubuski.ba\/index.php\/2021\/03\/04\/zlata-durdevic-kandidatkinja-zorana-milanovica-za-predsjednicu-vrhovnog-suda\/\" \/>\n<meta property=\"og:site_name\" content=\"RADIO LJUBU\u0160KI\" \/>\n<meta property=\"article:publisher\" content=\"https:\/\/www.facebook.com\/Radiio-Ljubuski-1490835324566332\" \/>\n<meta property=\"article:published_time\" content=\"2021-03-04T23:29:07+00:00\" \/>\n<meta property=\"article:modified_time\" content=\"2021-03-04T23:29:08+00:00\" \/>\n<meta property=\"og:image\" content=\"https:\/\/radioljubuski.ba\/wp-content\/uploads\/2021\/03\/t-tvd2-vrhovni-sud-0403-20210304184205.png\" \/>\n\t<meta property=\"og:image:width\" content=\"1920\" \/>\n\t<meta property=\"og:image:height\" content=\"1080\" \/>\n\t<meta property=\"og:image:type\" content=\"image\/png\" \/>\n<meta name=\"author\" content=\"Radio Ljubu\u0161ki\" \/>\n<meta name=\"twitter:card\" content=\"summary_large_image\" \/>\n<meta name=\"twitter:creator\" content=\"@radioljubuski\" \/>\n<meta name=\"twitter:site\" content=\"@radioljubuski\" \/>\n<meta name=\"twitter:label1\" content=\"Napisao\/la\" \/>\n\t<meta name=\"twitter:data1\" content=\"Radio Ljubu\u0161ki\" \/>\n\t<meta name=\"twitter:label2\" content=\"Procijenjeno vrijeme \u010ditanja\" \/>\n\t<meta name=\"twitter:data2\" content=\"3 minute\" \/>\n<script type=\"application\/ld+json\" class=\"yoast-schema-graph\">{\"@context\":\"https:\\\/\\\/schema.org\",\"@graph\":[{\"@type\":\"Article\",\"@id\":\"https:\\\/\\\/radioljubuski.ba\\\/index.php\\\/2021\\\/03\\\/04\\\/zlata-durdevic-kandidatkinja-zorana-milanovica-za-predsjednicu-vrhovnog-suda\\\/#article\",\"isPartOf\":{\"@id\":\"https:\\\/\\\/radioljubuski.ba\\\/index.php\\\/2021\\\/03\\\/04\\\/zlata-durdevic-kandidatkinja-zorana-milanovica-za-predsjednicu-vrhovnog-suda\\\/\"},\"author\":{\"name\":\"Radio Ljubu\u0161ki\",\"@id\":\"https:\\\/\\\/radioljubuski.ba\\\/#\\\/schema\\\/person\\\/19fc700381a780f69665d7956c469e3b\"},\"headline\":\"Zlata \u0110ur\u0111evi\u0107 &#8211; kandidatkinja Zorana Milanovi\u0107a za predsjednicu Vrhovnog suda?\",\"datePublished\":\"2021-03-04T23:29:07+00:00\",\"dateModified\":\"2021-03-04T23:29:08+00:00\",\"mainEntityOfPage\":{\"@id\":\"https:\\\/\\\/radioljubuski.ba\\\/index.php\\\/2021\\\/03\\\/04\\\/zlata-durdevic-kandidatkinja-zorana-milanovica-za-predsjednicu-vrhovnog-suda\\\/\"},\"wordCount\":552,\"publisher\":{\"@id\":\"https:\\\/\\\/radioljubuski.ba\\\/#organization\"},\"image\":{\"@id\":\"https:\\\/\\\/radioljubuski.ba\\\/index.php\\\/2021\\\/03\\\/04\\\/zlata-durdevic-kandidatkinja-zorana-milanovica-za-predsjednicu-vrhovnog-suda\\\/#primaryimage\"},\"thumbnailUrl\":\"https:\\\/\\\/radioljubuski.ba\\\/wp-content\\\/uploads\\\/2021\\\/03\\\/t-tvd2-vrhovni-sud-0403-20210304184205.png\",\"articleSection\":[\"BIH i regija\"],\"inLanguage\":\"hr\"},{\"@type\":\"WebPage\",\"@id\":\"https:\\\/\\\/radioljubuski.ba\\\/index.php\\\/2021\\\/03\\\/04\\\/zlata-durdevic-kandidatkinja-zorana-milanovica-za-predsjednicu-vrhovnog-suda\\\/\",\"url\":\"https:\\\/\\\/radioljubuski.ba\\\/index.php\\\/2021\\\/03\\\/04\\\/zlata-durdevic-kandidatkinja-zorana-milanovica-za-predsjednicu-vrhovnog-suda\\\/\",\"name\":\"Zlata \u0110ur\u0111evi\u0107 - kandidatkinja Zorana Milanovi\u0107a za predsjednicu Vrhovnog suda? - RADIO LJUBU\u0160KI\",\"isPartOf\":{\"@id\":\"https:\\\/\\\/radioljubuski.ba\\\/#website\"},\"primaryImageOfPage\":{\"@id\":\"https:\\\/\\\/radioljubuski.ba\\\/index.php\\\/2021\\\/03\\\/04\\\/zlata-durdevic-kandidatkinja-zorana-milanovica-za-predsjednicu-vrhovnog-suda\\\/#primaryimage\"},\"image\":{\"@id\":\"https:\\\/\\\/radioljubuski.ba\\\/index.php\\\/2021\\\/03\\\/04\\\/zlata-durdevic-kandidatkinja-zorana-milanovica-za-predsjednicu-vrhovnog-suda\\\/#primaryimage\"},\"thumbnailUrl\":\"https:\\\/\\\/radioljubuski.ba\\\/wp-content\\\/uploads\\\/2021\\\/03\\\/t-tvd2-vrhovni-sud-0403-20210304184205.png\",\"datePublished\":\"2021-03-04T23:29:07+00:00\",\"dateModified\":\"2021-03-04T23:29:08+00:00\",\"breadcrumb\":{\"@id\":\"https:\\\/\\\/radioljubuski.ba\\\/index.php\\\/2021\\\/03\\\/04\\\/zlata-durdevic-kandidatkinja-zorana-milanovica-za-predsjednicu-vrhovnog-suda\\\/#breadcrumb\"},\"inLanguage\":\"hr\",\"potentialAction\":[{\"@type\":\"ReadAction\",\"target\":[\"https:\\\/\\\/radioljubuski.ba\\\/index.php\\\/2021\\\/03\\\/04\\\/zlata-durdevic-kandidatkinja-zorana-milanovica-za-predsjednicu-vrhovnog-suda\\\/\"]}]},{\"@type\":\"ImageObject\",\"inLanguage\":\"hr\",\"@id\":\"https:\\\/\\\/radioljubuski.ba\\\/index.php\\\/2021\\\/03\\\/04\\\/zlata-durdevic-kandidatkinja-zorana-milanovica-za-predsjednicu-vrhovnog-suda\\\/#primaryimage\",\"url\":\"https:\\\/\\\/radioljubuski.ba\\\/wp-content\\\/uploads\\\/2021\\\/03\\\/t-tvd2-vrhovni-sud-0403-20210304184205.png\",\"contentUrl\":\"https:\\\/\\\/radioljubuski.ba\\\/wp-content\\\/uploads\\\/2021\\\/03\\\/t-tvd2-vrhovni-sud-0403-20210304184205.png\",\"width\":1920,\"height\":1080},{\"@type\":\"BreadcrumbList\",\"@id\":\"https:\\\/\\\/radioljubuski.ba\\\/index.php\\\/2021\\\/03\\\/04\\\/zlata-durdevic-kandidatkinja-zorana-milanovica-za-predsjednicu-vrhovnog-suda\\\/#breadcrumb\",\"itemListElement\":[{\"@type\":\"ListItem\",\"position\":1,\"name\":\"Po\u010detna stranica\",\"item\":\"https:\\\/\\\/radioljubuski.ba\\\/\"},{\"@type\":\"ListItem\",\"position\":2,\"name\":\"Zlata \u0110ur\u0111evi\u0107 &#8211; kandidatkinja Zorana Milanovi\u0107a za predsjednicu Vrhovnog suda?\"}]},{\"@type\":\"WebSite\",\"@id\":\"https:\\\/\\\/radioljubuski.ba\\\/#website\",\"url\":\"https:\\\/\\\/radioljubuski.ba\\\/\",\"name\":\"Radio Ljubu\u0161ki\",\"description\":\"Sun\u010dana frekvencija Hercegovine\",\"publisher\":{\"@id\":\"https:\\\/\\\/radioljubuski.ba\\\/#organization\"},\"potentialAction\":[{\"@type\":\"SearchAction\",\"target\":{\"@type\":\"EntryPoint\",\"urlTemplate\":\"https:\\\/\\\/radioljubuski.ba\\\/?s={search_term_string}\"},\"query-input\":{\"@type\":\"PropertyValueSpecification\",\"valueRequired\":true,\"valueName\":\"search_term_string\"}}],\"inLanguage\":\"hr\"},{\"@type\":\"Organization\",\"@id\":\"https:\\\/\\\/radioljubuski.ba\\\/#organization\",\"name\":\"Radio Ljubu\u0161ki\",\"url\":\"https:\\\/\\\/radioljubuski.ba\\\/\",\"logo\":{\"@type\":\"ImageObject\",\"inLanguage\":\"hr\",\"@id\":\"https:\\\/\\\/radioljubuski.ba\\\/#\\\/schema\\\/logo\\\/image\\\/\",\"url\":\"https:\\\/\\\/radioljubuski.ba\\\/wp-content\\\/uploads\\\/2021\\\/02\\\/cropped-Radio_Ljubuski_logo1.jpg\",\"contentUrl\":\"https:\\\/\\\/radioljubuski.ba\\\/wp-content\\\/uploads\\\/2021\\\/02\\\/cropped-Radio_Ljubuski_logo1.jpg\",\"width\":512,\"height\":512,\"caption\":\"Radio Ljubu\u0161ki\"},\"image\":{\"@id\":\"https:\\\/\\\/radioljubuski.ba\\\/#\\\/schema\\\/logo\\\/image\\\/\"},\"sameAs\":[\"https:\\\/\\\/www.facebook.com\\\/Radiio-Ljubuski-1490835324566332\",\"https:\\\/\\\/x.com\\\/radioljubuski\",\"https:\\\/\\\/hr.linkedin.com\\\/company\\\/radio-ljubuski\",\"https:\\\/\\\/www.youtube.com\\\/channel\\\/UCHYaeO_n0Db3tjNGudGpXyw\"]},{\"@type\":\"Person\",\"@id\":\"https:\\\/\\\/radioljubuski.ba\\\/#\\\/schema\\\/person\\\/19fc700381a780f69665d7956c469e3b\",\"name\":\"Radio Ljubu\u0161ki\"}]}<\/script>\n<!-- \/ Yoast SEO plugin. -->","yoast_head_json":{"title":"Zlata \u0110ur\u0111evi\u0107 - kandidatkinja Zorana Milanovi\u0107a za predsjednicu Vrhovnog suda? - RADIO LJUBU\u0160KI","robots":{"index":"index","follow":"follow","max-snippet":"max-snippet:-1","max-image-preview":"max-image-preview:large","max-video-preview":"max-video-preview:-1"},"canonical":"https:\/\/radioljubuski.ba\/index.php\/2021\/03\/04\/zlata-durdevic-kandidatkinja-zorana-milanovica-za-predsjednicu-vrhovnog-suda\/","og_locale":"hr_HR","og_type":"article","og_title":"Zlata \u0110ur\u0111evi\u0107 - kandidatkinja Zorana Milanovi\u0107a za predsjednicu Vrhovnog suda? - RADIO LJUBU\u0160KI","og_description":"Otkako je predsjednik Zoran Milanovi\u0107 najavio da \u0107e predlo\u017eiti svog kandidata za \u010delno mjesto Vrhovnog suda, naga\u0111anja o mogu\u0107im imenima ne prestaju &#8211; ba\u0161 kao ni rasprava o tome ima li predsjednik pravo predlagati kandidate&#8230; Ili kandidatkinje.&nbsp; Je li sveu\u010dili\u0161na profesorica&nbsp;Zlata \u0110ur\u0111evi\u0107&nbsp;&#8211; kandidatkinja Zorana Milanovi\u0107a za predsjednika Vrhovnog suda? Na Pantov\u010daku to zasad ne \u017eele [&hellip;]","og_url":"https:\/\/radioljubuski.ba\/index.php\/2021\/03\/04\/zlata-durdevic-kandidatkinja-zorana-milanovica-za-predsjednicu-vrhovnog-suda\/","og_site_name":"RADIO LJUBU\u0160KI","article_publisher":"https:\/\/www.facebook.com\/Radiio-Ljubuski-1490835324566332","article_published_time":"2021-03-04T23:29:07+00:00","article_modified_time":"2021-03-04T23:29:08+00:00","og_image":[{"width":1920,"height":1080,"url":"https:\/\/radioljubuski.ba\/wp-content\/uploads\/2021\/03\/t-tvd2-vrhovni-sud-0403-20210304184205.png","type":"image\/png"}],"author":"Radio Ljubu\u0161ki","twitter_card":"summary_large_image","twitter_creator":"@radioljubuski","twitter_site":"@radioljubuski","twitter_misc":{"Napisao\/la":"Radio Ljubu\u0161ki","Procijenjeno vrijeme \u010ditanja":"3 minute"},"schema":{"@context":"https:\/\/schema.org","@graph":[{"@type":"Article","@id":"https:\/\/radioljubuski.ba\/index.php\/2021\/03\/04\/zlata-durdevic-kandidatkinja-zorana-milanovica-za-predsjednicu-vrhovnog-suda\/#article","isPartOf":{"@id":"https:\/\/radioljubuski.ba\/index.php\/2021\/03\/04\/zlata-durdevic-kandidatkinja-zorana-milanovica-za-predsjednicu-vrhovnog-suda\/"},"author":{"name":"Radio Ljubu\u0161ki","@id":"https:\/\/radioljubuski.ba\/#\/schema\/person\/19fc700381a780f69665d7956c469e3b"},"headline":"Zlata \u0110ur\u0111evi\u0107 &#8211; kandidatkinja Zorana Milanovi\u0107a za predsjednicu Vrhovnog suda?","datePublished":"2021-03-04T23:29:07+00:00","dateModified":"2021-03-04T23:29:08+00:00","mainEntityOfPage":{"@id":"https:\/\/radioljubuski.ba\/index.php\/2021\/03\/04\/zlata-durdevic-kandidatkinja-zorana-milanovica-za-predsjednicu-vrhovnog-suda\/"},"wordCount":552,"publisher":{"@id":"https:\/\/radioljubuski.ba\/#organization"},"image":{"@id":"https:\/\/radioljubuski.ba\/index.php\/2021\/03\/04\/zlata-durdevic-kandidatkinja-zorana-milanovica-za-predsjednicu-vrhovnog-suda\/#primaryimage"},"thumbnailUrl":"https:\/\/radioljubuski.ba\/wp-content\/uploads\/2021\/03\/t-tvd2-vrhovni-sud-0403-20210304184205.png","articleSection":["BIH i regija"],"inLanguage":"hr"},{"@type":"WebPage","@id":"https:\/\/radioljubuski.ba\/index.php\/2021\/03\/04\/zlata-durdevic-kandidatkinja-zorana-milanovica-za-predsjednicu-vrhovnog-suda\/","url":"https:\/\/radioljubuski.ba\/index.php\/2021\/03\/04\/zlata-durdevic-kandidatkinja-zorana-milanovica-za-predsjednicu-vrhovnog-suda\/","name":"Zlata \u0110ur\u0111evi\u0107 - kandidatkinja Zorana Milanovi\u0107a za predsjednicu Vrhovnog suda? - RADIO LJUBU\u0160KI","isPartOf":{"@id":"https:\/\/radioljubuski.ba\/#website"},"primaryImageOfPage":{"@id":"https:\/\/radioljubuski.ba\/index.php\/2021\/03\/04\/zlata-durdevic-kandidatkinja-zorana-milanovica-za-predsjednicu-vrhovnog-suda\/#primaryimage"},"image":{"@id":"https:\/\/radioljubuski.ba\/index.php\/2021\/03\/04\/zlata-durdevic-kandidatkinja-zorana-milanovica-za-predsjednicu-vrhovnog-suda\/#primaryimage"},"thumbnailUrl":"https:\/\/radioljubuski.ba\/wp-content\/uploads\/2021\/03\/t-tvd2-vrhovni-sud-0403-20210304184205.png","datePublished":"2021-03-04T23:29:07+00:00","dateModified":"2021-03-04T23:29:08+00:00","breadcrumb":{"@id":"https:\/\/radioljubuski.ba\/index.php\/2021\/03\/04\/zlata-durdevic-kandidatkinja-zorana-milanovica-za-predsjednicu-vrhovnog-suda\/#breadcrumb"},"inLanguage":"hr","potentialAction":[{"@type":"ReadAction","target":["https:\/\/radioljubuski.ba\/index.php\/2021\/03\/04\/zlata-durdevic-kandidatkinja-zorana-milanovica-za-predsjednicu-vrhovnog-suda\/"]}]},{"@type":"ImageObject","inLanguage":"hr","@id":"https:\/\/radioljubuski.ba\/index.php\/2021\/03\/04\/zlata-durdevic-kandidatkinja-zorana-milanovica-za-predsjednicu-vrhovnog-suda\/#primaryimage","url":"https:\/\/radioljubuski.ba\/wp-content\/uploads\/2021\/03\/t-tvd2-vrhovni-sud-0403-20210304184205.png","contentUrl":"https:\/\/radioljubuski.ba\/wp-content\/uploads\/2021\/03\/t-tvd2-vrhovni-sud-0403-20210304184205.png","width":1920,"height":1080},{"@type":"BreadcrumbList","@id":"https:\/\/radioljubuski.ba\/index.php\/2021\/03\/04\/zlata-durdevic-kandidatkinja-zorana-milanovica-za-predsjednicu-vrhovnog-suda\/#breadcrumb","itemListElement":[{"@type":"ListItem","position":1,"name":"Po\u010detna stranica","item":"https:\/\/radioljubuski.ba\/"},{"@type":"ListItem","position":2,"name":"Zlata \u0110ur\u0111evi\u0107 &#8211; kandidatkinja Zorana Milanovi\u0107a za predsjednicu Vrhovnog suda?"}]},{"@type":"WebSite","@id":"https:\/\/radioljubuski.ba\/#website","url":"https:\/\/radioljubuski.ba\/","name":"Radio Ljubu\u0161ki","description":"Sun\u010dana frekvencija Hercegovine","publisher":{"@id":"https:\/\/radioljubuski.ba\/#organization"},"potentialAction":[{"@type":"SearchAction","target":{"@type":"EntryPoint","urlTemplate":"https:\/\/radioljubuski.ba\/?s={search_term_string}"},"query-input":{"@type":"PropertyValueSpecification","valueRequired":true,"valueName":"search_term_string"}}],"inLanguage":"hr"},{"@type":"Organization","@id":"https:\/\/radioljubuski.ba\/#organization","name":"Radio Ljubu\u0161ki","url":"https:\/\/radioljubuski.ba\/","logo":{"@type":"ImageObject","inLanguage":"hr","@id":"https:\/\/radioljubuski.ba\/#\/schema\/logo\/image\/","url":"https:\/\/radioljubuski.ba\/wp-content\/uploads\/2021\/02\/cropped-Radio_Ljubuski_logo1.jpg","contentUrl":"https:\/\/radioljubuski.ba\/wp-content\/uploads\/2021\/02\/cropped-Radio_Ljubuski_logo1.jpg","width":512,"height":512,"caption":"Radio Ljubu\u0161ki"},"image":{"@id":"https:\/\/radioljubuski.ba\/#\/schema\/logo\/image\/"},"sameAs":["https:\/\/www.facebook.com\/Radiio-Ljubuski-1490835324566332","https:\/\/x.com\/radioljubuski","https:\/\/hr.linkedin.com\/company\/radio-ljubuski","https:\/\/www.youtube.com\/channel\/UCHYaeO_n0Db3tjNGudGpXyw"]},{"@type":"Person","@id":"https:\/\/radioljubuski.ba\/#\/schema\/person\/19fc700381a780f69665d7956c469e3b","name":"Radio Ljubu\u0161ki"}]}},"_links":{"self":[{"href":"https:\/\/radioljubuski.ba\/index.php\/wp-json\/wp\/v2\/posts\/1271","targetHints":{"allow":["GET"]}}],"collection":[{"href":"https:\/\/radioljubuski.ba\/index.php\/wp-json\/wp\/v2\/posts"}],"about":[{"href":"https:\/\/radioljubuski.ba\/index.php\/wp-json\/wp\/v2\/types\/post"}],"author":[{"embeddable":true,"href":"https:\/\/radioljubuski.ba\/index.php\/wp-json\/wp\/v2\/users\/2"}],"replies":[{"embeddable":true,"href":"https:\/\/radioljubuski.ba\/index.php\/wp-json\/wp\/v2\/comments?post=1271"}],"version-history":[{"count":1,"href":"https:\/\/radioljubuski.ba\/index.php\/wp-json\/wp\/v2\/posts\/1271\/revisions"}],"predecessor-version":[{"id":1273,"href":"https:\/\/radioljubuski.ba\/index.php\/wp-json\/wp\/v2\/posts\/1271\/revisions\/1273"}],"wp:featuredmedia":[{"embeddable":true,"href":"https:\/\/radioljubuski.ba\/index.php\/wp-json\/wp\/v2\/media\/1272"}],"wp:attachment":[{"href":"https:\/\/radioljubuski.ba\/index.php\/wp-json\/wp\/v2\/media?parent=1271"}],"wp:term":[{"taxonomy":"category","embeddable":true,"href":"https:\/\/radioljubuski.ba\/index.php\/wp-json\/wp\/v2\/categories?post=1271"},{"taxonomy":"post_tag","embeddable":true,"href":"https:\/\/radioljubuski.ba\/index.php\/wp-json\/wp\/v2\/tags?post=1271"}],"curies":[{"name":"wp","href":"https:\/\/api.w.org\/{rel}","templated":true}]}}