{"id":12715,"date":"2021-04-14T00:02:39","date_gmt":"2021-04-13T23:02:39","guid":{"rendered":"https:\/\/radioljubuski.ba\/?p=12715"},"modified":"2021-04-14T00:02:40","modified_gmt":"2021-04-13T23:02:40","slug":"modric-o-uzvratu-s-liverpoolom-i-svom-novom-ugovoru","status":"publish","type":"post","link":"https:\/\/radioljubuski.ba\/index.php\/2021\/04\/14\/modric-o-uzvratu-s-liverpoolom-i-svom-novom-ugovoru\/","title":{"rendered":"Modri\u0107 o uzvratu s Liverpoolom i svom novom ugovoru"},"content":{"rendered":"\n<p><strong>Kapetan hrvatske nogometne reprezentacije Luka Modri\u0107, kojem ugovor s Real Madridom istje\u010de 30. lipnja, rekao je u utorak kako se pregovori oko produ\u017eenja odvijaju dobro i da o\u010dekuje igrati na Santiago Bernabeu i idu\u0107e sezone.<\/strong><\/p>\n\n\n\n<p>&#8211; Obnova mog ugovora se odvija dobro, ali ne mogu re\u0107i vi\u0161e od toga. Ovdje sam jako sretan te o\u010dekujem da \u0107u nastaviti igrati ovdje i idu\u0107e sezone, izjavio je 35-godi\u0161nji Modri\u0107 na konferenciji za medije uo\u010di uzvratne utakmice \u010detvrtfinala Lige prvaka s Liverpoolom. Real Madrid \u0107e u srijedu braniti u gostima prednost od 3-1.<br><br><\/p>\n\n\n\n<p>&#8211; Bit \u0107e to zahtjevna utakmica u kojoj moramo biti na razini ovog natjecanja. Moramo raditi ono \u0161to smo radili i u prvoj utakmici, braniti se kao mom\u010dad i napadati kao mom\u010dad. Mi se ne idemo braniti nego opet pobijediti, rekao je Modri\u0107 koji je s Real Madridom osvojio Ligu prvaka 2014., 2016., 2017. i 2018. godine.<br><br><\/p>\n\n\n\n<p>Smatra da Liverool ne\u0107e biti u prednosti jer se zbog pandemije igra bez publike.<br><br><\/p>\n\n\n\n<p>&#8211; Igranje doma nije prednost, nogomet je sada takav. Osobno bih vi\u0161e volio igrati na prepunom Anfieldu, istaknuo je najstariji igra\u010d u svla\u010dionici Real Madrida. &#8220;Kraljevski klub&#8221; odlazi na gostovanje nakon pobjede od 2-1 nad najve\u0107im rivalom Barcelonom u \u0161panjolskom prvenstvu.<br><br><\/p>\n\n\n\n<p>&#8211; Fizi\u010dki smo dobro, dodu\u0161e prili\u010dno istro\u0161eni, no moramo izdr\u017eati. Naporno smo radili tijekom devet mjeseci da bi smo bili ovdje pa se sada ne smijemo \u017ealiti na umor niti na bilo \u0161to drugo. Moramo ostati profesionalci. Nadam se da \u0107e na kraju sti\u0107i nagrada za \u010ditav taj napor, izjavio je Modri\u0107 kojemu \u0107e susret protiv Liverpoola biti 40. utakmica ove sezone.<br><br><\/p>\n\n\n\n<p>&#8211; Ja sam zadovoljan \u0161to poma\u017eem ekipi, dobro se osje\u0107am. Moram nastaviti ovako no nije sada trenutak za uspore\u0111ivanje sezone s prethodnima, napomenuo je.<br><br><\/p>\n\n\n\n<p>U utorak je&nbsp;<strong>Florentino Perez&nbsp;<\/strong>dobio novi predsjedni\u010dki mandat na \u010delu Real Madrida do 2025. godine. Tijekom njegovog mandata u kolovozu 2012. doveden je Modri\u0107 iz Tottenhama.<br><br><\/p>\n\n\n\n<p>&#8211; \u010cestitam predsjedniku na novom mandatu. Sigurno ima veliku \u017eelju izgraditi sna\u017enu ekipu premda ju ve\u0107 imamo, rekao je Modri\u0107.<br><br><\/p>\n\n\n\n<p>Posljednjih dana se naga\u0111a da francuski napada\u010d&nbsp;<strong>Kylian Mbappe<\/strong>&nbsp;ne \u017eeli produljiti ugovor s PSG-om jer se sprema oti\u0107i u Real Madrid na ljeto.<br><br><\/p>\n\n\n\n<p>&#8211; Ne znam \u0161to bih vam rekao. Pojavljuju se razne informacije o igra\u010dima koji navodno dolaze, a ja ne mogu ulaziti u to. Mbappe je veliki igra\u010d, dokazao je to, a veliki igra\u010di su dobro do\u0161li. No ne bi bilo korektno sada govoriti o tome. Ali kao igra\u010d je vrhunski, jedan od najboljih na svijetu, izjavio je Modri\u0107.<br><br><\/p>\n\n\n\n<p>Hrvatska &#8220;desetka&#8221; je ponovila kako u\u017eiva igrati na sredini s<strong>&nbsp;Tonijem Kroosom<\/strong>&nbsp;s kojim dijeli svla\u010dionicu od 2014. godine.<br><br><\/p>\n\n\n\n<p>&#8211; Puno godina igramo zajedno pa je on jedan od igra\u010da uz kojega se najugodnije osje\u0107am igrati. U\u017eivam igrati s njim, jako se dobro razumijemo, pa ostaje za vidjeti koliko \u0107emo jo\u0161 igrati zajedno, zaklju\u010dio je Modri\u0107.<\/p>\n\n\n\n<p>Izvor:hrt.hr<\/p>\n","protected":false},"excerpt":{"rendered":"<p>Kapetan hrvatske nogometne reprezentacije Luka Modri\u0107, kojem ugovor s Real Madridom istje\u010de 30. lipnja, rekao je u utorak kako se pregovori oko produ\u017eenja odvijaju dobro i da o\u010dekuje igrati na Santiago Bernabeu i idu\u0107e sezone. &#8211; Obnova mog ugovora se odvija dobro, ali ne mogu re\u0107i vi\u0161e od toga. Ovdje sam jako sretan te o\u010dekujem [&hellip;]<\/p>\n","protected":false},"author":2,"featured_media":4415,"comment_status":"closed","ping_status":"closed","sticky":false,"template":"","format":"standard","meta":{"h5ap_radio_sources":[],"footnotes":""},"categories":[1],"tags":[],"class_list":["post-12715","post","type-post","status-publish","format-standard","has-post-thumbnail","hentry","category-bihiregija"],"yoast_head":"<!-- This site is optimized with the Yoast SEO plugin v27.5 - https:\/\/yoast.com\/product\/yoast-seo-wordpress\/ -->\n<title>Modri\u0107 o uzvratu s Liverpoolom i svom novom ugovoru - RADIO LJUBU\u0160KI<\/title>\n<meta name=\"robots\" content=\"index, follow, max-snippet:-1, max-image-preview:large, max-video-preview:-1\" \/>\n<link rel=\"canonical\" href=\"https:\/\/radioljubuski.ba\/index.php\/2021\/04\/14\/modric-o-uzvratu-s-liverpoolom-i-svom-novom-ugovoru\/\" \/>\n<meta property=\"og:locale\" content=\"hr_HR\" \/>\n<meta property=\"og:type\" content=\"article\" \/>\n<meta property=\"og:title\" content=\"Modri\u0107 o uzvratu s Liverpoolom i svom novom ugovoru - RADIO LJUBU\u0160KI\" \/>\n<meta property=\"og:description\" content=\"Kapetan hrvatske nogometne reprezentacije Luka Modri\u0107, kojem ugovor s Real Madridom istje\u010de 30. lipnja, rekao je u utorak kako se pregovori oko produ\u017eenja odvijaju dobro i da o\u010dekuje igrati na Santiago Bernabeu i idu\u0107e sezone. &#8211; Obnova mog ugovora se odvija dobro, ali ne mogu re\u0107i vi\u0161e od toga. Ovdje sam jako sretan te o\u010dekujem [&hellip;]\" \/>\n<meta property=\"og:url\" content=\"https:\/\/radioljubuski.ba\/index.php\/2021\/04\/14\/modric-o-uzvratu-s-liverpoolom-i-svom-novom-ugovoru\/\" \/>\n<meta property=\"og:site_name\" content=\"RADIO LJUBU\u0160KI\" \/>\n<meta property=\"article:publisher\" content=\"https:\/\/www.facebook.com\/Radiio-Ljubuski-1490835324566332\" \/>\n<meta property=\"article:published_time\" content=\"2021-04-13T23:02:39+00:00\" \/>\n<meta property=\"article:modified_time\" content=\"2021-04-13T23:02:40+00:00\" \/>\n<meta property=\"og:image\" content=\"https:\/\/radioljubuski.ba\/wp-content\/uploads\/2021\/03\/modric-1703-20210317072138-scaled.jpg\" \/>\n\t<meta property=\"og:image:width\" content=\"2560\" \/>\n\t<meta property=\"og:image:height\" content=\"1707\" \/>\n\t<meta property=\"og:image:type\" content=\"image\/jpeg\" \/>\n<meta name=\"author\" content=\"Radio Ljubu\u0161ki\" \/>\n<meta name=\"twitter:card\" content=\"summary_large_image\" \/>\n<meta name=\"twitter:creator\" content=\"@radioljubuski\" \/>\n<meta name=\"twitter:site\" content=\"@radioljubuski\" \/>\n<meta name=\"twitter:label1\" content=\"Napisao\/la\" \/>\n\t<meta name=\"twitter:data1\" content=\"Radio Ljubu\u0161ki\" \/>\n\t<meta name=\"twitter:label2\" content=\"Procijenjeno vrijeme \u010ditanja\" \/>\n\t<meta name=\"twitter:data2\" content=\"3 minute\" \/>\n<script type=\"application\/ld+json\" class=\"yoast-schema-graph\">{\"@context\":\"https:\\\/\\\/schema.org\",\"@graph\":[{\"@type\":\"Article\",\"@id\":\"https:\\\/\\\/radioljubuski.ba\\\/index.php\\\/2021\\\/04\\\/14\\\/modric-o-uzvratu-s-liverpoolom-i-svom-novom-ugovoru\\\/#article\",\"isPartOf\":{\"@id\":\"https:\\\/\\\/radioljubuski.ba\\\/index.php\\\/2021\\\/04\\\/14\\\/modric-o-uzvratu-s-liverpoolom-i-svom-novom-ugovoru\\\/\"},\"author\":{\"name\":\"Radio Ljubu\u0161ki\",\"@id\":\"https:\\\/\\\/radioljubuski.ba\\\/#\\\/schema\\\/person\\\/19fc700381a780f69665d7956c469e3b\"},\"headline\":\"Modri\u0107 o uzvratu s Liverpoolom i svom novom ugovoru\",\"datePublished\":\"2021-04-13T23:02:39+00:00\",\"dateModified\":\"2021-04-13T23:02:40+00:00\",\"mainEntityOfPage\":{\"@id\":\"https:\\\/\\\/radioljubuski.ba\\\/index.php\\\/2021\\\/04\\\/14\\\/modric-o-uzvratu-s-liverpoolom-i-svom-novom-ugovoru\\\/\"},\"wordCount\":520,\"publisher\":{\"@id\":\"https:\\\/\\\/radioljubuski.ba\\\/#organization\"},\"image\":{\"@id\":\"https:\\\/\\\/radioljubuski.ba\\\/index.php\\\/2021\\\/04\\\/14\\\/modric-o-uzvratu-s-liverpoolom-i-svom-novom-ugovoru\\\/#primaryimage\"},\"thumbnailUrl\":\"https:\\\/\\\/radioljubuski.ba\\\/wp-content\\\/uploads\\\/2021\\\/03\\\/modric-1703-20210317072138-scaled.jpg\",\"articleSection\":[\"BIH i regija\"],\"inLanguage\":\"hr\"},{\"@type\":\"WebPage\",\"@id\":\"https:\\\/\\\/radioljubuski.ba\\\/index.php\\\/2021\\\/04\\\/14\\\/modric-o-uzvratu-s-liverpoolom-i-svom-novom-ugovoru\\\/\",\"url\":\"https:\\\/\\\/radioljubuski.ba\\\/index.php\\\/2021\\\/04\\\/14\\\/modric-o-uzvratu-s-liverpoolom-i-svom-novom-ugovoru\\\/\",\"name\":\"Modri\u0107 o uzvratu s Liverpoolom i svom novom ugovoru - RADIO LJUBU\u0160KI\",\"isPartOf\":{\"@id\":\"https:\\\/\\\/radioljubuski.ba\\\/#website\"},\"primaryImageOfPage\":{\"@id\":\"https:\\\/\\\/radioljubuski.ba\\\/index.php\\\/2021\\\/04\\\/14\\\/modric-o-uzvratu-s-liverpoolom-i-svom-novom-ugovoru\\\/#primaryimage\"},\"image\":{\"@id\":\"https:\\\/\\\/radioljubuski.ba\\\/index.php\\\/2021\\\/04\\\/14\\\/modric-o-uzvratu-s-liverpoolom-i-svom-novom-ugovoru\\\/#primaryimage\"},\"thumbnailUrl\":\"https:\\\/\\\/radioljubuski.ba\\\/wp-content\\\/uploads\\\/2021\\\/03\\\/modric-1703-20210317072138-scaled.jpg\",\"datePublished\":\"2021-04-13T23:02:39+00:00\",\"dateModified\":\"2021-04-13T23:02:40+00:00\",\"breadcrumb\":{\"@id\":\"https:\\\/\\\/radioljubuski.ba\\\/index.php\\\/2021\\\/04\\\/14\\\/modric-o-uzvratu-s-liverpoolom-i-svom-novom-ugovoru\\\/#breadcrumb\"},\"inLanguage\":\"hr\",\"potentialAction\":[{\"@type\":\"ReadAction\",\"target\":[\"https:\\\/\\\/radioljubuski.ba\\\/index.php\\\/2021\\\/04\\\/14\\\/modric-o-uzvratu-s-liverpoolom-i-svom-novom-ugovoru\\\/\"]}]},{\"@type\":\"ImageObject\",\"inLanguage\":\"hr\",\"@id\":\"https:\\\/\\\/radioljubuski.ba\\\/index.php\\\/2021\\\/04\\\/14\\\/modric-o-uzvratu-s-liverpoolom-i-svom-novom-ugovoru\\\/#primaryimage\",\"url\":\"https:\\\/\\\/radioljubuski.ba\\\/wp-content\\\/uploads\\\/2021\\\/03\\\/modric-1703-20210317072138-scaled.jpg\",\"contentUrl\":\"https:\\\/\\\/radioljubuski.ba\\\/wp-content\\\/uploads\\\/2021\\\/03\\\/modric-1703-20210317072138-scaled.jpg\",\"width\":2560,\"height\":1707},{\"@type\":\"BreadcrumbList\",\"@id\":\"https:\\\/\\\/radioljubuski.ba\\\/index.php\\\/2021\\\/04\\\/14\\\/modric-o-uzvratu-s-liverpoolom-i-svom-novom-ugovoru\\\/#breadcrumb\",\"itemListElement\":[{\"@type\":\"ListItem\",\"position\":1,\"name\":\"Po\u010detna stranica\",\"item\":\"https:\\\/\\\/radioljubuski.ba\\\/\"},{\"@type\":\"ListItem\",\"position\":2,\"name\":\"Modri\u0107 o uzvratu s Liverpoolom i svom novom ugovoru\"}]},{\"@type\":\"WebSite\",\"@id\":\"https:\\\/\\\/radioljubuski.ba\\\/#website\",\"url\":\"https:\\\/\\\/radioljubuski.ba\\\/\",\"name\":\"Radio Ljubu\u0161ki\",\"description\":\"Sun\u010dana frekvencija Hercegovine\",\"publisher\":{\"@id\":\"https:\\\/\\\/radioljubuski.ba\\\/#organization\"},\"potentialAction\":[{\"@type\":\"SearchAction\",\"target\":{\"@type\":\"EntryPoint\",\"urlTemplate\":\"https:\\\/\\\/radioljubuski.ba\\\/?s={search_term_string}\"},\"query-input\":{\"@type\":\"PropertyValueSpecification\",\"valueRequired\":true,\"valueName\":\"search_term_string\"}}],\"inLanguage\":\"hr\"},{\"@type\":\"Organization\",\"@id\":\"https:\\\/\\\/radioljubuski.ba\\\/#organization\",\"name\":\"Radio Ljubu\u0161ki\",\"url\":\"https:\\\/\\\/radioljubuski.ba\\\/\",\"logo\":{\"@type\":\"ImageObject\",\"inLanguage\":\"hr\",\"@id\":\"https:\\\/\\\/radioljubuski.ba\\\/#\\\/schema\\\/logo\\\/image\\\/\",\"url\":\"https:\\\/\\\/radioljubuski.ba\\\/wp-content\\\/uploads\\\/2021\\\/02\\\/cropped-Radio_Ljubuski_logo1.jpg\",\"contentUrl\":\"https:\\\/\\\/radioljubuski.ba\\\/wp-content\\\/uploads\\\/2021\\\/02\\\/cropped-Radio_Ljubuski_logo1.jpg\",\"width\":512,\"height\":512,\"caption\":\"Radio Ljubu\u0161ki\"},\"image\":{\"@id\":\"https:\\\/\\\/radioljubuski.ba\\\/#\\\/schema\\\/logo\\\/image\\\/\"},\"sameAs\":[\"https:\\\/\\\/www.facebook.com\\\/Radiio-Ljubuski-1490835324566332\",\"https:\\\/\\\/x.com\\\/radioljubuski\",\"https:\\\/\\\/hr.linkedin.com\\\/company\\\/radio-ljubuski\",\"https:\\\/\\\/www.youtube.com\\\/channel\\\/UCHYaeO_n0Db3tjNGudGpXyw\"]},{\"@type\":\"Person\",\"@id\":\"https:\\\/\\\/radioljubuski.ba\\\/#\\\/schema\\\/person\\\/19fc700381a780f69665d7956c469e3b\",\"name\":\"Radio Ljubu\u0161ki\"}]}<\/script>\n<!-- \/ Yoast SEO plugin. -->","yoast_head_json":{"title":"Modri\u0107 o uzvratu s Liverpoolom i svom novom ugovoru - RADIO LJUBU\u0160KI","robots":{"index":"index","follow":"follow","max-snippet":"max-snippet:-1","max-image-preview":"max-image-preview:large","max-video-preview":"max-video-preview:-1"},"canonical":"https:\/\/radioljubuski.ba\/index.php\/2021\/04\/14\/modric-o-uzvratu-s-liverpoolom-i-svom-novom-ugovoru\/","og_locale":"hr_HR","og_type":"article","og_title":"Modri\u0107 o uzvratu s Liverpoolom i svom novom ugovoru - RADIO LJUBU\u0160KI","og_description":"Kapetan hrvatske nogometne reprezentacije Luka Modri\u0107, kojem ugovor s Real Madridom istje\u010de 30. lipnja, rekao je u utorak kako se pregovori oko produ\u017eenja odvijaju dobro i da o\u010dekuje igrati na Santiago Bernabeu i idu\u0107e sezone. &#8211; Obnova mog ugovora se odvija dobro, ali ne mogu re\u0107i vi\u0161e od toga. Ovdje sam jako sretan te o\u010dekujem [&hellip;]","og_url":"https:\/\/radioljubuski.ba\/index.php\/2021\/04\/14\/modric-o-uzvratu-s-liverpoolom-i-svom-novom-ugovoru\/","og_site_name":"RADIO LJUBU\u0160KI","article_publisher":"https:\/\/www.facebook.com\/Radiio-Ljubuski-1490835324566332","article_published_time":"2021-04-13T23:02:39+00:00","article_modified_time":"2021-04-13T23:02:40+00:00","og_image":[{"width":2560,"height":1707,"url":"https:\/\/radioljubuski.ba\/wp-content\/uploads\/2021\/03\/modric-1703-20210317072138-scaled.jpg","type":"image\/jpeg"}],"author":"Radio Ljubu\u0161ki","twitter_card":"summary_large_image","twitter_creator":"@radioljubuski","twitter_site":"@radioljubuski","twitter_misc":{"Napisao\/la":"Radio Ljubu\u0161ki","Procijenjeno vrijeme \u010ditanja":"3 minute"},"schema":{"@context":"https:\/\/schema.org","@graph":[{"@type":"Article","@id":"https:\/\/radioljubuski.ba\/index.php\/2021\/04\/14\/modric-o-uzvratu-s-liverpoolom-i-svom-novom-ugovoru\/#article","isPartOf":{"@id":"https:\/\/radioljubuski.ba\/index.php\/2021\/04\/14\/modric-o-uzvratu-s-liverpoolom-i-svom-novom-ugovoru\/"},"author":{"name":"Radio Ljubu\u0161ki","@id":"https:\/\/radioljubuski.ba\/#\/schema\/person\/19fc700381a780f69665d7956c469e3b"},"headline":"Modri\u0107 o uzvratu s Liverpoolom i svom novom ugovoru","datePublished":"2021-04-13T23:02:39+00:00","dateModified":"2021-04-13T23:02:40+00:00","mainEntityOfPage":{"@id":"https:\/\/radioljubuski.ba\/index.php\/2021\/04\/14\/modric-o-uzvratu-s-liverpoolom-i-svom-novom-ugovoru\/"},"wordCount":520,"publisher":{"@id":"https:\/\/radioljubuski.ba\/#organization"},"image":{"@id":"https:\/\/radioljubuski.ba\/index.php\/2021\/04\/14\/modric-o-uzvratu-s-liverpoolom-i-svom-novom-ugovoru\/#primaryimage"},"thumbnailUrl":"https:\/\/radioljubuski.ba\/wp-content\/uploads\/2021\/03\/modric-1703-20210317072138-scaled.jpg","articleSection":["BIH i regija"],"inLanguage":"hr"},{"@type":"WebPage","@id":"https:\/\/radioljubuski.ba\/index.php\/2021\/04\/14\/modric-o-uzvratu-s-liverpoolom-i-svom-novom-ugovoru\/","url":"https:\/\/radioljubuski.ba\/index.php\/2021\/04\/14\/modric-o-uzvratu-s-liverpoolom-i-svom-novom-ugovoru\/","name":"Modri\u0107 o uzvratu s Liverpoolom i svom novom ugovoru - RADIO LJUBU\u0160KI","isPartOf":{"@id":"https:\/\/radioljubuski.ba\/#website"},"primaryImageOfPage":{"@id":"https:\/\/radioljubuski.ba\/index.php\/2021\/04\/14\/modric-o-uzvratu-s-liverpoolom-i-svom-novom-ugovoru\/#primaryimage"},"image":{"@id":"https:\/\/radioljubuski.ba\/index.php\/2021\/04\/14\/modric-o-uzvratu-s-liverpoolom-i-svom-novom-ugovoru\/#primaryimage"},"thumbnailUrl":"https:\/\/radioljubuski.ba\/wp-content\/uploads\/2021\/03\/modric-1703-20210317072138-scaled.jpg","datePublished":"2021-04-13T23:02:39+00:00","dateModified":"2021-04-13T23:02:40+00:00","breadcrumb":{"@id":"https:\/\/radioljubuski.ba\/index.php\/2021\/04\/14\/modric-o-uzvratu-s-liverpoolom-i-svom-novom-ugovoru\/#breadcrumb"},"inLanguage":"hr","potentialAction":[{"@type":"ReadAction","target":["https:\/\/radioljubuski.ba\/index.php\/2021\/04\/14\/modric-o-uzvratu-s-liverpoolom-i-svom-novom-ugovoru\/"]}]},{"@type":"ImageObject","inLanguage":"hr","@id":"https:\/\/radioljubuski.ba\/index.php\/2021\/04\/14\/modric-o-uzvratu-s-liverpoolom-i-svom-novom-ugovoru\/#primaryimage","url":"https:\/\/radioljubuski.ba\/wp-content\/uploads\/2021\/03\/modric-1703-20210317072138-scaled.jpg","contentUrl":"https:\/\/radioljubuski.ba\/wp-content\/uploads\/2021\/03\/modric-1703-20210317072138-scaled.jpg","width":2560,"height":1707},{"@type":"BreadcrumbList","@id":"https:\/\/radioljubuski.ba\/index.php\/2021\/04\/14\/modric-o-uzvratu-s-liverpoolom-i-svom-novom-ugovoru\/#breadcrumb","itemListElement":[{"@type":"ListItem","position":1,"name":"Po\u010detna stranica","item":"https:\/\/radioljubuski.ba\/"},{"@type":"ListItem","position":2,"name":"Modri\u0107 o uzvratu s Liverpoolom i svom novom ugovoru"}]},{"@type":"WebSite","@id":"https:\/\/radioljubuski.ba\/#website","url":"https:\/\/radioljubuski.ba\/","name":"Radio Ljubu\u0161ki","description":"Sun\u010dana frekvencija Hercegovine","publisher":{"@id":"https:\/\/radioljubuski.ba\/#organization"},"potentialAction":[{"@type":"SearchAction","target":{"@type":"EntryPoint","urlTemplate":"https:\/\/radioljubuski.ba\/?s={search_term_string}"},"query-input":{"@type":"PropertyValueSpecification","valueRequired":true,"valueName":"search_term_string"}}],"inLanguage":"hr"},{"@type":"Organization","@id":"https:\/\/radioljubuski.ba\/#organization","name":"Radio Ljubu\u0161ki","url":"https:\/\/radioljubuski.ba\/","logo":{"@type":"ImageObject","inLanguage":"hr","@id":"https:\/\/radioljubuski.ba\/#\/schema\/logo\/image\/","url":"https:\/\/radioljubuski.ba\/wp-content\/uploads\/2021\/02\/cropped-Radio_Ljubuski_logo1.jpg","contentUrl":"https:\/\/radioljubuski.ba\/wp-content\/uploads\/2021\/02\/cropped-Radio_Ljubuski_logo1.jpg","width":512,"height":512,"caption":"Radio Ljubu\u0161ki"},"image":{"@id":"https:\/\/radioljubuski.ba\/#\/schema\/logo\/image\/"},"sameAs":["https:\/\/www.facebook.com\/Radiio-Ljubuski-1490835324566332","https:\/\/x.com\/radioljubuski","https:\/\/hr.linkedin.com\/company\/radio-ljubuski","https:\/\/www.youtube.com\/channel\/UCHYaeO_n0Db3tjNGudGpXyw"]},{"@type":"Person","@id":"https:\/\/radioljubuski.ba\/#\/schema\/person\/19fc700381a780f69665d7956c469e3b","name":"Radio Ljubu\u0161ki"}]}},"_links":{"self":[{"href":"https:\/\/radioljubuski.ba\/index.php\/wp-json\/wp\/v2\/posts\/12715","targetHints":{"allow":["GET"]}}],"collection":[{"href":"https:\/\/radioljubuski.ba\/index.php\/wp-json\/wp\/v2\/posts"}],"about":[{"href":"https:\/\/radioljubuski.ba\/index.php\/wp-json\/wp\/v2\/types\/post"}],"author":[{"embeddable":true,"href":"https:\/\/radioljubuski.ba\/index.php\/wp-json\/wp\/v2\/users\/2"}],"replies":[{"embeddable":true,"href":"https:\/\/radioljubuski.ba\/index.php\/wp-json\/wp\/v2\/comments?post=12715"}],"version-history":[{"count":1,"href":"https:\/\/radioljubuski.ba\/index.php\/wp-json\/wp\/v2\/posts\/12715\/revisions"}],"predecessor-version":[{"id":12716,"href":"https:\/\/radioljubuski.ba\/index.php\/wp-json\/wp\/v2\/posts\/12715\/revisions\/12716"}],"wp:featuredmedia":[{"embeddable":true,"href":"https:\/\/radioljubuski.ba\/index.php\/wp-json\/wp\/v2\/media\/4415"}],"wp:attachment":[{"href":"https:\/\/radioljubuski.ba\/index.php\/wp-json\/wp\/v2\/media?parent=12715"}],"wp:term":[{"taxonomy":"category","embeddable":true,"href":"https:\/\/radioljubuski.ba\/index.php\/wp-json\/wp\/v2\/categories?post=12715"},{"taxonomy":"post_tag","embeddable":true,"href":"https:\/\/radioljubuski.ba\/index.php\/wp-json\/wp\/v2\/tags?post=12715"}],"curies":[{"name":"wp","href":"https:\/\/api.w.org\/{rel}","templated":true}]}}