{"id":127176,"date":"2022-03-31T12:20:33","date_gmt":"2022-03-31T11:20:33","guid":{"rendered":"https:\/\/radioljubuski.ba\/?p=127176"},"modified":"2022-03-31T12:20:34","modified_gmt":"2022-03-31T11:20:34","slug":"dijaspora-kuci-poslala-vise-od-tri-milijarde-km","status":"publish","type":"post","link":"https:\/\/radioljubuski.ba\/index.php\/2022\/03\/31\/dijaspora-kuci-poslala-vise-od-tri-milijarde-km\/","title":{"rendered":"Dijaspora ku\u0107i poslala vi\u0161e od tri milijarde KM"},"content":{"rendered":"\n<p>Dijaspora BiH lani je odrije\u0161ila vre\u0107u, \u0161to potvr\u0111uje podatak da je na osnovu nov\u010danih doznaka u zemlju stiglo ne\u0161to vi\u0161e od tri milijarde maraka, a to je za oko pola milijarde vi\u0161e nego godinu ranije.<\/p>\n\n\n\n<p><br>Prema podacima Centralne banke BiH, ukupni teku\u0107i transferi u pro\u0161loj godini iznosili su ne\u0161to vi\u0161e od \u010detiri milijarde maraka, dok je godinu ranije taj iznos bio ve\u0107i od tri milijarde maraka.&nbsp;<\/p>\n\n\n\n<p>&#8211; Razlozi pove\u0107anja doznaka iz inozemstva, odnosno privatnih nov\u010danih transakcija le\u017ee u boljem imovinskom stanju gra\u0111ana koji su od ranije u dijaspori, te sve ve\u0107em broju migranata iz BiH u inozemstvu koji po\u010dinju dostavljati novac u zemlju &#8211; naveli su za \u201cGlas Srpske\u201d u Centralnoj banci BiH.<\/p>\n\n\n\n<p>Dodali su da je po osnovu mirovina iz inozemstva u zemlju stiglo ne\u0161to vi\u0161e od milijardu maraka.<\/p>\n\n\n\n<p>Od 2008. godine, kada je izbila svjetska ekonomska kriza, nov\u010dane doznake iz inozemstva su po\u010dele padati i taj trend su imale sve do 2012. godine, od kada po\u010dinju postepeno da se oporavljaju.<\/p>\n\n\n\n<p>Raniji podaci Centralne banke BiH pokazuju da je nov\u010dana pomo\u0107 iz inozemstva gra\u0111anima u BiH rasla, te da je tek 2017. godine uspjela da dostigne nivo iz 2007, odnosno dijaspora je tada poslala 2,51 milijardu maraka. Godine 2019. stiglo je rekordnih 2,95 milijardi maraka po osnovu nov\u010danih doznaka.<\/p>\n\n\n\n<p>\u010clan Udru\u017eenja ekonomista RS SWOT Marko \u0110ogo rekao je za \u201c<a href=\"https:\/\/www.glassrpske.com\/lat\/drustvo\/biznis\/dijaspora-kuci-poslala-vise-od-tri-milijarde-km\/404731\" target=\"_blank\" rel=\"noreferrer noopener\">Glas Srpske<\/a>\u201d da su nov\u010dane doznake najstabilnija stavka u makroekonomskom bilansu BiH.<\/p>\n\n\n\n<p>&#8211; Sa velikom sigurno\u0161\u0107u mo\u017eemo ra\u010dunati na taj novac iz inozemstva. Oko deset posto ukupnog novca koji tro\u0161imo u BiH nismo zaradili ve\u0107 su nam to poslali na\u0161i ljudi iz inozemstva. Taj postotak je jo\u0161 i ve\u0107i ako na njega dodamo iznos koji na\u0161i ljudi iz inozemstva tro\u0161e ovdje kada dolaze periodi\u010dno tokom godine &#8211; kazao je \u0110ogo.<\/p>\n\n\n\n<p>Naglasio je da rast nov\u010danih doznaka iz inozemstva nije ne\u0161to s \u010dime bi se trebali hvaliti.<\/p>\n\n\n\n<p>&#8211; Prakti\u010dno doznake u BiH slu\u017ee da prepolovimo trgovinski deficit, koji bi bez doznaka i investicija iz inozemstva iznosio 7,5 milijardi maraka &#8211; upozorio je \u0110ogo.<\/p>\n\n\n\n<p>Prema podacima Centralne banke BiH, u pro\u0161loj godini uni\u0161teno je 8,67 miliona komada nov\u010danica nepodobnih za opticaj, vrijednih oko 330 milijuna maraka. Koli\u010dina uni\u0161tenih nov\u010danica lani manja je za skoro 960.000 u odnosu na 2020. godinu. U Centralnoj banci navode da je u 2021. godini uni\u0161teno i 18.327 kovanica, \u0161to je za 8.261 komad vi\u0161e nego godinu ranije.<\/p>\n\n\n\n<p>Izvor:glas srpske<\/p>\n","protected":false},"excerpt":{"rendered":"<p>Dijaspora BiH lani je odrije\u0161ila vre\u0107u, \u0161to potvr\u0111uje podatak da je na osnovu nov\u010danih doznaka u zemlju stiglo ne\u0161to vi\u0161e od tri milijarde maraka, a to je za oko pola milijarde vi\u0161e nego godinu ranije. Prema podacima Centralne banke BiH, ukupni teku\u0107i transferi u pro\u0161loj godini iznosili su ne\u0161to vi\u0161e od \u010detiri milijarde maraka, dok [&hellip;]<\/p>\n","protected":false},"author":2,"featured_media":37972,"comment_status":"closed","ping_status":"closed","sticky":false,"template":"","format":"standard","meta":{"h5ap_radio_sources":[],"footnotes":""},"categories":[1],"tags":[],"class_list":["post-127176","post","type-post","status-publish","format-standard","has-post-thumbnail","hentry","category-bihiregija"],"yoast_head":"<!-- This site is optimized with the Yoast SEO plugin v27.5 - https:\/\/yoast.com\/product\/yoast-seo-wordpress\/ -->\n<title>Dijaspora ku\u0107i poslala vi\u0161e od tri milijarde KM - RADIO LJUBU\u0160KI<\/title>\n<meta name=\"robots\" content=\"index, follow, max-snippet:-1, max-image-preview:large, max-video-preview:-1\" \/>\n<link rel=\"canonical\" href=\"https:\/\/radioljubuski.ba\/index.php\/2022\/03\/31\/dijaspora-kuci-poslala-vise-od-tri-milijarde-km\/\" \/>\n<meta property=\"og:locale\" content=\"hr_HR\" \/>\n<meta property=\"og:type\" content=\"article\" \/>\n<meta property=\"og:title\" content=\"Dijaspora ku\u0107i poslala vi\u0161e od tri milijarde KM - RADIO LJUBU\u0160KI\" \/>\n<meta property=\"og:description\" content=\"Dijaspora BiH lani je odrije\u0161ila vre\u0107u, \u0161to potvr\u0111uje podatak da je na osnovu nov\u010danih doznaka u zemlju stiglo ne\u0161to vi\u0161e od tri milijarde maraka, a to je za oko pola milijarde vi\u0161e nego godinu ranije. Prema podacima Centralne banke BiH, ukupni teku\u0107i transferi u pro\u0161loj godini iznosili su ne\u0161to vi\u0161e od \u010detiri milijarde maraka, dok [&hellip;]\" \/>\n<meta property=\"og:url\" content=\"https:\/\/radioljubuski.ba\/index.php\/2022\/03\/31\/dijaspora-kuci-poslala-vise-od-tri-milijarde-km\/\" \/>\n<meta property=\"og:site_name\" content=\"RADIO LJUBU\u0160KI\" \/>\n<meta property=\"article:publisher\" content=\"https:\/\/www.facebook.com\/Radiio-Ljubuski-1490835324566332\" \/>\n<meta property=\"article:published_time\" content=\"2022-03-31T11:20:33+00:00\" \/>\n<meta property=\"article:modified_time\" content=\"2022-03-31T11:20:34+00:00\" \/>\n<meta property=\"og:image\" content=\"https:\/\/radioljubuski.ba\/wp-content\/uploads\/2021\/07\/Novac-konvertibilne-marke.jpg\" \/>\n\t<meta property=\"og:image:width\" content=\"700\" \/>\n\t<meta property=\"og:image:height\" content=\"402\" \/>\n\t<meta property=\"og:image:type\" content=\"image\/jpeg\" \/>\n<meta name=\"author\" content=\"Radio Ljubu\u0161ki\" \/>\n<meta name=\"twitter:card\" content=\"summary_large_image\" \/>\n<meta name=\"twitter:creator\" content=\"@radioljubuski\" \/>\n<meta name=\"twitter:site\" content=\"@radioljubuski\" \/>\n<meta name=\"twitter:label1\" content=\"Napisao\/la\" \/>\n\t<meta name=\"twitter:data1\" content=\"Radio Ljubu\u0161ki\" \/>\n\t<meta name=\"twitter:label2\" content=\"Procijenjeno vrijeme \u010ditanja\" \/>\n\t<meta name=\"twitter:data2\" content=\"2 minute\" \/>\n<script type=\"application\/ld+json\" class=\"yoast-schema-graph\">{\"@context\":\"https:\\\/\\\/schema.org\",\"@graph\":[{\"@type\":\"Article\",\"@id\":\"https:\\\/\\\/radioljubuski.ba\\\/index.php\\\/2022\\\/03\\\/31\\\/dijaspora-kuci-poslala-vise-od-tri-milijarde-km\\\/#article\",\"isPartOf\":{\"@id\":\"https:\\\/\\\/radioljubuski.ba\\\/index.php\\\/2022\\\/03\\\/31\\\/dijaspora-kuci-poslala-vise-od-tri-milijarde-km\\\/\"},\"author\":{\"name\":\"Radio Ljubu\u0161ki\",\"@id\":\"https:\\\/\\\/radioljubuski.ba\\\/#\\\/schema\\\/person\\\/19fc700381a780f69665d7956c469e3b\"},\"headline\":\"Dijaspora ku\u0107i poslala vi\u0161e od tri milijarde KM\",\"datePublished\":\"2022-03-31T11:20:33+00:00\",\"dateModified\":\"2022-03-31T11:20:34+00:00\",\"mainEntityOfPage\":{\"@id\":\"https:\\\/\\\/radioljubuski.ba\\\/index.php\\\/2022\\\/03\\\/31\\\/dijaspora-kuci-poslala-vise-od-tri-milijarde-km\\\/\"},\"wordCount\":438,\"publisher\":{\"@id\":\"https:\\\/\\\/radioljubuski.ba\\\/#organization\"},\"image\":{\"@id\":\"https:\\\/\\\/radioljubuski.ba\\\/index.php\\\/2022\\\/03\\\/31\\\/dijaspora-kuci-poslala-vise-od-tri-milijarde-km\\\/#primaryimage\"},\"thumbnailUrl\":\"https:\\\/\\\/radioljubuski.ba\\\/wp-content\\\/uploads\\\/2021\\\/07\\\/Novac-konvertibilne-marke.jpg\",\"articleSection\":[\"BIH i regija\"],\"inLanguage\":\"hr\"},{\"@type\":\"WebPage\",\"@id\":\"https:\\\/\\\/radioljubuski.ba\\\/index.php\\\/2022\\\/03\\\/31\\\/dijaspora-kuci-poslala-vise-od-tri-milijarde-km\\\/\",\"url\":\"https:\\\/\\\/radioljubuski.ba\\\/index.php\\\/2022\\\/03\\\/31\\\/dijaspora-kuci-poslala-vise-od-tri-milijarde-km\\\/\",\"name\":\"Dijaspora ku\u0107i poslala vi\u0161e od tri milijarde KM - RADIO LJUBU\u0160KI\",\"isPartOf\":{\"@id\":\"https:\\\/\\\/radioljubuski.ba\\\/#website\"},\"primaryImageOfPage\":{\"@id\":\"https:\\\/\\\/radioljubuski.ba\\\/index.php\\\/2022\\\/03\\\/31\\\/dijaspora-kuci-poslala-vise-od-tri-milijarde-km\\\/#primaryimage\"},\"image\":{\"@id\":\"https:\\\/\\\/radioljubuski.ba\\\/index.php\\\/2022\\\/03\\\/31\\\/dijaspora-kuci-poslala-vise-od-tri-milijarde-km\\\/#primaryimage\"},\"thumbnailUrl\":\"https:\\\/\\\/radioljubuski.ba\\\/wp-content\\\/uploads\\\/2021\\\/07\\\/Novac-konvertibilne-marke.jpg\",\"datePublished\":\"2022-03-31T11:20:33+00:00\",\"dateModified\":\"2022-03-31T11:20:34+00:00\",\"breadcrumb\":{\"@id\":\"https:\\\/\\\/radioljubuski.ba\\\/index.php\\\/2022\\\/03\\\/31\\\/dijaspora-kuci-poslala-vise-od-tri-milijarde-km\\\/#breadcrumb\"},\"inLanguage\":\"hr\",\"potentialAction\":[{\"@type\":\"ReadAction\",\"target\":[\"https:\\\/\\\/radioljubuski.ba\\\/index.php\\\/2022\\\/03\\\/31\\\/dijaspora-kuci-poslala-vise-od-tri-milijarde-km\\\/\"]}]},{\"@type\":\"ImageObject\",\"inLanguage\":\"hr\",\"@id\":\"https:\\\/\\\/radioljubuski.ba\\\/index.php\\\/2022\\\/03\\\/31\\\/dijaspora-kuci-poslala-vise-od-tri-milijarde-km\\\/#primaryimage\",\"url\":\"https:\\\/\\\/radioljubuski.ba\\\/wp-content\\\/uploads\\\/2021\\\/07\\\/Novac-konvertibilne-marke.jpg\",\"contentUrl\":\"https:\\\/\\\/radioljubuski.ba\\\/wp-content\\\/uploads\\\/2021\\\/07\\\/Novac-konvertibilne-marke.jpg\",\"width\":700,\"height\":402},{\"@type\":\"BreadcrumbList\",\"@id\":\"https:\\\/\\\/radioljubuski.ba\\\/index.php\\\/2022\\\/03\\\/31\\\/dijaspora-kuci-poslala-vise-od-tri-milijarde-km\\\/#breadcrumb\",\"itemListElement\":[{\"@type\":\"ListItem\",\"position\":1,\"name\":\"Po\u010detna stranica\",\"item\":\"https:\\\/\\\/radioljubuski.ba\\\/\"},{\"@type\":\"ListItem\",\"position\":2,\"name\":\"Dijaspora ku\u0107i poslala vi\u0161e od tri milijarde KM\"}]},{\"@type\":\"WebSite\",\"@id\":\"https:\\\/\\\/radioljubuski.ba\\\/#website\",\"url\":\"https:\\\/\\\/radioljubuski.ba\\\/\",\"name\":\"Radio Ljubu\u0161ki\",\"description\":\"Sun\u010dana frekvencija Hercegovine\",\"publisher\":{\"@id\":\"https:\\\/\\\/radioljubuski.ba\\\/#organization\"},\"potentialAction\":[{\"@type\":\"SearchAction\",\"target\":{\"@type\":\"EntryPoint\",\"urlTemplate\":\"https:\\\/\\\/radioljubuski.ba\\\/?s={search_term_string}\"},\"query-input\":{\"@type\":\"PropertyValueSpecification\",\"valueRequired\":true,\"valueName\":\"search_term_string\"}}],\"inLanguage\":\"hr\"},{\"@type\":\"Organization\",\"@id\":\"https:\\\/\\\/radioljubuski.ba\\\/#organization\",\"name\":\"Radio Ljubu\u0161ki\",\"url\":\"https:\\\/\\\/radioljubuski.ba\\\/\",\"logo\":{\"@type\":\"ImageObject\",\"inLanguage\":\"hr\",\"@id\":\"https:\\\/\\\/radioljubuski.ba\\\/#\\\/schema\\\/logo\\\/image\\\/\",\"url\":\"https:\\\/\\\/radioljubuski.ba\\\/wp-content\\\/uploads\\\/2021\\\/02\\\/cropped-Radio_Ljubuski_logo1.jpg\",\"contentUrl\":\"https:\\\/\\\/radioljubuski.ba\\\/wp-content\\\/uploads\\\/2021\\\/02\\\/cropped-Radio_Ljubuski_logo1.jpg\",\"width\":512,\"height\":512,\"caption\":\"Radio Ljubu\u0161ki\"},\"image\":{\"@id\":\"https:\\\/\\\/radioljubuski.ba\\\/#\\\/schema\\\/logo\\\/image\\\/\"},\"sameAs\":[\"https:\\\/\\\/www.facebook.com\\\/Radiio-Ljubuski-1490835324566332\",\"https:\\\/\\\/x.com\\\/radioljubuski\",\"https:\\\/\\\/hr.linkedin.com\\\/company\\\/radio-ljubuski\",\"https:\\\/\\\/www.youtube.com\\\/channel\\\/UCHYaeO_n0Db3tjNGudGpXyw\"]},{\"@type\":\"Person\",\"@id\":\"https:\\\/\\\/radioljubuski.ba\\\/#\\\/schema\\\/person\\\/19fc700381a780f69665d7956c469e3b\",\"name\":\"Radio Ljubu\u0161ki\"}]}<\/script>\n<!-- \/ Yoast SEO plugin. -->","yoast_head_json":{"title":"Dijaspora ku\u0107i poslala vi\u0161e od tri milijarde KM - RADIO LJUBU\u0160KI","robots":{"index":"index","follow":"follow","max-snippet":"max-snippet:-1","max-image-preview":"max-image-preview:large","max-video-preview":"max-video-preview:-1"},"canonical":"https:\/\/radioljubuski.ba\/index.php\/2022\/03\/31\/dijaspora-kuci-poslala-vise-od-tri-milijarde-km\/","og_locale":"hr_HR","og_type":"article","og_title":"Dijaspora ku\u0107i poslala vi\u0161e od tri milijarde KM - RADIO LJUBU\u0160KI","og_description":"Dijaspora BiH lani je odrije\u0161ila vre\u0107u, \u0161to potvr\u0111uje podatak da je na osnovu nov\u010danih doznaka u zemlju stiglo ne\u0161to vi\u0161e od tri milijarde maraka, a to je za oko pola milijarde vi\u0161e nego godinu ranije. Prema podacima Centralne banke BiH, ukupni teku\u0107i transferi u pro\u0161loj godini iznosili su ne\u0161to vi\u0161e od \u010detiri milijarde maraka, dok [&hellip;]","og_url":"https:\/\/radioljubuski.ba\/index.php\/2022\/03\/31\/dijaspora-kuci-poslala-vise-od-tri-milijarde-km\/","og_site_name":"RADIO LJUBU\u0160KI","article_publisher":"https:\/\/www.facebook.com\/Radiio-Ljubuski-1490835324566332","article_published_time":"2022-03-31T11:20:33+00:00","article_modified_time":"2022-03-31T11:20:34+00:00","og_image":[{"width":700,"height":402,"url":"https:\/\/radioljubuski.ba\/wp-content\/uploads\/2021\/07\/Novac-konvertibilne-marke.jpg","type":"image\/jpeg"}],"author":"Radio Ljubu\u0161ki","twitter_card":"summary_large_image","twitter_creator":"@radioljubuski","twitter_site":"@radioljubuski","twitter_misc":{"Napisao\/la":"Radio Ljubu\u0161ki","Procijenjeno vrijeme \u010ditanja":"2 minute"},"schema":{"@context":"https:\/\/schema.org","@graph":[{"@type":"Article","@id":"https:\/\/radioljubuski.ba\/index.php\/2022\/03\/31\/dijaspora-kuci-poslala-vise-od-tri-milijarde-km\/#article","isPartOf":{"@id":"https:\/\/radioljubuski.ba\/index.php\/2022\/03\/31\/dijaspora-kuci-poslala-vise-od-tri-milijarde-km\/"},"author":{"name":"Radio Ljubu\u0161ki","@id":"https:\/\/radioljubuski.ba\/#\/schema\/person\/19fc700381a780f69665d7956c469e3b"},"headline":"Dijaspora ku\u0107i poslala vi\u0161e od tri milijarde KM","datePublished":"2022-03-31T11:20:33+00:00","dateModified":"2022-03-31T11:20:34+00:00","mainEntityOfPage":{"@id":"https:\/\/radioljubuski.ba\/index.php\/2022\/03\/31\/dijaspora-kuci-poslala-vise-od-tri-milijarde-km\/"},"wordCount":438,"publisher":{"@id":"https:\/\/radioljubuski.ba\/#organization"},"image":{"@id":"https:\/\/radioljubuski.ba\/index.php\/2022\/03\/31\/dijaspora-kuci-poslala-vise-od-tri-milijarde-km\/#primaryimage"},"thumbnailUrl":"https:\/\/radioljubuski.ba\/wp-content\/uploads\/2021\/07\/Novac-konvertibilne-marke.jpg","articleSection":["BIH i regija"],"inLanguage":"hr"},{"@type":"WebPage","@id":"https:\/\/radioljubuski.ba\/index.php\/2022\/03\/31\/dijaspora-kuci-poslala-vise-od-tri-milijarde-km\/","url":"https:\/\/radioljubuski.ba\/index.php\/2022\/03\/31\/dijaspora-kuci-poslala-vise-od-tri-milijarde-km\/","name":"Dijaspora ku\u0107i poslala vi\u0161e od tri milijarde KM - RADIO LJUBU\u0160KI","isPartOf":{"@id":"https:\/\/radioljubuski.ba\/#website"},"primaryImageOfPage":{"@id":"https:\/\/radioljubuski.ba\/index.php\/2022\/03\/31\/dijaspora-kuci-poslala-vise-od-tri-milijarde-km\/#primaryimage"},"image":{"@id":"https:\/\/radioljubuski.ba\/index.php\/2022\/03\/31\/dijaspora-kuci-poslala-vise-od-tri-milijarde-km\/#primaryimage"},"thumbnailUrl":"https:\/\/radioljubuski.ba\/wp-content\/uploads\/2021\/07\/Novac-konvertibilne-marke.jpg","datePublished":"2022-03-31T11:20:33+00:00","dateModified":"2022-03-31T11:20:34+00:00","breadcrumb":{"@id":"https:\/\/radioljubuski.ba\/index.php\/2022\/03\/31\/dijaspora-kuci-poslala-vise-od-tri-milijarde-km\/#breadcrumb"},"inLanguage":"hr","potentialAction":[{"@type":"ReadAction","target":["https:\/\/radioljubuski.ba\/index.php\/2022\/03\/31\/dijaspora-kuci-poslala-vise-od-tri-milijarde-km\/"]}]},{"@type":"ImageObject","inLanguage":"hr","@id":"https:\/\/radioljubuski.ba\/index.php\/2022\/03\/31\/dijaspora-kuci-poslala-vise-od-tri-milijarde-km\/#primaryimage","url":"https:\/\/radioljubuski.ba\/wp-content\/uploads\/2021\/07\/Novac-konvertibilne-marke.jpg","contentUrl":"https:\/\/radioljubuski.ba\/wp-content\/uploads\/2021\/07\/Novac-konvertibilne-marke.jpg","width":700,"height":402},{"@type":"BreadcrumbList","@id":"https:\/\/radioljubuski.ba\/index.php\/2022\/03\/31\/dijaspora-kuci-poslala-vise-od-tri-milijarde-km\/#breadcrumb","itemListElement":[{"@type":"ListItem","position":1,"name":"Po\u010detna stranica","item":"https:\/\/radioljubuski.ba\/"},{"@type":"ListItem","position":2,"name":"Dijaspora ku\u0107i poslala vi\u0161e od tri milijarde KM"}]},{"@type":"WebSite","@id":"https:\/\/radioljubuski.ba\/#website","url":"https:\/\/radioljubuski.ba\/","name":"Radio Ljubu\u0161ki","description":"Sun\u010dana frekvencija Hercegovine","publisher":{"@id":"https:\/\/radioljubuski.ba\/#organization"},"potentialAction":[{"@type":"SearchAction","target":{"@type":"EntryPoint","urlTemplate":"https:\/\/radioljubuski.ba\/?s={search_term_string}"},"query-input":{"@type":"PropertyValueSpecification","valueRequired":true,"valueName":"search_term_string"}}],"inLanguage":"hr"},{"@type":"Organization","@id":"https:\/\/radioljubuski.ba\/#organization","name":"Radio Ljubu\u0161ki","url":"https:\/\/radioljubuski.ba\/","logo":{"@type":"ImageObject","inLanguage":"hr","@id":"https:\/\/radioljubuski.ba\/#\/schema\/logo\/image\/","url":"https:\/\/radioljubuski.ba\/wp-content\/uploads\/2021\/02\/cropped-Radio_Ljubuski_logo1.jpg","contentUrl":"https:\/\/radioljubuski.ba\/wp-content\/uploads\/2021\/02\/cropped-Radio_Ljubuski_logo1.jpg","width":512,"height":512,"caption":"Radio Ljubu\u0161ki"},"image":{"@id":"https:\/\/radioljubuski.ba\/#\/schema\/logo\/image\/"},"sameAs":["https:\/\/www.facebook.com\/Radiio-Ljubuski-1490835324566332","https:\/\/x.com\/radioljubuski","https:\/\/hr.linkedin.com\/company\/radio-ljubuski","https:\/\/www.youtube.com\/channel\/UCHYaeO_n0Db3tjNGudGpXyw"]},{"@type":"Person","@id":"https:\/\/radioljubuski.ba\/#\/schema\/person\/19fc700381a780f69665d7956c469e3b","name":"Radio Ljubu\u0161ki"}]}},"_links":{"self":[{"href":"https:\/\/radioljubuski.ba\/index.php\/wp-json\/wp\/v2\/posts\/127176","targetHints":{"allow":["GET"]}}],"collection":[{"href":"https:\/\/radioljubuski.ba\/index.php\/wp-json\/wp\/v2\/posts"}],"about":[{"href":"https:\/\/radioljubuski.ba\/index.php\/wp-json\/wp\/v2\/types\/post"}],"author":[{"embeddable":true,"href":"https:\/\/radioljubuski.ba\/index.php\/wp-json\/wp\/v2\/users\/2"}],"replies":[{"embeddable":true,"href":"https:\/\/radioljubuski.ba\/index.php\/wp-json\/wp\/v2\/comments?post=127176"}],"version-history":[{"count":1,"href":"https:\/\/radioljubuski.ba\/index.php\/wp-json\/wp\/v2\/posts\/127176\/revisions"}],"predecessor-version":[{"id":127177,"href":"https:\/\/radioljubuski.ba\/index.php\/wp-json\/wp\/v2\/posts\/127176\/revisions\/127177"}],"wp:featuredmedia":[{"embeddable":true,"href":"https:\/\/radioljubuski.ba\/index.php\/wp-json\/wp\/v2\/media\/37972"}],"wp:attachment":[{"href":"https:\/\/radioljubuski.ba\/index.php\/wp-json\/wp\/v2\/media?parent=127176"}],"wp:term":[{"taxonomy":"category","embeddable":true,"href":"https:\/\/radioljubuski.ba\/index.php\/wp-json\/wp\/v2\/categories?post=127176"},{"taxonomy":"post_tag","embeddable":true,"href":"https:\/\/radioljubuski.ba\/index.php\/wp-json\/wp\/v2\/tags?post=127176"}],"curies":[{"name":"wp","href":"https:\/\/api.w.org\/{rel}","templated":true}]}}