{"id":127264,"date":"2022-03-31T13:31:30","date_gmt":"2022-03-31T12:31:30","guid":{"rendered":"https:\/\/radioljubuski.ba\/?p=127264"},"modified":"2022-03-31T13:31:31","modified_gmt":"2022-03-31T12:31:31","slug":"ivan-karacic-se-vratio-u-bivsi-klub","status":"publish","type":"post","link":"https:\/\/radioljubuski.ba\/index.php\/2022\/03\/31\/ivan-karacic-se-vratio-u-bivsi-klub\/","title":{"rendered":"Ivan Kara\u010di\u0107 se vratio u biv\u0161i klub"},"content":{"rendered":"\n<h5 class=\"wp-block-heading\">\u0160irokobrije\u0161ki ko\u0161arka\u0161 Ivan Kara\u010di\u0107 (26) se vratio u svoj biv\u0161i klub, njema\u010dki prvoliga\u0161 Chemnitz Niners.<\/h5>\n\n\n\n<p>On se odazvao pozivu biv\u0161eg kluba nakon \u0161to je isti<strong> poharao ve\u0107i broj ozljeda.<\/strong><\/p>\n\n\n\n<p><em>Zato smo odlu\u010dili dobiti dodatnog igra\u010da i posebno smo sretni \u0161to je s Ivanom uspjelo.<\/em><strong><em> On je sjajan momak,<\/em><\/strong><em> poznaje na\u0161 sustav igre, na\u0161 identitet i svoju ulogu<\/em>, ka\u017ee glavni trener Ninersa <strong>Rodrigo Pastore<\/strong>.<\/p>\n\n\n\n<p><em>Uvijek sam se osje\u0107ao izuzetno ugodno u Chemnitzu i unutar tima NINERS. Niklasova ozljeda je veliki udarac za mom\u010dad i kada me trener Rodrigo zamolio da se vratim,<\/em><strong><em> nisam morao dvaput razmi\u0161ljati.<\/em><\/strong><em> Sretan sam \u0161to sam se vratio, ubacit \u0107u sve i biti tu kada me mom\u010dad zatreba<\/em>, ka\u017ee Kara\u010di\u0107, koji je u utorak nave\u010der stigao u Chemnitz i ve\u0107 ima pravo nastupa u sljede\u0107oj utakmici u W\u00fcrzburgu.<\/p>\n\n\n\n<p>Ho\u0107e li se to dogoditi ovisi prvenstveno o tome u kojoj su mjeri<strong> svi ostali \u010dlanovi mom\u010dadi operativni<\/strong>. Jer Kara\u010di\u0107 je sada<strong> sedmi stranac u sastavu Ninersa<\/strong>.<\/p>\n\n\n\n<blockquote class=\"instagram-media\" data-instgrm-captioned data-instgrm-permalink=\"https:\/\/www.instagram.com\/p\/Cbu-QurKsTw\/?utm_source=ig_embed&amp;utm_campaign=loading\" data-instgrm-version=\"14\" style=\" background:#FFF; border:0; border-radius:3px; box-shadow:0 0 1px 0 rgba(0,0,0,0.5),0 1px 10px 0 rgba(0,0,0,0.15); margin: 1px; max-width:540px; min-width:326px; padding:0; width:99.375%; width:-webkit-calc(100% - 2px); width:calc(100% - 2px);\"><div style=\"padding:16px;\"> <a href=\"https:\/\/www.instagram.com\/p\/Cbu-QurKsTw\/?utm_source=ig_embed&amp;utm_campaign=loading\" style=\" background:#FFFFFF; line-height:0; padding:0 0; text-align:center; text-decoration:none; width:100%;\" target=\"_blank\" rel=\"noopener\"> <div style=\" display: flex; flex-direction: row; align-items: center;\"> <div style=\"background-color: #F4F4F4; border-radius: 50%; flex-grow: 0; height: 40px; margin-right: 14px; width: 40px;\"><\/div> <div style=\"display: flex; flex-direction: column; flex-grow: 1; justify-content: center;\"> <div style=\" background-color: #F4F4F4; border-radius: 4px; flex-grow: 0; height: 14px; margin-bottom: 6px; width: 100px;\"><\/div> <div style=\" background-color: #F4F4F4; border-radius: 4px; flex-grow: 0; height: 14px; width: 60px;\"><\/div><\/div><\/div><div style=\"padding: 19% 0;\"><\/div> <div style=\"display:block; height:50px; margin:0 auto 12px; width:50px;\"><svg width=\"50px\" height=\"50px\" viewBox=\"0 0 60 60\" version=\"1.1\" xmlns=\"https:\/\/www.w3.org\/2000\/svg\" xmlns:xlink=\"https:\/\/www.w3.org\/1999\/xlink\"><g stroke=\"none\" stroke-width=\"1\" fill=\"none\" fill-rule=\"evenodd\"><g transform=\"translate(-511.000000, -20.000000)\" fill=\"#000000\"><g><path d=\"M556.869,30.41 C554.814,30.41 553.148,32.076 553.148,34.131 C553.148,36.186 554.814,37.852 556.869,37.852 C558.924,37.852 560.59,36.186 560.59,34.131 C560.59,32.076 558.924,30.41 556.869,30.41 M541,60.657 C535.114,60.657 530.342,55.887 530.342,50 C530.342,44.114 535.114,39.342 541,39.342 C546.887,39.342 551.658,44.114 551.658,50 C551.658,55.887 546.887,60.657 541,60.657 M541,33.886 C532.1,33.886 524.886,41.1 524.886,50 C524.886,58.899 532.1,66.113 541,66.113 C549.9,66.113 557.115,58.899 557.115,50 C557.115,41.1 549.9,33.886 541,33.886 M565.378,62.101 C565.244,65.022 564.756,66.606 564.346,67.663 C563.803,69.06 563.154,70.057 562.106,71.106 C561.058,72.155 560.06,72.803 558.662,73.347 C557.607,73.757 556.021,74.244 553.102,74.378 C549.944,74.521 548.997,74.552 541,74.552 C533.003,74.552 532.056,74.521 528.898,74.378 C525.979,74.244 524.393,73.757 523.338,73.347 C521.94,72.803 520.942,72.155 519.894,71.106 C518.846,70.057 518.197,69.06 517.654,67.663 C517.244,66.606 516.755,65.022 516.623,62.101 C516.479,58.943 516.448,57.996 516.448,50 C516.448,42.003 516.479,41.056 516.623,37.899 C516.755,34.978 517.244,33.391 517.654,32.338 C518.197,30.938 518.846,29.942 519.894,28.894 C520.942,27.846 521.94,27.196 523.338,26.654 C524.393,26.244 525.979,25.756 528.898,25.623 C532.057,25.479 533.004,25.448 541,25.448 C548.997,25.448 549.943,25.479 553.102,25.623 C556.021,25.756 557.607,26.244 558.662,26.654 C560.06,27.196 561.058,27.846 562.106,28.894 C563.154,29.942 563.803,30.938 564.346,32.338 C564.756,33.391 565.244,34.978 565.378,37.899 C565.522,41.056 565.552,42.003 565.552,50 C565.552,57.996 565.522,58.943 565.378,62.101 M570.82,37.631 C570.674,34.438 570.167,32.258 569.425,30.349 C568.659,28.377 567.633,26.702 565.965,25.035 C564.297,23.368 562.623,22.342 560.652,21.575 C558.743,20.834 556.562,20.326 553.369,20.18 C550.169,20.033 549.148,20 541,20 C532.853,20 531.831,20.033 528.631,20.18 C525.438,20.326 523.257,20.834 521.349,21.575 C519.376,22.342 517.703,23.368 516.035,25.035 C514.368,26.702 513.342,28.377 512.574,30.349 C511.834,32.258 511.326,34.438 511.181,37.631 C511.035,40.831 511,41.851 511,50 C511,58.147 511.035,59.17 511.181,62.369 C511.326,65.562 511.834,67.743 512.574,69.651 C513.342,71.625 514.368,73.296 516.035,74.965 C517.703,76.634 519.376,77.658 521.349,78.425 C523.257,79.167 525.438,79.673 528.631,79.82 C531.831,79.965 532.853,80.001 541,80.001 C549.148,80.001 550.169,79.965 553.369,79.82 C556.562,79.673 558.743,79.167 560.652,78.425 C562.623,77.658 564.297,76.634 565.965,74.965 C567.633,73.296 568.659,71.625 569.425,69.651 C570.167,67.743 570.674,65.562 570.82,62.369 C570.966,59.17 571,58.147 571,50 C571,41.851 570.966,40.831 570.82,37.631\"><\/path><\/g><\/g><\/g><\/svg><\/div><div style=\"padding-top: 8px;\"> <div style=\" color:#3897f0; font-family:Arial,sans-serif; font-size:14px; font-style:normal; font-weight:550; line-height:18px;\">Pogledajte ovu objavu na Instagramu.<\/div><\/div><div style=\"padding: 12.5% 0;\"><\/div> <div style=\"display: flex; flex-direction: row; margin-bottom: 14px; align-items: center;\"><div> <div style=\"background-color: #F4F4F4; border-radius: 50%; height: 12.5px; width: 12.5px; transform: translateX(0px) translateY(7px);\"><\/div> <div style=\"background-color: #F4F4F4; height: 12.5px; transform: rotate(-45deg) translateX(3px) translateY(1px); width: 12.5px; flex-grow: 0; margin-right: 14px; margin-left: 2px;\"><\/div> <div style=\"background-color: #F4F4F4; border-radius: 50%; height: 12.5px; width: 12.5px; transform: translateX(9px) translateY(-18px);\"><\/div><\/div><div style=\"margin-left: 8px;\"> <div style=\" background-color: #F4F4F4; border-radius: 50%; flex-grow: 0; height: 20px; width: 20px;\"><\/div> <div style=\" width: 0; height: 0; border-top: 2px solid transparent; border-left: 6px solid #f4f4f4; border-bottom: 2px solid transparent; transform: translateX(16px) translateY(-4px) rotate(30deg)\"><\/div><\/div><div style=\"margin-left: auto;\"> <div style=\" width: 0px; border-top: 8px solid #F4F4F4; border-right: 8px solid transparent; transform: translateY(16px);\"><\/div> <div style=\" background-color: #F4F4F4; flex-grow: 0; height: 12px; width: 16px; transform: translateY(-4px);\"><\/div> <div style=\" width: 0; height: 0; border-top: 8px solid #F4F4F4; border-left: 8px solid transparent; transform: translateY(-4px) translateX(8px);\"><\/div><\/div><\/div> <div style=\"display: flex; flex-direction: column; flex-grow: 1; justify-content: center; margin-bottom: 24px;\"> <div style=\" background-color: #F4F4F4; border-radius: 4px; flex-grow: 0; height: 14px; margin-bottom: 6px; width: 224px;\"><\/div> <div style=\" background-color: #F4F4F4; border-radius: 4px; flex-grow: 0; height: 14px; width: 144px;\"><\/div><\/div><\/a><p style=\" color:#c9c8cd; font-family:Arial,sans-serif; font-size:14px; line-height:17px; margin-bottom:0; margin-top:8px; overflow:hidden; padding:8px 0 7px; text-align:center; text-overflow:ellipsis; white-space:nowrap;\"><a href=\"https:\/\/www.instagram.com\/p\/Cbu-QurKsTw\/?utm_source=ig_embed&amp;utm_campaign=loading\" style=\" color:#c9c8cd; font-family:Arial,sans-serif; font-size:14px; font-style:normal; font-weight:normal; line-height:17px; text-decoration:none;\" target=\"_blank\" rel=\"noopener\">Objavu dijeli NINERS Chemnitz (@ninerschemnitz)<\/a><\/p><\/div><\/blockquote> <script async src=\"\/\/www.instagram.com\/embed.js\"><\/script>\n\n\n\n<p>No, po utakmici se <strong>mo\u017ee koristiti najvi\u0161e \u0161est stranih igra\u010da<\/strong>, \u0161to zna\u010di da ako su svi zdravi, igra\u010d koji nije Nijemac mora gledati.<\/p>\n\n\n\n<p><em>Nakon Niklasova neuspjeha, prvo smo intenzivno <\/em><strong><em>ispitali tr\u017ei\u0161te s obzirom na njema\u010dke opcije.<\/em><\/strong><em> U ovoj kasnoj to\u010dki sezone, me\u0111utim, jednostavno ne postoji Nijemac koji bi imao sportski i ekonomski smisao za nas<\/em>, obja\u0161njava Pastore.<\/p>\n\n\n\n<p>No, budu\u0107i da je i dalje postojao<strong> rizik od premr\u0161avog sastava<\/strong> u slu\u010daju dodatne ozljede, a trenuta\u010dni sastav za trening ve\u0107 je pomalo nedovoljno popunjen, htjeli su mom\u010dadi dati vi\u0161e dubine.<\/p>\n\n\n\n<p><em>\u010cinjenica da se radilo o stranom igra\u010du nije ni\u0161ta olak\u0161ala cijelu stvar, upravo zato \u0161to se uvijek moralo odsjedati. <\/em><strong><em>Ovo ne voli svaki igra\u010d<\/em><\/strong><em>. Osim toga, imamo veliko povjerenje u trenutne vrhunske igra\u010de i znamo va\u017enost netaknute strukture tima. Ivan se tu savr\u0161eno uklopio jer ve\u0107 zna ulogu iz prve polovice sezone, a tako\u0111er je<\/em><strong><em> vrlo popularan i cijenjen unutar mom\u010dadi<\/em><\/strong><em>. Svi su de\u010dki bili sretni \u0161to se Ivan vratio<\/em>, nagla\u0161ava Pastore.<\/p>\n\n\n\n<p>Naravno, druge prednosti su \u0161to Kara\u010di\u0107 ne samo da ima dobar odnos sa suigra\u010dima,<strong> ve\u0107 dobro poznaje i sustave igre, kulturu Ninersa, grad i sve sadr\u017eaje<\/strong>. On je i fizi\u010dki u dobroj formi, jer nabrijani Hrvat dolazi u Chemnitz <strong>ravno s regularne utakmice u Belgiji.<\/strong> Odigrao je sedam natjecateljskih utakmica za <strong>Phoenix Bruxelles<\/strong> u proteklih osam tjedana, navode Nijemci na svojim stranicama.<\/p>\n\n\n\n<p><strong>Izvor:(www.jabuka.tv)<\/strong><\/p>\n","protected":false},"excerpt":{"rendered":"<p>\u0160irokobrije\u0161ki ko\u0161arka\u0161 Ivan Kara\u010di\u0107 (26) se vratio u svoj biv\u0161i klub, njema\u010dki prvoliga\u0161 Chemnitz Niners. On se odazvao pozivu biv\u0161eg kluba nakon \u0161to je isti poharao ve\u0107i broj ozljeda. Zato smo odlu\u010dili dobiti dodatnog igra\u010da i posebno smo sretni \u0161to je s Ivanom uspjelo. On je sjajan momak, poznaje na\u0161 sustav igre, na\u0161 identitet i [&hellip;]<\/p>\n","protected":false},"author":2,"featured_media":127265,"comment_status":"closed","ping_status":"closed","sticky":false,"template":"","format":"standard","meta":{"h5ap_radio_sources":[],"footnotes":""},"categories":[7],"tags":[],"class_list":["post-127264","post","type-post","status-publish","format-standard","has-post-thumbnail","hentry","category-sport"],"yoast_head":"<!-- This site is optimized with the Yoast SEO plugin v27.5 - https:\/\/yoast.com\/product\/yoast-seo-wordpress\/ -->\n<title>Ivan Kara\u010di\u0107 se vratio u biv\u0161i klub - RADIO LJUBU\u0160KI<\/title>\n<meta name=\"robots\" content=\"index, follow, max-snippet:-1, max-image-preview:large, max-video-preview:-1\" \/>\n<link rel=\"canonical\" href=\"https:\/\/radioljubuski.ba\/index.php\/2022\/03\/31\/ivan-karacic-se-vratio-u-bivsi-klub\/\" \/>\n<meta property=\"og:locale\" content=\"hr_HR\" \/>\n<meta property=\"og:type\" content=\"article\" \/>\n<meta property=\"og:title\" content=\"Ivan Kara\u010di\u0107 se vratio u biv\u0161i klub - RADIO LJUBU\u0160KI\" \/>\n<meta property=\"og:description\" content=\"\u0160irokobrije\u0161ki ko\u0161arka\u0161 Ivan Kara\u010di\u0107 (26) se vratio u svoj biv\u0161i klub, njema\u010dki prvoliga\u0161 Chemnitz Niners. On se odazvao pozivu biv\u0161eg kluba nakon \u0161to je isti poharao ve\u0107i broj ozljeda. Zato smo odlu\u010dili dobiti dodatnog igra\u010da i posebno smo sretni \u0161to je s Ivanom uspjelo. On je sjajan momak, poznaje na\u0161 sustav igre, na\u0161 identitet i [&hellip;]\" \/>\n<meta property=\"og:url\" content=\"https:\/\/radioljubuski.ba\/index.php\/2022\/03\/31\/ivan-karacic-se-vratio-u-bivsi-klub\/\" \/>\n<meta property=\"og:site_name\" content=\"RADIO LJUBU\u0160KI\" \/>\n<meta property=\"article:publisher\" content=\"https:\/\/www.facebook.com\/Radiio-Ljubuski-1490835324566332\" \/>\n<meta property=\"article:published_time\" content=\"2022-03-31T12:31:30+00:00\" \/>\n<meta property=\"article:modified_time\" content=\"2022-03-31T12:31:31+00:00\" \/>\n<meta property=\"og:image\" content=\"https:\/\/radioljubuski.ba\/wp-content\/uploads\/2022\/03\/ivan-karacic-chemnitz-niners.jpg\" \/>\n\t<meta property=\"og:image:width\" content=\"810\" \/>\n\t<meta property=\"og:image:height\" content=\"540\" \/>\n\t<meta property=\"og:image:type\" content=\"image\/jpeg\" \/>\n<meta name=\"author\" content=\"Radio Ljubu\u0161ki\" \/>\n<meta name=\"twitter:card\" content=\"summary_large_image\" \/>\n<meta name=\"twitter:creator\" content=\"@radioljubuski\" \/>\n<meta name=\"twitter:site\" content=\"@radioljubuski\" \/>\n<meta name=\"twitter:label1\" content=\"Napisao\/la\" \/>\n\t<meta name=\"twitter:data1\" content=\"Radio Ljubu\u0161ki\" \/>\n\t<meta name=\"twitter:label2\" content=\"Procijenjeno vrijeme \u010ditanja\" \/>\n\t<meta name=\"twitter:data2\" content=\"2 minute\" \/>\n<script type=\"application\/ld+json\" class=\"yoast-schema-graph\">{\"@context\":\"https:\\\/\\\/schema.org\",\"@graph\":[{\"@type\":\"Article\",\"@id\":\"https:\\\/\\\/radioljubuski.ba\\\/index.php\\\/2022\\\/03\\\/31\\\/ivan-karacic-se-vratio-u-bivsi-klub\\\/#article\",\"isPartOf\":{\"@id\":\"https:\\\/\\\/radioljubuski.ba\\\/index.php\\\/2022\\\/03\\\/31\\\/ivan-karacic-se-vratio-u-bivsi-klub\\\/\"},\"author\":{\"name\":\"Radio Ljubu\u0161ki\",\"@id\":\"https:\\\/\\\/radioljubuski.ba\\\/#\\\/schema\\\/person\\\/19fc700381a780f69665d7956c469e3b\"},\"headline\":\"Ivan Kara\u010di\u0107 se vratio u biv\u0161i klub\",\"datePublished\":\"2022-03-31T12:31:30+00:00\",\"dateModified\":\"2022-03-31T12:31:31+00:00\",\"mainEntityOfPage\":{\"@id\":\"https:\\\/\\\/radioljubuski.ba\\\/index.php\\\/2022\\\/03\\\/31\\\/ivan-karacic-se-vratio-u-bivsi-klub\\\/\"},\"wordCount\":454,\"publisher\":{\"@id\":\"https:\\\/\\\/radioljubuski.ba\\\/#organization\"},\"image\":{\"@id\":\"https:\\\/\\\/radioljubuski.ba\\\/index.php\\\/2022\\\/03\\\/31\\\/ivan-karacic-se-vratio-u-bivsi-klub\\\/#primaryimage\"},\"thumbnailUrl\":\"https:\\\/\\\/radioljubuski.ba\\\/wp-content\\\/uploads\\\/2022\\\/03\\\/ivan-karacic-chemnitz-niners.jpg\",\"articleSection\":[\"\u0160port\"],\"inLanguage\":\"hr\"},{\"@type\":\"WebPage\",\"@id\":\"https:\\\/\\\/radioljubuski.ba\\\/index.php\\\/2022\\\/03\\\/31\\\/ivan-karacic-se-vratio-u-bivsi-klub\\\/\",\"url\":\"https:\\\/\\\/radioljubuski.ba\\\/index.php\\\/2022\\\/03\\\/31\\\/ivan-karacic-se-vratio-u-bivsi-klub\\\/\",\"name\":\"Ivan Kara\u010di\u0107 se vratio u biv\u0161i klub - RADIO LJUBU\u0160KI\",\"isPartOf\":{\"@id\":\"https:\\\/\\\/radioljubuski.ba\\\/#website\"},\"primaryImageOfPage\":{\"@id\":\"https:\\\/\\\/radioljubuski.ba\\\/index.php\\\/2022\\\/03\\\/31\\\/ivan-karacic-se-vratio-u-bivsi-klub\\\/#primaryimage\"},\"image\":{\"@id\":\"https:\\\/\\\/radioljubuski.ba\\\/index.php\\\/2022\\\/03\\\/31\\\/ivan-karacic-se-vratio-u-bivsi-klub\\\/#primaryimage\"},\"thumbnailUrl\":\"https:\\\/\\\/radioljubuski.ba\\\/wp-content\\\/uploads\\\/2022\\\/03\\\/ivan-karacic-chemnitz-niners.jpg\",\"datePublished\":\"2022-03-31T12:31:30+00:00\",\"dateModified\":\"2022-03-31T12:31:31+00:00\",\"breadcrumb\":{\"@id\":\"https:\\\/\\\/radioljubuski.ba\\\/index.php\\\/2022\\\/03\\\/31\\\/ivan-karacic-se-vratio-u-bivsi-klub\\\/#breadcrumb\"},\"inLanguage\":\"hr\",\"potentialAction\":[{\"@type\":\"ReadAction\",\"target\":[\"https:\\\/\\\/radioljubuski.ba\\\/index.php\\\/2022\\\/03\\\/31\\\/ivan-karacic-se-vratio-u-bivsi-klub\\\/\"]}]},{\"@type\":\"ImageObject\",\"inLanguage\":\"hr\",\"@id\":\"https:\\\/\\\/radioljubuski.ba\\\/index.php\\\/2022\\\/03\\\/31\\\/ivan-karacic-se-vratio-u-bivsi-klub\\\/#primaryimage\",\"url\":\"https:\\\/\\\/radioljubuski.ba\\\/wp-content\\\/uploads\\\/2022\\\/03\\\/ivan-karacic-chemnitz-niners.jpg\",\"contentUrl\":\"https:\\\/\\\/radioljubuski.ba\\\/wp-content\\\/uploads\\\/2022\\\/03\\\/ivan-karacic-chemnitz-niners.jpg\",\"width\":810,\"height\":540},{\"@type\":\"BreadcrumbList\",\"@id\":\"https:\\\/\\\/radioljubuski.ba\\\/index.php\\\/2022\\\/03\\\/31\\\/ivan-karacic-se-vratio-u-bivsi-klub\\\/#breadcrumb\",\"itemListElement\":[{\"@type\":\"ListItem\",\"position\":1,\"name\":\"Po\u010detna stranica\",\"item\":\"https:\\\/\\\/radioljubuski.ba\\\/\"},{\"@type\":\"ListItem\",\"position\":2,\"name\":\"Ivan Kara\u010di\u0107 se vratio u biv\u0161i klub\"}]},{\"@type\":\"WebSite\",\"@id\":\"https:\\\/\\\/radioljubuski.ba\\\/#website\",\"url\":\"https:\\\/\\\/radioljubuski.ba\\\/\",\"name\":\"Radio Ljubu\u0161ki\",\"description\":\"Sun\u010dana frekvencija Hercegovine\",\"publisher\":{\"@id\":\"https:\\\/\\\/radioljubuski.ba\\\/#organization\"},\"potentialAction\":[{\"@type\":\"SearchAction\",\"target\":{\"@type\":\"EntryPoint\",\"urlTemplate\":\"https:\\\/\\\/radioljubuski.ba\\\/?s={search_term_string}\"},\"query-input\":{\"@type\":\"PropertyValueSpecification\",\"valueRequired\":true,\"valueName\":\"search_term_string\"}}],\"inLanguage\":\"hr\"},{\"@type\":\"Organization\",\"@id\":\"https:\\\/\\\/radioljubuski.ba\\\/#organization\",\"name\":\"Radio Ljubu\u0161ki\",\"url\":\"https:\\\/\\\/radioljubuski.ba\\\/\",\"logo\":{\"@type\":\"ImageObject\",\"inLanguage\":\"hr\",\"@id\":\"https:\\\/\\\/radioljubuski.ba\\\/#\\\/schema\\\/logo\\\/image\\\/\",\"url\":\"https:\\\/\\\/radioljubuski.ba\\\/wp-content\\\/uploads\\\/2021\\\/02\\\/cropped-Radio_Ljubuski_logo1.jpg\",\"contentUrl\":\"https:\\\/\\\/radioljubuski.ba\\\/wp-content\\\/uploads\\\/2021\\\/02\\\/cropped-Radio_Ljubuski_logo1.jpg\",\"width\":512,\"height\":512,\"caption\":\"Radio Ljubu\u0161ki\"},\"image\":{\"@id\":\"https:\\\/\\\/radioljubuski.ba\\\/#\\\/schema\\\/logo\\\/image\\\/\"},\"sameAs\":[\"https:\\\/\\\/www.facebook.com\\\/Radiio-Ljubuski-1490835324566332\",\"https:\\\/\\\/x.com\\\/radioljubuski\",\"https:\\\/\\\/hr.linkedin.com\\\/company\\\/radio-ljubuski\",\"https:\\\/\\\/www.youtube.com\\\/channel\\\/UCHYaeO_n0Db3tjNGudGpXyw\"]},{\"@type\":\"Person\",\"@id\":\"https:\\\/\\\/radioljubuski.ba\\\/#\\\/schema\\\/person\\\/19fc700381a780f69665d7956c469e3b\",\"name\":\"Radio Ljubu\u0161ki\"}]}<\/script>\n<!-- \/ Yoast SEO plugin. -->","yoast_head_json":{"title":"Ivan Kara\u010di\u0107 se vratio u biv\u0161i klub - RADIO LJUBU\u0160KI","robots":{"index":"index","follow":"follow","max-snippet":"max-snippet:-1","max-image-preview":"max-image-preview:large","max-video-preview":"max-video-preview:-1"},"canonical":"https:\/\/radioljubuski.ba\/index.php\/2022\/03\/31\/ivan-karacic-se-vratio-u-bivsi-klub\/","og_locale":"hr_HR","og_type":"article","og_title":"Ivan Kara\u010di\u0107 se vratio u biv\u0161i klub - RADIO LJUBU\u0160KI","og_description":"\u0160irokobrije\u0161ki ko\u0161arka\u0161 Ivan Kara\u010di\u0107 (26) se vratio u svoj biv\u0161i klub, njema\u010dki prvoliga\u0161 Chemnitz Niners. On se odazvao pozivu biv\u0161eg kluba nakon \u0161to je isti poharao ve\u0107i broj ozljeda. Zato smo odlu\u010dili dobiti dodatnog igra\u010da i posebno smo sretni \u0161to je s Ivanom uspjelo. On je sjajan momak, poznaje na\u0161 sustav igre, na\u0161 identitet i [&hellip;]","og_url":"https:\/\/radioljubuski.ba\/index.php\/2022\/03\/31\/ivan-karacic-se-vratio-u-bivsi-klub\/","og_site_name":"RADIO LJUBU\u0160KI","article_publisher":"https:\/\/www.facebook.com\/Radiio-Ljubuski-1490835324566332","article_published_time":"2022-03-31T12:31:30+00:00","article_modified_time":"2022-03-31T12:31:31+00:00","og_image":[{"width":810,"height":540,"url":"https:\/\/radioljubuski.ba\/wp-content\/uploads\/2022\/03\/ivan-karacic-chemnitz-niners.jpg","type":"image\/jpeg"}],"author":"Radio Ljubu\u0161ki","twitter_card":"summary_large_image","twitter_creator":"@radioljubuski","twitter_site":"@radioljubuski","twitter_misc":{"Napisao\/la":"Radio Ljubu\u0161ki","Procijenjeno vrijeme \u010ditanja":"2 minute"},"schema":{"@context":"https:\/\/schema.org","@graph":[{"@type":"Article","@id":"https:\/\/radioljubuski.ba\/index.php\/2022\/03\/31\/ivan-karacic-se-vratio-u-bivsi-klub\/#article","isPartOf":{"@id":"https:\/\/radioljubuski.ba\/index.php\/2022\/03\/31\/ivan-karacic-se-vratio-u-bivsi-klub\/"},"author":{"name":"Radio Ljubu\u0161ki","@id":"https:\/\/radioljubuski.ba\/#\/schema\/person\/19fc700381a780f69665d7956c469e3b"},"headline":"Ivan Kara\u010di\u0107 se vratio u biv\u0161i klub","datePublished":"2022-03-31T12:31:30+00:00","dateModified":"2022-03-31T12:31:31+00:00","mainEntityOfPage":{"@id":"https:\/\/radioljubuski.ba\/index.php\/2022\/03\/31\/ivan-karacic-se-vratio-u-bivsi-klub\/"},"wordCount":454,"publisher":{"@id":"https:\/\/radioljubuski.ba\/#organization"},"image":{"@id":"https:\/\/radioljubuski.ba\/index.php\/2022\/03\/31\/ivan-karacic-se-vratio-u-bivsi-klub\/#primaryimage"},"thumbnailUrl":"https:\/\/radioljubuski.ba\/wp-content\/uploads\/2022\/03\/ivan-karacic-chemnitz-niners.jpg","articleSection":["\u0160port"],"inLanguage":"hr"},{"@type":"WebPage","@id":"https:\/\/radioljubuski.ba\/index.php\/2022\/03\/31\/ivan-karacic-se-vratio-u-bivsi-klub\/","url":"https:\/\/radioljubuski.ba\/index.php\/2022\/03\/31\/ivan-karacic-se-vratio-u-bivsi-klub\/","name":"Ivan Kara\u010di\u0107 se vratio u biv\u0161i klub - RADIO LJUBU\u0160KI","isPartOf":{"@id":"https:\/\/radioljubuski.ba\/#website"},"primaryImageOfPage":{"@id":"https:\/\/radioljubuski.ba\/index.php\/2022\/03\/31\/ivan-karacic-se-vratio-u-bivsi-klub\/#primaryimage"},"image":{"@id":"https:\/\/radioljubuski.ba\/index.php\/2022\/03\/31\/ivan-karacic-se-vratio-u-bivsi-klub\/#primaryimage"},"thumbnailUrl":"https:\/\/radioljubuski.ba\/wp-content\/uploads\/2022\/03\/ivan-karacic-chemnitz-niners.jpg","datePublished":"2022-03-31T12:31:30+00:00","dateModified":"2022-03-31T12:31:31+00:00","breadcrumb":{"@id":"https:\/\/radioljubuski.ba\/index.php\/2022\/03\/31\/ivan-karacic-se-vratio-u-bivsi-klub\/#breadcrumb"},"inLanguage":"hr","potentialAction":[{"@type":"ReadAction","target":["https:\/\/radioljubuski.ba\/index.php\/2022\/03\/31\/ivan-karacic-se-vratio-u-bivsi-klub\/"]}]},{"@type":"ImageObject","inLanguage":"hr","@id":"https:\/\/radioljubuski.ba\/index.php\/2022\/03\/31\/ivan-karacic-se-vratio-u-bivsi-klub\/#primaryimage","url":"https:\/\/radioljubuski.ba\/wp-content\/uploads\/2022\/03\/ivan-karacic-chemnitz-niners.jpg","contentUrl":"https:\/\/radioljubuski.ba\/wp-content\/uploads\/2022\/03\/ivan-karacic-chemnitz-niners.jpg","width":810,"height":540},{"@type":"BreadcrumbList","@id":"https:\/\/radioljubuski.ba\/index.php\/2022\/03\/31\/ivan-karacic-se-vratio-u-bivsi-klub\/#breadcrumb","itemListElement":[{"@type":"ListItem","position":1,"name":"Po\u010detna stranica","item":"https:\/\/radioljubuski.ba\/"},{"@type":"ListItem","position":2,"name":"Ivan Kara\u010di\u0107 se vratio u biv\u0161i klub"}]},{"@type":"WebSite","@id":"https:\/\/radioljubuski.ba\/#website","url":"https:\/\/radioljubuski.ba\/","name":"Radio Ljubu\u0161ki","description":"Sun\u010dana frekvencija Hercegovine","publisher":{"@id":"https:\/\/radioljubuski.ba\/#organization"},"potentialAction":[{"@type":"SearchAction","target":{"@type":"EntryPoint","urlTemplate":"https:\/\/radioljubuski.ba\/?s={search_term_string}"},"query-input":{"@type":"PropertyValueSpecification","valueRequired":true,"valueName":"search_term_string"}}],"inLanguage":"hr"},{"@type":"Organization","@id":"https:\/\/radioljubuski.ba\/#organization","name":"Radio Ljubu\u0161ki","url":"https:\/\/radioljubuski.ba\/","logo":{"@type":"ImageObject","inLanguage":"hr","@id":"https:\/\/radioljubuski.ba\/#\/schema\/logo\/image\/","url":"https:\/\/radioljubuski.ba\/wp-content\/uploads\/2021\/02\/cropped-Radio_Ljubuski_logo1.jpg","contentUrl":"https:\/\/radioljubuski.ba\/wp-content\/uploads\/2021\/02\/cropped-Radio_Ljubuski_logo1.jpg","width":512,"height":512,"caption":"Radio Ljubu\u0161ki"},"image":{"@id":"https:\/\/radioljubuski.ba\/#\/schema\/logo\/image\/"},"sameAs":["https:\/\/www.facebook.com\/Radiio-Ljubuski-1490835324566332","https:\/\/x.com\/radioljubuski","https:\/\/hr.linkedin.com\/company\/radio-ljubuski","https:\/\/www.youtube.com\/channel\/UCHYaeO_n0Db3tjNGudGpXyw"]},{"@type":"Person","@id":"https:\/\/radioljubuski.ba\/#\/schema\/person\/19fc700381a780f69665d7956c469e3b","name":"Radio Ljubu\u0161ki"}]}},"_links":{"self":[{"href":"https:\/\/radioljubuski.ba\/index.php\/wp-json\/wp\/v2\/posts\/127264","targetHints":{"allow":["GET"]}}],"collection":[{"href":"https:\/\/radioljubuski.ba\/index.php\/wp-json\/wp\/v2\/posts"}],"about":[{"href":"https:\/\/radioljubuski.ba\/index.php\/wp-json\/wp\/v2\/types\/post"}],"author":[{"embeddable":true,"href":"https:\/\/radioljubuski.ba\/index.php\/wp-json\/wp\/v2\/users\/2"}],"replies":[{"embeddable":true,"href":"https:\/\/radioljubuski.ba\/index.php\/wp-json\/wp\/v2\/comments?post=127264"}],"version-history":[{"count":1,"href":"https:\/\/radioljubuski.ba\/index.php\/wp-json\/wp\/v2\/posts\/127264\/revisions"}],"predecessor-version":[{"id":127266,"href":"https:\/\/radioljubuski.ba\/index.php\/wp-json\/wp\/v2\/posts\/127264\/revisions\/127266"}],"wp:featuredmedia":[{"embeddable":true,"href":"https:\/\/radioljubuski.ba\/index.php\/wp-json\/wp\/v2\/media\/127265"}],"wp:attachment":[{"href":"https:\/\/radioljubuski.ba\/index.php\/wp-json\/wp\/v2\/media?parent=127264"}],"wp:term":[{"taxonomy":"category","embeddable":true,"href":"https:\/\/radioljubuski.ba\/index.php\/wp-json\/wp\/v2\/categories?post=127264"},{"taxonomy":"post_tag","embeddable":true,"href":"https:\/\/radioljubuski.ba\/index.php\/wp-json\/wp\/v2\/tags?post=127264"}],"curies":[{"name":"wp","href":"https:\/\/api.w.org\/{rel}","templated":true}]}}