{"id":127367,"date":"2022-03-31T16:43:27","date_gmt":"2022-03-31T15:43:27","guid":{"rendered":"https:\/\/radioljubuski.ba\/?p=127367"},"modified":"2022-03-31T16:43:27","modified_gmt":"2022-03-31T15:43:27","slug":"murphy-tijekom-mandata-borit-cu-se-protiv-malignih-utjecaja-posebno-rusije-i-kine","status":"publish","type":"post","link":"https:\/\/radioljubuski.ba\/index.php\/2022\/03\/31\/murphy-tijekom-mandata-borit-cu-se-protiv-malignih-utjecaja-posebno-rusije-i-kine\/","title":{"rendered":"Murphy: Tijekom mandata borit \u0107u se protiv malignih utjecaja posebno Rusije i Kine"},"content":{"rendered":"\n<p>Veleposlanik Sjedinjenih Ameri\u010dkih Dr\u017eava u Bosni i Hercegovini Michael J. Murphya kazao je danas novinarima u Sarajevu, na svojoj prvoj slu\u017ebenoj pres-konferenciji od kako je imenovan na ovu du\u017enost, da se u BiH vratio u vremenu kojeg mnogi smatraju najte\u017eim periodom u modernoj povijesti zemlje.<\/p>\n\n\n\n<p>&#8211; BiH su potrebne funkcionalne, efikasne i odgovorne dr\u017eavne institucije u kojima \u0107e svi lideri raditi \u010dasno i po\u0161teno. Tako\u0111er su joj potrebni funkcionalni, efikasni i odgovorni entiteti fokusirani na izgradnju demokratske i prosperitetne budu\u0107nosti za svoje stanovnike. U ovom trenutku u BiH ne postoji ni jedno ni drugo &#8211; dodao je Murphy.<\/p>\n\n\n\n<p>Imaju\u0107i to u vidu, prioritet njegovog rada bit \u0107e fokusiran na podr\u0161ka provedbi Daytonskog mirovnog sporazuma, provedbi reformi na dr\u017eavnom nivou koje su uslijedile nakon \u0161to su ih izabrani du\u017enosnici podr\u017eali i dogovorili, te podr\u0161ka suverenitetu i teritorijalnom integritetu BiH.<\/p>\n\n\n\n<p>&#8211; Znam da je BiH komplicirana sredina i da moj posao ne\u0107e biti jednostavan. Mnogo je ozbiljnih problema, ali smo spremni da zasu\u010demo rukave i radimo s lokalnim i me\u0111unarodnim partnerima na njihovom rje\u0161avanju. BiH si ne mo\u017ee priu\u0161titi da savr\u0161eno rje\u0161enje bude prepreka dobrom. Stoga \u0107emo slijediti trajne euroatlantske vrijednosti i duh pragmatizma &#8211; poru\u010dio je.<\/p>\n\n\n\n<p>Ni\u010dim izazvan rat Rusije protiv Ukrajine promijenio je svijet, isti\u010de ameri\u010dki veleposlanik, njime je promijenjena geopoliti\u010dka situacija u Europi, uklju\u010duju\u0107i zapadni Balkan, a ljudi u BiH jako dobro znaju \u0161ta zna\u010de stradanje i gubici izazvani ratom. Agresija u Ukrajini i slike stradanja u\u017easno podsje\u0107aju na ono kroz \u0161ta je ova zemlja pro\u0161la u periodu izme\u0111u 1992. i 1995. godine. One su tako\u0111er va\u017ean podsjetnik da je BiH mjesto u euroatlantskoj zajednici zemalja, a ne u autoritativnoj Rusiji koja je okrenuta pro\u0161losti.<\/p>\n\n\n\n<p>&#8211; Ova \u010dinjenica \u0107e mi tako\u0111er biti ideja vodilja za vrijeme mandata u BiH. Put ka euroatlantskim integracijama nije jednostavan, niti se podrazumijeva. On se mora zaslu\u017eiti, a na liderima BiH je da urade ono \u0161to je neophodno kako bi osigurali budu\u0107nost koju su obe\u0107ali svojim bira\u010dima &#8211; budu\u0107nost koju njihovi bira\u010di \u017eele za svoje obitelji i djecu. Gra\u0111ani BiH imaju svako pravo da o\u010dekuju od lidera da svoje vrijeme i energiju posvete onome za \u0161ta su izabrani i kao \u0161to je slu\u010daj u svakoj demokraciji, gra\u0111ani ove zemlje treba svoje lidere da smatraju odgovornim za ono \u0161to rade &#8211; kazao je Murphy.<\/p>\n\n\n\n<p>Isti\u010de da je za postizanje napretka va\u017eno da dr\u017eavni parlament usvoji zakone koji \u0107e zna\u010diti napredak ka ostvarenju vladavine prava kao \u0161to su zakoni o sukobu interesa, zakon o javnim nabavkama i osiguranje integriteta izbora, ali to nije kraj.<\/p>\n\n\n\n<p>Ka\u017ee da \u0107e se u naredne tri godine fokusirati na podr\u0161ku nastojanja da se promovira pomirenje me\u0111u konstitutivnim narodima i gra\u0111anima BiH jer je rat u BiH od 1992. do 1995. godine bio je u\u017easna tragedija, sto tisu\u0107a ljudi je ubijeno, u\u017easni zlo\u010dini su po\u010dinjeni, uklju\u010duju\u0107i genocid u Srebrenici, a krivica za Srebrenicu i druge zlo\u010dine je na po\u010diniteljima, a ne na \u010ditavim etni\u010dkim grupama, dodaju\u0107i da je du\u017enost lidera danas zahtijevati odgovornost po\u010dinitelja, da priznaju zlo\u010dine i po\u0161tuju \u017ertve, te da promoviraju pomirenje.<\/p>\n\n\n\n<p>Kao drugi prioritet naveo je podr\u0161ku reformama u oblasti vladavine zakona, posebno borbi protiv korupcije jer korupcija oduzima gra\u0111anima BiH prosperitetnu budu\u0107nost, ona dovodi u pitanje euroatlantski put BiH i zemlju izla\u017ee vanjskim malignim uticajima te hrani politiku etni\u010dkih podjela koja podriva demokratsko upravljanje i pove\u0107ava etni\u010dke tenzije u BiH.<\/p>\n\n\n\n<p>Istaknuo je da \u0107e jedan od njegovih prioriteta biti i pru\u017eanje podr\u0161ke reformama koje \u0107e uticati na ekonomski rast, oja\u010dati trgovinu sa SAD-om i pove\u0107ati investicije iz SAD, a \u0161to \u0107e gra\u0111anima BiH i njihovoj djeci donijeti napredak, ocjenjuju\u0107i da je BiH potreban ekonomski rast kojeg \u0107e predvoditi privatni sektor, kao i su\u0161tinska reforma kompanija u javnom vlasni\u0161tvu ukoliko \u017eeli napredovati u 21. stolje\u0107u.<\/p>\n\n\n\n<p>&#8211; Borit \u0107u se protiv uticaja lokalnih i vanjskih aktera, posebno Rusije i Narodne Republike Kine, koji predstavljaju prijetnju na\u0161im zajedni\u010dkim interesima i podrivaju budu\u0107nost BiH i ujedno podr\u017eavati euroatlantske aspiracije BiH. Radit \u0107emo s na\u0161im saveznicima i partnerima &#8211; po\u010dev\u0161i od izabranih bh. lidera koji su odgovorni za budu\u0107nost zemlje &#8211; da bismo olak\u0161ali provedbu reformi neophodnih da BiH ide putem ka \u010dlanstvu u EU i sna\u017enijem partnerstvu sa NATO savezom, te da ispuni kriterije za okon\u010danje me\u0111unarodne supervizije &#8211; podvukao je.<\/p>\n\n\n\n<p>Napominje da SAD ne mogu BiH osigurati demokratsku i prosperitetnu budu\u0107nost, ali mogu raditi s liderima da pomognu BiH da je ostvari.<\/p>\n\n\n\n<p>Osvrnuo se i na nedavne pregovore u vezi sa izmjenama Izbornog zakona posebno nagla\u0161avaju\u0107i da lo\u0161 dogovor ne zna\u010di dogovor koji \u0107e rije\u0161iti sva otvorena pitanja zbog \u010dega je va\u017eno do\u0107i do kompromisa kakvog BiH i zaslu\u017euju, ali je istovremeno ocijenio da u BiH ne postoji politi\u010dke empatije i razumijevanja da bi se razumio druga\u010diji stav.<\/p>\n\n\n\n<p>Mi\u0161ljenja je da ni jedna strana ne mo\u017ee tra\u017eiti da joj se ispuni 100 posto zahtjeva, a da pri tome drugi ne dobije ni\u0161ta, isti\u010du\u0107i da bi svi mogli o\u010dekivati ispunjenje bare 70 posto pitanja.<\/p>\n\n\n\n<p>&#8211; Dobar dogovor podrazumijeva da ispuni odre\u0111ene zahtjeve me\u0111u kojima su implementacija presuda Europskog suda za ljudska prava, osiguranja izbornog integriteta kao i postizanje funkcionalnosti Federacije BiH &#8211; pojasnio je Murphy.<\/p>\n\n\n\n<p>Pozvao je i danas BiH da ispuni svoju obavezu u slijedu politike Europske unije, dodaju\u0107i da nikada nije kasno da se sjedne i razgovara o va\u017enim stvarima i voditi BiH ka njenoj euroatlantskoj integraciji, zaklju\u010duju\u0107i da je potrebno va\u017eno da lideri budu hrabri i povuku te\u0161ke poteze.<\/p>\n\n\n\n<p>Izvor:pogled.ba<\/p>\n","protected":false},"excerpt":{"rendered":"<p>Veleposlanik Sjedinjenih Ameri\u010dkih Dr\u017eava u Bosni i Hercegovini Michael J. Murphya kazao je danas novinarima u Sarajevu, na svojoj prvoj slu\u017ebenoj pres-konferenciji od kako je imenovan na ovu du\u017enost, da se u BiH vratio u vremenu kojeg mnogi smatraju najte\u017eim periodom u modernoj povijesti zemlje. &#8211; BiH su potrebne funkcionalne, efikasne i odgovorne dr\u017eavne institucije [&hellip;]<\/p>\n","protected":false},"author":2,"featured_media":123588,"comment_status":"closed","ping_status":"closed","sticky":false,"template":"","format":"standard","meta":{"h5ap_radio_sources":[],"footnotes":""},"categories":[1],"tags":[],"class_list":["post-127367","post","type-post","status-publish","format-standard","has-post-thumbnail","hentry","category-bihiregija"],"yoast_head":"<!-- This site is optimized with the Yoast SEO plugin v27.5 - https:\/\/yoast.com\/product\/yoast-seo-wordpress\/ -->\n<title>Murphy: Tijekom mandata borit \u0107u se protiv malignih utjecaja posebno Rusije i Kine - RADIO LJUBU\u0160KI<\/title>\n<meta name=\"robots\" content=\"index, follow, max-snippet:-1, max-image-preview:large, max-video-preview:-1\" \/>\n<link rel=\"canonical\" href=\"https:\/\/radioljubuski.ba\/index.php\/2022\/03\/31\/murphy-tijekom-mandata-borit-cu-se-protiv-malignih-utjecaja-posebno-rusije-i-kine\/\" \/>\n<meta property=\"og:locale\" content=\"hr_HR\" \/>\n<meta property=\"og:type\" content=\"article\" \/>\n<meta property=\"og:title\" content=\"Murphy: Tijekom mandata borit \u0107u se protiv malignih utjecaja posebno Rusije i Kine - RADIO LJUBU\u0160KI\" \/>\n<meta property=\"og:description\" content=\"Veleposlanik Sjedinjenih Ameri\u010dkih Dr\u017eava u Bosni i Hercegovini Michael J. Murphya kazao je danas novinarima u Sarajevu, na svojoj prvoj slu\u017ebenoj pres-konferenciji od kako je imenovan na ovu du\u017enost, da se u BiH vratio u vremenu kojeg mnogi smatraju najte\u017eim periodom u modernoj povijesti zemlje. &#8211; BiH su potrebne funkcionalne, efikasne i odgovorne dr\u017eavne institucije [&hellip;]\" \/>\n<meta property=\"og:url\" content=\"https:\/\/radioljubuski.ba\/index.php\/2022\/03\/31\/murphy-tijekom-mandata-borit-cu-se-protiv-malignih-utjecaja-posebno-rusije-i-kine\/\" \/>\n<meta property=\"og:site_name\" content=\"RADIO LJUBU\u0160KI\" \/>\n<meta property=\"article:publisher\" content=\"https:\/\/www.facebook.com\/Radiio-Ljubuski-1490835324566332\" \/>\n<meta property=\"article:published_time\" content=\"2022-03-31T15:43:27+00:00\" \/>\n<meta property=\"og:image\" content=\"https:\/\/radioljubuski.ba\/wp-content\/uploads\/2022\/03\/murphy.jpg\" \/>\n\t<meta property=\"og:image:width\" content=\"1000\" \/>\n\t<meta property=\"og:image:height\" content=\"625\" \/>\n\t<meta property=\"og:image:type\" content=\"image\/jpeg\" \/>\n<meta name=\"author\" content=\"Radio Ljubu\u0161ki\" \/>\n<meta name=\"twitter:card\" content=\"summary_large_image\" \/>\n<meta name=\"twitter:creator\" content=\"@radioljubuski\" \/>\n<meta name=\"twitter:site\" content=\"@radioljubuski\" \/>\n<meta name=\"twitter:label1\" content=\"Napisao\/la\" \/>\n\t<meta name=\"twitter:data1\" content=\"Radio Ljubu\u0161ki\" \/>\n\t<meta name=\"twitter:label2\" content=\"Procijenjeno vrijeme \u010ditanja\" \/>\n\t<meta name=\"twitter:data2\" content=\"4 minute\" \/>\n<script type=\"application\/ld+json\" class=\"yoast-schema-graph\">{\"@context\":\"https:\\\/\\\/schema.org\",\"@graph\":[{\"@type\":\"Article\",\"@id\":\"https:\\\/\\\/radioljubuski.ba\\\/index.php\\\/2022\\\/03\\\/31\\\/murphy-tijekom-mandata-borit-cu-se-protiv-malignih-utjecaja-posebno-rusije-i-kine\\\/#article\",\"isPartOf\":{\"@id\":\"https:\\\/\\\/radioljubuski.ba\\\/index.php\\\/2022\\\/03\\\/31\\\/murphy-tijekom-mandata-borit-cu-se-protiv-malignih-utjecaja-posebno-rusije-i-kine\\\/\"},\"author\":{\"name\":\"Radio Ljubu\u0161ki\",\"@id\":\"https:\\\/\\\/radioljubuski.ba\\\/#\\\/schema\\\/person\\\/19fc700381a780f69665d7956c469e3b\"},\"headline\":\"Murphy: Tijekom mandata borit \u0107u se protiv malignih utjecaja posebno Rusije i Kine\",\"datePublished\":\"2022-03-31T15:43:27+00:00\",\"mainEntityOfPage\":{\"@id\":\"https:\\\/\\\/radioljubuski.ba\\\/index.php\\\/2022\\\/03\\\/31\\\/murphy-tijekom-mandata-borit-cu-se-protiv-malignih-utjecaja-posebno-rusije-i-kine\\\/\"},\"wordCount\":1024,\"publisher\":{\"@id\":\"https:\\\/\\\/radioljubuski.ba\\\/#organization\"},\"image\":{\"@id\":\"https:\\\/\\\/radioljubuski.ba\\\/index.php\\\/2022\\\/03\\\/31\\\/murphy-tijekom-mandata-borit-cu-se-protiv-malignih-utjecaja-posebno-rusije-i-kine\\\/#primaryimage\"},\"thumbnailUrl\":\"https:\\\/\\\/radioljubuski.ba\\\/wp-content\\\/uploads\\\/2022\\\/03\\\/murphy.jpg\",\"articleSection\":[\"BIH i regija\"],\"inLanguage\":\"hr\"},{\"@type\":\"WebPage\",\"@id\":\"https:\\\/\\\/radioljubuski.ba\\\/index.php\\\/2022\\\/03\\\/31\\\/murphy-tijekom-mandata-borit-cu-se-protiv-malignih-utjecaja-posebno-rusije-i-kine\\\/\",\"url\":\"https:\\\/\\\/radioljubuski.ba\\\/index.php\\\/2022\\\/03\\\/31\\\/murphy-tijekom-mandata-borit-cu-se-protiv-malignih-utjecaja-posebno-rusije-i-kine\\\/\",\"name\":\"Murphy: Tijekom mandata borit \u0107u se protiv malignih utjecaja posebno Rusije i Kine - RADIO LJUBU\u0160KI\",\"isPartOf\":{\"@id\":\"https:\\\/\\\/radioljubuski.ba\\\/#website\"},\"primaryImageOfPage\":{\"@id\":\"https:\\\/\\\/radioljubuski.ba\\\/index.php\\\/2022\\\/03\\\/31\\\/murphy-tijekom-mandata-borit-cu-se-protiv-malignih-utjecaja-posebno-rusije-i-kine\\\/#primaryimage\"},\"image\":{\"@id\":\"https:\\\/\\\/radioljubuski.ba\\\/index.php\\\/2022\\\/03\\\/31\\\/murphy-tijekom-mandata-borit-cu-se-protiv-malignih-utjecaja-posebno-rusije-i-kine\\\/#primaryimage\"},\"thumbnailUrl\":\"https:\\\/\\\/radioljubuski.ba\\\/wp-content\\\/uploads\\\/2022\\\/03\\\/murphy.jpg\",\"datePublished\":\"2022-03-31T15:43:27+00:00\",\"breadcrumb\":{\"@id\":\"https:\\\/\\\/radioljubuski.ba\\\/index.php\\\/2022\\\/03\\\/31\\\/murphy-tijekom-mandata-borit-cu-se-protiv-malignih-utjecaja-posebno-rusije-i-kine\\\/#breadcrumb\"},\"inLanguage\":\"hr\",\"potentialAction\":[{\"@type\":\"ReadAction\",\"target\":[\"https:\\\/\\\/radioljubuski.ba\\\/index.php\\\/2022\\\/03\\\/31\\\/murphy-tijekom-mandata-borit-cu-se-protiv-malignih-utjecaja-posebno-rusije-i-kine\\\/\"]}]},{\"@type\":\"ImageObject\",\"inLanguage\":\"hr\",\"@id\":\"https:\\\/\\\/radioljubuski.ba\\\/index.php\\\/2022\\\/03\\\/31\\\/murphy-tijekom-mandata-borit-cu-se-protiv-malignih-utjecaja-posebno-rusije-i-kine\\\/#primaryimage\",\"url\":\"https:\\\/\\\/radioljubuski.ba\\\/wp-content\\\/uploads\\\/2022\\\/03\\\/murphy.jpg\",\"contentUrl\":\"https:\\\/\\\/radioljubuski.ba\\\/wp-content\\\/uploads\\\/2022\\\/03\\\/murphy.jpg\",\"width\":1000,\"height\":625},{\"@type\":\"BreadcrumbList\",\"@id\":\"https:\\\/\\\/radioljubuski.ba\\\/index.php\\\/2022\\\/03\\\/31\\\/murphy-tijekom-mandata-borit-cu-se-protiv-malignih-utjecaja-posebno-rusije-i-kine\\\/#breadcrumb\",\"itemListElement\":[{\"@type\":\"ListItem\",\"position\":1,\"name\":\"Po\u010detna stranica\",\"item\":\"https:\\\/\\\/radioljubuski.ba\\\/\"},{\"@type\":\"ListItem\",\"position\":2,\"name\":\"Murphy: Tijekom mandata borit \u0107u se protiv malignih utjecaja posebno Rusije i Kine\"}]},{\"@type\":\"WebSite\",\"@id\":\"https:\\\/\\\/radioljubuski.ba\\\/#website\",\"url\":\"https:\\\/\\\/radioljubuski.ba\\\/\",\"name\":\"Radio Ljubu\u0161ki\",\"description\":\"Sun\u010dana frekvencija Hercegovine\",\"publisher\":{\"@id\":\"https:\\\/\\\/radioljubuski.ba\\\/#organization\"},\"potentialAction\":[{\"@type\":\"SearchAction\",\"target\":{\"@type\":\"EntryPoint\",\"urlTemplate\":\"https:\\\/\\\/radioljubuski.ba\\\/?s={search_term_string}\"},\"query-input\":{\"@type\":\"PropertyValueSpecification\",\"valueRequired\":true,\"valueName\":\"search_term_string\"}}],\"inLanguage\":\"hr\"},{\"@type\":\"Organization\",\"@id\":\"https:\\\/\\\/radioljubuski.ba\\\/#organization\",\"name\":\"Radio Ljubu\u0161ki\",\"url\":\"https:\\\/\\\/radioljubuski.ba\\\/\",\"logo\":{\"@type\":\"ImageObject\",\"inLanguage\":\"hr\",\"@id\":\"https:\\\/\\\/radioljubuski.ba\\\/#\\\/schema\\\/logo\\\/image\\\/\",\"url\":\"https:\\\/\\\/radioljubuski.ba\\\/wp-content\\\/uploads\\\/2021\\\/02\\\/cropped-Radio_Ljubuski_logo1.jpg\",\"contentUrl\":\"https:\\\/\\\/radioljubuski.ba\\\/wp-content\\\/uploads\\\/2021\\\/02\\\/cropped-Radio_Ljubuski_logo1.jpg\",\"width\":512,\"height\":512,\"caption\":\"Radio Ljubu\u0161ki\"},\"image\":{\"@id\":\"https:\\\/\\\/radioljubuski.ba\\\/#\\\/schema\\\/logo\\\/image\\\/\"},\"sameAs\":[\"https:\\\/\\\/www.facebook.com\\\/Radiio-Ljubuski-1490835324566332\",\"https:\\\/\\\/x.com\\\/radioljubuski\",\"https:\\\/\\\/hr.linkedin.com\\\/company\\\/radio-ljubuski\",\"https:\\\/\\\/www.youtube.com\\\/channel\\\/UCHYaeO_n0Db3tjNGudGpXyw\"]},{\"@type\":\"Person\",\"@id\":\"https:\\\/\\\/radioljubuski.ba\\\/#\\\/schema\\\/person\\\/19fc700381a780f69665d7956c469e3b\",\"name\":\"Radio Ljubu\u0161ki\"}]}<\/script>\n<!-- \/ Yoast SEO plugin. -->","yoast_head_json":{"title":"Murphy: Tijekom mandata borit \u0107u se protiv malignih utjecaja posebno Rusije i Kine - RADIO LJUBU\u0160KI","robots":{"index":"index","follow":"follow","max-snippet":"max-snippet:-1","max-image-preview":"max-image-preview:large","max-video-preview":"max-video-preview:-1"},"canonical":"https:\/\/radioljubuski.ba\/index.php\/2022\/03\/31\/murphy-tijekom-mandata-borit-cu-se-protiv-malignih-utjecaja-posebno-rusije-i-kine\/","og_locale":"hr_HR","og_type":"article","og_title":"Murphy: Tijekom mandata borit \u0107u se protiv malignih utjecaja posebno Rusije i Kine - RADIO LJUBU\u0160KI","og_description":"Veleposlanik Sjedinjenih Ameri\u010dkih Dr\u017eava u Bosni i Hercegovini Michael J. Murphya kazao je danas novinarima u Sarajevu, na svojoj prvoj slu\u017ebenoj pres-konferenciji od kako je imenovan na ovu du\u017enost, da se u BiH vratio u vremenu kojeg mnogi smatraju najte\u017eim periodom u modernoj povijesti zemlje. &#8211; BiH su potrebne funkcionalne, efikasne i odgovorne dr\u017eavne institucije [&hellip;]","og_url":"https:\/\/radioljubuski.ba\/index.php\/2022\/03\/31\/murphy-tijekom-mandata-borit-cu-se-protiv-malignih-utjecaja-posebno-rusije-i-kine\/","og_site_name":"RADIO LJUBU\u0160KI","article_publisher":"https:\/\/www.facebook.com\/Radiio-Ljubuski-1490835324566332","article_published_time":"2022-03-31T15:43:27+00:00","og_image":[{"width":1000,"height":625,"url":"https:\/\/radioljubuski.ba\/wp-content\/uploads\/2022\/03\/murphy.jpg","type":"image\/jpeg"}],"author":"Radio Ljubu\u0161ki","twitter_card":"summary_large_image","twitter_creator":"@radioljubuski","twitter_site":"@radioljubuski","twitter_misc":{"Napisao\/la":"Radio Ljubu\u0161ki","Procijenjeno vrijeme \u010ditanja":"4 minute"},"schema":{"@context":"https:\/\/schema.org","@graph":[{"@type":"Article","@id":"https:\/\/radioljubuski.ba\/index.php\/2022\/03\/31\/murphy-tijekom-mandata-borit-cu-se-protiv-malignih-utjecaja-posebno-rusije-i-kine\/#article","isPartOf":{"@id":"https:\/\/radioljubuski.ba\/index.php\/2022\/03\/31\/murphy-tijekom-mandata-borit-cu-se-protiv-malignih-utjecaja-posebno-rusije-i-kine\/"},"author":{"name":"Radio Ljubu\u0161ki","@id":"https:\/\/radioljubuski.ba\/#\/schema\/person\/19fc700381a780f69665d7956c469e3b"},"headline":"Murphy: Tijekom mandata borit \u0107u se protiv malignih utjecaja posebno Rusije i Kine","datePublished":"2022-03-31T15:43:27+00:00","mainEntityOfPage":{"@id":"https:\/\/radioljubuski.ba\/index.php\/2022\/03\/31\/murphy-tijekom-mandata-borit-cu-se-protiv-malignih-utjecaja-posebno-rusije-i-kine\/"},"wordCount":1024,"publisher":{"@id":"https:\/\/radioljubuski.ba\/#organization"},"image":{"@id":"https:\/\/radioljubuski.ba\/index.php\/2022\/03\/31\/murphy-tijekom-mandata-borit-cu-se-protiv-malignih-utjecaja-posebno-rusije-i-kine\/#primaryimage"},"thumbnailUrl":"https:\/\/radioljubuski.ba\/wp-content\/uploads\/2022\/03\/murphy.jpg","articleSection":["BIH i regija"],"inLanguage":"hr"},{"@type":"WebPage","@id":"https:\/\/radioljubuski.ba\/index.php\/2022\/03\/31\/murphy-tijekom-mandata-borit-cu-se-protiv-malignih-utjecaja-posebno-rusije-i-kine\/","url":"https:\/\/radioljubuski.ba\/index.php\/2022\/03\/31\/murphy-tijekom-mandata-borit-cu-se-protiv-malignih-utjecaja-posebno-rusije-i-kine\/","name":"Murphy: Tijekom mandata borit \u0107u se protiv malignih utjecaja posebno Rusije i Kine - RADIO LJUBU\u0160KI","isPartOf":{"@id":"https:\/\/radioljubuski.ba\/#website"},"primaryImageOfPage":{"@id":"https:\/\/radioljubuski.ba\/index.php\/2022\/03\/31\/murphy-tijekom-mandata-borit-cu-se-protiv-malignih-utjecaja-posebno-rusije-i-kine\/#primaryimage"},"image":{"@id":"https:\/\/radioljubuski.ba\/index.php\/2022\/03\/31\/murphy-tijekom-mandata-borit-cu-se-protiv-malignih-utjecaja-posebno-rusije-i-kine\/#primaryimage"},"thumbnailUrl":"https:\/\/radioljubuski.ba\/wp-content\/uploads\/2022\/03\/murphy.jpg","datePublished":"2022-03-31T15:43:27+00:00","breadcrumb":{"@id":"https:\/\/radioljubuski.ba\/index.php\/2022\/03\/31\/murphy-tijekom-mandata-borit-cu-se-protiv-malignih-utjecaja-posebno-rusije-i-kine\/#breadcrumb"},"inLanguage":"hr","potentialAction":[{"@type":"ReadAction","target":["https:\/\/radioljubuski.ba\/index.php\/2022\/03\/31\/murphy-tijekom-mandata-borit-cu-se-protiv-malignih-utjecaja-posebno-rusije-i-kine\/"]}]},{"@type":"ImageObject","inLanguage":"hr","@id":"https:\/\/radioljubuski.ba\/index.php\/2022\/03\/31\/murphy-tijekom-mandata-borit-cu-se-protiv-malignih-utjecaja-posebno-rusije-i-kine\/#primaryimage","url":"https:\/\/radioljubuski.ba\/wp-content\/uploads\/2022\/03\/murphy.jpg","contentUrl":"https:\/\/radioljubuski.ba\/wp-content\/uploads\/2022\/03\/murphy.jpg","width":1000,"height":625},{"@type":"BreadcrumbList","@id":"https:\/\/radioljubuski.ba\/index.php\/2022\/03\/31\/murphy-tijekom-mandata-borit-cu-se-protiv-malignih-utjecaja-posebno-rusije-i-kine\/#breadcrumb","itemListElement":[{"@type":"ListItem","position":1,"name":"Po\u010detna stranica","item":"https:\/\/radioljubuski.ba\/"},{"@type":"ListItem","position":2,"name":"Murphy: Tijekom mandata borit \u0107u se protiv malignih utjecaja posebno Rusije i Kine"}]},{"@type":"WebSite","@id":"https:\/\/radioljubuski.ba\/#website","url":"https:\/\/radioljubuski.ba\/","name":"Radio Ljubu\u0161ki","description":"Sun\u010dana frekvencija Hercegovine","publisher":{"@id":"https:\/\/radioljubuski.ba\/#organization"},"potentialAction":[{"@type":"SearchAction","target":{"@type":"EntryPoint","urlTemplate":"https:\/\/radioljubuski.ba\/?s={search_term_string}"},"query-input":{"@type":"PropertyValueSpecification","valueRequired":true,"valueName":"search_term_string"}}],"inLanguage":"hr"},{"@type":"Organization","@id":"https:\/\/radioljubuski.ba\/#organization","name":"Radio Ljubu\u0161ki","url":"https:\/\/radioljubuski.ba\/","logo":{"@type":"ImageObject","inLanguage":"hr","@id":"https:\/\/radioljubuski.ba\/#\/schema\/logo\/image\/","url":"https:\/\/radioljubuski.ba\/wp-content\/uploads\/2021\/02\/cropped-Radio_Ljubuski_logo1.jpg","contentUrl":"https:\/\/radioljubuski.ba\/wp-content\/uploads\/2021\/02\/cropped-Radio_Ljubuski_logo1.jpg","width":512,"height":512,"caption":"Radio Ljubu\u0161ki"},"image":{"@id":"https:\/\/radioljubuski.ba\/#\/schema\/logo\/image\/"},"sameAs":["https:\/\/www.facebook.com\/Radiio-Ljubuski-1490835324566332","https:\/\/x.com\/radioljubuski","https:\/\/hr.linkedin.com\/company\/radio-ljubuski","https:\/\/www.youtube.com\/channel\/UCHYaeO_n0Db3tjNGudGpXyw"]},{"@type":"Person","@id":"https:\/\/radioljubuski.ba\/#\/schema\/person\/19fc700381a780f69665d7956c469e3b","name":"Radio Ljubu\u0161ki"}]}},"_links":{"self":[{"href":"https:\/\/radioljubuski.ba\/index.php\/wp-json\/wp\/v2\/posts\/127367","targetHints":{"allow":["GET"]}}],"collection":[{"href":"https:\/\/radioljubuski.ba\/index.php\/wp-json\/wp\/v2\/posts"}],"about":[{"href":"https:\/\/radioljubuski.ba\/index.php\/wp-json\/wp\/v2\/types\/post"}],"author":[{"embeddable":true,"href":"https:\/\/radioljubuski.ba\/index.php\/wp-json\/wp\/v2\/users\/2"}],"replies":[{"embeddable":true,"href":"https:\/\/radioljubuski.ba\/index.php\/wp-json\/wp\/v2\/comments?post=127367"}],"version-history":[{"count":1,"href":"https:\/\/radioljubuski.ba\/index.php\/wp-json\/wp\/v2\/posts\/127367\/revisions"}],"predecessor-version":[{"id":127368,"href":"https:\/\/radioljubuski.ba\/index.php\/wp-json\/wp\/v2\/posts\/127367\/revisions\/127368"}],"wp:featuredmedia":[{"embeddable":true,"href":"https:\/\/radioljubuski.ba\/index.php\/wp-json\/wp\/v2\/media\/123588"}],"wp:attachment":[{"href":"https:\/\/radioljubuski.ba\/index.php\/wp-json\/wp\/v2\/media?parent=127367"}],"wp:term":[{"taxonomy":"category","embeddable":true,"href":"https:\/\/radioljubuski.ba\/index.php\/wp-json\/wp\/v2\/categories?post=127367"},{"taxonomy":"post_tag","embeddable":true,"href":"https:\/\/radioljubuski.ba\/index.php\/wp-json\/wp\/v2\/tags?post=127367"}],"curies":[{"name":"wp","href":"https:\/\/api.w.org\/{rel}","templated":true}]}}