{"id":1274,"date":"2021-03-04T23:31:50","date_gmt":"2021-03-04T23:31:50","guid":{"rendered":"https:\/\/radioljubuski.ba\/?p=1274"},"modified":"2021-03-04T23:31:51","modified_gmt":"2021-03-04T23:31:51","slug":"alemka-markotic-predlozena-za-nagradu-zagrepcanka-godine","status":"publish","type":"post","link":"https:\/\/radioljubuski.ba\/index.php\/2021\/03\/04\/alemka-markotic-predlozena-za-nagradu-zagrepcanka-godine\/","title":{"rendered":"Alemka Markoti\u0107 predlo\u017eena za nagradu &#8220;Zagrep\u010danka godine&#8221;"},"content":{"rendered":"\n<p><strong>Alemka Markoti\u0107, ravnateljica Klinike za infektivne bolesti &#8220;Dr. Fran Mihaljevi\u0107&#8221;, na sjednici Odbora za javna priznanja zagreba\u010dke Gradske skup\u0161tine predlo\u017eena je za nagradu &#8220;Zagrep\u010danka godine&#8221;. Predlo\u017eeno je i 17 kandidata za Nagradu Grada Zagreba.<\/strong><\/p>\n\n\n\n<p>Predsjednik zagreba\u010dke Gradske skup\u0161tine i predsjednik skup\u0161tinskog Odbora za javna priznanja HDZ-ov&nbsp;<strong>Mislav Herman<\/strong>&nbsp;novinarima je rekao o da je Alemka Markoti\u0107 dobila potporu ve\u0107ine \u010dlanova Odbora.&nbsp;<\/p>\n\n\n\n<p>Odboru&nbsp; je za Nagradu &#8220;Zagrep\u010danka godine&#8221; pristiglo 17 prijedloga za 14 kandidatkinja i ve\u0107inom glasova izglasali su kako \u0107e njihov prijedlog za sjednicu Gradske skup\u0161tine biti profesorica, doktorica znanosti Alemka Markoti\u0107.<\/p>\n\n\n\n<p>&#8211; Profesorica Alemka Markoti\u0107 dokazala se u 2020. godini nesebi\u010dno u borbi i anga\u017emanu protiv pandemije virusom COVID-19. Osim toga je izrazito prepoznata znanstvenica iz polja biomedicinskih znanosti, to\u010dnije virusologije. Me\u0111u prvima je upozorila na pove\u0107ani i pobol i smrtnost \u017eena u odnosu na mu\u0161karce od bolesti COVID-19. Pokrenula je i neka istra\u017eivanja o utjecaju virusne infekcije COVID-19 na \u017eensko reproduktivno zdravlje, obrazlo\u017eio je Herman.<\/p>\n\n\n\n<p>Herman je rekao da su usuglasili prijedloge oko &#8220;Nagrade Grada Zagreba&#8221; i nagrade &#8220;Zagrep\u010danka godine&#8221; koje \u0107e uputiti na sljede\u0107u sjednicu Gradske skup\u0161tine koja \u0107e se odr\u017eati 16. o\u017eujka. Obje \u0107e nagrade biti dodijeljene 31. svibnja, na Dan grada Zagreba.&nbsp; &nbsp;<\/p>\n\n\n\n<p>Skup\u0161tinskom Odboru za javna priznanja pristiglo je i 107 prijedloga za ukupno 90 kandidata za &#8220;Nagradu Grada Zagreba&#8221;. Odbor je izglasao 17 kandidata koje predla\u017ee zastupnicima Gradske skup\u0161tine za dobitnike &#8220;Nagrade Grada Zagreba&#8221;.<\/p>\n\n\n\n<p>To su pedagoginja&nbsp;<strong>Milka Babovi\u0107<\/strong>&nbsp;(posmrtno), Crveni kri\u017e Zagreb, dekanica Fakulteta za film i scenske umjetnosti pri Sveu\u010dili\u0161tu Libertas, umirovljena nacionalna prvakinja HNK u Zagrebu&nbsp;<strong>Branka Cvitkovi\u0107<\/strong>, knji\u017eevnik, prevoditelj, publicist i novinar&nbsp;<strong>Stjepan \u010cui\u0107<\/strong>, de\u017eurno osoblje Klinike za \u017eenske bolesti i porode KBC-a Zagreb 22. o\u017eujka 2020., glazbeni umjetnik&nbsp;<strong>Drago Dikli\u0107<\/strong>, Gra\u0111evinski fakultet Sveu\u010dili\u0161ta u Zagrebu, Hrvatsko lije\u010dni\u010dko glazbeno dru\u0161tvo i Hrvatski lije\u010dni\u010dki zbor, povjesni\u010darka umjetnosti dr.&nbsp;<strong>Snje\u0161ka Kne\u017eevi\u0107<\/strong>, koordinatorica projekata i potpredsjednica SOIH-a&nbsp;<strong>Marica Miri\u0107<\/strong>, Nastavni zavod za javno zdravstvo &#8220;Dr. Andrija \u0160tampar&#8221;, Radna skupina i projektni tim znanstveno-istra\u017eiva\u010dkog i izdava\u010dkog projekta &#8220;Povijest hrvatskoga jezika od srednjeg vijeka do 21. stolje\u0107a&#8221;, dekanica Edukacijsko-rehabilitacijskog fakulteta&nbsp;<strong>Snje\u017eana Seku\u0161ak-Gale\u0161ev<\/strong>, izbornik hrvatske rukometne repezentacije i glavni trener seniorske ekipe Rukometnog kluba Lokomotiva Zagreb&nbsp;<strong>Nenad \u0160o\u0161tari\u0107<\/strong>, arheologinja i muzeologinja&nbsp;<strong>Branka \u0160ulc<\/strong>, akademik&nbsp;<strong>Josip Madi\u0107<\/strong>&nbsp;i Primarni respiracijsko-intenzivisti\u010dki centar Klini\u010dke bolnice Dubrava.&nbsp; &nbsp;<\/p>\n\n\n\n<p>Izvor:hrt.hr<\/p>\n","protected":false},"excerpt":{"rendered":"<p>Alemka Markoti\u0107, ravnateljica Klinike za infektivne bolesti &#8220;Dr. Fran Mihaljevi\u0107&#8221;, na sjednici Odbora za javna priznanja zagreba\u010dke Gradske skup\u0161tine predlo\u017eena je za nagradu &#8220;Zagrep\u010danka godine&#8221;. Predlo\u017eeno je i 17 kandidata za Nagradu Grada Zagreba. Predsjednik zagreba\u010dke Gradske skup\u0161tine i predsjednik skup\u0161tinskog Odbora za javna priznanja HDZ-ov&nbsp;Mislav Herman&nbsp;novinarima je rekao o da je Alemka Markoti\u0107 dobila [&hellip;]<\/p>\n","protected":false},"author":2,"featured_media":0,"comment_status":"closed","ping_status":"closed","sticky":false,"template":"","format":"standard","meta":{"h5ap_radio_sources":[],"footnotes":""},"categories":[1],"tags":[],"class_list":["post-1274","post","type-post","status-publish","format-standard","hentry","category-bihiregija"],"yoast_head":"<!-- This site is optimized with the Yoast SEO plugin v27.5 - https:\/\/yoast.com\/product\/yoast-seo-wordpress\/ -->\n<title>Alemka Markoti\u0107 predlo\u017eena za nagradu &quot;Zagrep\u010danka godine&quot; - RADIO LJUBU\u0160KI<\/title>\n<meta name=\"robots\" content=\"index, follow, max-snippet:-1, max-image-preview:large, max-video-preview:-1\" \/>\n<link rel=\"canonical\" href=\"https:\/\/radioljubuski.ba\/index.php\/2021\/03\/04\/alemka-markotic-predlozena-za-nagradu-zagrepcanka-godine\/\" \/>\n<meta property=\"og:locale\" content=\"hr_HR\" \/>\n<meta property=\"og:type\" content=\"article\" \/>\n<meta property=\"og:title\" content=\"Alemka Markoti\u0107 predlo\u017eena za nagradu &quot;Zagrep\u010danka godine&quot; - RADIO LJUBU\u0160KI\" \/>\n<meta property=\"og:description\" content=\"Alemka Markoti\u0107, ravnateljica Klinike za infektivne bolesti &#8220;Dr. Fran Mihaljevi\u0107&#8221;, na sjednici Odbora za javna priznanja zagreba\u010dke Gradske skup\u0161tine predlo\u017eena je za nagradu &#8220;Zagrep\u010danka godine&#8221;. Predlo\u017eeno je i 17 kandidata za Nagradu Grada Zagreba. Predsjednik zagreba\u010dke Gradske skup\u0161tine i predsjednik skup\u0161tinskog Odbora za javna priznanja HDZ-ov&nbsp;Mislav Herman&nbsp;novinarima je rekao o da je Alemka Markoti\u0107 dobila [&hellip;]\" \/>\n<meta property=\"og:url\" content=\"https:\/\/radioljubuski.ba\/index.php\/2021\/03\/04\/alemka-markotic-predlozena-za-nagradu-zagrepcanka-godine\/\" \/>\n<meta property=\"og:site_name\" content=\"RADIO LJUBU\u0160KI\" \/>\n<meta property=\"article:publisher\" content=\"https:\/\/www.facebook.com\/Radiio-Ljubuski-1490835324566332\" \/>\n<meta property=\"article:published_time\" content=\"2021-03-04T23:31:50+00:00\" \/>\n<meta property=\"article:modified_time\" content=\"2021-03-04T23:31:51+00:00\" \/>\n<meta property=\"og:image\" content=\"https:\/\/radioljubuski.ba\/wp-content\/uploads\/2021\/03\/tvd2-clean-feed-frame-18481-20210210181243.jpg\" \/>\n\t<meta property=\"og:image:width\" content=\"1920\" \/>\n\t<meta property=\"og:image:height\" content=\"1080\" \/>\n\t<meta property=\"og:image:type\" content=\"image\/jpeg\" \/>\n<meta name=\"author\" content=\"Radio Ljubu\u0161ki\" \/>\n<meta name=\"twitter:card\" content=\"summary_large_image\" \/>\n<meta name=\"twitter:creator\" content=\"@radioljubuski\" \/>\n<meta name=\"twitter:site\" content=\"@radioljubuski\" \/>\n<meta name=\"twitter:label1\" content=\"Napisao\/la\" \/>\n\t<meta name=\"twitter:data1\" content=\"Radio Ljubu\u0161ki\" \/>\n\t<meta name=\"twitter:label2\" content=\"Procijenjeno vrijeme \u010ditanja\" \/>\n\t<meta name=\"twitter:data2\" content=\"2 minute\" \/>\n<script type=\"application\/ld+json\" class=\"yoast-schema-graph\">{\"@context\":\"https:\\\/\\\/schema.org\",\"@graph\":[{\"@type\":\"Article\",\"@id\":\"https:\\\/\\\/radioljubuski.ba\\\/index.php\\\/2021\\\/03\\\/04\\\/alemka-markotic-predlozena-za-nagradu-zagrepcanka-godine\\\/#article\",\"isPartOf\":{\"@id\":\"https:\\\/\\\/radioljubuski.ba\\\/index.php\\\/2021\\\/03\\\/04\\\/alemka-markotic-predlozena-za-nagradu-zagrepcanka-godine\\\/\"},\"author\":{\"name\":\"Radio Ljubu\u0161ki\",\"@id\":\"https:\\\/\\\/radioljubuski.ba\\\/#\\\/schema\\\/person\\\/19fc700381a780f69665d7956c469e3b\"},\"headline\":\"Alemka Markoti\u0107 predlo\u017eena za nagradu &#8220;Zagrep\u010danka godine&#8221;\",\"datePublished\":\"2021-03-04T23:31:50+00:00\",\"dateModified\":\"2021-03-04T23:31:51+00:00\",\"mainEntityOfPage\":{\"@id\":\"https:\\\/\\\/radioljubuski.ba\\\/index.php\\\/2021\\\/03\\\/04\\\/alemka-markotic-predlozena-za-nagradu-zagrepcanka-godine\\\/\"},\"wordCount\":441,\"publisher\":{\"@id\":\"https:\\\/\\\/radioljubuski.ba\\\/#organization\"},\"articleSection\":[\"BIH i regija\"],\"inLanguage\":\"hr\"},{\"@type\":\"WebPage\",\"@id\":\"https:\\\/\\\/radioljubuski.ba\\\/index.php\\\/2021\\\/03\\\/04\\\/alemka-markotic-predlozena-za-nagradu-zagrepcanka-godine\\\/\",\"url\":\"https:\\\/\\\/radioljubuski.ba\\\/index.php\\\/2021\\\/03\\\/04\\\/alemka-markotic-predlozena-za-nagradu-zagrepcanka-godine\\\/\",\"name\":\"Alemka Markoti\u0107 predlo\u017eena za nagradu \\\"Zagrep\u010danka godine\\\" - RADIO LJUBU\u0160KI\",\"isPartOf\":{\"@id\":\"https:\\\/\\\/radioljubuski.ba\\\/#website\"},\"datePublished\":\"2021-03-04T23:31:50+00:00\",\"dateModified\":\"2021-03-04T23:31:51+00:00\",\"breadcrumb\":{\"@id\":\"https:\\\/\\\/radioljubuski.ba\\\/index.php\\\/2021\\\/03\\\/04\\\/alemka-markotic-predlozena-za-nagradu-zagrepcanka-godine\\\/#breadcrumb\"},\"inLanguage\":\"hr\",\"potentialAction\":[{\"@type\":\"ReadAction\",\"target\":[\"https:\\\/\\\/radioljubuski.ba\\\/index.php\\\/2021\\\/03\\\/04\\\/alemka-markotic-predlozena-za-nagradu-zagrepcanka-godine\\\/\"]}]},{\"@type\":\"BreadcrumbList\",\"@id\":\"https:\\\/\\\/radioljubuski.ba\\\/index.php\\\/2021\\\/03\\\/04\\\/alemka-markotic-predlozena-za-nagradu-zagrepcanka-godine\\\/#breadcrumb\",\"itemListElement\":[{\"@type\":\"ListItem\",\"position\":1,\"name\":\"Po\u010detna stranica\",\"item\":\"https:\\\/\\\/radioljubuski.ba\\\/\"},{\"@type\":\"ListItem\",\"position\":2,\"name\":\"Alemka Markoti\u0107 predlo\u017eena za nagradu &#8220;Zagrep\u010danka godine&#8221;\"}]},{\"@type\":\"WebSite\",\"@id\":\"https:\\\/\\\/radioljubuski.ba\\\/#website\",\"url\":\"https:\\\/\\\/radioljubuski.ba\\\/\",\"name\":\"Radio Ljubu\u0161ki\",\"description\":\"Sun\u010dana frekvencija Hercegovine\",\"publisher\":{\"@id\":\"https:\\\/\\\/radioljubuski.ba\\\/#organization\"},\"potentialAction\":[{\"@type\":\"SearchAction\",\"target\":{\"@type\":\"EntryPoint\",\"urlTemplate\":\"https:\\\/\\\/radioljubuski.ba\\\/?s={search_term_string}\"},\"query-input\":{\"@type\":\"PropertyValueSpecification\",\"valueRequired\":true,\"valueName\":\"search_term_string\"}}],\"inLanguage\":\"hr\"},{\"@type\":\"Organization\",\"@id\":\"https:\\\/\\\/radioljubuski.ba\\\/#organization\",\"name\":\"Radio Ljubu\u0161ki\",\"url\":\"https:\\\/\\\/radioljubuski.ba\\\/\",\"logo\":{\"@type\":\"ImageObject\",\"inLanguage\":\"hr\",\"@id\":\"https:\\\/\\\/radioljubuski.ba\\\/#\\\/schema\\\/logo\\\/image\\\/\",\"url\":\"https:\\\/\\\/radioljubuski.ba\\\/wp-content\\\/uploads\\\/2021\\\/02\\\/cropped-Radio_Ljubuski_logo1.jpg\",\"contentUrl\":\"https:\\\/\\\/radioljubuski.ba\\\/wp-content\\\/uploads\\\/2021\\\/02\\\/cropped-Radio_Ljubuski_logo1.jpg\",\"width\":512,\"height\":512,\"caption\":\"Radio Ljubu\u0161ki\"},\"image\":{\"@id\":\"https:\\\/\\\/radioljubuski.ba\\\/#\\\/schema\\\/logo\\\/image\\\/\"},\"sameAs\":[\"https:\\\/\\\/www.facebook.com\\\/Radiio-Ljubuski-1490835324566332\",\"https:\\\/\\\/x.com\\\/radioljubuski\",\"https:\\\/\\\/hr.linkedin.com\\\/company\\\/radio-ljubuski\",\"https:\\\/\\\/www.youtube.com\\\/channel\\\/UCHYaeO_n0Db3tjNGudGpXyw\"]},{\"@type\":\"Person\",\"@id\":\"https:\\\/\\\/radioljubuski.ba\\\/#\\\/schema\\\/person\\\/19fc700381a780f69665d7956c469e3b\",\"name\":\"Radio Ljubu\u0161ki\"}]}<\/script>\n<!-- \/ Yoast SEO plugin. -->","yoast_head_json":{"title":"Alemka Markoti\u0107 predlo\u017eena za nagradu \"Zagrep\u010danka godine\" - RADIO LJUBU\u0160KI","robots":{"index":"index","follow":"follow","max-snippet":"max-snippet:-1","max-image-preview":"max-image-preview:large","max-video-preview":"max-video-preview:-1"},"canonical":"https:\/\/radioljubuski.ba\/index.php\/2021\/03\/04\/alemka-markotic-predlozena-za-nagradu-zagrepcanka-godine\/","og_locale":"hr_HR","og_type":"article","og_title":"Alemka Markoti\u0107 predlo\u017eena za nagradu \"Zagrep\u010danka godine\" - RADIO LJUBU\u0160KI","og_description":"Alemka Markoti\u0107, ravnateljica Klinike za infektivne bolesti &#8220;Dr. Fran Mihaljevi\u0107&#8221;, na sjednici Odbora za javna priznanja zagreba\u010dke Gradske skup\u0161tine predlo\u017eena je za nagradu &#8220;Zagrep\u010danka godine&#8221;. Predlo\u017eeno je i 17 kandidata za Nagradu Grada Zagreba. Predsjednik zagreba\u010dke Gradske skup\u0161tine i predsjednik skup\u0161tinskog Odbora za javna priznanja HDZ-ov&nbsp;Mislav Herman&nbsp;novinarima je rekao o da je Alemka Markoti\u0107 dobila [&hellip;]","og_url":"https:\/\/radioljubuski.ba\/index.php\/2021\/03\/04\/alemka-markotic-predlozena-za-nagradu-zagrepcanka-godine\/","og_site_name":"RADIO LJUBU\u0160KI","article_publisher":"https:\/\/www.facebook.com\/Radiio-Ljubuski-1490835324566332","article_published_time":"2021-03-04T23:31:50+00:00","article_modified_time":"2021-03-04T23:31:51+00:00","og_image":[{"width":1920,"height":1080,"url":"https:\/\/radioljubuski.ba\/wp-content\/uploads\/2021\/03\/tvd2-clean-feed-frame-18481-20210210181243.jpg","type":"image\/jpeg"}],"author":"Radio Ljubu\u0161ki","twitter_card":"summary_large_image","twitter_creator":"@radioljubuski","twitter_site":"@radioljubuski","twitter_misc":{"Napisao\/la":"Radio Ljubu\u0161ki","Procijenjeno vrijeme \u010ditanja":"2 minute"},"schema":{"@context":"https:\/\/schema.org","@graph":[{"@type":"Article","@id":"https:\/\/radioljubuski.ba\/index.php\/2021\/03\/04\/alemka-markotic-predlozena-za-nagradu-zagrepcanka-godine\/#article","isPartOf":{"@id":"https:\/\/radioljubuski.ba\/index.php\/2021\/03\/04\/alemka-markotic-predlozena-za-nagradu-zagrepcanka-godine\/"},"author":{"name":"Radio Ljubu\u0161ki","@id":"https:\/\/radioljubuski.ba\/#\/schema\/person\/19fc700381a780f69665d7956c469e3b"},"headline":"Alemka Markoti\u0107 predlo\u017eena za nagradu &#8220;Zagrep\u010danka godine&#8221;","datePublished":"2021-03-04T23:31:50+00:00","dateModified":"2021-03-04T23:31:51+00:00","mainEntityOfPage":{"@id":"https:\/\/radioljubuski.ba\/index.php\/2021\/03\/04\/alemka-markotic-predlozena-za-nagradu-zagrepcanka-godine\/"},"wordCount":441,"publisher":{"@id":"https:\/\/radioljubuski.ba\/#organization"},"articleSection":["BIH i regija"],"inLanguage":"hr"},{"@type":"WebPage","@id":"https:\/\/radioljubuski.ba\/index.php\/2021\/03\/04\/alemka-markotic-predlozena-za-nagradu-zagrepcanka-godine\/","url":"https:\/\/radioljubuski.ba\/index.php\/2021\/03\/04\/alemka-markotic-predlozena-za-nagradu-zagrepcanka-godine\/","name":"Alemka Markoti\u0107 predlo\u017eena za nagradu \"Zagrep\u010danka godine\" - RADIO LJUBU\u0160KI","isPartOf":{"@id":"https:\/\/radioljubuski.ba\/#website"},"datePublished":"2021-03-04T23:31:50+00:00","dateModified":"2021-03-04T23:31:51+00:00","breadcrumb":{"@id":"https:\/\/radioljubuski.ba\/index.php\/2021\/03\/04\/alemka-markotic-predlozena-za-nagradu-zagrepcanka-godine\/#breadcrumb"},"inLanguage":"hr","potentialAction":[{"@type":"ReadAction","target":["https:\/\/radioljubuski.ba\/index.php\/2021\/03\/04\/alemka-markotic-predlozena-za-nagradu-zagrepcanka-godine\/"]}]},{"@type":"BreadcrumbList","@id":"https:\/\/radioljubuski.ba\/index.php\/2021\/03\/04\/alemka-markotic-predlozena-za-nagradu-zagrepcanka-godine\/#breadcrumb","itemListElement":[{"@type":"ListItem","position":1,"name":"Po\u010detna stranica","item":"https:\/\/radioljubuski.ba\/"},{"@type":"ListItem","position":2,"name":"Alemka Markoti\u0107 predlo\u017eena za nagradu &#8220;Zagrep\u010danka godine&#8221;"}]},{"@type":"WebSite","@id":"https:\/\/radioljubuski.ba\/#website","url":"https:\/\/radioljubuski.ba\/","name":"Radio Ljubu\u0161ki","description":"Sun\u010dana frekvencija Hercegovine","publisher":{"@id":"https:\/\/radioljubuski.ba\/#organization"},"potentialAction":[{"@type":"SearchAction","target":{"@type":"EntryPoint","urlTemplate":"https:\/\/radioljubuski.ba\/?s={search_term_string}"},"query-input":{"@type":"PropertyValueSpecification","valueRequired":true,"valueName":"search_term_string"}}],"inLanguage":"hr"},{"@type":"Organization","@id":"https:\/\/radioljubuski.ba\/#organization","name":"Radio Ljubu\u0161ki","url":"https:\/\/radioljubuski.ba\/","logo":{"@type":"ImageObject","inLanguage":"hr","@id":"https:\/\/radioljubuski.ba\/#\/schema\/logo\/image\/","url":"https:\/\/radioljubuski.ba\/wp-content\/uploads\/2021\/02\/cropped-Radio_Ljubuski_logo1.jpg","contentUrl":"https:\/\/radioljubuski.ba\/wp-content\/uploads\/2021\/02\/cropped-Radio_Ljubuski_logo1.jpg","width":512,"height":512,"caption":"Radio Ljubu\u0161ki"},"image":{"@id":"https:\/\/radioljubuski.ba\/#\/schema\/logo\/image\/"},"sameAs":["https:\/\/www.facebook.com\/Radiio-Ljubuski-1490835324566332","https:\/\/x.com\/radioljubuski","https:\/\/hr.linkedin.com\/company\/radio-ljubuski","https:\/\/www.youtube.com\/channel\/UCHYaeO_n0Db3tjNGudGpXyw"]},{"@type":"Person","@id":"https:\/\/radioljubuski.ba\/#\/schema\/person\/19fc700381a780f69665d7956c469e3b","name":"Radio Ljubu\u0161ki"}]}},"_links":{"self":[{"href":"https:\/\/radioljubuski.ba\/index.php\/wp-json\/wp\/v2\/posts\/1274","targetHints":{"allow":["GET"]}}],"collection":[{"href":"https:\/\/radioljubuski.ba\/index.php\/wp-json\/wp\/v2\/posts"}],"about":[{"href":"https:\/\/radioljubuski.ba\/index.php\/wp-json\/wp\/v2\/types\/post"}],"author":[{"embeddable":true,"href":"https:\/\/radioljubuski.ba\/index.php\/wp-json\/wp\/v2\/users\/2"}],"replies":[{"embeddable":true,"href":"https:\/\/radioljubuski.ba\/index.php\/wp-json\/wp\/v2\/comments?post=1274"}],"version-history":[{"count":1,"href":"https:\/\/radioljubuski.ba\/index.php\/wp-json\/wp\/v2\/posts\/1274\/revisions"}],"predecessor-version":[{"id":1276,"href":"https:\/\/radioljubuski.ba\/index.php\/wp-json\/wp\/v2\/posts\/1274\/revisions\/1276"}],"wp:attachment":[{"href":"https:\/\/radioljubuski.ba\/index.php\/wp-json\/wp\/v2\/media?parent=1274"}],"wp:term":[{"taxonomy":"category","embeddable":true,"href":"https:\/\/radioljubuski.ba\/index.php\/wp-json\/wp\/v2\/categories?post=1274"},{"taxonomy":"post_tag","embeddable":true,"href":"https:\/\/radioljubuski.ba\/index.php\/wp-json\/wp\/v2\/tags?post=1274"}],"curies":[{"name":"wp","href":"https:\/\/api.w.org\/{rel}","templated":true}]}}