{"id":127404,"date":"2022-03-31T17:01:09","date_gmt":"2022-03-31T16:01:09","guid":{"rendered":"https:\/\/radioljubuski.ba\/?p=127404"},"modified":"2022-03-31T17:01:10","modified_gmt":"2022-03-31T16:01:10","slug":"brkic-reforma-izbornog-zakona-preduvjet-za-stabilnu-i-funkcionalnu-drzavu","status":"publish","type":"post","link":"https:\/\/radioljubuski.ba\/index.php\/2022\/03\/31\/brkic-reforma-izbornog-zakona-preduvjet-za-stabilnu-i-funkcionalnu-drzavu\/","title":{"rendered":"Brki\u0107: Reforma Izbornog zakona preduvjet za stabilnu i funkcionalnu dr\u017eavu"},"content":{"rendered":"\n<p>Zamjenik ministrice vanjskih poslova Bosne i Hercegovine Josip Brki\u0107 predvodio je izaslanstvo MVP BiH na bilateralnim konzultacijama ministarstava vanjskih poslova Bosne i Hercegovine i \u010ce\u0161ke Republike, danas u Sarajevu. Izaslanstvo Ministarstva vanjskih poslova \u010ce\u0161ke Republike predvodio je zamjenik ministra vanjskih poslova za europske poslove Ale\u0161 Chmela\u0159. U fokusu razgovora bila su pitanja iz domene bilateralnih i multilateralnih odnosa, reformskih procesa na europskom i euroatlantskom putu BiH, kao i aktualna politi\u010dka situacija u BiH.<\/p>\n\n\n\n<p>Na sastanku je potvr\u0111eno da BiH i \u010ce\u0161ka imaju dobre bilateralne odnose, bez otvorenih pitanja, koji se mogu dalje unaprje\u0111ivati kroz ekonomsku i poslovnu suradnju, ja\u010danje pravnog okvira i razmjenu posjeta na svim razinama. Brki\u0107 je istaknuo da BiH cijeni konstantnu potporu \u010ce\u0161ke u procesima europskih integracija BiH i izrazio uvjerenje da \u0107e ta potpora biti nastavljena posebice imaju\u0107i u vidu predstoje\u0107e predsjedanje \u010ce\u0161ke Vije\u0107em Europske unije. Zahvalio je \u010ce\u0161koj \u0161to, unutar EU, pitanje zapadnog Balkana dr\u017ei u fokusu i visoko na listi prioriteta. Politi\u010dka poruka EU o europskoj perspektivi zemalja zapadnog Balkana dodatno bi oja\u010dala reformske procese u BiH. Naglasio da, dosta veliki broj gra\u0111ana BiH i pored usporenog procesa pro\u0161irenja, bezrezervno podr\u017eava \u010dlanstvo BiH u EU. Zamjenik ministrice je istaknuo da aktualna kriza i ratni doga\u0111aji u Ukrajini iziskuju nu\u017enost dodatnog anga\u017eiranja EU na prostoru zapadnog Balkana.<\/p>\n\n\n\n<p>Kao predsjedatelj Povjerenstava za suradnju s NATO-om, zamjenik Brki\u0107 je informirao o radu Povjerenstva i aktivnostima na Programu reformi 2022 i dodao da BiH ostaje opredijeljena za suradnju i partnerstvo sa NATO-om. Za suradnju u regiji, zamjenik ministrice je istaknuo da je to va\u017ean aspekt vanjske politike BiH. Zamjenik ministrice Brki\u0107 je izvijestio o politi\u010dkoj situaciji u BiH sa naglaskom na pregovore o izmjenama Izbornog zakona, iskazav\u0161i nadu za postizanje kona\u010dnog dogovora. Dodao je da reforma Izbornog zakona predstavlja preduvjet za stabilnu i funkcionalnu dr\u017eavu ravnopravnih konstitutivnih naroda i svih gra\u0111ana.<\/p>\n\n\n\n<p>Zamjenik ministra vanjskih poslova \u010ce\u0161ke Republike za europske poslove Ale\u0161 Chmela\u0159 ponovio je sna\u017enu potporu svoje zemlje europskom i NATO putu BiH, ponudiv\u0161i partnersku pomo\u0107 kroz prijenos iskustava i dobrih praksi. Istaknuo je da je za \u010ce\u0161ku Bosna i Hercegovina vrlo va\u017ean ekonomski partner i da dvije zemlje imaju velike potencijale za suradnju u energetskom sektoru na \u010demu se treba anga\u017eirati u budu\u0107nosti, priop\u0107eno je iz Ureda za odnose sa javno\u0161\u0107u MVP BiH.<\/p>\n\n\n\n<p>Izvor:vecernji.ba<\/p>\n","protected":false},"excerpt":{"rendered":"<p>Zamjenik ministrice vanjskih poslova Bosne i Hercegovine Josip Brki\u0107 predvodio je izaslanstvo MVP BiH na bilateralnim konzultacijama ministarstava vanjskih poslova Bosne i Hercegovine i \u010ce\u0161ke Republike, danas u Sarajevu. Izaslanstvo Ministarstva vanjskih poslova \u010ce\u0161ke Republike predvodio je zamjenik ministra vanjskih poslova za europske poslove Ale\u0161 Chmela\u0159. U fokusu razgovora bila su pitanja iz domene bilateralnih [&hellip;]<\/p>\n","protected":false},"author":2,"featured_media":67959,"comment_status":"closed","ping_status":"closed","sticky":false,"template":"","format":"standard","meta":{"h5ap_radio_sources":[],"footnotes":""},"categories":[1],"tags":[],"class_list":["post-127404","post","type-post","status-publish","format-standard","has-post-thumbnail","hentry","category-bihiregija"],"yoast_head":"<!-- This site is optimized with the Yoast SEO plugin v27.5 - https:\/\/yoast.com\/product\/yoast-seo-wordpress\/ -->\n<title>Brki\u0107: Reforma Izbornog zakona preduvjet za stabilnu i funkcionalnu dr\u017eavu - RADIO LJUBU\u0160KI<\/title>\n<meta name=\"robots\" content=\"index, follow, max-snippet:-1, max-image-preview:large, max-video-preview:-1\" \/>\n<link rel=\"canonical\" href=\"https:\/\/radioljubuski.ba\/index.php\/2022\/03\/31\/brkic-reforma-izbornog-zakona-preduvjet-za-stabilnu-i-funkcionalnu-drzavu\/\" \/>\n<meta property=\"og:locale\" content=\"hr_HR\" \/>\n<meta property=\"og:type\" content=\"article\" \/>\n<meta property=\"og:title\" content=\"Brki\u0107: Reforma Izbornog zakona preduvjet za stabilnu i funkcionalnu dr\u017eavu - RADIO LJUBU\u0160KI\" \/>\n<meta property=\"og:description\" content=\"Zamjenik ministrice vanjskih poslova Bosne i Hercegovine Josip Brki\u0107 predvodio je izaslanstvo MVP BiH na bilateralnim konzultacijama ministarstava vanjskih poslova Bosne i Hercegovine i \u010ce\u0161ke Republike, danas u Sarajevu. Izaslanstvo Ministarstva vanjskih poslova \u010ce\u0161ke Republike predvodio je zamjenik ministra vanjskih poslova za europske poslove Ale\u0161 Chmela\u0159. U fokusu razgovora bila su pitanja iz domene bilateralnih [&hellip;]\" \/>\n<meta property=\"og:url\" content=\"https:\/\/radioljubuski.ba\/index.php\/2022\/03\/31\/brkic-reforma-izbornog-zakona-preduvjet-za-stabilnu-i-funkcionalnu-drzavu\/\" \/>\n<meta property=\"og:site_name\" content=\"RADIO LJUBU\u0160KI\" \/>\n<meta property=\"article:publisher\" content=\"https:\/\/www.facebook.com\/Radiio-Ljubuski-1490835324566332\" \/>\n<meta property=\"article:published_time\" content=\"2022-03-31T16:01:09+00:00\" \/>\n<meta property=\"article:modified_time\" content=\"2022-03-31T16:01:10+00:00\" \/>\n<meta property=\"og:image\" content=\"https:\/\/radioljubuski.ba\/wp-content\/uploads\/2021\/09\/josip-brkic.jpg\" \/>\n\t<meta property=\"og:image:width\" content=\"840\" \/>\n\t<meta property=\"og:image:height\" content=\"470\" \/>\n\t<meta property=\"og:image:type\" content=\"image\/jpeg\" \/>\n<meta name=\"author\" content=\"Radio Ljubu\u0161ki\" \/>\n<meta name=\"twitter:card\" content=\"summary_large_image\" \/>\n<meta name=\"twitter:creator\" content=\"@radioljubuski\" \/>\n<meta name=\"twitter:site\" content=\"@radioljubuski\" \/>\n<meta name=\"twitter:label1\" content=\"Napisao\/la\" \/>\n\t<meta name=\"twitter:data1\" content=\"Radio Ljubu\u0161ki\" \/>\n\t<meta name=\"twitter:label2\" content=\"Procijenjeno vrijeme \u010ditanja\" \/>\n\t<meta name=\"twitter:data2\" content=\"2 minute\" \/>\n<script type=\"application\/ld+json\" class=\"yoast-schema-graph\">{\"@context\":\"https:\\\/\\\/schema.org\",\"@graph\":[{\"@type\":\"Article\",\"@id\":\"https:\\\/\\\/radioljubuski.ba\\\/index.php\\\/2022\\\/03\\\/31\\\/brkic-reforma-izbornog-zakona-preduvjet-za-stabilnu-i-funkcionalnu-drzavu\\\/#article\",\"isPartOf\":{\"@id\":\"https:\\\/\\\/radioljubuski.ba\\\/index.php\\\/2022\\\/03\\\/31\\\/brkic-reforma-izbornog-zakona-preduvjet-za-stabilnu-i-funkcionalnu-drzavu\\\/\"},\"author\":{\"name\":\"Radio Ljubu\u0161ki\",\"@id\":\"https:\\\/\\\/radioljubuski.ba\\\/#\\\/schema\\\/person\\\/19fc700381a780f69665d7956c469e3b\"},\"headline\":\"Brki\u0107: Reforma Izbornog zakona preduvjet za stabilnu i funkcionalnu dr\u017eavu\",\"datePublished\":\"2022-03-31T16:01:09+00:00\",\"dateModified\":\"2022-03-31T16:01:10+00:00\",\"mainEntityOfPage\":{\"@id\":\"https:\\\/\\\/radioljubuski.ba\\\/index.php\\\/2022\\\/03\\\/31\\\/brkic-reforma-izbornog-zakona-preduvjet-za-stabilnu-i-funkcionalnu-drzavu\\\/\"},\"wordCount\":426,\"publisher\":{\"@id\":\"https:\\\/\\\/radioljubuski.ba\\\/#organization\"},\"image\":{\"@id\":\"https:\\\/\\\/radioljubuski.ba\\\/index.php\\\/2022\\\/03\\\/31\\\/brkic-reforma-izbornog-zakona-preduvjet-za-stabilnu-i-funkcionalnu-drzavu\\\/#primaryimage\"},\"thumbnailUrl\":\"https:\\\/\\\/radioljubuski.ba\\\/wp-content\\\/uploads\\\/2021\\\/09\\\/josip-brkic.jpg\",\"articleSection\":[\"BIH i regija\"],\"inLanguage\":\"hr\"},{\"@type\":\"WebPage\",\"@id\":\"https:\\\/\\\/radioljubuski.ba\\\/index.php\\\/2022\\\/03\\\/31\\\/brkic-reforma-izbornog-zakona-preduvjet-za-stabilnu-i-funkcionalnu-drzavu\\\/\",\"url\":\"https:\\\/\\\/radioljubuski.ba\\\/index.php\\\/2022\\\/03\\\/31\\\/brkic-reforma-izbornog-zakona-preduvjet-za-stabilnu-i-funkcionalnu-drzavu\\\/\",\"name\":\"Brki\u0107: Reforma Izbornog zakona preduvjet za stabilnu i funkcionalnu dr\u017eavu - RADIO LJUBU\u0160KI\",\"isPartOf\":{\"@id\":\"https:\\\/\\\/radioljubuski.ba\\\/#website\"},\"primaryImageOfPage\":{\"@id\":\"https:\\\/\\\/radioljubuski.ba\\\/index.php\\\/2022\\\/03\\\/31\\\/brkic-reforma-izbornog-zakona-preduvjet-za-stabilnu-i-funkcionalnu-drzavu\\\/#primaryimage\"},\"image\":{\"@id\":\"https:\\\/\\\/radioljubuski.ba\\\/index.php\\\/2022\\\/03\\\/31\\\/brkic-reforma-izbornog-zakona-preduvjet-za-stabilnu-i-funkcionalnu-drzavu\\\/#primaryimage\"},\"thumbnailUrl\":\"https:\\\/\\\/radioljubuski.ba\\\/wp-content\\\/uploads\\\/2021\\\/09\\\/josip-brkic.jpg\",\"datePublished\":\"2022-03-31T16:01:09+00:00\",\"dateModified\":\"2022-03-31T16:01:10+00:00\",\"breadcrumb\":{\"@id\":\"https:\\\/\\\/radioljubuski.ba\\\/index.php\\\/2022\\\/03\\\/31\\\/brkic-reforma-izbornog-zakona-preduvjet-za-stabilnu-i-funkcionalnu-drzavu\\\/#breadcrumb\"},\"inLanguage\":\"hr\",\"potentialAction\":[{\"@type\":\"ReadAction\",\"target\":[\"https:\\\/\\\/radioljubuski.ba\\\/index.php\\\/2022\\\/03\\\/31\\\/brkic-reforma-izbornog-zakona-preduvjet-za-stabilnu-i-funkcionalnu-drzavu\\\/\"]}]},{\"@type\":\"ImageObject\",\"inLanguage\":\"hr\",\"@id\":\"https:\\\/\\\/radioljubuski.ba\\\/index.php\\\/2022\\\/03\\\/31\\\/brkic-reforma-izbornog-zakona-preduvjet-za-stabilnu-i-funkcionalnu-drzavu\\\/#primaryimage\",\"url\":\"https:\\\/\\\/radioljubuski.ba\\\/wp-content\\\/uploads\\\/2021\\\/09\\\/josip-brkic.jpg\",\"contentUrl\":\"https:\\\/\\\/radioljubuski.ba\\\/wp-content\\\/uploads\\\/2021\\\/09\\\/josip-brkic.jpg\",\"width\":840,\"height\":470},{\"@type\":\"BreadcrumbList\",\"@id\":\"https:\\\/\\\/radioljubuski.ba\\\/index.php\\\/2022\\\/03\\\/31\\\/brkic-reforma-izbornog-zakona-preduvjet-za-stabilnu-i-funkcionalnu-drzavu\\\/#breadcrumb\",\"itemListElement\":[{\"@type\":\"ListItem\",\"position\":1,\"name\":\"Po\u010detna stranica\",\"item\":\"https:\\\/\\\/radioljubuski.ba\\\/\"},{\"@type\":\"ListItem\",\"position\":2,\"name\":\"Brki\u0107: Reforma Izbornog zakona preduvjet za stabilnu i funkcionalnu dr\u017eavu\"}]},{\"@type\":\"WebSite\",\"@id\":\"https:\\\/\\\/radioljubuski.ba\\\/#website\",\"url\":\"https:\\\/\\\/radioljubuski.ba\\\/\",\"name\":\"Radio Ljubu\u0161ki\",\"description\":\"Sun\u010dana frekvencija Hercegovine\",\"publisher\":{\"@id\":\"https:\\\/\\\/radioljubuski.ba\\\/#organization\"},\"potentialAction\":[{\"@type\":\"SearchAction\",\"target\":{\"@type\":\"EntryPoint\",\"urlTemplate\":\"https:\\\/\\\/radioljubuski.ba\\\/?s={search_term_string}\"},\"query-input\":{\"@type\":\"PropertyValueSpecification\",\"valueRequired\":true,\"valueName\":\"search_term_string\"}}],\"inLanguage\":\"hr\"},{\"@type\":\"Organization\",\"@id\":\"https:\\\/\\\/radioljubuski.ba\\\/#organization\",\"name\":\"Radio Ljubu\u0161ki\",\"url\":\"https:\\\/\\\/radioljubuski.ba\\\/\",\"logo\":{\"@type\":\"ImageObject\",\"inLanguage\":\"hr\",\"@id\":\"https:\\\/\\\/radioljubuski.ba\\\/#\\\/schema\\\/logo\\\/image\\\/\",\"url\":\"https:\\\/\\\/radioljubuski.ba\\\/wp-content\\\/uploads\\\/2021\\\/02\\\/cropped-Radio_Ljubuski_logo1.jpg\",\"contentUrl\":\"https:\\\/\\\/radioljubuski.ba\\\/wp-content\\\/uploads\\\/2021\\\/02\\\/cropped-Radio_Ljubuski_logo1.jpg\",\"width\":512,\"height\":512,\"caption\":\"Radio Ljubu\u0161ki\"},\"image\":{\"@id\":\"https:\\\/\\\/radioljubuski.ba\\\/#\\\/schema\\\/logo\\\/image\\\/\"},\"sameAs\":[\"https:\\\/\\\/www.facebook.com\\\/Radiio-Ljubuski-1490835324566332\",\"https:\\\/\\\/x.com\\\/radioljubuski\",\"https:\\\/\\\/hr.linkedin.com\\\/company\\\/radio-ljubuski\",\"https:\\\/\\\/www.youtube.com\\\/channel\\\/UCHYaeO_n0Db3tjNGudGpXyw\"]},{\"@type\":\"Person\",\"@id\":\"https:\\\/\\\/radioljubuski.ba\\\/#\\\/schema\\\/person\\\/19fc700381a780f69665d7956c469e3b\",\"name\":\"Radio Ljubu\u0161ki\"}]}<\/script>\n<!-- \/ Yoast SEO plugin. -->","yoast_head_json":{"title":"Brki\u0107: Reforma Izbornog zakona preduvjet za stabilnu i funkcionalnu dr\u017eavu - RADIO LJUBU\u0160KI","robots":{"index":"index","follow":"follow","max-snippet":"max-snippet:-1","max-image-preview":"max-image-preview:large","max-video-preview":"max-video-preview:-1"},"canonical":"https:\/\/radioljubuski.ba\/index.php\/2022\/03\/31\/brkic-reforma-izbornog-zakona-preduvjet-za-stabilnu-i-funkcionalnu-drzavu\/","og_locale":"hr_HR","og_type":"article","og_title":"Brki\u0107: Reforma Izbornog zakona preduvjet za stabilnu i funkcionalnu dr\u017eavu - RADIO LJUBU\u0160KI","og_description":"Zamjenik ministrice vanjskih poslova Bosne i Hercegovine Josip Brki\u0107 predvodio je izaslanstvo MVP BiH na bilateralnim konzultacijama ministarstava vanjskih poslova Bosne i Hercegovine i \u010ce\u0161ke Republike, danas u Sarajevu. Izaslanstvo Ministarstva vanjskih poslova \u010ce\u0161ke Republike predvodio je zamjenik ministra vanjskih poslova za europske poslove Ale\u0161 Chmela\u0159. U fokusu razgovora bila su pitanja iz domene bilateralnih [&hellip;]","og_url":"https:\/\/radioljubuski.ba\/index.php\/2022\/03\/31\/brkic-reforma-izbornog-zakona-preduvjet-za-stabilnu-i-funkcionalnu-drzavu\/","og_site_name":"RADIO LJUBU\u0160KI","article_publisher":"https:\/\/www.facebook.com\/Radiio-Ljubuski-1490835324566332","article_published_time":"2022-03-31T16:01:09+00:00","article_modified_time":"2022-03-31T16:01:10+00:00","og_image":[{"width":840,"height":470,"url":"https:\/\/radioljubuski.ba\/wp-content\/uploads\/2021\/09\/josip-brkic.jpg","type":"image\/jpeg"}],"author":"Radio Ljubu\u0161ki","twitter_card":"summary_large_image","twitter_creator":"@radioljubuski","twitter_site":"@radioljubuski","twitter_misc":{"Napisao\/la":"Radio Ljubu\u0161ki","Procijenjeno vrijeme \u010ditanja":"2 minute"},"schema":{"@context":"https:\/\/schema.org","@graph":[{"@type":"Article","@id":"https:\/\/radioljubuski.ba\/index.php\/2022\/03\/31\/brkic-reforma-izbornog-zakona-preduvjet-za-stabilnu-i-funkcionalnu-drzavu\/#article","isPartOf":{"@id":"https:\/\/radioljubuski.ba\/index.php\/2022\/03\/31\/brkic-reforma-izbornog-zakona-preduvjet-za-stabilnu-i-funkcionalnu-drzavu\/"},"author":{"name":"Radio Ljubu\u0161ki","@id":"https:\/\/radioljubuski.ba\/#\/schema\/person\/19fc700381a780f69665d7956c469e3b"},"headline":"Brki\u0107: Reforma Izbornog zakona preduvjet za stabilnu i funkcionalnu dr\u017eavu","datePublished":"2022-03-31T16:01:09+00:00","dateModified":"2022-03-31T16:01:10+00:00","mainEntityOfPage":{"@id":"https:\/\/radioljubuski.ba\/index.php\/2022\/03\/31\/brkic-reforma-izbornog-zakona-preduvjet-za-stabilnu-i-funkcionalnu-drzavu\/"},"wordCount":426,"publisher":{"@id":"https:\/\/radioljubuski.ba\/#organization"},"image":{"@id":"https:\/\/radioljubuski.ba\/index.php\/2022\/03\/31\/brkic-reforma-izbornog-zakona-preduvjet-za-stabilnu-i-funkcionalnu-drzavu\/#primaryimage"},"thumbnailUrl":"https:\/\/radioljubuski.ba\/wp-content\/uploads\/2021\/09\/josip-brkic.jpg","articleSection":["BIH i regija"],"inLanguage":"hr"},{"@type":"WebPage","@id":"https:\/\/radioljubuski.ba\/index.php\/2022\/03\/31\/brkic-reforma-izbornog-zakona-preduvjet-za-stabilnu-i-funkcionalnu-drzavu\/","url":"https:\/\/radioljubuski.ba\/index.php\/2022\/03\/31\/brkic-reforma-izbornog-zakona-preduvjet-za-stabilnu-i-funkcionalnu-drzavu\/","name":"Brki\u0107: Reforma Izbornog zakona preduvjet za stabilnu i funkcionalnu dr\u017eavu - RADIO LJUBU\u0160KI","isPartOf":{"@id":"https:\/\/radioljubuski.ba\/#website"},"primaryImageOfPage":{"@id":"https:\/\/radioljubuski.ba\/index.php\/2022\/03\/31\/brkic-reforma-izbornog-zakona-preduvjet-za-stabilnu-i-funkcionalnu-drzavu\/#primaryimage"},"image":{"@id":"https:\/\/radioljubuski.ba\/index.php\/2022\/03\/31\/brkic-reforma-izbornog-zakona-preduvjet-za-stabilnu-i-funkcionalnu-drzavu\/#primaryimage"},"thumbnailUrl":"https:\/\/radioljubuski.ba\/wp-content\/uploads\/2021\/09\/josip-brkic.jpg","datePublished":"2022-03-31T16:01:09+00:00","dateModified":"2022-03-31T16:01:10+00:00","breadcrumb":{"@id":"https:\/\/radioljubuski.ba\/index.php\/2022\/03\/31\/brkic-reforma-izbornog-zakona-preduvjet-za-stabilnu-i-funkcionalnu-drzavu\/#breadcrumb"},"inLanguage":"hr","potentialAction":[{"@type":"ReadAction","target":["https:\/\/radioljubuski.ba\/index.php\/2022\/03\/31\/brkic-reforma-izbornog-zakona-preduvjet-za-stabilnu-i-funkcionalnu-drzavu\/"]}]},{"@type":"ImageObject","inLanguage":"hr","@id":"https:\/\/radioljubuski.ba\/index.php\/2022\/03\/31\/brkic-reforma-izbornog-zakona-preduvjet-za-stabilnu-i-funkcionalnu-drzavu\/#primaryimage","url":"https:\/\/radioljubuski.ba\/wp-content\/uploads\/2021\/09\/josip-brkic.jpg","contentUrl":"https:\/\/radioljubuski.ba\/wp-content\/uploads\/2021\/09\/josip-brkic.jpg","width":840,"height":470},{"@type":"BreadcrumbList","@id":"https:\/\/radioljubuski.ba\/index.php\/2022\/03\/31\/brkic-reforma-izbornog-zakona-preduvjet-za-stabilnu-i-funkcionalnu-drzavu\/#breadcrumb","itemListElement":[{"@type":"ListItem","position":1,"name":"Po\u010detna stranica","item":"https:\/\/radioljubuski.ba\/"},{"@type":"ListItem","position":2,"name":"Brki\u0107: Reforma Izbornog zakona preduvjet za stabilnu i funkcionalnu dr\u017eavu"}]},{"@type":"WebSite","@id":"https:\/\/radioljubuski.ba\/#website","url":"https:\/\/radioljubuski.ba\/","name":"Radio Ljubu\u0161ki","description":"Sun\u010dana frekvencija Hercegovine","publisher":{"@id":"https:\/\/radioljubuski.ba\/#organization"},"potentialAction":[{"@type":"SearchAction","target":{"@type":"EntryPoint","urlTemplate":"https:\/\/radioljubuski.ba\/?s={search_term_string}"},"query-input":{"@type":"PropertyValueSpecification","valueRequired":true,"valueName":"search_term_string"}}],"inLanguage":"hr"},{"@type":"Organization","@id":"https:\/\/radioljubuski.ba\/#organization","name":"Radio Ljubu\u0161ki","url":"https:\/\/radioljubuski.ba\/","logo":{"@type":"ImageObject","inLanguage":"hr","@id":"https:\/\/radioljubuski.ba\/#\/schema\/logo\/image\/","url":"https:\/\/radioljubuski.ba\/wp-content\/uploads\/2021\/02\/cropped-Radio_Ljubuski_logo1.jpg","contentUrl":"https:\/\/radioljubuski.ba\/wp-content\/uploads\/2021\/02\/cropped-Radio_Ljubuski_logo1.jpg","width":512,"height":512,"caption":"Radio Ljubu\u0161ki"},"image":{"@id":"https:\/\/radioljubuski.ba\/#\/schema\/logo\/image\/"},"sameAs":["https:\/\/www.facebook.com\/Radiio-Ljubuski-1490835324566332","https:\/\/x.com\/radioljubuski","https:\/\/hr.linkedin.com\/company\/radio-ljubuski","https:\/\/www.youtube.com\/channel\/UCHYaeO_n0Db3tjNGudGpXyw"]},{"@type":"Person","@id":"https:\/\/radioljubuski.ba\/#\/schema\/person\/19fc700381a780f69665d7956c469e3b","name":"Radio Ljubu\u0161ki"}]}},"_links":{"self":[{"href":"https:\/\/radioljubuski.ba\/index.php\/wp-json\/wp\/v2\/posts\/127404","targetHints":{"allow":["GET"]}}],"collection":[{"href":"https:\/\/radioljubuski.ba\/index.php\/wp-json\/wp\/v2\/posts"}],"about":[{"href":"https:\/\/radioljubuski.ba\/index.php\/wp-json\/wp\/v2\/types\/post"}],"author":[{"embeddable":true,"href":"https:\/\/radioljubuski.ba\/index.php\/wp-json\/wp\/v2\/users\/2"}],"replies":[{"embeddable":true,"href":"https:\/\/radioljubuski.ba\/index.php\/wp-json\/wp\/v2\/comments?post=127404"}],"version-history":[{"count":1,"href":"https:\/\/radioljubuski.ba\/index.php\/wp-json\/wp\/v2\/posts\/127404\/revisions"}],"predecessor-version":[{"id":127405,"href":"https:\/\/radioljubuski.ba\/index.php\/wp-json\/wp\/v2\/posts\/127404\/revisions\/127405"}],"wp:featuredmedia":[{"embeddable":true,"href":"https:\/\/radioljubuski.ba\/index.php\/wp-json\/wp\/v2\/media\/67959"}],"wp:attachment":[{"href":"https:\/\/radioljubuski.ba\/index.php\/wp-json\/wp\/v2\/media?parent=127404"}],"wp:term":[{"taxonomy":"category","embeddable":true,"href":"https:\/\/radioljubuski.ba\/index.php\/wp-json\/wp\/v2\/categories?post=127404"},{"taxonomy":"post_tag","embeddable":true,"href":"https:\/\/radioljubuski.ba\/index.php\/wp-json\/wp\/v2\/tags?post=127404"}],"curies":[{"name":"wp","href":"https:\/\/api.w.org\/{rel}","templated":true}]}}