{"id":127412,"date":"2022-03-31T17:06:46","date_gmt":"2022-03-31T16:06:46","guid":{"rendered":"https:\/\/radioljubuski.ba\/?p=127412"},"modified":"2022-03-31T17:06:48","modified_gmt":"2022-03-31T16:06:48","slug":"velika-pobjeda-finska-politicarka-oslobodena-svih-optuzbi-nakon-sto-je-zavrsila-na-sudu-zbog-citiranja-biblije","status":"publish","type":"post","link":"https:\/\/radioljubuski.ba\/index.php\/2022\/03\/31\/velika-pobjeda-finska-politicarka-oslobodena-svih-optuzbi-nakon-sto-je-zavrsila-na-sudu-zbog-citiranja-biblije\/","title":{"rendered":"Velika pobjeda: Finska politi\u010darka oslobo\u0111ena svih optu\u017ebi nakon \u0161to je zavr\u0161ila na sudu zbog citiranja Biblije"},"content":{"rendered":"\n<p>Sud u Helsinkiju odbacio je sve optu\u017ebe protiv P\u00e4ivi R\u00e4s\u00e4nen, finske politi\u010darke, nekada\u0161nje ministrice i zastupnice u parlamentu koja je i lije\u010dnica te majke petero djece i Juhanea Pohjola, biskupa Evangeli\u010dko-luteranske misijske biskupije Finske, nakon su\u0111enja zbog izno\u0161enja kr\u0161\u0107anskog nauka o homoseksualnosti.<\/p>\n\n\n\n<p>Sud je u jednoglasnoj presudi na 28 stranica od 30. o\u017eujka rekao da \u2018nije na okru\u017enom sudu da tuma\u010di biblijske koncepte\u2019, javlja&nbsp;<a href=\"https:\/\/www.catholicnewsagency.com\/news\/250833\/verdict-in-finland-s-bible-tweet-trial-announced\">Katoli\u010dka novinska agencija<\/a>.<\/p>\n\n\n\n<p>Re\u010deno je da je R\u00e4s\u00e4nen nastojala \u2018obraniti koncept obitelji i braka izme\u0111u mu\u0161karca i \u017eene\u2019 Ako su neki ljudi te izjave smatrali uvredljivim, ka\u017ee se, \u2018mora postojati najva\u017eniji dru\u0161tveni razlog za uplitanje i ograni\u010davanje slobode izra\u017eavanja\u2019.<\/p>\n\n\n\n<p>Dr\u017eavi mora platiti 60.000 eura sudskih tro\u0161kova. R\u00e4s\u00e4nen je nakon presude komentirala:&nbsp; \u2018Tako sam zahvalan \u0161to je sud prepoznao prijetnju slobodi govora i presudio u na\u0161u korist. Osje\u0107am da mi je teret skinut s ramena\u2026Iako sam zahvalna \u0161to sam imala priliku zauzeti se za slobodu govora, nadam se da \u0107e ova presuda pomo\u0107i sprije\u010diti druge da pro\u0111u kroz isto isku\u0161enje.\u2019<\/p>\n\n\n\n<h3 class=\"wp-block-heading\"><strong>\u0160to je rekla finska zastupnica?<\/strong><\/h3>\n\n\n\n<p>R\u00e4s\u00e4nen su prijetile joj dvije godine zatvora zbog dijeljenja biblijskog citata na Twitteru.<\/p>\n\n\n\n<p>Objava je sadr\u017eavala fotografiju biblijskog&nbsp;<strong>odlomka Rimljanima, prvo poglavlje, stihovi 24-27<\/strong>, koji osu\u0111uje homoseksualnost kao grijeh.<\/p>\n\n\n\n<p>Rekla je da vizija braka koju je predstavila proizlazi iz njezine kr\u0161\u0107anske vjere, koja propisuje da brak mo\u017ee biti samo zajednica izme\u0111u mu\u0161karca i \u017eene. Istaknula je da ova stajali\u0161ta nisu proiza\u0161li iz mr\u017enje prema bilo kome.<\/p>\n\n\n\n<p>Izra\u017eavala je sumnju u odluku vodstva Luteranske crkve jer su podr\u017eali LGBT doga\u0111aje \u2018Pride 2019\u2019. Osim toga pokrenuta je istraga i zbog bro\u0161ure na temu ljudske spolnosti koju je napisala za jednu kr\u0161\u0107ansku zakladu prije vi\u0161e od 18 godina kao i zbog izjava u emisiji finske radiostanice&nbsp;<em>Broadcasting Corporation<\/em>&nbsp;na temu \u2018\u0160to bi Isus mislio o homoseksualcima?\u2019.<\/p>\n\n\n\n<p><em>Izvor: narod.hr<\/em><\/p>\n","protected":false},"excerpt":{"rendered":"<p>Sud u Helsinkiju odbacio je sve optu\u017ebe protiv P\u00e4ivi R\u00e4s\u00e4nen, finske politi\u010darke, nekada\u0161nje ministrice i zastupnice u parlamentu koja je i lije\u010dnica te majke petero djece i Juhanea Pohjola, biskupa Evangeli\u010dko-luteranske misijske biskupije Finske, nakon su\u0111enja zbog izno\u0161enja kr\u0161\u0107anskog nauka o homoseksualnosti. Sud je u jednoglasnoj presudi na 28 stranica od 30. o\u017eujka rekao da [&hellip;]<\/p>\n","protected":false},"author":2,"featured_media":127413,"comment_status":"closed","ping_status":"closed","sticky":false,"template":"","format":"standard","meta":{"h5ap_radio_sources":[],"footnotes":""},"categories":[1],"tags":[],"class_list":["post-127412","post","type-post","status-publish","format-standard","has-post-thumbnail","hentry","category-bihiregija"],"yoast_head":"<!-- This site is optimized with the Yoast SEO plugin v27.5 - https:\/\/yoast.com\/product\/yoast-seo-wordpress\/ -->\n<title>Velika pobjeda: Finska politi\u010darka oslobo\u0111ena svih optu\u017ebi nakon \u0161to je zavr\u0161ila na sudu zbog citiranja Biblije - RADIO LJUBU\u0160KI<\/title>\n<meta name=\"robots\" content=\"index, follow, max-snippet:-1, max-image-preview:large, max-video-preview:-1\" \/>\n<link rel=\"canonical\" href=\"https:\/\/radioljubuski.ba\/index.php\/2022\/03\/31\/velika-pobjeda-finska-politicarka-oslobodena-svih-optuzbi-nakon-sto-je-zavrsila-na-sudu-zbog-citiranja-biblije\/\" \/>\n<meta property=\"og:locale\" content=\"hr_HR\" \/>\n<meta property=\"og:type\" content=\"article\" \/>\n<meta property=\"og:title\" content=\"Velika pobjeda: Finska politi\u010darka oslobo\u0111ena svih optu\u017ebi nakon \u0161to je zavr\u0161ila na sudu zbog citiranja Biblije - RADIO LJUBU\u0160KI\" \/>\n<meta property=\"og:description\" content=\"Sud u Helsinkiju odbacio je sve optu\u017ebe protiv P\u00e4ivi R\u00e4s\u00e4nen, finske politi\u010darke, nekada\u0161nje ministrice i zastupnice u parlamentu koja je i lije\u010dnica te majke petero djece i Juhanea Pohjola, biskupa Evangeli\u010dko-luteranske misijske biskupije Finske, nakon su\u0111enja zbog izno\u0161enja kr\u0161\u0107anskog nauka o homoseksualnosti. Sud je u jednoglasnoj presudi na 28 stranica od 30. o\u017eujka rekao da [&hellip;]\" \/>\n<meta property=\"og:url\" content=\"https:\/\/radioljubuski.ba\/index.php\/2022\/03\/31\/velika-pobjeda-finska-politicarka-oslobodena-svih-optuzbi-nakon-sto-je-zavrsila-na-sudu-zbog-citiranja-biblije\/\" \/>\n<meta property=\"og:site_name\" content=\"RADIO LJUBU\u0160KI\" \/>\n<meta property=\"article:publisher\" content=\"https:\/\/www.facebook.com\/Radiio-Ljubuski-1490835324566332\" \/>\n<meta property=\"article:published_time\" content=\"2022-03-31T16:06:46+00:00\" \/>\n<meta property=\"article:modified_time\" content=\"2022-03-31T16:06:48+00:00\" \/>\n<meta property=\"og:image\" content=\"https:\/\/radioljubuski.ba\/wp-content\/uploads\/2022\/03\/ADF-Finland-Web-18-696x464-1.jpg\" \/>\n\t<meta property=\"og:image:width\" content=\"696\" \/>\n\t<meta property=\"og:image:height\" content=\"464\" \/>\n\t<meta property=\"og:image:type\" content=\"image\/jpeg\" \/>\n<meta name=\"author\" content=\"Radio Ljubu\u0161ki\" \/>\n<meta name=\"twitter:card\" content=\"summary_large_image\" \/>\n<meta name=\"twitter:creator\" content=\"@radioljubuski\" \/>\n<meta name=\"twitter:site\" content=\"@radioljubuski\" \/>\n<meta name=\"twitter:label1\" content=\"Napisao\/la\" \/>\n\t<meta name=\"twitter:data1\" content=\"Radio Ljubu\u0161ki\" \/>\n\t<meta name=\"twitter:label2\" content=\"Procijenjeno vrijeme \u010ditanja\" \/>\n\t<meta name=\"twitter:data2\" content=\"2 minute\" \/>\n<script type=\"application\/ld+json\" class=\"yoast-schema-graph\">{\"@context\":\"https:\\\/\\\/schema.org\",\"@graph\":[{\"@type\":\"Article\",\"@id\":\"https:\\\/\\\/radioljubuski.ba\\\/index.php\\\/2022\\\/03\\\/31\\\/velika-pobjeda-finska-politicarka-oslobodena-svih-optuzbi-nakon-sto-je-zavrsila-na-sudu-zbog-citiranja-biblije\\\/#article\",\"isPartOf\":{\"@id\":\"https:\\\/\\\/radioljubuski.ba\\\/index.php\\\/2022\\\/03\\\/31\\\/velika-pobjeda-finska-politicarka-oslobodena-svih-optuzbi-nakon-sto-je-zavrsila-na-sudu-zbog-citiranja-biblije\\\/\"},\"author\":{\"name\":\"Radio Ljubu\u0161ki\",\"@id\":\"https:\\\/\\\/radioljubuski.ba\\\/#\\\/schema\\\/person\\\/19fc700381a780f69665d7956c469e3b\"},\"headline\":\"Velika pobjeda: Finska politi\u010darka oslobo\u0111ena svih optu\u017ebi nakon \u0161to je zavr\u0161ila na sudu zbog citiranja Biblije\",\"datePublished\":\"2022-03-31T16:06:46+00:00\",\"dateModified\":\"2022-03-31T16:06:48+00:00\",\"mainEntityOfPage\":{\"@id\":\"https:\\\/\\\/radioljubuski.ba\\\/index.php\\\/2022\\\/03\\\/31\\\/velika-pobjeda-finska-politicarka-oslobodena-svih-optuzbi-nakon-sto-je-zavrsila-na-sudu-zbog-citiranja-biblije\\\/\"},\"wordCount\":367,\"publisher\":{\"@id\":\"https:\\\/\\\/radioljubuski.ba\\\/#organization\"},\"image\":{\"@id\":\"https:\\\/\\\/radioljubuski.ba\\\/index.php\\\/2022\\\/03\\\/31\\\/velika-pobjeda-finska-politicarka-oslobodena-svih-optuzbi-nakon-sto-je-zavrsila-na-sudu-zbog-citiranja-biblije\\\/#primaryimage\"},\"thumbnailUrl\":\"https:\\\/\\\/radioljubuski.ba\\\/wp-content\\\/uploads\\\/2022\\\/03\\\/ADF-Finland-Web-18-696x464-1.jpg\",\"articleSection\":[\"BIH i regija\"],\"inLanguage\":\"hr\"},{\"@type\":\"WebPage\",\"@id\":\"https:\\\/\\\/radioljubuski.ba\\\/index.php\\\/2022\\\/03\\\/31\\\/velika-pobjeda-finska-politicarka-oslobodena-svih-optuzbi-nakon-sto-je-zavrsila-na-sudu-zbog-citiranja-biblije\\\/\",\"url\":\"https:\\\/\\\/radioljubuski.ba\\\/index.php\\\/2022\\\/03\\\/31\\\/velika-pobjeda-finska-politicarka-oslobodena-svih-optuzbi-nakon-sto-je-zavrsila-na-sudu-zbog-citiranja-biblije\\\/\",\"name\":\"Velika pobjeda: Finska politi\u010darka oslobo\u0111ena svih optu\u017ebi nakon \u0161to je zavr\u0161ila na sudu zbog citiranja Biblije - RADIO LJUBU\u0160KI\",\"isPartOf\":{\"@id\":\"https:\\\/\\\/radioljubuski.ba\\\/#website\"},\"primaryImageOfPage\":{\"@id\":\"https:\\\/\\\/radioljubuski.ba\\\/index.php\\\/2022\\\/03\\\/31\\\/velika-pobjeda-finska-politicarka-oslobodena-svih-optuzbi-nakon-sto-je-zavrsila-na-sudu-zbog-citiranja-biblije\\\/#primaryimage\"},\"image\":{\"@id\":\"https:\\\/\\\/radioljubuski.ba\\\/index.php\\\/2022\\\/03\\\/31\\\/velika-pobjeda-finska-politicarka-oslobodena-svih-optuzbi-nakon-sto-je-zavrsila-na-sudu-zbog-citiranja-biblije\\\/#primaryimage\"},\"thumbnailUrl\":\"https:\\\/\\\/radioljubuski.ba\\\/wp-content\\\/uploads\\\/2022\\\/03\\\/ADF-Finland-Web-18-696x464-1.jpg\",\"datePublished\":\"2022-03-31T16:06:46+00:00\",\"dateModified\":\"2022-03-31T16:06:48+00:00\",\"breadcrumb\":{\"@id\":\"https:\\\/\\\/radioljubuski.ba\\\/index.php\\\/2022\\\/03\\\/31\\\/velika-pobjeda-finska-politicarka-oslobodena-svih-optuzbi-nakon-sto-je-zavrsila-na-sudu-zbog-citiranja-biblije\\\/#breadcrumb\"},\"inLanguage\":\"hr\",\"potentialAction\":[{\"@type\":\"ReadAction\",\"target\":[\"https:\\\/\\\/radioljubuski.ba\\\/index.php\\\/2022\\\/03\\\/31\\\/velika-pobjeda-finska-politicarka-oslobodena-svih-optuzbi-nakon-sto-je-zavrsila-na-sudu-zbog-citiranja-biblije\\\/\"]}]},{\"@type\":\"ImageObject\",\"inLanguage\":\"hr\",\"@id\":\"https:\\\/\\\/radioljubuski.ba\\\/index.php\\\/2022\\\/03\\\/31\\\/velika-pobjeda-finska-politicarka-oslobodena-svih-optuzbi-nakon-sto-je-zavrsila-na-sudu-zbog-citiranja-biblije\\\/#primaryimage\",\"url\":\"https:\\\/\\\/radioljubuski.ba\\\/wp-content\\\/uploads\\\/2022\\\/03\\\/ADF-Finland-Web-18-696x464-1.jpg\",\"contentUrl\":\"https:\\\/\\\/radioljubuski.ba\\\/wp-content\\\/uploads\\\/2022\\\/03\\\/ADF-Finland-Web-18-696x464-1.jpg\",\"width\":696,\"height\":464},{\"@type\":\"BreadcrumbList\",\"@id\":\"https:\\\/\\\/radioljubuski.ba\\\/index.php\\\/2022\\\/03\\\/31\\\/velika-pobjeda-finska-politicarka-oslobodena-svih-optuzbi-nakon-sto-je-zavrsila-na-sudu-zbog-citiranja-biblije\\\/#breadcrumb\",\"itemListElement\":[{\"@type\":\"ListItem\",\"position\":1,\"name\":\"Po\u010detna stranica\",\"item\":\"https:\\\/\\\/radioljubuski.ba\\\/\"},{\"@type\":\"ListItem\",\"position\":2,\"name\":\"Velika pobjeda: Finska politi\u010darka oslobo\u0111ena svih optu\u017ebi nakon \u0161to je zavr\u0161ila na sudu zbog citiranja Biblije\"}]},{\"@type\":\"WebSite\",\"@id\":\"https:\\\/\\\/radioljubuski.ba\\\/#website\",\"url\":\"https:\\\/\\\/radioljubuski.ba\\\/\",\"name\":\"Radio Ljubu\u0161ki\",\"description\":\"Sun\u010dana frekvencija Hercegovine\",\"publisher\":{\"@id\":\"https:\\\/\\\/radioljubuski.ba\\\/#organization\"},\"potentialAction\":[{\"@type\":\"SearchAction\",\"target\":{\"@type\":\"EntryPoint\",\"urlTemplate\":\"https:\\\/\\\/radioljubuski.ba\\\/?s={search_term_string}\"},\"query-input\":{\"@type\":\"PropertyValueSpecification\",\"valueRequired\":true,\"valueName\":\"search_term_string\"}}],\"inLanguage\":\"hr\"},{\"@type\":\"Organization\",\"@id\":\"https:\\\/\\\/radioljubuski.ba\\\/#organization\",\"name\":\"Radio Ljubu\u0161ki\",\"url\":\"https:\\\/\\\/radioljubuski.ba\\\/\",\"logo\":{\"@type\":\"ImageObject\",\"inLanguage\":\"hr\",\"@id\":\"https:\\\/\\\/radioljubuski.ba\\\/#\\\/schema\\\/logo\\\/image\\\/\",\"url\":\"https:\\\/\\\/radioljubuski.ba\\\/wp-content\\\/uploads\\\/2021\\\/02\\\/cropped-Radio_Ljubuski_logo1.jpg\",\"contentUrl\":\"https:\\\/\\\/radioljubuski.ba\\\/wp-content\\\/uploads\\\/2021\\\/02\\\/cropped-Radio_Ljubuski_logo1.jpg\",\"width\":512,\"height\":512,\"caption\":\"Radio Ljubu\u0161ki\"},\"image\":{\"@id\":\"https:\\\/\\\/radioljubuski.ba\\\/#\\\/schema\\\/logo\\\/image\\\/\"},\"sameAs\":[\"https:\\\/\\\/www.facebook.com\\\/Radiio-Ljubuski-1490835324566332\",\"https:\\\/\\\/x.com\\\/radioljubuski\",\"https:\\\/\\\/hr.linkedin.com\\\/company\\\/radio-ljubuski\",\"https:\\\/\\\/www.youtube.com\\\/channel\\\/UCHYaeO_n0Db3tjNGudGpXyw\"]},{\"@type\":\"Person\",\"@id\":\"https:\\\/\\\/radioljubuski.ba\\\/#\\\/schema\\\/person\\\/19fc700381a780f69665d7956c469e3b\",\"name\":\"Radio Ljubu\u0161ki\"}]}<\/script>\n<!-- \/ Yoast SEO plugin. -->","yoast_head_json":{"title":"Velika pobjeda: Finska politi\u010darka oslobo\u0111ena svih optu\u017ebi nakon \u0161to je zavr\u0161ila na sudu zbog citiranja Biblije - RADIO LJUBU\u0160KI","robots":{"index":"index","follow":"follow","max-snippet":"max-snippet:-1","max-image-preview":"max-image-preview:large","max-video-preview":"max-video-preview:-1"},"canonical":"https:\/\/radioljubuski.ba\/index.php\/2022\/03\/31\/velika-pobjeda-finska-politicarka-oslobodena-svih-optuzbi-nakon-sto-je-zavrsila-na-sudu-zbog-citiranja-biblije\/","og_locale":"hr_HR","og_type":"article","og_title":"Velika pobjeda: Finska politi\u010darka oslobo\u0111ena svih optu\u017ebi nakon \u0161to je zavr\u0161ila na sudu zbog citiranja Biblije - RADIO LJUBU\u0160KI","og_description":"Sud u Helsinkiju odbacio je sve optu\u017ebe protiv P\u00e4ivi R\u00e4s\u00e4nen, finske politi\u010darke, nekada\u0161nje ministrice i zastupnice u parlamentu koja je i lije\u010dnica te majke petero djece i Juhanea Pohjola, biskupa Evangeli\u010dko-luteranske misijske biskupije Finske, nakon su\u0111enja zbog izno\u0161enja kr\u0161\u0107anskog nauka o homoseksualnosti. Sud je u jednoglasnoj presudi na 28 stranica od 30. o\u017eujka rekao da [&hellip;]","og_url":"https:\/\/radioljubuski.ba\/index.php\/2022\/03\/31\/velika-pobjeda-finska-politicarka-oslobodena-svih-optuzbi-nakon-sto-je-zavrsila-na-sudu-zbog-citiranja-biblije\/","og_site_name":"RADIO LJUBU\u0160KI","article_publisher":"https:\/\/www.facebook.com\/Radiio-Ljubuski-1490835324566332","article_published_time":"2022-03-31T16:06:46+00:00","article_modified_time":"2022-03-31T16:06:48+00:00","og_image":[{"width":696,"height":464,"url":"https:\/\/radioljubuski.ba\/wp-content\/uploads\/2022\/03\/ADF-Finland-Web-18-696x464-1.jpg","type":"image\/jpeg"}],"author":"Radio Ljubu\u0161ki","twitter_card":"summary_large_image","twitter_creator":"@radioljubuski","twitter_site":"@radioljubuski","twitter_misc":{"Napisao\/la":"Radio Ljubu\u0161ki","Procijenjeno vrijeme \u010ditanja":"2 minute"},"schema":{"@context":"https:\/\/schema.org","@graph":[{"@type":"Article","@id":"https:\/\/radioljubuski.ba\/index.php\/2022\/03\/31\/velika-pobjeda-finska-politicarka-oslobodena-svih-optuzbi-nakon-sto-je-zavrsila-na-sudu-zbog-citiranja-biblije\/#article","isPartOf":{"@id":"https:\/\/radioljubuski.ba\/index.php\/2022\/03\/31\/velika-pobjeda-finska-politicarka-oslobodena-svih-optuzbi-nakon-sto-je-zavrsila-na-sudu-zbog-citiranja-biblije\/"},"author":{"name":"Radio Ljubu\u0161ki","@id":"https:\/\/radioljubuski.ba\/#\/schema\/person\/19fc700381a780f69665d7956c469e3b"},"headline":"Velika pobjeda: Finska politi\u010darka oslobo\u0111ena svih optu\u017ebi nakon \u0161to je zavr\u0161ila na sudu zbog citiranja Biblije","datePublished":"2022-03-31T16:06:46+00:00","dateModified":"2022-03-31T16:06:48+00:00","mainEntityOfPage":{"@id":"https:\/\/radioljubuski.ba\/index.php\/2022\/03\/31\/velika-pobjeda-finska-politicarka-oslobodena-svih-optuzbi-nakon-sto-je-zavrsila-na-sudu-zbog-citiranja-biblije\/"},"wordCount":367,"publisher":{"@id":"https:\/\/radioljubuski.ba\/#organization"},"image":{"@id":"https:\/\/radioljubuski.ba\/index.php\/2022\/03\/31\/velika-pobjeda-finska-politicarka-oslobodena-svih-optuzbi-nakon-sto-je-zavrsila-na-sudu-zbog-citiranja-biblije\/#primaryimage"},"thumbnailUrl":"https:\/\/radioljubuski.ba\/wp-content\/uploads\/2022\/03\/ADF-Finland-Web-18-696x464-1.jpg","articleSection":["BIH i regija"],"inLanguage":"hr"},{"@type":"WebPage","@id":"https:\/\/radioljubuski.ba\/index.php\/2022\/03\/31\/velika-pobjeda-finska-politicarka-oslobodena-svih-optuzbi-nakon-sto-je-zavrsila-na-sudu-zbog-citiranja-biblije\/","url":"https:\/\/radioljubuski.ba\/index.php\/2022\/03\/31\/velika-pobjeda-finska-politicarka-oslobodena-svih-optuzbi-nakon-sto-je-zavrsila-na-sudu-zbog-citiranja-biblije\/","name":"Velika pobjeda: Finska politi\u010darka oslobo\u0111ena svih optu\u017ebi nakon \u0161to je zavr\u0161ila na sudu zbog citiranja Biblije - RADIO LJUBU\u0160KI","isPartOf":{"@id":"https:\/\/radioljubuski.ba\/#website"},"primaryImageOfPage":{"@id":"https:\/\/radioljubuski.ba\/index.php\/2022\/03\/31\/velika-pobjeda-finska-politicarka-oslobodena-svih-optuzbi-nakon-sto-je-zavrsila-na-sudu-zbog-citiranja-biblije\/#primaryimage"},"image":{"@id":"https:\/\/radioljubuski.ba\/index.php\/2022\/03\/31\/velika-pobjeda-finska-politicarka-oslobodena-svih-optuzbi-nakon-sto-je-zavrsila-na-sudu-zbog-citiranja-biblije\/#primaryimage"},"thumbnailUrl":"https:\/\/radioljubuski.ba\/wp-content\/uploads\/2022\/03\/ADF-Finland-Web-18-696x464-1.jpg","datePublished":"2022-03-31T16:06:46+00:00","dateModified":"2022-03-31T16:06:48+00:00","breadcrumb":{"@id":"https:\/\/radioljubuski.ba\/index.php\/2022\/03\/31\/velika-pobjeda-finska-politicarka-oslobodena-svih-optuzbi-nakon-sto-je-zavrsila-na-sudu-zbog-citiranja-biblije\/#breadcrumb"},"inLanguage":"hr","potentialAction":[{"@type":"ReadAction","target":["https:\/\/radioljubuski.ba\/index.php\/2022\/03\/31\/velika-pobjeda-finska-politicarka-oslobodena-svih-optuzbi-nakon-sto-je-zavrsila-na-sudu-zbog-citiranja-biblije\/"]}]},{"@type":"ImageObject","inLanguage":"hr","@id":"https:\/\/radioljubuski.ba\/index.php\/2022\/03\/31\/velika-pobjeda-finska-politicarka-oslobodena-svih-optuzbi-nakon-sto-je-zavrsila-na-sudu-zbog-citiranja-biblije\/#primaryimage","url":"https:\/\/radioljubuski.ba\/wp-content\/uploads\/2022\/03\/ADF-Finland-Web-18-696x464-1.jpg","contentUrl":"https:\/\/radioljubuski.ba\/wp-content\/uploads\/2022\/03\/ADF-Finland-Web-18-696x464-1.jpg","width":696,"height":464},{"@type":"BreadcrumbList","@id":"https:\/\/radioljubuski.ba\/index.php\/2022\/03\/31\/velika-pobjeda-finska-politicarka-oslobodena-svih-optuzbi-nakon-sto-je-zavrsila-na-sudu-zbog-citiranja-biblije\/#breadcrumb","itemListElement":[{"@type":"ListItem","position":1,"name":"Po\u010detna stranica","item":"https:\/\/radioljubuski.ba\/"},{"@type":"ListItem","position":2,"name":"Velika pobjeda: Finska politi\u010darka oslobo\u0111ena svih optu\u017ebi nakon \u0161to je zavr\u0161ila na sudu zbog citiranja Biblije"}]},{"@type":"WebSite","@id":"https:\/\/radioljubuski.ba\/#website","url":"https:\/\/radioljubuski.ba\/","name":"Radio Ljubu\u0161ki","description":"Sun\u010dana frekvencija Hercegovine","publisher":{"@id":"https:\/\/radioljubuski.ba\/#organization"},"potentialAction":[{"@type":"SearchAction","target":{"@type":"EntryPoint","urlTemplate":"https:\/\/radioljubuski.ba\/?s={search_term_string}"},"query-input":{"@type":"PropertyValueSpecification","valueRequired":true,"valueName":"search_term_string"}}],"inLanguage":"hr"},{"@type":"Organization","@id":"https:\/\/radioljubuski.ba\/#organization","name":"Radio Ljubu\u0161ki","url":"https:\/\/radioljubuski.ba\/","logo":{"@type":"ImageObject","inLanguage":"hr","@id":"https:\/\/radioljubuski.ba\/#\/schema\/logo\/image\/","url":"https:\/\/radioljubuski.ba\/wp-content\/uploads\/2021\/02\/cropped-Radio_Ljubuski_logo1.jpg","contentUrl":"https:\/\/radioljubuski.ba\/wp-content\/uploads\/2021\/02\/cropped-Radio_Ljubuski_logo1.jpg","width":512,"height":512,"caption":"Radio Ljubu\u0161ki"},"image":{"@id":"https:\/\/radioljubuski.ba\/#\/schema\/logo\/image\/"},"sameAs":["https:\/\/www.facebook.com\/Radiio-Ljubuski-1490835324566332","https:\/\/x.com\/radioljubuski","https:\/\/hr.linkedin.com\/company\/radio-ljubuski","https:\/\/www.youtube.com\/channel\/UCHYaeO_n0Db3tjNGudGpXyw"]},{"@type":"Person","@id":"https:\/\/radioljubuski.ba\/#\/schema\/person\/19fc700381a780f69665d7956c469e3b","name":"Radio Ljubu\u0161ki"}]}},"_links":{"self":[{"href":"https:\/\/radioljubuski.ba\/index.php\/wp-json\/wp\/v2\/posts\/127412","targetHints":{"allow":["GET"]}}],"collection":[{"href":"https:\/\/radioljubuski.ba\/index.php\/wp-json\/wp\/v2\/posts"}],"about":[{"href":"https:\/\/radioljubuski.ba\/index.php\/wp-json\/wp\/v2\/types\/post"}],"author":[{"embeddable":true,"href":"https:\/\/radioljubuski.ba\/index.php\/wp-json\/wp\/v2\/users\/2"}],"replies":[{"embeddable":true,"href":"https:\/\/radioljubuski.ba\/index.php\/wp-json\/wp\/v2\/comments?post=127412"}],"version-history":[{"count":1,"href":"https:\/\/radioljubuski.ba\/index.php\/wp-json\/wp\/v2\/posts\/127412\/revisions"}],"predecessor-version":[{"id":127414,"href":"https:\/\/radioljubuski.ba\/index.php\/wp-json\/wp\/v2\/posts\/127412\/revisions\/127414"}],"wp:featuredmedia":[{"embeddable":true,"href":"https:\/\/radioljubuski.ba\/index.php\/wp-json\/wp\/v2\/media\/127413"}],"wp:attachment":[{"href":"https:\/\/radioljubuski.ba\/index.php\/wp-json\/wp\/v2\/media?parent=127412"}],"wp:term":[{"taxonomy":"category","embeddable":true,"href":"https:\/\/radioljubuski.ba\/index.php\/wp-json\/wp\/v2\/categories?post=127412"},{"taxonomy":"post_tag","embeddable":true,"href":"https:\/\/radioljubuski.ba\/index.php\/wp-json\/wp\/v2\/tags?post=127412"}],"curies":[{"name":"wp","href":"https:\/\/api.w.org\/{rel}","templated":true}]}}