{"id":127439,"date":"2022-04-01T00:19:08","date_gmt":"2022-03-31T23:19:08","guid":{"rendered":"https:\/\/radioljubuski.ba\/?p=127439"},"modified":"2022-04-01T00:19:10","modified_gmt":"2022-03-31T23:19:10","slug":"zdrijeb-skupina-finalnog-turnira-davis-cupa-26-travnja","status":"publish","type":"post","link":"https:\/\/radioljubuski.ba\/index.php\/2022\/04\/01\/zdrijeb-skupina-finalnog-turnira-davis-cupa-26-travnja\/","title":{"rendered":"\u017ddrijeb skupina finalnog turnira Davis Cupa 26. travnja"},"content":{"rendered":"\n<p><strong>\u017ddrijeb skupina ovogodi\u0161njeg izdanja finalnog turnira Davis Cupa, koji je prvotno najavljen za 31. o\u017eujka, bit \u0107e odr\u017ean 26. travnja u 16 sati po srednjoeuropskom vremenu.<\/strong><\/p>\n\n\n\n<p>Nakon \u0161to su pro\u0161logodi\u0161nji pobjednici Rusi izba\u010deni iz natjecanja zbog agresije na Ukrajinu, za prvog nositelja je postavljena reprezentacija Hrvatske koja je bila finalist 2021., a uz na\u0161e tenisa\u010de u prvu jakosnu skupinu uvr\u0161teni su \u0160panjolska, Francuska i SAD. U drugoj su Njema\u010dka, Kanada, Italija i Velika Britanija, u tre\u0107oj Kazahstan, Belgija, Srbija i Argentina, a u \u010detvrtom \u0160vedska, Australija, Nizozemska i Ju\u017ena Koreja.<\/p>\n\n\n\n<p>U \u010detvrtak je u sjedi\u0161tu Me\u0111unarodne teniske federacije (ITF) u Londonu odr\u017ean \u017edrijeb za Prvu i Drugu svjetsku skupinu, a spomenuti me\u010devi su na rasporedu u terminu od 16. do 18. rujna.<\/p>\n\n\n\n<p>Pobjednici me\u010deva iz Prve svjetske skupine plasirat \u0107e se u kvalifikacije za finalni turnir Davis Cupa 2023.<\/p>\n\n\n\n<p>Prva svjetska skupina: Austrija &#8211; Pakistan, Kolumbija &#8211; Turska, Izrael &#8211; \u010ce\u0161ka, Uzbekistan &#8211; Japan, Ekvador &#8211; \u0160vicarska, Peru &#8211; \u010cile, Portugal &#8211; Brazil, Norve\u0161ka &#8211; Indija, Ukrajina &#8211; Ma\u0111arska, Slova\u010dka &#8211; Rumunjska, Finska &#8211; Novi Zeland, Bosna i Hercegovina &#8211; Meksiko.<\/p>\n\n\n\n<p>Druga svjetska skupina: Urugvaj &#8211; Kina, Libanon &#8211; Monako, Litva &#8211; Egipat, Tajland &#8211; Bolivija, Tajvan &#8211; Hong Kong, Slovenija &#8211; Estonija, Tunis &#8211; Gr\u010dka, Salvador &#8211; Danska, Poljska &#8211; Indonezija, Bugarska &#8211; JAR, Barbados &#8211; Irska, Latvija &#8211; Dominikanska Republika.<\/p>\n\n\n\n<p>Izvor:hrt.hr<\/p>\n","protected":false},"excerpt":{"rendered":"<p>\u017ddrijeb skupina ovogodi\u0161njeg izdanja finalnog turnira Davis Cupa, koji je prvotno najavljen za 31. o\u017eujka, bit \u0107e odr\u017ean 26. travnja u 16 sati po srednjoeuropskom vremenu. Nakon \u0161to su pro\u0161logodi\u0161nji pobjednici Rusi izba\u010deni iz natjecanja zbog agresije na Ukrajinu, za prvog nositelja je postavljena reprezentacija Hrvatske koja je bila finalist 2021., a uz na\u0161e tenisa\u010de [&hellip;]<\/p>\n","protected":false},"author":2,"featured_media":41507,"comment_status":"closed","ping_status":"closed","sticky":false,"template":"","format":"standard","meta":{"h5ap_radio_sources":[],"footnotes":""},"categories":[7],"tags":[],"class_list":["post-127439","post","type-post","status-publish","format-standard","has-post-thumbnail","hentry","category-sport"],"yoast_head":"<!-- This site is optimized with the Yoast SEO plugin v27.5 - https:\/\/yoast.com\/product\/yoast-seo-wordpress\/ -->\n<title>\u017ddrijeb skupina finalnog turnira Davis Cupa 26. travnja - RADIO LJUBU\u0160KI<\/title>\n<meta name=\"robots\" content=\"index, follow, max-snippet:-1, max-image-preview:large, max-video-preview:-1\" \/>\n<link rel=\"canonical\" href=\"https:\/\/radioljubuski.ba\/index.php\/2022\/04\/01\/zdrijeb-skupina-finalnog-turnira-davis-cupa-26-travnja\/\" \/>\n<meta property=\"og:locale\" content=\"hr_HR\" \/>\n<meta property=\"og:type\" content=\"article\" \/>\n<meta property=\"og:title\" content=\"\u017ddrijeb skupina finalnog turnira Davis Cupa 26. travnja - RADIO LJUBU\u0160KI\" \/>\n<meta property=\"og:description\" content=\"\u017ddrijeb skupina ovogodi\u0161njeg izdanja finalnog turnira Davis Cupa, koji je prvotno najavljen za 31. o\u017eujka, bit \u0107e odr\u017ean 26. travnja u 16 sati po srednjoeuropskom vremenu. Nakon \u0161to su pro\u0161logodi\u0161nji pobjednici Rusi izba\u010deni iz natjecanja zbog agresije na Ukrajinu, za prvog nositelja je postavljena reprezentacija Hrvatske koja je bila finalist 2021., a uz na\u0161e tenisa\u010de [&hellip;]\" \/>\n<meta property=\"og:url\" content=\"https:\/\/radioljubuski.ba\/index.php\/2022\/04\/01\/zdrijeb-skupina-finalnog-turnira-davis-cupa-26-travnja\/\" \/>\n<meta property=\"og:site_name\" content=\"RADIO LJUBU\u0160KI\" \/>\n<meta property=\"article:publisher\" content=\"https:\/\/www.facebook.com\/Radiio-Ljubuski-1490835324566332\" \/>\n<meta property=\"article:published_time\" content=\"2022-03-31T23:19:08+00:00\" \/>\n<meta property=\"article:modified_time\" content=\"2022-03-31T23:19:10+00:00\" \/>\n<meta property=\"og:image\" content=\"https:\/\/radioljubuski.ba\/wp-content\/uploads\/2021\/07\/ycsLHk9F_tenis_loptica.jpg\" \/>\n\t<meta property=\"og:image:width\" content=\"1000\" \/>\n\t<meta property=\"og:image:height\" content=\"625\" \/>\n\t<meta property=\"og:image:type\" content=\"image\/jpeg\" \/>\n<meta name=\"author\" content=\"Radio Ljubu\u0161ki\" \/>\n<meta name=\"twitter:card\" content=\"summary_large_image\" \/>\n<meta name=\"twitter:creator\" content=\"@radioljubuski\" \/>\n<meta name=\"twitter:site\" content=\"@radioljubuski\" \/>\n<meta name=\"twitter:label1\" content=\"Napisao\/la\" \/>\n\t<meta name=\"twitter:data1\" content=\"Radio Ljubu\u0161ki\" \/>\n\t<meta name=\"twitter:label2\" content=\"Procijenjeno vrijeme \u010ditanja\" \/>\n\t<meta name=\"twitter:data2\" content=\"1 minuta\" \/>\n<script type=\"application\/ld+json\" class=\"yoast-schema-graph\">{\"@context\":\"https:\\\/\\\/schema.org\",\"@graph\":[{\"@type\":\"Article\",\"@id\":\"https:\\\/\\\/radioljubuski.ba\\\/index.php\\\/2022\\\/04\\\/01\\\/zdrijeb-skupina-finalnog-turnira-davis-cupa-26-travnja\\\/#article\",\"isPartOf\":{\"@id\":\"https:\\\/\\\/radioljubuski.ba\\\/index.php\\\/2022\\\/04\\\/01\\\/zdrijeb-skupina-finalnog-turnira-davis-cupa-26-travnja\\\/\"},\"author\":{\"name\":\"Radio Ljubu\u0161ki\",\"@id\":\"https:\\\/\\\/radioljubuski.ba\\\/#\\\/schema\\\/person\\\/19fc700381a780f69665d7956c469e3b\"},\"headline\":\"\u017ddrijeb skupina finalnog turnira Davis Cupa 26. travnja\",\"datePublished\":\"2022-03-31T23:19:08+00:00\",\"dateModified\":\"2022-03-31T23:19:10+00:00\",\"mainEntityOfPage\":{\"@id\":\"https:\\\/\\\/radioljubuski.ba\\\/index.php\\\/2022\\\/04\\\/01\\\/zdrijeb-skupina-finalnog-turnira-davis-cupa-26-travnja\\\/\"},\"wordCount\":247,\"publisher\":{\"@id\":\"https:\\\/\\\/radioljubuski.ba\\\/#organization\"},\"image\":{\"@id\":\"https:\\\/\\\/radioljubuski.ba\\\/index.php\\\/2022\\\/04\\\/01\\\/zdrijeb-skupina-finalnog-turnira-davis-cupa-26-travnja\\\/#primaryimage\"},\"thumbnailUrl\":\"https:\\\/\\\/radioljubuski.ba\\\/wp-content\\\/uploads\\\/2021\\\/07\\\/ycsLHk9F_tenis_loptica.jpg\",\"articleSection\":[\"\u0160port\"],\"inLanguage\":\"hr\"},{\"@type\":\"WebPage\",\"@id\":\"https:\\\/\\\/radioljubuski.ba\\\/index.php\\\/2022\\\/04\\\/01\\\/zdrijeb-skupina-finalnog-turnira-davis-cupa-26-travnja\\\/\",\"url\":\"https:\\\/\\\/radioljubuski.ba\\\/index.php\\\/2022\\\/04\\\/01\\\/zdrijeb-skupina-finalnog-turnira-davis-cupa-26-travnja\\\/\",\"name\":\"\u017ddrijeb skupina finalnog turnira Davis Cupa 26. travnja - RADIO LJUBU\u0160KI\",\"isPartOf\":{\"@id\":\"https:\\\/\\\/radioljubuski.ba\\\/#website\"},\"primaryImageOfPage\":{\"@id\":\"https:\\\/\\\/radioljubuski.ba\\\/index.php\\\/2022\\\/04\\\/01\\\/zdrijeb-skupina-finalnog-turnira-davis-cupa-26-travnja\\\/#primaryimage\"},\"image\":{\"@id\":\"https:\\\/\\\/radioljubuski.ba\\\/index.php\\\/2022\\\/04\\\/01\\\/zdrijeb-skupina-finalnog-turnira-davis-cupa-26-travnja\\\/#primaryimage\"},\"thumbnailUrl\":\"https:\\\/\\\/radioljubuski.ba\\\/wp-content\\\/uploads\\\/2021\\\/07\\\/ycsLHk9F_tenis_loptica.jpg\",\"datePublished\":\"2022-03-31T23:19:08+00:00\",\"dateModified\":\"2022-03-31T23:19:10+00:00\",\"breadcrumb\":{\"@id\":\"https:\\\/\\\/radioljubuski.ba\\\/index.php\\\/2022\\\/04\\\/01\\\/zdrijeb-skupina-finalnog-turnira-davis-cupa-26-travnja\\\/#breadcrumb\"},\"inLanguage\":\"hr\",\"potentialAction\":[{\"@type\":\"ReadAction\",\"target\":[\"https:\\\/\\\/radioljubuski.ba\\\/index.php\\\/2022\\\/04\\\/01\\\/zdrijeb-skupina-finalnog-turnira-davis-cupa-26-travnja\\\/\"]}]},{\"@type\":\"ImageObject\",\"inLanguage\":\"hr\",\"@id\":\"https:\\\/\\\/radioljubuski.ba\\\/index.php\\\/2022\\\/04\\\/01\\\/zdrijeb-skupina-finalnog-turnira-davis-cupa-26-travnja\\\/#primaryimage\",\"url\":\"https:\\\/\\\/radioljubuski.ba\\\/wp-content\\\/uploads\\\/2021\\\/07\\\/ycsLHk9F_tenis_loptica.jpg\",\"contentUrl\":\"https:\\\/\\\/radioljubuski.ba\\\/wp-content\\\/uploads\\\/2021\\\/07\\\/ycsLHk9F_tenis_loptica.jpg\",\"width\":1000,\"height\":625},{\"@type\":\"BreadcrumbList\",\"@id\":\"https:\\\/\\\/radioljubuski.ba\\\/index.php\\\/2022\\\/04\\\/01\\\/zdrijeb-skupina-finalnog-turnira-davis-cupa-26-travnja\\\/#breadcrumb\",\"itemListElement\":[{\"@type\":\"ListItem\",\"position\":1,\"name\":\"Po\u010detna stranica\",\"item\":\"https:\\\/\\\/radioljubuski.ba\\\/\"},{\"@type\":\"ListItem\",\"position\":2,\"name\":\"\u017ddrijeb skupina finalnog turnira Davis Cupa 26. travnja\"}]},{\"@type\":\"WebSite\",\"@id\":\"https:\\\/\\\/radioljubuski.ba\\\/#website\",\"url\":\"https:\\\/\\\/radioljubuski.ba\\\/\",\"name\":\"Radio Ljubu\u0161ki\",\"description\":\"Sun\u010dana frekvencija Hercegovine\",\"publisher\":{\"@id\":\"https:\\\/\\\/radioljubuski.ba\\\/#organization\"},\"potentialAction\":[{\"@type\":\"SearchAction\",\"target\":{\"@type\":\"EntryPoint\",\"urlTemplate\":\"https:\\\/\\\/radioljubuski.ba\\\/?s={search_term_string}\"},\"query-input\":{\"@type\":\"PropertyValueSpecification\",\"valueRequired\":true,\"valueName\":\"search_term_string\"}}],\"inLanguage\":\"hr\"},{\"@type\":\"Organization\",\"@id\":\"https:\\\/\\\/radioljubuski.ba\\\/#organization\",\"name\":\"Radio Ljubu\u0161ki\",\"url\":\"https:\\\/\\\/radioljubuski.ba\\\/\",\"logo\":{\"@type\":\"ImageObject\",\"inLanguage\":\"hr\",\"@id\":\"https:\\\/\\\/radioljubuski.ba\\\/#\\\/schema\\\/logo\\\/image\\\/\",\"url\":\"https:\\\/\\\/radioljubuski.ba\\\/wp-content\\\/uploads\\\/2021\\\/02\\\/cropped-Radio_Ljubuski_logo1.jpg\",\"contentUrl\":\"https:\\\/\\\/radioljubuski.ba\\\/wp-content\\\/uploads\\\/2021\\\/02\\\/cropped-Radio_Ljubuski_logo1.jpg\",\"width\":512,\"height\":512,\"caption\":\"Radio Ljubu\u0161ki\"},\"image\":{\"@id\":\"https:\\\/\\\/radioljubuski.ba\\\/#\\\/schema\\\/logo\\\/image\\\/\"},\"sameAs\":[\"https:\\\/\\\/www.facebook.com\\\/Radiio-Ljubuski-1490835324566332\",\"https:\\\/\\\/x.com\\\/radioljubuski\",\"https:\\\/\\\/hr.linkedin.com\\\/company\\\/radio-ljubuski\",\"https:\\\/\\\/www.youtube.com\\\/channel\\\/UCHYaeO_n0Db3tjNGudGpXyw\"]},{\"@type\":\"Person\",\"@id\":\"https:\\\/\\\/radioljubuski.ba\\\/#\\\/schema\\\/person\\\/19fc700381a780f69665d7956c469e3b\",\"name\":\"Radio Ljubu\u0161ki\"}]}<\/script>\n<!-- \/ Yoast SEO plugin. -->","yoast_head_json":{"title":"\u017ddrijeb skupina finalnog turnira Davis Cupa 26. travnja - RADIO LJUBU\u0160KI","robots":{"index":"index","follow":"follow","max-snippet":"max-snippet:-1","max-image-preview":"max-image-preview:large","max-video-preview":"max-video-preview:-1"},"canonical":"https:\/\/radioljubuski.ba\/index.php\/2022\/04\/01\/zdrijeb-skupina-finalnog-turnira-davis-cupa-26-travnja\/","og_locale":"hr_HR","og_type":"article","og_title":"\u017ddrijeb skupina finalnog turnira Davis Cupa 26. travnja - RADIO LJUBU\u0160KI","og_description":"\u017ddrijeb skupina ovogodi\u0161njeg izdanja finalnog turnira Davis Cupa, koji je prvotno najavljen za 31. o\u017eujka, bit \u0107e odr\u017ean 26. travnja u 16 sati po srednjoeuropskom vremenu. Nakon \u0161to su pro\u0161logodi\u0161nji pobjednici Rusi izba\u010deni iz natjecanja zbog agresije na Ukrajinu, za prvog nositelja je postavljena reprezentacija Hrvatske koja je bila finalist 2021., a uz na\u0161e tenisa\u010de [&hellip;]","og_url":"https:\/\/radioljubuski.ba\/index.php\/2022\/04\/01\/zdrijeb-skupina-finalnog-turnira-davis-cupa-26-travnja\/","og_site_name":"RADIO LJUBU\u0160KI","article_publisher":"https:\/\/www.facebook.com\/Radiio-Ljubuski-1490835324566332","article_published_time":"2022-03-31T23:19:08+00:00","article_modified_time":"2022-03-31T23:19:10+00:00","og_image":[{"width":1000,"height":625,"url":"https:\/\/radioljubuski.ba\/wp-content\/uploads\/2021\/07\/ycsLHk9F_tenis_loptica.jpg","type":"image\/jpeg"}],"author":"Radio Ljubu\u0161ki","twitter_card":"summary_large_image","twitter_creator":"@radioljubuski","twitter_site":"@radioljubuski","twitter_misc":{"Napisao\/la":"Radio Ljubu\u0161ki","Procijenjeno vrijeme \u010ditanja":"1 minuta"},"schema":{"@context":"https:\/\/schema.org","@graph":[{"@type":"Article","@id":"https:\/\/radioljubuski.ba\/index.php\/2022\/04\/01\/zdrijeb-skupina-finalnog-turnira-davis-cupa-26-travnja\/#article","isPartOf":{"@id":"https:\/\/radioljubuski.ba\/index.php\/2022\/04\/01\/zdrijeb-skupina-finalnog-turnira-davis-cupa-26-travnja\/"},"author":{"name":"Radio Ljubu\u0161ki","@id":"https:\/\/radioljubuski.ba\/#\/schema\/person\/19fc700381a780f69665d7956c469e3b"},"headline":"\u017ddrijeb skupina finalnog turnira Davis Cupa 26. travnja","datePublished":"2022-03-31T23:19:08+00:00","dateModified":"2022-03-31T23:19:10+00:00","mainEntityOfPage":{"@id":"https:\/\/radioljubuski.ba\/index.php\/2022\/04\/01\/zdrijeb-skupina-finalnog-turnira-davis-cupa-26-travnja\/"},"wordCount":247,"publisher":{"@id":"https:\/\/radioljubuski.ba\/#organization"},"image":{"@id":"https:\/\/radioljubuski.ba\/index.php\/2022\/04\/01\/zdrijeb-skupina-finalnog-turnira-davis-cupa-26-travnja\/#primaryimage"},"thumbnailUrl":"https:\/\/radioljubuski.ba\/wp-content\/uploads\/2021\/07\/ycsLHk9F_tenis_loptica.jpg","articleSection":["\u0160port"],"inLanguage":"hr"},{"@type":"WebPage","@id":"https:\/\/radioljubuski.ba\/index.php\/2022\/04\/01\/zdrijeb-skupina-finalnog-turnira-davis-cupa-26-travnja\/","url":"https:\/\/radioljubuski.ba\/index.php\/2022\/04\/01\/zdrijeb-skupina-finalnog-turnira-davis-cupa-26-travnja\/","name":"\u017ddrijeb skupina finalnog turnira Davis Cupa 26. travnja - RADIO LJUBU\u0160KI","isPartOf":{"@id":"https:\/\/radioljubuski.ba\/#website"},"primaryImageOfPage":{"@id":"https:\/\/radioljubuski.ba\/index.php\/2022\/04\/01\/zdrijeb-skupina-finalnog-turnira-davis-cupa-26-travnja\/#primaryimage"},"image":{"@id":"https:\/\/radioljubuski.ba\/index.php\/2022\/04\/01\/zdrijeb-skupina-finalnog-turnira-davis-cupa-26-travnja\/#primaryimage"},"thumbnailUrl":"https:\/\/radioljubuski.ba\/wp-content\/uploads\/2021\/07\/ycsLHk9F_tenis_loptica.jpg","datePublished":"2022-03-31T23:19:08+00:00","dateModified":"2022-03-31T23:19:10+00:00","breadcrumb":{"@id":"https:\/\/radioljubuski.ba\/index.php\/2022\/04\/01\/zdrijeb-skupina-finalnog-turnira-davis-cupa-26-travnja\/#breadcrumb"},"inLanguage":"hr","potentialAction":[{"@type":"ReadAction","target":["https:\/\/radioljubuski.ba\/index.php\/2022\/04\/01\/zdrijeb-skupina-finalnog-turnira-davis-cupa-26-travnja\/"]}]},{"@type":"ImageObject","inLanguage":"hr","@id":"https:\/\/radioljubuski.ba\/index.php\/2022\/04\/01\/zdrijeb-skupina-finalnog-turnira-davis-cupa-26-travnja\/#primaryimage","url":"https:\/\/radioljubuski.ba\/wp-content\/uploads\/2021\/07\/ycsLHk9F_tenis_loptica.jpg","contentUrl":"https:\/\/radioljubuski.ba\/wp-content\/uploads\/2021\/07\/ycsLHk9F_tenis_loptica.jpg","width":1000,"height":625},{"@type":"BreadcrumbList","@id":"https:\/\/radioljubuski.ba\/index.php\/2022\/04\/01\/zdrijeb-skupina-finalnog-turnira-davis-cupa-26-travnja\/#breadcrumb","itemListElement":[{"@type":"ListItem","position":1,"name":"Po\u010detna stranica","item":"https:\/\/radioljubuski.ba\/"},{"@type":"ListItem","position":2,"name":"\u017ddrijeb skupina finalnog turnira Davis Cupa 26. travnja"}]},{"@type":"WebSite","@id":"https:\/\/radioljubuski.ba\/#website","url":"https:\/\/radioljubuski.ba\/","name":"Radio Ljubu\u0161ki","description":"Sun\u010dana frekvencija Hercegovine","publisher":{"@id":"https:\/\/radioljubuski.ba\/#organization"},"potentialAction":[{"@type":"SearchAction","target":{"@type":"EntryPoint","urlTemplate":"https:\/\/radioljubuski.ba\/?s={search_term_string}"},"query-input":{"@type":"PropertyValueSpecification","valueRequired":true,"valueName":"search_term_string"}}],"inLanguage":"hr"},{"@type":"Organization","@id":"https:\/\/radioljubuski.ba\/#organization","name":"Radio Ljubu\u0161ki","url":"https:\/\/radioljubuski.ba\/","logo":{"@type":"ImageObject","inLanguage":"hr","@id":"https:\/\/radioljubuski.ba\/#\/schema\/logo\/image\/","url":"https:\/\/radioljubuski.ba\/wp-content\/uploads\/2021\/02\/cropped-Radio_Ljubuski_logo1.jpg","contentUrl":"https:\/\/radioljubuski.ba\/wp-content\/uploads\/2021\/02\/cropped-Radio_Ljubuski_logo1.jpg","width":512,"height":512,"caption":"Radio Ljubu\u0161ki"},"image":{"@id":"https:\/\/radioljubuski.ba\/#\/schema\/logo\/image\/"},"sameAs":["https:\/\/www.facebook.com\/Radiio-Ljubuski-1490835324566332","https:\/\/x.com\/radioljubuski","https:\/\/hr.linkedin.com\/company\/radio-ljubuski","https:\/\/www.youtube.com\/channel\/UCHYaeO_n0Db3tjNGudGpXyw"]},{"@type":"Person","@id":"https:\/\/radioljubuski.ba\/#\/schema\/person\/19fc700381a780f69665d7956c469e3b","name":"Radio Ljubu\u0161ki"}]}},"_links":{"self":[{"href":"https:\/\/radioljubuski.ba\/index.php\/wp-json\/wp\/v2\/posts\/127439","targetHints":{"allow":["GET"]}}],"collection":[{"href":"https:\/\/radioljubuski.ba\/index.php\/wp-json\/wp\/v2\/posts"}],"about":[{"href":"https:\/\/radioljubuski.ba\/index.php\/wp-json\/wp\/v2\/types\/post"}],"author":[{"embeddable":true,"href":"https:\/\/radioljubuski.ba\/index.php\/wp-json\/wp\/v2\/users\/2"}],"replies":[{"embeddable":true,"href":"https:\/\/radioljubuski.ba\/index.php\/wp-json\/wp\/v2\/comments?post=127439"}],"version-history":[{"count":1,"href":"https:\/\/radioljubuski.ba\/index.php\/wp-json\/wp\/v2\/posts\/127439\/revisions"}],"predecessor-version":[{"id":127440,"href":"https:\/\/radioljubuski.ba\/index.php\/wp-json\/wp\/v2\/posts\/127439\/revisions\/127440"}],"wp:featuredmedia":[{"embeddable":true,"href":"https:\/\/radioljubuski.ba\/index.php\/wp-json\/wp\/v2\/media\/41507"}],"wp:attachment":[{"href":"https:\/\/radioljubuski.ba\/index.php\/wp-json\/wp\/v2\/media?parent=127439"}],"wp:term":[{"taxonomy":"category","embeddable":true,"href":"https:\/\/radioljubuski.ba\/index.php\/wp-json\/wp\/v2\/categories?post=127439"},{"taxonomy":"post_tag","embeddable":true,"href":"https:\/\/radioljubuski.ba\/index.php\/wp-json\/wp\/v2\/tags?post=127439"}],"curies":[{"name":"wp","href":"https:\/\/api.w.org\/{rel}","templated":true}]}}