{"id":12827,"date":"2021-04-14T10:48:08","date_gmt":"2021-04-14T09:48:08","guid":{"rendered":"https:\/\/radioljubuski.ba\/?p=12827"},"modified":"2021-04-14T10:48:09","modified_gmt":"2021-04-14T09:48:09","slug":"kada-se-od-gradana-moze-traziti-jmbg-je-li-neophodan-i-kod-prijave-za-cjepivo","status":"publish","type":"post","link":"https:\/\/radioljubuski.ba\/index.php\/2021\/04\/14\/kada-se-od-gradana-moze-traziti-jmbg-je-li-neophodan-i-kod-prijave-za-cjepivo\/","title":{"rendered":"Kada se od gra\u0111ana mo\u017ee tra\u017eiti JMBG, je li neophodan i kod prijave za cjepivo?"},"content":{"rendered":"\n<p>U na\u0161oj zemlji su zabilje\u017eeni slu\u010dajevi zlouporabe osobnih podataka gra\u0111ana, pa je bilo situacija gdje ljudi nisu ni znali da je netko u njihovo ime podizao kredite, a onda su ih oni morali otpla\u0107ivati.&nbsp;<\/p>\n\n\n\n<p>Me\u0111u zlouporabljenim podacima su i mati\u010dni brojevi, pa se s pravom postavlja pitanje za\u0161to se jo\u0161 u na\u0161oj zemlji za svaku sitnicu tra\u017ei od gra\u0111ana mati\u010dni broj i tko im jam\u010di da ne\u0107e biti zlouporabljen.&nbsp;<\/p>\n\n\n\n<p>Najsvje\u017eiji primjer je prijava za imunizaciju protiv COVID-19 putem elektronske aplikacije u Sarajevskoj \u017eupaniji gdje se tra\u017ei da upi\u0161ete i mati\u010dni broj, pi\u0161e Faktor. Mati\u010dni broj i medicinska dokumentacija U Agenciji za za\u0161titu osobnih podataka u BiH poja\u0161njavaju u kojim uvjetima se od gra\u0111ana mo\u017ee tra\u017eiti mati\u010dni broj.&nbsp;<\/p>\n\n\n\n<p>&#8211; Zakonom o jedinstvenom mati\u010dnom broju u \u010dlanu 18. odre\u0111eno je da se u osobnu iskaznicu, izvod iz mati\u010dne knjige ro\u0111enih, vjen\u010danih i umrlih, radnu knji\u017eicu, zdravstvenu legitimaciju, putnu ispravu, voza\u010dku dozvolu, oru\u017eni list, evidenciju o dr\u017eavljanstvu, kao i druge evidencije i javne isprave gra\u0111ana, jedinstveni mati\u010dni broj upisuje samo ukoliko je to zakonom izri\u010dito propisano.&nbsp;<\/p>\n\n\n\n<p>Zahtijevanje jedinstvenog mati\u010dnog broja od gra\u0111ana, prilikom prijavljivanja za cjepljenje protiv COVID-19 putem elektronske aplikacije, mogu\u0107e je ukoliko je to zakonom izri\u010dito propisano &#8211; tvrdi direktor Agencije za za\u0161titu osobnih podataka u BiH Dragoljub Relji\u0107. Dodaje kako je Zakonom o evidencijama u oblasti zdravstva odre\u0111ena obrada jedinstvenog mati\u010dnog broja u okviru osnovne medicinske dokumentacije u koju spada zdravstveni karton u pisanoj i elektronskoj formi.&nbsp;<\/p>\n\n\n\n<p>&#8211; U aplikaciji za prijavu na cjepljenje nagla\u0161eno je kako se radi o obradi osobnih podataka u okviru zdravstvenog informacijskog sustava i da su podaci za prijavljivanje, uklju\u010duju\u0107i i jedinstveni mati\u010dni broj, dio zdravstvenog kartona svakog pojedinca. Dakle, neosporno je da postoji zakonska osnova za obradu jedinstvenog mati\u010dnog broja u postupku pru\u017eanja medicinskih usluga, \u0161to izme\u0111u ostalog podrazumijeva i cjepljenje, a isti je neophodan i kao identifikator za pristup elektronskom zdravstvenom kartonu &#8211; poja\u0161njava Relji\u0107.&nbsp;<\/p>\n\n\n\n<p>Na upit tko mo\u017ee jam\u010diti gra\u0111anima da njihov mati\u010dni broj ne\u0107e biti zlouporabljen, ka\u017ee kako su u skladu sa \u010dlanom 11 Zakona o za\u0161titi osobnih podataka, kontrolor podataka i u okviru svoje nadle\u017enosti obra\u0111iva\u010d podataka, du\u017eni brinuti o sigurnosti podataka, te poduzimaju sve tehni\u010dke i organizacijske mjere za\u0161tite i utvr\u0111uju pravila postupaka koji su neophodni za provo\u0111enje ovog Zakona i drugih propisa u vezi sa za\u0161titom i tajno\u0161\u0107u podataka.&nbsp;<\/p>\n\n\n\n<p>&#8211; Kontrolor i obra\u0111iva\u010d du\u017eni su poduzeti mjere protiv neovla\u0161tenog ili slu\u010dajnog pristupa osobnim podacima, mijenjanja, uni\u0161tavanja ili gubitka podataka, neovla\u0161tenog prijenosa, drugih oblika nezakonite obrade podataka, kao i mjere protiv zlouporabe osobnih podataka. Ova obveza ostaje na snazi i nakon zavr\u0161etka obrade podataka &#8211; navodi Relji\u0107.&nbsp;<\/p>\n\n\n\n<p>Ukazuje da su zdravstvene ustanove i svi organi koji su uklju\u010deni u proces cjepljenja, kao i u pru\u017eanju zdravstvenih usluga uop\u0107e, obvezni poduzeti sve tehni\u010dke i organizacijske mjere za za\u0161titu oobnih podataka, uklju\u010duju\u0107i i mjere protiv zlouporabe osobnih podataka. &#8211; Osim toga, osobni podaci koje obra\u0111uje kontrolor ili obra\u0111iva\u010d podataka za zaposlene, predstavljaju slu\u017ebenu tajnu i isti su du\u017eni da se pridr\u017eavaju utvr\u0111enog na\u010dina osiguranja.&nbsp;<\/p>\n\n\n\n<p>Generalno, svaka obrada osobnih podataka mo\u017ee predstavljati rizik od mogu\u0107e zlouporabe i jasno je da se ne mo\u017ee posti\u0107i apsolutna za\u0161tita. Me\u0111utim, taj rizik je znatno manji ukoliko se kontrolori i obra\u0111iva\u010di pridr\u017eavaju zakona &#8211; zaklju\u010duje Relji\u0107.<\/p>\n\n\n\n<p>Izvor:faktor.ba<\/p>\n","protected":false},"excerpt":{"rendered":"<p>U na\u0161oj zemlji su zabilje\u017eeni slu\u010dajevi zlouporabe osobnih podataka gra\u0111ana, pa je bilo situacija gdje ljudi nisu ni znali da je netko u njihovo ime podizao kredite, a onda su ih oni morali otpla\u0107ivati.&nbsp; Me\u0111u zlouporabljenim podacima su i mati\u010dni brojevi, pa se s pravom postavlja pitanje za\u0161to se jo\u0161 u na\u0161oj zemlji za svaku [&hellip;]<\/p>\n","protected":false},"author":2,"featured_media":12828,"comment_status":"closed","ping_status":"closed","sticky":false,"template":"","format":"standard","meta":{"h5ap_radio_sources":[],"footnotes":""},"categories":[1],"tags":[],"class_list":["post-12827","post","type-post","status-publish","format-standard","has-post-thumbnail","hentry","category-bihiregija"],"yoast_head":"<!-- This site is optimized with the Yoast SEO plugin v27.5 - https:\/\/yoast.com\/product\/yoast-seo-wordpress\/ -->\n<title>Kada se od gra\u0111ana mo\u017ee tra\u017eiti JMBG, je li neophodan i kod prijave za cjepivo? - RADIO LJUBU\u0160KI<\/title>\n<meta name=\"robots\" content=\"index, follow, max-snippet:-1, max-image-preview:large, max-video-preview:-1\" \/>\n<link rel=\"canonical\" href=\"https:\/\/radioljubuski.ba\/index.php\/2021\/04\/14\/kada-se-od-gradana-moze-traziti-jmbg-je-li-neophodan-i-kod-prijave-za-cjepivo\/\" \/>\n<meta property=\"og:locale\" content=\"hr_HR\" \/>\n<meta property=\"og:type\" content=\"article\" \/>\n<meta property=\"og:title\" content=\"Kada se od gra\u0111ana mo\u017ee tra\u017eiti JMBG, je li neophodan i kod prijave za cjepivo? - RADIO LJUBU\u0160KI\" \/>\n<meta property=\"og:description\" content=\"U na\u0161oj zemlji su zabilje\u017eeni slu\u010dajevi zlouporabe osobnih podataka gra\u0111ana, pa je bilo situacija gdje ljudi nisu ni znali da je netko u njihovo ime podizao kredite, a onda su ih oni morali otpla\u0107ivati.&nbsp; Me\u0111u zlouporabljenim podacima su i mati\u010dni brojevi, pa se s pravom postavlja pitanje za\u0161to se jo\u0161 u na\u0161oj zemlji za svaku [&hellip;]\" \/>\n<meta property=\"og:url\" content=\"https:\/\/radioljubuski.ba\/index.php\/2021\/04\/14\/kada-se-od-gradana-moze-traziti-jmbg-je-li-neophodan-i-kod-prijave-za-cjepivo\/\" \/>\n<meta property=\"og:site_name\" content=\"RADIO LJUBU\u0160KI\" \/>\n<meta property=\"article:publisher\" content=\"https:\/\/www.facebook.com\/Radiio-Ljubuski-1490835324566332\" \/>\n<meta property=\"article:published_time\" content=\"2021-04-14T09:48:08+00:00\" \/>\n<meta property=\"article:modified_time\" content=\"2021-04-14T09:48:09+00:00\" \/>\n<meta property=\"og:image\" content=\"https:\/\/radioljubuski.ba\/wp-content\/uploads\/2021\/04\/0024_nova_osobna_iskaznica_bit_ce_duplo_skuplja.jpg\" \/>\n\t<meta property=\"og:image:width\" content=\"1000\" \/>\n\t<meta property=\"og:image:height\" content=\"625\" \/>\n\t<meta property=\"og:image:type\" content=\"image\/jpeg\" \/>\n<meta name=\"author\" content=\"Radio Ljubu\u0161ki\" \/>\n<meta name=\"twitter:card\" content=\"summary_large_image\" \/>\n<meta name=\"twitter:creator\" content=\"@radioljubuski\" \/>\n<meta name=\"twitter:site\" content=\"@radioljubuski\" \/>\n<meta name=\"twitter:label1\" content=\"Napisao\/la\" \/>\n\t<meta name=\"twitter:data1\" content=\"Radio Ljubu\u0161ki\" \/>\n\t<meta name=\"twitter:label2\" content=\"Procijenjeno vrijeme \u010ditanja\" \/>\n\t<meta name=\"twitter:data2\" content=\"3 minute\" \/>\n<script type=\"application\/ld+json\" class=\"yoast-schema-graph\">{\"@context\":\"https:\\\/\\\/schema.org\",\"@graph\":[{\"@type\":\"Article\",\"@id\":\"https:\\\/\\\/radioljubuski.ba\\\/index.php\\\/2021\\\/04\\\/14\\\/kada-se-od-gradana-moze-traziti-jmbg-je-li-neophodan-i-kod-prijave-za-cjepivo\\\/#article\",\"isPartOf\":{\"@id\":\"https:\\\/\\\/radioljubuski.ba\\\/index.php\\\/2021\\\/04\\\/14\\\/kada-se-od-gradana-moze-traziti-jmbg-je-li-neophodan-i-kod-prijave-za-cjepivo\\\/\"},\"author\":{\"name\":\"Radio Ljubu\u0161ki\",\"@id\":\"https:\\\/\\\/radioljubuski.ba\\\/#\\\/schema\\\/person\\\/19fc700381a780f69665d7956c469e3b\"},\"headline\":\"Kada se od gra\u0111ana mo\u017ee tra\u017eiti JMBG, je li neophodan i kod prijave za cjepivo?\",\"datePublished\":\"2021-04-14T09:48:08+00:00\",\"dateModified\":\"2021-04-14T09:48:09+00:00\",\"mainEntityOfPage\":{\"@id\":\"https:\\\/\\\/radioljubuski.ba\\\/index.php\\\/2021\\\/04\\\/14\\\/kada-se-od-gradana-moze-traziti-jmbg-je-li-neophodan-i-kod-prijave-za-cjepivo\\\/\"},\"wordCount\":658,\"publisher\":{\"@id\":\"https:\\\/\\\/radioljubuski.ba\\\/#organization\"},\"image\":{\"@id\":\"https:\\\/\\\/radioljubuski.ba\\\/index.php\\\/2021\\\/04\\\/14\\\/kada-se-od-gradana-moze-traziti-jmbg-je-li-neophodan-i-kod-prijave-za-cjepivo\\\/#primaryimage\"},\"thumbnailUrl\":\"https:\\\/\\\/radioljubuski.ba\\\/wp-content\\\/uploads\\\/2021\\\/04\\\/0024_nova_osobna_iskaznica_bit_ce_duplo_skuplja.jpg\",\"articleSection\":[\"BIH i regija\"],\"inLanguage\":\"hr\"},{\"@type\":\"WebPage\",\"@id\":\"https:\\\/\\\/radioljubuski.ba\\\/index.php\\\/2021\\\/04\\\/14\\\/kada-se-od-gradana-moze-traziti-jmbg-je-li-neophodan-i-kod-prijave-za-cjepivo\\\/\",\"url\":\"https:\\\/\\\/radioljubuski.ba\\\/index.php\\\/2021\\\/04\\\/14\\\/kada-se-od-gradana-moze-traziti-jmbg-je-li-neophodan-i-kod-prijave-za-cjepivo\\\/\",\"name\":\"Kada se od gra\u0111ana mo\u017ee tra\u017eiti JMBG, je li neophodan i kod prijave za cjepivo? - RADIO LJUBU\u0160KI\",\"isPartOf\":{\"@id\":\"https:\\\/\\\/radioljubuski.ba\\\/#website\"},\"primaryImageOfPage\":{\"@id\":\"https:\\\/\\\/radioljubuski.ba\\\/index.php\\\/2021\\\/04\\\/14\\\/kada-se-od-gradana-moze-traziti-jmbg-je-li-neophodan-i-kod-prijave-za-cjepivo\\\/#primaryimage\"},\"image\":{\"@id\":\"https:\\\/\\\/radioljubuski.ba\\\/index.php\\\/2021\\\/04\\\/14\\\/kada-se-od-gradana-moze-traziti-jmbg-je-li-neophodan-i-kod-prijave-za-cjepivo\\\/#primaryimage\"},\"thumbnailUrl\":\"https:\\\/\\\/radioljubuski.ba\\\/wp-content\\\/uploads\\\/2021\\\/04\\\/0024_nova_osobna_iskaznica_bit_ce_duplo_skuplja.jpg\",\"datePublished\":\"2021-04-14T09:48:08+00:00\",\"dateModified\":\"2021-04-14T09:48:09+00:00\",\"breadcrumb\":{\"@id\":\"https:\\\/\\\/radioljubuski.ba\\\/index.php\\\/2021\\\/04\\\/14\\\/kada-se-od-gradana-moze-traziti-jmbg-je-li-neophodan-i-kod-prijave-za-cjepivo\\\/#breadcrumb\"},\"inLanguage\":\"hr\",\"potentialAction\":[{\"@type\":\"ReadAction\",\"target\":[\"https:\\\/\\\/radioljubuski.ba\\\/index.php\\\/2021\\\/04\\\/14\\\/kada-se-od-gradana-moze-traziti-jmbg-je-li-neophodan-i-kod-prijave-za-cjepivo\\\/\"]}]},{\"@type\":\"ImageObject\",\"inLanguage\":\"hr\",\"@id\":\"https:\\\/\\\/radioljubuski.ba\\\/index.php\\\/2021\\\/04\\\/14\\\/kada-se-od-gradana-moze-traziti-jmbg-je-li-neophodan-i-kod-prijave-za-cjepivo\\\/#primaryimage\",\"url\":\"https:\\\/\\\/radioljubuski.ba\\\/wp-content\\\/uploads\\\/2021\\\/04\\\/0024_nova_osobna_iskaznica_bit_ce_duplo_skuplja.jpg\",\"contentUrl\":\"https:\\\/\\\/radioljubuski.ba\\\/wp-content\\\/uploads\\\/2021\\\/04\\\/0024_nova_osobna_iskaznica_bit_ce_duplo_skuplja.jpg\",\"width\":1000,\"height\":625},{\"@type\":\"BreadcrumbList\",\"@id\":\"https:\\\/\\\/radioljubuski.ba\\\/index.php\\\/2021\\\/04\\\/14\\\/kada-se-od-gradana-moze-traziti-jmbg-je-li-neophodan-i-kod-prijave-za-cjepivo\\\/#breadcrumb\",\"itemListElement\":[{\"@type\":\"ListItem\",\"position\":1,\"name\":\"Po\u010detna stranica\",\"item\":\"https:\\\/\\\/radioljubuski.ba\\\/\"},{\"@type\":\"ListItem\",\"position\":2,\"name\":\"Kada se od gra\u0111ana mo\u017ee tra\u017eiti JMBG, je li neophodan i kod prijave za cjepivo?\"}]},{\"@type\":\"WebSite\",\"@id\":\"https:\\\/\\\/radioljubuski.ba\\\/#website\",\"url\":\"https:\\\/\\\/radioljubuski.ba\\\/\",\"name\":\"Radio Ljubu\u0161ki\",\"description\":\"Sun\u010dana frekvencija Hercegovine\",\"publisher\":{\"@id\":\"https:\\\/\\\/radioljubuski.ba\\\/#organization\"},\"potentialAction\":[{\"@type\":\"SearchAction\",\"target\":{\"@type\":\"EntryPoint\",\"urlTemplate\":\"https:\\\/\\\/radioljubuski.ba\\\/?s={search_term_string}\"},\"query-input\":{\"@type\":\"PropertyValueSpecification\",\"valueRequired\":true,\"valueName\":\"search_term_string\"}}],\"inLanguage\":\"hr\"},{\"@type\":\"Organization\",\"@id\":\"https:\\\/\\\/radioljubuski.ba\\\/#organization\",\"name\":\"Radio Ljubu\u0161ki\",\"url\":\"https:\\\/\\\/radioljubuski.ba\\\/\",\"logo\":{\"@type\":\"ImageObject\",\"inLanguage\":\"hr\",\"@id\":\"https:\\\/\\\/radioljubuski.ba\\\/#\\\/schema\\\/logo\\\/image\\\/\",\"url\":\"https:\\\/\\\/radioljubuski.ba\\\/wp-content\\\/uploads\\\/2021\\\/02\\\/cropped-Radio_Ljubuski_logo1.jpg\",\"contentUrl\":\"https:\\\/\\\/radioljubuski.ba\\\/wp-content\\\/uploads\\\/2021\\\/02\\\/cropped-Radio_Ljubuski_logo1.jpg\",\"width\":512,\"height\":512,\"caption\":\"Radio Ljubu\u0161ki\"},\"image\":{\"@id\":\"https:\\\/\\\/radioljubuski.ba\\\/#\\\/schema\\\/logo\\\/image\\\/\"},\"sameAs\":[\"https:\\\/\\\/www.facebook.com\\\/Radiio-Ljubuski-1490835324566332\",\"https:\\\/\\\/x.com\\\/radioljubuski\",\"https:\\\/\\\/hr.linkedin.com\\\/company\\\/radio-ljubuski\",\"https:\\\/\\\/www.youtube.com\\\/channel\\\/UCHYaeO_n0Db3tjNGudGpXyw\"]},{\"@type\":\"Person\",\"@id\":\"https:\\\/\\\/radioljubuski.ba\\\/#\\\/schema\\\/person\\\/19fc700381a780f69665d7956c469e3b\",\"name\":\"Radio Ljubu\u0161ki\"}]}<\/script>\n<!-- \/ Yoast SEO plugin. -->","yoast_head_json":{"title":"Kada se od gra\u0111ana mo\u017ee tra\u017eiti JMBG, je li neophodan i kod prijave za cjepivo? - RADIO LJUBU\u0160KI","robots":{"index":"index","follow":"follow","max-snippet":"max-snippet:-1","max-image-preview":"max-image-preview:large","max-video-preview":"max-video-preview:-1"},"canonical":"https:\/\/radioljubuski.ba\/index.php\/2021\/04\/14\/kada-se-od-gradana-moze-traziti-jmbg-je-li-neophodan-i-kod-prijave-za-cjepivo\/","og_locale":"hr_HR","og_type":"article","og_title":"Kada se od gra\u0111ana mo\u017ee tra\u017eiti JMBG, je li neophodan i kod prijave za cjepivo? - RADIO LJUBU\u0160KI","og_description":"U na\u0161oj zemlji su zabilje\u017eeni slu\u010dajevi zlouporabe osobnih podataka gra\u0111ana, pa je bilo situacija gdje ljudi nisu ni znali da je netko u njihovo ime podizao kredite, a onda su ih oni morali otpla\u0107ivati.&nbsp; Me\u0111u zlouporabljenim podacima su i mati\u010dni brojevi, pa se s pravom postavlja pitanje za\u0161to se jo\u0161 u na\u0161oj zemlji za svaku [&hellip;]","og_url":"https:\/\/radioljubuski.ba\/index.php\/2021\/04\/14\/kada-se-od-gradana-moze-traziti-jmbg-je-li-neophodan-i-kod-prijave-za-cjepivo\/","og_site_name":"RADIO LJUBU\u0160KI","article_publisher":"https:\/\/www.facebook.com\/Radiio-Ljubuski-1490835324566332","article_published_time":"2021-04-14T09:48:08+00:00","article_modified_time":"2021-04-14T09:48:09+00:00","og_image":[{"width":1000,"height":625,"url":"https:\/\/radioljubuski.ba\/wp-content\/uploads\/2021\/04\/0024_nova_osobna_iskaznica_bit_ce_duplo_skuplja.jpg","type":"image\/jpeg"}],"author":"Radio Ljubu\u0161ki","twitter_card":"summary_large_image","twitter_creator":"@radioljubuski","twitter_site":"@radioljubuski","twitter_misc":{"Napisao\/la":"Radio Ljubu\u0161ki","Procijenjeno vrijeme \u010ditanja":"3 minute"},"schema":{"@context":"https:\/\/schema.org","@graph":[{"@type":"Article","@id":"https:\/\/radioljubuski.ba\/index.php\/2021\/04\/14\/kada-se-od-gradana-moze-traziti-jmbg-je-li-neophodan-i-kod-prijave-za-cjepivo\/#article","isPartOf":{"@id":"https:\/\/radioljubuski.ba\/index.php\/2021\/04\/14\/kada-se-od-gradana-moze-traziti-jmbg-je-li-neophodan-i-kod-prijave-za-cjepivo\/"},"author":{"name":"Radio Ljubu\u0161ki","@id":"https:\/\/radioljubuski.ba\/#\/schema\/person\/19fc700381a780f69665d7956c469e3b"},"headline":"Kada se od gra\u0111ana mo\u017ee tra\u017eiti JMBG, je li neophodan i kod prijave za cjepivo?","datePublished":"2021-04-14T09:48:08+00:00","dateModified":"2021-04-14T09:48:09+00:00","mainEntityOfPage":{"@id":"https:\/\/radioljubuski.ba\/index.php\/2021\/04\/14\/kada-se-od-gradana-moze-traziti-jmbg-je-li-neophodan-i-kod-prijave-za-cjepivo\/"},"wordCount":658,"publisher":{"@id":"https:\/\/radioljubuski.ba\/#organization"},"image":{"@id":"https:\/\/radioljubuski.ba\/index.php\/2021\/04\/14\/kada-se-od-gradana-moze-traziti-jmbg-je-li-neophodan-i-kod-prijave-za-cjepivo\/#primaryimage"},"thumbnailUrl":"https:\/\/radioljubuski.ba\/wp-content\/uploads\/2021\/04\/0024_nova_osobna_iskaznica_bit_ce_duplo_skuplja.jpg","articleSection":["BIH i regija"],"inLanguage":"hr"},{"@type":"WebPage","@id":"https:\/\/radioljubuski.ba\/index.php\/2021\/04\/14\/kada-se-od-gradana-moze-traziti-jmbg-je-li-neophodan-i-kod-prijave-za-cjepivo\/","url":"https:\/\/radioljubuski.ba\/index.php\/2021\/04\/14\/kada-se-od-gradana-moze-traziti-jmbg-je-li-neophodan-i-kod-prijave-za-cjepivo\/","name":"Kada se od gra\u0111ana mo\u017ee tra\u017eiti JMBG, je li neophodan i kod prijave za cjepivo? - RADIO LJUBU\u0160KI","isPartOf":{"@id":"https:\/\/radioljubuski.ba\/#website"},"primaryImageOfPage":{"@id":"https:\/\/radioljubuski.ba\/index.php\/2021\/04\/14\/kada-se-od-gradana-moze-traziti-jmbg-je-li-neophodan-i-kod-prijave-za-cjepivo\/#primaryimage"},"image":{"@id":"https:\/\/radioljubuski.ba\/index.php\/2021\/04\/14\/kada-se-od-gradana-moze-traziti-jmbg-je-li-neophodan-i-kod-prijave-za-cjepivo\/#primaryimage"},"thumbnailUrl":"https:\/\/radioljubuski.ba\/wp-content\/uploads\/2021\/04\/0024_nova_osobna_iskaznica_bit_ce_duplo_skuplja.jpg","datePublished":"2021-04-14T09:48:08+00:00","dateModified":"2021-04-14T09:48:09+00:00","breadcrumb":{"@id":"https:\/\/radioljubuski.ba\/index.php\/2021\/04\/14\/kada-se-od-gradana-moze-traziti-jmbg-je-li-neophodan-i-kod-prijave-za-cjepivo\/#breadcrumb"},"inLanguage":"hr","potentialAction":[{"@type":"ReadAction","target":["https:\/\/radioljubuski.ba\/index.php\/2021\/04\/14\/kada-se-od-gradana-moze-traziti-jmbg-je-li-neophodan-i-kod-prijave-za-cjepivo\/"]}]},{"@type":"ImageObject","inLanguage":"hr","@id":"https:\/\/radioljubuski.ba\/index.php\/2021\/04\/14\/kada-se-od-gradana-moze-traziti-jmbg-je-li-neophodan-i-kod-prijave-za-cjepivo\/#primaryimage","url":"https:\/\/radioljubuski.ba\/wp-content\/uploads\/2021\/04\/0024_nova_osobna_iskaznica_bit_ce_duplo_skuplja.jpg","contentUrl":"https:\/\/radioljubuski.ba\/wp-content\/uploads\/2021\/04\/0024_nova_osobna_iskaznica_bit_ce_duplo_skuplja.jpg","width":1000,"height":625},{"@type":"BreadcrumbList","@id":"https:\/\/radioljubuski.ba\/index.php\/2021\/04\/14\/kada-se-od-gradana-moze-traziti-jmbg-je-li-neophodan-i-kod-prijave-za-cjepivo\/#breadcrumb","itemListElement":[{"@type":"ListItem","position":1,"name":"Po\u010detna stranica","item":"https:\/\/radioljubuski.ba\/"},{"@type":"ListItem","position":2,"name":"Kada se od gra\u0111ana mo\u017ee tra\u017eiti JMBG, je li neophodan i kod prijave za cjepivo?"}]},{"@type":"WebSite","@id":"https:\/\/radioljubuski.ba\/#website","url":"https:\/\/radioljubuski.ba\/","name":"Radio Ljubu\u0161ki","description":"Sun\u010dana frekvencija Hercegovine","publisher":{"@id":"https:\/\/radioljubuski.ba\/#organization"},"potentialAction":[{"@type":"SearchAction","target":{"@type":"EntryPoint","urlTemplate":"https:\/\/radioljubuski.ba\/?s={search_term_string}"},"query-input":{"@type":"PropertyValueSpecification","valueRequired":true,"valueName":"search_term_string"}}],"inLanguage":"hr"},{"@type":"Organization","@id":"https:\/\/radioljubuski.ba\/#organization","name":"Radio Ljubu\u0161ki","url":"https:\/\/radioljubuski.ba\/","logo":{"@type":"ImageObject","inLanguage":"hr","@id":"https:\/\/radioljubuski.ba\/#\/schema\/logo\/image\/","url":"https:\/\/radioljubuski.ba\/wp-content\/uploads\/2021\/02\/cropped-Radio_Ljubuski_logo1.jpg","contentUrl":"https:\/\/radioljubuski.ba\/wp-content\/uploads\/2021\/02\/cropped-Radio_Ljubuski_logo1.jpg","width":512,"height":512,"caption":"Radio Ljubu\u0161ki"},"image":{"@id":"https:\/\/radioljubuski.ba\/#\/schema\/logo\/image\/"},"sameAs":["https:\/\/www.facebook.com\/Radiio-Ljubuski-1490835324566332","https:\/\/x.com\/radioljubuski","https:\/\/hr.linkedin.com\/company\/radio-ljubuski","https:\/\/www.youtube.com\/channel\/UCHYaeO_n0Db3tjNGudGpXyw"]},{"@type":"Person","@id":"https:\/\/radioljubuski.ba\/#\/schema\/person\/19fc700381a780f69665d7956c469e3b","name":"Radio Ljubu\u0161ki"}]}},"_links":{"self":[{"href":"https:\/\/radioljubuski.ba\/index.php\/wp-json\/wp\/v2\/posts\/12827","targetHints":{"allow":["GET"]}}],"collection":[{"href":"https:\/\/radioljubuski.ba\/index.php\/wp-json\/wp\/v2\/posts"}],"about":[{"href":"https:\/\/radioljubuski.ba\/index.php\/wp-json\/wp\/v2\/types\/post"}],"author":[{"embeddable":true,"href":"https:\/\/radioljubuski.ba\/index.php\/wp-json\/wp\/v2\/users\/2"}],"replies":[{"embeddable":true,"href":"https:\/\/radioljubuski.ba\/index.php\/wp-json\/wp\/v2\/comments?post=12827"}],"version-history":[{"count":1,"href":"https:\/\/radioljubuski.ba\/index.php\/wp-json\/wp\/v2\/posts\/12827\/revisions"}],"predecessor-version":[{"id":12829,"href":"https:\/\/radioljubuski.ba\/index.php\/wp-json\/wp\/v2\/posts\/12827\/revisions\/12829"}],"wp:featuredmedia":[{"embeddable":true,"href":"https:\/\/radioljubuski.ba\/index.php\/wp-json\/wp\/v2\/media\/12828"}],"wp:attachment":[{"href":"https:\/\/radioljubuski.ba\/index.php\/wp-json\/wp\/v2\/media?parent=12827"}],"wp:term":[{"taxonomy":"category","embeddable":true,"href":"https:\/\/radioljubuski.ba\/index.php\/wp-json\/wp\/v2\/categories?post=12827"},{"taxonomy":"post_tag","embeddable":true,"href":"https:\/\/radioljubuski.ba\/index.php\/wp-json\/wp\/v2\/tags?post=12827"}],"curies":[{"name":"wp","href":"https:\/\/api.w.org\/{rel}","templated":true}]}}