{"id":12830,"date":"2021-04-14T10:51:40","date_gmt":"2021-04-14T09:51:40","guid":{"rendered":"https:\/\/radioljubuski.ba\/?p=12830"},"modified":"2021-04-14T10:51:41","modified_gmt":"2021-04-14T09:51:41","slug":"dinamovci-otputovali-u-spanjolsku-gdje-hvataju-zaostatak","status":"publish","type":"post","link":"https:\/\/radioljubuski.ba\/index.php\/2021\/04\/14\/dinamovci-otputovali-u-spanjolsku-gdje-hvataju-zaostatak\/","title":{"rendered":"Dinamovci otputovali u \u0160panjolsku gdje hvataju zaostatak"},"content":{"rendered":"\n<p>Nogometa\u0161i i stru\u010dni sto\u017eer GNK Dinama otputovali su u srijedu ujutro u Villarreal. Uzvrat \u010detvrtfinala Europske lige na rasporedu je u \u010detvrtak u \u0160panjolskoj s po\u010detkom u 21 sat.<\/p>\n\n\n\n<p>Kasnije danas ekipa \u0107e na stadionu u Villarrealu odraditi posljednji trening, a na rasporedu je i slu\u017ebena konferencija za medije.<br><br>\u0160panjolski sastav je u prvom susretu pobijedio u Zagrebu sa 1-0 i ima veliku prednost uo\u010di uzvrat na El Madrigalu.<br><br>&#8211; Ademi je imamo laganih problema nakon utakmice protiv Lokomotive, radi se o nagnje\u010denju stopala, ali po svemu sude\u0107i, bit \u0107e u konkurenciji za utakmicu. Doktorska slu\u017eba \u010dini sve kako bi ga osposobila. \u0160to se ti\u010de Petkovi\u0107a on \u0107e biti na klupi i po potrebi \u0107e ulaziti u igreu, vjerojatno 15-20, 30 minuta maksimalno, rekao je ju\u010der trener Dinama <strong>Damir Krznar.<\/strong><\/p>\n\n\n\n<iframe loading=\"lazy\" src=\"https:\/\/www.facebook.com\/plugins\/video.php?height=476&#038;href=https%3A%2F%2Fwww.facebook.com%2FHRTsport%2Fvideos%2F146533320659360%2F&#038;show_text=false&#038;width=476\" width=\"476\" height=\"476\" style=\"border:none;overflow:hidden\" scrolling=\"no\" frameborder=\"0\" allowfullscreen=\"true\" allow=\"autoplay; clipboard-write; encrypted-media; picture-in-picture; web-share\" allowFullScreen=\"true\"><\/iframe>\n\n\n\n<p><strong>Jo\u0161ko Gvardiol<\/strong> se nada kako utakmica protiv Villarreala ne\u0107e biti njegov posljednji europski nastup za &#8220;Modre&#8221;.<br><br>&#8211; Razmi\u0161ljao sam o tome prije Tottenhama, kad sam se ozlijedio, nisam htio da tako zavr\u0161i. Nadam se kako niti ova ne\u0107e biti zadnja, kazao je.<\/p>\n\n\n\n<p>Izvor:hrt.hr<\/p>\n","protected":false},"excerpt":{"rendered":"<p>Nogometa\u0161i i stru\u010dni sto\u017eer GNK Dinama otputovali su u srijedu ujutro u Villarreal. Uzvrat \u010detvrtfinala Europske lige na rasporedu je u \u010detvrtak u \u0160panjolskoj s po\u010detkom u 21 sat. Kasnije danas ekipa \u0107e na stadionu u Villarrealu odraditi posljednji trening, a na rasporedu je i slu\u017ebena konferencija za medije. \u0160panjolski sastav je u prvom susretu [&hellip;]<\/p>\n","protected":false},"author":2,"featured_media":12831,"comment_status":"closed","ping_status":"closed","sticky":false,"template":"","format":"standard","meta":{"h5ap_radio_sources":[],"footnotes":""},"categories":[1],"tags":[],"class_list":["post-12830","post","type-post","status-publish","format-standard","has-post-thumbnail","hentry","category-bihiregija"],"yoast_head":"<!-- This site is optimized with the Yoast SEO plugin v27.5 - https:\/\/yoast.com\/product\/yoast-seo-wordpress\/ -->\n<title>Dinamovci otputovali u \u0160panjolsku gdje hvataju zaostatak - RADIO LJUBU\u0160KI<\/title>\n<meta name=\"robots\" content=\"index, follow, max-snippet:-1, max-image-preview:large, max-video-preview:-1\" \/>\n<link rel=\"canonical\" href=\"https:\/\/radioljubuski.ba\/index.php\/2021\/04\/14\/dinamovci-otputovali-u-spanjolsku-gdje-hvataju-zaostatak\/\" \/>\n<meta property=\"og:locale\" content=\"hr_HR\" \/>\n<meta property=\"og:type\" content=\"article\" \/>\n<meta property=\"og:title\" content=\"Dinamovci otputovali u \u0160panjolsku gdje hvataju zaostatak - RADIO LJUBU\u0160KI\" \/>\n<meta property=\"og:description\" content=\"Nogometa\u0161i i stru\u010dni sto\u017eer GNK Dinama otputovali su u srijedu ujutro u Villarreal. Uzvrat \u010detvrtfinala Europske lige na rasporedu je u \u010detvrtak u \u0160panjolskoj s po\u010detkom u 21 sat. Kasnije danas ekipa \u0107e na stadionu u Villarrealu odraditi posljednji trening, a na rasporedu je i slu\u017ebena konferencija za medije. \u0160panjolski sastav je u prvom susretu [&hellip;]\" \/>\n<meta property=\"og:url\" content=\"https:\/\/radioljubuski.ba\/index.php\/2021\/04\/14\/dinamovci-otputovali-u-spanjolsku-gdje-hvataju-zaostatak\/\" \/>\n<meta property=\"og:site_name\" content=\"RADIO LJUBU\u0160KI\" \/>\n<meta property=\"article:publisher\" content=\"https:\/\/www.facebook.com\/Radiio-Ljubuski-1490835324566332\" \/>\n<meta property=\"article:published_time\" content=\"2021-04-14T09:51:40+00:00\" \/>\n<meta property=\"article:modified_time\" content=\"2021-04-14T09:51:41+00:00\" \/>\n<meta property=\"og:image\" content=\"https:\/\/radioljubuski.ba\/wp-content\/uploads\/2021\/04\/aa-4.png\" \/>\n\t<meta property=\"og:image:width\" content=\"650\" \/>\n\t<meta property=\"og:image:height\" content=\"364\" \/>\n\t<meta property=\"og:image:type\" content=\"image\/png\" \/>\n<meta name=\"author\" content=\"Radio Ljubu\u0161ki\" \/>\n<meta name=\"twitter:card\" content=\"summary_large_image\" \/>\n<meta name=\"twitter:creator\" content=\"@radioljubuski\" \/>\n<meta name=\"twitter:site\" content=\"@radioljubuski\" \/>\n<meta name=\"twitter:label1\" content=\"Napisao\/la\" \/>\n\t<meta name=\"twitter:data1\" content=\"Radio Ljubu\u0161ki\" \/>\n\t<meta name=\"twitter:label2\" content=\"Procijenjeno vrijeme \u010ditanja\" \/>\n\t<meta name=\"twitter:data2\" content=\"1 minuta\" \/>\n<script type=\"application\/ld+json\" class=\"yoast-schema-graph\">{\"@context\":\"https:\\\/\\\/schema.org\",\"@graph\":[{\"@type\":\"Article\",\"@id\":\"https:\\\/\\\/radioljubuski.ba\\\/index.php\\\/2021\\\/04\\\/14\\\/dinamovci-otputovali-u-spanjolsku-gdje-hvataju-zaostatak\\\/#article\",\"isPartOf\":{\"@id\":\"https:\\\/\\\/radioljubuski.ba\\\/index.php\\\/2021\\\/04\\\/14\\\/dinamovci-otputovali-u-spanjolsku-gdje-hvataju-zaostatak\\\/\"},\"author\":{\"name\":\"Radio Ljubu\u0161ki\",\"@id\":\"https:\\\/\\\/radioljubuski.ba\\\/#\\\/schema\\\/person\\\/19fc700381a780f69665d7956c469e3b\"},\"headline\":\"Dinamovci otputovali u \u0160panjolsku gdje hvataju zaostatak\",\"datePublished\":\"2021-04-14T09:51:40+00:00\",\"dateModified\":\"2021-04-14T09:51:41+00:00\",\"mainEntityOfPage\":{\"@id\":\"https:\\\/\\\/radioljubuski.ba\\\/index.php\\\/2021\\\/04\\\/14\\\/dinamovci-otputovali-u-spanjolsku-gdje-hvataju-zaostatak\\\/\"},\"wordCount\":197,\"publisher\":{\"@id\":\"https:\\\/\\\/radioljubuski.ba\\\/#organization\"},\"image\":{\"@id\":\"https:\\\/\\\/radioljubuski.ba\\\/index.php\\\/2021\\\/04\\\/14\\\/dinamovci-otputovali-u-spanjolsku-gdje-hvataju-zaostatak\\\/#primaryimage\"},\"thumbnailUrl\":\"https:\\\/\\\/radioljubuski.ba\\\/wp-content\\\/uploads\\\/2021\\\/04\\\/aa-4.png\",\"articleSection\":[\"BIH i regija\"],\"inLanguage\":\"hr\"},{\"@type\":\"WebPage\",\"@id\":\"https:\\\/\\\/radioljubuski.ba\\\/index.php\\\/2021\\\/04\\\/14\\\/dinamovci-otputovali-u-spanjolsku-gdje-hvataju-zaostatak\\\/\",\"url\":\"https:\\\/\\\/radioljubuski.ba\\\/index.php\\\/2021\\\/04\\\/14\\\/dinamovci-otputovali-u-spanjolsku-gdje-hvataju-zaostatak\\\/\",\"name\":\"Dinamovci otputovali u \u0160panjolsku gdje hvataju zaostatak - RADIO LJUBU\u0160KI\",\"isPartOf\":{\"@id\":\"https:\\\/\\\/radioljubuski.ba\\\/#website\"},\"primaryImageOfPage\":{\"@id\":\"https:\\\/\\\/radioljubuski.ba\\\/index.php\\\/2021\\\/04\\\/14\\\/dinamovci-otputovali-u-spanjolsku-gdje-hvataju-zaostatak\\\/#primaryimage\"},\"image\":{\"@id\":\"https:\\\/\\\/radioljubuski.ba\\\/index.php\\\/2021\\\/04\\\/14\\\/dinamovci-otputovali-u-spanjolsku-gdje-hvataju-zaostatak\\\/#primaryimage\"},\"thumbnailUrl\":\"https:\\\/\\\/radioljubuski.ba\\\/wp-content\\\/uploads\\\/2021\\\/04\\\/aa-4.png\",\"datePublished\":\"2021-04-14T09:51:40+00:00\",\"dateModified\":\"2021-04-14T09:51:41+00:00\",\"breadcrumb\":{\"@id\":\"https:\\\/\\\/radioljubuski.ba\\\/index.php\\\/2021\\\/04\\\/14\\\/dinamovci-otputovali-u-spanjolsku-gdje-hvataju-zaostatak\\\/#breadcrumb\"},\"inLanguage\":\"hr\",\"potentialAction\":[{\"@type\":\"ReadAction\",\"target\":[\"https:\\\/\\\/radioljubuski.ba\\\/index.php\\\/2021\\\/04\\\/14\\\/dinamovci-otputovali-u-spanjolsku-gdje-hvataju-zaostatak\\\/\"]}]},{\"@type\":\"ImageObject\",\"inLanguage\":\"hr\",\"@id\":\"https:\\\/\\\/radioljubuski.ba\\\/index.php\\\/2021\\\/04\\\/14\\\/dinamovci-otputovali-u-spanjolsku-gdje-hvataju-zaostatak\\\/#primaryimage\",\"url\":\"https:\\\/\\\/radioljubuski.ba\\\/wp-content\\\/uploads\\\/2021\\\/04\\\/aa-4.png\",\"contentUrl\":\"https:\\\/\\\/radioljubuski.ba\\\/wp-content\\\/uploads\\\/2021\\\/04\\\/aa-4.png\",\"width\":650,\"height\":364},{\"@type\":\"BreadcrumbList\",\"@id\":\"https:\\\/\\\/radioljubuski.ba\\\/index.php\\\/2021\\\/04\\\/14\\\/dinamovci-otputovali-u-spanjolsku-gdje-hvataju-zaostatak\\\/#breadcrumb\",\"itemListElement\":[{\"@type\":\"ListItem\",\"position\":1,\"name\":\"Po\u010detna stranica\",\"item\":\"https:\\\/\\\/radioljubuski.ba\\\/\"},{\"@type\":\"ListItem\",\"position\":2,\"name\":\"Dinamovci otputovali u \u0160panjolsku gdje hvataju zaostatak\"}]},{\"@type\":\"WebSite\",\"@id\":\"https:\\\/\\\/radioljubuski.ba\\\/#website\",\"url\":\"https:\\\/\\\/radioljubuski.ba\\\/\",\"name\":\"Radio Ljubu\u0161ki\",\"description\":\"Sun\u010dana frekvencija Hercegovine\",\"publisher\":{\"@id\":\"https:\\\/\\\/radioljubuski.ba\\\/#organization\"},\"potentialAction\":[{\"@type\":\"SearchAction\",\"target\":{\"@type\":\"EntryPoint\",\"urlTemplate\":\"https:\\\/\\\/radioljubuski.ba\\\/?s={search_term_string}\"},\"query-input\":{\"@type\":\"PropertyValueSpecification\",\"valueRequired\":true,\"valueName\":\"search_term_string\"}}],\"inLanguage\":\"hr\"},{\"@type\":\"Organization\",\"@id\":\"https:\\\/\\\/radioljubuski.ba\\\/#organization\",\"name\":\"Radio Ljubu\u0161ki\",\"url\":\"https:\\\/\\\/radioljubuski.ba\\\/\",\"logo\":{\"@type\":\"ImageObject\",\"inLanguage\":\"hr\",\"@id\":\"https:\\\/\\\/radioljubuski.ba\\\/#\\\/schema\\\/logo\\\/image\\\/\",\"url\":\"https:\\\/\\\/radioljubuski.ba\\\/wp-content\\\/uploads\\\/2021\\\/02\\\/cropped-Radio_Ljubuski_logo1.jpg\",\"contentUrl\":\"https:\\\/\\\/radioljubuski.ba\\\/wp-content\\\/uploads\\\/2021\\\/02\\\/cropped-Radio_Ljubuski_logo1.jpg\",\"width\":512,\"height\":512,\"caption\":\"Radio Ljubu\u0161ki\"},\"image\":{\"@id\":\"https:\\\/\\\/radioljubuski.ba\\\/#\\\/schema\\\/logo\\\/image\\\/\"},\"sameAs\":[\"https:\\\/\\\/www.facebook.com\\\/Radiio-Ljubuski-1490835324566332\",\"https:\\\/\\\/x.com\\\/radioljubuski\",\"https:\\\/\\\/hr.linkedin.com\\\/company\\\/radio-ljubuski\",\"https:\\\/\\\/www.youtube.com\\\/channel\\\/UCHYaeO_n0Db3tjNGudGpXyw\"]},{\"@type\":\"Person\",\"@id\":\"https:\\\/\\\/radioljubuski.ba\\\/#\\\/schema\\\/person\\\/19fc700381a780f69665d7956c469e3b\",\"name\":\"Radio Ljubu\u0161ki\"}]}<\/script>\n<!-- \/ Yoast SEO plugin. -->","yoast_head_json":{"title":"Dinamovci otputovali u \u0160panjolsku gdje hvataju zaostatak - RADIO LJUBU\u0160KI","robots":{"index":"index","follow":"follow","max-snippet":"max-snippet:-1","max-image-preview":"max-image-preview:large","max-video-preview":"max-video-preview:-1"},"canonical":"https:\/\/radioljubuski.ba\/index.php\/2021\/04\/14\/dinamovci-otputovali-u-spanjolsku-gdje-hvataju-zaostatak\/","og_locale":"hr_HR","og_type":"article","og_title":"Dinamovci otputovali u \u0160panjolsku gdje hvataju zaostatak - RADIO LJUBU\u0160KI","og_description":"Nogometa\u0161i i stru\u010dni sto\u017eer GNK Dinama otputovali su u srijedu ujutro u Villarreal. Uzvrat \u010detvrtfinala Europske lige na rasporedu je u \u010detvrtak u \u0160panjolskoj s po\u010detkom u 21 sat. Kasnije danas ekipa \u0107e na stadionu u Villarrealu odraditi posljednji trening, a na rasporedu je i slu\u017ebena konferencija za medije. \u0160panjolski sastav je u prvom susretu [&hellip;]","og_url":"https:\/\/radioljubuski.ba\/index.php\/2021\/04\/14\/dinamovci-otputovali-u-spanjolsku-gdje-hvataju-zaostatak\/","og_site_name":"RADIO LJUBU\u0160KI","article_publisher":"https:\/\/www.facebook.com\/Radiio-Ljubuski-1490835324566332","article_published_time":"2021-04-14T09:51:40+00:00","article_modified_time":"2021-04-14T09:51:41+00:00","og_image":[{"width":650,"height":364,"url":"https:\/\/radioljubuski.ba\/wp-content\/uploads\/2021\/04\/aa-4.png","type":"image\/png"}],"author":"Radio Ljubu\u0161ki","twitter_card":"summary_large_image","twitter_creator":"@radioljubuski","twitter_site":"@radioljubuski","twitter_misc":{"Napisao\/la":"Radio Ljubu\u0161ki","Procijenjeno vrijeme \u010ditanja":"1 minuta"},"schema":{"@context":"https:\/\/schema.org","@graph":[{"@type":"Article","@id":"https:\/\/radioljubuski.ba\/index.php\/2021\/04\/14\/dinamovci-otputovali-u-spanjolsku-gdje-hvataju-zaostatak\/#article","isPartOf":{"@id":"https:\/\/radioljubuski.ba\/index.php\/2021\/04\/14\/dinamovci-otputovali-u-spanjolsku-gdje-hvataju-zaostatak\/"},"author":{"name":"Radio Ljubu\u0161ki","@id":"https:\/\/radioljubuski.ba\/#\/schema\/person\/19fc700381a780f69665d7956c469e3b"},"headline":"Dinamovci otputovali u \u0160panjolsku gdje hvataju zaostatak","datePublished":"2021-04-14T09:51:40+00:00","dateModified":"2021-04-14T09:51:41+00:00","mainEntityOfPage":{"@id":"https:\/\/radioljubuski.ba\/index.php\/2021\/04\/14\/dinamovci-otputovali-u-spanjolsku-gdje-hvataju-zaostatak\/"},"wordCount":197,"publisher":{"@id":"https:\/\/radioljubuski.ba\/#organization"},"image":{"@id":"https:\/\/radioljubuski.ba\/index.php\/2021\/04\/14\/dinamovci-otputovali-u-spanjolsku-gdje-hvataju-zaostatak\/#primaryimage"},"thumbnailUrl":"https:\/\/radioljubuski.ba\/wp-content\/uploads\/2021\/04\/aa-4.png","articleSection":["BIH i regija"],"inLanguage":"hr"},{"@type":"WebPage","@id":"https:\/\/radioljubuski.ba\/index.php\/2021\/04\/14\/dinamovci-otputovali-u-spanjolsku-gdje-hvataju-zaostatak\/","url":"https:\/\/radioljubuski.ba\/index.php\/2021\/04\/14\/dinamovci-otputovali-u-spanjolsku-gdje-hvataju-zaostatak\/","name":"Dinamovci otputovali u \u0160panjolsku gdje hvataju zaostatak - RADIO LJUBU\u0160KI","isPartOf":{"@id":"https:\/\/radioljubuski.ba\/#website"},"primaryImageOfPage":{"@id":"https:\/\/radioljubuski.ba\/index.php\/2021\/04\/14\/dinamovci-otputovali-u-spanjolsku-gdje-hvataju-zaostatak\/#primaryimage"},"image":{"@id":"https:\/\/radioljubuski.ba\/index.php\/2021\/04\/14\/dinamovci-otputovali-u-spanjolsku-gdje-hvataju-zaostatak\/#primaryimage"},"thumbnailUrl":"https:\/\/radioljubuski.ba\/wp-content\/uploads\/2021\/04\/aa-4.png","datePublished":"2021-04-14T09:51:40+00:00","dateModified":"2021-04-14T09:51:41+00:00","breadcrumb":{"@id":"https:\/\/radioljubuski.ba\/index.php\/2021\/04\/14\/dinamovci-otputovali-u-spanjolsku-gdje-hvataju-zaostatak\/#breadcrumb"},"inLanguage":"hr","potentialAction":[{"@type":"ReadAction","target":["https:\/\/radioljubuski.ba\/index.php\/2021\/04\/14\/dinamovci-otputovali-u-spanjolsku-gdje-hvataju-zaostatak\/"]}]},{"@type":"ImageObject","inLanguage":"hr","@id":"https:\/\/radioljubuski.ba\/index.php\/2021\/04\/14\/dinamovci-otputovali-u-spanjolsku-gdje-hvataju-zaostatak\/#primaryimage","url":"https:\/\/radioljubuski.ba\/wp-content\/uploads\/2021\/04\/aa-4.png","contentUrl":"https:\/\/radioljubuski.ba\/wp-content\/uploads\/2021\/04\/aa-4.png","width":650,"height":364},{"@type":"BreadcrumbList","@id":"https:\/\/radioljubuski.ba\/index.php\/2021\/04\/14\/dinamovci-otputovali-u-spanjolsku-gdje-hvataju-zaostatak\/#breadcrumb","itemListElement":[{"@type":"ListItem","position":1,"name":"Po\u010detna stranica","item":"https:\/\/radioljubuski.ba\/"},{"@type":"ListItem","position":2,"name":"Dinamovci otputovali u \u0160panjolsku gdje hvataju zaostatak"}]},{"@type":"WebSite","@id":"https:\/\/radioljubuski.ba\/#website","url":"https:\/\/radioljubuski.ba\/","name":"Radio Ljubu\u0161ki","description":"Sun\u010dana frekvencija Hercegovine","publisher":{"@id":"https:\/\/radioljubuski.ba\/#organization"},"potentialAction":[{"@type":"SearchAction","target":{"@type":"EntryPoint","urlTemplate":"https:\/\/radioljubuski.ba\/?s={search_term_string}"},"query-input":{"@type":"PropertyValueSpecification","valueRequired":true,"valueName":"search_term_string"}}],"inLanguage":"hr"},{"@type":"Organization","@id":"https:\/\/radioljubuski.ba\/#organization","name":"Radio Ljubu\u0161ki","url":"https:\/\/radioljubuski.ba\/","logo":{"@type":"ImageObject","inLanguage":"hr","@id":"https:\/\/radioljubuski.ba\/#\/schema\/logo\/image\/","url":"https:\/\/radioljubuski.ba\/wp-content\/uploads\/2021\/02\/cropped-Radio_Ljubuski_logo1.jpg","contentUrl":"https:\/\/radioljubuski.ba\/wp-content\/uploads\/2021\/02\/cropped-Radio_Ljubuski_logo1.jpg","width":512,"height":512,"caption":"Radio Ljubu\u0161ki"},"image":{"@id":"https:\/\/radioljubuski.ba\/#\/schema\/logo\/image\/"},"sameAs":["https:\/\/www.facebook.com\/Radiio-Ljubuski-1490835324566332","https:\/\/x.com\/radioljubuski","https:\/\/hr.linkedin.com\/company\/radio-ljubuski","https:\/\/www.youtube.com\/channel\/UCHYaeO_n0Db3tjNGudGpXyw"]},{"@type":"Person","@id":"https:\/\/radioljubuski.ba\/#\/schema\/person\/19fc700381a780f69665d7956c469e3b","name":"Radio Ljubu\u0161ki"}]}},"_links":{"self":[{"href":"https:\/\/radioljubuski.ba\/index.php\/wp-json\/wp\/v2\/posts\/12830","targetHints":{"allow":["GET"]}}],"collection":[{"href":"https:\/\/radioljubuski.ba\/index.php\/wp-json\/wp\/v2\/posts"}],"about":[{"href":"https:\/\/radioljubuski.ba\/index.php\/wp-json\/wp\/v2\/types\/post"}],"author":[{"embeddable":true,"href":"https:\/\/radioljubuski.ba\/index.php\/wp-json\/wp\/v2\/users\/2"}],"replies":[{"embeddable":true,"href":"https:\/\/radioljubuski.ba\/index.php\/wp-json\/wp\/v2\/comments?post=12830"}],"version-history":[{"count":1,"href":"https:\/\/radioljubuski.ba\/index.php\/wp-json\/wp\/v2\/posts\/12830\/revisions"}],"predecessor-version":[{"id":12832,"href":"https:\/\/radioljubuski.ba\/index.php\/wp-json\/wp\/v2\/posts\/12830\/revisions\/12832"}],"wp:featuredmedia":[{"embeddable":true,"href":"https:\/\/radioljubuski.ba\/index.php\/wp-json\/wp\/v2\/media\/12831"}],"wp:attachment":[{"href":"https:\/\/radioljubuski.ba\/index.php\/wp-json\/wp\/v2\/media?parent=12830"}],"wp:term":[{"taxonomy":"category","embeddable":true,"href":"https:\/\/radioljubuski.ba\/index.php\/wp-json\/wp\/v2\/categories?post=12830"},{"taxonomy":"post_tag","embeddable":true,"href":"https:\/\/radioljubuski.ba\/index.php\/wp-json\/wp\/v2\/tags?post=12830"}],"curies":[{"name":"wp","href":"https:\/\/api.w.org\/{rel}","templated":true}]}}