{"id":129013,"date":"2022-04-05T09:54:32","date_gmt":"2022-04-05T08:54:32","guid":{"rendered":"https:\/\/radioljubuski.ba\/?p=129013"},"modified":"2022-04-08T09:26:42","modified_gmt":"2022-04-08T08:26:42","slug":"suncokret-organski-proizvodi-ljubuski-primjer-promocije-i-zivljenja-permakulture","status":"publish","type":"post","link":"https:\/\/radioljubuski.ba\/index.php\/2022\/04\/05\/suncokret-organski-proizvodi-ljubuski-primjer-promocije-i-zivljenja-permakulture\/","title":{"rendered":"&#8220;Suncookret organski proizvodi Ljubu\u0161ki&#8221;: Primjer promocije i \u017eivljenja  permakulture &#8211; audio i foto"},"content":{"rendered":"\n<p>Uzgajaju svoje presadnice, razmjenjuju sjemenje, zanimaju ih stare sorte povr\u0107a i vo\u0107a, ali i zanimljive egzoti\u010dne sorte, nastavljaju tradiciju doma\u0107e proizvodnje i okupljeni su u online zajednicu&nbsp;<strong>&#8220;Suncookret organski proizvodi Ljubu\u0161ki&#8221;.&nbsp; <\/strong><\/p>\n\n\n\n<p>Oni su pravi primjer promocije i \u017eivljenja permakulture koja&nbsp;koristi i virtualni svijet, spajaju\u0107i&nbsp; suvremena znanja i vje\u0161tine sa tradicijom.<\/p>\n\n\n\n<p>Posjetili smo ih ba\u0161 u vrijeme pripreme presadnica. Dalibor Nosi\u0107, jedan od \u010dlanova ove zajednice koja je aktivna na dru\u0161tvenim mre\u017eama za Radio Ljubu\u0161ki govori o ovoj zajednici i svojoj ljubavi prema vlastitom uzgoju.<\/p>\n\n\n\n<p><em>&nbsp;\u201eS prijateljima smo po\u010deli prije tri godine. Cilj nam je samodostatnost, \u017eivimo u kraju koji je idealan za uzgoj svog vo\u0107a i povr\u0107a i rad na zemlji nam je zadovoljstvo. Ljudi trebaju \u0161to manje ovisiti o drugima i imati sve svoje. Odlu\u010dili smo se za \u010dist uzgoj bez vje\u0161ta\u010dkih elementa i kori\u0161tenja pesticida. Ovaj vid proizvodnje zahtijeva ve\u0107i&nbsp;trud i vrijeme, ali to je ono \u0161to \u017eelimo. Na po\u010detku smo pripremili, iskr\u010dili zemlji\u0161te. Druga godina nam je bila ustvari po\u010detna i tada smo&nbsp;sadili stare sorte povr\u0107a. Ove tre\u0107e godine uklju\u010dili smo se u razmjenu sjemenja i uzgoj vlastitih presadnica, povezali smo se sa&nbsp;Eko HUBom Mostar koji je pokrenuo dru\u0161tvenu banku sjemena &#8220;Sjemen\u010dicu&#8221; i tu zajedno sa drugim \u010dlanovima iz BIH razmjenjujemo sjemena.&nbsp;Uz stare doma\u0107e sorte na\u0161u bazu sjemenja obogatili smo zanimljivim i egzoti\u010dnim vrstama pa \u0107emo probati i krenuti s njima u proizvodnju.\u201e<\/em><\/p>\n\n\n\n<p>O zanimanju sugra\u0111ana za njihov rad ka\u017ee; <em>\u201ePa mo\u017eemo re\u0107i da smo poznatiji na \u0161irem prostoru nego ovdje,&nbsp; zahvaljuju\u0107i&nbsp; dru\u0161tvenim mre\u017eama koje su nam donijele nove susrete i iskustva, nova poznanstva i znanja. Danas zajedno sa 150 proizvo\u0111a\u010da iz Bosne i Hercegovine koristimo aplikaciju <a href=\"https:\/\/www.farmer.ba\/\">farmer.ba<\/a>, prvu doma\u0107u online platformu doma\u0107ih proizvoda.\u201c<\/em><\/p>\n\n\n\n<p>Koja sve zanimljiva sjemena imaju i na koje su se presadnice odlu\u010dili ove sezone poslu\u0161ajte u audio prilogu. &nbsp;&nbsp;<\/p>\n\n\n\n<iframe src=\"https:\/\/drive.google.com\/file\/d\/1Nz8FUjbuS6aqTvgNRnpOejVLAXtTbfKN\/preview\" style=\"width: 100%; height: 100px;\"><\/iframe>\n\n\n\n<iframe loading=\"lazy\" src=\"https:\/\/www.facebook.com\/plugins\/post.php?href=https%3A%2F%2Fwww.facebook.com%2Fpermalink.php%3Fstory_fbid%3D10160349899750101%26id%3D168112865100&amp;show_text=true&amp;width=500\" style=\"border:none;overflow:hidden\" scrolling=\"no\" allowfullscreen=\"true\" allow=\"autoplay; clipboard-write; encrypted-media; picture-in-picture; web-share\" width=\"500\" height=\"703\" frameborder=\"0\"><\/iframe>\n\n\n\n<p><strong>Bjanka Medi\u0107 \/ Radio Ljubu\u0161ki<\/strong><\/p>\n","protected":false},"excerpt":{"rendered":"<p>Uzgajaju svoje presadnice, razmjenjuju sjemenje, zanimaju ih stare sorte povr\u0107a i vo\u0107a, ali i zanimljive egzoti\u010dne sorte, nastavljaju tradiciju doma\u0107e proizvodnje i okupljeni su u online zajednicu&nbsp;&#8220;Suncookret organski proizvodi Ljubu\u0161ki&#8221;.&nbsp; Oni su pravi primjer promocije i \u017eivljenja permakulture koja&nbsp;koristi i virtualni svijet, spajaju\u0107i&nbsp; suvremena znanja i vje\u0161tine sa tradicijom. Posjetili smo ih ba\u0161 u vrijeme [&hellip;]<\/p>\n","protected":false},"author":2,"featured_media":129019,"comment_status":"closed","ping_status":"closed","sticky":false,"template":"","format":"standard","meta":{"h5ap_radio_sources":[],"footnotes":""},"categories":[8],"tags":[],"class_list":["post-129013","post","type-post","status-publish","format-standard","has-post-thumbnail","hentry","category-rlj-audio"],"yoast_head":"<!-- This site is optimized with the Yoast SEO plugin v27.5 - https:\/\/yoast.com\/product\/yoast-seo-wordpress\/ -->\n<title>&quot;Suncookret organski proizvodi Ljubu\u0161ki&quot;: Primjer promocije i \u017eivljenja permakulture - audio i foto - RADIO LJUBU\u0160KI<\/title>\n<meta name=\"robots\" content=\"index, follow, max-snippet:-1, max-image-preview:large, max-video-preview:-1\" \/>\n<link rel=\"canonical\" href=\"https:\/\/radioljubuski.ba\/index.php\/2022\/04\/05\/suncokret-organski-proizvodi-ljubuski-primjer-promocije-i-zivljenja-permakulture\/\" \/>\n<meta property=\"og:locale\" content=\"hr_HR\" \/>\n<meta property=\"og:type\" content=\"article\" \/>\n<meta property=\"og:title\" content=\"&quot;Suncookret organski proizvodi Ljubu\u0161ki&quot;: Primjer promocije i \u017eivljenja permakulture - audio i foto - RADIO LJUBU\u0160KI\" \/>\n<meta property=\"og:description\" content=\"Uzgajaju svoje presadnice, razmjenjuju sjemenje, zanimaju ih stare sorte povr\u0107a i vo\u0107a, ali i zanimljive egzoti\u010dne sorte, nastavljaju tradiciju doma\u0107e proizvodnje i okupljeni su u online zajednicu&nbsp;&#8220;Suncookret organski proizvodi Ljubu\u0161ki&#8221;.&nbsp; Oni su pravi primjer promocije i \u017eivljenja permakulture koja&nbsp;koristi i virtualni svijet, spajaju\u0107i&nbsp; suvremena znanja i vje\u0161tine sa tradicijom. Posjetili smo ih ba\u0161 u vrijeme [&hellip;]\" \/>\n<meta property=\"og:url\" content=\"https:\/\/radioljubuski.ba\/index.php\/2022\/04\/05\/suncokret-organski-proizvodi-ljubuski-primjer-promocije-i-zivljenja-permakulture\/\" \/>\n<meta property=\"og:site_name\" content=\"RADIO LJUBU\u0160KI\" \/>\n<meta property=\"article:publisher\" content=\"https:\/\/www.facebook.com\/Radiio-Ljubuski-1490835324566332\" \/>\n<meta property=\"article:published_time\" content=\"2022-04-05T08:54:32+00:00\" \/>\n<meta property=\"article:modified_time\" content=\"2022-04-08T08:26:42+00:00\" \/>\n<meta property=\"og:image\" content=\"https:\/\/radioljubuski.ba\/wp-content\/uploads\/2022\/04\/organski-proizvodi.jpg\" \/>\n\t<meta property=\"og:image:width\" content=\"1686\" \/>\n\t<meta property=\"og:image:height\" content=\"1125\" \/>\n\t<meta property=\"og:image:type\" content=\"image\/jpeg\" \/>\n<meta name=\"author\" content=\"Radio Ljubu\u0161ki\" \/>\n<meta name=\"twitter:card\" content=\"summary_large_image\" \/>\n<meta name=\"twitter:creator\" content=\"@radioljubuski\" \/>\n<meta name=\"twitter:site\" content=\"@radioljubuski\" \/>\n<meta name=\"twitter:label1\" content=\"Napisao\/la\" \/>\n\t<meta name=\"twitter:data1\" content=\"Radio Ljubu\u0161ki\" \/>\n\t<meta name=\"twitter:label2\" content=\"Procijenjeno vrijeme \u010ditanja\" \/>\n\t<meta name=\"twitter:data2\" content=\"2 minute\" \/>\n<script type=\"application\/ld+json\" class=\"yoast-schema-graph\">{\"@context\":\"https:\\\/\\\/schema.org\",\"@graph\":[{\"@type\":\"Article\",\"@id\":\"https:\\\/\\\/radioljubuski.ba\\\/index.php\\\/2022\\\/04\\\/05\\\/suncokret-organski-proizvodi-ljubuski-primjer-promocije-i-zivljenja-permakulture\\\/#article\",\"isPartOf\":{\"@id\":\"https:\\\/\\\/radioljubuski.ba\\\/index.php\\\/2022\\\/04\\\/05\\\/suncokret-organski-proizvodi-ljubuski-primjer-promocije-i-zivljenja-permakulture\\\/\"},\"author\":{\"name\":\"Radio Ljubu\u0161ki\",\"@id\":\"https:\\\/\\\/radioljubuski.ba\\\/#\\\/schema\\\/person\\\/19fc700381a780f69665d7956c469e3b\"},\"headline\":\"&#8220;Suncookret organski proizvodi Ljubu\u0161ki&#8221;: Primjer promocije i \u017eivljenja permakulture &#8211; audio i foto\",\"datePublished\":\"2022-04-05T08:54:32+00:00\",\"dateModified\":\"2022-04-08T08:26:42+00:00\",\"mainEntityOfPage\":{\"@id\":\"https:\\\/\\\/radioljubuski.ba\\\/index.php\\\/2022\\\/04\\\/05\\\/suncokret-organski-proizvodi-ljubuski-primjer-promocije-i-zivljenja-permakulture\\\/\"},\"wordCount\":375,\"publisher\":{\"@id\":\"https:\\\/\\\/radioljubuski.ba\\\/#organization\"},\"image\":{\"@id\":\"https:\\\/\\\/radioljubuski.ba\\\/index.php\\\/2022\\\/04\\\/05\\\/suncokret-organski-proizvodi-ljubuski-primjer-promocije-i-zivljenja-permakulture\\\/#primaryimage\"},\"thumbnailUrl\":\"https:\\\/\\\/radioljubuski.ba\\\/wp-content\\\/uploads\\\/2022\\\/04\\\/organski-proizvodi.jpg\",\"articleSection\":[\"RLJ Audio\"],\"inLanguage\":\"hr\"},{\"@type\":\"WebPage\",\"@id\":\"https:\\\/\\\/radioljubuski.ba\\\/index.php\\\/2022\\\/04\\\/05\\\/suncokret-organski-proizvodi-ljubuski-primjer-promocije-i-zivljenja-permakulture\\\/\",\"url\":\"https:\\\/\\\/radioljubuski.ba\\\/index.php\\\/2022\\\/04\\\/05\\\/suncokret-organski-proizvodi-ljubuski-primjer-promocije-i-zivljenja-permakulture\\\/\",\"name\":\"\\\"Suncookret organski proizvodi Ljubu\u0161ki\\\": Primjer promocije i \u017eivljenja permakulture - audio i foto - RADIO LJUBU\u0160KI\",\"isPartOf\":{\"@id\":\"https:\\\/\\\/radioljubuski.ba\\\/#website\"},\"primaryImageOfPage\":{\"@id\":\"https:\\\/\\\/radioljubuski.ba\\\/index.php\\\/2022\\\/04\\\/05\\\/suncokret-organski-proizvodi-ljubuski-primjer-promocije-i-zivljenja-permakulture\\\/#primaryimage\"},\"image\":{\"@id\":\"https:\\\/\\\/radioljubuski.ba\\\/index.php\\\/2022\\\/04\\\/05\\\/suncokret-organski-proizvodi-ljubuski-primjer-promocije-i-zivljenja-permakulture\\\/#primaryimage\"},\"thumbnailUrl\":\"https:\\\/\\\/radioljubuski.ba\\\/wp-content\\\/uploads\\\/2022\\\/04\\\/organski-proizvodi.jpg\",\"datePublished\":\"2022-04-05T08:54:32+00:00\",\"dateModified\":\"2022-04-08T08:26:42+00:00\",\"breadcrumb\":{\"@id\":\"https:\\\/\\\/radioljubuski.ba\\\/index.php\\\/2022\\\/04\\\/05\\\/suncokret-organski-proizvodi-ljubuski-primjer-promocije-i-zivljenja-permakulture\\\/#breadcrumb\"},\"inLanguage\":\"hr\",\"potentialAction\":[{\"@type\":\"ReadAction\",\"target\":[\"https:\\\/\\\/radioljubuski.ba\\\/index.php\\\/2022\\\/04\\\/05\\\/suncokret-organski-proizvodi-ljubuski-primjer-promocije-i-zivljenja-permakulture\\\/\"]}]},{\"@type\":\"ImageObject\",\"inLanguage\":\"hr\",\"@id\":\"https:\\\/\\\/radioljubuski.ba\\\/index.php\\\/2022\\\/04\\\/05\\\/suncokret-organski-proizvodi-ljubuski-primjer-promocije-i-zivljenja-permakulture\\\/#primaryimage\",\"url\":\"https:\\\/\\\/radioljubuski.ba\\\/wp-content\\\/uploads\\\/2022\\\/04\\\/organski-proizvodi.jpg\",\"contentUrl\":\"https:\\\/\\\/radioljubuski.ba\\\/wp-content\\\/uploads\\\/2022\\\/04\\\/organski-proizvodi.jpg\",\"width\":1686,\"height\":1125},{\"@type\":\"BreadcrumbList\",\"@id\":\"https:\\\/\\\/radioljubuski.ba\\\/index.php\\\/2022\\\/04\\\/05\\\/suncokret-organski-proizvodi-ljubuski-primjer-promocije-i-zivljenja-permakulture\\\/#breadcrumb\",\"itemListElement\":[{\"@type\":\"ListItem\",\"position\":1,\"name\":\"Po\u010detna stranica\",\"item\":\"https:\\\/\\\/radioljubuski.ba\\\/\"},{\"@type\":\"ListItem\",\"position\":2,\"name\":\"&#8220;Suncookret organski proizvodi Ljubu\u0161ki&#8221;: Primjer promocije i \u017eivljenja permakulture &#8211; audio i foto\"}]},{\"@type\":\"WebSite\",\"@id\":\"https:\\\/\\\/radioljubuski.ba\\\/#website\",\"url\":\"https:\\\/\\\/radioljubuski.ba\\\/\",\"name\":\"Radio Ljubu\u0161ki\",\"description\":\"Sun\u010dana frekvencija Hercegovine\",\"publisher\":{\"@id\":\"https:\\\/\\\/radioljubuski.ba\\\/#organization\"},\"potentialAction\":[{\"@type\":\"SearchAction\",\"target\":{\"@type\":\"EntryPoint\",\"urlTemplate\":\"https:\\\/\\\/radioljubuski.ba\\\/?s={search_term_string}\"},\"query-input\":{\"@type\":\"PropertyValueSpecification\",\"valueRequired\":true,\"valueName\":\"search_term_string\"}}],\"inLanguage\":\"hr\"},{\"@type\":\"Organization\",\"@id\":\"https:\\\/\\\/radioljubuski.ba\\\/#organization\",\"name\":\"Radio Ljubu\u0161ki\",\"url\":\"https:\\\/\\\/radioljubuski.ba\\\/\",\"logo\":{\"@type\":\"ImageObject\",\"inLanguage\":\"hr\",\"@id\":\"https:\\\/\\\/radioljubuski.ba\\\/#\\\/schema\\\/logo\\\/image\\\/\",\"url\":\"https:\\\/\\\/radioljubuski.ba\\\/wp-content\\\/uploads\\\/2021\\\/02\\\/cropped-Radio_Ljubuski_logo1.jpg\",\"contentUrl\":\"https:\\\/\\\/radioljubuski.ba\\\/wp-content\\\/uploads\\\/2021\\\/02\\\/cropped-Radio_Ljubuski_logo1.jpg\",\"width\":512,\"height\":512,\"caption\":\"Radio Ljubu\u0161ki\"},\"image\":{\"@id\":\"https:\\\/\\\/radioljubuski.ba\\\/#\\\/schema\\\/logo\\\/image\\\/\"},\"sameAs\":[\"https:\\\/\\\/www.facebook.com\\\/Radiio-Ljubuski-1490835324566332\",\"https:\\\/\\\/x.com\\\/radioljubuski\",\"https:\\\/\\\/hr.linkedin.com\\\/company\\\/radio-ljubuski\",\"https:\\\/\\\/www.youtube.com\\\/channel\\\/UCHYaeO_n0Db3tjNGudGpXyw\"]},{\"@type\":\"Person\",\"@id\":\"https:\\\/\\\/radioljubuski.ba\\\/#\\\/schema\\\/person\\\/19fc700381a780f69665d7956c469e3b\",\"name\":\"Radio Ljubu\u0161ki\"}]}<\/script>\n<!-- \/ Yoast SEO plugin. -->","yoast_head_json":{"title":"\"Suncookret organski proizvodi Ljubu\u0161ki\": Primjer promocije i \u017eivljenja permakulture - audio i foto - RADIO LJUBU\u0160KI","robots":{"index":"index","follow":"follow","max-snippet":"max-snippet:-1","max-image-preview":"max-image-preview:large","max-video-preview":"max-video-preview:-1"},"canonical":"https:\/\/radioljubuski.ba\/index.php\/2022\/04\/05\/suncokret-organski-proizvodi-ljubuski-primjer-promocije-i-zivljenja-permakulture\/","og_locale":"hr_HR","og_type":"article","og_title":"\"Suncookret organski proizvodi Ljubu\u0161ki\": Primjer promocije i \u017eivljenja permakulture - audio i foto - RADIO LJUBU\u0160KI","og_description":"Uzgajaju svoje presadnice, razmjenjuju sjemenje, zanimaju ih stare sorte povr\u0107a i vo\u0107a, ali i zanimljive egzoti\u010dne sorte, nastavljaju tradiciju doma\u0107e proizvodnje i okupljeni su u online zajednicu&nbsp;&#8220;Suncookret organski proizvodi Ljubu\u0161ki&#8221;.&nbsp; Oni su pravi primjer promocije i \u017eivljenja permakulture koja&nbsp;koristi i virtualni svijet, spajaju\u0107i&nbsp; suvremena znanja i vje\u0161tine sa tradicijom. Posjetili smo ih ba\u0161 u vrijeme [&hellip;]","og_url":"https:\/\/radioljubuski.ba\/index.php\/2022\/04\/05\/suncokret-organski-proizvodi-ljubuski-primjer-promocije-i-zivljenja-permakulture\/","og_site_name":"RADIO LJUBU\u0160KI","article_publisher":"https:\/\/www.facebook.com\/Radiio-Ljubuski-1490835324566332","article_published_time":"2022-04-05T08:54:32+00:00","article_modified_time":"2022-04-08T08:26:42+00:00","og_image":[{"width":1686,"height":1125,"url":"https:\/\/radioljubuski.ba\/wp-content\/uploads\/2022\/04\/organski-proizvodi.jpg","type":"image\/jpeg"}],"author":"Radio Ljubu\u0161ki","twitter_card":"summary_large_image","twitter_creator":"@radioljubuski","twitter_site":"@radioljubuski","twitter_misc":{"Napisao\/la":"Radio Ljubu\u0161ki","Procijenjeno vrijeme \u010ditanja":"2 minute"},"schema":{"@context":"https:\/\/schema.org","@graph":[{"@type":"Article","@id":"https:\/\/radioljubuski.ba\/index.php\/2022\/04\/05\/suncokret-organski-proizvodi-ljubuski-primjer-promocije-i-zivljenja-permakulture\/#article","isPartOf":{"@id":"https:\/\/radioljubuski.ba\/index.php\/2022\/04\/05\/suncokret-organski-proizvodi-ljubuski-primjer-promocije-i-zivljenja-permakulture\/"},"author":{"name":"Radio Ljubu\u0161ki","@id":"https:\/\/radioljubuski.ba\/#\/schema\/person\/19fc700381a780f69665d7956c469e3b"},"headline":"&#8220;Suncookret organski proizvodi Ljubu\u0161ki&#8221;: Primjer promocije i \u017eivljenja permakulture &#8211; audio i foto","datePublished":"2022-04-05T08:54:32+00:00","dateModified":"2022-04-08T08:26:42+00:00","mainEntityOfPage":{"@id":"https:\/\/radioljubuski.ba\/index.php\/2022\/04\/05\/suncokret-organski-proizvodi-ljubuski-primjer-promocije-i-zivljenja-permakulture\/"},"wordCount":375,"publisher":{"@id":"https:\/\/radioljubuski.ba\/#organization"},"image":{"@id":"https:\/\/radioljubuski.ba\/index.php\/2022\/04\/05\/suncokret-organski-proizvodi-ljubuski-primjer-promocije-i-zivljenja-permakulture\/#primaryimage"},"thumbnailUrl":"https:\/\/radioljubuski.ba\/wp-content\/uploads\/2022\/04\/organski-proizvodi.jpg","articleSection":["RLJ Audio"],"inLanguage":"hr"},{"@type":"WebPage","@id":"https:\/\/radioljubuski.ba\/index.php\/2022\/04\/05\/suncokret-organski-proizvodi-ljubuski-primjer-promocije-i-zivljenja-permakulture\/","url":"https:\/\/radioljubuski.ba\/index.php\/2022\/04\/05\/suncokret-organski-proizvodi-ljubuski-primjer-promocije-i-zivljenja-permakulture\/","name":"\"Suncookret organski proizvodi Ljubu\u0161ki\": Primjer promocije i \u017eivljenja permakulture - audio i foto - RADIO LJUBU\u0160KI","isPartOf":{"@id":"https:\/\/radioljubuski.ba\/#website"},"primaryImageOfPage":{"@id":"https:\/\/radioljubuski.ba\/index.php\/2022\/04\/05\/suncokret-organski-proizvodi-ljubuski-primjer-promocije-i-zivljenja-permakulture\/#primaryimage"},"image":{"@id":"https:\/\/radioljubuski.ba\/index.php\/2022\/04\/05\/suncokret-organski-proizvodi-ljubuski-primjer-promocije-i-zivljenja-permakulture\/#primaryimage"},"thumbnailUrl":"https:\/\/radioljubuski.ba\/wp-content\/uploads\/2022\/04\/organski-proizvodi.jpg","datePublished":"2022-04-05T08:54:32+00:00","dateModified":"2022-04-08T08:26:42+00:00","breadcrumb":{"@id":"https:\/\/radioljubuski.ba\/index.php\/2022\/04\/05\/suncokret-organski-proizvodi-ljubuski-primjer-promocije-i-zivljenja-permakulture\/#breadcrumb"},"inLanguage":"hr","potentialAction":[{"@type":"ReadAction","target":["https:\/\/radioljubuski.ba\/index.php\/2022\/04\/05\/suncokret-organski-proizvodi-ljubuski-primjer-promocije-i-zivljenja-permakulture\/"]}]},{"@type":"ImageObject","inLanguage":"hr","@id":"https:\/\/radioljubuski.ba\/index.php\/2022\/04\/05\/suncokret-organski-proizvodi-ljubuski-primjer-promocije-i-zivljenja-permakulture\/#primaryimage","url":"https:\/\/radioljubuski.ba\/wp-content\/uploads\/2022\/04\/organski-proizvodi.jpg","contentUrl":"https:\/\/radioljubuski.ba\/wp-content\/uploads\/2022\/04\/organski-proizvodi.jpg","width":1686,"height":1125},{"@type":"BreadcrumbList","@id":"https:\/\/radioljubuski.ba\/index.php\/2022\/04\/05\/suncokret-organski-proizvodi-ljubuski-primjer-promocije-i-zivljenja-permakulture\/#breadcrumb","itemListElement":[{"@type":"ListItem","position":1,"name":"Po\u010detna stranica","item":"https:\/\/radioljubuski.ba\/"},{"@type":"ListItem","position":2,"name":"&#8220;Suncookret organski proizvodi Ljubu\u0161ki&#8221;: Primjer promocije i \u017eivljenja permakulture &#8211; audio i foto"}]},{"@type":"WebSite","@id":"https:\/\/radioljubuski.ba\/#website","url":"https:\/\/radioljubuski.ba\/","name":"Radio Ljubu\u0161ki","description":"Sun\u010dana frekvencija Hercegovine","publisher":{"@id":"https:\/\/radioljubuski.ba\/#organization"},"potentialAction":[{"@type":"SearchAction","target":{"@type":"EntryPoint","urlTemplate":"https:\/\/radioljubuski.ba\/?s={search_term_string}"},"query-input":{"@type":"PropertyValueSpecification","valueRequired":true,"valueName":"search_term_string"}}],"inLanguage":"hr"},{"@type":"Organization","@id":"https:\/\/radioljubuski.ba\/#organization","name":"Radio Ljubu\u0161ki","url":"https:\/\/radioljubuski.ba\/","logo":{"@type":"ImageObject","inLanguage":"hr","@id":"https:\/\/radioljubuski.ba\/#\/schema\/logo\/image\/","url":"https:\/\/radioljubuski.ba\/wp-content\/uploads\/2021\/02\/cropped-Radio_Ljubuski_logo1.jpg","contentUrl":"https:\/\/radioljubuski.ba\/wp-content\/uploads\/2021\/02\/cropped-Radio_Ljubuski_logo1.jpg","width":512,"height":512,"caption":"Radio Ljubu\u0161ki"},"image":{"@id":"https:\/\/radioljubuski.ba\/#\/schema\/logo\/image\/"},"sameAs":["https:\/\/www.facebook.com\/Radiio-Ljubuski-1490835324566332","https:\/\/x.com\/radioljubuski","https:\/\/hr.linkedin.com\/company\/radio-ljubuski","https:\/\/www.youtube.com\/channel\/UCHYaeO_n0Db3tjNGudGpXyw"]},{"@type":"Person","@id":"https:\/\/radioljubuski.ba\/#\/schema\/person\/19fc700381a780f69665d7956c469e3b","name":"Radio Ljubu\u0161ki"}]}},"_links":{"self":[{"href":"https:\/\/radioljubuski.ba\/index.php\/wp-json\/wp\/v2\/posts\/129013","targetHints":{"allow":["GET"]}}],"collection":[{"href":"https:\/\/radioljubuski.ba\/index.php\/wp-json\/wp\/v2\/posts"}],"about":[{"href":"https:\/\/radioljubuski.ba\/index.php\/wp-json\/wp\/v2\/types\/post"}],"author":[{"embeddable":true,"href":"https:\/\/radioljubuski.ba\/index.php\/wp-json\/wp\/v2\/users\/2"}],"replies":[{"embeddable":true,"href":"https:\/\/radioljubuski.ba\/index.php\/wp-json\/wp\/v2\/comments?post=129013"}],"version-history":[{"count":6,"href":"https:\/\/radioljubuski.ba\/index.php\/wp-json\/wp\/v2\/posts\/129013\/revisions"}],"predecessor-version":[{"id":130327,"href":"https:\/\/radioljubuski.ba\/index.php\/wp-json\/wp\/v2\/posts\/129013\/revisions\/130327"}],"wp:featuredmedia":[{"embeddable":true,"href":"https:\/\/radioljubuski.ba\/index.php\/wp-json\/wp\/v2\/media\/129019"}],"wp:attachment":[{"href":"https:\/\/radioljubuski.ba\/index.php\/wp-json\/wp\/v2\/media?parent=129013"}],"wp:term":[{"taxonomy":"category","embeddable":true,"href":"https:\/\/radioljubuski.ba\/index.php\/wp-json\/wp\/v2\/categories?post=129013"},{"taxonomy":"post_tag","embeddable":true,"href":"https:\/\/radioljubuski.ba\/index.php\/wp-json\/wp\/v2\/tags?post=129013"}],"curies":[{"name":"wp","href":"https:\/\/api.w.org\/{rel}","templated":true}]}}