{"id":129061,"date":"2022-04-05T10:40:25","date_gmt":"2022-04-05T09:40:25","guid":{"rendered":"https:\/\/radioljubuski.ba\/?p=129061"},"modified":"2022-04-05T10:40:26","modified_gmt":"2022-04-05T09:40:26","slug":"tomislav-ivkovic-novi-trener-borca","status":"publish","type":"post","link":"https:\/\/radioljubuski.ba\/index.php\/2022\/04\/05\/tomislav-ivkovic-novi-trener-borca\/","title":{"rendered":"Tomislav Ivkovi\u0107 novi trener Borca"},"content":{"rendered":"\n<p>Tomislav Ivkovi\u0107 novi je trener FK Borac Banja Luka, nakon \u0161to je Nemanja Miljanovi\u0107 podnio ostavku poslije subotnjeg remija u Prijedoru protiv Rudara (2:2).<\/p>\n\n\n\n<p>Borac se nedavno oprostio i od Kupa BiH, a Ivkovi\u0107 na mjesto trenera dolazi s pozicije&nbsp;sportskog direktora.<\/p>\n\n\n\n<p><em>Nema potrebe da sad nekom govorim i da razuvjeravam da moj dolazak u Borac&nbsp;nije bio vezan za preuzimanje ekipe.&nbsp;Imao sam dobar odnos s Nemanjom Miljanovi\u0107em, sprijateljili se, \u017eao mi je \u0161to se to dogodilo, ali&nbsp;on najbolje zna&nbsp;za\u0161to je donio odluku kojoj se ja nisam nadao.<\/em><\/p>\n\n\n\n<p><em>Rezultatski osvajanje bodova po meni je ok, ali on je imao svoje razloge. Promijeniti tri trenera, a ja sam \u010detvrti,&nbsp;sigurno nije dobro. Jedini moj plus je \u0161to sam bio na svakom treningu, znam sve igra\u010de, sve u klubu,&nbsp;moje mi\u0161ljenje&nbsp;je ve\u0107 definirano i znam \u0161to ho\u0107u,&nbsp;<\/em>kazao je Ivkovi\u0107 pa dodao:<\/p>\n\n\n\n<p><em>Ho\u0107u da ekipa igra slobodno, sa samopouzdanjem, da stvaramo \u0161to vi\u0161e prilika i da nastojimo igrati i za publiku.&nbsp;Pozivam publiku da do\u0111e u \u0161to ve\u0107em broju na Zrinjski, izazov je igrati protiv ekipe s 14 vezanih pobjeda, a uz pomo\u0107 publike \u0107e nam biti lak\u0161e. Igra\u010di imaju kvalitet, ali nastojat \u0107emo&nbsp;igrati s vi\u0161e samopouzdanja, s vi\u0161e rizika, bez rizika ne mo\u017ee\u0161 biti pravi igra\u010d.<\/em><\/p>\n\n\n\n<p>Dodatno je Ivkovi\u0107 u ponedjeljak na konferenciji za medije odgovorio na pitanja ho\u0107e li&nbsp;mijenjati nekog iz stru\u010dnog sto\u017eera.<\/p>\n\n\n\n<p><em>Svi igra\u010di i stru\u010dni sto\u017eer ostaju, vjerujem u njih i nema potrebe da se ne\u0161to mijenja,<\/em>&nbsp;kazao je Ivkovi\u0107, prenosi MeridianSport, nakon \u010dega je naveo da je&nbsp;veliki problem&nbsp;Borca broj stranaca u trenutnom rosteru tima:<\/p>\n\n\n\n<p><em>\u0160to se ti\u010de igra\u010da, nema velikog razila\u017eenja u idejama s Miljanovi\u0107em,&nbsp;mo\u017eda \u0107emo promijeniti&nbsp;sitnice u na\u010dinu igranja i malo u takti\u010dkom smislu, da nastojimo izgledati malo druga\u010dije. Sigurno ne\u0107e biti velikih stresova i promjena, mo\u017eda neka promjena pozicije.&nbsp;Najve\u0107i problem je sedam stranaca, mislim da do toga nije trebalo do\u0107i. Ubudu\u0107e \u0107e stranci morati praviti razliku, a ne da ih ostavljamo na tribinama.<\/em><\/p>\n\n\n\n<p>Svoj prvi izazov na klupi Borca \u0107e Ivkovi\u0107 imati ve\u0107&nbsp;u subotu&nbsp;9. travnja kada \u0107e njegova ekipa na \u201cGradskom stadionu\u201d u Banjaluci do\u010dekati&nbsp;Zrinjski&nbsp;koji se nalazi u nevjerojatnom nizu od 14 uzastopnih pobjeda.<\/p>\n\n\n\n<p>Izvor:pogled.ba<\/p>\n","protected":false},"excerpt":{"rendered":"<p>Tomislav Ivkovi\u0107 novi je trener FK Borac Banja Luka, nakon \u0161to je Nemanja Miljanovi\u0107 podnio ostavku poslije subotnjeg remija u Prijedoru protiv Rudara (2:2). Borac se nedavno oprostio i od Kupa BiH, a Ivkovi\u0107 na mjesto trenera dolazi s pozicije&nbsp;sportskog direktora. Nema potrebe da sad nekom govorim i da razuvjeravam da moj dolazak u Borac&nbsp;nije [&hellip;]<\/p>\n","protected":false},"author":2,"featured_media":129062,"comment_status":"closed","ping_status":"closed","sticky":false,"template":"","format":"standard","meta":{"h5ap_radio_sources":[],"footnotes":""},"categories":[7],"tags":[],"class_list":["post-129061","post","type-post","status-publish","format-standard","has-post-thumbnail","hentry","category-sport"],"yoast_head":"<!-- This site is optimized with the Yoast SEO plugin v27.4 - https:\/\/yoast.com\/product\/yoast-seo-wordpress\/ -->\n<title>Tomislav Ivkovi\u0107 novi trener Borca - RADIO LJUBU\u0160KI<\/title>\n<meta name=\"robots\" content=\"index, follow, max-snippet:-1, max-image-preview:large, max-video-preview:-1\" \/>\n<link rel=\"canonical\" href=\"https:\/\/radioljubuski.ba\/index.php\/2022\/04\/05\/tomislav-ivkovic-novi-trener-borca\/\" \/>\n<meta property=\"og:locale\" content=\"hr_HR\" \/>\n<meta property=\"og:type\" content=\"article\" \/>\n<meta property=\"og:title\" content=\"Tomislav Ivkovi\u0107 novi trener Borca - RADIO LJUBU\u0160KI\" \/>\n<meta property=\"og:description\" content=\"Tomislav Ivkovi\u0107 novi je trener FK Borac Banja Luka, nakon \u0161to je Nemanja Miljanovi\u0107 podnio ostavku poslije subotnjeg remija u Prijedoru protiv Rudara (2:2). Borac se nedavno oprostio i od Kupa BiH, a Ivkovi\u0107 na mjesto trenera dolazi s pozicije&nbsp;sportskog direktora. Nema potrebe da sad nekom govorim i da razuvjeravam da moj dolazak u Borac&nbsp;nije [&hellip;]\" \/>\n<meta property=\"og:url\" content=\"https:\/\/radioljubuski.ba\/index.php\/2022\/04\/05\/tomislav-ivkovic-novi-trener-borca\/\" \/>\n<meta property=\"og:site_name\" content=\"RADIO LJUBU\u0160KI\" \/>\n<meta property=\"article:publisher\" content=\"https:\/\/www.facebook.com\/Radiio-Ljubuski-1490835324566332\" \/>\n<meta property=\"article:published_time\" content=\"2022-04-05T09:40:25+00:00\" \/>\n<meta property=\"article:modified_time\" content=\"2022-04-05T09:40:26+00:00\" \/>\n<meta property=\"og:image\" content=\"https:\/\/radioljubuski.ba\/wp-content\/uploads\/2022\/04\/ivkovic.jpg\" \/>\n\t<meta property=\"og:image:width\" content=\"1000\" \/>\n\t<meta property=\"og:image:height\" content=\"625\" \/>\n\t<meta property=\"og:image:type\" content=\"image\/jpeg\" \/>\n<meta name=\"author\" content=\"Radio Ljubu\u0161ki\" \/>\n<meta name=\"twitter:card\" content=\"summary_large_image\" \/>\n<meta name=\"twitter:creator\" content=\"@radioljubuski\" \/>\n<meta name=\"twitter:site\" content=\"@radioljubuski\" \/>\n<meta name=\"twitter:label1\" content=\"Napisao\/la\" \/>\n\t<meta name=\"twitter:data1\" content=\"Radio Ljubu\u0161ki\" \/>\n\t<meta name=\"twitter:label2\" content=\"Procijenjeno vrijeme \u010ditanja\" \/>\n\t<meta name=\"twitter:data2\" content=\"2 minute\" \/>\n<script type=\"application\/ld+json\" class=\"yoast-schema-graph\">{\"@context\":\"https:\\\/\\\/schema.org\",\"@graph\":[{\"@type\":\"Article\",\"@id\":\"https:\\\/\\\/radioljubuski.ba\\\/index.php\\\/2022\\\/04\\\/05\\\/tomislav-ivkovic-novi-trener-borca\\\/#article\",\"isPartOf\":{\"@id\":\"https:\\\/\\\/radioljubuski.ba\\\/index.php\\\/2022\\\/04\\\/05\\\/tomislav-ivkovic-novi-trener-borca\\\/\"},\"author\":{\"name\":\"Radio Ljubu\u0161ki\",\"@id\":\"https:\\\/\\\/radioljubuski.ba\\\/#\\\/schema\\\/person\\\/19fc700381a780f69665d7956c469e3b\"},\"headline\":\"Tomislav Ivkovi\u0107 novi trener Borca\",\"datePublished\":\"2022-04-05T09:40:25+00:00\",\"dateModified\":\"2022-04-05T09:40:26+00:00\",\"mainEntityOfPage\":{\"@id\":\"https:\\\/\\\/radioljubuski.ba\\\/index.php\\\/2022\\\/04\\\/05\\\/tomislav-ivkovic-novi-trener-borca\\\/\"},\"wordCount\":425,\"publisher\":{\"@id\":\"https:\\\/\\\/radioljubuski.ba\\\/#organization\"},\"image\":{\"@id\":\"https:\\\/\\\/radioljubuski.ba\\\/index.php\\\/2022\\\/04\\\/05\\\/tomislav-ivkovic-novi-trener-borca\\\/#primaryimage\"},\"thumbnailUrl\":\"https:\\\/\\\/radioljubuski.ba\\\/wp-content\\\/uploads\\\/2022\\\/04\\\/ivkovic.jpg\",\"articleSection\":[\"\u0160port\"],\"inLanguage\":\"hr\"},{\"@type\":\"WebPage\",\"@id\":\"https:\\\/\\\/radioljubuski.ba\\\/index.php\\\/2022\\\/04\\\/05\\\/tomislav-ivkovic-novi-trener-borca\\\/\",\"url\":\"https:\\\/\\\/radioljubuski.ba\\\/index.php\\\/2022\\\/04\\\/05\\\/tomislav-ivkovic-novi-trener-borca\\\/\",\"name\":\"Tomislav Ivkovi\u0107 novi trener Borca - RADIO LJUBU\u0160KI\",\"isPartOf\":{\"@id\":\"https:\\\/\\\/radioljubuski.ba\\\/#website\"},\"primaryImageOfPage\":{\"@id\":\"https:\\\/\\\/radioljubuski.ba\\\/index.php\\\/2022\\\/04\\\/05\\\/tomislav-ivkovic-novi-trener-borca\\\/#primaryimage\"},\"image\":{\"@id\":\"https:\\\/\\\/radioljubuski.ba\\\/index.php\\\/2022\\\/04\\\/05\\\/tomislav-ivkovic-novi-trener-borca\\\/#primaryimage\"},\"thumbnailUrl\":\"https:\\\/\\\/radioljubuski.ba\\\/wp-content\\\/uploads\\\/2022\\\/04\\\/ivkovic.jpg\",\"datePublished\":\"2022-04-05T09:40:25+00:00\",\"dateModified\":\"2022-04-05T09:40:26+00:00\",\"breadcrumb\":{\"@id\":\"https:\\\/\\\/radioljubuski.ba\\\/index.php\\\/2022\\\/04\\\/05\\\/tomislav-ivkovic-novi-trener-borca\\\/#breadcrumb\"},\"inLanguage\":\"hr\",\"potentialAction\":[{\"@type\":\"ReadAction\",\"target\":[\"https:\\\/\\\/radioljubuski.ba\\\/index.php\\\/2022\\\/04\\\/05\\\/tomislav-ivkovic-novi-trener-borca\\\/\"]}]},{\"@type\":\"ImageObject\",\"inLanguage\":\"hr\",\"@id\":\"https:\\\/\\\/radioljubuski.ba\\\/index.php\\\/2022\\\/04\\\/05\\\/tomislav-ivkovic-novi-trener-borca\\\/#primaryimage\",\"url\":\"https:\\\/\\\/radioljubuski.ba\\\/wp-content\\\/uploads\\\/2022\\\/04\\\/ivkovic.jpg\",\"contentUrl\":\"https:\\\/\\\/radioljubuski.ba\\\/wp-content\\\/uploads\\\/2022\\\/04\\\/ivkovic.jpg\",\"width\":1000,\"height\":625},{\"@type\":\"BreadcrumbList\",\"@id\":\"https:\\\/\\\/radioljubuski.ba\\\/index.php\\\/2022\\\/04\\\/05\\\/tomislav-ivkovic-novi-trener-borca\\\/#breadcrumb\",\"itemListElement\":[{\"@type\":\"ListItem\",\"position\":1,\"name\":\"Po\u010detna stranica\",\"item\":\"https:\\\/\\\/radioljubuski.ba\\\/\"},{\"@type\":\"ListItem\",\"position\":2,\"name\":\"Tomislav Ivkovi\u0107 novi trener Borca\"}]},{\"@type\":\"WebSite\",\"@id\":\"https:\\\/\\\/radioljubuski.ba\\\/#website\",\"url\":\"https:\\\/\\\/radioljubuski.ba\\\/\",\"name\":\"Radio Ljubu\u0161ki\",\"description\":\"Sun\u010dana frekvencija Hercegovine\",\"publisher\":{\"@id\":\"https:\\\/\\\/radioljubuski.ba\\\/#organization\"},\"potentialAction\":[{\"@type\":\"SearchAction\",\"target\":{\"@type\":\"EntryPoint\",\"urlTemplate\":\"https:\\\/\\\/radioljubuski.ba\\\/?s={search_term_string}\"},\"query-input\":{\"@type\":\"PropertyValueSpecification\",\"valueRequired\":true,\"valueName\":\"search_term_string\"}}],\"inLanguage\":\"hr\"},{\"@type\":\"Organization\",\"@id\":\"https:\\\/\\\/radioljubuski.ba\\\/#organization\",\"name\":\"Radio Ljubu\u0161ki\",\"url\":\"https:\\\/\\\/radioljubuski.ba\\\/\",\"logo\":{\"@type\":\"ImageObject\",\"inLanguage\":\"hr\",\"@id\":\"https:\\\/\\\/radioljubuski.ba\\\/#\\\/schema\\\/logo\\\/image\\\/\",\"url\":\"https:\\\/\\\/radioljubuski.ba\\\/wp-content\\\/uploads\\\/2021\\\/02\\\/cropped-Radio_Ljubuski_logo1.jpg\",\"contentUrl\":\"https:\\\/\\\/radioljubuski.ba\\\/wp-content\\\/uploads\\\/2021\\\/02\\\/cropped-Radio_Ljubuski_logo1.jpg\",\"width\":512,\"height\":512,\"caption\":\"Radio Ljubu\u0161ki\"},\"image\":{\"@id\":\"https:\\\/\\\/radioljubuski.ba\\\/#\\\/schema\\\/logo\\\/image\\\/\"},\"sameAs\":[\"https:\\\/\\\/www.facebook.com\\\/Radiio-Ljubuski-1490835324566332\",\"https:\\\/\\\/x.com\\\/radioljubuski\",\"https:\\\/\\\/hr.linkedin.com\\\/company\\\/radio-ljubuski\",\"https:\\\/\\\/www.youtube.com\\\/channel\\\/UCHYaeO_n0Db3tjNGudGpXyw\"]},{\"@type\":\"Person\",\"@id\":\"https:\\\/\\\/radioljubuski.ba\\\/#\\\/schema\\\/person\\\/19fc700381a780f69665d7956c469e3b\",\"name\":\"Radio Ljubu\u0161ki\"}]}<\/script>\n<!-- \/ Yoast SEO plugin. -->","yoast_head_json":{"title":"Tomislav Ivkovi\u0107 novi trener Borca - RADIO LJUBU\u0160KI","robots":{"index":"index","follow":"follow","max-snippet":"max-snippet:-1","max-image-preview":"max-image-preview:large","max-video-preview":"max-video-preview:-1"},"canonical":"https:\/\/radioljubuski.ba\/index.php\/2022\/04\/05\/tomislav-ivkovic-novi-trener-borca\/","og_locale":"hr_HR","og_type":"article","og_title":"Tomislav Ivkovi\u0107 novi trener Borca - RADIO LJUBU\u0160KI","og_description":"Tomislav Ivkovi\u0107 novi je trener FK Borac Banja Luka, nakon \u0161to je Nemanja Miljanovi\u0107 podnio ostavku poslije subotnjeg remija u Prijedoru protiv Rudara (2:2). Borac se nedavno oprostio i od Kupa BiH, a Ivkovi\u0107 na mjesto trenera dolazi s pozicije&nbsp;sportskog direktora. Nema potrebe da sad nekom govorim i da razuvjeravam da moj dolazak u Borac&nbsp;nije [&hellip;]","og_url":"https:\/\/radioljubuski.ba\/index.php\/2022\/04\/05\/tomislav-ivkovic-novi-trener-borca\/","og_site_name":"RADIO LJUBU\u0160KI","article_publisher":"https:\/\/www.facebook.com\/Radiio-Ljubuski-1490835324566332","article_published_time":"2022-04-05T09:40:25+00:00","article_modified_time":"2022-04-05T09:40:26+00:00","og_image":[{"width":1000,"height":625,"url":"https:\/\/radioljubuski.ba\/wp-content\/uploads\/2022\/04\/ivkovic.jpg","type":"image\/jpeg"}],"author":"Radio Ljubu\u0161ki","twitter_card":"summary_large_image","twitter_creator":"@radioljubuski","twitter_site":"@radioljubuski","twitter_misc":{"Napisao\/la":"Radio Ljubu\u0161ki","Procijenjeno vrijeme \u010ditanja":"2 minute"},"schema":{"@context":"https:\/\/schema.org","@graph":[{"@type":"Article","@id":"https:\/\/radioljubuski.ba\/index.php\/2022\/04\/05\/tomislav-ivkovic-novi-trener-borca\/#article","isPartOf":{"@id":"https:\/\/radioljubuski.ba\/index.php\/2022\/04\/05\/tomislav-ivkovic-novi-trener-borca\/"},"author":{"name":"Radio Ljubu\u0161ki","@id":"https:\/\/radioljubuski.ba\/#\/schema\/person\/19fc700381a780f69665d7956c469e3b"},"headline":"Tomislav Ivkovi\u0107 novi trener Borca","datePublished":"2022-04-05T09:40:25+00:00","dateModified":"2022-04-05T09:40:26+00:00","mainEntityOfPage":{"@id":"https:\/\/radioljubuski.ba\/index.php\/2022\/04\/05\/tomislav-ivkovic-novi-trener-borca\/"},"wordCount":425,"publisher":{"@id":"https:\/\/radioljubuski.ba\/#organization"},"image":{"@id":"https:\/\/radioljubuski.ba\/index.php\/2022\/04\/05\/tomislav-ivkovic-novi-trener-borca\/#primaryimage"},"thumbnailUrl":"https:\/\/radioljubuski.ba\/wp-content\/uploads\/2022\/04\/ivkovic.jpg","articleSection":["\u0160port"],"inLanguage":"hr"},{"@type":"WebPage","@id":"https:\/\/radioljubuski.ba\/index.php\/2022\/04\/05\/tomislav-ivkovic-novi-trener-borca\/","url":"https:\/\/radioljubuski.ba\/index.php\/2022\/04\/05\/tomislav-ivkovic-novi-trener-borca\/","name":"Tomislav Ivkovi\u0107 novi trener Borca - RADIO LJUBU\u0160KI","isPartOf":{"@id":"https:\/\/radioljubuski.ba\/#website"},"primaryImageOfPage":{"@id":"https:\/\/radioljubuski.ba\/index.php\/2022\/04\/05\/tomislav-ivkovic-novi-trener-borca\/#primaryimage"},"image":{"@id":"https:\/\/radioljubuski.ba\/index.php\/2022\/04\/05\/tomislav-ivkovic-novi-trener-borca\/#primaryimage"},"thumbnailUrl":"https:\/\/radioljubuski.ba\/wp-content\/uploads\/2022\/04\/ivkovic.jpg","datePublished":"2022-04-05T09:40:25+00:00","dateModified":"2022-04-05T09:40:26+00:00","breadcrumb":{"@id":"https:\/\/radioljubuski.ba\/index.php\/2022\/04\/05\/tomislav-ivkovic-novi-trener-borca\/#breadcrumb"},"inLanguage":"hr","potentialAction":[{"@type":"ReadAction","target":["https:\/\/radioljubuski.ba\/index.php\/2022\/04\/05\/tomislav-ivkovic-novi-trener-borca\/"]}]},{"@type":"ImageObject","inLanguage":"hr","@id":"https:\/\/radioljubuski.ba\/index.php\/2022\/04\/05\/tomislav-ivkovic-novi-trener-borca\/#primaryimage","url":"https:\/\/radioljubuski.ba\/wp-content\/uploads\/2022\/04\/ivkovic.jpg","contentUrl":"https:\/\/radioljubuski.ba\/wp-content\/uploads\/2022\/04\/ivkovic.jpg","width":1000,"height":625},{"@type":"BreadcrumbList","@id":"https:\/\/radioljubuski.ba\/index.php\/2022\/04\/05\/tomislav-ivkovic-novi-trener-borca\/#breadcrumb","itemListElement":[{"@type":"ListItem","position":1,"name":"Po\u010detna stranica","item":"https:\/\/radioljubuski.ba\/"},{"@type":"ListItem","position":2,"name":"Tomislav Ivkovi\u0107 novi trener Borca"}]},{"@type":"WebSite","@id":"https:\/\/radioljubuski.ba\/#website","url":"https:\/\/radioljubuski.ba\/","name":"Radio Ljubu\u0161ki","description":"Sun\u010dana frekvencija Hercegovine","publisher":{"@id":"https:\/\/radioljubuski.ba\/#organization"},"potentialAction":[{"@type":"SearchAction","target":{"@type":"EntryPoint","urlTemplate":"https:\/\/radioljubuski.ba\/?s={search_term_string}"},"query-input":{"@type":"PropertyValueSpecification","valueRequired":true,"valueName":"search_term_string"}}],"inLanguage":"hr"},{"@type":"Organization","@id":"https:\/\/radioljubuski.ba\/#organization","name":"Radio Ljubu\u0161ki","url":"https:\/\/radioljubuski.ba\/","logo":{"@type":"ImageObject","inLanguage":"hr","@id":"https:\/\/radioljubuski.ba\/#\/schema\/logo\/image\/","url":"https:\/\/radioljubuski.ba\/wp-content\/uploads\/2021\/02\/cropped-Radio_Ljubuski_logo1.jpg","contentUrl":"https:\/\/radioljubuski.ba\/wp-content\/uploads\/2021\/02\/cropped-Radio_Ljubuski_logo1.jpg","width":512,"height":512,"caption":"Radio Ljubu\u0161ki"},"image":{"@id":"https:\/\/radioljubuski.ba\/#\/schema\/logo\/image\/"},"sameAs":["https:\/\/www.facebook.com\/Radiio-Ljubuski-1490835324566332","https:\/\/x.com\/radioljubuski","https:\/\/hr.linkedin.com\/company\/radio-ljubuski","https:\/\/www.youtube.com\/channel\/UCHYaeO_n0Db3tjNGudGpXyw"]},{"@type":"Person","@id":"https:\/\/radioljubuski.ba\/#\/schema\/person\/19fc700381a780f69665d7956c469e3b","name":"Radio Ljubu\u0161ki"}]}},"_links":{"self":[{"href":"https:\/\/radioljubuski.ba\/index.php\/wp-json\/wp\/v2\/posts\/129061","targetHints":{"allow":["GET"]}}],"collection":[{"href":"https:\/\/radioljubuski.ba\/index.php\/wp-json\/wp\/v2\/posts"}],"about":[{"href":"https:\/\/radioljubuski.ba\/index.php\/wp-json\/wp\/v2\/types\/post"}],"author":[{"embeddable":true,"href":"https:\/\/radioljubuski.ba\/index.php\/wp-json\/wp\/v2\/users\/2"}],"replies":[{"embeddable":true,"href":"https:\/\/radioljubuski.ba\/index.php\/wp-json\/wp\/v2\/comments?post=129061"}],"version-history":[{"count":1,"href":"https:\/\/radioljubuski.ba\/index.php\/wp-json\/wp\/v2\/posts\/129061\/revisions"}],"predecessor-version":[{"id":129063,"href":"https:\/\/radioljubuski.ba\/index.php\/wp-json\/wp\/v2\/posts\/129061\/revisions\/129063"}],"wp:featuredmedia":[{"embeddable":true,"href":"https:\/\/radioljubuski.ba\/index.php\/wp-json\/wp\/v2\/media\/129062"}],"wp:attachment":[{"href":"https:\/\/radioljubuski.ba\/index.php\/wp-json\/wp\/v2\/media?parent=129061"}],"wp:term":[{"taxonomy":"category","embeddable":true,"href":"https:\/\/radioljubuski.ba\/index.php\/wp-json\/wp\/v2\/categories?post=129061"},{"taxonomy":"post_tag","embeddable":true,"href":"https:\/\/radioljubuski.ba\/index.php\/wp-json\/wp\/v2\/tags?post=129061"}],"curies":[{"name":"wp","href":"https:\/\/api.w.org\/{rel}","templated":true}]}}