{"id":129479,"date":"2022-04-06T09:05:37","date_gmt":"2022-04-06T08:05:37","guid":{"rendered":"https:\/\/radioljubuski.ba\/?p=129479"},"modified":"2022-04-20T13:28:28","modified_gmt":"2022-04-20T12:28:28","slug":"ljubuski-natjecaj-za-najbolju-kratku-pricu-povodom-manifestacije-pricaj-mi-pricu","status":"publish","type":"post","link":"https:\/\/radioljubuski.ba\/index.php\/2022\/04\/06\/ljubuski-natjecaj-za-najbolju-kratku-pricu-povodom-manifestacije-pricaj-mi-pricu\/","title":{"rendered":"Ljubu\u0161ki: Natje\u010daj za najbolju kratku pri\u010du povodom manifestacije \u201cPri\u010daj mi pri\u010du\u201d"},"content":{"rendered":"\n<p>JU \u201cKulturno-\u0161portski centar\u201d Ljubu\u0161ki, u nizu svojih raznovrsnih aktivnosti, raspisuje natje\u010daj za najbolju kratku pri\u010du za u\u010denike osnovnih \u0161kola s podru\u010dja grada Ljubu\u0161kog \u2013 O\u0160 Marka Maruli\u0107a, O\u0160 Ivane Brli\u0107 Ma\u017eurani\u0107 i O\u0160 Tina Ujevi\u0107a.<\/p>\n\n\n\n<p>Tema \u2013 slobodan izbor.<\/p>\n\n\n\n<p>Natje\u010daj ostaje otvoren do petka 2. svibnja 2022. godine, kada \u0107e tro\u010dlano stru\u010dno povjerenstvo, u sastavu tri profesora hrvatskog jezika, izvr\u0161iti selekciju pristiglih radova te odabrati najbolje koje \u0107e biti prezentirane na tradicionalnoj manifestaciji \u201cPri\u010daj mi pri\u010du\u201c.<\/p>\n\n\n\n<p>Datum odr\u017eavanja manifestacije bit \u0107e pravovremeno obznanjen.<\/p>\n\n\n\n<p>\u201eDragi u\u010denici, va\u0161a kratka pri\u010da mo\u017ee biti izmi\u0161ljena ili pak istinita, isje\u010dak iz vlastitog \u017eivota ili pri\u010da koju su vam, primjerice, prepri\u010dali djed ili baka. Svoje kratke pri\u010de dostavite razrednicima ili pak u Knji\u017enicu Ljubu\u0161ki najkasnije do 2. svibnja teku\u0107e godine. Datum odr\u017eavanja manifestacije pravovremeno obznanimo. Autor najbolje kratke pri\u010de bit \u0107e nagra\u0111en vrijednom nagradom.\u201c, istaknuli su organizatori.<\/p>\n","protected":false},"excerpt":{"rendered":"<p>JU \u201cKulturno-\u0161portski centar\u201d Ljubu\u0161ki, u nizu svojih raznovrsnih aktivnosti, raspisuje natje\u010daj za najbolju kratku pri\u010du za u\u010denike osnovnih \u0161kola s podru\u010dja grada Ljubu\u0161kog \u2013 O\u0160 Marka Maruli\u0107a, O\u0160 Ivane Brli\u0107 Ma\u017eurani\u0107 i O\u0160 Tina Ujevi\u0107a. Tema \u2013 slobodan izbor. Natje\u010daj ostaje otvoren do petka 2. svibnja 2022. godine, kada \u0107e tro\u010dlano stru\u010dno povjerenstvo, u sastavu [&hellip;]<\/p>\n","protected":false},"author":2,"featured_media":129480,"comment_status":"closed","ping_status":"closed","sticky":false,"template":"","format":"standard","meta":{"h5ap_radio_sources":[],"footnotes":""},"categories":[3],"tags":[],"class_list":["post-129479","post","type-post","status-publish","format-standard","has-post-thumbnail","hentry","category-ljubuski"],"yoast_head":"<!-- This site is optimized with the Yoast SEO plugin v27.4 - https:\/\/yoast.com\/product\/yoast-seo-wordpress\/ -->\n<title>Ljubu\u0161ki: Natje\u010daj za najbolju kratku pri\u010du povodom manifestacije \u201cPri\u010daj mi pri\u010du\u201d - RADIO LJUBU\u0160KI<\/title>\n<meta name=\"robots\" content=\"index, follow, max-snippet:-1, max-image-preview:large, max-video-preview:-1\" \/>\n<link rel=\"canonical\" href=\"https:\/\/radioljubuski.ba\/index.php\/2022\/04\/06\/ljubuski-natjecaj-za-najbolju-kratku-pricu-povodom-manifestacije-pricaj-mi-pricu\/\" \/>\n<meta property=\"og:locale\" content=\"hr_HR\" \/>\n<meta property=\"og:type\" content=\"article\" \/>\n<meta property=\"og:title\" content=\"Ljubu\u0161ki: Natje\u010daj za najbolju kratku pri\u010du povodom manifestacije \u201cPri\u010daj mi pri\u010du\u201d - RADIO LJUBU\u0160KI\" \/>\n<meta property=\"og:description\" content=\"JU \u201cKulturno-\u0161portski centar\u201d Ljubu\u0161ki, u nizu svojih raznovrsnih aktivnosti, raspisuje natje\u010daj za najbolju kratku pri\u010du za u\u010denike osnovnih \u0161kola s podru\u010dja grada Ljubu\u0161kog \u2013 O\u0160 Marka Maruli\u0107a, O\u0160 Ivane Brli\u0107 Ma\u017eurani\u0107 i O\u0160 Tina Ujevi\u0107a. Tema \u2013 slobodan izbor. Natje\u010daj ostaje otvoren do petka 2. svibnja 2022. godine, kada \u0107e tro\u010dlano stru\u010dno povjerenstvo, u sastavu [&hellip;]\" \/>\n<meta property=\"og:url\" content=\"https:\/\/radioljubuski.ba\/index.php\/2022\/04\/06\/ljubuski-natjecaj-za-najbolju-kratku-pricu-povodom-manifestacije-pricaj-mi-pricu\/\" \/>\n<meta property=\"og:site_name\" content=\"RADIO LJUBU\u0160KI\" \/>\n<meta property=\"article:publisher\" content=\"https:\/\/www.facebook.com\/Radiio-Ljubuski-1490835324566332\" \/>\n<meta property=\"article:published_time\" content=\"2022-04-06T08:05:37+00:00\" \/>\n<meta property=\"article:modified_time\" content=\"2022-04-20T12:28:28+00:00\" \/>\n<meta property=\"og:image\" content=\"https:\/\/radioljubuski.ba\/wp-content\/uploads\/2022\/04\/kratka-prica.jpg\" \/>\n\t<meta property=\"og:image:width\" content=\"600\" \/>\n\t<meta property=\"og:image:height\" content=\"400\" \/>\n\t<meta property=\"og:image:type\" content=\"image\/jpeg\" \/>\n<meta name=\"author\" content=\"Radio Ljubu\u0161ki\" \/>\n<meta name=\"twitter:card\" content=\"summary_large_image\" \/>\n<meta name=\"twitter:creator\" content=\"@radioljubuski\" \/>\n<meta name=\"twitter:site\" content=\"@radioljubuski\" \/>\n<meta name=\"twitter:label1\" content=\"Napisao\/la\" \/>\n\t<meta name=\"twitter:data1\" content=\"Radio Ljubu\u0161ki\" \/>\n\t<meta name=\"twitter:label2\" content=\"Procijenjeno vrijeme \u010ditanja\" \/>\n\t<meta name=\"twitter:data2\" content=\"1 minuta\" \/>\n<script type=\"application\/ld+json\" class=\"yoast-schema-graph\">{\"@context\":\"https:\\\/\\\/schema.org\",\"@graph\":[{\"@type\":\"Article\",\"@id\":\"https:\\\/\\\/radioljubuski.ba\\\/index.php\\\/2022\\\/04\\\/06\\\/ljubuski-natjecaj-za-najbolju-kratku-pricu-povodom-manifestacije-pricaj-mi-pricu\\\/#article\",\"isPartOf\":{\"@id\":\"https:\\\/\\\/radioljubuski.ba\\\/index.php\\\/2022\\\/04\\\/06\\\/ljubuski-natjecaj-za-najbolju-kratku-pricu-povodom-manifestacije-pricaj-mi-pricu\\\/\"},\"author\":{\"name\":\"Radio Ljubu\u0161ki\",\"@id\":\"https:\\\/\\\/radioljubuski.ba\\\/#\\\/schema\\\/person\\\/19fc700381a780f69665d7956c469e3b\"},\"headline\":\"Ljubu\u0161ki: Natje\u010daj za najbolju kratku pri\u010du povodom manifestacije \u201cPri\u010daj mi pri\u010du\u201d\",\"datePublished\":\"2022-04-06T08:05:37+00:00\",\"dateModified\":\"2022-04-20T12:28:28+00:00\",\"mainEntityOfPage\":{\"@id\":\"https:\\\/\\\/radioljubuski.ba\\\/index.php\\\/2022\\\/04\\\/06\\\/ljubuski-natjecaj-za-najbolju-kratku-pricu-povodom-manifestacije-pricaj-mi-pricu\\\/\"},\"wordCount\":184,\"publisher\":{\"@id\":\"https:\\\/\\\/radioljubuski.ba\\\/#organization\"},\"image\":{\"@id\":\"https:\\\/\\\/radioljubuski.ba\\\/index.php\\\/2022\\\/04\\\/06\\\/ljubuski-natjecaj-za-najbolju-kratku-pricu-povodom-manifestacije-pricaj-mi-pricu\\\/#primaryimage\"},\"thumbnailUrl\":\"https:\\\/\\\/radioljubuski.ba\\\/wp-content\\\/uploads\\\/2022\\\/04\\\/kratka-prica.jpg\",\"articleSection\":[\"Ljubu\u0161ki\"],\"inLanguage\":\"hr\"},{\"@type\":\"WebPage\",\"@id\":\"https:\\\/\\\/radioljubuski.ba\\\/index.php\\\/2022\\\/04\\\/06\\\/ljubuski-natjecaj-za-najbolju-kratku-pricu-povodom-manifestacije-pricaj-mi-pricu\\\/\",\"url\":\"https:\\\/\\\/radioljubuski.ba\\\/index.php\\\/2022\\\/04\\\/06\\\/ljubuski-natjecaj-za-najbolju-kratku-pricu-povodom-manifestacije-pricaj-mi-pricu\\\/\",\"name\":\"Ljubu\u0161ki: Natje\u010daj za najbolju kratku pri\u010du povodom manifestacije \u201cPri\u010daj mi pri\u010du\u201d - RADIO LJUBU\u0160KI\",\"isPartOf\":{\"@id\":\"https:\\\/\\\/radioljubuski.ba\\\/#website\"},\"primaryImageOfPage\":{\"@id\":\"https:\\\/\\\/radioljubuski.ba\\\/index.php\\\/2022\\\/04\\\/06\\\/ljubuski-natjecaj-za-najbolju-kratku-pricu-povodom-manifestacije-pricaj-mi-pricu\\\/#primaryimage\"},\"image\":{\"@id\":\"https:\\\/\\\/radioljubuski.ba\\\/index.php\\\/2022\\\/04\\\/06\\\/ljubuski-natjecaj-za-najbolju-kratku-pricu-povodom-manifestacije-pricaj-mi-pricu\\\/#primaryimage\"},\"thumbnailUrl\":\"https:\\\/\\\/radioljubuski.ba\\\/wp-content\\\/uploads\\\/2022\\\/04\\\/kratka-prica.jpg\",\"datePublished\":\"2022-04-06T08:05:37+00:00\",\"dateModified\":\"2022-04-20T12:28:28+00:00\",\"breadcrumb\":{\"@id\":\"https:\\\/\\\/radioljubuski.ba\\\/index.php\\\/2022\\\/04\\\/06\\\/ljubuski-natjecaj-za-najbolju-kratku-pricu-povodom-manifestacije-pricaj-mi-pricu\\\/#breadcrumb\"},\"inLanguage\":\"hr\",\"potentialAction\":[{\"@type\":\"ReadAction\",\"target\":[\"https:\\\/\\\/radioljubuski.ba\\\/index.php\\\/2022\\\/04\\\/06\\\/ljubuski-natjecaj-za-najbolju-kratku-pricu-povodom-manifestacije-pricaj-mi-pricu\\\/\"]}]},{\"@type\":\"ImageObject\",\"inLanguage\":\"hr\",\"@id\":\"https:\\\/\\\/radioljubuski.ba\\\/index.php\\\/2022\\\/04\\\/06\\\/ljubuski-natjecaj-za-najbolju-kratku-pricu-povodom-manifestacije-pricaj-mi-pricu\\\/#primaryimage\",\"url\":\"https:\\\/\\\/radioljubuski.ba\\\/wp-content\\\/uploads\\\/2022\\\/04\\\/kratka-prica.jpg\",\"contentUrl\":\"https:\\\/\\\/radioljubuski.ba\\\/wp-content\\\/uploads\\\/2022\\\/04\\\/kratka-prica.jpg\",\"width\":600,\"height\":400},{\"@type\":\"BreadcrumbList\",\"@id\":\"https:\\\/\\\/radioljubuski.ba\\\/index.php\\\/2022\\\/04\\\/06\\\/ljubuski-natjecaj-za-najbolju-kratku-pricu-povodom-manifestacije-pricaj-mi-pricu\\\/#breadcrumb\",\"itemListElement\":[{\"@type\":\"ListItem\",\"position\":1,\"name\":\"Po\u010detna stranica\",\"item\":\"https:\\\/\\\/radioljubuski.ba\\\/\"},{\"@type\":\"ListItem\",\"position\":2,\"name\":\"Ljubu\u0161ki: Natje\u010daj za najbolju kratku pri\u010du povodom manifestacije \u201cPri\u010daj mi pri\u010du\u201d\"}]},{\"@type\":\"WebSite\",\"@id\":\"https:\\\/\\\/radioljubuski.ba\\\/#website\",\"url\":\"https:\\\/\\\/radioljubuski.ba\\\/\",\"name\":\"Radio Ljubu\u0161ki\",\"description\":\"Sun\u010dana frekvencija Hercegovine\",\"publisher\":{\"@id\":\"https:\\\/\\\/radioljubuski.ba\\\/#organization\"},\"potentialAction\":[{\"@type\":\"SearchAction\",\"target\":{\"@type\":\"EntryPoint\",\"urlTemplate\":\"https:\\\/\\\/radioljubuski.ba\\\/?s={search_term_string}\"},\"query-input\":{\"@type\":\"PropertyValueSpecification\",\"valueRequired\":true,\"valueName\":\"search_term_string\"}}],\"inLanguage\":\"hr\"},{\"@type\":\"Organization\",\"@id\":\"https:\\\/\\\/radioljubuski.ba\\\/#organization\",\"name\":\"Radio Ljubu\u0161ki\",\"url\":\"https:\\\/\\\/radioljubuski.ba\\\/\",\"logo\":{\"@type\":\"ImageObject\",\"inLanguage\":\"hr\",\"@id\":\"https:\\\/\\\/radioljubuski.ba\\\/#\\\/schema\\\/logo\\\/image\\\/\",\"url\":\"https:\\\/\\\/radioljubuski.ba\\\/wp-content\\\/uploads\\\/2021\\\/02\\\/cropped-Radio_Ljubuski_logo1.jpg\",\"contentUrl\":\"https:\\\/\\\/radioljubuski.ba\\\/wp-content\\\/uploads\\\/2021\\\/02\\\/cropped-Radio_Ljubuski_logo1.jpg\",\"width\":512,\"height\":512,\"caption\":\"Radio Ljubu\u0161ki\"},\"image\":{\"@id\":\"https:\\\/\\\/radioljubuski.ba\\\/#\\\/schema\\\/logo\\\/image\\\/\"},\"sameAs\":[\"https:\\\/\\\/www.facebook.com\\\/Radiio-Ljubuski-1490835324566332\",\"https:\\\/\\\/x.com\\\/radioljubuski\",\"https:\\\/\\\/hr.linkedin.com\\\/company\\\/radio-ljubuski\",\"https:\\\/\\\/www.youtube.com\\\/channel\\\/UCHYaeO_n0Db3tjNGudGpXyw\"]},{\"@type\":\"Person\",\"@id\":\"https:\\\/\\\/radioljubuski.ba\\\/#\\\/schema\\\/person\\\/19fc700381a780f69665d7956c469e3b\",\"name\":\"Radio Ljubu\u0161ki\"}]}<\/script>\n<!-- \/ Yoast SEO plugin. -->","yoast_head_json":{"title":"Ljubu\u0161ki: Natje\u010daj za najbolju kratku pri\u010du povodom manifestacije \u201cPri\u010daj mi pri\u010du\u201d - RADIO LJUBU\u0160KI","robots":{"index":"index","follow":"follow","max-snippet":"max-snippet:-1","max-image-preview":"max-image-preview:large","max-video-preview":"max-video-preview:-1"},"canonical":"https:\/\/radioljubuski.ba\/index.php\/2022\/04\/06\/ljubuski-natjecaj-za-najbolju-kratku-pricu-povodom-manifestacije-pricaj-mi-pricu\/","og_locale":"hr_HR","og_type":"article","og_title":"Ljubu\u0161ki: Natje\u010daj za najbolju kratku pri\u010du povodom manifestacije \u201cPri\u010daj mi pri\u010du\u201d - RADIO LJUBU\u0160KI","og_description":"JU \u201cKulturno-\u0161portski centar\u201d Ljubu\u0161ki, u nizu svojih raznovrsnih aktivnosti, raspisuje natje\u010daj za najbolju kratku pri\u010du za u\u010denike osnovnih \u0161kola s podru\u010dja grada Ljubu\u0161kog \u2013 O\u0160 Marka Maruli\u0107a, O\u0160 Ivane Brli\u0107 Ma\u017eurani\u0107 i O\u0160 Tina Ujevi\u0107a. Tema \u2013 slobodan izbor. Natje\u010daj ostaje otvoren do petka 2. svibnja 2022. godine, kada \u0107e tro\u010dlano stru\u010dno povjerenstvo, u sastavu [&hellip;]","og_url":"https:\/\/radioljubuski.ba\/index.php\/2022\/04\/06\/ljubuski-natjecaj-za-najbolju-kratku-pricu-povodom-manifestacije-pricaj-mi-pricu\/","og_site_name":"RADIO LJUBU\u0160KI","article_publisher":"https:\/\/www.facebook.com\/Radiio-Ljubuski-1490835324566332","article_published_time":"2022-04-06T08:05:37+00:00","article_modified_time":"2022-04-20T12:28:28+00:00","og_image":[{"width":600,"height":400,"url":"https:\/\/radioljubuski.ba\/wp-content\/uploads\/2022\/04\/kratka-prica.jpg","type":"image\/jpeg"}],"author":"Radio Ljubu\u0161ki","twitter_card":"summary_large_image","twitter_creator":"@radioljubuski","twitter_site":"@radioljubuski","twitter_misc":{"Napisao\/la":"Radio Ljubu\u0161ki","Procijenjeno vrijeme \u010ditanja":"1 minuta"},"schema":{"@context":"https:\/\/schema.org","@graph":[{"@type":"Article","@id":"https:\/\/radioljubuski.ba\/index.php\/2022\/04\/06\/ljubuski-natjecaj-za-najbolju-kratku-pricu-povodom-manifestacije-pricaj-mi-pricu\/#article","isPartOf":{"@id":"https:\/\/radioljubuski.ba\/index.php\/2022\/04\/06\/ljubuski-natjecaj-za-najbolju-kratku-pricu-povodom-manifestacije-pricaj-mi-pricu\/"},"author":{"name":"Radio Ljubu\u0161ki","@id":"https:\/\/radioljubuski.ba\/#\/schema\/person\/19fc700381a780f69665d7956c469e3b"},"headline":"Ljubu\u0161ki: Natje\u010daj za najbolju kratku pri\u010du povodom manifestacije \u201cPri\u010daj mi pri\u010du\u201d","datePublished":"2022-04-06T08:05:37+00:00","dateModified":"2022-04-20T12:28:28+00:00","mainEntityOfPage":{"@id":"https:\/\/radioljubuski.ba\/index.php\/2022\/04\/06\/ljubuski-natjecaj-za-najbolju-kratku-pricu-povodom-manifestacije-pricaj-mi-pricu\/"},"wordCount":184,"publisher":{"@id":"https:\/\/radioljubuski.ba\/#organization"},"image":{"@id":"https:\/\/radioljubuski.ba\/index.php\/2022\/04\/06\/ljubuski-natjecaj-za-najbolju-kratku-pricu-povodom-manifestacije-pricaj-mi-pricu\/#primaryimage"},"thumbnailUrl":"https:\/\/radioljubuski.ba\/wp-content\/uploads\/2022\/04\/kratka-prica.jpg","articleSection":["Ljubu\u0161ki"],"inLanguage":"hr"},{"@type":"WebPage","@id":"https:\/\/radioljubuski.ba\/index.php\/2022\/04\/06\/ljubuski-natjecaj-za-najbolju-kratku-pricu-povodom-manifestacije-pricaj-mi-pricu\/","url":"https:\/\/radioljubuski.ba\/index.php\/2022\/04\/06\/ljubuski-natjecaj-za-najbolju-kratku-pricu-povodom-manifestacije-pricaj-mi-pricu\/","name":"Ljubu\u0161ki: Natje\u010daj za najbolju kratku pri\u010du povodom manifestacije \u201cPri\u010daj mi pri\u010du\u201d - RADIO LJUBU\u0160KI","isPartOf":{"@id":"https:\/\/radioljubuski.ba\/#website"},"primaryImageOfPage":{"@id":"https:\/\/radioljubuski.ba\/index.php\/2022\/04\/06\/ljubuski-natjecaj-za-najbolju-kratku-pricu-povodom-manifestacije-pricaj-mi-pricu\/#primaryimage"},"image":{"@id":"https:\/\/radioljubuski.ba\/index.php\/2022\/04\/06\/ljubuski-natjecaj-za-najbolju-kratku-pricu-povodom-manifestacije-pricaj-mi-pricu\/#primaryimage"},"thumbnailUrl":"https:\/\/radioljubuski.ba\/wp-content\/uploads\/2022\/04\/kratka-prica.jpg","datePublished":"2022-04-06T08:05:37+00:00","dateModified":"2022-04-20T12:28:28+00:00","breadcrumb":{"@id":"https:\/\/radioljubuski.ba\/index.php\/2022\/04\/06\/ljubuski-natjecaj-za-najbolju-kratku-pricu-povodom-manifestacije-pricaj-mi-pricu\/#breadcrumb"},"inLanguage":"hr","potentialAction":[{"@type":"ReadAction","target":["https:\/\/radioljubuski.ba\/index.php\/2022\/04\/06\/ljubuski-natjecaj-za-najbolju-kratku-pricu-povodom-manifestacije-pricaj-mi-pricu\/"]}]},{"@type":"ImageObject","inLanguage":"hr","@id":"https:\/\/radioljubuski.ba\/index.php\/2022\/04\/06\/ljubuski-natjecaj-za-najbolju-kratku-pricu-povodom-manifestacije-pricaj-mi-pricu\/#primaryimage","url":"https:\/\/radioljubuski.ba\/wp-content\/uploads\/2022\/04\/kratka-prica.jpg","contentUrl":"https:\/\/radioljubuski.ba\/wp-content\/uploads\/2022\/04\/kratka-prica.jpg","width":600,"height":400},{"@type":"BreadcrumbList","@id":"https:\/\/radioljubuski.ba\/index.php\/2022\/04\/06\/ljubuski-natjecaj-za-najbolju-kratku-pricu-povodom-manifestacije-pricaj-mi-pricu\/#breadcrumb","itemListElement":[{"@type":"ListItem","position":1,"name":"Po\u010detna stranica","item":"https:\/\/radioljubuski.ba\/"},{"@type":"ListItem","position":2,"name":"Ljubu\u0161ki: Natje\u010daj za najbolju kratku pri\u010du povodom manifestacije \u201cPri\u010daj mi pri\u010du\u201d"}]},{"@type":"WebSite","@id":"https:\/\/radioljubuski.ba\/#website","url":"https:\/\/radioljubuski.ba\/","name":"Radio Ljubu\u0161ki","description":"Sun\u010dana frekvencija Hercegovine","publisher":{"@id":"https:\/\/radioljubuski.ba\/#organization"},"potentialAction":[{"@type":"SearchAction","target":{"@type":"EntryPoint","urlTemplate":"https:\/\/radioljubuski.ba\/?s={search_term_string}"},"query-input":{"@type":"PropertyValueSpecification","valueRequired":true,"valueName":"search_term_string"}}],"inLanguage":"hr"},{"@type":"Organization","@id":"https:\/\/radioljubuski.ba\/#organization","name":"Radio Ljubu\u0161ki","url":"https:\/\/radioljubuski.ba\/","logo":{"@type":"ImageObject","inLanguage":"hr","@id":"https:\/\/radioljubuski.ba\/#\/schema\/logo\/image\/","url":"https:\/\/radioljubuski.ba\/wp-content\/uploads\/2021\/02\/cropped-Radio_Ljubuski_logo1.jpg","contentUrl":"https:\/\/radioljubuski.ba\/wp-content\/uploads\/2021\/02\/cropped-Radio_Ljubuski_logo1.jpg","width":512,"height":512,"caption":"Radio Ljubu\u0161ki"},"image":{"@id":"https:\/\/radioljubuski.ba\/#\/schema\/logo\/image\/"},"sameAs":["https:\/\/www.facebook.com\/Radiio-Ljubuski-1490835324566332","https:\/\/x.com\/radioljubuski","https:\/\/hr.linkedin.com\/company\/radio-ljubuski","https:\/\/www.youtube.com\/channel\/UCHYaeO_n0Db3tjNGudGpXyw"]},{"@type":"Person","@id":"https:\/\/radioljubuski.ba\/#\/schema\/person\/19fc700381a780f69665d7956c469e3b","name":"Radio Ljubu\u0161ki"}]}},"_links":{"self":[{"href":"https:\/\/radioljubuski.ba\/index.php\/wp-json\/wp\/v2\/posts\/129479","targetHints":{"allow":["GET"]}}],"collection":[{"href":"https:\/\/radioljubuski.ba\/index.php\/wp-json\/wp\/v2\/posts"}],"about":[{"href":"https:\/\/radioljubuski.ba\/index.php\/wp-json\/wp\/v2\/types\/post"}],"author":[{"embeddable":true,"href":"https:\/\/radioljubuski.ba\/index.php\/wp-json\/wp\/v2\/users\/2"}],"replies":[{"embeddable":true,"href":"https:\/\/radioljubuski.ba\/index.php\/wp-json\/wp\/v2\/comments?post=129479"}],"version-history":[{"count":1,"href":"https:\/\/radioljubuski.ba\/index.php\/wp-json\/wp\/v2\/posts\/129479\/revisions"}],"predecessor-version":[{"id":129481,"href":"https:\/\/radioljubuski.ba\/index.php\/wp-json\/wp\/v2\/posts\/129479\/revisions\/129481"}],"wp:featuredmedia":[{"embeddable":true,"href":"https:\/\/radioljubuski.ba\/index.php\/wp-json\/wp\/v2\/media\/129480"}],"wp:attachment":[{"href":"https:\/\/radioljubuski.ba\/index.php\/wp-json\/wp\/v2\/media?parent=129479"}],"wp:term":[{"taxonomy":"category","embeddable":true,"href":"https:\/\/radioljubuski.ba\/index.php\/wp-json\/wp\/v2\/categories?post=129479"},{"taxonomy":"post_tag","embeddable":true,"href":"https:\/\/radioljubuski.ba\/index.php\/wp-json\/wp\/v2\/tags?post=129479"}],"curies":[{"name":"wp","href":"https:\/\/api.w.org\/{rel}","templated":true}]}}