{"id":12982,"date":"2021-04-14T18:43:42","date_gmt":"2021-04-14T17:43:42","guid":{"rendered":"https:\/\/radioljubuski.ba\/?p=12982"},"modified":"2021-04-14T18:43:43","modified_gmt":"2021-04-14T17:43:43","slug":"grlic-radman-hrvatska-spremna-pomoci-bih-na-euroatlanskom-putu","status":"publish","type":"post","link":"https:\/\/radioljubuski.ba\/index.php\/2021\/04\/14\/grlic-radman-hrvatska-spremna-pomoci-bih-na-euroatlanskom-putu\/","title":{"rendered":"Grli\u0107 Radman: Hrvatska spremna pomo\u0107i BiH na euroatlanskom putu"},"content":{"rendered":"\n<p>Bosna i Hercegovina naslonjena je na Hrvatsku i njen euroatlantski put tako\u0111er ide preko Hrvatske, koja je iskreni zagovaratelj tih aspiracija i nastojanja BiH te joj je u tome spremna pomo\u0107i, kazao je u srijedu u Sarajevu hrvatski ministar vanjskih poslova Gordan Grli\u0107 Radman.<\/p>\n\n\n\n<p>\u0160ef hrvatske diplomacije boravi u dvodnevnom slu\u017ebenom posetu BiH, a po dolasku u Sarajevo sastao se s glavnom tajnicom Vije\u0107a za regionalnu suradnju (RCC) Majlindom Bregu te potom odvojeno s poglavarom Islamske zajednice u BiH Huseinom Kavazovi\u0107em i vrhbosanskim nadbiskupom kardinalom Vinko Pulji\u0107em.<\/p>\n\n\n\n<p>Nakon toga novinarima je kazao kako je svima prenio poruku da je Hrvatska bila i ostala prijatelj BiH, spremna pomo\u0107i na svaki na\u010din da se o\u010duva stabilnost te zemlje i ubrza njeno pribli\u017eavanje euroatlantskim integracijama.<\/p>\n\n\n\n<p>&#8220;Hrvatska sna\u017eno podr\u017eava cjelovitost BiH i jednakopravnost njena tri konstitutivna naroda i \u017eelju da se svi gra\u0111ani u njoj dobro osje\u0107aju&#8221;, kazao je Grli\u0107 Radman.<\/p>\n\n\n\n<p>Potvrdio je pred kardinalom Pulji\u0107em kako \u0107e uz potporu BiH kao dr\u017eavi Hrvatska nastaviti posebno pomagati Hrvate u BiH, kao i Crkvu odnosno njen pastoralni rad.<\/p>\n\n\n\n<p>Podsjetio je kako je u vrhbosanskoj nadbiskupiji, koja ima stotinjak \u017eupa, njih 30-ak s manje od 300 vjernika, \u0161to je znak lo\u0161e demografske situacije u zemlji pa je tim prije va\u017eno da Hrvatska svojim sredstvima, ali i preko europskih fondova, pomogne kako bi se osigurali uvjeti za ostanak mladih u BiH.<\/p>\n\n\n\n<p>Za kardinala Pulji\u0107a je kazao kako je on va\u017ean sugovornik jer se uvijek zauzimao za pomirenje i gradio mostove prema svim narodima, a istaknuo je i kako mu je poglavar Islamske zajednice u BiH Husein Kavazovi\u0107 potvrdio da s vrhbosanskim nadbiskupom dobro sura\u0111uje.<\/p>\n\n\n\n<p>&#8220;Njihovo uzajamno po\u0161tovanje jako je dobar znak i signal&#8221;, kazao je Grli\u0107 Radman dodaju\u0107i kako je suradnja lidera vjerskih zajednica najbolji na\u010din uklanjanja nepovjerenja i stvaranja ja\u010dih veza me\u0111u narodima.<\/p>\n\n\n\n<p>&#8220;\u0160to vi\u0161e susreta, to manje nesporazuma, \u0161to vi\u0161e sastanaka, vi\u0161e je dogovora, jer smo upu\u0107eni jedni na druge&#8221;, kazao je Grli\u0107 Radman.<\/p>\n\n\n\n<p>Kardinal Pulji\u0107 je kazao kako posjet \u0161efa hrvatske diplomacije smatra va\u017enim jer to otvara put dijaloga kako bi se rije\u0161ila otvorena pitanja i &#8220;neugodne situacije&#8221;.<\/p>\n\n\n\n<p>&#8220;Uvjeren sam da \u0107e osobni susreti doprinijeti da se stvori zdravija klima suradnje&#8221;, kazao je kardinal Pulji\u0107.<\/p>\n\n\n\n<p>Dodao je da su, htjeli to neki ili ne, BiH i Hrvatska kao dr\u017eave upu\u0107ene jedna na drugu, a posebice Hrvati i katolici puno ovise i materijalno i politi\u010dki o potpori Hrvatske, koja je bila supotpisnica Daytonskog sporazuma.<\/p>\n\n\n\n<p>&#8220;A taj sporazum nikako provesti. Nate\u017eu ga kao \u017evaka\u0107u gumu i zato se nadam da \u0107e se stvoriti struktura normalne dr\u017eave u kojoj \u0107e biti jednaka prava za sve narode&#8221;, kazao je vrhbosanski nadbiskup zahvaliv\u0161i na potpori koju Hrvatska daje za projekte u BiH i bez koje bi, kako tvrdi, Hrvati te\u0161ko opstali u toj zemlji.<\/p>\n\n\n\n<p>Ministar Grli\u0107 Radman u srijedu \u0107e se sastati i s ministricom vanjskih poslova BiH Biserom Turkovi\u0107 te s visokim predstavnikom me\u0111unarodne zajednice Valentinom Inzkom, dok su za \u010detvrtak najavljeni njegovi susreti s du\u017enosnicima Vije\u0107a ministara i parlamenta BiH.<\/p>\n\n\n\n<p>Izvor:pogled.ba<\/p>\n","protected":false},"excerpt":{"rendered":"<p>Bosna i Hercegovina naslonjena je na Hrvatsku i njen euroatlantski put tako\u0111er ide preko Hrvatske, koja je iskreni zagovaratelj tih aspiracija i nastojanja BiH te joj je u tome spremna pomo\u0107i, kazao je u srijedu u Sarajevu hrvatski ministar vanjskih poslova Gordan Grli\u0107 Radman. \u0160ef hrvatske diplomacije boravi u dvodnevnom slu\u017ebenom posetu BiH, a po [&hellip;]<\/p>\n","protected":false},"author":2,"featured_media":561,"comment_status":"closed","ping_status":"closed","sticky":false,"template":"","format":"standard","meta":{"h5ap_radio_sources":[],"footnotes":""},"categories":[1],"tags":[],"class_list":["post-12982","post","type-post","status-publish","format-standard","has-post-thumbnail","hentry","category-bihiregija"],"yoast_head":"<!-- This site is optimized with the Yoast SEO plugin v27.5 - https:\/\/yoast.com\/product\/yoast-seo-wordpress\/ -->\n<title>Grli\u0107 Radman: Hrvatska spremna pomo\u0107i BiH na euroatlanskom putu - RADIO LJUBU\u0160KI<\/title>\n<meta name=\"robots\" content=\"index, follow, max-snippet:-1, max-image-preview:large, max-video-preview:-1\" \/>\n<link rel=\"canonical\" href=\"https:\/\/radioljubuski.ba\/index.php\/2021\/04\/14\/grlic-radman-hrvatska-spremna-pomoci-bih-na-euroatlanskom-putu\/\" \/>\n<meta property=\"og:locale\" content=\"hr_HR\" \/>\n<meta property=\"og:type\" content=\"article\" \/>\n<meta property=\"og:title\" content=\"Grli\u0107 Radman: Hrvatska spremna pomo\u0107i BiH na euroatlanskom putu - RADIO LJUBU\u0160KI\" \/>\n<meta property=\"og:description\" content=\"Bosna i Hercegovina naslonjena je na Hrvatsku i njen euroatlantski put tako\u0111er ide preko Hrvatske, koja je iskreni zagovaratelj tih aspiracija i nastojanja BiH te joj je u tome spremna pomo\u0107i, kazao je u srijedu u Sarajevu hrvatski ministar vanjskih poslova Gordan Grli\u0107 Radman. \u0160ef hrvatske diplomacije boravi u dvodnevnom slu\u017ebenom posetu BiH, a po [&hellip;]\" \/>\n<meta property=\"og:url\" content=\"https:\/\/radioljubuski.ba\/index.php\/2021\/04\/14\/grlic-radman-hrvatska-spremna-pomoci-bih-na-euroatlanskom-putu\/\" \/>\n<meta property=\"og:site_name\" content=\"RADIO LJUBU\u0160KI\" \/>\n<meta property=\"article:publisher\" content=\"https:\/\/www.facebook.com\/Radiio-Ljubuski-1490835324566332\" \/>\n<meta property=\"article:published_time\" content=\"2021-04-14T17:43:42+00:00\" \/>\n<meta property=\"article:modified_time\" content=\"2021-04-14T17:43:43+00:00\" \/>\n<meta property=\"og:image\" content=\"https:\/\/radioljubuski.ba\/wp-content\/uploads\/2021\/03\/gordan-grlic-radman-810x527-1-e1578082890846.jpg\" \/>\n\t<meta property=\"og:image:width\" content=\"771\" \/>\n\t<meta property=\"og:image:height\" content=\"477\" \/>\n\t<meta property=\"og:image:type\" content=\"image\/jpeg\" \/>\n<meta name=\"author\" content=\"Radio Ljubu\u0161ki\" \/>\n<meta name=\"twitter:card\" content=\"summary_large_image\" \/>\n<meta name=\"twitter:creator\" content=\"@radioljubuski\" \/>\n<meta name=\"twitter:site\" content=\"@radioljubuski\" \/>\n<meta name=\"twitter:label1\" content=\"Napisao\/la\" \/>\n\t<meta name=\"twitter:data1\" content=\"Radio Ljubu\u0161ki\" \/>\n\t<meta name=\"twitter:label2\" content=\"Procijenjeno vrijeme \u010ditanja\" \/>\n\t<meta name=\"twitter:data2\" content=\"3 minute\" \/>\n<script type=\"application\/ld+json\" class=\"yoast-schema-graph\">{\"@context\":\"https:\\\/\\\/schema.org\",\"@graph\":[{\"@type\":\"Article\",\"@id\":\"https:\\\/\\\/radioljubuski.ba\\\/index.php\\\/2021\\\/04\\\/14\\\/grlic-radman-hrvatska-spremna-pomoci-bih-na-euroatlanskom-putu\\\/#article\",\"isPartOf\":{\"@id\":\"https:\\\/\\\/radioljubuski.ba\\\/index.php\\\/2021\\\/04\\\/14\\\/grlic-radman-hrvatska-spremna-pomoci-bih-na-euroatlanskom-putu\\\/\"},\"author\":{\"name\":\"Radio Ljubu\u0161ki\",\"@id\":\"https:\\\/\\\/radioljubuski.ba\\\/#\\\/schema\\\/person\\\/19fc700381a780f69665d7956c469e3b\"},\"headline\":\"Grli\u0107 Radman: Hrvatska spremna pomo\u0107i BiH na euroatlanskom putu\",\"datePublished\":\"2021-04-14T17:43:42+00:00\",\"dateModified\":\"2021-04-14T17:43:43+00:00\",\"mainEntityOfPage\":{\"@id\":\"https:\\\/\\\/radioljubuski.ba\\\/index.php\\\/2021\\\/04\\\/14\\\/grlic-radman-hrvatska-spremna-pomoci-bih-na-euroatlanskom-putu\\\/\"},\"wordCount\":548,\"publisher\":{\"@id\":\"https:\\\/\\\/radioljubuski.ba\\\/#organization\"},\"image\":{\"@id\":\"https:\\\/\\\/radioljubuski.ba\\\/index.php\\\/2021\\\/04\\\/14\\\/grlic-radman-hrvatska-spremna-pomoci-bih-na-euroatlanskom-putu\\\/#primaryimage\"},\"thumbnailUrl\":\"https:\\\/\\\/radioljubuski.ba\\\/wp-content\\\/uploads\\\/2021\\\/03\\\/gordan-grlic-radman-810x527-1-e1578082890846.jpg\",\"articleSection\":[\"BIH i regija\"],\"inLanguage\":\"hr\"},{\"@type\":\"WebPage\",\"@id\":\"https:\\\/\\\/radioljubuski.ba\\\/index.php\\\/2021\\\/04\\\/14\\\/grlic-radman-hrvatska-spremna-pomoci-bih-na-euroatlanskom-putu\\\/\",\"url\":\"https:\\\/\\\/radioljubuski.ba\\\/index.php\\\/2021\\\/04\\\/14\\\/grlic-radman-hrvatska-spremna-pomoci-bih-na-euroatlanskom-putu\\\/\",\"name\":\"Grli\u0107 Radman: Hrvatska spremna pomo\u0107i BiH na euroatlanskom putu - RADIO LJUBU\u0160KI\",\"isPartOf\":{\"@id\":\"https:\\\/\\\/radioljubuski.ba\\\/#website\"},\"primaryImageOfPage\":{\"@id\":\"https:\\\/\\\/radioljubuski.ba\\\/index.php\\\/2021\\\/04\\\/14\\\/grlic-radman-hrvatska-spremna-pomoci-bih-na-euroatlanskom-putu\\\/#primaryimage\"},\"image\":{\"@id\":\"https:\\\/\\\/radioljubuski.ba\\\/index.php\\\/2021\\\/04\\\/14\\\/grlic-radman-hrvatska-spremna-pomoci-bih-na-euroatlanskom-putu\\\/#primaryimage\"},\"thumbnailUrl\":\"https:\\\/\\\/radioljubuski.ba\\\/wp-content\\\/uploads\\\/2021\\\/03\\\/gordan-grlic-radman-810x527-1-e1578082890846.jpg\",\"datePublished\":\"2021-04-14T17:43:42+00:00\",\"dateModified\":\"2021-04-14T17:43:43+00:00\",\"breadcrumb\":{\"@id\":\"https:\\\/\\\/radioljubuski.ba\\\/index.php\\\/2021\\\/04\\\/14\\\/grlic-radman-hrvatska-spremna-pomoci-bih-na-euroatlanskom-putu\\\/#breadcrumb\"},\"inLanguage\":\"hr\",\"potentialAction\":[{\"@type\":\"ReadAction\",\"target\":[\"https:\\\/\\\/radioljubuski.ba\\\/index.php\\\/2021\\\/04\\\/14\\\/grlic-radman-hrvatska-spremna-pomoci-bih-na-euroatlanskom-putu\\\/\"]}]},{\"@type\":\"ImageObject\",\"inLanguage\":\"hr\",\"@id\":\"https:\\\/\\\/radioljubuski.ba\\\/index.php\\\/2021\\\/04\\\/14\\\/grlic-radman-hrvatska-spremna-pomoci-bih-na-euroatlanskom-putu\\\/#primaryimage\",\"url\":\"https:\\\/\\\/radioljubuski.ba\\\/wp-content\\\/uploads\\\/2021\\\/03\\\/gordan-grlic-radman-810x527-1-e1578082890846.jpg\",\"contentUrl\":\"https:\\\/\\\/radioljubuski.ba\\\/wp-content\\\/uploads\\\/2021\\\/03\\\/gordan-grlic-radman-810x527-1-e1578082890846.jpg\",\"width\":771,\"height\":477},{\"@type\":\"BreadcrumbList\",\"@id\":\"https:\\\/\\\/radioljubuski.ba\\\/index.php\\\/2021\\\/04\\\/14\\\/grlic-radman-hrvatska-spremna-pomoci-bih-na-euroatlanskom-putu\\\/#breadcrumb\",\"itemListElement\":[{\"@type\":\"ListItem\",\"position\":1,\"name\":\"Po\u010detna stranica\",\"item\":\"https:\\\/\\\/radioljubuski.ba\\\/\"},{\"@type\":\"ListItem\",\"position\":2,\"name\":\"Grli\u0107 Radman: Hrvatska spremna pomo\u0107i BiH na euroatlanskom putu\"}]},{\"@type\":\"WebSite\",\"@id\":\"https:\\\/\\\/radioljubuski.ba\\\/#website\",\"url\":\"https:\\\/\\\/radioljubuski.ba\\\/\",\"name\":\"Radio Ljubu\u0161ki\",\"description\":\"Sun\u010dana frekvencija Hercegovine\",\"publisher\":{\"@id\":\"https:\\\/\\\/radioljubuski.ba\\\/#organization\"},\"potentialAction\":[{\"@type\":\"SearchAction\",\"target\":{\"@type\":\"EntryPoint\",\"urlTemplate\":\"https:\\\/\\\/radioljubuski.ba\\\/?s={search_term_string}\"},\"query-input\":{\"@type\":\"PropertyValueSpecification\",\"valueRequired\":true,\"valueName\":\"search_term_string\"}}],\"inLanguage\":\"hr\"},{\"@type\":\"Organization\",\"@id\":\"https:\\\/\\\/radioljubuski.ba\\\/#organization\",\"name\":\"Radio Ljubu\u0161ki\",\"url\":\"https:\\\/\\\/radioljubuski.ba\\\/\",\"logo\":{\"@type\":\"ImageObject\",\"inLanguage\":\"hr\",\"@id\":\"https:\\\/\\\/radioljubuski.ba\\\/#\\\/schema\\\/logo\\\/image\\\/\",\"url\":\"https:\\\/\\\/radioljubuski.ba\\\/wp-content\\\/uploads\\\/2021\\\/02\\\/cropped-Radio_Ljubuski_logo1.jpg\",\"contentUrl\":\"https:\\\/\\\/radioljubuski.ba\\\/wp-content\\\/uploads\\\/2021\\\/02\\\/cropped-Radio_Ljubuski_logo1.jpg\",\"width\":512,\"height\":512,\"caption\":\"Radio Ljubu\u0161ki\"},\"image\":{\"@id\":\"https:\\\/\\\/radioljubuski.ba\\\/#\\\/schema\\\/logo\\\/image\\\/\"},\"sameAs\":[\"https:\\\/\\\/www.facebook.com\\\/Radiio-Ljubuski-1490835324566332\",\"https:\\\/\\\/x.com\\\/radioljubuski\",\"https:\\\/\\\/hr.linkedin.com\\\/company\\\/radio-ljubuski\",\"https:\\\/\\\/www.youtube.com\\\/channel\\\/UCHYaeO_n0Db3tjNGudGpXyw\"]},{\"@type\":\"Person\",\"@id\":\"https:\\\/\\\/radioljubuski.ba\\\/#\\\/schema\\\/person\\\/19fc700381a780f69665d7956c469e3b\",\"name\":\"Radio Ljubu\u0161ki\"}]}<\/script>\n<!-- \/ Yoast SEO plugin. -->","yoast_head_json":{"title":"Grli\u0107 Radman: Hrvatska spremna pomo\u0107i BiH na euroatlanskom putu - RADIO LJUBU\u0160KI","robots":{"index":"index","follow":"follow","max-snippet":"max-snippet:-1","max-image-preview":"max-image-preview:large","max-video-preview":"max-video-preview:-1"},"canonical":"https:\/\/radioljubuski.ba\/index.php\/2021\/04\/14\/grlic-radman-hrvatska-spremna-pomoci-bih-na-euroatlanskom-putu\/","og_locale":"hr_HR","og_type":"article","og_title":"Grli\u0107 Radman: Hrvatska spremna pomo\u0107i BiH na euroatlanskom putu - RADIO LJUBU\u0160KI","og_description":"Bosna i Hercegovina naslonjena je na Hrvatsku i njen euroatlantski put tako\u0111er ide preko Hrvatske, koja je iskreni zagovaratelj tih aspiracija i nastojanja BiH te joj je u tome spremna pomo\u0107i, kazao je u srijedu u Sarajevu hrvatski ministar vanjskih poslova Gordan Grli\u0107 Radman. \u0160ef hrvatske diplomacije boravi u dvodnevnom slu\u017ebenom posetu BiH, a po [&hellip;]","og_url":"https:\/\/radioljubuski.ba\/index.php\/2021\/04\/14\/grlic-radman-hrvatska-spremna-pomoci-bih-na-euroatlanskom-putu\/","og_site_name":"RADIO LJUBU\u0160KI","article_publisher":"https:\/\/www.facebook.com\/Radiio-Ljubuski-1490835324566332","article_published_time":"2021-04-14T17:43:42+00:00","article_modified_time":"2021-04-14T17:43:43+00:00","og_image":[{"width":771,"height":477,"url":"https:\/\/radioljubuski.ba\/wp-content\/uploads\/2021\/03\/gordan-grlic-radman-810x527-1-e1578082890846.jpg","type":"image\/jpeg"}],"author":"Radio Ljubu\u0161ki","twitter_card":"summary_large_image","twitter_creator":"@radioljubuski","twitter_site":"@radioljubuski","twitter_misc":{"Napisao\/la":"Radio Ljubu\u0161ki","Procijenjeno vrijeme \u010ditanja":"3 minute"},"schema":{"@context":"https:\/\/schema.org","@graph":[{"@type":"Article","@id":"https:\/\/radioljubuski.ba\/index.php\/2021\/04\/14\/grlic-radman-hrvatska-spremna-pomoci-bih-na-euroatlanskom-putu\/#article","isPartOf":{"@id":"https:\/\/radioljubuski.ba\/index.php\/2021\/04\/14\/grlic-radman-hrvatska-spremna-pomoci-bih-na-euroatlanskom-putu\/"},"author":{"name":"Radio Ljubu\u0161ki","@id":"https:\/\/radioljubuski.ba\/#\/schema\/person\/19fc700381a780f69665d7956c469e3b"},"headline":"Grli\u0107 Radman: Hrvatska spremna pomo\u0107i BiH na euroatlanskom putu","datePublished":"2021-04-14T17:43:42+00:00","dateModified":"2021-04-14T17:43:43+00:00","mainEntityOfPage":{"@id":"https:\/\/radioljubuski.ba\/index.php\/2021\/04\/14\/grlic-radman-hrvatska-spremna-pomoci-bih-na-euroatlanskom-putu\/"},"wordCount":548,"publisher":{"@id":"https:\/\/radioljubuski.ba\/#organization"},"image":{"@id":"https:\/\/radioljubuski.ba\/index.php\/2021\/04\/14\/grlic-radman-hrvatska-spremna-pomoci-bih-na-euroatlanskom-putu\/#primaryimage"},"thumbnailUrl":"https:\/\/radioljubuski.ba\/wp-content\/uploads\/2021\/03\/gordan-grlic-radman-810x527-1-e1578082890846.jpg","articleSection":["BIH i regija"],"inLanguage":"hr"},{"@type":"WebPage","@id":"https:\/\/radioljubuski.ba\/index.php\/2021\/04\/14\/grlic-radman-hrvatska-spremna-pomoci-bih-na-euroatlanskom-putu\/","url":"https:\/\/radioljubuski.ba\/index.php\/2021\/04\/14\/grlic-radman-hrvatska-spremna-pomoci-bih-na-euroatlanskom-putu\/","name":"Grli\u0107 Radman: Hrvatska spremna pomo\u0107i BiH na euroatlanskom putu - RADIO LJUBU\u0160KI","isPartOf":{"@id":"https:\/\/radioljubuski.ba\/#website"},"primaryImageOfPage":{"@id":"https:\/\/radioljubuski.ba\/index.php\/2021\/04\/14\/grlic-radman-hrvatska-spremna-pomoci-bih-na-euroatlanskom-putu\/#primaryimage"},"image":{"@id":"https:\/\/radioljubuski.ba\/index.php\/2021\/04\/14\/grlic-radman-hrvatska-spremna-pomoci-bih-na-euroatlanskom-putu\/#primaryimage"},"thumbnailUrl":"https:\/\/radioljubuski.ba\/wp-content\/uploads\/2021\/03\/gordan-grlic-radman-810x527-1-e1578082890846.jpg","datePublished":"2021-04-14T17:43:42+00:00","dateModified":"2021-04-14T17:43:43+00:00","breadcrumb":{"@id":"https:\/\/radioljubuski.ba\/index.php\/2021\/04\/14\/grlic-radman-hrvatska-spremna-pomoci-bih-na-euroatlanskom-putu\/#breadcrumb"},"inLanguage":"hr","potentialAction":[{"@type":"ReadAction","target":["https:\/\/radioljubuski.ba\/index.php\/2021\/04\/14\/grlic-radman-hrvatska-spremna-pomoci-bih-na-euroatlanskom-putu\/"]}]},{"@type":"ImageObject","inLanguage":"hr","@id":"https:\/\/radioljubuski.ba\/index.php\/2021\/04\/14\/grlic-radman-hrvatska-spremna-pomoci-bih-na-euroatlanskom-putu\/#primaryimage","url":"https:\/\/radioljubuski.ba\/wp-content\/uploads\/2021\/03\/gordan-grlic-radman-810x527-1-e1578082890846.jpg","contentUrl":"https:\/\/radioljubuski.ba\/wp-content\/uploads\/2021\/03\/gordan-grlic-radman-810x527-1-e1578082890846.jpg","width":771,"height":477},{"@type":"BreadcrumbList","@id":"https:\/\/radioljubuski.ba\/index.php\/2021\/04\/14\/grlic-radman-hrvatska-spremna-pomoci-bih-na-euroatlanskom-putu\/#breadcrumb","itemListElement":[{"@type":"ListItem","position":1,"name":"Po\u010detna stranica","item":"https:\/\/radioljubuski.ba\/"},{"@type":"ListItem","position":2,"name":"Grli\u0107 Radman: Hrvatska spremna pomo\u0107i BiH na euroatlanskom putu"}]},{"@type":"WebSite","@id":"https:\/\/radioljubuski.ba\/#website","url":"https:\/\/radioljubuski.ba\/","name":"Radio Ljubu\u0161ki","description":"Sun\u010dana frekvencija Hercegovine","publisher":{"@id":"https:\/\/radioljubuski.ba\/#organization"},"potentialAction":[{"@type":"SearchAction","target":{"@type":"EntryPoint","urlTemplate":"https:\/\/radioljubuski.ba\/?s={search_term_string}"},"query-input":{"@type":"PropertyValueSpecification","valueRequired":true,"valueName":"search_term_string"}}],"inLanguage":"hr"},{"@type":"Organization","@id":"https:\/\/radioljubuski.ba\/#organization","name":"Radio Ljubu\u0161ki","url":"https:\/\/radioljubuski.ba\/","logo":{"@type":"ImageObject","inLanguage":"hr","@id":"https:\/\/radioljubuski.ba\/#\/schema\/logo\/image\/","url":"https:\/\/radioljubuski.ba\/wp-content\/uploads\/2021\/02\/cropped-Radio_Ljubuski_logo1.jpg","contentUrl":"https:\/\/radioljubuski.ba\/wp-content\/uploads\/2021\/02\/cropped-Radio_Ljubuski_logo1.jpg","width":512,"height":512,"caption":"Radio Ljubu\u0161ki"},"image":{"@id":"https:\/\/radioljubuski.ba\/#\/schema\/logo\/image\/"},"sameAs":["https:\/\/www.facebook.com\/Radiio-Ljubuski-1490835324566332","https:\/\/x.com\/radioljubuski","https:\/\/hr.linkedin.com\/company\/radio-ljubuski","https:\/\/www.youtube.com\/channel\/UCHYaeO_n0Db3tjNGudGpXyw"]},{"@type":"Person","@id":"https:\/\/radioljubuski.ba\/#\/schema\/person\/19fc700381a780f69665d7956c469e3b","name":"Radio Ljubu\u0161ki"}]}},"_links":{"self":[{"href":"https:\/\/radioljubuski.ba\/index.php\/wp-json\/wp\/v2\/posts\/12982","targetHints":{"allow":["GET"]}}],"collection":[{"href":"https:\/\/radioljubuski.ba\/index.php\/wp-json\/wp\/v2\/posts"}],"about":[{"href":"https:\/\/radioljubuski.ba\/index.php\/wp-json\/wp\/v2\/types\/post"}],"author":[{"embeddable":true,"href":"https:\/\/radioljubuski.ba\/index.php\/wp-json\/wp\/v2\/users\/2"}],"replies":[{"embeddable":true,"href":"https:\/\/radioljubuski.ba\/index.php\/wp-json\/wp\/v2\/comments?post=12982"}],"version-history":[{"count":1,"href":"https:\/\/radioljubuski.ba\/index.php\/wp-json\/wp\/v2\/posts\/12982\/revisions"}],"predecessor-version":[{"id":12983,"href":"https:\/\/radioljubuski.ba\/index.php\/wp-json\/wp\/v2\/posts\/12982\/revisions\/12983"}],"wp:featuredmedia":[{"embeddable":true,"href":"https:\/\/radioljubuski.ba\/index.php\/wp-json\/wp\/v2\/media\/561"}],"wp:attachment":[{"href":"https:\/\/radioljubuski.ba\/index.php\/wp-json\/wp\/v2\/media?parent=12982"}],"wp:term":[{"taxonomy":"category","embeddable":true,"href":"https:\/\/radioljubuski.ba\/index.php\/wp-json\/wp\/v2\/categories?post=12982"},{"taxonomy":"post_tag","embeddable":true,"href":"https:\/\/radioljubuski.ba\/index.php\/wp-json\/wp\/v2\/tags?post=12982"}],"curies":[{"name":"wp","href":"https:\/\/api.w.org\/{rel}","templated":true}]}}