{"id":129955,"date":"2022-04-07T09:55:37","date_gmt":"2022-04-07T08:55:37","guid":{"rendered":"https:\/\/radioljubuski.ba\/?p=129955"},"modified":"2022-04-08T14:32:21","modified_gmt":"2022-04-08T13:32:21","slug":"dr-ivan-landeka-o-projektu-imphact","status":"publish","type":"post","link":"https:\/\/radioljubuski.ba\/index.php\/2022\/04\/07\/dr-ivan-landeka-o-projektu-imphact\/","title":{"rendered":"Dr. Ivan Landeka o projektu IMPHACT &#8211; audio"},"content":{"rendered":"\n<p>Ve\u0107 drugu godinu zaredom Dom zdravlja Ljubu\u0161ki sudjeluje u projektu IMPHACT koji za cilj ima pobolj\u0161anje kvalitete i dostupnosti&nbsp; palijativne zdravstvene njege u prekograni\u010dnim podru\u010djima.<\/p>\n\n\n\n<p>Tim povodom u programu Radija Ljubu\u0161ki ugostili smo ravnatelja Doma zdravlja dr. Ivana Landeku koji je pojasnio kako su, unato\u010d pandemiji COVID-a 19 uspjeli zavr\u0161iti ve\u0107inu projektnih aktivnosti na vrijeme, a krajem ovog tjedna pripremaju i radionice na kojima \u0107e renomirani stru\u010dnjaci Veljko \u0110or\u0111evi\u0107 i Marijana Bra\u0161 prezentirati suvremene spoznaje u palijativnoj medicini.<\/p>\n\n\n\n<p>\u201eUz nas u projektu sudjeluju Dom zdravlja Metkovi\u0107 kao vode\u0107i partner, te domovi zdravlja Podgorica i Zenica\u201c, objasnio je Landeka.<\/p>\n\n\n\n<p>Detaljnije o projektu i predstoje\u0107im aktivnostima poslu\u0161ajte u audiozapisu<\/p>\n\n\n\n<iframe src=\"https:\/\/drive.google.com\/file\/d\/1HvAUgNd6hSXwfV5vFGAEWxZLQ2FtW_lH\/preview\" style=\"width: 100%; height: 100px;\"><\/iframe>\n\n\n\n<p><strong>O PROJEKTU<\/strong><\/p>\n\n\n\n<p><strong>Naziv projekta \/ akronim<\/strong>: Pobolj\u0161anje kvalitete i dostupnosti&nbsp; palijativne zdravstvene njege u prekograni\u010dnim podru\u010djima \/ IMPHACT<\/p>\n\n\n\n<p><strong>Vode\u0107i partner \/ projektni partneri:&nbsp;<\/strong>Dom zdravlja Metkovi\u0107 \/ Dom zdravlja Ljubu\u0161ki, Javna zdravstvena ustanova Dom zdravlja Podgorica i Javna ustanova Dom zdravlja Zenica<\/p>\n\n\n\n<blockquote class=\"wp-block-quote is-layout-flow wp-block-quote-is-layout-flow\"><p>Kako bi se uspje\u0161no pobolj\u0161ala usluga palijativne njege u regiji projektne partnere \u010dine \u010detiri doma zdravlja: Dom zdravlja Metkovi\u0107, Dom zdravlja Ljubu\u0161ki, Javna zdravstvena ustanova Dom zdravlja Podgorica i Dom zdravlja Zenica. <\/p><p>Sve \u010detiri institucije imaju bogato iskustvo u pru\u017eanju usluga primarne zdravstvene za\u0161tite. Uz navedeno Dom zdravlja Ljubu\u0161ki jedna je od rijetkih institucija u regiji koja posjeduje hospicij te bogato iskustvo u pru\u017eanju usluge palijativne njege. <\/p><p>Dom zdravlja Ljubu\u0161ki i Dom zdravlja Metkovi\u0107 koriste znanje ste\u010deno projektom Q-Access kako bi pomogli Dom zdravlja Podgorica i Dom zdravlja Zenica u uspostavljanju usluge palijativne njege.<\/p><p>Vode\u0107i partner Dom zdravlja Metkovi\u0107 koordinira implementacijom projekta, no svi projektni partneri zajedni\u010dki rade na provedbi projektnih aktivnosti.<\/p><p>Dom zdravlja Metkovi\u0107, kao vode\u0107i partner, zadu\u017een je za koordinaciju odnosno upravljanje cijelim projektom. Dom zdravlja Metkovi\u0107 zadu\u017een je za organizaciju projektnih sastanaka, projektni management, komunikaciju s partnerima i programskim tijelima, organizaciju edukativnih radionica, prikupljanje podataka i materijala za e-platformu, sudjelovanje u razvoju zajedni\u010dke procedure za palijativnu skrb te nabavu opreme koja \u0107e omogu\u0107iti pobolj\u0161anje usluge.<\/p><p>Dom zdravlja Ljubu\u0161ki, kao projektni partner, sudjeluje u implementaciji sljede\u0107ih projektnih aktivnosti: organizacija edukativnih radionica za palijativnu njegu, sudjelovanje u izradi zajedni\u010dke procedure za palijativnu skrb, sudjelovanje u studijskim putovanjima u ustanovama za palijativnu skrb iz Europe, prikupljanje podataka i materijala za e-platformu te nabavka opreme za pobolj\u0161anje kvalitete palijativne njege u Hospiciju.<\/p><p>Partner JZU Dom zdravlja Podgorica zadu\u017een je za komunikacijske aktivnosti na projektu, odnosno za pisanje \u010dlanaka, informativnih letaka, izradu promotivnih materijala, dru\u0161tvene mre\u017ee i e-platformu. Osim toga, partner organizira edukativne radionice, sudjeluje u izradi zajedni\u010dke procedure za palijativnu njegu te nabavlja opremu koja \u0107e omogu\u0107iti pobolj\u0161anje usluge palijativne njege.<\/p><p>JU Dom zdravlja Zenica zadu\u017eena je za organizaciju edukativnih radionica, sudjeluje u izradi zajedni\u010dke procedure za palijativnu njegu, prikuplja informacije i dokumente za e-doktora, te nabavlja opremu koja \u0107e omogu\u0107iti pobolj\u0161anje usluga palijativne njege.<\/p><p><strong>Svrha projekta<\/strong><\/p><p>Palijativna njega relativno je novi pojam u nacionalnim zdravstvenim sustavima, posebno u zemljama s niskim i srednjim dohotkom poput Hrvatske, Crne Gore i Bosne i Hercegovine. Kako bi se osigurano razvoj usluga palijativne njege postoje\u0107e prepreke moraju se savladati. Zna\u010dajnije prepreke o\u010dituju se u nedostatku usluga i institucija za palijativnu njegu, jasnih smjernica za uspostavljanje usluga palijativne njege, edukativnih programa o palijativnoj njezi te u nedostatku usluga palijativne njege u regiji. Sve navedeno nepotrebno dovodi najranjivije skupine dru\u0161tva u jo\u0161 nepovoljniji polo\u017eaj. Drugi klju\u010dni problem je sveop\u0107e starenje stanovni\u0161tva te visok postotak osoba starijih od 60 godina koje ujedno \u010dine glavne potencijalne korisnike usluga palijativne njege. Glavne ciljne skupine koje \u0107e imati koristi od projekta su: pacijenti sa terminalnim bolestima, lije\u010dnici i medicinske sestre, socijalni radnici, \u010dlanovi obitelji pacijenata, itd. Sve navedene skupine imati \u0107e koristi od sakupljenog znanja i usluga razvijenih unutar ovog projekta.<\/p><p><strong>Ciljevi projekta<\/strong><\/p><p>Glavni cilj projekta je pobolj\u0161ati uslugu palijativne njege u regiji. Pobolj\u0161anje usluge palijativne njege posti\u0107i \u0107e se ciljanim ulaganjem u novu opremu, uspostavom novih usluga (mobilni palijativni tim), razvojem procedura, alata i smjernica potrebnih za unaprje\u0111enje usluga u regiji, izradom e-platforme za podizanje svijesti gra\u0111ana o palijativnoj njezi te implementacijom nacionalnih i me\u0111unarodnih zdravstvenih standarda. Navedene aktivnosti pobolj\u0161ati \u0107e kvalitetu usluga, sadr\u017eaja i vje\u0161tina zdravstvenih djelatnika u javnom zdravstvenom sektoru koje \u0107e biti od osobite va\u017enosti za najugro\u017eenije skupine u dru\u0161tvu. Zajedni\u010dki ciljevi ostvariti \u0107e se prekograni\u010dnom suradnjom tri susjedne zemlje koje dijele isti problem \u2013 nedovoljno razvijenu uslugu palijativne njege.<\/p><p><strong>O\u010dekivani rezultati projekta<\/strong><\/p><p>Glavni rezultat projekta je pobolj\u0161ana usluga palijativne njege za stanovni\u0161tvo u regiji. Najmanje 1.700 pacijenata lije\u010dit \u0107e se novom opremom tijekom provedbe projekta. Ostali rezultati projekta su: razvijena zajedni\u010dka e-platforma s virtualnim doktorom, 4 specijalizirana edukativna treninga o palijativnoj njezi (organizirana i provedena za 20 osoba), pobolj\u0161ana usluga dijagnostike u dva doma zdravlja te specijalizirani trening za kori\u0161tenje nove medicinske opreme (organiziran i proveden za 40 lije\u010dnika i medicinskih sestara).<\/p><p><strong><br>Prioritetna os: 1 \u2013 Ja\u010danje kvalitete usluga u sektoru javnog zdravstva i socijalne skrbi<\/strong><\/p><p><strong>Ukupna vrijednost projekta<\/strong>: 890 347.40 EUR<\/p><p><strong>Iznos koji sufinancira EU<\/strong>: 756 795.29 EUR<\/p><p><strong>Razdoblje provedbe projekta<\/strong>: 01.07.2020 \u2013 30.06.2022<\/p><\/blockquote>\n\n\n\n<blockquote class=\"wp-block-quote is-layout-flow wp-block-quote-is-layout-flow\"><p><strong><br>Projekt je sufinanciran sredstvima<br>EFRR i IPA II fondova Europske unije.<\/strong><\/p><\/blockquote>\n\n\n\n<p><strong>Bjanka Medi\u0107 \/ Radio Ljubu\u0161ki<\/strong><\/p>\n","protected":false},"excerpt":{"rendered":"<p>Ve\u0107 drugu godinu zaredom Dom zdravlja Ljubu\u0161ki sudjeluje u projektu IMPHACT koji za cilj ima pobolj\u0161anje kvalitete i dostupnosti&nbsp; palijativne zdravstvene njege u prekograni\u010dnim podru\u010djima. Tim povodom u programu Radija Ljubu\u0161ki ugostili smo ravnatelja Doma zdravlja dr. Ivana Landeku koji je pojasnio kako su, unato\u010d pandemiji COVID-a 19 uspjeli zavr\u0161iti ve\u0107inu projektnih aktivnosti na vrijeme, [&hellip;]<\/p>\n","protected":false},"author":2,"featured_media":129956,"comment_status":"closed","ping_status":"closed","sticky":false,"template":"","format":"standard","meta":{"h5ap_radio_sources":[],"footnotes":""},"categories":[8],"tags":[],"class_list":["post-129955","post","type-post","status-publish","format-standard","has-post-thumbnail","hentry","category-rlj-audio"],"yoast_head":"<!-- This site is optimized with the Yoast SEO plugin v27.5 - https:\/\/yoast.com\/product\/yoast-seo-wordpress\/ -->\n<title>Dr. Ivan Landeka o projektu IMPHACT - audio - RADIO LJUBU\u0160KI<\/title>\n<meta name=\"robots\" content=\"index, follow, max-snippet:-1, max-image-preview:large, max-video-preview:-1\" \/>\n<link rel=\"canonical\" href=\"https:\/\/radioljubuski.ba\/index.php\/2022\/04\/07\/dr-ivan-landeka-o-projektu-imphact\/\" \/>\n<meta property=\"og:locale\" content=\"hr_HR\" \/>\n<meta property=\"og:type\" content=\"article\" \/>\n<meta property=\"og:title\" content=\"Dr. Ivan Landeka o projektu IMPHACT - audio - RADIO LJUBU\u0160KI\" \/>\n<meta property=\"og:description\" content=\"Ve\u0107 drugu godinu zaredom Dom zdravlja Ljubu\u0161ki sudjeluje u projektu IMPHACT koji za cilj ima pobolj\u0161anje kvalitete i dostupnosti&nbsp; palijativne zdravstvene njege u prekograni\u010dnim podru\u010djima. Tim povodom u programu Radija Ljubu\u0161ki ugostili smo ravnatelja Doma zdravlja dr. Ivana Landeku koji je pojasnio kako su, unato\u010d pandemiji COVID-a 19 uspjeli zavr\u0161iti ve\u0107inu projektnih aktivnosti na vrijeme, [&hellip;]\" \/>\n<meta property=\"og:url\" content=\"https:\/\/radioljubuski.ba\/index.php\/2022\/04\/07\/dr-ivan-landeka-o-projektu-imphact\/\" \/>\n<meta property=\"og:site_name\" content=\"RADIO LJUBU\u0160KI\" \/>\n<meta property=\"article:publisher\" content=\"https:\/\/www.facebook.com\/Radiio-Ljubuski-1490835324566332\" \/>\n<meta property=\"article:published_time\" content=\"2022-04-07T08:55:37+00:00\" \/>\n<meta property=\"article:modified_time\" content=\"2022-04-08T13:32:21+00:00\" \/>\n<meta property=\"og:image\" content=\"https:\/\/radioljubuski.ba\/wp-content\/uploads\/2022\/04\/dr-ivan-landeka.jpg\" \/>\n\t<meta property=\"og:image:width\" content=\"1421\" \/>\n\t<meta property=\"og:image:height\" content=\"799\" \/>\n\t<meta property=\"og:image:type\" content=\"image\/jpeg\" \/>\n<meta name=\"author\" content=\"Radio Ljubu\u0161ki\" \/>\n<meta name=\"twitter:card\" content=\"summary_large_image\" \/>\n<meta name=\"twitter:creator\" content=\"@radioljubuski\" \/>\n<meta name=\"twitter:site\" content=\"@radioljubuski\" \/>\n<meta name=\"twitter:label1\" content=\"Napisao\/la\" \/>\n\t<meta name=\"twitter:data1\" content=\"Radio Ljubu\u0161ki\" \/>\n\t<meta name=\"twitter:label2\" content=\"Procijenjeno vrijeme \u010ditanja\" \/>\n\t<meta name=\"twitter:data2\" content=\"4 minute\" \/>\n<script type=\"application\/ld+json\" class=\"yoast-schema-graph\">{\"@context\":\"https:\\\/\\\/schema.org\",\"@graph\":[{\"@type\":\"Article\",\"@id\":\"https:\\\/\\\/radioljubuski.ba\\\/index.php\\\/2022\\\/04\\\/07\\\/dr-ivan-landeka-o-projektu-imphact\\\/#article\",\"isPartOf\":{\"@id\":\"https:\\\/\\\/radioljubuski.ba\\\/index.php\\\/2022\\\/04\\\/07\\\/dr-ivan-landeka-o-projektu-imphact\\\/\"},\"author\":{\"name\":\"Radio Ljubu\u0161ki\",\"@id\":\"https:\\\/\\\/radioljubuski.ba\\\/#\\\/schema\\\/person\\\/19fc700381a780f69665d7956c469e3b\"},\"headline\":\"Dr. Ivan Landeka o projektu IMPHACT &#8211; audio\",\"datePublished\":\"2022-04-07T08:55:37+00:00\",\"dateModified\":\"2022-04-08T13:32:21+00:00\",\"mainEntityOfPage\":{\"@id\":\"https:\\\/\\\/radioljubuski.ba\\\/index.php\\\/2022\\\/04\\\/07\\\/dr-ivan-landeka-o-projektu-imphact\\\/\"},\"wordCount\":895,\"publisher\":{\"@id\":\"https:\\\/\\\/radioljubuski.ba\\\/#organization\"},\"image\":{\"@id\":\"https:\\\/\\\/radioljubuski.ba\\\/index.php\\\/2022\\\/04\\\/07\\\/dr-ivan-landeka-o-projektu-imphact\\\/#primaryimage\"},\"thumbnailUrl\":\"https:\\\/\\\/radioljubuski.ba\\\/wp-content\\\/uploads\\\/2022\\\/04\\\/dr-ivan-landeka.jpg\",\"articleSection\":[\"RLJ Audio\"],\"inLanguage\":\"hr\"},{\"@type\":\"WebPage\",\"@id\":\"https:\\\/\\\/radioljubuski.ba\\\/index.php\\\/2022\\\/04\\\/07\\\/dr-ivan-landeka-o-projektu-imphact\\\/\",\"url\":\"https:\\\/\\\/radioljubuski.ba\\\/index.php\\\/2022\\\/04\\\/07\\\/dr-ivan-landeka-o-projektu-imphact\\\/\",\"name\":\"Dr. Ivan Landeka o projektu IMPHACT - audio - RADIO LJUBU\u0160KI\",\"isPartOf\":{\"@id\":\"https:\\\/\\\/radioljubuski.ba\\\/#website\"},\"primaryImageOfPage\":{\"@id\":\"https:\\\/\\\/radioljubuski.ba\\\/index.php\\\/2022\\\/04\\\/07\\\/dr-ivan-landeka-o-projektu-imphact\\\/#primaryimage\"},\"image\":{\"@id\":\"https:\\\/\\\/radioljubuski.ba\\\/index.php\\\/2022\\\/04\\\/07\\\/dr-ivan-landeka-o-projektu-imphact\\\/#primaryimage\"},\"thumbnailUrl\":\"https:\\\/\\\/radioljubuski.ba\\\/wp-content\\\/uploads\\\/2022\\\/04\\\/dr-ivan-landeka.jpg\",\"datePublished\":\"2022-04-07T08:55:37+00:00\",\"dateModified\":\"2022-04-08T13:32:21+00:00\",\"breadcrumb\":{\"@id\":\"https:\\\/\\\/radioljubuski.ba\\\/index.php\\\/2022\\\/04\\\/07\\\/dr-ivan-landeka-o-projektu-imphact\\\/#breadcrumb\"},\"inLanguage\":\"hr\",\"potentialAction\":[{\"@type\":\"ReadAction\",\"target\":[\"https:\\\/\\\/radioljubuski.ba\\\/index.php\\\/2022\\\/04\\\/07\\\/dr-ivan-landeka-o-projektu-imphact\\\/\"]}]},{\"@type\":\"ImageObject\",\"inLanguage\":\"hr\",\"@id\":\"https:\\\/\\\/radioljubuski.ba\\\/index.php\\\/2022\\\/04\\\/07\\\/dr-ivan-landeka-o-projektu-imphact\\\/#primaryimage\",\"url\":\"https:\\\/\\\/radioljubuski.ba\\\/wp-content\\\/uploads\\\/2022\\\/04\\\/dr-ivan-landeka.jpg\",\"contentUrl\":\"https:\\\/\\\/radioljubuski.ba\\\/wp-content\\\/uploads\\\/2022\\\/04\\\/dr-ivan-landeka.jpg\",\"width\":1421,\"height\":799},{\"@type\":\"BreadcrumbList\",\"@id\":\"https:\\\/\\\/radioljubuski.ba\\\/index.php\\\/2022\\\/04\\\/07\\\/dr-ivan-landeka-o-projektu-imphact\\\/#breadcrumb\",\"itemListElement\":[{\"@type\":\"ListItem\",\"position\":1,\"name\":\"Po\u010detna stranica\",\"item\":\"https:\\\/\\\/radioljubuski.ba\\\/\"},{\"@type\":\"ListItem\",\"position\":2,\"name\":\"Dr. Ivan Landeka o projektu IMPHACT &#8211; audio\"}]},{\"@type\":\"WebSite\",\"@id\":\"https:\\\/\\\/radioljubuski.ba\\\/#website\",\"url\":\"https:\\\/\\\/radioljubuski.ba\\\/\",\"name\":\"Radio Ljubu\u0161ki\",\"description\":\"Sun\u010dana frekvencija Hercegovine\",\"publisher\":{\"@id\":\"https:\\\/\\\/radioljubuski.ba\\\/#organization\"},\"potentialAction\":[{\"@type\":\"SearchAction\",\"target\":{\"@type\":\"EntryPoint\",\"urlTemplate\":\"https:\\\/\\\/radioljubuski.ba\\\/?s={search_term_string}\"},\"query-input\":{\"@type\":\"PropertyValueSpecification\",\"valueRequired\":true,\"valueName\":\"search_term_string\"}}],\"inLanguage\":\"hr\"},{\"@type\":\"Organization\",\"@id\":\"https:\\\/\\\/radioljubuski.ba\\\/#organization\",\"name\":\"Radio Ljubu\u0161ki\",\"url\":\"https:\\\/\\\/radioljubuski.ba\\\/\",\"logo\":{\"@type\":\"ImageObject\",\"inLanguage\":\"hr\",\"@id\":\"https:\\\/\\\/radioljubuski.ba\\\/#\\\/schema\\\/logo\\\/image\\\/\",\"url\":\"https:\\\/\\\/radioljubuski.ba\\\/wp-content\\\/uploads\\\/2021\\\/02\\\/cropped-Radio_Ljubuski_logo1.jpg\",\"contentUrl\":\"https:\\\/\\\/radioljubuski.ba\\\/wp-content\\\/uploads\\\/2021\\\/02\\\/cropped-Radio_Ljubuski_logo1.jpg\",\"width\":512,\"height\":512,\"caption\":\"Radio Ljubu\u0161ki\"},\"image\":{\"@id\":\"https:\\\/\\\/radioljubuski.ba\\\/#\\\/schema\\\/logo\\\/image\\\/\"},\"sameAs\":[\"https:\\\/\\\/www.facebook.com\\\/Radiio-Ljubuski-1490835324566332\",\"https:\\\/\\\/x.com\\\/radioljubuski\",\"https:\\\/\\\/hr.linkedin.com\\\/company\\\/radio-ljubuski\",\"https:\\\/\\\/www.youtube.com\\\/channel\\\/UCHYaeO_n0Db3tjNGudGpXyw\"]},{\"@type\":\"Person\",\"@id\":\"https:\\\/\\\/radioljubuski.ba\\\/#\\\/schema\\\/person\\\/19fc700381a780f69665d7956c469e3b\",\"name\":\"Radio Ljubu\u0161ki\"}]}<\/script>\n<!-- \/ Yoast SEO plugin. -->","yoast_head_json":{"title":"Dr. Ivan Landeka o projektu IMPHACT - audio - RADIO LJUBU\u0160KI","robots":{"index":"index","follow":"follow","max-snippet":"max-snippet:-1","max-image-preview":"max-image-preview:large","max-video-preview":"max-video-preview:-1"},"canonical":"https:\/\/radioljubuski.ba\/index.php\/2022\/04\/07\/dr-ivan-landeka-o-projektu-imphact\/","og_locale":"hr_HR","og_type":"article","og_title":"Dr. Ivan Landeka o projektu IMPHACT - audio - RADIO LJUBU\u0160KI","og_description":"Ve\u0107 drugu godinu zaredom Dom zdravlja Ljubu\u0161ki sudjeluje u projektu IMPHACT koji za cilj ima pobolj\u0161anje kvalitete i dostupnosti&nbsp; palijativne zdravstvene njege u prekograni\u010dnim podru\u010djima. Tim povodom u programu Radija Ljubu\u0161ki ugostili smo ravnatelja Doma zdravlja dr. Ivana Landeku koji je pojasnio kako su, unato\u010d pandemiji COVID-a 19 uspjeli zavr\u0161iti ve\u0107inu projektnih aktivnosti na vrijeme, [&hellip;]","og_url":"https:\/\/radioljubuski.ba\/index.php\/2022\/04\/07\/dr-ivan-landeka-o-projektu-imphact\/","og_site_name":"RADIO LJUBU\u0160KI","article_publisher":"https:\/\/www.facebook.com\/Radiio-Ljubuski-1490835324566332","article_published_time":"2022-04-07T08:55:37+00:00","article_modified_time":"2022-04-08T13:32:21+00:00","og_image":[{"width":1421,"height":799,"url":"https:\/\/radioljubuski.ba\/wp-content\/uploads\/2022\/04\/dr-ivan-landeka.jpg","type":"image\/jpeg"}],"author":"Radio Ljubu\u0161ki","twitter_card":"summary_large_image","twitter_creator":"@radioljubuski","twitter_site":"@radioljubuski","twitter_misc":{"Napisao\/la":"Radio Ljubu\u0161ki","Procijenjeno vrijeme \u010ditanja":"4 minute"},"schema":{"@context":"https:\/\/schema.org","@graph":[{"@type":"Article","@id":"https:\/\/radioljubuski.ba\/index.php\/2022\/04\/07\/dr-ivan-landeka-o-projektu-imphact\/#article","isPartOf":{"@id":"https:\/\/radioljubuski.ba\/index.php\/2022\/04\/07\/dr-ivan-landeka-o-projektu-imphact\/"},"author":{"name":"Radio Ljubu\u0161ki","@id":"https:\/\/radioljubuski.ba\/#\/schema\/person\/19fc700381a780f69665d7956c469e3b"},"headline":"Dr. Ivan Landeka o projektu IMPHACT &#8211; audio","datePublished":"2022-04-07T08:55:37+00:00","dateModified":"2022-04-08T13:32:21+00:00","mainEntityOfPage":{"@id":"https:\/\/radioljubuski.ba\/index.php\/2022\/04\/07\/dr-ivan-landeka-o-projektu-imphact\/"},"wordCount":895,"publisher":{"@id":"https:\/\/radioljubuski.ba\/#organization"},"image":{"@id":"https:\/\/radioljubuski.ba\/index.php\/2022\/04\/07\/dr-ivan-landeka-o-projektu-imphact\/#primaryimage"},"thumbnailUrl":"https:\/\/radioljubuski.ba\/wp-content\/uploads\/2022\/04\/dr-ivan-landeka.jpg","articleSection":["RLJ Audio"],"inLanguage":"hr"},{"@type":"WebPage","@id":"https:\/\/radioljubuski.ba\/index.php\/2022\/04\/07\/dr-ivan-landeka-o-projektu-imphact\/","url":"https:\/\/radioljubuski.ba\/index.php\/2022\/04\/07\/dr-ivan-landeka-o-projektu-imphact\/","name":"Dr. Ivan Landeka o projektu IMPHACT - audio - RADIO LJUBU\u0160KI","isPartOf":{"@id":"https:\/\/radioljubuski.ba\/#website"},"primaryImageOfPage":{"@id":"https:\/\/radioljubuski.ba\/index.php\/2022\/04\/07\/dr-ivan-landeka-o-projektu-imphact\/#primaryimage"},"image":{"@id":"https:\/\/radioljubuski.ba\/index.php\/2022\/04\/07\/dr-ivan-landeka-o-projektu-imphact\/#primaryimage"},"thumbnailUrl":"https:\/\/radioljubuski.ba\/wp-content\/uploads\/2022\/04\/dr-ivan-landeka.jpg","datePublished":"2022-04-07T08:55:37+00:00","dateModified":"2022-04-08T13:32:21+00:00","breadcrumb":{"@id":"https:\/\/radioljubuski.ba\/index.php\/2022\/04\/07\/dr-ivan-landeka-o-projektu-imphact\/#breadcrumb"},"inLanguage":"hr","potentialAction":[{"@type":"ReadAction","target":["https:\/\/radioljubuski.ba\/index.php\/2022\/04\/07\/dr-ivan-landeka-o-projektu-imphact\/"]}]},{"@type":"ImageObject","inLanguage":"hr","@id":"https:\/\/radioljubuski.ba\/index.php\/2022\/04\/07\/dr-ivan-landeka-o-projektu-imphact\/#primaryimage","url":"https:\/\/radioljubuski.ba\/wp-content\/uploads\/2022\/04\/dr-ivan-landeka.jpg","contentUrl":"https:\/\/radioljubuski.ba\/wp-content\/uploads\/2022\/04\/dr-ivan-landeka.jpg","width":1421,"height":799},{"@type":"BreadcrumbList","@id":"https:\/\/radioljubuski.ba\/index.php\/2022\/04\/07\/dr-ivan-landeka-o-projektu-imphact\/#breadcrumb","itemListElement":[{"@type":"ListItem","position":1,"name":"Po\u010detna stranica","item":"https:\/\/radioljubuski.ba\/"},{"@type":"ListItem","position":2,"name":"Dr. Ivan Landeka o projektu IMPHACT &#8211; audio"}]},{"@type":"WebSite","@id":"https:\/\/radioljubuski.ba\/#website","url":"https:\/\/radioljubuski.ba\/","name":"Radio Ljubu\u0161ki","description":"Sun\u010dana frekvencija Hercegovine","publisher":{"@id":"https:\/\/radioljubuski.ba\/#organization"},"potentialAction":[{"@type":"SearchAction","target":{"@type":"EntryPoint","urlTemplate":"https:\/\/radioljubuski.ba\/?s={search_term_string}"},"query-input":{"@type":"PropertyValueSpecification","valueRequired":true,"valueName":"search_term_string"}}],"inLanguage":"hr"},{"@type":"Organization","@id":"https:\/\/radioljubuski.ba\/#organization","name":"Radio Ljubu\u0161ki","url":"https:\/\/radioljubuski.ba\/","logo":{"@type":"ImageObject","inLanguage":"hr","@id":"https:\/\/radioljubuski.ba\/#\/schema\/logo\/image\/","url":"https:\/\/radioljubuski.ba\/wp-content\/uploads\/2021\/02\/cropped-Radio_Ljubuski_logo1.jpg","contentUrl":"https:\/\/radioljubuski.ba\/wp-content\/uploads\/2021\/02\/cropped-Radio_Ljubuski_logo1.jpg","width":512,"height":512,"caption":"Radio Ljubu\u0161ki"},"image":{"@id":"https:\/\/radioljubuski.ba\/#\/schema\/logo\/image\/"},"sameAs":["https:\/\/www.facebook.com\/Radiio-Ljubuski-1490835324566332","https:\/\/x.com\/radioljubuski","https:\/\/hr.linkedin.com\/company\/radio-ljubuski","https:\/\/www.youtube.com\/channel\/UCHYaeO_n0Db3tjNGudGpXyw"]},{"@type":"Person","@id":"https:\/\/radioljubuski.ba\/#\/schema\/person\/19fc700381a780f69665d7956c469e3b","name":"Radio Ljubu\u0161ki"}]}},"_links":{"self":[{"href":"https:\/\/radioljubuski.ba\/index.php\/wp-json\/wp\/v2\/posts\/129955","targetHints":{"allow":["GET"]}}],"collection":[{"href":"https:\/\/radioljubuski.ba\/index.php\/wp-json\/wp\/v2\/posts"}],"about":[{"href":"https:\/\/radioljubuski.ba\/index.php\/wp-json\/wp\/v2\/types\/post"}],"author":[{"embeddable":true,"href":"https:\/\/radioljubuski.ba\/index.php\/wp-json\/wp\/v2\/users\/2"}],"replies":[{"embeddable":true,"href":"https:\/\/radioljubuski.ba\/index.php\/wp-json\/wp\/v2\/comments?post=129955"}],"version-history":[{"count":5,"href":"https:\/\/radioljubuski.ba\/index.php\/wp-json\/wp\/v2\/posts\/129955\/revisions"}],"predecessor-version":[{"id":130533,"href":"https:\/\/radioljubuski.ba\/index.php\/wp-json\/wp\/v2\/posts\/129955\/revisions\/130533"}],"wp:featuredmedia":[{"embeddable":true,"href":"https:\/\/radioljubuski.ba\/index.php\/wp-json\/wp\/v2\/media\/129956"}],"wp:attachment":[{"href":"https:\/\/radioljubuski.ba\/index.php\/wp-json\/wp\/v2\/media?parent=129955"}],"wp:term":[{"taxonomy":"category","embeddable":true,"href":"https:\/\/radioljubuski.ba\/index.php\/wp-json\/wp\/v2\/categories?post=129955"},{"taxonomy":"post_tag","embeddable":true,"href":"https:\/\/radioljubuski.ba\/index.php\/wp-json\/wp\/v2\/tags?post=129955"}],"curies":[{"name":"wp","href":"https:\/\/api.w.org\/{rel}","templated":true}]}}