{"id":130092,"date":"2022-04-07T14:54:16","date_gmt":"2022-04-07T13:54:16","guid":{"rendered":"https:\/\/radioljubuski.ba\/?p=130092"},"modified":"2022-04-09T21:57:53","modified_gmt":"2022-04-09T20:57:53","slug":"promocija-ljubuskog-na-mostarskom-sajmu-audio-i-foto","status":"publish","type":"post","link":"https:\/\/radioljubuski.ba\/index.php\/2022\/04\/07\/promocija-ljubuskog-na-mostarskom-sajmu-audio-i-foto\/","title":{"rendered":"Promocija Ljubu\u0161kog na Mostarskom sajmu &#8211; audio i foto"},"content":{"rendered":"\n<p>Tre\u0107eg dana Me\u0111unarodnog sajma gospodarstva \u201cMostar 2022.\u201d, ekipa Radija Ljubu\u0161ki posjetila je sajam kako bi slu\u0161ateljima i \u010ditateljima prenijela dio atmosfere s ove manifestacije.<\/p>\n\n\n\n<p>Uz politi\u010dare koji su i danas obilazili sajam, \u0161tandove su razgledali i posjetitelji, izlaga\u010di su se me\u0111usobno dru\u017eili, a me\u0111u njima je bilo i dosta onih iz Ljubu\u0161kog.<\/p>\n\n\n\n<p>Na samom ulazu u Paviljon 1 posjetiteljima se ove godine na zajedni\u010dkom \u0161tandu predstavlja \u017dupanija Zapadnohercegova\u010dka sa gradovima Ljubu\u0161ki i \u0160iroki Brijeg, te op\u0107inama Posu\u0161je i Grude.<\/p>\n\n\n\n<p>Svi koji zastanu na ovom \u0161tandu imaju priliku pomo\u0107u 3D nao\u010dala isprobati virtualna putovanja biciklom po \u017eupaniji, popri\u010dati s ljubu\u0161kim biciklistima, paragliderima i GSS-ovcima, ali i upoznati se s lokalnim malim gospodarstvenicima.<\/p>\n\n\n\n<p>\u201e<em>Na\u0161a \u017eupanija ove godine predstavlja sve ono \u0161to nudimo na turisti\u010dkom tr\u017ei\u0161tu. Pored etabliranih turisti\u010dkih lokacija poput vodopada Kravice i Blidinja, imamo i biciklizam koji je u ponudi na jedan sustavan i organiziran na\u010din. Na sajmu tako imamo simulator biciklisti\u010dkih ruta po \u017eupaniji. Predstavljamo i zip-line koji je od pro\u0161le godine u funkciji u Ravli\u0107a pe\u0107ini, a od ove godine bi trebao biti u funkciji i u kanjonu Borak u \u0160irokom Brijegu. Od ove godine bi u turisti\u010dkoj ponudi \u017eupanije trebali imati i panoramske letove balonom na vru\u0107i zrak, to je novina u na\u0161oj turisti\u010dkoj ponudi i to smo htjeli predstaviti na zanimljiv na\u010din na ovom sajmu. Tako na sajmu imamo virtualna putovanja, a tu je i paragliding simulator. Poku\u0161avamo ljudima na sajmu pokazati \u0161to se sve mo\u017ee do\u017eivjeti u na\u0161oj \u017eupaniji i pozvati ih da do\u0111u u \u017dupaniju Zapadnohercegova\u010dku\u201c<\/em>, rekao je za Radio Ljubu\u0161ki Ivan Jurilj, ravnatelj Ureda Vlade \u017dupanije Zapadnohercegova\u010dke za europske integracije.<\/p>\n\n\n\n<p>Posjetiteljima se na \u0161tandu \u017eupanije naravno nude i jela i pi\u0107a, a imaju priliku upoznati i lokalne obrtnike.<\/p>\n\n\n\n<p>Helena Radi\u0107, jedna od osniva\u010dica brenda Lola.tees za Radio Ljubu\u0161ki je izjavila kako su sretni jer su od grada Ljubu\u0161kog odabrani da predstavljaju na\u0161 grad.<\/p>\n\n\n\n<p>\u201e<em>Prvi put nastupamo na sajmu. Upoznali smo zanimljive ljude, zanimljive brendove, ostvarili smo neke nove poslovne kontakte, ali i obnovili <\/em>stare\u201c, izjavila je Radi\u0107.<\/p>\n\n\n\n<p>Na Sajmu se nalaze i ljubu\u0161ki GSS-ovci, a pro\u010delnik Miljenko Dropulji\u0107 isti\u010de kako postoji velik interes za outdoor aktivnostima te se nada kako bi ovo mogao biti znak da \u0107e nadolaze\u0107i \u201eLjubu\u0161ki outdoor festival\u201c biti dobro posje\u0107en.&nbsp;<\/p>\n\n\n\n<p>\u201e<em>\u0160tand je odli\u010dno posje\u0107en. Nas je petero do\u0161lo iz na\u0161e slu\u017ebe kao jedna vrsta promocije. Kada nas vide u na\u0161im prepoznatljivim crvenim duksevima, valjda \u0107e se ljudi osje\u0107ati sigurniji. Sude\u0107i prema ovome, LJOF \u0107e ove godine biti odli\u010dno posje\u0107en, a mi iz GSS-a \u0107emo se truditi da sve pro\u0111e sigurno, da svi sudionici budu sigurni<\/em>\u201c, rekao je Dropulji\u0107.<\/p>\n\n\n\n<p>Ljubu\u0161ki biciklisti u Mostaru promoviraju cikloturizam.<\/p>\n\n\n\n<p>\u201e<em>Ukazujemo na biciklizam kao dio turisti\u010dke ponude Hercegovine. Na \u0161tandu se mogu probati virtualne vo\u017enje biciklom nekim dijelovima Hercegovine, tako da se posjetitelji mo\u017eda zaljube i odlu\u010de na bicikliranje<\/em>\u201c, ka\u017ee Mirko Luburi\u0107, predsjednik Biciklisti\u010dkog kluba Ljubu\u0161ki.<\/p>\n\n\n\n<p>Ivan Planini\u0107 iz Turisti\u010dke zajednice Grada Ljubu\u0161kog isti\u010de kako su se poprili\u010dno potrudili kako bi izlo\u017eili \u0161tand na kojem \u0107e promovirati sve ono \u0161to Ljubu\u0161ki nudi turistima.<\/p>\n\n\n\n<p>\u201e<em>Drago nam je \u0161to je nakon stanke od dvije godine, za\u017eivio ovaj sajam jer nam pru\u017ea priliku za stvaranje novih kontakata i poznanstva i dogovaranje nekih novih suradnji<\/em>\u201c, istaknuo je Planini\u0107. &nbsp;<\/p>\n\n\n\n<p>Od Ljubu\u0161aka na sajmu se mo\u017ee sresti i prof. Davorin Medi\u0107 koji na \u0161tandu Hercegova\u010dkog stapa promovira tradicionalna doma\u0107a jela, a \u0161etaju\u0107i sajmom mogu se zate\u0107i i \u0161tandovi raznih ljubu\u0161kih tvrtki.<\/p>\n\n\n\n<p>Poslu\u0161ajte \u0161to smo snimili danas<\/p>\n\n\n\n<iframe src=\"https:\/\/drive.google.com\/file\/d\/1p1pPSyvep0SrRveI7R8DO1ivQBJ34khC\/preview\" style=\"width: 100%; height: 100px;\"><\/iframe>\n\n\n\n<iframe loading=\"lazy\" src=\"https:\/\/www.facebook.com\/plugins\/post.php?href=https%3A%2F%2Fwww.facebook.com%2Fpermalink.php%3Fstory_fbid%3D3104547629861752%26id%3D1490835324566332&amp;show_text=true&amp;width=500\" width=\"500\" height=\"684\" style=\"border:none;overflow:hidden\" scrolling=\"no\" frameborder=\"0\" allowfullscreen=\"true\" allow=\"autoplay; clipboard-write; encrypted-media; picture-in-picture; web-share\"><\/iframe>\n","protected":false},"excerpt":{"rendered":"<p>Tre\u0107eg dana Me\u0111unarodnog sajma gospodarstva \u201cMostar 2022.\u201d, ekipa Radija Ljubu\u0161ki posjetila je sajam kako bi slu\u0161ateljima i \u010ditateljima prenijela dio atmosfere s ove manifestacije. Uz politi\u010dare koji su i danas obilazili sajam, \u0161tandove su razgledali i posjetitelji, izlaga\u010di su se me\u0111usobno dru\u017eili, a me\u0111u njima je bilo i dosta onih iz Ljubu\u0161kog. Na samom ulazu [&hellip;]<\/p>\n","protected":false},"author":2,"featured_media":130093,"comment_status":"closed","ping_status":"closed","sticky":false,"template":"","format":"standard","meta":{"h5ap_radio_sources":[],"footnotes":""},"categories":[8],"tags":[],"class_list":["post-130092","post","type-post","status-publish","format-standard","has-post-thumbnail","hentry","category-rlj-audio"],"yoast_head":"<!-- This site is optimized with the Yoast SEO plugin v27.5 - https:\/\/yoast.com\/product\/yoast-seo-wordpress\/ -->\n<title>Promocija Ljubu\u0161kog na Mostarskom sajmu - audio i foto - RADIO LJUBU\u0160KI<\/title>\n<meta name=\"robots\" content=\"index, follow, max-snippet:-1, max-image-preview:large, max-video-preview:-1\" \/>\n<link rel=\"canonical\" href=\"https:\/\/radioljubuski.ba\/index.php\/2022\/04\/07\/promocija-ljubuskog-na-mostarskom-sajmu-audio-i-foto\/\" \/>\n<meta property=\"og:locale\" content=\"hr_HR\" \/>\n<meta property=\"og:type\" content=\"article\" \/>\n<meta property=\"og:title\" content=\"Promocija Ljubu\u0161kog na Mostarskom sajmu - audio i foto - RADIO LJUBU\u0160KI\" \/>\n<meta property=\"og:description\" content=\"Tre\u0107eg dana Me\u0111unarodnog sajma gospodarstva \u201cMostar 2022.\u201d, ekipa Radija Ljubu\u0161ki posjetila je sajam kako bi slu\u0161ateljima i \u010ditateljima prenijela dio atmosfere s ove manifestacije. Uz politi\u010dare koji su i danas obilazili sajam, \u0161tandove su razgledali i posjetitelji, izlaga\u010di su se me\u0111usobno dru\u017eili, a me\u0111u njima je bilo i dosta onih iz Ljubu\u0161kog. Na samom ulazu [&hellip;]\" \/>\n<meta property=\"og:url\" content=\"https:\/\/radioljubuski.ba\/index.php\/2022\/04\/07\/promocija-ljubuskog-na-mostarskom-sajmu-audio-i-foto\/\" \/>\n<meta property=\"og:site_name\" content=\"RADIO LJUBU\u0160KI\" \/>\n<meta property=\"article:publisher\" content=\"https:\/\/www.facebook.com\/Radiio-Ljubuski-1490835324566332\" \/>\n<meta property=\"article:published_time\" content=\"2022-04-07T13:54:16+00:00\" \/>\n<meta property=\"article:modified_time\" content=\"2022-04-09T20:57:53+00:00\" \/>\n<meta property=\"og:image\" content=\"https:\/\/radioljubuski.ba\/wp-content\/uploads\/2022\/04\/sajam1.jpg\" \/>\n\t<meta property=\"og:image:width\" content=\"1686\" \/>\n\t<meta property=\"og:image:height\" content=\"1125\" \/>\n\t<meta property=\"og:image:type\" content=\"image\/jpeg\" \/>\n<meta name=\"author\" content=\"Radio Ljubu\u0161ki\" \/>\n<meta name=\"twitter:card\" content=\"summary_large_image\" \/>\n<meta name=\"twitter:creator\" content=\"@radioljubuski\" \/>\n<meta name=\"twitter:site\" content=\"@radioljubuski\" \/>\n<meta name=\"twitter:label1\" content=\"Napisao\/la\" \/>\n\t<meta name=\"twitter:data1\" content=\"Radio Ljubu\u0161ki\" \/>\n\t<meta name=\"twitter:label2\" content=\"Procijenjeno vrijeme \u010ditanja\" \/>\n\t<meta name=\"twitter:data2\" content=\"3 minute\" \/>\n<script type=\"application\/ld+json\" class=\"yoast-schema-graph\">{\"@context\":\"https:\\\/\\\/schema.org\",\"@graph\":[{\"@type\":\"Article\",\"@id\":\"https:\\\/\\\/radioljubuski.ba\\\/index.php\\\/2022\\\/04\\\/07\\\/promocija-ljubuskog-na-mostarskom-sajmu-audio-i-foto\\\/#article\",\"isPartOf\":{\"@id\":\"https:\\\/\\\/radioljubuski.ba\\\/index.php\\\/2022\\\/04\\\/07\\\/promocija-ljubuskog-na-mostarskom-sajmu-audio-i-foto\\\/\"},\"author\":{\"name\":\"Radio Ljubu\u0161ki\",\"@id\":\"https:\\\/\\\/radioljubuski.ba\\\/#\\\/schema\\\/person\\\/19fc700381a780f69665d7956c469e3b\"},\"headline\":\"Promocija Ljubu\u0161kog na Mostarskom sajmu &#8211; audio i foto\",\"datePublished\":\"2022-04-07T13:54:16+00:00\",\"dateModified\":\"2022-04-09T20:57:53+00:00\",\"mainEntityOfPage\":{\"@id\":\"https:\\\/\\\/radioljubuski.ba\\\/index.php\\\/2022\\\/04\\\/07\\\/promocija-ljubuskog-na-mostarskom-sajmu-audio-i-foto\\\/\"},\"wordCount\":662,\"publisher\":{\"@id\":\"https:\\\/\\\/radioljubuski.ba\\\/#organization\"},\"image\":{\"@id\":\"https:\\\/\\\/radioljubuski.ba\\\/index.php\\\/2022\\\/04\\\/07\\\/promocija-ljubuskog-na-mostarskom-sajmu-audio-i-foto\\\/#primaryimage\"},\"thumbnailUrl\":\"https:\\\/\\\/radioljubuski.ba\\\/wp-content\\\/uploads\\\/2022\\\/04\\\/sajam1.jpg\",\"articleSection\":[\"RLJ Audio\"],\"inLanguage\":\"hr\"},{\"@type\":\"WebPage\",\"@id\":\"https:\\\/\\\/radioljubuski.ba\\\/index.php\\\/2022\\\/04\\\/07\\\/promocija-ljubuskog-na-mostarskom-sajmu-audio-i-foto\\\/\",\"url\":\"https:\\\/\\\/radioljubuski.ba\\\/index.php\\\/2022\\\/04\\\/07\\\/promocija-ljubuskog-na-mostarskom-sajmu-audio-i-foto\\\/\",\"name\":\"Promocija Ljubu\u0161kog na Mostarskom sajmu - audio i foto - RADIO LJUBU\u0160KI\",\"isPartOf\":{\"@id\":\"https:\\\/\\\/radioljubuski.ba\\\/#website\"},\"primaryImageOfPage\":{\"@id\":\"https:\\\/\\\/radioljubuski.ba\\\/index.php\\\/2022\\\/04\\\/07\\\/promocija-ljubuskog-na-mostarskom-sajmu-audio-i-foto\\\/#primaryimage\"},\"image\":{\"@id\":\"https:\\\/\\\/radioljubuski.ba\\\/index.php\\\/2022\\\/04\\\/07\\\/promocija-ljubuskog-na-mostarskom-sajmu-audio-i-foto\\\/#primaryimage\"},\"thumbnailUrl\":\"https:\\\/\\\/radioljubuski.ba\\\/wp-content\\\/uploads\\\/2022\\\/04\\\/sajam1.jpg\",\"datePublished\":\"2022-04-07T13:54:16+00:00\",\"dateModified\":\"2022-04-09T20:57:53+00:00\",\"breadcrumb\":{\"@id\":\"https:\\\/\\\/radioljubuski.ba\\\/index.php\\\/2022\\\/04\\\/07\\\/promocija-ljubuskog-na-mostarskom-sajmu-audio-i-foto\\\/#breadcrumb\"},\"inLanguage\":\"hr\",\"potentialAction\":[{\"@type\":\"ReadAction\",\"target\":[\"https:\\\/\\\/radioljubuski.ba\\\/index.php\\\/2022\\\/04\\\/07\\\/promocija-ljubuskog-na-mostarskom-sajmu-audio-i-foto\\\/\"]}]},{\"@type\":\"ImageObject\",\"inLanguage\":\"hr\",\"@id\":\"https:\\\/\\\/radioljubuski.ba\\\/index.php\\\/2022\\\/04\\\/07\\\/promocija-ljubuskog-na-mostarskom-sajmu-audio-i-foto\\\/#primaryimage\",\"url\":\"https:\\\/\\\/radioljubuski.ba\\\/wp-content\\\/uploads\\\/2022\\\/04\\\/sajam1.jpg\",\"contentUrl\":\"https:\\\/\\\/radioljubuski.ba\\\/wp-content\\\/uploads\\\/2022\\\/04\\\/sajam1.jpg\",\"width\":1686,\"height\":1125},{\"@type\":\"BreadcrumbList\",\"@id\":\"https:\\\/\\\/radioljubuski.ba\\\/index.php\\\/2022\\\/04\\\/07\\\/promocija-ljubuskog-na-mostarskom-sajmu-audio-i-foto\\\/#breadcrumb\",\"itemListElement\":[{\"@type\":\"ListItem\",\"position\":1,\"name\":\"Po\u010detna stranica\",\"item\":\"https:\\\/\\\/radioljubuski.ba\\\/\"},{\"@type\":\"ListItem\",\"position\":2,\"name\":\"Promocija Ljubu\u0161kog na Mostarskom sajmu &#8211; audio i foto\"}]},{\"@type\":\"WebSite\",\"@id\":\"https:\\\/\\\/radioljubuski.ba\\\/#website\",\"url\":\"https:\\\/\\\/radioljubuski.ba\\\/\",\"name\":\"Radio Ljubu\u0161ki\",\"description\":\"Sun\u010dana frekvencija Hercegovine\",\"publisher\":{\"@id\":\"https:\\\/\\\/radioljubuski.ba\\\/#organization\"},\"potentialAction\":[{\"@type\":\"SearchAction\",\"target\":{\"@type\":\"EntryPoint\",\"urlTemplate\":\"https:\\\/\\\/radioljubuski.ba\\\/?s={search_term_string}\"},\"query-input\":{\"@type\":\"PropertyValueSpecification\",\"valueRequired\":true,\"valueName\":\"search_term_string\"}}],\"inLanguage\":\"hr\"},{\"@type\":\"Organization\",\"@id\":\"https:\\\/\\\/radioljubuski.ba\\\/#organization\",\"name\":\"Radio Ljubu\u0161ki\",\"url\":\"https:\\\/\\\/radioljubuski.ba\\\/\",\"logo\":{\"@type\":\"ImageObject\",\"inLanguage\":\"hr\",\"@id\":\"https:\\\/\\\/radioljubuski.ba\\\/#\\\/schema\\\/logo\\\/image\\\/\",\"url\":\"https:\\\/\\\/radioljubuski.ba\\\/wp-content\\\/uploads\\\/2021\\\/02\\\/cropped-Radio_Ljubuski_logo1.jpg\",\"contentUrl\":\"https:\\\/\\\/radioljubuski.ba\\\/wp-content\\\/uploads\\\/2021\\\/02\\\/cropped-Radio_Ljubuski_logo1.jpg\",\"width\":512,\"height\":512,\"caption\":\"Radio Ljubu\u0161ki\"},\"image\":{\"@id\":\"https:\\\/\\\/radioljubuski.ba\\\/#\\\/schema\\\/logo\\\/image\\\/\"},\"sameAs\":[\"https:\\\/\\\/www.facebook.com\\\/Radiio-Ljubuski-1490835324566332\",\"https:\\\/\\\/x.com\\\/radioljubuski\",\"https:\\\/\\\/hr.linkedin.com\\\/company\\\/radio-ljubuski\",\"https:\\\/\\\/www.youtube.com\\\/channel\\\/UCHYaeO_n0Db3tjNGudGpXyw\"]},{\"@type\":\"Person\",\"@id\":\"https:\\\/\\\/radioljubuski.ba\\\/#\\\/schema\\\/person\\\/19fc700381a780f69665d7956c469e3b\",\"name\":\"Radio Ljubu\u0161ki\"}]}<\/script>\n<!-- \/ Yoast SEO plugin. -->","yoast_head_json":{"title":"Promocija Ljubu\u0161kog na Mostarskom sajmu - audio i foto - RADIO LJUBU\u0160KI","robots":{"index":"index","follow":"follow","max-snippet":"max-snippet:-1","max-image-preview":"max-image-preview:large","max-video-preview":"max-video-preview:-1"},"canonical":"https:\/\/radioljubuski.ba\/index.php\/2022\/04\/07\/promocija-ljubuskog-na-mostarskom-sajmu-audio-i-foto\/","og_locale":"hr_HR","og_type":"article","og_title":"Promocija Ljubu\u0161kog na Mostarskom sajmu - audio i foto - RADIO LJUBU\u0160KI","og_description":"Tre\u0107eg dana Me\u0111unarodnog sajma gospodarstva \u201cMostar 2022.\u201d, ekipa Radija Ljubu\u0161ki posjetila je sajam kako bi slu\u0161ateljima i \u010ditateljima prenijela dio atmosfere s ove manifestacije. Uz politi\u010dare koji su i danas obilazili sajam, \u0161tandove su razgledali i posjetitelji, izlaga\u010di su se me\u0111usobno dru\u017eili, a me\u0111u njima je bilo i dosta onih iz Ljubu\u0161kog. Na samom ulazu [&hellip;]","og_url":"https:\/\/radioljubuski.ba\/index.php\/2022\/04\/07\/promocija-ljubuskog-na-mostarskom-sajmu-audio-i-foto\/","og_site_name":"RADIO LJUBU\u0160KI","article_publisher":"https:\/\/www.facebook.com\/Radiio-Ljubuski-1490835324566332","article_published_time":"2022-04-07T13:54:16+00:00","article_modified_time":"2022-04-09T20:57:53+00:00","og_image":[{"width":1686,"height":1125,"url":"https:\/\/radioljubuski.ba\/wp-content\/uploads\/2022\/04\/sajam1.jpg","type":"image\/jpeg"}],"author":"Radio Ljubu\u0161ki","twitter_card":"summary_large_image","twitter_creator":"@radioljubuski","twitter_site":"@radioljubuski","twitter_misc":{"Napisao\/la":"Radio Ljubu\u0161ki","Procijenjeno vrijeme \u010ditanja":"3 minute"},"schema":{"@context":"https:\/\/schema.org","@graph":[{"@type":"Article","@id":"https:\/\/radioljubuski.ba\/index.php\/2022\/04\/07\/promocija-ljubuskog-na-mostarskom-sajmu-audio-i-foto\/#article","isPartOf":{"@id":"https:\/\/radioljubuski.ba\/index.php\/2022\/04\/07\/promocija-ljubuskog-na-mostarskom-sajmu-audio-i-foto\/"},"author":{"name":"Radio Ljubu\u0161ki","@id":"https:\/\/radioljubuski.ba\/#\/schema\/person\/19fc700381a780f69665d7956c469e3b"},"headline":"Promocija Ljubu\u0161kog na Mostarskom sajmu &#8211; audio i foto","datePublished":"2022-04-07T13:54:16+00:00","dateModified":"2022-04-09T20:57:53+00:00","mainEntityOfPage":{"@id":"https:\/\/radioljubuski.ba\/index.php\/2022\/04\/07\/promocija-ljubuskog-na-mostarskom-sajmu-audio-i-foto\/"},"wordCount":662,"publisher":{"@id":"https:\/\/radioljubuski.ba\/#organization"},"image":{"@id":"https:\/\/radioljubuski.ba\/index.php\/2022\/04\/07\/promocija-ljubuskog-na-mostarskom-sajmu-audio-i-foto\/#primaryimage"},"thumbnailUrl":"https:\/\/radioljubuski.ba\/wp-content\/uploads\/2022\/04\/sajam1.jpg","articleSection":["RLJ Audio"],"inLanguage":"hr"},{"@type":"WebPage","@id":"https:\/\/radioljubuski.ba\/index.php\/2022\/04\/07\/promocija-ljubuskog-na-mostarskom-sajmu-audio-i-foto\/","url":"https:\/\/radioljubuski.ba\/index.php\/2022\/04\/07\/promocija-ljubuskog-na-mostarskom-sajmu-audio-i-foto\/","name":"Promocija Ljubu\u0161kog na Mostarskom sajmu - audio i foto - RADIO LJUBU\u0160KI","isPartOf":{"@id":"https:\/\/radioljubuski.ba\/#website"},"primaryImageOfPage":{"@id":"https:\/\/radioljubuski.ba\/index.php\/2022\/04\/07\/promocija-ljubuskog-na-mostarskom-sajmu-audio-i-foto\/#primaryimage"},"image":{"@id":"https:\/\/radioljubuski.ba\/index.php\/2022\/04\/07\/promocija-ljubuskog-na-mostarskom-sajmu-audio-i-foto\/#primaryimage"},"thumbnailUrl":"https:\/\/radioljubuski.ba\/wp-content\/uploads\/2022\/04\/sajam1.jpg","datePublished":"2022-04-07T13:54:16+00:00","dateModified":"2022-04-09T20:57:53+00:00","breadcrumb":{"@id":"https:\/\/radioljubuski.ba\/index.php\/2022\/04\/07\/promocija-ljubuskog-na-mostarskom-sajmu-audio-i-foto\/#breadcrumb"},"inLanguage":"hr","potentialAction":[{"@type":"ReadAction","target":["https:\/\/radioljubuski.ba\/index.php\/2022\/04\/07\/promocija-ljubuskog-na-mostarskom-sajmu-audio-i-foto\/"]}]},{"@type":"ImageObject","inLanguage":"hr","@id":"https:\/\/radioljubuski.ba\/index.php\/2022\/04\/07\/promocija-ljubuskog-na-mostarskom-sajmu-audio-i-foto\/#primaryimage","url":"https:\/\/radioljubuski.ba\/wp-content\/uploads\/2022\/04\/sajam1.jpg","contentUrl":"https:\/\/radioljubuski.ba\/wp-content\/uploads\/2022\/04\/sajam1.jpg","width":1686,"height":1125},{"@type":"BreadcrumbList","@id":"https:\/\/radioljubuski.ba\/index.php\/2022\/04\/07\/promocija-ljubuskog-na-mostarskom-sajmu-audio-i-foto\/#breadcrumb","itemListElement":[{"@type":"ListItem","position":1,"name":"Po\u010detna stranica","item":"https:\/\/radioljubuski.ba\/"},{"@type":"ListItem","position":2,"name":"Promocija Ljubu\u0161kog na Mostarskom sajmu &#8211; audio i foto"}]},{"@type":"WebSite","@id":"https:\/\/radioljubuski.ba\/#website","url":"https:\/\/radioljubuski.ba\/","name":"Radio Ljubu\u0161ki","description":"Sun\u010dana frekvencija Hercegovine","publisher":{"@id":"https:\/\/radioljubuski.ba\/#organization"},"potentialAction":[{"@type":"SearchAction","target":{"@type":"EntryPoint","urlTemplate":"https:\/\/radioljubuski.ba\/?s={search_term_string}"},"query-input":{"@type":"PropertyValueSpecification","valueRequired":true,"valueName":"search_term_string"}}],"inLanguage":"hr"},{"@type":"Organization","@id":"https:\/\/radioljubuski.ba\/#organization","name":"Radio Ljubu\u0161ki","url":"https:\/\/radioljubuski.ba\/","logo":{"@type":"ImageObject","inLanguage":"hr","@id":"https:\/\/radioljubuski.ba\/#\/schema\/logo\/image\/","url":"https:\/\/radioljubuski.ba\/wp-content\/uploads\/2021\/02\/cropped-Radio_Ljubuski_logo1.jpg","contentUrl":"https:\/\/radioljubuski.ba\/wp-content\/uploads\/2021\/02\/cropped-Radio_Ljubuski_logo1.jpg","width":512,"height":512,"caption":"Radio Ljubu\u0161ki"},"image":{"@id":"https:\/\/radioljubuski.ba\/#\/schema\/logo\/image\/"},"sameAs":["https:\/\/www.facebook.com\/Radiio-Ljubuski-1490835324566332","https:\/\/x.com\/radioljubuski","https:\/\/hr.linkedin.com\/company\/radio-ljubuski","https:\/\/www.youtube.com\/channel\/UCHYaeO_n0Db3tjNGudGpXyw"]},{"@type":"Person","@id":"https:\/\/radioljubuski.ba\/#\/schema\/person\/19fc700381a780f69665d7956c469e3b","name":"Radio Ljubu\u0161ki"}]}},"_links":{"self":[{"href":"https:\/\/radioljubuski.ba\/index.php\/wp-json\/wp\/v2\/posts\/130092","targetHints":{"allow":["GET"]}}],"collection":[{"href":"https:\/\/radioljubuski.ba\/index.php\/wp-json\/wp\/v2\/posts"}],"about":[{"href":"https:\/\/radioljubuski.ba\/index.php\/wp-json\/wp\/v2\/types\/post"}],"author":[{"embeddable":true,"href":"https:\/\/radioljubuski.ba\/index.php\/wp-json\/wp\/v2\/users\/2"}],"replies":[{"embeddable":true,"href":"https:\/\/radioljubuski.ba\/index.php\/wp-json\/wp\/v2\/comments?post=130092"}],"version-history":[{"count":7,"href":"https:\/\/radioljubuski.ba\/index.php\/wp-json\/wp\/v2\/posts\/130092\/revisions"}],"predecessor-version":[{"id":130101,"href":"https:\/\/radioljubuski.ba\/index.php\/wp-json\/wp\/v2\/posts\/130092\/revisions\/130101"}],"wp:featuredmedia":[{"embeddable":true,"href":"https:\/\/radioljubuski.ba\/index.php\/wp-json\/wp\/v2\/media\/130093"}],"wp:attachment":[{"href":"https:\/\/radioljubuski.ba\/index.php\/wp-json\/wp\/v2\/media?parent=130092"}],"wp:term":[{"taxonomy":"category","embeddable":true,"href":"https:\/\/radioljubuski.ba\/index.php\/wp-json\/wp\/v2\/categories?post=130092"},{"taxonomy":"post_tag","embeddable":true,"href":"https:\/\/radioljubuski.ba\/index.php\/wp-json\/wp\/v2\/tags?post=130092"}],"curies":[{"name":"wp","href":"https:\/\/api.w.org\/{rel}","templated":true}]}}