{"id":130282,"date":"2022-04-07T22:50:11","date_gmt":"2022-04-07T21:50:11","guid":{"rendered":"https:\/\/radioljubuski.ba\/?p=130282"},"modified":"2022-04-07T22:50:12","modified_gmt":"2022-04-07T21:50:12","slug":"peskov-imamo-znacajne-gubitke-u-ukrajini-a-scene-iz-buce-su-lazne-novinar-to-je-groteskno","status":"publish","type":"post","link":"https:\/\/radioljubuski.ba\/index.php\/2022\/04\/07\/peskov-imamo-znacajne-gubitke-u-ukrajini-a-scene-iz-buce-su-lazne-novinar-to-je-groteskno\/","title":{"rendered":"Peskov: \u2018Imamo zna\u010dajne gubitke u Ukrajini, a scene iz Bu\u010de su la\u017ene\u2018; Novinar: \u2018To je groteskno!\u2018"},"content":{"rendered":"\n<p>Glasnogovornik Kremlja&nbsp;Dmitrij Peskov&nbsp;rekao je u \u010detvrtak da je Rusija pretrpjela &#8220;zna\u010dajne gubitke&#8221; u Ukrajini.<\/p>\n\n\n\n<p>Rusko ministarstvo obrane objavilo je 25. o\u017eujka da je od po\u010detka, kako to Moskva naziva, &#8220;posebne vojne operacije&#8221; u Ukrajini, poginuo 1351 ruski vojnik, a 3825 je ranjeno. To su zadnji ruski slu\u017ebeni podaci.<\/p>\n\n\n\n<p>Njema\u010dki kancelar&nbsp;Olaf Scholz&nbsp;rekao je dva dana poslije da je vjerojatno poginulo najmanje 10.000 ruskih vojnika.<\/p>\n\n\n\n<p>&#8220;Imamo zna\u010dajne vojne gubitke&#8221;, rekao je Peskov za Sky News, &#8220;i to je za nas velika tragedija&#8221;.<\/p>\n\n\n\n<p>UN je objavio da je potvrdio kako je poginulo puno vi\u0161e od tisu\u0107u civila, a da je stvarna brojka vjerojatno puno ve\u0107a.<\/p>\n\n\n\n<p>U opse\u017enom intervjuu za Sky News, Peskov je, izme\u0111u ostaloga, rekao da \u0107e, kako ka\u017ee, &#8220;Mariupolj biti oslobo\u0111en od nacionalisti\u010dkih bataljuna i nadamo se da \u0107e se to dogoditi prije nego kasnije u operaciji&#8221;, prenosi jutarnji list.<\/p>\n\n\n\n<p>\u2018Scene iz Bu\u010de su izmi\u0161ljene i la\u017ene\u2018<\/p>\n\n\n\n<p>Tako\u0111er je ustvrdio da su scene koje prikazuju ubijene civila u Bu\u010di &#8220;izmi\u0161ljene i la\u017ene&#8221;, nakon \u010dega ga je novinar upitao: &#8220;Shva\u0107ate li kako to groteskno zvu\u010di?&#8221;.<\/p>\n\n\n\n<p>Reagiraju\u0107i na to, Peskov je rekao: &#8220;Radi se o odva\u017enom la\u017eiranju i o tome govorimo ve\u0107 nekoliko dana, ali nitko nas nije htio slu\u0161ati&#8221;.<\/p>\n\n\n\n<p>Na pitanje je li ruski predsjednik&nbsp;Vladimir Putin&nbsp;zabrinut da \u0107e zavr\u0161iti na sudu zbog zlo\u010dina, odgovorio je da nije. &#8220;Ne vidimo nikakvu mogu\u0107nost za to&#8221;, ka\u017ee Peskov.<\/p>\n\n\n\n<p>Izvor:pogled.ba<\/p>\n","protected":false},"excerpt":{"rendered":"<p>Glasnogovornik Kremlja&nbsp;Dmitrij Peskov&nbsp;rekao je u \u010detvrtak da je Rusija pretrpjela &#8220;zna\u010dajne gubitke&#8221; u Ukrajini. Rusko ministarstvo obrane objavilo je 25. o\u017eujka da je od po\u010detka, kako to Moskva naziva, &#8220;posebne vojne operacije&#8221; u Ukrajini, poginuo 1351 ruski vojnik, a 3825 je ranjeno. To su zadnji ruski slu\u017ebeni podaci. Njema\u010dki kancelar&nbsp;Olaf Scholz&nbsp;rekao je dva dana poslije [&hellip;]<\/p>\n","protected":false},"author":2,"featured_media":130283,"comment_status":"closed","ping_status":"closed","sticky":false,"template":"","format":"standard","meta":{"h5ap_radio_sources":[],"footnotes":""},"categories":[1],"tags":[],"class_list":["post-130282","post","type-post","status-publish","format-standard","has-post-thumbnail","hentry","category-bihiregija"],"yoast_head":"<!-- This site is optimized with the Yoast SEO plugin v27.5 - https:\/\/yoast.com\/product\/yoast-seo-wordpress\/ -->\n<title>Peskov: \u2018Imamo zna\u010dajne gubitke u Ukrajini, a scene iz Bu\u010de su la\u017ene\u2018; Novinar: \u2018To je groteskno!\u2018 - RADIO LJUBU\u0160KI<\/title>\n<meta name=\"robots\" content=\"index, follow, max-snippet:-1, max-image-preview:large, max-video-preview:-1\" \/>\n<link rel=\"canonical\" href=\"https:\/\/radioljubuski.ba\/index.php\/2022\/04\/07\/peskov-imamo-znacajne-gubitke-u-ukrajini-a-scene-iz-buce-su-lazne-novinar-to-je-groteskno\/\" \/>\n<meta property=\"og:locale\" content=\"hr_HR\" \/>\n<meta property=\"og:type\" content=\"article\" \/>\n<meta property=\"og:title\" content=\"Peskov: \u2018Imamo zna\u010dajne gubitke u Ukrajini, a scene iz Bu\u010de su la\u017ene\u2018; Novinar: \u2018To je groteskno!\u2018 - RADIO LJUBU\u0160KI\" \/>\n<meta property=\"og:description\" content=\"Glasnogovornik Kremlja&nbsp;Dmitrij Peskov&nbsp;rekao je u \u010detvrtak da je Rusija pretrpjela &#8220;zna\u010dajne gubitke&#8221; u Ukrajini. Rusko ministarstvo obrane objavilo je 25. o\u017eujka da je od po\u010detka, kako to Moskva naziva, &#8220;posebne vojne operacije&#8221; u Ukrajini, poginuo 1351 ruski vojnik, a 3825 je ranjeno. To su zadnji ruski slu\u017ebeni podaci. Njema\u010dki kancelar&nbsp;Olaf Scholz&nbsp;rekao je dva dana poslije [&hellip;]\" \/>\n<meta property=\"og:url\" content=\"https:\/\/radioljubuski.ba\/index.php\/2022\/04\/07\/peskov-imamo-znacajne-gubitke-u-ukrajini-a-scene-iz-buce-su-lazne-novinar-to-je-groteskno\/\" \/>\n<meta property=\"og:site_name\" content=\"RADIO LJUBU\u0160KI\" \/>\n<meta property=\"article:publisher\" content=\"https:\/\/www.facebook.com\/Radiio-Ljubuski-1490835324566332\" \/>\n<meta property=\"article:published_time\" content=\"2022-04-07T21:50:11+00:00\" \/>\n<meta property=\"article:modified_time\" content=\"2022-04-07T21:50:12+00:00\" \/>\n<meta property=\"og:image\" content=\"https:\/\/radioljubuski.ba\/wp-content\/uploads\/2022\/04\/peskov.jpg\" \/>\n\t<meta property=\"og:image:width\" content=\"1000\" \/>\n\t<meta property=\"og:image:height\" content=\"625\" \/>\n\t<meta property=\"og:image:type\" content=\"image\/jpeg\" \/>\n<meta name=\"author\" content=\"Radio Ljubu\u0161ki\" \/>\n<meta name=\"twitter:card\" content=\"summary_large_image\" \/>\n<meta name=\"twitter:creator\" content=\"@radioljubuski\" \/>\n<meta name=\"twitter:site\" content=\"@radioljubuski\" \/>\n<meta name=\"twitter:label1\" content=\"Napisao\/la\" \/>\n\t<meta name=\"twitter:data1\" content=\"Radio Ljubu\u0161ki\" \/>\n\t<meta name=\"twitter:label2\" content=\"Procijenjeno vrijeme \u010ditanja\" \/>\n\t<meta name=\"twitter:data2\" content=\"1 minuta\" \/>\n<script type=\"application\/ld+json\" class=\"yoast-schema-graph\">{\"@context\":\"https:\\\/\\\/schema.org\",\"@graph\":[{\"@type\":\"Article\",\"@id\":\"https:\\\/\\\/radioljubuski.ba\\\/index.php\\\/2022\\\/04\\\/07\\\/peskov-imamo-znacajne-gubitke-u-ukrajini-a-scene-iz-buce-su-lazne-novinar-to-je-groteskno\\\/#article\",\"isPartOf\":{\"@id\":\"https:\\\/\\\/radioljubuski.ba\\\/index.php\\\/2022\\\/04\\\/07\\\/peskov-imamo-znacajne-gubitke-u-ukrajini-a-scene-iz-buce-su-lazne-novinar-to-je-groteskno\\\/\"},\"author\":{\"name\":\"Radio Ljubu\u0161ki\",\"@id\":\"https:\\\/\\\/radioljubuski.ba\\\/#\\\/schema\\\/person\\\/19fc700381a780f69665d7956c469e3b\"},\"headline\":\"Peskov: \u2018Imamo zna\u010dajne gubitke u Ukrajini, a scene iz Bu\u010de su la\u017ene\u2018; Novinar: \u2018To je groteskno!\u2018\",\"datePublished\":\"2022-04-07T21:50:11+00:00\",\"dateModified\":\"2022-04-07T21:50:12+00:00\",\"mainEntityOfPage\":{\"@id\":\"https:\\\/\\\/radioljubuski.ba\\\/index.php\\\/2022\\\/04\\\/07\\\/peskov-imamo-znacajne-gubitke-u-ukrajini-a-scene-iz-buce-su-lazne-novinar-to-je-groteskno\\\/\"},\"wordCount\":284,\"publisher\":{\"@id\":\"https:\\\/\\\/radioljubuski.ba\\\/#organization\"},\"image\":{\"@id\":\"https:\\\/\\\/radioljubuski.ba\\\/index.php\\\/2022\\\/04\\\/07\\\/peskov-imamo-znacajne-gubitke-u-ukrajini-a-scene-iz-buce-su-lazne-novinar-to-je-groteskno\\\/#primaryimage\"},\"thumbnailUrl\":\"https:\\\/\\\/radioljubuski.ba\\\/wp-content\\\/uploads\\\/2022\\\/04\\\/peskov.jpg\",\"articleSection\":[\"BIH i regija\"],\"inLanguage\":\"hr\"},{\"@type\":\"WebPage\",\"@id\":\"https:\\\/\\\/radioljubuski.ba\\\/index.php\\\/2022\\\/04\\\/07\\\/peskov-imamo-znacajne-gubitke-u-ukrajini-a-scene-iz-buce-su-lazne-novinar-to-je-groteskno\\\/\",\"url\":\"https:\\\/\\\/radioljubuski.ba\\\/index.php\\\/2022\\\/04\\\/07\\\/peskov-imamo-znacajne-gubitke-u-ukrajini-a-scene-iz-buce-su-lazne-novinar-to-je-groteskno\\\/\",\"name\":\"Peskov: \u2018Imamo zna\u010dajne gubitke u Ukrajini, a scene iz Bu\u010de su la\u017ene\u2018; Novinar: \u2018To je groteskno!\u2018 - RADIO LJUBU\u0160KI\",\"isPartOf\":{\"@id\":\"https:\\\/\\\/radioljubuski.ba\\\/#website\"},\"primaryImageOfPage\":{\"@id\":\"https:\\\/\\\/radioljubuski.ba\\\/index.php\\\/2022\\\/04\\\/07\\\/peskov-imamo-znacajne-gubitke-u-ukrajini-a-scene-iz-buce-su-lazne-novinar-to-je-groteskno\\\/#primaryimage\"},\"image\":{\"@id\":\"https:\\\/\\\/radioljubuski.ba\\\/index.php\\\/2022\\\/04\\\/07\\\/peskov-imamo-znacajne-gubitke-u-ukrajini-a-scene-iz-buce-su-lazne-novinar-to-je-groteskno\\\/#primaryimage\"},\"thumbnailUrl\":\"https:\\\/\\\/radioljubuski.ba\\\/wp-content\\\/uploads\\\/2022\\\/04\\\/peskov.jpg\",\"datePublished\":\"2022-04-07T21:50:11+00:00\",\"dateModified\":\"2022-04-07T21:50:12+00:00\",\"breadcrumb\":{\"@id\":\"https:\\\/\\\/radioljubuski.ba\\\/index.php\\\/2022\\\/04\\\/07\\\/peskov-imamo-znacajne-gubitke-u-ukrajini-a-scene-iz-buce-su-lazne-novinar-to-je-groteskno\\\/#breadcrumb\"},\"inLanguage\":\"hr\",\"potentialAction\":[{\"@type\":\"ReadAction\",\"target\":[\"https:\\\/\\\/radioljubuski.ba\\\/index.php\\\/2022\\\/04\\\/07\\\/peskov-imamo-znacajne-gubitke-u-ukrajini-a-scene-iz-buce-su-lazne-novinar-to-je-groteskno\\\/\"]}]},{\"@type\":\"ImageObject\",\"inLanguage\":\"hr\",\"@id\":\"https:\\\/\\\/radioljubuski.ba\\\/index.php\\\/2022\\\/04\\\/07\\\/peskov-imamo-znacajne-gubitke-u-ukrajini-a-scene-iz-buce-su-lazne-novinar-to-je-groteskno\\\/#primaryimage\",\"url\":\"https:\\\/\\\/radioljubuski.ba\\\/wp-content\\\/uploads\\\/2022\\\/04\\\/peskov.jpg\",\"contentUrl\":\"https:\\\/\\\/radioljubuski.ba\\\/wp-content\\\/uploads\\\/2022\\\/04\\\/peskov.jpg\",\"width\":1000,\"height\":625},{\"@type\":\"BreadcrumbList\",\"@id\":\"https:\\\/\\\/radioljubuski.ba\\\/index.php\\\/2022\\\/04\\\/07\\\/peskov-imamo-znacajne-gubitke-u-ukrajini-a-scene-iz-buce-su-lazne-novinar-to-je-groteskno\\\/#breadcrumb\",\"itemListElement\":[{\"@type\":\"ListItem\",\"position\":1,\"name\":\"Po\u010detna stranica\",\"item\":\"https:\\\/\\\/radioljubuski.ba\\\/\"},{\"@type\":\"ListItem\",\"position\":2,\"name\":\"Peskov: \u2018Imamo zna\u010dajne gubitke u Ukrajini, a scene iz Bu\u010de su la\u017ene\u2018; Novinar: \u2018To je groteskno!\u2018\"}]},{\"@type\":\"WebSite\",\"@id\":\"https:\\\/\\\/radioljubuski.ba\\\/#website\",\"url\":\"https:\\\/\\\/radioljubuski.ba\\\/\",\"name\":\"Radio Ljubu\u0161ki\",\"description\":\"Sun\u010dana frekvencija Hercegovine\",\"publisher\":{\"@id\":\"https:\\\/\\\/radioljubuski.ba\\\/#organization\"},\"potentialAction\":[{\"@type\":\"SearchAction\",\"target\":{\"@type\":\"EntryPoint\",\"urlTemplate\":\"https:\\\/\\\/radioljubuski.ba\\\/?s={search_term_string}\"},\"query-input\":{\"@type\":\"PropertyValueSpecification\",\"valueRequired\":true,\"valueName\":\"search_term_string\"}}],\"inLanguage\":\"hr\"},{\"@type\":\"Organization\",\"@id\":\"https:\\\/\\\/radioljubuski.ba\\\/#organization\",\"name\":\"Radio Ljubu\u0161ki\",\"url\":\"https:\\\/\\\/radioljubuski.ba\\\/\",\"logo\":{\"@type\":\"ImageObject\",\"inLanguage\":\"hr\",\"@id\":\"https:\\\/\\\/radioljubuski.ba\\\/#\\\/schema\\\/logo\\\/image\\\/\",\"url\":\"https:\\\/\\\/radioljubuski.ba\\\/wp-content\\\/uploads\\\/2021\\\/02\\\/cropped-Radio_Ljubuski_logo1.jpg\",\"contentUrl\":\"https:\\\/\\\/radioljubuski.ba\\\/wp-content\\\/uploads\\\/2021\\\/02\\\/cropped-Radio_Ljubuski_logo1.jpg\",\"width\":512,\"height\":512,\"caption\":\"Radio Ljubu\u0161ki\"},\"image\":{\"@id\":\"https:\\\/\\\/radioljubuski.ba\\\/#\\\/schema\\\/logo\\\/image\\\/\"},\"sameAs\":[\"https:\\\/\\\/www.facebook.com\\\/Radiio-Ljubuski-1490835324566332\",\"https:\\\/\\\/x.com\\\/radioljubuski\",\"https:\\\/\\\/hr.linkedin.com\\\/company\\\/radio-ljubuski\",\"https:\\\/\\\/www.youtube.com\\\/channel\\\/UCHYaeO_n0Db3tjNGudGpXyw\"]},{\"@type\":\"Person\",\"@id\":\"https:\\\/\\\/radioljubuski.ba\\\/#\\\/schema\\\/person\\\/19fc700381a780f69665d7956c469e3b\",\"name\":\"Radio Ljubu\u0161ki\"}]}<\/script>\n<!-- \/ Yoast SEO plugin. -->","yoast_head_json":{"title":"Peskov: \u2018Imamo zna\u010dajne gubitke u Ukrajini, a scene iz Bu\u010de su la\u017ene\u2018; Novinar: \u2018To je groteskno!\u2018 - RADIO LJUBU\u0160KI","robots":{"index":"index","follow":"follow","max-snippet":"max-snippet:-1","max-image-preview":"max-image-preview:large","max-video-preview":"max-video-preview:-1"},"canonical":"https:\/\/radioljubuski.ba\/index.php\/2022\/04\/07\/peskov-imamo-znacajne-gubitke-u-ukrajini-a-scene-iz-buce-su-lazne-novinar-to-je-groteskno\/","og_locale":"hr_HR","og_type":"article","og_title":"Peskov: \u2018Imamo zna\u010dajne gubitke u Ukrajini, a scene iz Bu\u010de su la\u017ene\u2018; Novinar: \u2018To je groteskno!\u2018 - RADIO LJUBU\u0160KI","og_description":"Glasnogovornik Kremlja&nbsp;Dmitrij Peskov&nbsp;rekao je u \u010detvrtak da je Rusija pretrpjela &#8220;zna\u010dajne gubitke&#8221; u Ukrajini. Rusko ministarstvo obrane objavilo je 25. o\u017eujka da je od po\u010detka, kako to Moskva naziva, &#8220;posebne vojne operacije&#8221; u Ukrajini, poginuo 1351 ruski vojnik, a 3825 je ranjeno. To su zadnji ruski slu\u017ebeni podaci. Njema\u010dki kancelar&nbsp;Olaf Scholz&nbsp;rekao je dva dana poslije [&hellip;]","og_url":"https:\/\/radioljubuski.ba\/index.php\/2022\/04\/07\/peskov-imamo-znacajne-gubitke-u-ukrajini-a-scene-iz-buce-su-lazne-novinar-to-je-groteskno\/","og_site_name":"RADIO LJUBU\u0160KI","article_publisher":"https:\/\/www.facebook.com\/Radiio-Ljubuski-1490835324566332","article_published_time":"2022-04-07T21:50:11+00:00","article_modified_time":"2022-04-07T21:50:12+00:00","og_image":[{"width":1000,"height":625,"url":"https:\/\/radioljubuski.ba\/wp-content\/uploads\/2022\/04\/peskov.jpg","type":"image\/jpeg"}],"author":"Radio Ljubu\u0161ki","twitter_card":"summary_large_image","twitter_creator":"@radioljubuski","twitter_site":"@radioljubuski","twitter_misc":{"Napisao\/la":"Radio Ljubu\u0161ki","Procijenjeno vrijeme \u010ditanja":"1 minuta"},"schema":{"@context":"https:\/\/schema.org","@graph":[{"@type":"Article","@id":"https:\/\/radioljubuski.ba\/index.php\/2022\/04\/07\/peskov-imamo-znacajne-gubitke-u-ukrajini-a-scene-iz-buce-su-lazne-novinar-to-je-groteskno\/#article","isPartOf":{"@id":"https:\/\/radioljubuski.ba\/index.php\/2022\/04\/07\/peskov-imamo-znacajne-gubitke-u-ukrajini-a-scene-iz-buce-su-lazne-novinar-to-je-groteskno\/"},"author":{"name":"Radio Ljubu\u0161ki","@id":"https:\/\/radioljubuski.ba\/#\/schema\/person\/19fc700381a780f69665d7956c469e3b"},"headline":"Peskov: \u2018Imamo zna\u010dajne gubitke u Ukrajini, a scene iz Bu\u010de su la\u017ene\u2018; Novinar: \u2018To je groteskno!\u2018","datePublished":"2022-04-07T21:50:11+00:00","dateModified":"2022-04-07T21:50:12+00:00","mainEntityOfPage":{"@id":"https:\/\/radioljubuski.ba\/index.php\/2022\/04\/07\/peskov-imamo-znacajne-gubitke-u-ukrajini-a-scene-iz-buce-su-lazne-novinar-to-je-groteskno\/"},"wordCount":284,"publisher":{"@id":"https:\/\/radioljubuski.ba\/#organization"},"image":{"@id":"https:\/\/radioljubuski.ba\/index.php\/2022\/04\/07\/peskov-imamo-znacajne-gubitke-u-ukrajini-a-scene-iz-buce-su-lazne-novinar-to-je-groteskno\/#primaryimage"},"thumbnailUrl":"https:\/\/radioljubuski.ba\/wp-content\/uploads\/2022\/04\/peskov.jpg","articleSection":["BIH i regija"],"inLanguage":"hr"},{"@type":"WebPage","@id":"https:\/\/radioljubuski.ba\/index.php\/2022\/04\/07\/peskov-imamo-znacajne-gubitke-u-ukrajini-a-scene-iz-buce-su-lazne-novinar-to-je-groteskno\/","url":"https:\/\/radioljubuski.ba\/index.php\/2022\/04\/07\/peskov-imamo-znacajne-gubitke-u-ukrajini-a-scene-iz-buce-su-lazne-novinar-to-je-groteskno\/","name":"Peskov: \u2018Imamo zna\u010dajne gubitke u Ukrajini, a scene iz Bu\u010de su la\u017ene\u2018; Novinar: \u2018To je groteskno!\u2018 - RADIO LJUBU\u0160KI","isPartOf":{"@id":"https:\/\/radioljubuski.ba\/#website"},"primaryImageOfPage":{"@id":"https:\/\/radioljubuski.ba\/index.php\/2022\/04\/07\/peskov-imamo-znacajne-gubitke-u-ukrajini-a-scene-iz-buce-su-lazne-novinar-to-je-groteskno\/#primaryimage"},"image":{"@id":"https:\/\/radioljubuski.ba\/index.php\/2022\/04\/07\/peskov-imamo-znacajne-gubitke-u-ukrajini-a-scene-iz-buce-su-lazne-novinar-to-je-groteskno\/#primaryimage"},"thumbnailUrl":"https:\/\/radioljubuski.ba\/wp-content\/uploads\/2022\/04\/peskov.jpg","datePublished":"2022-04-07T21:50:11+00:00","dateModified":"2022-04-07T21:50:12+00:00","breadcrumb":{"@id":"https:\/\/radioljubuski.ba\/index.php\/2022\/04\/07\/peskov-imamo-znacajne-gubitke-u-ukrajini-a-scene-iz-buce-su-lazne-novinar-to-je-groteskno\/#breadcrumb"},"inLanguage":"hr","potentialAction":[{"@type":"ReadAction","target":["https:\/\/radioljubuski.ba\/index.php\/2022\/04\/07\/peskov-imamo-znacajne-gubitke-u-ukrajini-a-scene-iz-buce-su-lazne-novinar-to-je-groteskno\/"]}]},{"@type":"ImageObject","inLanguage":"hr","@id":"https:\/\/radioljubuski.ba\/index.php\/2022\/04\/07\/peskov-imamo-znacajne-gubitke-u-ukrajini-a-scene-iz-buce-su-lazne-novinar-to-je-groteskno\/#primaryimage","url":"https:\/\/radioljubuski.ba\/wp-content\/uploads\/2022\/04\/peskov.jpg","contentUrl":"https:\/\/radioljubuski.ba\/wp-content\/uploads\/2022\/04\/peskov.jpg","width":1000,"height":625},{"@type":"BreadcrumbList","@id":"https:\/\/radioljubuski.ba\/index.php\/2022\/04\/07\/peskov-imamo-znacajne-gubitke-u-ukrajini-a-scene-iz-buce-su-lazne-novinar-to-je-groteskno\/#breadcrumb","itemListElement":[{"@type":"ListItem","position":1,"name":"Po\u010detna stranica","item":"https:\/\/radioljubuski.ba\/"},{"@type":"ListItem","position":2,"name":"Peskov: \u2018Imamo zna\u010dajne gubitke u Ukrajini, a scene iz Bu\u010de su la\u017ene\u2018; Novinar: \u2018To je groteskno!\u2018"}]},{"@type":"WebSite","@id":"https:\/\/radioljubuski.ba\/#website","url":"https:\/\/radioljubuski.ba\/","name":"Radio Ljubu\u0161ki","description":"Sun\u010dana frekvencija Hercegovine","publisher":{"@id":"https:\/\/radioljubuski.ba\/#organization"},"potentialAction":[{"@type":"SearchAction","target":{"@type":"EntryPoint","urlTemplate":"https:\/\/radioljubuski.ba\/?s={search_term_string}"},"query-input":{"@type":"PropertyValueSpecification","valueRequired":true,"valueName":"search_term_string"}}],"inLanguage":"hr"},{"@type":"Organization","@id":"https:\/\/radioljubuski.ba\/#organization","name":"Radio Ljubu\u0161ki","url":"https:\/\/radioljubuski.ba\/","logo":{"@type":"ImageObject","inLanguage":"hr","@id":"https:\/\/radioljubuski.ba\/#\/schema\/logo\/image\/","url":"https:\/\/radioljubuski.ba\/wp-content\/uploads\/2021\/02\/cropped-Radio_Ljubuski_logo1.jpg","contentUrl":"https:\/\/radioljubuski.ba\/wp-content\/uploads\/2021\/02\/cropped-Radio_Ljubuski_logo1.jpg","width":512,"height":512,"caption":"Radio Ljubu\u0161ki"},"image":{"@id":"https:\/\/radioljubuski.ba\/#\/schema\/logo\/image\/"},"sameAs":["https:\/\/www.facebook.com\/Radiio-Ljubuski-1490835324566332","https:\/\/x.com\/radioljubuski","https:\/\/hr.linkedin.com\/company\/radio-ljubuski","https:\/\/www.youtube.com\/channel\/UCHYaeO_n0Db3tjNGudGpXyw"]},{"@type":"Person","@id":"https:\/\/radioljubuski.ba\/#\/schema\/person\/19fc700381a780f69665d7956c469e3b","name":"Radio Ljubu\u0161ki"}]}},"_links":{"self":[{"href":"https:\/\/radioljubuski.ba\/index.php\/wp-json\/wp\/v2\/posts\/130282","targetHints":{"allow":["GET"]}}],"collection":[{"href":"https:\/\/radioljubuski.ba\/index.php\/wp-json\/wp\/v2\/posts"}],"about":[{"href":"https:\/\/radioljubuski.ba\/index.php\/wp-json\/wp\/v2\/types\/post"}],"author":[{"embeddable":true,"href":"https:\/\/radioljubuski.ba\/index.php\/wp-json\/wp\/v2\/users\/2"}],"replies":[{"embeddable":true,"href":"https:\/\/radioljubuski.ba\/index.php\/wp-json\/wp\/v2\/comments?post=130282"}],"version-history":[{"count":1,"href":"https:\/\/radioljubuski.ba\/index.php\/wp-json\/wp\/v2\/posts\/130282\/revisions"}],"predecessor-version":[{"id":130284,"href":"https:\/\/radioljubuski.ba\/index.php\/wp-json\/wp\/v2\/posts\/130282\/revisions\/130284"}],"wp:featuredmedia":[{"embeddable":true,"href":"https:\/\/radioljubuski.ba\/index.php\/wp-json\/wp\/v2\/media\/130283"}],"wp:attachment":[{"href":"https:\/\/radioljubuski.ba\/index.php\/wp-json\/wp\/v2\/media?parent=130282"}],"wp:term":[{"taxonomy":"category","embeddable":true,"href":"https:\/\/radioljubuski.ba\/index.php\/wp-json\/wp\/v2\/categories?post=130282"},{"taxonomy":"post_tag","embeddable":true,"href":"https:\/\/radioljubuski.ba\/index.php\/wp-json\/wp\/v2\/tags?post=130282"}],"curies":[{"name":"wp","href":"https:\/\/api.w.org\/{rel}","templated":true}]}}